{"id":27225,"date":"2025-01-24T15:41:34","date_gmt":"2025-01-24T12:41:34","guid":{"rendered":"https:\/\/denizcankizil.tr\/uncategorized-tr\/bursa-pomemde-388-bekci-yeminle-goreve-basladi\/"},"modified":"2025-01-24T15:41:34","modified_gmt":"2025-01-24T12:41:34","slug":"bursa-pomemde-388-bekci-yeminle-goreve-basladi","status":"publish","type":"post","link":"https:\/\/denizcankizil.tr\/de\/haberler\/gundem\/bursa-pomemde-388-bekci-yeminle-goreve-basladi\/","title":{"rendered":"Bursa POMEM&#8217;de 388 bek\u00e7i yeminle g\u00f6reve ba\u015flad\u0131"},"content":{"rendered":"<p>Polis Akademisi 2022\/1 ve 2023\/1. D\u00f6nem \u00c7ar\u015f\u0131 ve Mahalle Bek\u00e7ili\u011fi Mezuniyet T\u00f6renini Bursa Polis Meslek E\u011fitim Merkezi (POMEM)&#8217;nde ger\u00e7ekle\u015ftirildi.BURSA (\u0130GFA) &#8211;\u00a0 Bursa POMEM&#8217;deki \u00c7ar\u015f\u0131 ve Mahalle Bek\u00e7ili\u011fi mezuniyet t\u00f6renine \u0130\u00e7i\u015fleri Bakan Yard\u0131mc\u0131s\u0131 Mehmet Sa\u011flam, Emniyet Genel M\u00fcd\u00fcr\u00fc Mahmut Demirta\u015f, Bursa Valisi Erol Ayy\u0131ld\u0131z ile il protokol\u00fc kat\u0131ld\u0131.<br \/>\n2022\/1 ve 2023\/1. d\u00f6nemlerinden mezun olan 388 \u00e7ar\u015f\u0131 ve mahalle bek\u00e7isi t\u00f6renle Emniyet Te\u015fkilat\u0131 saflar\u0131na kat\u0131ld\u0131.<br \/>\nBursa POMEM&#8217;de d\u00fczenlenen t\u00f6rende konu\u015fan \u0130\u00e7i\u015fleri Bakan Yard\u0131mc\u0131s\u0131 Mehmet Sa\u011flam, Bursa&#8217;daki 388 \u00c7ar\u015f\u0131 ve Mahalle Bek\u00e7isi ile birlikte toplam 30 bin 927 \u00e7ar\u015f\u0131 ve mahalle bek\u00e7isinin T\u00fcrkiye\u2019nin huzur ve g\u00fcvenli\u011fi i\u00e7in canla ba\u015fla \u00e7al\u0131\u015fmaya devam edece\u011fini ve milletin emrinde olaca\u011f\u0131n\u0131 s\u00f6yledi. Yeni bek\u00e7ilere seslenen Bakan Yard\u0131mc\u0131s\u0131 Sa\u011flam, &#8220;Meslek hayat\u0131n\u0131z boyunca kanundan, hukuktan, etik ilkelerden, ahlaktan ve sizlere daima do\u011fru yolu g\u00f6sterecek \u201cvicdan pusulan\u0131zdan\u201d katiyen ayr\u0131lmamal\u0131s\u0131n\u0131z. Adaletle, merhametle ve vicdanla hareket etmelisiniz. G\u00f6revinizi yerine getirirken tarafs\u0131z ve adil olmal\u0131s\u0131n\u0131z.\u00a0Vatanda\u015flar\u0131m\u0131z\u0131n sizlerden beklentisi; sokaklarda, mahallelerde genel kollu\u011fa yard\u0131mc\u0131 olarak huzur ve g\u00fcvenli\u011fin sa\u011flanmas\u0131d\u0131r. \u00a0Mahallenin g\u00f6z\u00fc, kula\u011f\u0131 ve g\u00fcven kayna\u011f\u0131 olman\u0131zd\u0131r. Sadece g\u00fcvenlikle s\u0131n\u0131rl\u0131 olmadan, her an yanlar\u0131nda oldu\u011funu hissettirmenizdir&#8221; diyerek,\u00a0mezuniyetlerin\u00a0kutlu, yollar\u0131 ve bahtlar\u0131n\u0131n ise a\u00e7\u0131k olmas\u0131n\u0131 diledi.<\/p>\n<p>Daha sonra Emniyet Te\u015fkilat\u0131 saflar\u0131na kat\u0131lan yeni mezunlar belgelerini kat\u0131l\u0131mc\u0131 protokol\u00fcn elinden ald\u0131lar.<\/p>\n<p>\u200bPolis Akademisi 2022\/1 ve 2023\/1. D\u00f6nem \u00c7ar\u015f\u0131 ve Mahalle Bek\u00e7ili\u011fi Mezuniyet T\u00f6renini Bursa Polis Meslek E\u011fitim Merkezi (POMEM)&#8217;nde ger\u00e7ekle\u015ftirildi.BURSA (\u0130GFA) &#8211;\u00a0 Bursa POMEM&#8217;deki \u00c7ar\u015f\u0131 ve Mahalle Bek\u00e7ili\u011fi mezuniyet t\u00f6renine \u0130\u00e7i\u015fleri Bakan Yard\u0131mc\u0131s\u0131 Mehmet Sa\u011flam, Emniyet Genel M\u00fcd\u00fcr\u00fc Mahmut Demirta\u015f, Bursa Valisi Erol Ayy\u0131ld\u0131z ile il protokol\u00fc kat\u0131ld\u0131.<br \/>\n2022\/1 ve 2023\/1. d\u00f6nemlerinden mezun olan 388 \u00e7ar\u015f\u0131 ve mahalle bek\u00e7isi t\u00f6renle Emniyet Te\u015fkilat\u0131 saflar\u0131na kat\u0131ld\u0131.<br \/>\nBursa POMEM&#8217;de d\u00fczenlenen t\u00f6rende konu\u015fan \u0130\u00e7i\u015fleri Bakan Yard\u0131mc\u0131s\u0131 Mehmet Sa\u011flam, Bursa&#8217;daki 388 \u00c7ar\u015f\u0131 ve Mahalle Bek\u00e7isi ile birlikte toplam 30 bin 927 \u00e7ar\u015f\u0131 ve mahalle bek\u00e7isinin T\u00fcrkiye\u2019nin huzur ve g\u00fcvenli\u011fi i\u00e7in canla ba\u015fla \u00e7al\u0131\u015fmaya devam edece\u011fini ve milletin emrinde olaca\u011f\u0131n\u0131 s\u00f6yledi. Yeni bek\u00e7ilere seslenen Bakan Yard\u0131mc\u0131s\u0131 Sa\u011flam, &#8220;Meslek hayat\u0131n\u0131z boyunca kanundan, hukuktan, etik ilkelerden, ahlaktan ve sizlere daima do\u011fru yolu g\u00f6sterecek \u201cvicdan pusulan\u0131zdan\u201d katiyen ayr\u0131lmamal\u0131s\u0131n\u0131z. Adaletle, merhametle ve vicdanla hareket etmelisiniz. G\u00f6revinizi yerine getirirken tarafs\u0131z ve adil olmal\u0131s\u0131n\u0131z.\u00a0Vatanda\u015flar\u0131m\u0131z\u0131n sizlerden beklentisi; sokaklarda, mahallelerde genel kollu\u011fa yard\u0131mc\u0131 olarak huzur ve g\u00fcvenli\u011fin sa\u011flanmas\u0131d\u0131r. \u00a0Mahallenin g\u00f6z\u00fc, kula\u011f\u0131 ve g\u00fcven kayna\u011f\u0131 olman\u0131zd\u0131r. Sadece g\u00fcvenlikle s\u0131n\u0131rl\u0131 olmadan, her an yanlar\u0131nda oldu\u011funu hissettirmenizdir&#8221; diyerek,\u00a0mezuniyetlerin\u00a0kutlu, yollar\u0131 ve bahtlar\u0131n\u0131n ise a\u00e7\u0131k olmas\u0131n\u0131 diledi.<\/p>\n<p>Daha sonra Emniyet Te\u015fkilat\u0131 saflar\u0131na kat\u0131lan yeni mezunlar belgelerini kat\u0131l\u0131mc\u0131 protokol\u00fcn elinden ald\u0131lar.\u00a0<\/p>\n<p>\u200bHaberin Al\u0131nt\u0131land\u0131\u011f\u0131 Kaynak: www.iskenderun.org<\/p>","protected":false},"excerpt":{"rendered":"<p>Polis Akademisi 2022\/1 ve 2023\/1. D\u00f6nem \u00c7ar\u015f\u0131 ve Mahalle Bek\u00e7ili\u011fi Mezuniyet T\u00f6renini Bursa Polis Meslek E\u011fitim Merkezi (POMEM)&#8217;nde ger\u00e7ekle\u015ftirildi.BURSA (\u0130GFA) &#8211;\u00a0 Bursa POMEM&#8217;deki \u00c7ar\u015f\u0131 ve Mahalle Bek\u00e7ili\u011fi mezuniyet t\u00f6renine \u0130\u00e7i\u015fleri Bakan Yard\u0131mc\u0131s\u0131 Mehmet Sa\u011flam, Emniyet Genel M\u00fcd\u00fcr\u00fc Mahmut Demirta\u015f, Bursa Valisi Erol Ayy\u0131ld\u0131z ile il protokol\u00fc kat\u0131ld\u0131. 2022\/1 ve 2023\/1. d\u00f6nemlerinden mezun olan 388 \u00e7ar\u015f\u0131 ve mahalle bek\u00e7isi t\u00f6renle Emniyet Te\u015fkilat\u0131 saflar\u0131na kat\u0131ld\u0131. Bursa POMEM&#8217;de d\u00fczenlenen t\u00f6rende konu\u015fan \u0130\u00e7i\u015fleri Bakan Yard\u0131mc\u0131s\u0131 Mehmet Sa\u011flam, Bursa&#8217;daki 388 \u00c7ar\u015f\u0131 ve Mahalle Bek\u00e7isi ile birlikte toplam 30 bin 927 \u00e7ar\u015f\u0131 ve mahalle bek\u00e7isinin T\u00fcrkiye\u2019nin huzur ve g\u00fcvenli\u011fi i\u00e7in canla ba\u015fla \u00e7al\u0131\u015fmaya devam edece\u011fini ve milletin emrinde olaca\u011f\u0131n\u0131 s\u00f6yledi. Yeni bek\u00e7ilere seslenen Bakan Yard\u0131mc\u0131s\u0131 Sa\u011flam, &#8220;Meslek hayat\u0131n\u0131z boyunca kanundan, hukuktan, etik ilkelerden, ahlaktan ve sizlere daima do\u011fru yolu g\u00f6sterecek \u201cvicdan pusulan\u0131zdan\u201d katiyen ayr\u0131lmamal\u0131s\u0131n\u0131z. Adaletle, merhametle ve vicdanla hareket etmelisiniz. G\u00f6revinizi yerine getirirken tarafs\u0131z ve adil olmal\u0131s\u0131n\u0131z.\u00a0Vatanda\u015flar\u0131m\u0131z\u0131n sizlerden beklentisi; sokaklarda, mahallelerde genel kollu\u011fa yard\u0131mc\u0131 olarak huzur ve g\u00fcvenli\u011fin sa\u011flanmas\u0131d\u0131r. \u00a0Mahallenin g\u00f6z\u00fc, kula\u011f\u0131 ve g\u00fcven kayna\u011f\u0131 olman\u0131zd\u0131r. Sadece g\u00fcvenlikle s\u0131n\u0131rl\u0131 olmadan, her an yanlar\u0131nda oldu\u011funu hissettirmenizdir&#8221; diyerek,\u00a0mezuniyetlerin\u00a0kutlu, yollar\u0131 ve bahtlar\u0131n\u0131n ise a\u00e7\u0131k olmas\u0131n\u0131 diledi. Daha sonra Emniyet Te\u015fkilat\u0131 saflar\u0131na kat\u0131lan yeni mezunlar belgelerini kat\u0131l\u0131mc\u0131 protokol\u00fcn elinden ald\u0131lar. \u200bPolis Akademisi 2022\/1 ve 2023\/1. D\u00f6nem \u00c7ar\u015f\u0131 ve Mahalle Bek\u00e7ili\u011fi &hellip;<\/p>","protected":false},"author":1,"featured_media":0,"comment_status":"open","ping_status":"open","sticky":false,"template":"","format":"standard","meta":{"_acf_changed":false,"footnotes":""},"categories":[24],"tags":[],"class_list":["post-27225","post","type-post","status-publish","format-standard","has-post-thumbnail","hentry","category-gundem"],"acf":[],"yoast_head":"<!-- This site is optimized with the Yoast SEO Premium plugin v26.6 (Yoast SEO v27.1.1) - https:\/\/yoast.com\/product\/yoast-seo-premium-wordpress\/ -->\n<title>Bursa POMEM&#039;de 388 bek\u00e7i yeminle g\u00f6reve ba\u015flad\u0131 - Av. Deniz Can K\u0131z\u0131l<\/title>\n<meta name=\"robots\" content=\"index, follow, max-snippet:-1, max-image-preview:large, max-video-preview:-1\" \/>\n<link rel=\"canonical\" href=\"https:\/\/denizcankizil.tr\/de\/haberler\/gundem\/bursa-pomemde-388-bekci-yeminle-goreve-basladi\/\" \/>\n<meta property=\"og:locale\" content=\"de_DE\" \/>\n<meta property=\"og:type\" content=\"article\" \/>\n<meta property=\"og:title\" content=\"Bursa POMEM&#039;de 388 bek\u00e7i yeminle g\u00f6reve ba\u015flad\u0131\" \/>\n<meta property=\"og:description\" content=\"Polis Akademisi 2022\/1 ve 2023\/1. D\u00f6nem \u00c7ar\u015f\u0131 ve Mahalle Bek\u00e7ili\u011fi Mezuniyet T\u00f6renini Bursa Polis Meslek E\u011fitim Merkezi (POMEM)&#8217;nde ger\u00e7ekle\u015ftirildi.BURSA (\u0130GFA) &#8211;\u00a0 Bursa POMEM&#8217;deki \u00c7ar\u015f\u0131 ve Mahalle Bek\u00e7ili\u011fi mezuniyet t\u00f6renine \u0130\u00e7i\u015fleri Bakan Yard\u0131mc\u0131s\u0131 Mehmet Sa\u011flam, Emniyet Genel M\u00fcd\u00fcr\u00fc Mahmut Demirta\u015f, Bursa Valisi Erol Ayy\u0131ld\u0131z ile il protokol\u00fc kat\u0131ld\u0131. 2022\/1 ve 2023\/1. d\u00f6nemlerinden mezun olan 388 \u00e7ar\u015f\u0131 ve mahalle bek\u00e7isi t\u00f6renle Emniyet Te\u015fkilat\u0131 saflar\u0131na kat\u0131ld\u0131. Bursa POMEM&#8217;de d\u00fczenlenen t\u00f6rende konu\u015fan \u0130\u00e7i\u015fleri Bakan Yard\u0131mc\u0131s\u0131 Mehmet Sa\u011flam, Bursa&#8217;daki 388 \u00c7ar\u015f\u0131 ve Mahalle Bek\u00e7isi ile birlikte toplam 30 bin 927 \u00e7ar\u015f\u0131 ve mahalle bek\u00e7isinin T\u00fcrkiye\u2019nin huzur ve g\u00fcvenli\u011fi i\u00e7in canla ba\u015fla \u00e7al\u0131\u015fmaya devam edece\u011fini ve milletin emrinde olaca\u011f\u0131n\u0131 s\u00f6yledi. Yeni bek\u00e7ilere seslenen Bakan Yard\u0131mc\u0131s\u0131 Sa\u011flam, &#8220;Meslek hayat\u0131n\u0131z boyunca kanundan, hukuktan, etik ilkelerden, ahlaktan ve sizlere daima do\u011fru yolu g\u00f6sterecek \u201cvicdan pusulan\u0131zdan\u201d katiyen ayr\u0131lmamal\u0131s\u0131n\u0131z. Adaletle, merhametle ve vicdanla hareket etmelisiniz. G\u00f6revinizi yerine getirirken tarafs\u0131z ve adil olmal\u0131s\u0131n\u0131z.\u00a0Vatanda\u015flar\u0131m\u0131z\u0131n sizlerden beklentisi; sokaklarda, mahallelerde genel kollu\u011fa yard\u0131mc\u0131 olarak huzur ve g\u00fcvenli\u011fin sa\u011flanmas\u0131d\u0131r. \u00a0Mahallenin g\u00f6z\u00fc, kula\u011f\u0131 ve g\u00fcven kayna\u011f\u0131 olman\u0131zd\u0131r. Sadece g\u00fcvenlikle s\u0131n\u0131rl\u0131 olmadan, her an yanlar\u0131nda oldu\u011funu hissettirmenizdir&#8221; diyerek,\u00a0mezuniyetlerin\u00a0kutlu, yollar\u0131 ve bahtlar\u0131n\u0131n ise a\u00e7\u0131k olmas\u0131n\u0131 diledi. Daha sonra Emniyet Te\u015fkilat\u0131 saflar\u0131na kat\u0131lan yeni mezunlar belgelerini kat\u0131l\u0131mc\u0131 protokol\u00fcn elinden ald\u0131lar. \u200bPolis Akademisi 2022\/1 ve 2023\/1. D\u00f6nem \u00c7ar\u015f\u0131 ve Mahalle Bek\u00e7ili\u011fi &hellip;\" \/>\n<meta property=\"og:url\" content=\"https:\/\/denizcankizil.tr\/de\/haberler\/gundem\/bursa-pomemde-388-bekci-yeminle-goreve-basladi\/\" \/>\n<meta property=\"og:site_name\" content=\"Av. Deniz Can K\u0131z\u0131l\" \/>\n<meta property=\"article:published_time\" content=\"2025-01-24T12:41:34+00:00\" \/>\n<meta name=\"author\" content=\"admin\" \/>\n<meta name=\"twitter:card\" content=\"summary_large_image\" \/>\n<meta name=\"twitter:label1\" content=\"Verfasst von\" \/>\n\t<meta name=\"twitter:data1\" content=\"admin\" \/>\n\t<meta name=\"twitter:label2\" content=\"Gesch\u00e4tzte Lesezeit\" \/>\n\t<meta name=\"twitter:data2\" content=\"3\u00a0Minuten\" \/>\n<script type=\"application\/ld+json\" class=\"yoast-schema-graph\">{\"@context\":\"https:\/\/schema.org\",\"@graph\":[{\"@type\":\"Article\",\"@id\":\"https:\/\/denizcankizil.tr\/de\/haberler\/gundem\/bursa-pomemde-388-bekci-yeminle-goreve-basladi\/#article\",\"isPartOf\":{\"@id\":\"https:\/\/denizcankizil.tr\/de\/haberler\/gundem\/bursa-pomemde-388-bekci-yeminle-goreve-basladi\/\"},\"author\":{\"name\":\"admin\",\"@id\":\"https:\/\/denizcankizil.tr\/#\/schema\/person\/be3c05fe6a12686905512445d8185489\"},\"headline\":\"Bursa POMEM&#8217;de 388 bek\u00e7i yeminle g\u00f6reve ba\u015flad\u0131\",\"datePublished\":\"2025-01-24T12:41:34+00:00\",\"mainEntityOfPage\":{\"@id\":\"https:\/\/denizcankizil.tr\/de\/haberler\/gundem\/bursa-pomemde-388-bekci-yeminle-goreve-basladi\/\"},\"wordCount\":584,\"commentCount\":0,\"publisher\":{\"@id\":\"https:\/\/denizcankizil.tr\/#organization\"},\"articleSection\":[\"G\u00fcndem\"],\"inLanguage\":\"de\",\"potentialAction\":[{\"@type\":\"CommentAction\",\"name\":\"Comment\",\"target\":[\"https:\/\/denizcankizil.tr\/de\/haberler\/gundem\/bursa-pomemde-388-bekci-yeminle-goreve-basladi\/#respond\"]}]},{\"@type\":\"WebPage\",\"@id\":\"https:\/\/denizcankizil.tr\/de\/haberler\/gundem\/bursa-pomemde-388-bekci-yeminle-goreve-basladi\/\",\"url\":\"https:\/\/denizcankizil.tr\/de\/haberler\/gundem\/bursa-pomemde-388-bekci-yeminle-goreve-basladi\/\",\"name\":\"Bursa POMEM'de 388 bek\u00e7i yeminle g\u00f6reve ba\u015flad\u0131 - Av. Deniz Can K\u0131z\u0131l\",\"isPartOf\":{\"@id\":\"https:\/\/denizcankizil.tr\/#website\"},\"datePublished\":\"2025-01-24T12:41:34+00:00\",\"breadcrumb\":{\"@id\":\"https:\/\/denizcankizil.tr\/de\/haberler\/gundem\/bursa-pomemde-388-bekci-yeminle-goreve-basladi\/#breadcrumb\"},\"inLanguage\":\"de\",\"potentialAction\":[{\"@type\":\"ReadAction\",\"target\":[\"https:\/\/denizcankizil.tr\/de\/haberler\/gundem\/bursa-pomemde-388-bekci-yeminle-goreve-basladi\/\"]}]},{\"@type\":\"BreadcrumbList\",\"@id\":\"https:\/\/denizcankizil.tr\/de\/haberler\/gundem\/bursa-pomemde-388-bekci-yeminle-goreve-basladi\/#breadcrumb\",\"itemListElement\":[{\"@type\":\"ListItem\",\"position\":1,\"name\":\"Home\",\"item\":\"https:\/\/denizcankizil.tr\/de\/\"},{\"@type\":\"ListItem\",\"position\":2,\"name\":\"Bursa POMEM&#8217;de 388 bek\u00e7i yeminle g\u00f6reve ba\u015flad\u0131\"}]},{\"@type\":\"WebSite\",\"@id\":\"https:\/\/denizcankizil.tr\/#website\",\"url\":\"https:\/\/denizcankizil.tr\/\",\"name\":\"Av. Deniz Can K\u0131z\u0131l\",\"description\":\"Avukat Deniz Can K\u0131z\u0131l Antalya Barosu\",\"publisher\":{\"@id\":\"https:\/\/denizcankizil.tr\/#organization\"},\"potentialAction\":[{\"@type\":\"SearchAction\",\"target\":{\"@type\":\"EntryPoint\",\"urlTemplate\":\"https:\/\/denizcankizil.tr\/?s={search_term_string}\"},\"query-input\":{\"@type\":\"PropertyValueSpecification\",\"valueRequired\":true,\"valueName\":\"search_term_string\"}}],\"inLanguage\":\"de\"},{\"@type\":\"Organization\",\"@id\":\"https:\/\/denizcankizil.tr\/#organization\",\"name\":\"Av. Deniz Can K\u0131z\u0131l\",\"url\":\"https:\/\/denizcankizil.tr\/\",\"logo\":{\"@type\":\"ImageObject\",\"inLanguage\":\"de\",\"@id\":\"https:\/\/denizcankizil.tr\/#\/schema\/logo\/image\/\",\"url\":\"https:\/\/denizcankizil.tr\/wp-content\/uploads\/2024\/10\/siyah-logo-svg.svg\",\"contentUrl\":\"https:\/\/denizcankizil.tr\/wp-content\/uploads\/2024\/10\/siyah-logo-svg.svg\",\"width\":1080,\"height\":1080,\"caption\":\"Av. Deniz Can K\u0131z\u0131l\"},\"image\":{\"@id\":\"https:\/\/denizcankizil.tr\/#\/schema\/logo\/image\/\"}},{\"@type\":\"Person\",\"@id\":\"https:\/\/denizcankizil.tr\/#\/schema\/person\/be3c05fe6a12686905512445d8185489\",\"name\":\"admin\",\"image\":{\"@type\":\"ImageObject\",\"inLanguage\":\"de\",\"@id\":\"https:\/\/denizcankizil.tr\/#\/schema\/person\/image\/\",\"url\":\"https:\/\/secure.gravatar.com\/avatar\/c1fce94c830dc79107e174f890d7210541c4a63e8e5d816341794a2151c9d58c?s=96&d=mm&r=g\",\"contentUrl\":\"https:\/\/secure.gravatar.com\/avatar\/c1fce94c830dc79107e174f890d7210541c4a63e8e5d816341794a2151c9d58c?s=96&d=mm&r=g\",\"caption\":\"admin\"},\"sameAs\":[\"http:\/\/denizcankizil.tr\"],\"url\":\"https:\/\/www.iskenderun.org\/bursa-pomemde-388-bekci-yeminle-goreve-basladi\"}]}<\/script>\n<!-- \/ Yoast SEO Premium plugin. -->","yoast_head_json":{"title":"Bursa POMEM'de 388 bek\u00e7i yeminle g\u00f6reve ba\u015flad\u0131 - Av. Deniz Can K\u0131z\u0131l","robots":{"index":"index","follow":"follow","max-snippet":"max-snippet:-1","max-image-preview":"max-image-preview:large","max-video-preview":"max-video-preview:-1"},"canonical":"https:\/\/denizcankizil.tr\/de\/haberler\/gundem\/bursa-pomemde-388-bekci-yeminle-goreve-basladi\/","og_locale":"de_DE","og_type":"article","og_title":"Bursa POMEM'de 388 bek\u00e7i yeminle g\u00f6reve ba\u015flad\u0131","og_description":"Polis Akademisi 2022\/1 ve 2023\/1. D\u00f6nem \u00c7ar\u015f\u0131 ve Mahalle Bek\u00e7ili\u011fi Mezuniyet T\u00f6renini Bursa Polis Meslek E\u011fitim Merkezi (POMEM)&#8217;nde ger\u00e7ekle\u015ftirildi.BURSA (\u0130GFA) &#8211;\u00a0 Bursa POMEM&#8217;deki \u00c7ar\u015f\u0131 ve Mahalle Bek\u00e7ili\u011fi mezuniyet t\u00f6renine \u0130\u00e7i\u015fleri Bakan Yard\u0131mc\u0131s\u0131 Mehmet Sa\u011flam, Emniyet Genel M\u00fcd\u00fcr\u00fc Mahmut Demirta\u015f, Bursa Valisi Erol Ayy\u0131ld\u0131z ile il protokol\u00fc kat\u0131ld\u0131. 2022\/1 ve 2023\/1. d\u00f6nemlerinden mezun olan 388 \u00e7ar\u015f\u0131 ve mahalle bek\u00e7isi t\u00f6renle Emniyet Te\u015fkilat\u0131 saflar\u0131na kat\u0131ld\u0131. Bursa POMEM&#8217;de d\u00fczenlenen t\u00f6rende konu\u015fan \u0130\u00e7i\u015fleri Bakan Yard\u0131mc\u0131s\u0131 Mehmet Sa\u011flam, Bursa&#8217;daki 388 \u00c7ar\u015f\u0131 ve Mahalle Bek\u00e7isi ile birlikte toplam 30 bin 927 \u00e7ar\u015f\u0131 ve mahalle bek\u00e7isinin T\u00fcrkiye\u2019nin huzur ve g\u00fcvenli\u011fi i\u00e7in canla ba\u015fla \u00e7al\u0131\u015fmaya devam edece\u011fini ve milletin emrinde olaca\u011f\u0131n\u0131 s\u00f6yledi. Yeni bek\u00e7ilere seslenen Bakan Yard\u0131mc\u0131s\u0131 Sa\u011flam, &#8220;Meslek hayat\u0131n\u0131z boyunca kanundan, hukuktan, etik ilkelerden, ahlaktan ve sizlere daima do\u011fru yolu g\u00f6sterecek \u201cvicdan pusulan\u0131zdan\u201d katiyen ayr\u0131lmamal\u0131s\u0131n\u0131z. Adaletle, merhametle ve vicdanla hareket etmelisiniz. G\u00f6revinizi yerine getirirken tarafs\u0131z ve adil olmal\u0131s\u0131n\u0131z.\u00a0Vatanda\u015flar\u0131m\u0131z\u0131n sizlerden beklentisi; sokaklarda, mahallelerde genel kollu\u011fa yard\u0131mc\u0131 olarak huzur ve g\u00fcvenli\u011fin sa\u011flanmas\u0131d\u0131r. \u00a0Mahallenin g\u00f6z\u00fc, kula\u011f\u0131 ve g\u00fcven kayna\u011f\u0131 olman\u0131zd\u0131r. Sadece g\u00fcvenlikle s\u0131n\u0131rl\u0131 olmadan, her an yanlar\u0131nda oldu\u011funu hissettirmenizdir&#8221; diyerek,\u00a0mezuniyetlerin\u00a0kutlu, yollar\u0131 ve bahtlar\u0131n\u0131n ise a\u00e7\u0131k olmas\u0131n\u0131 diledi. Daha sonra Emniyet Te\u015fkilat\u0131 saflar\u0131na kat\u0131lan yeni mezunlar belgelerini kat\u0131l\u0131mc\u0131 protokol\u00fcn elinden ald\u0131lar. \u200bPolis Akademisi 2022\/1 ve 2023\/1. D\u00f6nem \u00c7ar\u015f\u0131 ve Mahalle Bek\u00e7ili\u011fi &hellip;","og_url":"https:\/\/denizcankizil.tr\/de\/haberler\/gundem\/bursa-pomemde-388-bekci-yeminle-goreve-basladi\/","og_site_name":"Av. Deniz Can K\u0131z\u0131l","article_published_time":"2025-01-24T12:41:34+00:00","author":"admin","twitter_card":"summary_large_image","twitter_misc":{"Verfasst von":"admin","Gesch\u00e4tzte Lesezeit":"3\u00a0Minuten"},"schema":{"@context":"https:\/\/schema.org","@graph":[{"@type":"Article","@id":"https:\/\/denizcankizil.tr\/de\/haberler\/gundem\/bursa-pomemde-388-bekci-yeminle-goreve-basladi\/#article","isPartOf":{"@id":"https:\/\/denizcankizil.tr\/de\/haberler\/gundem\/bursa-pomemde-388-bekci-yeminle-goreve-basladi\/"},"author":{"name":"admin","@id":"https:\/\/denizcankizil.tr\/#\/schema\/person\/be3c05fe6a12686905512445d8185489"},"headline":"Bursa POMEM&#8217;de 388 bek\u00e7i yeminle g\u00f6reve ba\u015flad\u0131","datePublished":"2025-01-24T12:41:34+00:00","mainEntityOfPage":{"@id":"https:\/\/denizcankizil.tr\/de\/haberler\/gundem\/bursa-pomemde-388-bekci-yeminle-goreve-basladi\/"},"wordCount":584,"commentCount":0,"publisher":{"@id":"https:\/\/denizcankizil.tr\/#organization"},"articleSection":["G\u00fcndem"],"inLanguage":"de","potentialAction":[{"@type":"CommentAction","name":"Comment","target":["https:\/\/denizcankizil.tr\/de\/haberler\/gundem\/bursa-pomemde-388-bekci-yeminle-goreve-basladi\/#respond"]}]},{"@type":"WebPage","@id":"https:\/\/denizcankizil.tr\/de\/haberler\/gundem\/bursa-pomemde-388-bekci-yeminle-goreve-basladi\/","url":"https:\/\/denizcankizil.tr\/de\/haberler\/gundem\/bursa-pomemde-388-bekci-yeminle-goreve-basladi\/","name":"Bursa POMEM'de 388 bek\u00e7i yeminle g\u00f6reve ba\u015flad\u0131 - Av. Deniz Can K\u0131z\u0131l","isPartOf":{"@id":"https:\/\/denizcankizil.tr\/#website"},"datePublished":"2025-01-24T12:41:34+00:00","breadcrumb":{"@id":"https:\/\/denizcankizil.tr\/de\/haberler\/gundem\/bursa-pomemde-388-bekci-yeminle-goreve-basladi\/#breadcrumb"},"inLanguage":"de","potentialAction":[{"@type":"ReadAction","target":["https:\/\/denizcankizil.tr\/de\/haberler\/gundem\/bursa-pomemde-388-bekci-yeminle-goreve-basladi\/"]}]},{"@type":"BreadcrumbList","@id":"https:\/\/denizcankizil.tr\/de\/haberler\/gundem\/bursa-pomemde-388-bekci-yeminle-goreve-basladi\/#breadcrumb","itemListElement":[{"@type":"ListItem","position":1,"name":"Home","item":"https:\/\/denizcankizil.tr\/de\/"},{"@type":"ListItem","position":2,"name":"Bursa POMEM&#8217;de 388 bek\u00e7i yeminle g\u00f6reve ba\u015flad\u0131"}]},{"@type":"WebSite","@id":"https:\/\/denizcankizil.tr\/#website","url":"https:\/\/denizcankizil.tr\/","name":"Av. Deniz Can K\u0131z\u0131l","description":"Avukat Deniz Can K\u0131z\u0131l Antalya Barosu","publisher":{"@id":"https:\/\/denizcankizil.tr\/#organization"},"potentialAction":[{"@type":"SearchAction","target":{"@type":"EntryPoint","urlTemplate":"https:\/\/denizcankizil.tr\/?s={search_term_string}"},"query-input":{"@type":"PropertyValueSpecification","valueRequired":true,"valueName":"search_term_string"}}],"inLanguage":"de"},{"@type":"Organization","@id":"https:\/\/denizcankizil.tr\/#organization","name":"Av. Deniz Can K\u0131z\u0131l","url":"https:\/\/denizcankizil.tr\/","logo":{"@type":"ImageObject","inLanguage":"de","@id":"https:\/\/denizcankizil.tr\/#\/schema\/logo\/image\/","url":"https:\/\/denizcankizil.tr\/wp-content\/uploads\/2024\/10\/siyah-logo-svg.svg","contentUrl":"https:\/\/denizcankizil.tr\/wp-content\/uploads\/2024\/10\/siyah-logo-svg.svg","width":1080,"height":1080,"caption":"Av. Deniz Can K\u0131z\u0131l"},"image":{"@id":"https:\/\/denizcankizil.tr\/#\/schema\/logo\/image\/"}},{"@type":"Person","@id":"https:\/\/denizcankizil.tr\/#\/schema\/person\/be3c05fe6a12686905512445d8185489","name":"Administrator","image":{"@type":"ImageObject","inLanguage":"de","@id":"https:\/\/denizcankizil.tr\/#\/schema\/person\/image\/","url":"https:\/\/secure.gravatar.com\/avatar\/c1fce94c830dc79107e174f890d7210541c4a63e8e5d816341794a2151c9d58c?s=96&d=mm&r=g","contentUrl":"https:\/\/secure.gravatar.com\/avatar\/c1fce94c830dc79107e174f890d7210541c4a63e8e5d816341794a2151c9d58c?s=96&d=mm&r=g","caption":"admin"},"sameAs":["http:\/\/denizcankizil.tr"],"url":"https:\/\/www.iskenderun.org\/bursa-pomemde-388-bekci-yeminle-goreve-basladi"}]}},"_links":{"self":[{"href":"https:\/\/denizcankizil.tr\/de\/wp-json\/wp\/v2\/posts\/27225","targetHints":{"allow":["GET"]}}],"collection":[{"href":"https:\/\/denizcankizil.tr\/de\/wp-json\/wp\/v2\/posts"}],"about":[{"href":"https:\/\/denizcankizil.tr\/de\/wp-json\/wp\/v2\/types\/post"}],"author":[{"embeddable":true,"href":"https:\/\/denizcankizil.tr\/de\/wp-json\/wp\/v2\/users\/1"}],"replies":[{"embeddable":true,"href":"https:\/\/denizcankizil.tr\/de\/wp-json\/wp\/v2\/comments?post=27225"}],"version-history":[{"count":0,"href":"https:\/\/denizcankizil.tr\/de\/wp-json\/wp\/v2\/posts\/27225\/revisions"}],"wp:attachment":[{"href":"https:\/\/denizcankizil.tr\/de\/wp-json\/wp\/v2\/media?parent=27225"}],"wp:term":[{"taxonomy":"category","embeddable":true,"href":"https:\/\/denizcankizil.tr\/de\/wp-json\/wp\/v2\/categories?post=27225"},{"taxonomy":"post_tag","embeddable":true,"href":"https:\/\/denizcankizil.tr\/de\/wp-json\/wp\/v2\/tags?post=27225"}],"curies":[{"name":"wp","href":"https:\/\/api.w.org\/{rel}","templated":true}]}}