{"id":27171,"date":"2025-01-24T11:42:06","date_gmt":"2025-01-24T08:42:06","guid":{"rendered":"https:\/\/denizcankizil.tr\/uncategorized-tr\/afyonkarahisara-yeni-emniyet-muduru\/"},"modified":"2025-01-24T11:42:06","modified_gmt":"2025-01-24T08:42:06","slug":"afyonkarahisara-yeni-emniyet-muduru","status":"publish","type":"post","link":"https:\/\/denizcankizil.tr\/de\/haberler\/gundem\/afyonkarahisara-yeni-emniyet-muduru\/","title":{"rendered":"Afyonkarahisar&#8217;a yeni Emniyet M\u00fcd\u00fcr\u00fc"},"content":{"rendered":"<p>Afyonkarahisar \u0130l Emniyet M\u00fcd\u00fcr\u00fc Mahmut Ay g\u00f6revden al\u0131nd\u0131, yerine Ahmet Birtan Erol getirildi.ANKARA (\u0130GFA) &#8211; Afyonkarahisar \u0130l Emniyet M\u00fcd\u00fcrl\u00fc\u011f\u00fc&#8217;ne Ahmet Birtan Erol atand\u0131.<br \/>\nS\u00f6z konusu atama karar\u0131, Cumhurba\u015fkan\u0131 Recep Tayyip Erdo\u011fan&#8217;\u0131n imzas\u0131yla bug\u00fcnk\u00fc Resmi Gazete&#8217;de yay\u0131mland\u0131.<\/p>\n<p>AHMET B\u0130RTAN EROL K\u0130MD\u0130R?<br \/>\nAhmet Birtan Erol, Emniyet Genel M\u00fcd\u00fcrl\u00fc\u011f\u00fc\u2019nde \u00e7e\u015fitli g\u00f6revlerde bulunmu\u015f ve tecr\u00fcbesiyle dikkat \u00e7ekmi\u015f bir isim.<br \/>\nErol, 28 May\u0131s 2019 tarihinden itibaren TBMM Koruma Daire Ba\u015fkan\u0131 olarak g\u00f6rev yapmaktayd\u0131.<br \/>\n24 Ocak 2025 tarihinde yay\u0131mlanan Cumhurba\u015fkanl\u0131\u011f\u0131 kararnamesiyle Afyonkarahisar \u0130l Emniyet M\u00fcd\u00fcr\u00fc olarak atanm\u0131\u015ft\u0131r.<\/p>\n<p>\u200bAfyonkarahisar \u0130l Emniyet M\u00fcd\u00fcr\u00fc Mahmut Ay g\u00f6revden al\u0131nd\u0131, yerine Ahmet Birtan Erol getirildi.ANKARA (\u0130GFA) &#8211; Afyonkarahisar \u0130l Emniyet M\u00fcd\u00fcrl\u00fc\u011f\u00fc&#8217;ne Ahmet Birtan Erol atand\u0131.<br \/>\nS\u00f6z konusu atama karar\u0131, Cumhurba\u015fkan\u0131 Recep Tayyip Erdo\u011fan&#8217;\u0131n imzas\u0131yla bug\u00fcnk\u00fc Resmi Gazete&#8217;de yay\u0131mland\u0131.<\/p>\n<p>AHMET B\u0130RTAN EROL K\u0130MD\u0130R?<br \/>\nAhmet Birtan Erol, Emniyet Genel M\u00fcd\u00fcrl\u00fc\u011f\u00fc\u2019nde \u00e7e\u015fitli g\u00f6revlerde bulunmu\u015f ve tecr\u00fcbesiyle dikkat \u00e7ekmi\u015f bir isim.<br \/>\nErol, 28 May\u0131s 2019 tarihinden itibaren TBMM Koruma Daire Ba\u015fkan\u0131 olarak g\u00f6rev yapmaktayd\u0131.<br \/>\n24 Ocak 2025 tarihinde yay\u0131mlanan Cumhurba\u015fkanl\u0131\u011f\u0131 kararnamesiyle Afyonkarahisar \u0130l Emniyet M\u00fcd\u00fcr\u00fc olarak atanm\u0131\u015ft\u0131r.\u00a0<\/p>\n<p>\u200bHaberin Al\u0131nt\u0131land\u0131\u011f\u0131 Kaynak: www.iskenderun.org<\/p>","protected":false},"excerpt":{"rendered":"<p>Afyonkarahisar \u0130l Emniyet M\u00fcd\u00fcr\u00fc Mahmut Ay g\u00f6revden al\u0131nd\u0131, yerine Ahmet Birtan Erol getirildi.ANKARA (\u0130GFA) &#8211; Afyonkarahisar \u0130l Emniyet M\u00fcd\u00fcrl\u00fc\u011f\u00fc&#8217;ne Ahmet Birtan Erol atand\u0131. S\u00f6z konusu atama karar\u0131, Cumhurba\u015fkan\u0131 Recep Tayyip Erdo\u011fan&#8217;\u0131n imzas\u0131yla bug\u00fcnk\u00fc Resmi Gazete&#8217;de yay\u0131mland\u0131. AHMET B\u0130RTAN EROL K\u0130MD\u0130R? Ahmet Birtan Erol, Emniyet Genel M\u00fcd\u00fcrl\u00fc\u011f\u00fc\u2019nde \u00e7e\u015fitli g\u00f6revlerde bulunmu\u015f ve tecr\u00fcbesiyle dikkat \u00e7ekmi\u015f bir isim. Erol, 28 May\u0131s 2019 tarihinden itibaren TBMM Koruma Daire Ba\u015fkan\u0131 olarak g\u00f6rev yapmaktayd\u0131. 24 Ocak 2025 tarihinde yay\u0131mlanan Cumhurba\u015fkanl\u0131\u011f\u0131 kararnamesiyle Afyonkarahisar \u0130l Emniyet M\u00fcd\u00fcr\u00fc olarak atanm\u0131\u015ft\u0131r. \u200bAfyonkarahisar \u0130l Emniyet M\u00fcd\u00fcr\u00fc Mahmut Ay g\u00f6revden al\u0131nd\u0131, yerine Ahmet Birtan Erol getirildi.ANKARA (\u0130GFA) &#8211; Afyonkarahisar \u0130l Emniyet M\u00fcd\u00fcrl\u00fc\u011f\u00fc&#8217;ne Ahmet Birtan Erol atand\u0131. S\u00f6z konusu atama karar\u0131, Cumhurba\u015fkan\u0131 Recep Tayyip Erdo\u011fan&#8217;\u0131n imzas\u0131yla bug\u00fcnk\u00fc Resmi Gazete&#8217;de yay\u0131mland\u0131. AHMET B\u0130RTAN EROL K\u0130MD\u0130R? Ahmet Birtan Erol, Emniyet Genel M\u00fcd\u00fcrl\u00fc\u011f\u00fc\u2019nde \u00e7e\u015fitli g\u00f6revlerde bulunmu\u015f ve tecr\u00fcbesiyle dikkat \u00e7ekmi\u015f bir isim. Erol, 28 May\u0131s 2019 tarihinden itibaren TBMM Koruma Daire Ba\u015fkan\u0131 olarak g\u00f6rev yapmaktayd\u0131. 24 Ocak 2025 tarihinde yay\u0131mlanan Cumhurba\u015fkanl\u0131\u011f\u0131 kararnamesiyle Afyonkarahisar \u0130l Emniyet M\u00fcd\u00fcr\u00fc olarak atanm\u0131\u015ft\u0131r.\u00a0 \u200bHaberin Al\u0131nt\u0131land\u0131\u011f\u0131 Kaynak: www.iskenderun.org<\/p>","protected":false},"author":1,"featured_media":0,"comment_status":"open","ping_status":"open","sticky":false,"template":"","format":"standard","meta":{"_acf_changed":false,"footnotes":""},"categories":[24],"tags":[],"class_list":["post-27171","post","type-post","status-publish","format-standard","has-post-thumbnail","hentry","category-gundem"],"acf":[],"yoast_head":"<!-- This site is optimized with the Yoast SEO Premium plugin v26.6 (Yoast SEO v27.1.1) - https:\/\/yoast.com\/product\/yoast-seo-premium-wordpress\/ -->\n<title>Afyonkarahisar&#039;a yeni Emniyet M\u00fcd\u00fcr\u00fc - Av. Deniz Can K\u0131z\u0131l<\/title>\n<meta name=\"robots\" content=\"index, follow, max-snippet:-1, max-image-preview:large, max-video-preview:-1\" \/>\n<link rel=\"canonical\" href=\"https:\/\/denizcankizil.tr\/de\/haberler\/gundem\/afyonkarahisara-yeni-emniyet-muduru\/\" \/>\n<meta property=\"og:locale\" content=\"de_DE\" \/>\n<meta property=\"og:type\" content=\"article\" \/>\n<meta property=\"og:title\" content=\"Afyonkarahisar&#039;a yeni Emniyet M\u00fcd\u00fcr\u00fc\" \/>\n<meta property=\"og:description\" content=\"Afyonkarahisar \u0130l Emniyet M\u00fcd\u00fcr\u00fc Mahmut Ay g\u00f6revden al\u0131nd\u0131, yerine Ahmet Birtan Erol getirildi.ANKARA (\u0130GFA) &#8211; Afyonkarahisar \u0130l Emniyet M\u00fcd\u00fcrl\u00fc\u011f\u00fc&#8217;ne Ahmet Birtan Erol atand\u0131. S\u00f6z konusu atama karar\u0131, Cumhurba\u015fkan\u0131 Recep Tayyip Erdo\u011fan&#8217;\u0131n imzas\u0131yla bug\u00fcnk\u00fc Resmi Gazete&#8217;de yay\u0131mland\u0131. AHMET B\u0130RTAN EROL K\u0130MD\u0130R? Ahmet Birtan Erol, Emniyet Genel M\u00fcd\u00fcrl\u00fc\u011f\u00fc\u2019nde \u00e7e\u015fitli g\u00f6revlerde bulunmu\u015f ve tecr\u00fcbesiyle dikkat \u00e7ekmi\u015f bir isim. Erol, 28 May\u0131s 2019 tarihinden itibaren TBMM Koruma Daire Ba\u015fkan\u0131 olarak g\u00f6rev yapmaktayd\u0131. 24 Ocak 2025 tarihinde yay\u0131mlanan Cumhurba\u015fkanl\u0131\u011f\u0131 kararnamesiyle Afyonkarahisar \u0130l Emniyet M\u00fcd\u00fcr\u00fc olarak atanm\u0131\u015ft\u0131r. \u200bAfyonkarahisar \u0130l Emniyet M\u00fcd\u00fcr\u00fc Mahmut Ay g\u00f6revden al\u0131nd\u0131, yerine Ahmet Birtan Erol getirildi.ANKARA (\u0130GFA) &#8211; Afyonkarahisar \u0130l Emniyet M\u00fcd\u00fcrl\u00fc\u011f\u00fc&#8217;ne Ahmet Birtan Erol atand\u0131. S\u00f6z konusu atama karar\u0131, Cumhurba\u015fkan\u0131 Recep Tayyip Erdo\u011fan&#8217;\u0131n imzas\u0131yla bug\u00fcnk\u00fc Resmi Gazete&#8217;de yay\u0131mland\u0131. AHMET B\u0130RTAN EROL K\u0130MD\u0130R? Ahmet Birtan Erol, Emniyet Genel M\u00fcd\u00fcrl\u00fc\u011f\u00fc\u2019nde \u00e7e\u015fitli g\u00f6revlerde bulunmu\u015f ve tecr\u00fcbesiyle dikkat \u00e7ekmi\u015f bir isim. Erol, 28 May\u0131s 2019 tarihinden itibaren TBMM Koruma Daire Ba\u015fkan\u0131 olarak g\u00f6rev yapmaktayd\u0131. 24 Ocak 2025 tarihinde yay\u0131mlanan Cumhurba\u015fkanl\u0131\u011f\u0131 kararnamesiyle Afyonkarahisar \u0130l Emniyet M\u00fcd\u00fcr\u00fc olarak atanm\u0131\u015ft\u0131r.\u00a0 \u200bHaberin Al\u0131nt\u0131land\u0131\u011f\u0131 Kaynak: www.iskenderun.org\" \/>\n<meta property=\"og:url\" content=\"https:\/\/denizcankizil.tr\/de\/haberler\/gundem\/afyonkarahisara-yeni-emniyet-muduru\/\" \/>\n<meta property=\"og:site_name\" content=\"Av. Deniz Can K\u0131z\u0131l\" \/>\n<meta property=\"article:published_time\" content=\"2025-01-24T08:42:06+00:00\" \/>\n<meta name=\"author\" content=\"admin\" \/>\n<meta name=\"twitter:card\" content=\"summary_large_image\" \/>\n<meta name=\"twitter:label1\" content=\"Verfasst von\" \/>\n\t<meta name=\"twitter:data1\" content=\"admin\" \/>\n\t<meta name=\"twitter:label2\" content=\"Gesch\u00e4tzte Lesezeit\" \/>\n\t<meta name=\"twitter:data2\" content=\"1\u00a0Minute\" \/>\n<script type=\"application\/ld+json\" class=\"yoast-schema-graph\">{\"@context\":\"https:\/\/schema.org\",\"@graph\":[{\"@type\":\"Article\",\"@id\":\"https:\/\/denizcankizil.tr\/de\/haberler\/gundem\/afyonkarahisara-yeni-emniyet-muduru\/#article\",\"isPartOf\":{\"@id\":\"https:\/\/denizcankizil.tr\/de\/haberler\/gundem\/afyonkarahisara-yeni-emniyet-muduru\/\"},\"author\":{\"name\":\"admin\",\"@id\":\"https:\/\/denizcankizil.tr\/#\/schema\/person\/be3c05fe6a12686905512445d8185489\"},\"headline\":\"Afyonkarahisar&#8217;a yeni Emniyet M\u00fcd\u00fcr\u00fc\",\"datePublished\":\"2025-01-24T08:42:06+00:00\",\"mainEntityOfPage\":{\"@id\":\"https:\/\/denizcankizil.tr\/de\/haberler\/gundem\/afyonkarahisara-yeni-emniyet-muduru\/\"},\"wordCount\":237,\"commentCount\":0,\"publisher\":{\"@id\":\"https:\/\/denizcankizil.tr\/#organization\"},\"articleSection\":[\"G\u00fcndem\"],\"inLanguage\":\"de\",\"potentialAction\":[{\"@type\":\"CommentAction\",\"name\":\"Comment\",\"target\":[\"https:\/\/denizcankizil.tr\/de\/haberler\/gundem\/afyonkarahisara-yeni-emniyet-muduru\/#respond\"]}]},{\"@type\":\"WebPage\",\"@id\":\"https:\/\/denizcankizil.tr\/de\/haberler\/gundem\/afyonkarahisara-yeni-emniyet-muduru\/\",\"url\":\"https:\/\/denizcankizil.tr\/de\/haberler\/gundem\/afyonkarahisara-yeni-emniyet-muduru\/\",\"name\":\"Afyonkarahisar'a yeni Emniyet M\u00fcd\u00fcr\u00fc - Av. Deniz Can K\u0131z\u0131l\",\"isPartOf\":{\"@id\":\"https:\/\/denizcankizil.tr\/#website\"},\"datePublished\":\"2025-01-24T08:42:06+00:00\",\"breadcrumb\":{\"@id\":\"https:\/\/denizcankizil.tr\/de\/haberler\/gundem\/afyonkarahisara-yeni-emniyet-muduru\/#breadcrumb\"},\"inLanguage\":\"de\",\"potentialAction\":[{\"@type\":\"ReadAction\",\"target\":[\"https:\/\/denizcankizil.tr\/de\/haberler\/gundem\/afyonkarahisara-yeni-emniyet-muduru\/\"]}]},{\"@type\":\"BreadcrumbList\",\"@id\":\"https:\/\/denizcankizil.tr\/de\/haberler\/gundem\/afyonkarahisara-yeni-emniyet-muduru\/#breadcrumb\",\"itemListElement\":[{\"@type\":\"ListItem\",\"position\":1,\"name\":\"Home\",\"item\":\"https:\/\/denizcankizil.tr\/de\/\"},{\"@type\":\"ListItem\",\"position\":2,\"name\":\"Afyonkarahisar&#8217;a yeni Emniyet M\u00fcd\u00fcr\u00fc\"}]},{\"@type\":\"WebSite\",\"@id\":\"https:\/\/denizcankizil.tr\/#website\",\"url\":\"https:\/\/denizcankizil.tr\/\",\"name\":\"Av. Deniz Can K\u0131z\u0131l\",\"description\":\"Avukat Deniz Can K\u0131z\u0131l Antalya Barosu\",\"publisher\":{\"@id\":\"https:\/\/denizcankizil.tr\/#organization\"},\"potentialAction\":[{\"@type\":\"SearchAction\",\"target\":{\"@type\":\"EntryPoint\",\"urlTemplate\":\"https:\/\/denizcankizil.tr\/?s={search_term_string}\"},\"query-input\":{\"@type\":\"PropertyValueSpecification\",\"valueRequired\":true,\"valueName\":\"search_term_string\"}}],\"inLanguage\":\"de\"},{\"@type\":\"Organization\",\"@id\":\"https:\/\/denizcankizil.tr\/#organization\",\"name\":\"Av. Deniz Can K\u0131z\u0131l\",\"url\":\"https:\/\/denizcankizil.tr\/\",\"logo\":{\"@type\":\"ImageObject\",\"inLanguage\":\"de\",\"@id\":\"https:\/\/denizcankizil.tr\/#\/schema\/logo\/image\/\",\"url\":\"https:\/\/denizcankizil.tr\/wp-content\/uploads\/2024\/10\/siyah-logo-svg.svg\",\"contentUrl\":\"https:\/\/denizcankizil.tr\/wp-content\/uploads\/2024\/10\/siyah-logo-svg.svg\",\"width\":1080,\"height\":1080,\"caption\":\"Av. Deniz Can K\u0131z\u0131l\"},\"image\":{\"@id\":\"https:\/\/denizcankizil.tr\/#\/schema\/logo\/image\/\"}},{\"@type\":\"Person\",\"@id\":\"https:\/\/denizcankizil.tr\/#\/schema\/person\/be3c05fe6a12686905512445d8185489\",\"name\":\"admin\",\"image\":{\"@type\":\"ImageObject\",\"inLanguage\":\"de\",\"@id\":\"https:\/\/denizcankizil.tr\/#\/schema\/person\/image\/\",\"url\":\"https:\/\/secure.gravatar.com\/avatar\/c1fce94c830dc79107e174f890d7210541c4a63e8e5d816341794a2151c9d58c?s=96&d=mm&r=g\",\"contentUrl\":\"https:\/\/secure.gravatar.com\/avatar\/c1fce94c830dc79107e174f890d7210541c4a63e8e5d816341794a2151c9d58c?s=96&d=mm&r=g\",\"caption\":\"admin\"},\"sameAs\":[\"http:\/\/denizcankizil.tr\"],\"url\":\"https:\/\/www.iskenderun.org\/afyonkarahisara-yeni-emniyet-muduru\"}]}<\/script>\n<!-- \/ Yoast SEO Premium plugin. -->","yoast_head_json":{"title":"Afyonkarahisar'a yeni Emniyet M\u00fcd\u00fcr\u00fc - Av. Deniz Can K\u0131z\u0131l","robots":{"index":"index","follow":"follow","max-snippet":"max-snippet:-1","max-image-preview":"max-image-preview:large","max-video-preview":"max-video-preview:-1"},"canonical":"https:\/\/denizcankizil.tr\/de\/haberler\/gundem\/afyonkarahisara-yeni-emniyet-muduru\/","og_locale":"de_DE","og_type":"article","og_title":"Afyonkarahisar'a yeni Emniyet M\u00fcd\u00fcr\u00fc","og_description":"Afyonkarahisar \u0130l Emniyet M\u00fcd\u00fcr\u00fc Mahmut Ay g\u00f6revden al\u0131nd\u0131, yerine Ahmet Birtan Erol getirildi.ANKARA (\u0130GFA) &#8211; Afyonkarahisar \u0130l Emniyet M\u00fcd\u00fcrl\u00fc\u011f\u00fc&#8217;ne Ahmet Birtan Erol atand\u0131. S\u00f6z konusu atama karar\u0131, Cumhurba\u015fkan\u0131 Recep Tayyip Erdo\u011fan&#8217;\u0131n imzas\u0131yla bug\u00fcnk\u00fc Resmi Gazete&#8217;de yay\u0131mland\u0131. AHMET B\u0130RTAN EROL K\u0130MD\u0130R? Ahmet Birtan Erol, Emniyet Genel M\u00fcd\u00fcrl\u00fc\u011f\u00fc\u2019nde \u00e7e\u015fitli g\u00f6revlerde bulunmu\u015f ve tecr\u00fcbesiyle dikkat \u00e7ekmi\u015f bir isim. Erol, 28 May\u0131s 2019 tarihinden itibaren TBMM Koruma Daire Ba\u015fkan\u0131 olarak g\u00f6rev yapmaktayd\u0131. 24 Ocak 2025 tarihinde yay\u0131mlanan Cumhurba\u015fkanl\u0131\u011f\u0131 kararnamesiyle Afyonkarahisar \u0130l Emniyet M\u00fcd\u00fcr\u00fc olarak atanm\u0131\u015ft\u0131r. \u200bAfyonkarahisar \u0130l Emniyet M\u00fcd\u00fcr\u00fc Mahmut Ay g\u00f6revden al\u0131nd\u0131, yerine Ahmet Birtan Erol getirildi.ANKARA (\u0130GFA) &#8211; Afyonkarahisar \u0130l Emniyet M\u00fcd\u00fcrl\u00fc\u011f\u00fc&#8217;ne Ahmet Birtan Erol atand\u0131. S\u00f6z konusu atama karar\u0131, Cumhurba\u015fkan\u0131 Recep Tayyip Erdo\u011fan&#8217;\u0131n imzas\u0131yla bug\u00fcnk\u00fc Resmi Gazete&#8217;de yay\u0131mland\u0131. AHMET B\u0130RTAN EROL K\u0130MD\u0130R? Ahmet Birtan Erol, Emniyet Genel M\u00fcd\u00fcrl\u00fc\u011f\u00fc\u2019nde \u00e7e\u015fitli g\u00f6revlerde bulunmu\u015f ve tecr\u00fcbesiyle dikkat \u00e7ekmi\u015f bir isim. Erol, 28 May\u0131s 2019 tarihinden itibaren TBMM Koruma Daire Ba\u015fkan\u0131 olarak g\u00f6rev yapmaktayd\u0131. 24 Ocak 2025 tarihinde yay\u0131mlanan Cumhurba\u015fkanl\u0131\u011f\u0131 kararnamesiyle Afyonkarahisar \u0130l Emniyet M\u00fcd\u00fcr\u00fc olarak atanm\u0131\u015ft\u0131r.\u00a0 \u200bHaberin Al\u0131nt\u0131land\u0131\u011f\u0131 Kaynak: www.iskenderun.org","og_url":"https:\/\/denizcankizil.tr\/de\/haberler\/gundem\/afyonkarahisara-yeni-emniyet-muduru\/","og_site_name":"Av. Deniz Can K\u0131z\u0131l","article_published_time":"2025-01-24T08:42:06+00:00","author":"admin","twitter_card":"summary_large_image","twitter_misc":{"Verfasst von":"admin","Gesch\u00e4tzte Lesezeit":"1\u00a0Minute"},"schema":{"@context":"https:\/\/schema.org","@graph":[{"@type":"Article","@id":"https:\/\/denizcankizil.tr\/de\/haberler\/gundem\/afyonkarahisara-yeni-emniyet-muduru\/#article","isPartOf":{"@id":"https:\/\/denizcankizil.tr\/de\/haberler\/gundem\/afyonkarahisara-yeni-emniyet-muduru\/"},"author":{"name":"admin","@id":"https:\/\/denizcankizil.tr\/#\/schema\/person\/be3c05fe6a12686905512445d8185489"},"headline":"Afyonkarahisar&#8217;a yeni Emniyet M\u00fcd\u00fcr\u00fc","datePublished":"2025-01-24T08:42:06+00:00","mainEntityOfPage":{"@id":"https:\/\/denizcankizil.tr\/de\/haberler\/gundem\/afyonkarahisara-yeni-emniyet-muduru\/"},"wordCount":237,"commentCount":0,"publisher":{"@id":"https:\/\/denizcankizil.tr\/#organization"},"articleSection":["G\u00fcndem"],"inLanguage":"de","potentialAction":[{"@type":"CommentAction","name":"Comment","target":["https:\/\/denizcankizil.tr\/de\/haberler\/gundem\/afyonkarahisara-yeni-emniyet-muduru\/#respond"]}]},{"@type":"WebPage","@id":"https:\/\/denizcankizil.tr\/de\/haberler\/gundem\/afyonkarahisara-yeni-emniyet-muduru\/","url":"https:\/\/denizcankizil.tr\/de\/haberler\/gundem\/afyonkarahisara-yeni-emniyet-muduru\/","name":"Afyonkarahisar'a yeni Emniyet M\u00fcd\u00fcr\u00fc - Av. Deniz Can K\u0131z\u0131l","isPartOf":{"@id":"https:\/\/denizcankizil.tr\/#website"},"datePublished":"2025-01-24T08:42:06+00:00","breadcrumb":{"@id":"https:\/\/denizcankizil.tr\/de\/haberler\/gundem\/afyonkarahisara-yeni-emniyet-muduru\/#breadcrumb"},"inLanguage":"de","potentialAction":[{"@type":"ReadAction","target":["https:\/\/denizcankizil.tr\/de\/haberler\/gundem\/afyonkarahisara-yeni-emniyet-muduru\/"]}]},{"@type":"BreadcrumbList","@id":"https:\/\/denizcankizil.tr\/de\/haberler\/gundem\/afyonkarahisara-yeni-emniyet-muduru\/#breadcrumb","itemListElement":[{"@type":"ListItem","position":1,"name":"Home","item":"https:\/\/denizcankizil.tr\/de\/"},{"@type":"ListItem","position":2,"name":"Afyonkarahisar&#8217;a yeni Emniyet M\u00fcd\u00fcr\u00fc"}]},{"@type":"WebSite","@id":"https:\/\/denizcankizil.tr\/#website","url":"https:\/\/denizcankizil.tr\/","name":"Av. Deniz Can K\u0131z\u0131l","description":"Avukat Deniz Can K\u0131z\u0131l Antalya Barosu","publisher":{"@id":"https:\/\/denizcankizil.tr\/#organization"},"potentialAction":[{"@type":"SearchAction","target":{"@type":"EntryPoint","urlTemplate":"https:\/\/denizcankizil.tr\/?s={search_term_string}"},"query-input":{"@type":"PropertyValueSpecification","valueRequired":true,"valueName":"search_term_string"}}],"inLanguage":"de"},{"@type":"Organization","@id":"https:\/\/denizcankizil.tr\/#organization","name":"Av. Deniz Can K\u0131z\u0131l","url":"https:\/\/denizcankizil.tr\/","logo":{"@type":"ImageObject","inLanguage":"de","@id":"https:\/\/denizcankizil.tr\/#\/schema\/logo\/image\/","url":"https:\/\/denizcankizil.tr\/wp-content\/uploads\/2024\/10\/siyah-logo-svg.svg","contentUrl":"https:\/\/denizcankizil.tr\/wp-content\/uploads\/2024\/10\/siyah-logo-svg.svg","width":1080,"height":1080,"caption":"Av. Deniz Can K\u0131z\u0131l"},"image":{"@id":"https:\/\/denizcankizil.tr\/#\/schema\/logo\/image\/"}},{"@type":"Person","@id":"https:\/\/denizcankizil.tr\/#\/schema\/person\/be3c05fe6a12686905512445d8185489","name":"Administrator","image":{"@type":"ImageObject","inLanguage":"de","@id":"https:\/\/denizcankizil.tr\/#\/schema\/person\/image\/","url":"https:\/\/secure.gravatar.com\/avatar\/c1fce94c830dc79107e174f890d7210541c4a63e8e5d816341794a2151c9d58c?s=96&d=mm&r=g","contentUrl":"https:\/\/secure.gravatar.com\/avatar\/c1fce94c830dc79107e174f890d7210541c4a63e8e5d816341794a2151c9d58c?s=96&d=mm&r=g","caption":"admin"},"sameAs":["http:\/\/denizcankizil.tr"],"url":"https:\/\/www.iskenderun.org\/afyonkarahisara-yeni-emniyet-muduru"}]}},"_links":{"self":[{"href":"https:\/\/denizcankizil.tr\/de\/wp-json\/wp\/v2\/posts\/27171","targetHints":{"allow":["GET"]}}],"collection":[{"href":"https:\/\/denizcankizil.tr\/de\/wp-json\/wp\/v2\/posts"}],"about":[{"href":"https:\/\/denizcankizil.tr\/de\/wp-json\/wp\/v2\/types\/post"}],"author":[{"embeddable":true,"href":"https:\/\/denizcankizil.tr\/de\/wp-json\/wp\/v2\/users\/1"}],"replies":[{"embeddable":true,"href":"https:\/\/denizcankizil.tr\/de\/wp-json\/wp\/v2\/comments?post=27171"}],"version-history":[{"count":0,"href":"https:\/\/denizcankizil.tr\/de\/wp-json\/wp\/v2\/posts\/27171\/revisions"}],"wp:attachment":[{"href":"https:\/\/denizcankizil.tr\/de\/wp-json\/wp\/v2\/media?parent=27171"}],"wp:term":[{"taxonomy":"category","embeddable":true,"href":"https:\/\/denizcankizil.tr\/de\/wp-json\/wp\/v2\/categories?post=27171"},{"taxonomy":"post_tag","embeddable":true,"href":"https:\/\/denizcankizil.tr\/de\/wp-json\/wp\/v2\/tags?post=27171"}],"curies":[{"name":"wp","href":"https:\/\/api.w.org\/{rel}","templated":true}]}}