{"id":27046,"date":"2025-01-15T09:12:00","date_gmt":"2025-01-15T06:12:00","guid":{"rendered":"https:\/\/denizcankizil.tr\/uncategorized-tr\/hukuk-mesleklerine-giris-sinavi-ve-idari-yargi-on-sinavi-yonetmeliginde-degisiklik\/"},"modified":"2025-01-15T09:12:00","modified_gmt":"2025-01-15T06:12:00","slug":"hukuk-mesleklerine-giris-sinavi-ve-idari-yargi-on-sinavi-yonetmeliginde-degisiklik","status":"publish","type":"post","link":"https:\/\/denizcankizil.tr\/de\/hukukihaber\/hukuk-mesleklerine-giris-sinavi-ve-idari-yargi-on-sinavi-yonetmeliginde-degisiklik\/","title":{"rendered":"Hukuk Mesleklerine Giri\u015f S\u0131nav\u0131 ve \u0130dari Yarg\u0131 \u00d6n S\u0131nav\u0131 Y\u00f6netmeli\u011finde De\u011fi\u015fiklik"},"content":{"rendered":"<p>Adalet Bakanl\u0131\u011f\u0131 taraf\u0131ndan Resmi Gazete&#8217;de yay\u0131mlanan Hukuk Mesleklerine Giri\u015f S\u0131nav\u0131 ve \u0130dari Yarg\u0131 \u00d6n S\u0131nav\u0131n\u0131n Y\u00f6netmeli\u011finde De\u011fi\u015fiklik Yap\u0131lmas\u0131na Dair Y\u00f6netmelik ile s\u0131navlarda de\u011fi\u015fikli\u011fe gidildi.<\/p>\n<p>Y\u00f6netmelikte yap\u0131lan de\u011fi\u015fiklik kapsam\u0131nda; Hukuk Mesleklerine Giri\u015f S\u0131nav\u0131 ve \u0130dari Yarg\u0131 \u00d6n S\u0131nav\u0131ndaki soru say\u0131s\u0131 100&#8217;den 120&#8217;ye \u00e7\u0131kar\u0131ld\u0131. Milletleraras\u0131 Hukuk, Milletleraras\u0131 \u00d6zel Hukuk, Genel Kamu Hukuku ve Sosyal G\u00fcvenlik Hukuku s\u0131nav konular\u0131na dahil edildi.<\/p>\n<p>Adalet Bakanl\u0131\u011f\u0131ndan:<\/p>\n<p>HUKUK MESLEKLER\u0130NE G\u0130R\u0130\u015e SINAVI VE \u0130DAR\u0130 YARGI \u00d6N SINAVI Y\u00d6NETMEL\u0130\u011e\u0130NDE DE\u011e\u0130\u015e\u0130KL\u0130K YAPILMASINA DA\u0130R Y\u00d6NETMEL\u0130K<\/p>\n<p>MADDE 1- 8\/5\/2024 tarihli ve 32540 say\u0131l\u0131 Resm\u00ee Gazete\u2019de yay\u0131mlanan Hukuk Mesleklerine Giri\u015f S\u0131nav\u0131 ve \u0130dari Yarg\u0131 \u00d6n S\u0131nav\u0131 Y\u00f6netmeli\u011finin 9 uncu maddesinin birinci, ikinci ve \u00fc\u00e7\u00fcnc\u00fc f\u0131kralar\u0131 a\u015fa\u011f\u0131daki \u015fekilde de\u011fi\u015ftirilmi\u015ftir.<\/p>\n<p>\u201c(1) S\u0131navlarda ilgililerin 2547 say\u0131l\u0131 Kanunun ek 41 inci maddesinde say\u0131lan alanlardaki bilgileri \u00f6l\u00e7\u00fcl\u00fcr. S\u0131nav test \u015feklinde olup, \u00e7oktan se\u00e7meli en az y\u00fcz yirmi sorudan olu\u015fur.<\/p>\n<p>(2) Hukuk Mesleklerine Giri\u015f S\u0131nav\u0131nda alanlara g\u00f6re soru da\u011f\u0131l\u0131m\u0131;<\/p>\n<p>a) Anayasa Hukuku %5,<\/p>\n<p>b) Anayasa Yarg\u0131s\u0131 %2,50,<\/p>\n<p>c) \u0130dare Hukuku %5,<\/p>\n<p>\u00e7) \u0130dari Yarg\u0131lama Usul\u00fc %2,50,<\/p>\n<p>d) Medeni Hukuk %12,50,<\/p>\n<p>e) Bor\u00e7lar Hukuku %10,<\/p>\n<p>f) Ticaret Hukuku %10,<\/p>\n<p>g) Hukuk Yarg\u0131lama Usul\u00fc %10,<\/p>\n<p>\u011f) \u0130cra ve \u0130flas Hukuku %5,<\/p>\n<p>h) Ceza Hukuku %7,50,<\/p>\n<p>\u0131) Ceza Yarg\u0131lama Usul\u00fc %5,<\/p>\n<p>i) \u0130\u015f ve Sosyal G\u00fcvenlik Hukuku %5,<\/p>\n<p>j) Vergi Hukuku %2,50,<\/p>\n<p>k) Vergi Usul Hukuku %2,50,<\/p>\n<p>l) Avukatl\u0131k Hukuku %2,50,<\/p>\n<p>m) Hukuk Felsefesi ve Sosyolojisi %2,50,<\/p>\n<p>n) T\u00fcrk Hukuk Tarihi %2,50,<\/p>\n<p>o) Milletleraras\u0131 Hukuk %2,50,<\/p>\n<p>\u00f6) Milletleraras\u0131 \u00d6zel Hukuk %2,50,<\/p>\n<p>p) Genel Kamu Hukuku %2,50,<\/p>\n<p>\u015feklindedir ve y\u00fcz puan \u00fczerinden en az yetmi\u015f puan alanlar ba\u015far\u0131l\u0131 say\u0131l\u0131r.<\/p>\n<p>(3) \u0130dari Yarg\u0131 \u00d6n S\u0131nav\u0131nda alanlara g\u00f6re soru da\u011f\u0131l\u0131m\u0131;<\/p>\n<p>a) Anayasa Hukuku %7,50,<\/p>\n<p>b) Anayasa Yarg\u0131s\u0131 %2,50,<\/p>\n<p>c) \u0130dare Hukuku %10,<\/p>\n<p>\u00e7) T\u00fcrk \u0130dari Te\u015fkilat\u0131 %5,<\/p>\n<p>d) \u0130dari Yarg\u0131lama Usul\u00fc %7,50,<\/p>\n<p>e) Medeni Hukuk %7,50,<\/p>\n<p>f) Bor\u00e7lar Hukuku (Genel H\u00fck\u00fcmler) %7,50,<\/p>\n<p>g) Ticari \u0130\u015fletme ve \u015eirketler Hukuku %2,50,<\/p>\n<p>\u011f) Hukuk Yarg\u0131lama Usul\u00fc %5,<\/p>\n<p>h) Ceza Hukuku (Genel H\u00fck\u00fcmler) %5,<\/p>\n<p>\u0131) Ceza Yarg\u0131lama Usul\u00fc %2,50,<\/p>\n<p>i) Vergi Hukuku %10,<\/p>\n<p>j) Vergi Usul Hukuku %5,<\/p>\n<p>k) Maliye ve Ekonomi %7,50,<\/p>\n<p>l) \u0130mar ve \u00c7evre Hukuku %2,50,<\/p>\n<p>m) Hukuk Felsefesi ve Sosyolojisi %2,50,<\/p>\n<p>n) Milletleraras\u0131 Hukuk %2,50,<\/p>\n<p>o) Milletleraras\u0131 \u00d6zel Hukuk %2,50,<\/p>\n<p>\u00f6) Genel Kamu Hukuku %2,50,<\/p>\n<p>p) Sosyal G\u00fcvenlik Hukuku %2,50,<\/p>\n<p>\u015feklindedir ve y\u00fcz puan \u00fczerinden en az yetmi\u015f puan alanlar ba\u015far\u0131l\u0131 say\u0131l\u0131r.\u201d<\/p>\n<p>MADDE 2- Bu Y\u00f6netmelik yay\u0131m\u0131 tarihinde y\u00fcr\u00fcrl\u00fc\u011fe girer.<\/p>\n<p>MADDE 3- Bu Y\u00f6netmelik h\u00fck\u00fcmlerini Adalet Bakan\u0131 y\u00fcr\u00fct\u00fcr.<\/p>\n<p>\u200bHukuk Mesleklerine Giri\u015f S\u0131nav\u0131 ve \u0130dari Yarg\u0131 \u00d6n S\u0131nav\u0131 Y\u00f6netmeli\u011finde De\u011fi\u015fiklik Yap\u0131lmas\u0131na Dair Y\u00f6netmelik, 15 Ocak 2025 Tarihli ve 32783 Say\u0131l\u0131 Resm\u00ee Gazete&#8217;de yay\u0131mland\u0131. De\u011fi\u015fiklik ile birlikte s\u0131navlardaki soru say\u0131s\u0131 100&#8217;den 120&#8217;ye y\u00fckseltildi.\u00a0Hukuki Haber<\/p>","protected":false},"excerpt":{"rendered":"<p>Adalet Bakanl\u0131\u011f\u0131 taraf\u0131ndan Resmi Gazete&#8217;de yay\u0131mlanan Hukuk Mesleklerine Giri\u015f S\u0131nav\u0131 ve \u0130dari Yarg\u0131 \u00d6n S\u0131nav\u0131n\u0131n Y\u00f6netmeli\u011finde De\u011fi\u015fiklik Yap\u0131lmas\u0131na Dair Y\u00f6netmelik ile s\u0131navlarda de\u011fi\u015fikli\u011fe gidildi. Y\u00f6netmelikte yap\u0131lan de\u011fi\u015fiklik kapsam\u0131nda; Hukuk Mesleklerine Giri\u015f S\u0131nav\u0131 ve \u0130dari Yarg\u0131 \u00d6n S\u0131nav\u0131ndaki soru say\u0131s\u0131 100&#8217;den 120&#8217;ye \u00e7\u0131kar\u0131ld\u0131. Milletleraras\u0131 Hukuk, Milletleraras\u0131 \u00d6zel Hukuk, Genel Kamu Hukuku ve Sosyal G\u00fcvenlik Hukuku s\u0131nav konular\u0131na dahil edildi. Adalet Bakanl\u0131\u011f\u0131ndan: HUKUK MESLEKLER\u0130NE G\u0130R\u0130\u015e SINAVI VE \u0130DAR\u0130 YARGI \u00d6N SINAVI Y\u00d6NETMEL\u0130\u011e\u0130NDE DE\u011e\u0130\u015e\u0130KL\u0130K YAPILMASINA DA\u0130R Y\u00d6NETMEL\u0130K MADDE 1- 8\/5\/2024 tarihli ve 32540 say\u0131l\u0131 Resm\u00ee Gazete\u2019de yay\u0131mlanan Hukuk Mesleklerine Giri\u015f S\u0131nav\u0131 ve \u0130dari Yarg\u0131 \u00d6n S\u0131nav\u0131 Y\u00f6netmeli\u011finin 9 uncu maddesinin birinci, ikinci ve \u00fc\u00e7\u00fcnc\u00fc f\u0131kralar\u0131 a\u015fa\u011f\u0131daki \u015fekilde de\u011fi\u015ftirilmi\u015ftir. \u201c(1) S\u0131navlarda ilgililerin 2547 say\u0131l\u0131 Kanunun ek 41 inci maddesinde say\u0131lan alanlardaki bilgileri \u00f6l\u00e7\u00fcl\u00fcr. S\u0131nav test \u015feklinde olup, \u00e7oktan se\u00e7meli en az y\u00fcz yirmi sorudan olu\u015fur. (2) Hukuk Mesleklerine Giri\u015f S\u0131nav\u0131nda alanlara g\u00f6re soru da\u011f\u0131l\u0131m\u0131; a) Anayasa Hukuku %5, b) Anayasa Yarg\u0131s\u0131 %2,50, c) \u0130dare Hukuku %5, \u00e7) \u0130dari Yarg\u0131lama Usul\u00fc %2,50, d) Medeni Hukuk %12,50, e) Bor\u00e7lar Hukuku %10, f) Ticaret Hukuku %10, g) Hukuk Yarg\u0131lama Usul\u00fc %10, \u011f) \u0130cra ve \u0130flas Hukuku %5, h) Ceza Hukuku %7,50, \u0131) Ceza Yarg\u0131lama Usul\u00fc %5, i) \u0130\u015f ve Sosyal G\u00fcvenlik Hukuku %5, j) Vergi Hukuku %2,50, &hellip;<\/p>","protected":false},"author":3,"featured_media":0,"comment_status":"open","ping_status":"open","sticky":false,"template":"","format":"standard","meta":{"_acf_changed":false,"footnotes":""},"categories":[27],"tags":[],"class_list":["post-27046","post","type-post","status-publish","format-standard","has-post-thumbnail","hentry","category-hukukihaber"],"acf":[],"yoast_head":"<!-- This site is optimized with the Yoast SEO Premium plugin v26.6 (Yoast SEO v27.1.1) - https:\/\/yoast.com\/product\/yoast-seo-premium-wordpress\/ -->\n<title>Hukuk Mesleklerine Giri\u015f S\u0131nav\u0131 ve \u0130dari Yarg\u0131 \u00d6n S\u0131nav\u0131 Y\u00f6netmeli\u011finde De\u011fi\u015fiklik - Av. Deniz Can K\u0131z\u0131l<\/title>\n<meta name=\"robots\" content=\"index, follow, max-snippet:-1, max-image-preview:large, max-video-preview:-1\" \/>\n<link rel=\"canonical\" href=\"https:\/\/denizcankizil.tr\/de\/hukukihaber\/hukuk-mesleklerine-giris-sinavi-ve-idari-yargi-on-sinavi-yonetmeliginde-degisiklik\/\" \/>\n<meta property=\"og:locale\" content=\"de_DE\" \/>\n<meta property=\"og:type\" content=\"article\" \/>\n<meta property=\"og:title\" content=\"Hukuk Mesleklerine Giri\u015f S\u0131nav\u0131 ve \u0130dari Yarg\u0131 \u00d6n S\u0131nav\u0131 Y\u00f6netmeli\u011finde De\u011fi\u015fiklik\" \/>\n<meta property=\"og:description\" content=\"Adalet Bakanl\u0131\u011f\u0131 taraf\u0131ndan Resmi Gazete&#8217;de yay\u0131mlanan Hukuk Mesleklerine Giri\u015f S\u0131nav\u0131 ve \u0130dari Yarg\u0131 \u00d6n S\u0131nav\u0131n\u0131n Y\u00f6netmeli\u011finde De\u011fi\u015fiklik Yap\u0131lmas\u0131na Dair Y\u00f6netmelik ile s\u0131navlarda de\u011fi\u015fikli\u011fe gidildi. Y\u00f6netmelikte yap\u0131lan de\u011fi\u015fiklik kapsam\u0131nda; Hukuk Mesleklerine Giri\u015f S\u0131nav\u0131 ve \u0130dari Yarg\u0131 \u00d6n S\u0131nav\u0131ndaki soru say\u0131s\u0131 100&#8217;den 120&#8217;ye \u00e7\u0131kar\u0131ld\u0131. Milletleraras\u0131 Hukuk, Milletleraras\u0131 \u00d6zel Hukuk, Genel Kamu Hukuku ve Sosyal G\u00fcvenlik Hukuku s\u0131nav konular\u0131na dahil edildi. Adalet Bakanl\u0131\u011f\u0131ndan: HUKUK MESLEKLER\u0130NE G\u0130R\u0130\u015e SINAVI VE \u0130DAR\u0130 YARGI \u00d6N SINAVI Y\u00d6NETMEL\u0130\u011e\u0130NDE DE\u011e\u0130\u015e\u0130KL\u0130K YAPILMASINA DA\u0130R Y\u00d6NETMEL\u0130K MADDE 1- 8\/5\/2024 tarihli ve 32540 say\u0131l\u0131 Resm\u00ee Gazete\u2019de yay\u0131mlanan Hukuk Mesleklerine Giri\u015f S\u0131nav\u0131 ve \u0130dari Yarg\u0131 \u00d6n S\u0131nav\u0131 Y\u00f6netmeli\u011finin 9 uncu maddesinin birinci, ikinci ve \u00fc\u00e7\u00fcnc\u00fc f\u0131kralar\u0131 a\u015fa\u011f\u0131daki \u015fekilde de\u011fi\u015ftirilmi\u015ftir. \u201c(1) S\u0131navlarda ilgililerin 2547 say\u0131l\u0131 Kanunun ek 41 inci maddesinde say\u0131lan alanlardaki bilgileri \u00f6l\u00e7\u00fcl\u00fcr. S\u0131nav test \u015feklinde olup, \u00e7oktan se\u00e7meli en az y\u00fcz yirmi sorudan olu\u015fur. (2) Hukuk Mesleklerine Giri\u015f S\u0131nav\u0131nda alanlara g\u00f6re soru da\u011f\u0131l\u0131m\u0131; a) Anayasa Hukuku %5, b) Anayasa Yarg\u0131s\u0131 %2,50, c) \u0130dare Hukuku %5, \u00e7) \u0130dari Yarg\u0131lama Usul\u00fc %2,50, d) Medeni Hukuk %12,50, e) Bor\u00e7lar Hukuku %10, f) Ticaret Hukuku %10, g) Hukuk Yarg\u0131lama Usul\u00fc %10, \u011f) \u0130cra ve \u0130flas Hukuku %5, h) Ceza Hukuku %7,50, \u0131) Ceza Yarg\u0131lama Usul\u00fc %5, i) \u0130\u015f ve Sosyal G\u00fcvenlik Hukuku %5, j) Vergi Hukuku %2,50, &hellip;\" \/>\n<meta property=\"og:url\" content=\"https:\/\/denizcankizil.tr\/de\/hukukihaber\/hukuk-mesleklerine-giris-sinavi-ve-idari-yargi-on-sinavi-yonetmeliginde-degisiklik\/\" \/>\n<meta property=\"og:site_name\" content=\"Av. Deniz Can K\u0131z\u0131l\" \/>\n<meta property=\"article:published_time\" content=\"2025-01-15T06:12:00+00:00\" \/>\n<meta name=\"author\" content=\"Hukuki Haber.net\" \/>\n<meta name=\"twitter:card\" content=\"summary_large_image\" \/>\n<meta name=\"twitter:label1\" content=\"Verfasst von\" \/>\n\t<meta name=\"twitter:data1\" content=\"Hukuki Haber.net\" \/>\n\t<meta name=\"twitter:label2\" content=\"Gesch\u00e4tzte Lesezeit\" \/>\n\t<meta name=\"twitter:data2\" content=\"2\u00a0Minuten\" \/>\n<script type=\"application\/ld+json\" class=\"yoast-schema-graph\">{\"@context\":\"https:\/\/schema.org\",\"@graph\":[{\"@type\":\"Article\",\"@id\":\"https:\/\/denizcankizil.tr\/de\/hukukihaber\/hukuk-mesleklerine-giris-sinavi-ve-idari-yargi-on-sinavi-yonetmeliginde-degisiklik\/#article\",\"isPartOf\":{\"@id\":\"https:\/\/denizcankizil.tr\/de\/hukukihaber\/hukuk-mesleklerine-giris-sinavi-ve-idari-yargi-on-sinavi-yonetmeliginde-degisiklik\/\"},\"author\":{\"name\":\"Hukuki Haber.net\",\"@id\":\"https:\/\/denizcankizil.tr\/#\/schema\/person\/001a271de994a0aa3f90eea084424822\"},\"headline\":\"Hukuk Mesleklerine Giri\u015f S\u0131nav\u0131 ve \u0130dari Yarg\u0131 \u00d6n S\u0131nav\u0131 Y\u00f6netmeli\u011finde De\u011fi\u015fiklik\",\"datePublished\":\"2025-01-15T06:12:00+00:00\",\"mainEntityOfPage\":{\"@id\":\"https:\/\/denizcankizil.tr\/de\/hukukihaber\/hukuk-mesleklerine-giris-sinavi-ve-idari-yargi-on-sinavi-yonetmeliginde-degisiklik\/\"},\"wordCount\":506,\"commentCount\":0,\"publisher\":{\"@id\":\"https:\/\/denizcankizil.tr\/#organization\"},\"articleSection\":[\"Hukuki Haberler\"],\"inLanguage\":\"de\",\"potentialAction\":[{\"@type\":\"CommentAction\",\"name\":\"Comment\",\"target\":[\"https:\/\/denizcankizil.tr\/de\/hukukihaber\/hukuk-mesleklerine-giris-sinavi-ve-idari-yargi-on-sinavi-yonetmeliginde-degisiklik\/#respond\"]}]},{\"@type\":\"WebPage\",\"@id\":\"https:\/\/denizcankizil.tr\/de\/hukukihaber\/hukuk-mesleklerine-giris-sinavi-ve-idari-yargi-on-sinavi-yonetmeliginde-degisiklik\/\",\"url\":\"https:\/\/denizcankizil.tr\/de\/hukukihaber\/hukuk-mesleklerine-giris-sinavi-ve-idari-yargi-on-sinavi-yonetmeliginde-degisiklik\/\",\"name\":\"Hukuk Mesleklerine Giri\u015f S\u0131nav\u0131 ve \u0130dari Yarg\u0131 \u00d6n S\u0131nav\u0131 Y\u00f6netmeli\u011finde De\u011fi\u015fiklik - Av. Deniz Can K\u0131z\u0131l\",\"isPartOf\":{\"@id\":\"https:\/\/denizcankizil.tr\/#website\"},\"datePublished\":\"2025-01-15T06:12:00+00:00\",\"breadcrumb\":{\"@id\":\"https:\/\/denizcankizil.tr\/de\/hukukihaber\/hukuk-mesleklerine-giris-sinavi-ve-idari-yargi-on-sinavi-yonetmeliginde-degisiklik\/#breadcrumb\"},\"inLanguage\":\"de\",\"potentialAction\":[{\"@type\":\"ReadAction\",\"target\":[\"https:\/\/denizcankizil.tr\/de\/hukukihaber\/hukuk-mesleklerine-giris-sinavi-ve-idari-yargi-on-sinavi-yonetmeliginde-degisiklik\/\"]}]},{\"@type\":\"BreadcrumbList\",\"@id\":\"https:\/\/denizcankizil.tr\/de\/hukukihaber\/hukuk-mesleklerine-giris-sinavi-ve-idari-yargi-on-sinavi-yonetmeliginde-degisiklik\/#breadcrumb\",\"itemListElement\":[{\"@type\":\"ListItem\",\"position\":1,\"name\":\"Home\",\"item\":\"https:\/\/denizcankizil.tr\/uk\/\"},{\"@type\":\"ListItem\",\"position\":2,\"name\":\"Hukuk Mesleklerine Giri\u015f S\u0131nav\u0131 ve \u0130dari Yarg\u0131 \u00d6n S\u0131nav\u0131 Y\u00f6netmeli\u011finde De\u011fi\u015fiklik\"}]},{\"@type\":\"WebSite\",\"@id\":\"https:\/\/denizcankizil.tr\/#website\",\"url\":\"https:\/\/denizcankizil.tr\/\",\"name\":\"Av. Deniz Can K\u0131z\u0131l\",\"description\":\"Avukat Deniz Can K\u0131z\u0131l Antalya Barosu\",\"publisher\":{\"@id\":\"https:\/\/denizcankizil.tr\/#organization\"},\"potentialAction\":[{\"@type\":\"SearchAction\",\"target\":{\"@type\":\"EntryPoint\",\"urlTemplate\":\"https:\/\/denizcankizil.tr\/?s={search_term_string}\"},\"query-input\":{\"@type\":\"PropertyValueSpecification\",\"valueRequired\":true,\"valueName\":\"search_term_string\"}}],\"inLanguage\":\"de\"},{\"@type\":\"Organization\",\"@id\":\"https:\/\/denizcankizil.tr\/#organization\",\"name\":\"Av. Deniz Can K\u0131z\u0131l\",\"url\":\"https:\/\/denizcankizil.tr\/\",\"logo\":{\"@type\":\"ImageObject\",\"inLanguage\":\"de\",\"@id\":\"https:\/\/denizcankizil.tr\/#\/schema\/logo\/image\/\",\"url\":\"https:\/\/denizcankizil.tr\/wp-content\/uploads\/2024\/10\/siyah-logo-svg.svg\",\"contentUrl\":\"https:\/\/denizcankizil.tr\/wp-content\/uploads\/2024\/10\/siyah-logo-svg.svg\",\"width\":1080,\"height\":1080,\"caption\":\"Av. Deniz Can K\u0131z\u0131l\"},\"image\":{\"@id\":\"https:\/\/denizcankizil.tr\/#\/schema\/logo\/image\/\"}},{\"@type\":\"Person\",\"@id\":\"https:\/\/denizcankizil.tr\/#\/schema\/person\/001a271de994a0aa3f90eea084424822\",\"name\":\"Hukuki Haber.net\",\"image\":{\"@type\":\"ImageObject\",\"inLanguage\":\"de\",\"@id\":\"https:\/\/denizcankizil.tr\/#\/schema\/person\/image\/\",\"url\":\"https:\/\/secure.gravatar.com\/avatar\/57d8a49151495586611a149d29fc42865b951dc053a84709a3172ccb5abf3118?s=96&d=mm&r=g\",\"contentUrl\":\"https:\/\/secure.gravatar.com\/avatar\/57d8a49151495586611a149d29fc42865b951dc053a84709a3172ccb5abf3118?s=96&d=mm&r=g\",\"caption\":\"Hukuki Haber.net\"},\"sameAs\":[\"http:\/\/www.hukukihaber.net\"],\"url\":\"https:\/\/www.hukukihaber.net\/hukuk-mesleklerine-giris-sinavi-ve-idari-yargi-on-sinavi-yonetmeliginde-degisiklik\"}]}<\/script>\n<!-- \/ Yoast SEO Premium plugin. -->","yoast_head_json":{"title":"Hukuk Mesleklerine Giri\u015f S\u0131nav\u0131 ve \u0130dari Yarg\u0131 \u00d6n S\u0131nav\u0131 Y\u00f6netmeli\u011finde De\u011fi\u015fiklik - Av. Deniz Can K\u0131z\u0131l","robots":{"index":"index","follow":"follow","max-snippet":"max-snippet:-1","max-image-preview":"max-image-preview:large","max-video-preview":"max-video-preview:-1"},"canonical":"https:\/\/denizcankizil.tr\/de\/hukukihaber\/hukuk-mesleklerine-giris-sinavi-ve-idari-yargi-on-sinavi-yonetmeliginde-degisiklik\/","og_locale":"de_DE","og_type":"article","og_title":"Hukuk Mesleklerine Giri\u015f S\u0131nav\u0131 ve \u0130dari Yarg\u0131 \u00d6n S\u0131nav\u0131 Y\u00f6netmeli\u011finde De\u011fi\u015fiklik","og_description":"Adalet Bakanl\u0131\u011f\u0131 taraf\u0131ndan Resmi Gazete&#8217;de yay\u0131mlanan Hukuk Mesleklerine Giri\u015f S\u0131nav\u0131 ve \u0130dari Yarg\u0131 \u00d6n S\u0131nav\u0131n\u0131n Y\u00f6netmeli\u011finde De\u011fi\u015fiklik Yap\u0131lmas\u0131na Dair Y\u00f6netmelik ile s\u0131navlarda de\u011fi\u015fikli\u011fe gidildi. Y\u00f6netmelikte yap\u0131lan de\u011fi\u015fiklik kapsam\u0131nda; Hukuk Mesleklerine Giri\u015f S\u0131nav\u0131 ve \u0130dari Yarg\u0131 \u00d6n S\u0131nav\u0131ndaki soru say\u0131s\u0131 100&#8217;den 120&#8217;ye \u00e7\u0131kar\u0131ld\u0131. Milletleraras\u0131 Hukuk, Milletleraras\u0131 \u00d6zel Hukuk, Genel Kamu Hukuku ve Sosyal G\u00fcvenlik Hukuku s\u0131nav konular\u0131na dahil edildi. Adalet Bakanl\u0131\u011f\u0131ndan: HUKUK MESLEKLER\u0130NE G\u0130R\u0130\u015e SINAVI VE \u0130DAR\u0130 YARGI \u00d6N SINAVI Y\u00d6NETMEL\u0130\u011e\u0130NDE DE\u011e\u0130\u015e\u0130KL\u0130K YAPILMASINA DA\u0130R Y\u00d6NETMEL\u0130K MADDE 1- 8\/5\/2024 tarihli ve 32540 say\u0131l\u0131 Resm\u00ee Gazete\u2019de yay\u0131mlanan Hukuk Mesleklerine Giri\u015f S\u0131nav\u0131 ve \u0130dari Yarg\u0131 \u00d6n S\u0131nav\u0131 Y\u00f6netmeli\u011finin 9 uncu maddesinin birinci, ikinci ve \u00fc\u00e7\u00fcnc\u00fc f\u0131kralar\u0131 a\u015fa\u011f\u0131daki \u015fekilde de\u011fi\u015ftirilmi\u015ftir. \u201c(1) S\u0131navlarda ilgililerin 2547 say\u0131l\u0131 Kanunun ek 41 inci maddesinde say\u0131lan alanlardaki bilgileri \u00f6l\u00e7\u00fcl\u00fcr. S\u0131nav test \u015feklinde olup, \u00e7oktan se\u00e7meli en az y\u00fcz yirmi sorudan olu\u015fur. (2) Hukuk Mesleklerine Giri\u015f S\u0131nav\u0131nda alanlara g\u00f6re soru da\u011f\u0131l\u0131m\u0131; a) Anayasa Hukuku %5, b) Anayasa Yarg\u0131s\u0131 %2,50, c) \u0130dare Hukuku %5, \u00e7) \u0130dari Yarg\u0131lama Usul\u00fc %2,50, d) Medeni Hukuk %12,50, e) Bor\u00e7lar Hukuku %10, f) Ticaret Hukuku %10, g) Hukuk Yarg\u0131lama Usul\u00fc %10, \u011f) \u0130cra ve \u0130flas Hukuku %5, h) Ceza Hukuku %7,50, \u0131) Ceza Yarg\u0131lama Usul\u00fc %5, i) \u0130\u015f ve Sosyal G\u00fcvenlik Hukuku %5, j) Vergi Hukuku %2,50, &hellip;","og_url":"https:\/\/denizcankizil.tr\/de\/hukukihaber\/hukuk-mesleklerine-giris-sinavi-ve-idari-yargi-on-sinavi-yonetmeliginde-degisiklik\/","og_site_name":"Av. Deniz Can K\u0131z\u0131l","article_published_time":"2025-01-15T06:12:00+00:00","author":"Hukuki Haber.net","twitter_card":"summary_large_image","twitter_misc":{"Verfasst von":"Hukuki Haber.net","Gesch\u00e4tzte Lesezeit":"2\u00a0Minuten"},"schema":{"@context":"https:\/\/schema.org","@graph":[{"@type":"Article","@id":"https:\/\/denizcankizil.tr\/de\/hukukihaber\/hukuk-mesleklerine-giris-sinavi-ve-idari-yargi-on-sinavi-yonetmeliginde-degisiklik\/#article","isPartOf":{"@id":"https:\/\/denizcankizil.tr\/de\/hukukihaber\/hukuk-mesleklerine-giris-sinavi-ve-idari-yargi-on-sinavi-yonetmeliginde-degisiklik\/"},"author":{"name":"Hukuki Haber.net","@id":"https:\/\/denizcankizil.tr\/#\/schema\/person\/001a271de994a0aa3f90eea084424822"},"headline":"Hukuk Mesleklerine Giri\u015f S\u0131nav\u0131 ve \u0130dari Yarg\u0131 \u00d6n S\u0131nav\u0131 Y\u00f6netmeli\u011finde De\u011fi\u015fiklik","datePublished":"2025-01-15T06:12:00+00:00","mainEntityOfPage":{"@id":"https:\/\/denizcankizil.tr\/de\/hukukihaber\/hukuk-mesleklerine-giris-sinavi-ve-idari-yargi-on-sinavi-yonetmeliginde-degisiklik\/"},"wordCount":506,"commentCount":0,"publisher":{"@id":"https:\/\/denizcankizil.tr\/#organization"},"articleSection":["Hukuki Haberler"],"inLanguage":"de","potentialAction":[{"@type":"CommentAction","name":"Comment","target":["https:\/\/denizcankizil.tr\/de\/hukukihaber\/hukuk-mesleklerine-giris-sinavi-ve-idari-yargi-on-sinavi-yonetmeliginde-degisiklik\/#respond"]}]},{"@type":"WebPage","@id":"https:\/\/denizcankizil.tr\/de\/hukukihaber\/hukuk-mesleklerine-giris-sinavi-ve-idari-yargi-on-sinavi-yonetmeliginde-degisiklik\/","url":"https:\/\/denizcankizil.tr\/de\/hukukihaber\/hukuk-mesleklerine-giris-sinavi-ve-idari-yargi-on-sinavi-yonetmeliginde-degisiklik\/","name":"Hukuk Mesleklerine Giri\u015f S\u0131nav\u0131 ve \u0130dari Yarg\u0131 \u00d6n S\u0131nav\u0131 Y\u00f6netmeli\u011finde De\u011fi\u015fiklik - Av. Deniz Can K\u0131z\u0131l","isPartOf":{"@id":"https:\/\/denizcankizil.tr\/#website"},"datePublished":"2025-01-15T06:12:00+00:00","breadcrumb":{"@id":"https:\/\/denizcankizil.tr\/de\/hukukihaber\/hukuk-mesleklerine-giris-sinavi-ve-idari-yargi-on-sinavi-yonetmeliginde-degisiklik\/#breadcrumb"},"inLanguage":"de","potentialAction":[{"@type":"ReadAction","target":["https:\/\/denizcankizil.tr\/de\/hukukihaber\/hukuk-mesleklerine-giris-sinavi-ve-idari-yargi-on-sinavi-yonetmeliginde-degisiklik\/"]}]},{"@type":"BreadcrumbList","@id":"https:\/\/denizcankizil.tr\/de\/hukukihaber\/hukuk-mesleklerine-giris-sinavi-ve-idari-yargi-on-sinavi-yonetmeliginde-degisiklik\/#breadcrumb","itemListElement":[{"@type":"ListItem","position":1,"name":"Home","item":"https:\/\/denizcankizil.tr\/uk\/"},{"@type":"ListItem","position":2,"name":"Hukuk Mesleklerine Giri\u015f S\u0131nav\u0131 ve \u0130dari Yarg\u0131 \u00d6n S\u0131nav\u0131 Y\u00f6netmeli\u011finde De\u011fi\u015fiklik"}]},{"@type":"WebSite","@id":"https:\/\/denizcankizil.tr\/#website","url":"https:\/\/denizcankizil.tr\/","name":"Av. Deniz Can K\u0131z\u0131l","description":"Avukat Deniz Can K\u0131z\u0131l Antalya Barosu","publisher":{"@id":"https:\/\/denizcankizil.tr\/#organization"},"potentialAction":[{"@type":"SearchAction","target":{"@type":"EntryPoint","urlTemplate":"https:\/\/denizcankizil.tr\/?s={search_term_string}"},"query-input":{"@type":"PropertyValueSpecification","valueRequired":true,"valueName":"search_term_string"}}],"inLanguage":"de"},{"@type":"Organization","@id":"https:\/\/denizcankizil.tr\/#organization","name":"Av. Deniz Can K\u0131z\u0131l","url":"https:\/\/denizcankizil.tr\/","logo":{"@type":"ImageObject","inLanguage":"de","@id":"https:\/\/denizcankizil.tr\/#\/schema\/logo\/image\/","url":"https:\/\/denizcankizil.tr\/wp-content\/uploads\/2024\/10\/siyah-logo-svg.svg","contentUrl":"https:\/\/denizcankizil.tr\/wp-content\/uploads\/2024\/10\/siyah-logo-svg.svg","width":1080,"height":1080,"caption":"Av. Deniz Can K\u0131z\u0131l"},"image":{"@id":"https:\/\/denizcankizil.tr\/#\/schema\/logo\/image\/"}},{"@type":"Person","@id":"https:\/\/denizcankizil.tr\/#\/schema\/person\/001a271de994a0aa3f90eea084424822","name":"Hukuki Haber.net","image":{"@type":"ImageObject","inLanguage":"de","@id":"https:\/\/denizcankizil.tr\/#\/schema\/person\/image\/","url":"https:\/\/secure.gravatar.com\/avatar\/57d8a49151495586611a149d29fc42865b951dc053a84709a3172ccb5abf3118?s=96&d=mm&r=g","contentUrl":"https:\/\/secure.gravatar.com\/avatar\/57d8a49151495586611a149d29fc42865b951dc053a84709a3172ccb5abf3118?s=96&d=mm&r=g","caption":"Hukuki Haber.net"},"sameAs":["http:\/\/www.hukukihaber.net"],"url":"https:\/\/www.hukukihaber.net\/hukuk-mesleklerine-giris-sinavi-ve-idari-yargi-on-sinavi-yonetmeliginde-degisiklik"}]}},"_links":{"self":[{"href":"https:\/\/denizcankizil.tr\/de\/wp-json\/wp\/v2\/posts\/27046","targetHints":{"allow":["GET"]}}],"collection":[{"href":"https:\/\/denizcankizil.tr\/de\/wp-json\/wp\/v2\/posts"}],"about":[{"href":"https:\/\/denizcankizil.tr\/de\/wp-json\/wp\/v2\/types\/post"}],"author":[{"embeddable":true,"href":"https:\/\/denizcankizil.tr\/de\/wp-json\/wp\/v2\/users\/3"}],"replies":[{"embeddable":true,"href":"https:\/\/denizcankizil.tr\/de\/wp-json\/wp\/v2\/comments?post=27046"}],"version-history":[{"count":0,"href":"https:\/\/denizcankizil.tr\/de\/wp-json\/wp\/v2\/posts\/27046\/revisions"}],"wp:attachment":[{"href":"https:\/\/denizcankizil.tr\/de\/wp-json\/wp\/v2\/media?parent=27046"}],"wp:term":[{"taxonomy":"category","embeddable":true,"href":"https:\/\/denizcankizil.tr\/de\/wp-json\/wp\/v2\/categories?post=27046"},{"taxonomy":"post_tag","embeddable":true,"href":"https:\/\/denizcankizil.tr\/de\/wp-json\/wp\/v2\/tags?post=27046"}],"curies":[{"name":"wp","href":"https:\/\/api.w.org\/{rel}","templated":true}]}}