{"id":26970,"date":"2025-01-23T15:41:46","date_gmt":"2025-01-23T12:41:46","guid":{"rendered":"https:\/\/denizcankizil.tr\/uncategorized-tr\/bolu-faciasinda-12nci-kattan-atlamisti-esra-son-yolculuguna-ugurlandi\/"},"modified":"2025-01-23T15:41:46","modified_gmt":"2025-01-23T12:41:46","slug":"bolu-faciasinda-12nci-kattan-atlamisti-esra-son-yolculuguna-ugurlandi","status":"publish","type":"post","link":"https:\/\/denizcankizil.tr\/de\/haberler\/gundem\/bolu-faciasinda-12nci-kattan-atlamisti-esra-son-yolculuguna-ugurlandi\/","title":{"rendered":"Bolu facias\u0131nda 12&#8217;nci kattan atlam\u0131\u015ft\u0131! Esra son yolculu\u011funa u\u011furland\u0131"},"content":{"rendered":"<p>Bolu Kartalkaya&#8217;da ya\u015fanan otel yang\u0131n\u0131 facias\u0131nda hayat\u0131n\u0131 kaybeden 25 ya\u015f\u0131ndaki Esra Nazik&#8217;in cenazesi memleketi Konya&#8217;da son yolculu\u011funa u\u011furland\u0131. G\u00f6zya\u015flar\u0131 e\u015fli\u011finde u\u011furlanan Esra&#8217;n\u0131n yang\u0131n an\u0131nda odalardan atlay\u0131p hayat\u0131n\u0131 kaybetti\u011fi \u00f6\u011frenilmi\u015fti\u00a0<\/p>\n<p>KONYA&#8217;DA SON YOLCULU\u011eUNA U\u011eURLANDI\u00a0<\/p>\n<p>Edinilen bilgiye g\u00f6re, Bolu Kartalkaya Kayak Merkezi&#8217;ndeki Grand Kartal Otel&#8217;de \u00e7\u0131kan yang\u0131nda hayat\u0131n\u0131 kaybeden Esra Nazik&#8217;in cenazesi Ankara Adli T\u0131p Kurumu&#8217;nda tamamlanan i\u015flemlerinin ard\u0131ndan d\u00fcn ailesine teslim edildi. Nazik&#8217;in cenazesi ailesi taraf\u0131ndan memleketi Konya&#8217;ya getirildi. Esra Nazik i\u00e7in Meram Anasultan Mezarl\u0131\u011f\u0131nda cenaze t\u00f6reni d\u00fczenlendi. Cenaze namaz\u0131 i\u00e7in getirilen Nazik&#8217;in tabutuna \u00f6nce annesi \u015eerife Nazik daha sonra babas\u0131 S\u00fcleyman Nazik sar\u0131larak vedala\u015ft\u0131. \u00d6\u011fle namaz\u0131n\u0131 m\u00fcteakip k\u0131l\u0131nan cenaze namaz\u0131n\u0131n ard\u0131ndan Nazik&#8217;in cenazesi Anasultan Mezarl\u0131\u011f\u0131nda defnedildi.<\/p>\n<p>B\u0130R AY \u00d6NCE \u0130\u015eE BA\u015eLAMI\u015eTI\u00a0<\/p>\n<p>Cenaze namaz\u0131na, Esra Nazik&#8217;in ailesi, yak\u0131nlar\u0131, \u00c7evre, \u015eehircilik ve \u0130klim De\u011fi\u015fikli\u011fi Bakan Yard\u0131mc\u0131s\u0131 Burak Demiralp, Konya Valisi \u0130brahim Ak\u0131n, Konya \u0130l Emniyet M\u00fcd\u00fcr\u00fc Maksut Y\u00fcksek, AK Parti Konya \u0130l Ba\u015fkan\u0131 Fatih \u00d6zg\u00f6k\u00e7en, Meram Belediye Ba\u015fkan\u0131 Mustafa Kavu\u015f, arkada\u015flar\u0131 ve vatanda\u015flar kat\u0131ld\u0131. Akdeniz \u00dcniversitesi Gastronomi B\u00f6l\u00fcm\u00fc&#8217;nden mezun olan Esra Nazik&#8217;in 1 ay \u00f6nce i\u015fe ba\u015flad\u0131\u011f\u0131 ve yan\u0131ndaki iki oda arkada\u015f\u0131yla otelin 12. kat\u0131nda kald\u0131klar\u0131, yang\u0131n s\u0131ras\u0131nda telefonla ailesini arad\u0131\u011f\u0131, yang\u0131n \u00e7\u0131kt\u0131\u011f\u0131n\u0131 s\u00f6yleyerek telefonu kapatt\u0131\u011f\u0131 \u00f6\u011frenildi. Esra Nazik&#8217;in oda arkada\u015flar\u0131 Esra ve \u015eevval de yang\u0131nda 12. kattaki odalar\u0131ndan atlay\u0131p hayat\u0131n\u0131 kaybetti. \u00a0\u00a0 \u00a0<\/p>\n<p> \u00a0<\/p>\n<p>\u00a0 \u00a0 \u00a0 \u00a0 \u00a0 \u00a0 \u00a0 \u00a0 \u00a0 \u00a0 \u00a0 \u00a0 \u00a0 \u00a0 \u00a0 \u00a0\u00a0<\/p>\n<p>\u200bAkdeniz \u00dcniversitesi Gastronomi mezunu 25 ya\u015f\u0131ndaki Esra Nazik, Bolu Kartalkaya&#8217;da otel yang\u0131n\u0131ndan kurtulmak i\u00e7in 12&#8217;nci kattan atlayarak hayat\u0131n\u0131 kaybetti. Nazik, memleketi Konya&#8217;da g\u00f6zya\u015flar\u0131 e\u015fli\u011finde son yolculu\u011funa u\u011furland\u0131.\u00a0<\/p>\n<p>\u200bHaberin Al\u0131nt\u0131land\u0131\u011f\u0131 Kaynak: www.antalyakorfez.com<\/p>","protected":false},"excerpt":{"rendered":"<p>Bolu Kartalkaya&#8217;da ya\u015fanan otel yang\u0131n\u0131 facias\u0131nda hayat\u0131n\u0131 kaybeden 25 ya\u015f\u0131ndaki Esra Nazik&#8217;in cenazesi memleketi Konya&#8217;da son yolculu\u011funa u\u011furland\u0131. G\u00f6zya\u015flar\u0131 e\u015fli\u011finde u\u011furlanan Esra&#8217;n\u0131n yang\u0131n an\u0131nda odalardan atlay\u0131p hayat\u0131n\u0131 kaybetti\u011fi \u00f6\u011frenilmi\u015fti\u00a0 KONYA&#8217;DA SON YOLCULU\u011eUNA U\u011eURLANDI\u00a0 Edinilen bilgiye g\u00f6re, Bolu Kartalkaya Kayak Merkezi&#8217;ndeki Grand Kartal Otel&#8217;de \u00e7\u0131kan yang\u0131nda hayat\u0131n\u0131 kaybeden Esra Nazik&#8217;in cenazesi Ankara Adli T\u0131p Kurumu&#8217;nda tamamlanan i\u015flemlerinin ard\u0131ndan d\u00fcn ailesine teslim edildi. Nazik&#8217;in cenazesi ailesi taraf\u0131ndan memleketi Konya&#8217;ya getirildi. Esra Nazik i\u00e7in Meram Anasultan Mezarl\u0131\u011f\u0131nda cenaze t\u00f6reni d\u00fczenlendi. Cenaze namaz\u0131 i\u00e7in getirilen Nazik&#8217;in tabutuna \u00f6nce annesi \u015eerife Nazik daha sonra babas\u0131 S\u00fcleyman Nazik sar\u0131larak vedala\u015ft\u0131. \u00d6\u011fle namaz\u0131n\u0131 m\u00fcteakip k\u0131l\u0131nan cenaze namaz\u0131n\u0131n ard\u0131ndan Nazik&#8217;in cenazesi Anasultan Mezarl\u0131\u011f\u0131nda defnedildi. B\u0130R AY \u00d6NCE \u0130\u015eE BA\u015eLAMI\u015eTI\u00a0 Cenaze namaz\u0131na, Esra Nazik&#8217;in ailesi, yak\u0131nlar\u0131, \u00c7evre, \u015eehircilik ve \u0130klim De\u011fi\u015fikli\u011fi Bakan Yard\u0131mc\u0131s\u0131 Burak Demiralp, Konya Valisi \u0130brahim Ak\u0131n, Konya \u0130l Emniyet M\u00fcd\u00fcr\u00fc Maksut Y\u00fcksek, AK Parti Konya \u0130l Ba\u015fkan\u0131 Fatih \u00d6zg\u00f6k\u00e7en, Meram Belediye Ba\u015fkan\u0131 Mustafa Kavu\u015f, arkada\u015flar\u0131 ve vatanda\u015flar kat\u0131ld\u0131. Akdeniz \u00dcniversitesi Gastronomi B\u00f6l\u00fcm\u00fc&#8217;nden mezun olan Esra Nazik&#8217;in 1 ay \u00f6nce i\u015fe ba\u015flad\u0131\u011f\u0131 ve yan\u0131ndaki iki oda arkada\u015f\u0131yla otelin 12. kat\u0131nda kald\u0131klar\u0131, yang\u0131n s\u0131ras\u0131nda telefonla ailesini arad\u0131\u011f\u0131, yang\u0131n \u00e7\u0131kt\u0131\u011f\u0131n\u0131 s\u00f6yleyerek telefonu kapatt\u0131\u011f\u0131 \u00f6\u011frenildi. Esra Nazik&#8217;in oda arkada\u015flar\u0131 Esra ve \u015eevval de yang\u0131nda 12. kattaki odalar\u0131ndan atlay\u0131p hayat\u0131n\u0131 kaybetti. &hellip;<\/p>","protected":false},"author":5,"featured_media":0,"comment_status":"open","ping_status":"open","sticky":false,"template":"","format":"standard","meta":{"_acf_changed":false,"footnotes":""},"categories":[24],"tags":[],"class_list":["post-26970","post","type-post","status-publish","format-standard","has-post-thumbnail","hentry","category-gundem"],"acf":[],"yoast_head":"<!-- This site is optimized with the Yoast SEO Premium plugin v26.6 (Yoast SEO v27.1.1) - https:\/\/yoast.com\/product\/yoast-seo-premium-wordpress\/ -->\n<title>Bolu facias\u0131nda 12&#039;nci kattan atlam\u0131\u015ft\u0131! Esra son yolculu\u011funa u\u011furland\u0131 - Av. Deniz Can K\u0131z\u0131l<\/title>\n<meta name=\"robots\" content=\"index, follow, max-snippet:-1, max-image-preview:large, max-video-preview:-1\" \/>\n<link rel=\"canonical\" href=\"https:\/\/denizcankizil.tr\/de\/haberler\/gundem\/bolu-faciasinda-12nci-kattan-atlamisti-esra-son-yolculuguna-ugurlandi\/\" \/>\n<meta property=\"og:locale\" content=\"de_DE\" \/>\n<meta property=\"og:type\" content=\"article\" \/>\n<meta property=\"og:title\" content=\"Bolu facias\u0131nda 12&#039;nci kattan atlam\u0131\u015ft\u0131! Esra son yolculu\u011funa u\u011furland\u0131\" \/>\n<meta property=\"og:description\" content=\"Bolu Kartalkaya&#8217;da ya\u015fanan otel yang\u0131n\u0131 facias\u0131nda hayat\u0131n\u0131 kaybeden 25 ya\u015f\u0131ndaki Esra Nazik&#8217;in cenazesi memleketi Konya&#8217;da son yolculu\u011funa u\u011furland\u0131. G\u00f6zya\u015flar\u0131 e\u015fli\u011finde u\u011furlanan Esra&#8217;n\u0131n yang\u0131n an\u0131nda odalardan atlay\u0131p hayat\u0131n\u0131 kaybetti\u011fi \u00f6\u011frenilmi\u015fti\u00a0 KONYA&#8217;DA SON YOLCULU\u011eUNA U\u011eURLANDI\u00a0 Edinilen bilgiye g\u00f6re, Bolu Kartalkaya Kayak Merkezi&#8217;ndeki Grand Kartal Otel&#8217;de \u00e7\u0131kan yang\u0131nda hayat\u0131n\u0131 kaybeden Esra Nazik&#8217;in cenazesi Ankara Adli T\u0131p Kurumu&#8217;nda tamamlanan i\u015flemlerinin ard\u0131ndan d\u00fcn ailesine teslim edildi. Nazik&#8217;in cenazesi ailesi taraf\u0131ndan memleketi Konya&#8217;ya getirildi. Esra Nazik i\u00e7in Meram Anasultan Mezarl\u0131\u011f\u0131nda cenaze t\u00f6reni d\u00fczenlendi. Cenaze namaz\u0131 i\u00e7in getirilen Nazik&#8217;in tabutuna \u00f6nce annesi \u015eerife Nazik daha sonra babas\u0131 S\u00fcleyman Nazik sar\u0131larak vedala\u015ft\u0131. \u00d6\u011fle namaz\u0131n\u0131 m\u00fcteakip k\u0131l\u0131nan cenaze namaz\u0131n\u0131n ard\u0131ndan Nazik&#8217;in cenazesi Anasultan Mezarl\u0131\u011f\u0131nda defnedildi. B\u0130R AY \u00d6NCE \u0130\u015eE BA\u015eLAMI\u015eTI\u00a0 Cenaze namaz\u0131na, Esra Nazik&#8217;in ailesi, yak\u0131nlar\u0131, \u00c7evre, \u015eehircilik ve \u0130klim De\u011fi\u015fikli\u011fi Bakan Yard\u0131mc\u0131s\u0131 Burak Demiralp, Konya Valisi \u0130brahim Ak\u0131n, Konya \u0130l Emniyet M\u00fcd\u00fcr\u00fc Maksut Y\u00fcksek, AK Parti Konya \u0130l Ba\u015fkan\u0131 Fatih \u00d6zg\u00f6k\u00e7en, Meram Belediye Ba\u015fkan\u0131 Mustafa Kavu\u015f, arkada\u015flar\u0131 ve vatanda\u015flar kat\u0131ld\u0131. Akdeniz \u00dcniversitesi Gastronomi B\u00f6l\u00fcm\u00fc&#8217;nden mezun olan Esra Nazik&#8217;in 1 ay \u00f6nce i\u015fe ba\u015flad\u0131\u011f\u0131 ve yan\u0131ndaki iki oda arkada\u015f\u0131yla otelin 12. kat\u0131nda kald\u0131klar\u0131, yang\u0131n s\u0131ras\u0131nda telefonla ailesini arad\u0131\u011f\u0131, yang\u0131n \u00e7\u0131kt\u0131\u011f\u0131n\u0131 s\u00f6yleyerek telefonu kapatt\u0131\u011f\u0131 \u00f6\u011frenildi. Esra Nazik&#8217;in oda arkada\u015flar\u0131 Esra ve \u015eevval de yang\u0131nda 12. kattaki odalar\u0131ndan atlay\u0131p hayat\u0131n\u0131 kaybetti. &hellip;\" \/>\n<meta property=\"og:url\" content=\"https:\/\/denizcankizil.tr\/de\/haberler\/gundem\/bolu-faciasinda-12nci-kattan-atlamisti-esra-son-yolculuguna-ugurlandi\/\" \/>\n<meta property=\"og:site_name\" content=\"Av. Deniz Can K\u0131z\u0131l\" \/>\n<meta property=\"article:published_time\" content=\"2025-01-23T12:41:46+00:00\" \/>\n<meta name=\"author\" content=\"Antalya K\u00f6rfez\" \/>\n<meta name=\"twitter:card\" content=\"summary_large_image\" \/>\n<meta name=\"twitter:label1\" content=\"Verfasst von\" \/>\n\t<meta name=\"twitter:data1\" content=\"Antalya K\u00f6rfez\" \/>\n\t<meta name=\"twitter:label2\" content=\"Gesch\u00e4tzte Lesezeit\" \/>\n\t<meta name=\"twitter:data2\" content=\"2\u00a0Minuten\" \/>\n<script type=\"application\/ld+json\" class=\"yoast-schema-graph\">{\"@context\":\"https:\/\/schema.org\",\"@graph\":[{\"@type\":\"Article\",\"@id\":\"https:\/\/denizcankizil.tr\/de\/haberler\/gundem\/bolu-faciasinda-12nci-kattan-atlamisti-esra-son-yolculuguna-ugurlandi\/#article\",\"isPartOf\":{\"@id\":\"https:\/\/denizcankizil.tr\/de\/haberler\/gundem\/bolu-faciasinda-12nci-kattan-atlamisti-esra-son-yolculuguna-ugurlandi\/\"},\"author\":{\"name\":\"Antalya K\u00f6rfez\",\"@id\":\"https:\/\/denizcankizil.tr\/#\/schema\/person\/e1eb71bb4dd684d46563f0af307e1234\"},\"headline\":\"Bolu facias\u0131nda 12&#8217;nci kattan atlam\u0131\u015ft\u0131! Esra son yolculu\u011funa u\u011furland\u0131\",\"datePublished\":\"2025-01-23T12:41:46+00:00\",\"mainEntityOfPage\":{\"@id\":\"https:\/\/denizcankizil.tr\/de\/haberler\/gundem\/bolu-faciasinda-12nci-kattan-atlamisti-esra-son-yolculuguna-ugurlandi\/\"},\"wordCount\":358,\"commentCount\":0,\"publisher\":{\"@id\":\"https:\/\/denizcankizil.tr\/#organization\"},\"articleSection\":[\"G\u00fcndem\"],\"inLanguage\":\"de\",\"potentialAction\":[{\"@type\":\"CommentAction\",\"name\":\"Comment\",\"target\":[\"https:\/\/denizcankizil.tr\/de\/haberler\/gundem\/bolu-faciasinda-12nci-kattan-atlamisti-esra-son-yolculuguna-ugurlandi\/#respond\"]}]},{\"@type\":\"WebPage\",\"@id\":\"https:\/\/denizcankizil.tr\/de\/haberler\/gundem\/bolu-faciasinda-12nci-kattan-atlamisti-esra-son-yolculuguna-ugurlandi\/\",\"url\":\"https:\/\/denizcankizil.tr\/de\/haberler\/gundem\/bolu-faciasinda-12nci-kattan-atlamisti-esra-son-yolculuguna-ugurlandi\/\",\"name\":\"Bolu facias\u0131nda 12'nci kattan atlam\u0131\u015ft\u0131! Esra son yolculu\u011funa u\u011furland\u0131 - Av. Deniz Can K\u0131z\u0131l\",\"isPartOf\":{\"@id\":\"https:\/\/denizcankizil.tr\/#website\"},\"datePublished\":\"2025-01-23T12:41:46+00:00\",\"breadcrumb\":{\"@id\":\"https:\/\/denizcankizil.tr\/de\/haberler\/gundem\/bolu-faciasinda-12nci-kattan-atlamisti-esra-son-yolculuguna-ugurlandi\/#breadcrumb\"},\"inLanguage\":\"de\",\"potentialAction\":[{\"@type\":\"ReadAction\",\"target\":[\"https:\/\/denizcankizil.tr\/de\/haberler\/gundem\/bolu-faciasinda-12nci-kattan-atlamisti-esra-son-yolculuguna-ugurlandi\/\"]}]},{\"@type\":\"BreadcrumbList\",\"@id\":\"https:\/\/denizcankizil.tr\/de\/haberler\/gundem\/bolu-faciasinda-12nci-kattan-atlamisti-esra-son-yolculuguna-ugurlandi\/#breadcrumb\",\"itemListElement\":[{\"@type\":\"ListItem\",\"position\":1,\"name\":\"Home\",\"item\":\"https:\/\/denizcankizil.tr\/de\/\"},{\"@type\":\"ListItem\",\"position\":2,\"name\":\"Bolu facias\u0131nda 12&#8217;nci kattan atlam\u0131\u015ft\u0131! Esra son yolculu\u011funa u\u011furland\u0131\"}]},{\"@type\":\"WebSite\",\"@id\":\"https:\/\/denizcankizil.tr\/#website\",\"url\":\"https:\/\/denizcankizil.tr\/\",\"name\":\"Av. Deniz Can K\u0131z\u0131l\",\"description\":\"Avukat Deniz Can K\u0131z\u0131l Antalya Barosu\",\"publisher\":{\"@id\":\"https:\/\/denizcankizil.tr\/#organization\"},\"potentialAction\":[{\"@type\":\"SearchAction\",\"target\":{\"@type\":\"EntryPoint\",\"urlTemplate\":\"https:\/\/denizcankizil.tr\/?s={search_term_string}\"},\"query-input\":{\"@type\":\"PropertyValueSpecification\",\"valueRequired\":true,\"valueName\":\"search_term_string\"}}],\"inLanguage\":\"de\"},{\"@type\":\"Organization\",\"@id\":\"https:\/\/denizcankizil.tr\/#organization\",\"name\":\"Av. Deniz Can K\u0131z\u0131l\",\"url\":\"https:\/\/denizcankizil.tr\/\",\"logo\":{\"@type\":\"ImageObject\",\"inLanguage\":\"de\",\"@id\":\"https:\/\/denizcankizil.tr\/#\/schema\/logo\/image\/\",\"url\":\"https:\/\/denizcankizil.tr\/wp-content\/uploads\/2024\/10\/siyah-logo-svg.svg\",\"contentUrl\":\"https:\/\/denizcankizil.tr\/wp-content\/uploads\/2024\/10\/siyah-logo-svg.svg\",\"width\":1080,\"height\":1080,\"caption\":\"Av. Deniz Can K\u0131z\u0131l\"},\"image\":{\"@id\":\"https:\/\/denizcankizil.tr\/#\/schema\/logo\/image\/\"}},{\"@type\":\"Person\",\"@id\":\"https:\/\/denizcankizil.tr\/#\/schema\/person\/e1eb71bb4dd684d46563f0af307e1234\",\"name\":\"Antalya K\u00f6rfez\",\"image\":{\"@type\":\"ImageObject\",\"inLanguage\":\"de\",\"@id\":\"https:\/\/denizcankizil.tr\/#\/schema\/person\/image\/\",\"url\":\"https:\/\/secure.gravatar.com\/avatar\/42b01982558a48a0b501fdcab6a408d3717ea5919095ee2e67b0e521799c5905?s=96&d=mm&r=g\",\"contentUrl\":\"https:\/\/secure.gravatar.com\/avatar\/42b01982558a48a0b501fdcab6a408d3717ea5919095ee2e67b0e521799c5905?s=96&d=mm&r=g\",\"caption\":\"Antalya K\u00f6rfez\"},\"sameAs\":[\"http:\/\/www.antalyakorfez.com\"],\"url\":\"https:\/\/www.antalyakorfez.com\/bolu-faciasinda-12nci-kattan-atlamisti-esra-son-yolculuguna-ugurlandi\"}]}<\/script>\n<!-- \/ Yoast SEO Premium plugin. -->","yoast_head_json":{"title":"Bolu facias\u0131nda 12'nci kattan atlam\u0131\u015ft\u0131! Esra son yolculu\u011funa u\u011furland\u0131 - Av. Deniz Can K\u0131z\u0131l","robots":{"index":"index","follow":"follow","max-snippet":"max-snippet:-1","max-image-preview":"max-image-preview:large","max-video-preview":"max-video-preview:-1"},"canonical":"https:\/\/denizcankizil.tr\/de\/haberler\/gundem\/bolu-faciasinda-12nci-kattan-atlamisti-esra-son-yolculuguna-ugurlandi\/","og_locale":"de_DE","og_type":"article","og_title":"Bolu facias\u0131nda 12'nci kattan atlam\u0131\u015ft\u0131! Esra son yolculu\u011funa u\u011furland\u0131","og_description":"Bolu Kartalkaya&#8217;da ya\u015fanan otel yang\u0131n\u0131 facias\u0131nda hayat\u0131n\u0131 kaybeden 25 ya\u015f\u0131ndaki Esra Nazik&#8217;in cenazesi memleketi Konya&#8217;da son yolculu\u011funa u\u011furland\u0131. G\u00f6zya\u015flar\u0131 e\u015fli\u011finde u\u011furlanan Esra&#8217;n\u0131n yang\u0131n an\u0131nda odalardan atlay\u0131p hayat\u0131n\u0131 kaybetti\u011fi \u00f6\u011frenilmi\u015fti\u00a0 KONYA&#8217;DA SON YOLCULU\u011eUNA U\u011eURLANDI\u00a0 Edinilen bilgiye g\u00f6re, Bolu Kartalkaya Kayak Merkezi&#8217;ndeki Grand Kartal Otel&#8217;de \u00e7\u0131kan yang\u0131nda hayat\u0131n\u0131 kaybeden Esra Nazik&#8217;in cenazesi Ankara Adli T\u0131p Kurumu&#8217;nda tamamlanan i\u015flemlerinin ard\u0131ndan d\u00fcn ailesine teslim edildi. Nazik&#8217;in cenazesi ailesi taraf\u0131ndan memleketi Konya&#8217;ya getirildi. Esra Nazik i\u00e7in Meram Anasultan Mezarl\u0131\u011f\u0131nda cenaze t\u00f6reni d\u00fczenlendi. Cenaze namaz\u0131 i\u00e7in getirilen Nazik&#8217;in tabutuna \u00f6nce annesi \u015eerife Nazik daha sonra babas\u0131 S\u00fcleyman Nazik sar\u0131larak vedala\u015ft\u0131. \u00d6\u011fle namaz\u0131n\u0131 m\u00fcteakip k\u0131l\u0131nan cenaze namaz\u0131n\u0131n ard\u0131ndan Nazik&#8217;in cenazesi Anasultan Mezarl\u0131\u011f\u0131nda defnedildi. B\u0130R AY \u00d6NCE \u0130\u015eE BA\u015eLAMI\u015eTI\u00a0 Cenaze namaz\u0131na, Esra Nazik&#8217;in ailesi, yak\u0131nlar\u0131, \u00c7evre, \u015eehircilik ve \u0130klim De\u011fi\u015fikli\u011fi Bakan Yard\u0131mc\u0131s\u0131 Burak Demiralp, Konya Valisi \u0130brahim Ak\u0131n, Konya \u0130l Emniyet M\u00fcd\u00fcr\u00fc Maksut Y\u00fcksek, AK Parti Konya \u0130l Ba\u015fkan\u0131 Fatih \u00d6zg\u00f6k\u00e7en, Meram Belediye Ba\u015fkan\u0131 Mustafa Kavu\u015f, arkada\u015flar\u0131 ve vatanda\u015flar kat\u0131ld\u0131. Akdeniz \u00dcniversitesi Gastronomi B\u00f6l\u00fcm\u00fc&#8217;nden mezun olan Esra Nazik&#8217;in 1 ay \u00f6nce i\u015fe ba\u015flad\u0131\u011f\u0131 ve yan\u0131ndaki iki oda arkada\u015f\u0131yla otelin 12. kat\u0131nda kald\u0131klar\u0131, yang\u0131n s\u0131ras\u0131nda telefonla ailesini arad\u0131\u011f\u0131, yang\u0131n \u00e7\u0131kt\u0131\u011f\u0131n\u0131 s\u00f6yleyerek telefonu kapatt\u0131\u011f\u0131 \u00f6\u011frenildi. Esra Nazik&#8217;in oda arkada\u015flar\u0131 Esra ve \u015eevval de yang\u0131nda 12. kattaki odalar\u0131ndan atlay\u0131p hayat\u0131n\u0131 kaybetti. &hellip;","og_url":"https:\/\/denizcankizil.tr\/de\/haberler\/gundem\/bolu-faciasinda-12nci-kattan-atlamisti-esra-son-yolculuguna-ugurlandi\/","og_site_name":"Av. Deniz Can K\u0131z\u0131l","article_published_time":"2025-01-23T12:41:46+00:00","author":"Antalya K\u00f6rfez","twitter_card":"summary_large_image","twitter_misc":{"Verfasst von":"Antalya K\u00f6rfez","Gesch\u00e4tzte Lesezeit":"2\u00a0Minuten"},"schema":{"@context":"https:\/\/schema.org","@graph":[{"@type":"Article","@id":"https:\/\/denizcankizil.tr\/de\/haberler\/gundem\/bolu-faciasinda-12nci-kattan-atlamisti-esra-son-yolculuguna-ugurlandi\/#article","isPartOf":{"@id":"https:\/\/denizcankizil.tr\/de\/haberler\/gundem\/bolu-faciasinda-12nci-kattan-atlamisti-esra-son-yolculuguna-ugurlandi\/"},"author":{"name":"Antalya K\u00f6rfez","@id":"https:\/\/denizcankizil.tr\/#\/schema\/person\/e1eb71bb4dd684d46563f0af307e1234"},"headline":"Bolu facias\u0131nda 12&#8217;nci kattan atlam\u0131\u015ft\u0131! Esra son yolculu\u011funa u\u011furland\u0131","datePublished":"2025-01-23T12:41:46+00:00","mainEntityOfPage":{"@id":"https:\/\/denizcankizil.tr\/de\/haberler\/gundem\/bolu-faciasinda-12nci-kattan-atlamisti-esra-son-yolculuguna-ugurlandi\/"},"wordCount":358,"commentCount":0,"publisher":{"@id":"https:\/\/denizcankizil.tr\/#organization"},"articleSection":["G\u00fcndem"],"inLanguage":"de","potentialAction":[{"@type":"CommentAction","name":"Comment","target":["https:\/\/denizcankizil.tr\/de\/haberler\/gundem\/bolu-faciasinda-12nci-kattan-atlamisti-esra-son-yolculuguna-ugurlandi\/#respond"]}]},{"@type":"WebPage","@id":"https:\/\/denizcankizil.tr\/de\/haberler\/gundem\/bolu-faciasinda-12nci-kattan-atlamisti-esra-son-yolculuguna-ugurlandi\/","url":"https:\/\/denizcankizil.tr\/de\/haberler\/gundem\/bolu-faciasinda-12nci-kattan-atlamisti-esra-son-yolculuguna-ugurlandi\/","name":"Bolu facias\u0131nda 12'nci kattan atlam\u0131\u015ft\u0131! Esra son yolculu\u011funa u\u011furland\u0131 - Av. Deniz Can K\u0131z\u0131l","isPartOf":{"@id":"https:\/\/denizcankizil.tr\/#website"},"datePublished":"2025-01-23T12:41:46+00:00","breadcrumb":{"@id":"https:\/\/denizcankizil.tr\/de\/haberler\/gundem\/bolu-faciasinda-12nci-kattan-atlamisti-esra-son-yolculuguna-ugurlandi\/#breadcrumb"},"inLanguage":"de","potentialAction":[{"@type":"ReadAction","target":["https:\/\/denizcankizil.tr\/de\/haberler\/gundem\/bolu-faciasinda-12nci-kattan-atlamisti-esra-son-yolculuguna-ugurlandi\/"]}]},{"@type":"BreadcrumbList","@id":"https:\/\/denizcankizil.tr\/de\/haberler\/gundem\/bolu-faciasinda-12nci-kattan-atlamisti-esra-son-yolculuguna-ugurlandi\/#breadcrumb","itemListElement":[{"@type":"ListItem","position":1,"name":"Home","item":"https:\/\/denizcankizil.tr\/de\/"},{"@type":"ListItem","position":2,"name":"Bolu facias\u0131nda 12&#8217;nci kattan atlam\u0131\u015ft\u0131! Esra son yolculu\u011funa u\u011furland\u0131"}]},{"@type":"WebSite","@id":"https:\/\/denizcankizil.tr\/#website","url":"https:\/\/denizcankizil.tr\/","name":"Av. Deniz Can K\u0131z\u0131l","description":"Avukat Deniz Can K\u0131z\u0131l Antalya Barosu","publisher":{"@id":"https:\/\/denizcankizil.tr\/#organization"},"potentialAction":[{"@type":"SearchAction","target":{"@type":"EntryPoint","urlTemplate":"https:\/\/denizcankizil.tr\/?s={search_term_string}"},"query-input":{"@type":"PropertyValueSpecification","valueRequired":true,"valueName":"search_term_string"}}],"inLanguage":"de"},{"@type":"Organization","@id":"https:\/\/denizcankizil.tr\/#organization","name":"Av. Deniz Can K\u0131z\u0131l","url":"https:\/\/denizcankizil.tr\/","logo":{"@type":"ImageObject","inLanguage":"de","@id":"https:\/\/denizcankizil.tr\/#\/schema\/logo\/image\/","url":"https:\/\/denizcankizil.tr\/wp-content\/uploads\/2024\/10\/siyah-logo-svg.svg","contentUrl":"https:\/\/denizcankizil.tr\/wp-content\/uploads\/2024\/10\/siyah-logo-svg.svg","width":1080,"height":1080,"caption":"Av. Deniz Can K\u0131z\u0131l"},"image":{"@id":"https:\/\/denizcankizil.tr\/#\/schema\/logo\/image\/"}},{"@type":"Person","@id":"https:\/\/denizcankizil.tr\/#\/schema\/person\/e1eb71bb4dd684d46563f0af307e1234","name":"Antalya K\u00f6rfez","image":{"@type":"ImageObject","inLanguage":"de","@id":"https:\/\/denizcankizil.tr\/#\/schema\/person\/image\/","url":"https:\/\/secure.gravatar.com\/avatar\/42b01982558a48a0b501fdcab6a408d3717ea5919095ee2e67b0e521799c5905?s=96&d=mm&r=g","contentUrl":"https:\/\/secure.gravatar.com\/avatar\/42b01982558a48a0b501fdcab6a408d3717ea5919095ee2e67b0e521799c5905?s=96&d=mm&r=g","caption":"Antalya K\u00f6rfez"},"sameAs":["http:\/\/www.antalyakorfez.com"],"url":"https:\/\/www.antalyakorfez.com\/bolu-faciasinda-12nci-kattan-atlamisti-esra-son-yolculuguna-ugurlandi"}]}},"_links":{"self":[{"href":"https:\/\/denizcankizil.tr\/de\/wp-json\/wp\/v2\/posts\/26970","targetHints":{"allow":["GET"]}}],"collection":[{"href":"https:\/\/denizcankizil.tr\/de\/wp-json\/wp\/v2\/posts"}],"about":[{"href":"https:\/\/denizcankizil.tr\/de\/wp-json\/wp\/v2\/types\/post"}],"author":[{"embeddable":true,"href":"https:\/\/denizcankizil.tr\/de\/wp-json\/wp\/v2\/users\/5"}],"replies":[{"embeddable":true,"href":"https:\/\/denizcankizil.tr\/de\/wp-json\/wp\/v2\/comments?post=26970"}],"version-history":[{"count":0,"href":"https:\/\/denizcankizil.tr\/de\/wp-json\/wp\/v2\/posts\/26970\/revisions"}],"wp:attachment":[{"href":"https:\/\/denizcankizil.tr\/de\/wp-json\/wp\/v2\/media?parent=26970"}],"wp:term":[{"taxonomy":"category","embeddable":true,"href":"https:\/\/denizcankizil.tr\/de\/wp-json\/wp\/v2\/categories?post=26970"},{"taxonomy":"post_tag","embeddable":true,"href":"https:\/\/denizcankizil.tr\/de\/wp-json\/wp\/v2\/tags?post=26970"}],"curies":[{"name":"wp","href":"https:\/\/api.w.org\/{rel}","templated":true}]}}