{"id":26829,"date":"2025-01-22T22:41:23","date_gmt":"2025-01-22T19:41:23","guid":{"rendered":"https:\/\/denizcankizil.tr\/uncategorized-tr\/bolu-belediye-baskani-tanju-ozcan-acikladi-yetki-turizm-bakanliginda\/"},"modified":"2025-01-22T22:41:23","modified_gmt":"2025-01-22T19:41:23","slug":"bolu-belediye-baskani-tanju-ozcan-acikladi-yetki-turizm-bakanliginda","status":"publish","type":"post","link":"https:\/\/denizcankizil.tr\/de\/haberler\/gundem\/bolu-belediye-baskani-tanju-ozcan-acikladi-yetki-turizm-bakanliginda\/","title":{"rendered":"Bolu Belediye Ba\u015fkan\u0131 Tanju \u00d6zcan, a\u00e7\u0131klad\u0131: Yetki, Turizm Bakanl\u0131\u011f\u0131\u2019nda"},"content":{"rendered":"<p>B\u00fct\u00fcn T\u00fcrkiye Bolu Kartalkaya Kayak Merkezi&#8217;ndeki Grand Kartal Otel&#8217;deki \u00e7\u0131kan yang\u0131n\u0131 konu\u015fuyor. \u00dclkenin g\u00fcndeminde b\u00fcy\u00fck bir yer kaplayan ve 79 ki\u015finin hayat\u0131n\u0131 kaybetti\u011fi olaya ili\u015fkin Tanju \u00d6zcan kat\u0131ld\u0131\u011f\u0131 bir televizyon program\u0131nda a\u00e7\u0131klamalarda, \u201cBolu bir il belediyesi. Burada 9 tane belediye var, biz merkez il\u00e7enin belediyesiyiz. Oras\u0131 bizim yetkimiz d\u0131\u015f\u0131nda, denetlemek g\u00f6revimiz de\u011fil. Plan yetkisi dahil b\u00fct\u00fcn yetkiler, yang\u0131n da dahil, Turizm Bakanl\u0131\u011f\u0131&#8217;na ait. Bizim buradaki otele gelip kap\u0131s\u0131n\u0131 \u00e7al\u0131p mutfa\u011f\u0131na girip hijyen y\u00f6n\u00fcnden kontrol etme \u015fans\u0131m\u0131z bile yok\u201d diye konu\u015ftu.\u00a0<\/p>\n<p>79 K\u0130\u015e\u0130 HAYATINI KAYBETT\u0130\u00a0<\/p>\n<p>T\u00fcrkiye&#8217;nin en \u00f6nemli k\u0131\u015f turizmi merkezlerinden biri olan Bolu Kartalkaya Kayak Merkezi&#8217;ndeki Grand Kartal Otel&#8217;de, 21 Ocak&#8217;ta sabaha kar\u015f\u0131 \u00e7\u0131kan yang\u0131nda 79 ki\u015fi hayat\u0131n\u0131 kaybetti. Bolu Cumhuriyet Ba\u015fsavc\u0131l\u0131\u011f\u0131 DNA testleri sonucu \u00f6l\u00fc say\u0131s\u0131n\u0131n 79&#8217;a y\u00fckseldi\u011fini bildirdi. \u015eimdiye kadar 1\u2019i a\u011f\u0131r olmak \u00fczere 51 ki\u015fi yaraland\u0131. Kimli\u011fi tespit edilemeyen cenazeler Ankara&#8217;daki Adli T\u0131p Kurumu&#8217;na g\u00f6nderildi.<\/p>\n<p>\u201c\u0130DD\u0130ALAR TAMAMEN YALAN\u201d<\/p>\n<p>Ya\u015fanan olay\u0131n ard\u0131ndan Halk TV\u2019de bir programa \u00e7\u0131kan Bolu Belediye Ba\u015fkan\u0131 Tanju \u00d6zcan, s\u00f6z konusu olayla akal\u0131 a\u00e7\u0131klamalarda bulundu. \u00d6zcan, hakk\u0131nda \u00e7\u0131kan b\u00fct\u00fcn iddialar\u0131 yalanlayarak, \u201c\u00c7ok k\u0131zg\u0131n\u0131m, \u00e7\u00fcnk\u00fc hakk\u0131mda iftiralar at\u0131l\u0131yor yanda\u015f bas\u0131n arac\u0131l\u0131\u011f\u0131yla. Bu \u00fclkenin bakanlar\u0131, sat\u0131l\u0131k kalemleri her t\u00fcrl\u00fc iftirada bulunuyor. \u00c7ok utan\u0131yorum, insanlar bu ac\u0131lar\u0131 ya\u015farken b\u00f6yle polemiklerin taraf\u0131 olmaktan dolay\u0131 \u00e7ok utan\u0131yorum. Otele yang\u0131n i\u00e7in yeterlilik belgesi verdi\u011fimiz iddias\u0131 tamamen yalan\u201d dedi.\u00a0<\/p>\n<p>\u201cYETK\u0130 TUR\u0130ZM BAKANLI\u011eI\u2019NA A\u0130T \u201c<\/p>\n<p>Kendilerine bir b\u00fcy\u00fck\u015fehir belediyesi olmad\u0131\u011f\u0131n\u0131 ve o b\u00f6lgeyi denetleme g\u00f6revinin kendilerine de\u011fil K\u00fclt\u00fcr ve Turizm Bakanl\u0131\u011f\u0131\u2019na ait oldu\u011funu belirten \u00d6zcan, \u201cBolu bir b\u00fcy\u00fck\u015fehir de\u011fil, defalarca bunu anlatt\u0131m. Yani \u0130stanbul, Ankara, \u0130zmir, Antalya gibi de\u011fil. Bolu bir il belediyesi. Burada 9 tane belediye var, biz merkez il\u00e7enin belediyesiyiz. Oras\u0131 bizim yetkimiz d\u0131\u015f\u0131nda, denetlemek g\u00f6revimiz de\u011fil. Plan yetkisi dahil b\u00fct\u00fcn yetkiler, yang\u0131n da dahil, Turizm Bakanl\u0131\u011f\u0131&#8217;na ait. Bizim buradaki otele gelip kap\u0131s\u0131n\u0131 \u00e7al\u0131p mutfa\u011f\u0131na girip hijyen y\u00f6n\u00fcnden kontrol etme \u015fans\u0131m\u0131z bile yok. Bir cezai i\u015flem uygulama, tutanak tutma yetkimiz dahi yok\u201d ifadelerini kulland\u0131.\u00a0<\/p>\n<p>\u200bBolu Belediye Ba\u015fkan\u0131 Tanju \u00d6zcan kat\u0131ld\u0131\u011f\u0131 bir televizyon program\u0131nda Kartalkaya Kayak Merkezi Grand Kartal Otel&#8217;deki yang\u0131n ile ilgili sorulara cevap verdi. \u00d6zcan, \u201cOras\u0131 bizim yetkimiz d\u0131\u015f\u0131nda, denetlemek g\u00f6revimiz de\u011fil. Plan yetkisi dahil b\u00fct\u00fcn yetkiler, yang\u0131n da dahil, Turizm Bakanl\u0131\u011f\u0131&#8217;na ait\u201d dedi.\u00a0<\/p>\n<p>\u200bHaberin Al\u0131nt\u0131land\u0131\u011f\u0131 Kaynak: www.antalyakorfez.com<\/p>","protected":false},"excerpt":{"rendered":"<p>B\u00fct\u00fcn T\u00fcrkiye Bolu Kartalkaya Kayak Merkezi&#8217;ndeki Grand Kartal Otel&#8217;deki \u00e7\u0131kan yang\u0131n\u0131 konu\u015fuyor. \u00dclkenin g\u00fcndeminde b\u00fcy\u00fck bir yer kaplayan ve 79 ki\u015finin hayat\u0131n\u0131 kaybetti\u011fi olaya ili\u015fkin Tanju \u00d6zcan kat\u0131ld\u0131\u011f\u0131 bir televizyon program\u0131nda a\u00e7\u0131klamalarda, \u201cBolu bir il belediyesi. Burada 9 tane belediye var, biz merkez il\u00e7enin belediyesiyiz. Oras\u0131 bizim yetkimiz d\u0131\u015f\u0131nda, denetlemek g\u00f6revimiz de\u011fil. Plan yetkisi dahil b\u00fct\u00fcn yetkiler, yang\u0131n da dahil, Turizm Bakanl\u0131\u011f\u0131&#8217;na ait. Bizim buradaki otele gelip kap\u0131s\u0131n\u0131 \u00e7al\u0131p mutfa\u011f\u0131na girip hijyen y\u00f6n\u00fcnden kontrol etme \u015fans\u0131m\u0131z bile yok\u201d diye konu\u015ftu.\u00a0 79 K\u0130\u015e\u0130 HAYATINI KAYBETT\u0130\u00a0 T\u00fcrkiye&#8217;nin en \u00f6nemli k\u0131\u015f turizmi merkezlerinden biri olan Bolu Kartalkaya Kayak Merkezi&#8217;ndeki Grand Kartal Otel&#8217;de, 21 Ocak&#8217;ta sabaha kar\u015f\u0131 \u00e7\u0131kan yang\u0131nda 79 ki\u015fi hayat\u0131n\u0131 kaybetti. Bolu Cumhuriyet Ba\u015fsavc\u0131l\u0131\u011f\u0131 DNA testleri sonucu \u00f6l\u00fc say\u0131s\u0131n\u0131n 79&#8217;a y\u00fckseldi\u011fini bildirdi. \u015eimdiye kadar 1\u2019i a\u011f\u0131r olmak \u00fczere 51 ki\u015fi yaraland\u0131. Kimli\u011fi tespit edilemeyen cenazeler Ankara&#8217;daki Adli T\u0131p Kurumu&#8217;na g\u00f6nderildi. \u201c\u0130DD\u0130ALAR TAMAMEN YALAN\u201d Ya\u015fanan olay\u0131n ard\u0131ndan Halk TV\u2019de bir programa \u00e7\u0131kan Bolu Belediye Ba\u015fkan\u0131 Tanju \u00d6zcan, s\u00f6z konusu olayla akal\u0131 a\u00e7\u0131klamalarda bulundu. \u00d6zcan, hakk\u0131nda \u00e7\u0131kan b\u00fct\u00fcn iddialar\u0131 yalanlayarak, \u201c\u00c7ok k\u0131zg\u0131n\u0131m, \u00e7\u00fcnk\u00fc hakk\u0131mda iftiralar at\u0131l\u0131yor yanda\u015f bas\u0131n arac\u0131l\u0131\u011f\u0131yla. Bu \u00fclkenin bakanlar\u0131, sat\u0131l\u0131k kalemleri her t\u00fcrl\u00fc iftirada bulunuyor. \u00c7ok utan\u0131yorum, insanlar bu ac\u0131lar\u0131 ya\u015farken b\u00f6yle polemiklerin taraf\u0131 olmaktan dolay\u0131 \u00e7ok utan\u0131yorum. Otele yang\u0131n i\u00e7in &hellip;<\/p>","protected":false},"author":5,"featured_media":0,"comment_status":"open","ping_status":"open","sticky":false,"template":"","format":"standard","meta":{"_acf_changed":false,"footnotes":""},"categories":[24],"tags":[],"class_list":["post-26829","post","type-post","status-publish","format-standard","has-post-thumbnail","hentry","category-gundem"],"acf":[],"yoast_head":"<!-- This site is optimized with the Yoast SEO Premium plugin v26.6 (Yoast SEO v27.1.1) - https:\/\/yoast.com\/product\/yoast-seo-premium-wordpress\/ -->\n<title>Bolu Belediye Ba\u015fkan\u0131 Tanju \u00d6zcan, a\u00e7\u0131klad\u0131: Yetki, Turizm Bakanl\u0131\u011f\u0131\u2019nda - Av. Deniz Can K\u0131z\u0131l<\/title>\n<meta name=\"robots\" content=\"index, follow, max-snippet:-1, max-image-preview:large, max-video-preview:-1\" \/>\n<link rel=\"canonical\" href=\"https:\/\/denizcankizil.tr\/de\/haberler\/gundem\/bolu-belediye-baskani-tanju-ozcan-acikladi-yetki-turizm-bakanliginda\/\" \/>\n<meta property=\"og:locale\" content=\"de_DE\" \/>\n<meta property=\"og:type\" content=\"article\" \/>\n<meta property=\"og:title\" content=\"Bolu Belediye Ba\u015fkan\u0131 Tanju \u00d6zcan, a\u00e7\u0131klad\u0131: Yetki, Turizm Bakanl\u0131\u011f\u0131\u2019nda\" \/>\n<meta property=\"og:description\" content=\"B\u00fct\u00fcn T\u00fcrkiye Bolu Kartalkaya Kayak Merkezi&#8217;ndeki Grand Kartal Otel&#8217;deki \u00e7\u0131kan yang\u0131n\u0131 konu\u015fuyor. \u00dclkenin g\u00fcndeminde b\u00fcy\u00fck bir yer kaplayan ve 79 ki\u015finin hayat\u0131n\u0131 kaybetti\u011fi olaya ili\u015fkin Tanju \u00d6zcan kat\u0131ld\u0131\u011f\u0131 bir televizyon program\u0131nda a\u00e7\u0131klamalarda, \u201cBolu bir il belediyesi. Burada 9 tane belediye var, biz merkez il\u00e7enin belediyesiyiz. Oras\u0131 bizim yetkimiz d\u0131\u015f\u0131nda, denetlemek g\u00f6revimiz de\u011fil. Plan yetkisi dahil b\u00fct\u00fcn yetkiler, yang\u0131n da dahil, Turizm Bakanl\u0131\u011f\u0131&#8217;na ait. Bizim buradaki otele gelip kap\u0131s\u0131n\u0131 \u00e7al\u0131p mutfa\u011f\u0131na girip hijyen y\u00f6n\u00fcnden kontrol etme \u015fans\u0131m\u0131z bile yok\u201d diye konu\u015ftu.\u00a0 79 K\u0130\u015e\u0130 HAYATINI KAYBETT\u0130\u00a0 T\u00fcrkiye&#8217;nin en \u00f6nemli k\u0131\u015f turizmi merkezlerinden biri olan Bolu Kartalkaya Kayak Merkezi&#8217;ndeki Grand Kartal Otel&#8217;de, 21 Ocak&#8217;ta sabaha kar\u015f\u0131 \u00e7\u0131kan yang\u0131nda 79 ki\u015fi hayat\u0131n\u0131 kaybetti. Bolu Cumhuriyet Ba\u015fsavc\u0131l\u0131\u011f\u0131 DNA testleri sonucu \u00f6l\u00fc say\u0131s\u0131n\u0131n 79&#8217;a y\u00fckseldi\u011fini bildirdi. \u015eimdiye kadar 1\u2019i a\u011f\u0131r olmak \u00fczere 51 ki\u015fi yaraland\u0131. Kimli\u011fi tespit edilemeyen cenazeler Ankara&#8217;daki Adli T\u0131p Kurumu&#8217;na g\u00f6nderildi. \u201c\u0130DD\u0130ALAR TAMAMEN YALAN\u201d Ya\u015fanan olay\u0131n ard\u0131ndan Halk TV\u2019de bir programa \u00e7\u0131kan Bolu Belediye Ba\u015fkan\u0131 Tanju \u00d6zcan, s\u00f6z konusu olayla akal\u0131 a\u00e7\u0131klamalarda bulundu. \u00d6zcan, hakk\u0131nda \u00e7\u0131kan b\u00fct\u00fcn iddialar\u0131 yalanlayarak, \u201c\u00c7ok k\u0131zg\u0131n\u0131m, \u00e7\u00fcnk\u00fc hakk\u0131mda iftiralar at\u0131l\u0131yor yanda\u015f bas\u0131n arac\u0131l\u0131\u011f\u0131yla. Bu \u00fclkenin bakanlar\u0131, sat\u0131l\u0131k kalemleri her t\u00fcrl\u00fc iftirada bulunuyor. \u00c7ok utan\u0131yorum, insanlar bu ac\u0131lar\u0131 ya\u015farken b\u00f6yle polemiklerin taraf\u0131 olmaktan dolay\u0131 \u00e7ok utan\u0131yorum. Otele yang\u0131n i\u00e7in &hellip;\" \/>\n<meta property=\"og:url\" content=\"https:\/\/denizcankizil.tr\/de\/haberler\/gundem\/bolu-belediye-baskani-tanju-ozcan-acikladi-yetki-turizm-bakanliginda\/\" \/>\n<meta property=\"og:site_name\" content=\"Av. Deniz Can K\u0131z\u0131l\" \/>\n<meta property=\"article:published_time\" content=\"2025-01-22T19:41:23+00:00\" \/>\n<meta name=\"author\" content=\"Antalya K\u00f6rfez\" \/>\n<meta name=\"twitter:card\" content=\"summary_large_image\" \/>\n<meta name=\"twitter:label1\" content=\"Verfasst von\" \/>\n\t<meta name=\"twitter:data1\" content=\"Antalya K\u00f6rfez\" \/>\n\t<meta name=\"twitter:label2\" content=\"Gesch\u00e4tzte Lesezeit\" \/>\n\t<meta name=\"twitter:data2\" content=\"2\u00a0Minuten\" \/>\n<script type=\"application\/ld+json\" class=\"yoast-schema-graph\">{\"@context\":\"https:\/\/schema.org\",\"@graph\":[{\"@type\":\"Article\",\"@id\":\"https:\/\/denizcankizil.tr\/ru\/haberler\/gundem\/bolu-belediye-baskani-tanju-ozcan-acikladi-yetki-turizm-bakanliginda\/#article\",\"isPartOf\":{\"@id\":\"https:\/\/denizcankizil.tr\/ru\/haberler\/gundem\/bolu-belediye-baskani-tanju-ozcan-acikladi-yetki-turizm-bakanliginda\/\"},\"author\":{\"name\":\"Antalya K\u00f6rfez\",\"@id\":\"https:\/\/denizcankizil.tr\/de\/#\/schema\/person\/e1eb71bb4dd684d46563f0af307e1234\"},\"headline\":\"Bolu Belediye Ba\u015fkan\u0131 Tanju \u00d6zcan, a\u00e7\u0131klad\u0131: Yetki, Turizm Bakanl\u0131\u011f\u0131\u2019nda\",\"datePublished\":\"2025-01-22T19:41:23+00:00\",\"mainEntityOfPage\":{\"@id\":\"https:\/\/denizcankizil.tr\/ru\/haberler\/gundem\/bolu-belediye-baskani-tanju-ozcan-acikladi-yetki-turizm-bakanliginda\/\"},\"wordCount\":493,\"commentCount\":0,\"publisher\":{\"@id\":\"https:\/\/denizcankizil.tr\/de\/#organization\"},\"articleSection\":[\"G\u00fcndem\"],\"inLanguage\":\"de\",\"potentialAction\":[{\"@type\":\"CommentAction\",\"name\":\"Comment\",\"target\":[\"https:\/\/denizcankizil.tr\/ru\/haberler\/gundem\/bolu-belediye-baskani-tanju-ozcan-acikladi-yetki-turizm-bakanliginda\/#respond\"]}]},{\"@type\":\"WebPage\",\"@id\":\"https:\/\/denizcankizil.tr\/ru\/haberler\/gundem\/bolu-belediye-baskani-tanju-ozcan-acikladi-yetki-turizm-bakanliginda\/\",\"url\":\"https:\/\/denizcankizil.tr\/ru\/haberler\/gundem\/bolu-belediye-baskani-tanju-ozcan-acikladi-yetki-turizm-bakanliginda\/\",\"name\":\"Bolu Belediye Ba\u015fkan\u0131 Tanju \u00d6zcan, a\u00e7\u0131klad\u0131: Yetki, Turizm Bakanl\u0131\u011f\u0131\u2019nda - Av. Deniz Can K\u0131z\u0131l\",\"isPartOf\":{\"@id\":\"https:\/\/denizcankizil.tr\/de\/#website\"},\"datePublished\":\"2025-01-22T19:41:23+00:00\",\"breadcrumb\":{\"@id\":\"https:\/\/denizcankizil.tr\/ru\/haberler\/gundem\/bolu-belediye-baskani-tanju-ozcan-acikladi-yetki-turizm-bakanliginda\/#breadcrumb\"},\"inLanguage\":\"de\",\"potentialAction\":[{\"@type\":\"ReadAction\",\"target\":[\"https:\/\/denizcankizil.tr\/ru\/haberler\/gundem\/bolu-belediye-baskani-tanju-ozcan-acikladi-yetki-turizm-bakanliginda\/\"]}]},{\"@type\":\"BreadcrumbList\",\"@id\":\"https:\/\/denizcankizil.tr\/ru\/haberler\/gundem\/bolu-belediye-baskani-tanju-ozcan-acikladi-yetki-turizm-bakanliginda\/#breadcrumb\",\"itemListElement\":[{\"@type\":\"ListItem\",\"position\":1,\"name\":\"Home\",\"item\":\"https:\/\/denizcankizil.tr\/de\/\"},{\"@type\":\"ListItem\",\"position\":2,\"name\":\"Bolu Belediye Ba\u015fkan\u0131 Tanju \u00d6zcan, a\u00e7\u0131klad\u0131: Yetki, Turizm Bakanl\u0131\u011f\u0131\u2019nda\"}]},{\"@type\":\"WebSite\",\"@id\":\"https:\/\/denizcankizil.tr\/de\/#website\",\"url\":\"https:\/\/denizcankizil.tr\/de\/\",\"name\":\"Av. Deniz Can K\u0131z\u0131l\",\"description\":\"Avukat Deniz Can K\u0131z\u0131l Antalya Barosu\",\"publisher\":{\"@id\":\"https:\/\/denizcankizil.tr\/de\/#organization\"},\"potentialAction\":[{\"@type\":\"SearchAction\",\"target\":{\"@type\":\"EntryPoint\",\"urlTemplate\":\"https:\/\/denizcankizil.tr\/de\/?s={search_term_string}\"},\"query-input\":{\"@type\":\"PropertyValueSpecification\",\"valueRequired\":true,\"valueName\":\"search_term_string\"}}],\"inLanguage\":\"de\"},{\"@type\":\"Organization\",\"@id\":\"https:\/\/denizcankizil.tr\/de\/#organization\",\"name\":\"Av. Deniz Can K\u0131z\u0131l\",\"url\":\"https:\/\/denizcankizil.tr\/de\/\",\"logo\":{\"@type\":\"ImageObject\",\"inLanguage\":\"de\",\"@id\":\"https:\/\/denizcankizil.tr\/de\/#\/schema\/logo\/image\/\",\"url\":\"https:\/\/denizcankizil.tr\/wp-content\/uploads\/2024\/10\/siyah-logo-svg.svg\",\"contentUrl\":\"https:\/\/denizcankizil.tr\/wp-content\/uploads\/2024\/10\/siyah-logo-svg.svg\",\"width\":1080,\"height\":1080,\"caption\":\"Av. Deniz Can K\u0131z\u0131l\"},\"image\":{\"@id\":\"https:\/\/denizcankizil.tr\/de\/#\/schema\/logo\/image\/\"}},{\"@type\":\"Person\",\"@id\":\"https:\/\/denizcankizil.tr\/de\/#\/schema\/person\/e1eb71bb4dd684d46563f0af307e1234\",\"name\":\"Antalya K\u00f6rfez\",\"image\":{\"@type\":\"ImageObject\",\"inLanguage\":\"de\",\"@id\":\"https:\/\/denizcankizil.tr\/de\/#\/schema\/person\/image\/\",\"url\":\"https:\/\/secure.gravatar.com\/avatar\/42b01982558a48a0b501fdcab6a408d3717ea5919095ee2e67b0e521799c5905?s=96&d=mm&r=g\",\"contentUrl\":\"https:\/\/secure.gravatar.com\/avatar\/42b01982558a48a0b501fdcab6a408d3717ea5919095ee2e67b0e521799c5905?s=96&d=mm&r=g\",\"caption\":\"Antalya K\u00f6rfez\"},\"sameAs\":[\"http:\/\/www.antalyakorfez.com\"],\"url\":\"https:\/\/www.antalyakorfez.com\/bolu-belediye-baskani-tanju-ozcan-acikladi-yetki-turizm-bakanliginda\"}]}<\/script>\n<!-- \/ Yoast SEO Premium plugin. -->","yoast_head_json":{"title":"Bolu Belediye Ba\u015fkan\u0131 Tanju \u00d6zcan, a\u00e7\u0131klad\u0131: Yetki, Turizm Bakanl\u0131\u011f\u0131\u2019nda - Av. Deniz Can K\u0131z\u0131l","robots":{"index":"index","follow":"follow","max-snippet":"max-snippet:-1","max-image-preview":"max-image-preview:large","max-video-preview":"max-video-preview:-1"},"canonical":"https:\/\/denizcankizil.tr\/de\/haberler\/gundem\/bolu-belediye-baskani-tanju-ozcan-acikladi-yetki-turizm-bakanliginda\/","og_locale":"de_DE","og_type":"article","og_title":"Bolu Belediye Ba\u015fkan\u0131 Tanju \u00d6zcan, a\u00e7\u0131klad\u0131: Yetki, Turizm Bakanl\u0131\u011f\u0131\u2019nda","og_description":"B\u00fct\u00fcn T\u00fcrkiye Bolu Kartalkaya Kayak Merkezi&#8217;ndeki Grand Kartal Otel&#8217;deki \u00e7\u0131kan yang\u0131n\u0131 konu\u015fuyor. \u00dclkenin g\u00fcndeminde b\u00fcy\u00fck bir yer kaplayan ve 79 ki\u015finin hayat\u0131n\u0131 kaybetti\u011fi olaya ili\u015fkin Tanju \u00d6zcan kat\u0131ld\u0131\u011f\u0131 bir televizyon program\u0131nda a\u00e7\u0131klamalarda, \u201cBolu bir il belediyesi. Burada 9 tane belediye var, biz merkez il\u00e7enin belediyesiyiz. Oras\u0131 bizim yetkimiz d\u0131\u015f\u0131nda, denetlemek g\u00f6revimiz de\u011fil. Plan yetkisi dahil b\u00fct\u00fcn yetkiler, yang\u0131n da dahil, Turizm Bakanl\u0131\u011f\u0131&#8217;na ait. Bizim buradaki otele gelip kap\u0131s\u0131n\u0131 \u00e7al\u0131p mutfa\u011f\u0131na girip hijyen y\u00f6n\u00fcnden kontrol etme \u015fans\u0131m\u0131z bile yok\u201d diye konu\u015ftu.\u00a0 79 K\u0130\u015e\u0130 HAYATINI KAYBETT\u0130\u00a0 T\u00fcrkiye&#8217;nin en \u00f6nemli k\u0131\u015f turizmi merkezlerinden biri olan Bolu Kartalkaya Kayak Merkezi&#8217;ndeki Grand Kartal Otel&#8217;de, 21 Ocak&#8217;ta sabaha kar\u015f\u0131 \u00e7\u0131kan yang\u0131nda 79 ki\u015fi hayat\u0131n\u0131 kaybetti. Bolu Cumhuriyet Ba\u015fsavc\u0131l\u0131\u011f\u0131 DNA testleri sonucu \u00f6l\u00fc say\u0131s\u0131n\u0131n 79&#8217;a y\u00fckseldi\u011fini bildirdi. \u015eimdiye kadar 1\u2019i a\u011f\u0131r olmak \u00fczere 51 ki\u015fi yaraland\u0131. Kimli\u011fi tespit edilemeyen cenazeler Ankara&#8217;daki Adli T\u0131p Kurumu&#8217;na g\u00f6nderildi. \u201c\u0130DD\u0130ALAR TAMAMEN YALAN\u201d Ya\u015fanan olay\u0131n ard\u0131ndan Halk TV\u2019de bir programa \u00e7\u0131kan Bolu Belediye Ba\u015fkan\u0131 Tanju \u00d6zcan, s\u00f6z konusu olayla akal\u0131 a\u00e7\u0131klamalarda bulundu. \u00d6zcan, hakk\u0131nda \u00e7\u0131kan b\u00fct\u00fcn iddialar\u0131 yalanlayarak, \u201c\u00c7ok k\u0131zg\u0131n\u0131m, \u00e7\u00fcnk\u00fc hakk\u0131mda iftiralar at\u0131l\u0131yor yanda\u015f bas\u0131n arac\u0131l\u0131\u011f\u0131yla. Bu \u00fclkenin bakanlar\u0131, sat\u0131l\u0131k kalemleri her t\u00fcrl\u00fc iftirada bulunuyor. \u00c7ok utan\u0131yorum, insanlar bu ac\u0131lar\u0131 ya\u015farken b\u00f6yle polemiklerin taraf\u0131 olmaktan dolay\u0131 \u00e7ok utan\u0131yorum. Otele yang\u0131n i\u00e7in &hellip;","og_url":"https:\/\/denizcankizil.tr\/de\/haberler\/gundem\/bolu-belediye-baskani-tanju-ozcan-acikladi-yetki-turizm-bakanliginda\/","og_site_name":"Av. Deniz Can K\u0131z\u0131l","article_published_time":"2025-01-22T19:41:23+00:00","author":"Antalya K\u00f6rfez","twitter_card":"summary_large_image","twitter_misc":{"Verfasst von":"Antalya K\u00f6rfez","Gesch\u00e4tzte Lesezeit":"2\u00a0Minuten"},"schema":{"@context":"https:\/\/schema.org","@graph":[{"@type":"Article","@id":"https:\/\/denizcankizil.tr\/ru\/haberler\/gundem\/bolu-belediye-baskani-tanju-ozcan-acikladi-yetki-turizm-bakanliginda\/#article","isPartOf":{"@id":"https:\/\/denizcankizil.tr\/ru\/haberler\/gundem\/bolu-belediye-baskani-tanju-ozcan-acikladi-yetki-turizm-bakanliginda\/"},"author":{"name":"Antalya K\u00f6rfez","@id":"https:\/\/denizcankizil.tr\/de\/#\/schema\/person\/e1eb71bb4dd684d46563f0af307e1234"},"headline":"Bolu Belediye Ba\u015fkan\u0131 Tanju \u00d6zcan, a\u00e7\u0131klad\u0131: Yetki, Turizm Bakanl\u0131\u011f\u0131\u2019nda","datePublished":"2025-01-22T19:41:23+00:00","mainEntityOfPage":{"@id":"https:\/\/denizcankizil.tr\/ru\/haberler\/gundem\/bolu-belediye-baskani-tanju-ozcan-acikladi-yetki-turizm-bakanliginda\/"},"wordCount":493,"commentCount":0,"publisher":{"@id":"https:\/\/denizcankizil.tr\/de\/#organization"},"articleSection":["G\u00fcndem"],"inLanguage":"de","potentialAction":[{"@type":"CommentAction","name":"Comment","target":["https:\/\/denizcankizil.tr\/ru\/haberler\/gundem\/bolu-belediye-baskani-tanju-ozcan-acikladi-yetki-turizm-bakanliginda\/#respond"]}]},{"@type":"WebPage","@id":"https:\/\/denizcankizil.tr\/ru\/haberler\/gundem\/bolu-belediye-baskani-tanju-ozcan-acikladi-yetki-turizm-bakanliginda\/","url":"https:\/\/denizcankizil.tr\/ru\/haberler\/gundem\/bolu-belediye-baskani-tanju-ozcan-acikladi-yetki-turizm-bakanliginda\/","name":"Bolu Belediye Ba\u015fkan\u0131 Tanju \u00d6zcan, a\u00e7\u0131klad\u0131: Yetki, Turizm Bakanl\u0131\u011f\u0131\u2019nda - Av. Deniz Can K\u0131z\u0131l","isPartOf":{"@id":"https:\/\/denizcankizil.tr\/de\/#website"},"datePublished":"2025-01-22T19:41:23+00:00","breadcrumb":{"@id":"https:\/\/denizcankizil.tr\/ru\/haberler\/gundem\/bolu-belediye-baskani-tanju-ozcan-acikladi-yetki-turizm-bakanliginda\/#breadcrumb"},"inLanguage":"de","potentialAction":[{"@type":"ReadAction","target":["https:\/\/denizcankizil.tr\/ru\/haberler\/gundem\/bolu-belediye-baskani-tanju-ozcan-acikladi-yetki-turizm-bakanliginda\/"]}]},{"@type":"BreadcrumbList","@id":"https:\/\/denizcankizil.tr\/ru\/haberler\/gundem\/bolu-belediye-baskani-tanju-ozcan-acikladi-yetki-turizm-bakanliginda\/#breadcrumb","itemListElement":[{"@type":"ListItem","position":1,"name":"Home","item":"https:\/\/denizcankizil.tr\/de\/"},{"@type":"ListItem","position":2,"name":"Bolu Belediye Ba\u015fkan\u0131 Tanju \u00d6zcan, a\u00e7\u0131klad\u0131: Yetki, Turizm Bakanl\u0131\u011f\u0131\u2019nda"}]},{"@type":"WebSite","@id":"https:\/\/denizcankizil.tr\/de\/#website","url":"https:\/\/denizcankizil.tr\/de\/","name":"Av. Deniz Can K\u0131z\u0131l","description":"Avukat Deniz Can K\u0131z\u0131l Antalya Barosu","publisher":{"@id":"https:\/\/denizcankizil.tr\/de\/#organization"},"potentialAction":[{"@type":"SearchAction","target":{"@type":"EntryPoint","urlTemplate":"https:\/\/denizcankizil.tr\/de\/?s={search_term_string}"},"query-input":{"@type":"PropertyValueSpecification","valueRequired":true,"valueName":"search_term_string"}}],"inLanguage":"de"},{"@type":"Organization","@id":"https:\/\/denizcankizil.tr\/de\/#organization","name":"Av. Deniz Can K\u0131z\u0131l","url":"https:\/\/denizcankizil.tr\/de\/","logo":{"@type":"ImageObject","inLanguage":"de","@id":"https:\/\/denizcankizil.tr\/de\/#\/schema\/logo\/image\/","url":"https:\/\/denizcankizil.tr\/wp-content\/uploads\/2024\/10\/siyah-logo-svg.svg","contentUrl":"https:\/\/denizcankizil.tr\/wp-content\/uploads\/2024\/10\/siyah-logo-svg.svg","width":1080,"height":1080,"caption":"Av. Deniz Can K\u0131z\u0131l"},"image":{"@id":"https:\/\/denizcankizil.tr\/de\/#\/schema\/logo\/image\/"}},{"@type":"Person","@id":"https:\/\/denizcankizil.tr\/de\/#\/schema\/person\/e1eb71bb4dd684d46563f0af307e1234","name":"Antalya K\u00f6rfez","image":{"@type":"ImageObject","inLanguage":"de","@id":"https:\/\/denizcankizil.tr\/de\/#\/schema\/person\/image\/","url":"https:\/\/secure.gravatar.com\/avatar\/42b01982558a48a0b501fdcab6a408d3717ea5919095ee2e67b0e521799c5905?s=96&d=mm&r=g","contentUrl":"https:\/\/secure.gravatar.com\/avatar\/42b01982558a48a0b501fdcab6a408d3717ea5919095ee2e67b0e521799c5905?s=96&d=mm&r=g","caption":"Antalya K\u00f6rfez"},"sameAs":["http:\/\/www.antalyakorfez.com"],"url":"https:\/\/www.antalyakorfez.com\/bolu-belediye-baskani-tanju-ozcan-acikladi-yetki-turizm-bakanliginda"}]}},"_links":{"self":[{"href":"https:\/\/denizcankizil.tr\/de\/wp-json\/wp\/v2\/posts\/26829","targetHints":{"allow":["GET"]}}],"collection":[{"href":"https:\/\/denizcankizil.tr\/de\/wp-json\/wp\/v2\/posts"}],"about":[{"href":"https:\/\/denizcankizil.tr\/de\/wp-json\/wp\/v2\/types\/post"}],"author":[{"embeddable":true,"href":"https:\/\/denizcankizil.tr\/de\/wp-json\/wp\/v2\/users\/5"}],"replies":[{"embeddable":true,"href":"https:\/\/denizcankizil.tr\/de\/wp-json\/wp\/v2\/comments?post=26829"}],"version-history":[{"count":0,"href":"https:\/\/denizcankizil.tr\/de\/wp-json\/wp\/v2\/posts\/26829\/revisions"}],"wp:attachment":[{"href":"https:\/\/denizcankizil.tr\/de\/wp-json\/wp\/v2\/media?parent=26829"}],"wp:term":[{"taxonomy":"category","embeddable":true,"href":"https:\/\/denizcankizil.tr\/de\/wp-json\/wp\/v2\/categories?post=26829"},{"taxonomy":"post_tag","embeddable":true,"href":"https:\/\/denizcankizil.tr\/de\/wp-json\/wp\/v2\/tags?post=26829"}],"curies":[{"name":"wp","href":"https:\/\/api.w.org\/{rel}","templated":true}]}}