{"id":26802,"date":"2025-01-22T18:41:14","date_gmt":"2025-01-22T15:41:14","guid":{"rendered":"https:\/\/denizcankizil.tr\/uncategorized-tr\/bolu-otel-yangininda-sicak-gelisme-belediye-baskan-yardimcisi-gozaltina-alindi\/"},"modified":"2025-01-22T18:41:14","modified_gmt":"2025-01-22T15:41:14","slug":"bolu-otel-yangininda-sicak-gelisme-belediye-baskan-yardimcisi-gozaltina-alindi","status":"publish","type":"post","link":"https:\/\/denizcankizil.tr\/de\/haberler\/gundem\/bolu-otel-yangininda-sicak-gelisme-belediye-baskan-yardimcisi-gozaltina-alindi\/","title":{"rendered":"Bolu otel yang\u0131n\u0131nda s\u0131cak geli\u015fme: Belediye ba\u015fkan yard\u0131mc\u0131s\u0131 g\u00f6zalt\u0131na al\u0131nd\u0131"},"content":{"rendered":"<p>Bolu&#8217;daki Kartalkaya Kayak Merkezi&#8217;nde bulunan Grand Kartal Otel&#8217;de ge\u00e7ti\u011fimiz gece \u00e7\u0131kan yang\u0131nda 76 yurtta\u015f hayat\u0131n\u0131 kaybetmi\u015f, 51 ki\u015fi de yaralanm\u0131\u015ft\u0131. Facian\u0131n ard\u0131ndan milli yas ilan edilirken; yang\u0131nda ihmalleri olanlara y\u00f6nelik soru\u015fturma devam ediyor. \u015eimdiye kadar aralar\u0131nda i\u015fletme sahibinin de oldu\u011fu 9 ki\u015finin yan\u0131nda soru\u015fturma kapsam\u0131nda Bolu Belediye Ba\u015fkan Yard\u0131mc\u0131s\u0131 Sedat G\u00fclener ve \u0130tfaiye M\u00fcd\u00fcr Vekili Kenan Co\u015fkun g\u00f6zalt\u0131na al\u0131nd\u0131.<\/p>\n<p>BELGE ORTAYA \u00c7IKTI \u00a0<\/p>\n<p>Bolu Belediyesi&#8217;nin yang\u0131ndan 19 g\u00fcn \u00f6nce Kartalkaya&#8217;da facian\u0131n ya\u015fand\u0131\u011f\u0131 otelin restoran\u0131 i\u00e7in yang\u0131n yeterlilik belgesi haz\u0131rlad\u0131\u011f\u0131 ortaya \u00e7\u0131kt\u0131. Belediye taraf\u0131ndan, Grand Kartal Otel&#8217;de a\u00e7\u0131lmak istenen 70 metrekarelik kafe restoran i\u00e7in yap\u0131lan ba\u015fvuru \u00fczerine haz\u0131rlad\u0131\u011f\u0131 2 Ocak 2025 tarihli belgede &#8220;Binalar\u0131n Yang\u0131ndan Korunmas\u0131 Hakk\u0131nda Y\u00f6netmeli\u011fine g\u00f6re uygundur&#8221; ifadeleri yer ald\u0131.<\/p>\n<p>HAZIRLANAN BELGEDE D\u0130KKAT \u00c7EKEN \u0130FADELER<\/p>\n<p>Bolu Belediye Ba\u015fkanl\u0131\u011f\u0131 \u0130tfaiye M\u00fcd\u00fcrl\u00fc\u011f\u00fcnce Mudurnu Enerji Sanayi ve Ticaret A\u015e&#8217;nin 24 Aral\u0131k 2024 tarihli ba\u015fvurusuna cevaben haz\u0131rlanan &#8220;Yang\u0131n \u00f6nleme ve korunma&#8221; konulu belgede, ilgili firman\u0131n Kartalkaya mevkisinde a\u00e7mak istedi\u011fi 70 metrekare kapal\u0131 alan restoran\u0131n yang\u0131n g\u00fcvenli\u011fi y\u00f6n\u00fcnden incelemelerinin tamamland\u0131\u011f\u0131 belirtildi. \u0130\u015f yerinde 1 adet 6 kilograml\u0131k kuru kimyevi tozlu yang\u0131n s\u00f6nd\u00fcrme cihaz\u0131n\u0131n, ka\u00e7ak ak\u0131m r\u00f6lesinin, acil ayd\u0131nlatman\u0131n mevcut oldu\u011fu aktar\u0131lan belgede, i\u015f yeri i\u00e7erisinde LPG t\u00fcr\u00fc parlay\u0131c\u0131 ve patlay\u0131c\u0131 madde bulundurulmamas\u0131 gerekti\u011fi kaydedildi. Belgede &#8220;Ayr\u0131ca yang\u0131na sebep olabilecek malzeme ve \u0131s\u0131 kaynaklar\u0131n\u0131n kullan\u0131m\u0131nda dikkatli davran\u0131lmas\u0131 gerekmektedir.&#8221; ifadelerine yer verildi.<\/p>\n<p>\u00a0<\/p>\n<p>\u200bBolu Kartalkaya&#8217;daki otel yang\u0131n\u0131na ili\u015fkin soru\u015fturma kapsam\u0131nda Bolu Belediye Ba\u015fkan Yard\u0131mc\u0131s\u0131 Sedat G\u00fclener ve \u0130tfaiye M\u00fcd\u00fcr Vekili Kenan Co\u015fkun g\u00f6zalt\u0131na al\u0131nd\u0131.\u00a0<\/p>\n<p>\u200bHaberin Al\u0131nt\u0131land\u0131\u011f\u0131 Kaynak: www.antalyakorfez.com<\/p>","protected":false},"excerpt":{"rendered":"<p>Bolu&#8217;daki Kartalkaya Kayak Merkezi&#8217;nde bulunan Grand Kartal Otel&#8217;de ge\u00e7ti\u011fimiz gece \u00e7\u0131kan yang\u0131nda 76 yurtta\u015f hayat\u0131n\u0131 kaybetmi\u015f, 51 ki\u015fi de yaralanm\u0131\u015ft\u0131. Facian\u0131n ard\u0131ndan milli yas ilan edilirken; yang\u0131nda ihmalleri olanlara y\u00f6nelik soru\u015fturma devam ediyor. \u015eimdiye kadar aralar\u0131nda i\u015fletme sahibinin de oldu\u011fu 9 ki\u015finin yan\u0131nda soru\u015fturma kapsam\u0131nda Bolu Belediye Ba\u015fkan Yard\u0131mc\u0131s\u0131 Sedat G\u00fclener ve \u0130tfaiye M\u00fcd\u00fcr Vekili Kenan Co\u015fkun g\u00f6zalt\u0131na al\u0131nd\u0131. BELGE ORTAYA \u00c7IKTI \u00a0 Bolu Belediyesi&#8217;nin yang\u0131ndan 19 g\u00fcn \u00f6nce Kartalkaya&#8217;da facian\u0131n ya\u015fand\u0131\u011f\u0131 otelin restoran\u0131 i\u00e7in yang\u0131n yeterlilik belgesi haz\u0131rlad\u0131\u011f\u0131 ortaya \u00e7\u0131kt\u0131. Belediye taraf\u0131ndan, Grand Kartal Otel&#8217;de a\u00e7\u0131lmak istenen 70 metrekarelik kafe restoran i\u00e7in yap\u0131lan ba\u015fvuru \u00fczerine haz\u0131rlad\u0131\u011f\u0131 2 Ocak 2025 tarihli belgede &#8220;Binalar\u0131n Yang\u0131ndan Korunmas\u0131 Hakk\u0131nda Y\u00f6netmeli\u011fine g\u00f6re uygundur&#8221; ifadeleri yer ald\u0131. HAZIRLANAN BELGEDE D\u0130KKAT \u00c7EKEN \u0130FADELER Bolu Belediye Ba\u015fkanl\u0131\u011f\u0131 \u0130tfaiye M\u00fcd\u00fcrl\u00fc\u011f\u00fcnce Mudurnu Enerji Sanayi ve Ticaret A\u015e&#8217;nin 24 Aral\u0131k 2024 tarihli ba\u015fvurusuna cevaben haz\u0131rlanan &#8220;Yang\u0131n \u00f6nleme ve korunma&#8221; konulu belgede, ilgili firman\u0131n Kartalkaya mevkisinde a\u00e7mak istedi\u011fi 70 metrekare kapal\u0131 alan restoran\u0131n yang\u0131n g\u00fcvenli\u011fi y\u00f6n\u00fcnden incelemelerinin tamamland\u0131\u011f\u0131 belirtildi. \u0130\u015f yerinde 1 adet 6 kilograml\u0131k kuru kimyevi tozlu yang\u0131n s\u00f6nd\u00fcrme cihaz\u0131n\u0131n, ka\u00e7ak ak\u0131m r\u00f6lesinin, acil ayd\u0131nlatman\u0131n mevcut oldu\u011fu aktar\u0131lan belgede, i\u015f yeri i\u00e7erisinde LPG t\u00fcr\u00fc parlay\u0131c\u0131 ve patlay\u0131c\u0131 madde bulundurulmamas\u0131 gerekti\u011fi kaydedildi. Belgede &#8220;Ayr\u0131ca yang\u0131na sebep olabilecek malzeme ve \u0131s\u0131 kaynaklar\u0131n\u0131n &hellip;<\/p>","protected":false},"author":5,"featured_media":0,"comment_status":"open","ping_status":"open","sticky":false,"template":"","format":"standard","meta":{"_acf_changed":false,"footnotes":""},"categories":[24],"tags":[],"class_list":["post-26802","post","type-post","status-publish","format-standard","has-post-thumbnail","hentry","category-gundem"],"acf":[],"yoast_head":"<!-- This site is optimized with the Yoast SEO Premium plugin v26.6 (Yoast SEO v27.1.1) - https:\/\/yoast.com\/product\/yoast-seo-premium-wordpress\/ -->\n<title>Bolu otel yang\u0131n\u0131nda s\u0131cak geli\u015fme: Belediye ba\u015fkan yard\u0131mc\u0131s\u0131 g\u00f6zalt\u0131na al\u0131nd\u0131 - Av. Deniz Can K\u0131z\u0131l<\/title>\n<meta name=\"robots\" content=\"index, follow, max-snippet:-1, max-image-preview:large, max-video-preview:-1\" \/>\n<link rel=\"canonical\" href=\"https:\/\/denizcankizil.tr\/de\/haberler\/gundem\/bolu-otel-yangininda-sicak-gelisme-belediye-baskan-yardimcisi-gozaltina-alindi\/\" \/>\n<meta property=\"og:locale\" content=\"de_DE\" \/>\n<meta property=\"og:type\" content=\"article\" \/>\n<meta property=\"og:title\" content=\"Bolu otel yang\u0131n\u0131nda s\u0131cak geli\u015fme: Belediye ba\u015fkan yard\u0131mc\u0131s\u0131 g\u00f6zalt\u0131na al\u0131nd\u0131\" \/>\n<meta property=\"og:description\" content=\"Bolu&#8217;daki Kartalkaya Kayak Merkezi&#8217;nde bulunan Grand Kartal Otel&#8217;de ge\u00e7ti\u011fimiz gece \u00e7\u0131kan yang\u0131nda 76 yurtta\u015f hayat\u0131n\u0131 kaybetmi\u015f, 51 ki\u015fi de yaralanm\u0131\u015ft\u0131. Facian\u0131n ard\u0131ndan milli yas ilan edilirken; yang\u0131nda ihmalleri olanlara y\u00f6nelik soru\u015fturma devam ediyor. \u015eimdiye kadar aralar\u0131nda i\u015fletme sahibinin de oldu\u011fu 9 ki\u015finin yan\u0131nda soru\u015fturma kapsam\u0131nda Bolu Belediye Ba\u015fkan Yard\u0131mc\u0131s\u0131 Sedat G\u00fclener ve \u0130tfaiye M\u00fcd\u00fcr Vekili Kenan Co\u015fkun g\u00f6zalt\u0131na al\u0131nd\u0131. BELGE ORTAYA \u00c7IKTI \u00a0 Bolu Belediyesi&#8217;nin yang\u0131ndan 19 g\u00fcn \u00f6nce Kartalkaya&#8217;da facian\u0131n ya\u015fand\u0131\u011f\u0131 otelin restoran\u0131 i\u00e7in yang\u0131n yeterlilik belgesi haz\u0131rlad\u0131\u011f\u0131 ortaya \u00e7\u0131kt\u0131. Belediye taraf\u0131ndan, Grand Kartal Otel&#8217;de a\u00e7\u0131lmak istenen 70 metrekarelik kafe restoran i\u00e7in yap\u0131lan ba\u015fvuru \u00fczerine haz\u0131rlad\u0131\u011f\u0131 2 Ocak 2025 tarihli belgede &#8220;Binalar\u0131n Yang\u0131ndan Korunmas\u0131 Hakk\u0131nda Y\u00f6netmeli\u011fine g\u00f6re uygundur&#8221; ifadeleri yer ald\u0131. HAZIRLANAN BELGEDE D\u0130KKAT \u00c7EKEN \u0130FADELER Bolu Belediye Ba\u015fkanl\u0131\u011f\u0131 \u0130tfaiye M\u00fcd\u00fcrl\u00fc\u011f\u00fcnce Mudurnu Enerji Sanayi ve Ticaret A\u015e&#8217;nin 24 Aral\u0131k 2024 tarihli ba\u015fvurusuna cevaben haz\u0131rlanan &#8220;Yang\u0131n \u00f6nleme ve korunma&#8221; konulu belgede, ilgili firman\u0131n Kartalkaya mevkisinde a\u00e7mak istedi\u011fi 70 metrekare kapal\u0131 alan restoran\u0131n yang\u0131n g\u00fcvenli\u011fi y\u00f6n\u00fcnden incelemelerinin tamamland\u0131\u011f\u0131 belirtildi. \u0130\u015f yerinde 1 adet 6 kilograml\u0131k kuru kimyevi tozlu yang\u0131n s\u00f6nd\u00fcrme cihaz\u0131n\u0131n, ka\u00e7ak ak\u0131m r\u00f6lesinin, acil ayd\u0131nlatman\u0131n mevcut oldu\u011fu aktar\u0131lan belgede, i\u015f yeri i\u00e7erisinde LPG t\u00fcr\u00fc parlay\u0131c\u0131 ve patlay\u0131c\u0131 madde bulundurulmamas\u0131 gerekti\u011fi kaydedildi. Belgede &#8220;Ayr\u0131ca yang\u0131na sebep olabilecek malzeme ve \u0131s\u0131 kaynaklar\u0131n\u0131n &hellip;\" \/>\n<meta property=\"og:url\" content=\"https:\/\/denizcankizil.tr\/de\/haberler\/gundem\/bolu-otel-yangininda-sicak-gelisme-belediye-baskan-yardimcisi-gozaltina-alindi\/\" \/>\n<meta property=\"og:site_name\" content=\"Av. Deniz Can K\u0131z\u0131l\" \/>\n<meta property=\"article:published_time\" content=\"2025-01-22T15:41:14+00:00\" \/>\n<meta name=\"author\" content=\"Antalya K\u00f6rfez\" \/>\n<meta name=\"twitter:card\" content=\"summary_large_image\" \/>\n<meta name=\"twitter:label1\" content=\"Verfasst von\" \/>\n\t<meta name=\"twitter:data1\" content=\"Antalya K\u00f6rfez\" \/>\n\t<meta name=\"twitter:label2\" content=\"Gesch\u00e4tzte Lesezeit\" \/>\n\t<meta name=\"twitter:data2\" content=\"2\u00a0Minuten\" \/>\n<script type=\"application\/ld+json\" class=\"yoast-schema-graph\">{\"@context\":\"https:\/\/schema.org\",\"@graph\":[{\"@type\":\"Article\",\"@id\":\"https:\/\/denizcankizil.tr\/de\/haberler\/gundem\/bolu-otel-yangininda-sicak-gelisme-belediye-baskan-yardimcisi-gozaltina-alindi\/#article\",\"isPartOf\":{\"@id\":\"https:\/\/denizcankizil.tr\/de\/haberler\/gundem\/bolu-otel-yangininda-sicak-gelisme-belediye-baskan-yardimcisi-gozaltina-alindi\/\"},\"author\":{\"name\":\"Antalya K\u00f6rfez\",\"@id\":\"https:\/\/denizcankizil.tr\/#\/schema\/person\/e1eb71bb4dd684d46563f0af307e1234\"},\"headline\":\"Bolu otel yang\u0131n\u0131nda s\u0131cak geli\u015fme: Belediye ba\u015fkan yard\u0131mc\u0131s\u0131 g\u00f6zalt\u0131na al\u0131nd\u0131\",\"datePublished\":\"2025-01-22T15:41:14+00:00\",\"mainEntityOfPage\":{\"@id\":\"https:\/\/denizcankizil.tr\/de\/haberler\/gundem\/bolu-otel-yangininda-sicak-gelisme-belediye-baskan-yardimcisi-gozaltina-alindi\/\"},\"wordCount\":355,\"commentCount\":0,\"publisher\":{\"@id\":\"https:\/\/denizcankizil.tr\/#organization\"},\"articleSection\":[\"G\u00fcndem\"],\"inLanguage\":\"de\",\"potentialAction\":[{\"@type\":\"CommentAction\",\"name\":\"Comment\",\"target\":[\"https:\/\/denizcankizil.tr\/de\/haberler\/gundem\/bolu-otel-yangininda-sicak-gelisme-belediye-baskan-yardimcisi-gozaltina-alindi\/#respond\"]}]},{\"@type\":\"WebPage\",\"@id\":\"https:\/\/denizcankizil.tr\/de\/haberler\/gundem\/bolu-otel-yangininda-sicak-gelisme-belediye-baskan-yardimcisi-gozaltina-alindi\/\",\"url\":\"https:\/\/denizcankizil.tr\/de\/haberler\/gundem\/bolu-otel-yangininda-sicak-gelisme-belediye-baskan-yardimcisi-gozaltina-alindi\/\",\"name\":\"Bolu otel yang\u0131n\u0131nda s\u0131cak geli\u015fme: Belediye ba\u015fkan yard\u0131mc\u0131s\u0131 g\u00f6zalt\u0131na al\u0131nd\u0131 - Av. Deniz Can K\u0131z\u0131l\",\"isPartOf\":{\"@id\":\"https:\/\/denizcankizil.tr\/#website\"},\"datePublished\":\"2025-01-22T15:41:14+00:00\",\"breadcrumb\":{\"@id\":\"https:\/\/denizcankizil.tr\/de\/haberler\/gundem\/bolu-otel-yangininda-sicak-gelisme-belediye-baskan-yardimcisi-gozaltina-alindi\/#breadcrumb\"},\"inLanguage\":\"de\",\"potentialAction\":[{\"@type\":\"ReadAction\",\"target\":[\"https:\/\/denizcankizil.tr\/de\/haberler\/gundem\/bolu-otel-yangininda-sicak-gelisme-belediye-baskan-yardimcisi-gozaltina-alindi\/\"]}]},{\"@type\":\"BreadcrumbList\",\"@id\":\"https:\/\/denizcankizil.tr\/de\/haberler\/gundem\/bolu-otel-yangininda-sicak-gelisme-belediye-baskan-yardimcisi-gozaltina-alindi\/#breadcrumb\",\"itemListElement\":[{\"@type\":\"ListItem\",\"position\":1,\"name\":\"Home\",\"item\":\"https:\/\/denizcankizil.tr\/de\/\"},{\"@type\":\"ListItem\",\"position\":2,\"name\":\"Bolu otel yang\u0131n\u0131nda s\u0131cak geli\u015fme: Belediye ba\u015fkan yard\u0131mc\u0131s\u0131 g\u00f6zalt\u0131na al\u0131nd\u0131\"}]},{\"@type\":\"WebSite\",\"@id\":\"https:\/\/denizcankizil.tr\/#website\",\"url\":\"https:\/\/denizcankizil.tr\/\",\"name\":\"Av. Deniz Can K\u0131z\u0131l\",\"description\":\"Avukat Deniz Can K\u0131z\u0131l Antalya Barosu\",\"publisher\":{\"@id\":\"https:\/\/denizcankizil.tr\/#organization\"},\"potentialAction\":[{\"@type\":\"SearchAction\",\"target\":{\"@type\":\"EntryPoint\",\"urlTemplate\":\"https:\/\/denizcankizil.tr\/?s={search_term_string}\"},\"query-input\":{\"@type\":\"PropertyValueSpecification\",\"valueRequired\":true,\"valueName\":\"search_term_string\"}}],\"inLanguage\":\"de\"},{\"@type\":\"Organization\",\"@id\":\"https:\/\/denizcankizil.tr\/#organization\",\"name\":\"Av. Deniz Can K\u0131z\u0131l\",\"url\":\"https:\/\/denizcankizil.tr\/\",\"logo\":{\"@type\":\"ImageObject\",\"inLanguage\":\"de\",\"@id\":\"https:\/\/denizcankizil.tr\/#\/schema\/logo\/image\/\",\"url\":\"https:\/\/denizcankizil.tr\/wp-content\/uploads\/2024\/10\/siyah-logo-svg.svg\",\"contentUrl\":\"https:\/\/denizcankizil.tr\/wp-content\/uploads\/2024\/10\/siyah-logo-svg.svg\",\"width\":1080,\"height\":1080,\"caption\":\"Av. Deniz Can K\u0131z\u0131l\"},\"image\":{\"@id\":\"https:\/\/denizcankizil.tr\/#\/schema\/logo\/image\/\"}},{\"@type\":\"Person\",\"@id\":\"https:\/\/denizcankizil.tr\/#\/schema\/person\/e1eb71bb4dd684d46563f0af307e1234\",\"name\":\"Antalya K\u00f6rfez\",\"image\":{\"@type\":\"ImageObject\",\"inLanguage\":\"de\",\"@id\":\"https:\/\/denizcankizil.tr\/#\/schema\/person\/image\/\",\"url\":\"https:\/\/secure.gravatar.com\/avatar\/42b01982558a48a0b501fdcab6a408d3717ea5919095ee2e67b0e521799c5905?s=96&d=mm&r=g\",\"contentUrl\":\"https:\/\/secure.gravatar.com\/avatar\/42b01982558a48a0b501fdcab6a408d3717ea5919095ee2e67b0e521799c5905?s=96&d=mm&r=g\",\"caption\":\"Antalya K\u00f6rfez\"},\"sameAs\":[\"http:\/\/www.antalyakorfez.com\"],\"url\":\"https:\/\/www.antalyakorfez.com\/bolu-otel-yangininda-sicak-gelisme-belediye-baskan-yardimcisi-gozaltina-alindi\"}]}<\/script>\n<!-- \/ Yoast SEO Premium plugin. -->","yoast_head_json":{"title":"Bolu otel yang\u0131n\u0131nda s\u0131cak geli\u015fme: Belediye ba\u015fkan yard\u0131mc\u0131s\u0131 g\u00f6zalt\u0131na al\u0131nd\u0131 - Av. Deniz Can K\u0131z\u0131l","robots":{"index":"index","follow":"follow","max-snippet":"max-snippet:-1","max-image-preview":"max-image-preview:large","max-video-preview":"max-video-preview:-1"},"canonical":"https:\/\/denizcankizil.tr\/de\/haberler\/gundem\/bolu-otel-yangininda-sicak-gelisme-belediye-baskan-yardimcisi-gozaltina-alindi\/","og_locale":"de_DE","og_type":"article","og_title":"Bolu otel yang\u0131n\u0131nda s\u0131cak geli\u015fme: Belediye ba\u015fkan yard\u0131mc\u0131s\u0131 g\u00f6zalt\u0131na al\u0131nd\u0131","og_description":"Bolu&#8217;daki Kartalkaya Kayak Merkezi&#8217;nde bulunan Grand Kartal Otel&#8217;de ge\u00e7ti\u011fimiz gece \u00e7\u0131kan yang\u0131nda 76 yurtta\u015f hayat\u0131n\u0131 kaybetmi\u015f, 51 ki\u015fi de yaralanm\u0131\u015ft\u0131. Facian\u0131n ard\u0131ndan milli yas ilan edilirken; yang\u0131nda ihmalleri olanlara y\u00f6nelik soru\u015fturma devam ediyor. \u015eimdiye kadar aralar\u0131nda i\u015fletme sahibinin de oldu\u011fu 9 ki\u015finin yan\u0131nda soru\u015fturma kapsam\u0131nda Bolu Belediye Ba\u015fkan Yard\u0131mc\u0131s\u0131 Sedat G\u00fclener ve \u0130tfaiye M\u00fcd\u00fcr Vekili Kenan Co\u015fkun g\u00f6zalt\u0131na al\u0131nd\u0131. BELGE ORTAYA \u00c7IKTI \u00a0 Bolu Belediyesi&#8217;nin yang\u0131ndan 19 g\u00fcn \u00f6nce Kartalkaya&#8217;da facian\u0131n ya\u015fand\u0131\u011f\u0131 otelin restoran\u0131 i\u00e7in yang\u0131n yeterlilik belgesi haz\u0131rlad\u0131\u011f\u0131 ortaya \u00e7\u0131kt\u0131. Belediye taraf\u0131ndan, Grand Kartal Otel&#8217;de a\u00e7\u0131lmak istenen 70 metrekarelik kafe restoran i\u00e7in yap\u0131lan ba\u015fvuru \u00fczerine haz\u0131rlad\u0131\u011f\u0131 2 Ocak 2025 tarihli belgede &#8220;Binalar\u0131n Yang\u0131ndan Korunmas\u0131 Hakk\u0131nda Y\u00f6netmeli\u011fine g\u00f6re uygundur&#8221; ifadeleri yer ald\u0131. HAZIRLANAN BELGEDE D\u0130KKAT \u00c7EKEN \u0130FADELER Bolu Belediye Ba\u015fkanl\u0131\u011f\u0131 \u0130tfaiye M\u00fcd\u00fcrl\u00fc\u011f\u00fcnce Mudurnu Enerji Sanayi ve Ticaret A\u015e&#8217;nin 24 Aral\u0131k 2024 tarihli ba\u015fvurusuna cevaben haz\u0131rlanan &#8220;Yang\u0131n \u00f6nleme ve korunma&#8221; konulu belgede, ilgili firman\u0131n Kartalkaya mevkisinde a\u00e7mak istedi\u011fi 70 metrekare kapal\u0131 alan restoran\u0131n yang\u0131n g\u00fcvenli\u011fi y\u00f6n\u00fcnden incelemelerinin tamamland\u0131\u011f\u0131 belirtildi. \u0130\u015f yerinde 1 adet 6 kilograml\u0131k kuru kimyevi tozlu yang\u0131n s\u00f6nd\u00fcrme cihaz\u0131n\u0131n, ka\u00e7ak ak\u0131m r\u00f6lesinin, acil ayd\u0131nlatman\u0131n mevcut oldu\u011fu aktar\u0131lan belgede, i\u015f yeri i\u00e7erisinde LPG t\u00fcr\u00fc parlay\u0131c\u0131 ve patlay\u0131c\u0131 madde bulundurulmamas\u0131 gerekti\u011fi kaydedildi. Belgede &#8220;Ayr\u0131ca yang\u0131na sebep olabilecek malzeme ve \u0131s\u0131 kaynaklar\u0131n\u0131n &hellip;","og_url":"https:\/\/denizcankizil.tr\/de\/haberler\/gundem\/bolu-otel-yangininda-sicak-gelisme-belediye-baskan-yardimcisi-gozaltina-alindi\/","og_site_name":"Av. Deniz Can K\u0131z\u0131l","article_published_time":"2025-01-22T15:41:14+00:00","author":"Antalya K\u00f6rfez","twitter_card":"summary_large_image","twitter_misc":{"Verfasst von":"Antalya K\u00f6rfez","Gesch\u00e4tzte Lesezeit":"2\u00a0Minuten"},"schema":{"@context":"https:\/\/schema.org","@graph":[{"@type":"Article","@id":"https:\/\/denizcankizil.tr\/de\/haberler\/gundem\/bolu-otel-yangininda-sicak-gelisme-belediye-baskan-yardimcisi-gozaltina-alindi\/#article","isPartOf":{"@id":"https:\/\/denizcankizil.tr\/de\/haberler\/gundem\/bolu-otel-yangininda-sicak-gelisme-belediye-baskan-yardimcisi-gozaltina-alindi\/"},"author":{"name":"Antalya K\u00f6rfez","@id":"https:\/\/denizcankizil.tr\/#\/schema\/person\/e1eb71bb4dd684d46563f0af307e1234"},"headline":"Bolu otel yang\u0131n\u0131nda s\u0131cak geli\u015fme: Belediye ba\u015fkan yard\u0131mc\u0131s\u0131 g\u00f6zalt\u0131na al\u0131nd\u0131","datePublished":"2025-01-22T15:41:14+00:00","mainEntityOfPage":{"@id":"https:\/\/denizcankizil.tr\/de\/haberler\/gundem\/bolu-otel-yangininda-sicak-gelisme-belediye-baskan-yardimcisi-gozaltina-alindi\/"},"wordCount":355,"commentCount":0,"publisher":{"@id":"https:\/\/denizcankizil.tr\/#organization"},"articleSection":["G\u00fcndem"],"inLanguage":"de","potentialAction":[{"@type":"CommentAction","name":"Comment","target":["https:\/\/denizcankizil.tr\/de\/haberler\/gundem\/bolu-otel-yangininda-sicak-gelisme-belediye-baskan-yardimcisi-gozaltina-alindi\/#respond"]}]},{"@type":"WebPage","@id":"https:\/\/denizcankizil.tr\/de\/haberler\/gundem\/bolu-otel-yangininda-sicak-gelisme-belediye-baskan-yardimcisi-gozaltina-alindi\/","url":"https:\/\/denizcankizil.tr\/de\/haberler\/gundem\/bolu-otel-yangininda-sicak-gelisme-belediye-baskan-yardimcisi-gozaltina-alindi\/","name":"Bolu otel yang\u0131n\u0131nda s\u0131cak geli\u015fme: Belediye ba\u015fkan yard\u0131mc\u0131s\u0131 g\u00f6zalt\u0131na al\u0131nd\u0131 - Av. Deniz Can K\u0131z\u0131l","isPartOf":{"@id":"https:\/\/denizcankizil.tr\/#website"},"datePublished":"2025-01-22T15:41:14+00:00","breadcrumb":{"@id":"https:\/\/denizcankizil.tr\/de\/haberler\/gundem\/bolu-otel-yangininda-sicak-gelisme-belediye-baskan-yardimcisi-gozaltina-alindi\/#breadcrumb"},"inLanguage":"de","potentialAction":[{"@type":"ReadAction","target":["https:\/\/denizcankizil.tr\/de\/haberler\/gundem\/bolu-otel-yangininda-sicak-gelisme-belediye-baskan-yardimcisi-gozaltina-alindi\/"]}]},{"@type":"BreadcrumbList","@id":"https:\/\/denizcankizil.tr\/de\/haberler\/gundem\/bolu-otel-yangininda-sicak-gelisme-belediye-baskan-yardimcisi-gozaltina-alindi\/#breadcrumb","itemListElement":[{"@type":"ListItem","position":1,"name":"Home","item":"https:\/\/denizcankizil.tr\/de\/"},{"@type":"ListItem","position":2,"name":"Bolu otel yang\u0131n\u0131nda s\u0131cak geli\u015fme: Belediye ba\u015fkan yard\u0131mc\u0131s\u0131 g\u00f6zalt\u0131na al\u0131nd\u0131"}]},{"@type":"WebSite","@id":"https:\/\/denizcankizil.tr\/#website","url":"https:\/\/denizcankizil.tr\/","name":"Av. Deniz Can K\u0131z\u0131l","description":"Avukat Deniz Can K\u0131z\u0131l Antalya Barosu","publisher":{"@id":"https:\/\/denizcankizil.tr\/#organization"},"potentialAction":[{"@type":"SearchAction","target":{"@type":"EntryPoint","urlTemplate":"https:\/\/denizcankizil.tr\/?s={search_term_string}"},"query-input":{"@type":"PropertyValueSpecification","valueRequired":true,"valueName":"search_term_string"}}],"inLanguage":"de"},{"@type":"Organization","@id":"https:\/\/denizcankizil.tr\/#organization","name":"Av. Deniz Can K\u0131z\u0131l","url":"https:\/\/denizcankizil.tr\/","logo":{"@type":"ImageObject","inLanguage":"de","@id":"https:\/\/denizcankizil.tr\/#\/schema\/logo\/image\/","url":"https:\/\/denizcankizil.tr\/wp-content\/uploads\/2024\/10\/siyah-logo-svg.svg","contentUrl":"https:\/\/denizcankizil.tr\/wp-content\/uploads\/2024\/10\/siyah-logo-svg.svg","width":1080,"height":1080,"caption":"Av. Deniz Can K\u0131z\u0131l"},"image":{"@id":"https:\/\/denizcankizil.tr\/#\/schema\/logo\/image\/"}},{"@type":"Person","@id":"https:\/\/denizcankizil.tr\/#\/schema\/person\/e1eb71bb4dd684d46563f0af307e1234","name":"Antalya K\u00f6rfez","image":{"@type":"ImageObject","inLanguage":"de","@id":"https:\/\/denizcankizil.tr\/#\/schema\/person\/image\/","url":"https:\/\/secure.gravatar.com\/avatar\/42b01982558a48a0b501fdcab6a408d3717ea5919095ee2e67b0e521799c5905?s=96&d=mm&r=g","contentUrl":"https:\/\/secure.gravatar.com\/avatar\/42b01982558a48a0b501fdcab6a408d3717ea5919095ee2e67b0e521799c5905?s=96&d=mm&r=g","caption":"Antalya K\u00f6rfez"},"sameAs":["http:\/\/www.antalyakorfez.com"],"url":"https:\/\/www.antalyakorfez.com\/bolu-otel-yangininda-sicak-gelisme-belediye-baskan-yardimcisi-gozaltina-alindi"}]}},"_links":{"self":[{"href":"https:\/\/denizcankizil.tr\/de\/wp-json\/wp\/v2\/posts\/26802","targetHints":{"allow":["GET"]}}],"collection":[{"href":"https:\/\/denizcankizil.tr\/de\/wp-json\/wp\/v2\/posts"}],"about":[{"href":"https:\/\/denizcankizil.tr\/de\/wp-json\/wp\/v2\/types\/post"}],"author":[{"embeddable":true,"href":"https:\/\/denizcankizil.tr\/de\/wp-json\/wp\/v2\/users\/5"}],"replies":[{"embeddable":true,"href":"https:\/\/denizcankizil.tr\/de\/wp-json\/wp\/v2\/comments?post=26802"}],"version-history":[{"count":0,"href":"https:\/\/denizcankizil.tr\/de\/wp-json\/wp\/v2\/posts\/26802\/revisions"}],"wp:attachment":[{"href":"https:\/\/denizcankizil.tr\/de\/wp-json\/wp\/v2\/media?parent=26802"}],"wp:term":[{"taxonomy":"category","embeddable":true,"href":"https:\/\/denizcankizil.tr\/de\/wp-json\/wp\/v2\/categories?post=26802"},{"taxonomy":"post_tag","embeddable":true,"href":"https:\/\/denizcankizil.tr\/de\/wp-json\/wp\/v2\/tags?post=26802"}],"curies":[{"name":"wp","href":"https:\/\/api.w.org\/{rel}","templated":true}]}}