{"id":26750,"date":"2025-01-22T13:41:13","date_gmt":"2025-01-22T10:41:13","guid":{"rendered":"https:\/\/denizcankizil.tr\/uncategorized-tr\/ilk-yuz-nakilli-hastasi-ugur-acar-13uncu-yilini-kutladi\/"},"modified":"2025-01-22T13:41:13","modified_gmt":"2025-01-22T10:41:13","slug":"ilk-yuz-nakilli-hastasi-ugur-acar-13uncu-yilini-kutladi","status":"publish","type":"post","link":"https:\/\/denizcankizil.tr\/de\/haberler\/antalya\/ilk-yuz-nakilli-hastasi-ugur-acar-13uncu-yilini-kutladi\/","title":{"rendered":"\u0130lk y\u00fcz nakilli hastas\u0131 U\u011fur Acar, 13&#8217;\u00fcnc\u00fc y\u0131l\u0131n\u0131 kutlad\u0131"},"content":{"rendered":"<p>Prof. Dr. \u00d6mer \u00d6zkan, y\u00fcz nakli gibi karma\u015f\u0131k operasyonlar\u0131n ba\u015far\u0131l\u0131 \u015fekilde ger\u00e7ekle\u015ftirilmesine ra\u011fmen, organ ba\u011f\u0131\u015f\u0131 konusunda hala ciddi bir yetersizlik oldu\u011funu s\u00f6yleyerek, \u201cBa\u011f\u0131\u015fla hayata tutunan baz\u0131 hastalar\u0131m\u0131z\u0131n aileleri bile organ ba\u011f\u0131\u015f\u0131 konusunda don\u00f6r olmay\u0131 kabul etmiyor\u201d dedi.<br \/>\nAntalya&#8217;n\u0131n Manavgat il\u00e7esi Gebece k\u00f6y\u00fcnde hen\u00fcz bir ayl\u0131kken \u00e7\u0131kan yang\u0131nda y\u00fcz\u00fc yanan U\u011fur Acar, 21 Ocak 2012&#8217;de Akdeniz \u00dcniversitesi Hastanesi&#8217;nde y\u00fcz nakli ba\u015far\u0131yla yap\u0131ld\u0131. T\u00fcrkiye&#8217;nin ilk y\u00fcz nakli operasyonu, sadece Acar&#8217;\u0131n de\u011fil, y\u00fcz nakli bekleyen onlarca hastan\u0131n da umut \u0131\u015f\u0131\u011f\u0131 oldu. Yeni y\u00fcz\u00fcyle 13&#8217;\u00fcnc\u00fc y\u0131l\u0131n\u0131 dolduran U\u011fur Acar, operasyonu ger\u00e7ekle\u015ftiren Prof. Dr. \u00d6mer \u00d6zkan, Prof. Dr. \u00d6zlenen \u00d6zkan ile bir araya geldi. Ziyarette y\u0131l d\u00f6n\u00fcm\u00fc i\u00e7in haz\u0131rlanan ya\u015f pastay\u0131 kesen U\u011fur Acar, Prof. Dr. \u00d6zlenen \u00d6zkan ve Prof. Dr. \u00d6mer \u00d6zkan&#8217;a te\u015fekk\u00fcr etti.<\/p>\n<p>Onlarca hastaya umut oldu<br \/>\nAkdeniz \u00dcniversitesi Rekt\u00f6r\u00fc Prof. Dr. \u00d6zlenen \u00d6zkan, T\u00fcrkiye&#8217;nin ilk y\u00fcz naklinin \u00fczerinden tam 13 y\u0131l ge\u00e7ti\u011fini ve bu tarihi operasyonun, sadece t\u0131bbi bir ba\u015far\u0131 de\u011fil, ayn\u0131 zamanda insanl\u0131k ad\u0131na \u00f6nemli bir ad\u0131m oldu\u011funu s\u00f6yledi. Akdeniz \u00dcniversitesi olarak T\u00fcrkiye&#8217;de daha \u00f6nce yap\u0131lmayan\u0131 ger\u00e7ekle\u015ftirmek sadece bilim d\u00fcnyas\u0131na de\u011fil, y\u00fcz nakli bekleyen onlarca hastaya da umut oldu\u011funu s\u00f6yleyen Rekt\u00f6r \u00d6zkan, \u201cBu s\u00fcre\u00e7te ilk hastam\u0131z olan U\u011fur Acar&#8217;\u0131n cesareti, g\u00fc\u00e7l\u00fc duru\u015fu hem bize hem de nakil bekleyen bir \u00e7ok hastaya ilham oldu. Bug\u00fcn de U\u011fur&#8217;un yeni y\u00fcz\u00fcyle ge\u00e7irdi\u011fi 13&#8217;\u00fcnc\u00fc y\u0131l\u0131 kutluyoruz ve onun nice sa\u011fl\u0131kl\u0131, mutlu y\u0131llar g\u00f6rmesini diliyoruz\u201d dedi. Rekt\u00f6r \u00d6zkan, yeni hastane binas\u0131yla sa\u011fl\u0131k hizmeti kapasitelerini \u00e7ok daha yukar\u0131ya ta\u015f\u0131yacaklar\u0131n\u0131 ve insan hayat\u0131na dokunmaya devam edeceklerini de s\u00f6zlerine ekledi.<br \/>\nT\u00fcrkiye&#8217;nin ilk y\u00fcz nakli operasyonunu ger\u00e7ekle\u015ftiren ekibin ba\u015f\u0131ndaki Akdeniz \u00dcniversitesi Organ Nakli Merkezi M\u00fcd\u00fcr\u00fc Prof. Dr. \u00d6mer \u00d6zkan, 13 y\u0131l \u00f6nce yap\u0131lan bu tarihi operasyonun o d\u00f6nemde b\u00fcy\u00fck ilgi uyand\u0131rd\u0131\u011f\u0131n\u0131 belirtti. U\u011fur Acar&#8217;\u0131n sa\u011fl\u0131k durumunu d\u00fczenli olarak takip ettiklerini ifade eden \u00d6zkan, sa\u011fl\u0131kla s\u00fcrd\u00fcr\u00fclen bir ya\u015fam i\u00e7in Acar&#8217;\u0131n beslenme ve uyku d\u00fczenine dikkat etmesi gerekti\u011fini vurgulad\u0131.<\/p>\n<p>\u201cBa\u011f\u0131\u015fla hayata tutunan baz\u0131 hastalar\u0131m\u0131z\u0131n aileleri bile don\u00f6r olmay\u0131 kabul etmiyor\u201d<br \/>\nProf. Dr. \u00d6mer \u00d6zkan, y\u00fcz nakli gibi karma\u015f\u0131k operasyonlar\u0131n ba\u015far\u0131l\u0131 \u015fekilde ger\u00e7ekle\u015ftirilmesine ra\u011fmen, organ ba\u011f\u0131\u015f\u0131 konusunda hala ciddi bir yetersizlik oldu\u011funu s\u00f6yledi. \u00d6zkan, \u201cY\u00fcz nakli bir yana, karaci\u011fer, b\u00f6brek, rahim, kalp gibi hayati organ ba\u011f\u0131\u015flar\u0131 bile maalesef \u00e7ok d\u00fc\u015f\u00fck seviyelerde. Ba\u011f\u0131\u015fla hayata tutunan baz\u0131 hastalar\u0131m\u0131z\u0131n aileleri bile organ ba\u011f\u0131\u015f\u0131 konusunda don\u00f6r olmay\u0131 kabul etmiyor\u201d dedi.<br \/>\nU\u011fur Acar da bu anlaml\u0131 g\u00fcnde duygular\u0131n\u0131 payla\u015farak sa\u011fl\u0131k dolu 13 y\u0131l\u0131 geride b\u0131rakman\u0131n mutlulu\u011funu dile getirdi.<\/p>\n<p>Kaynak: www.kanalv.com.tr Haber Sitesinden Al\u0131nm\u0131\u015ft\u0131r.<\/p>","protected":false},"excerpt":{"rendered":"<p>Prof. Dr. \u00d6mer \u00d6zkan, y\u00fcz nakli gibi karma\u015f\u0131k operasyonlar\u0131n ba\u015far\u0131l\u0131 \u015fekilde ger\u00e7ekle\u015ftirilmesine ra\u011fmen, organ ba\u011f\u0131\u015f\u0131 konusunda hala ciddi bir yetersizlik oldu\u011funu s\u00f6yleyerek, \u201cBa\u011f\u0131\u015fla hayata tutunan baz\u0131 hastalar\u0131m\u0131z\u0131n aileleri bile organ ba\u011f\u0131\u015f\u0131 konusunda don\u00f6r olmay\u0131 kabul etmiyor\u201d dedi. Antalya&#8217;n\u0131n Manavgat il\u00e7esi Gebece k\u00f6y\u00fcnde hen\u00fcz bir ayl\u0131kken \u00e7\u0131kan yang\u0131nda y\u00fcz\u00fc yanan U\u011fur Acar, 21 Ocak 2012&#8217;de Akdeniz \u00dcniversitesi Hastanesi&#8217;nde y\u00fcz nakli ba\u015far\u0131yla yap\u0131ld\u0131. T\u00fcrkiye&#8217;nin ilk y\u00fcz nakli operasyonu, sadece Acar&#8217;\u0131n de\u011fil, y\u00fcz nakli bekleyen onlarca hastan\u0131n da umut \u0131\u015f\u0131\u011f\u0131 oldu. Yeni y\u00fcz\u00fcyle 13&#8217;\u00fcnc\u00fc y\u0131l\u0131n\u0131 dolduran U\u011fur Acar, operasyonu ger\u00e7ekle\u015ftiren Prof. Dr. \u00d6mer \u00d6zkan, Prof. Dr. \u00d6zlenen \u00d6zkan ile bir araya geldi. Ziyarette y\u0131l d\u00f6n\u00fcm\u00fc i\u00e7in haz\u0131rlanan ya\u015f pastay\u0131 kesen U\u011fur Acar, Prof. Dr. \u00d6zlenen \u00d6zkan ve Prof. Dr. \u00d6mer \u00d6zkan&#8217;a te\u015fekk\u00fcr etti. Onlarca hastaya umut oldu Akdeniz \u00dcniversitesi Rekt\u00f6r\u00fc Prof. Dr. \u00d6zlenen \u00d6zkan, T\u00fcrkiye&#8217;nin ilk y\u00fcz naklinin \u00fczerinden tam 13 y\u0131l ge\u00e7ti\u011fini ve bu tarihi operasyonun, sadece t\u0131bbi bir ba\u015far\u0131 de\u011fil, ayn\u0131 zamanda insanl\u0131k ad\u0131na \u00f6nemli bir ad\u0131m oldu\u011funu s\u00f6yledi. Akdeniz \u00dcniversitesi olarak T\u00fcrkiye&#8217;de daha \u00f6nce yap\u0131lmayan\u0131 ger\u00e7ekle\u015ftirmek sadece bilim d\u00fcnyas\u0131na de\u011fil, y\u00fcz nakli bekleyen onlarca hastaya da umut oldu\u011funu s\u00f6yleyen Rekt\u00f6r \u00d6zkan, \u201cBu s\u00fcre\u00e7te ilk hastam\u0131z olan U\u011fur Acar&#8217;\u0131n cesareti, g\u00fc\u00e7l\u00fc duru\u015fu hem bize hem de nakil bekleyen bir \u00e7ok hastaya &hellip;<\/p>","protected":false},"author":4,"featured_media":26751,"comment_status":"open","ping_status":"open","sticky":false,"template":"","format":"standard","meta":{"_acf_changed":false,"footnotes":""},"categories":[26],"tags":[],"class_list":["post-26750","post","type-post","status-publish","format-standard","has-post-thumbnail","hentry","category-antalya"],"acf":[],"yoast_head":"<!-- This site is optimized with the Yoast SEO Premium plugin v26.6 (Yoast SEO v27.1.1) - https:\/\/yoast.com\/product\/yoast-seo-premium-wordpress\/ -->\n<title>\u0130lk y\u00fcz nakilli hastas\u0131 U\u011fur Acar, 13&#039;\u00fcnc\u00fc y\u0131l\u0131n\u0131 kutlad\u0131 - Av. Deniz Can K\u0131z\u0131l<\/title>\n<meta name=\"robots\" content=\"index, follow, max-snippet:-1, max-image-preview:large, max-video-preview:-1\" \/>\n<link rel=\"canonical\" href=\"https:\/\/denizcankizil.tr\/de\/haberler\/antalya\/ilk-yuz-nakilli-hastasi-ugur-acar-13uncu-yilini-kutladi\/\" \/>\n<meta property=\"og:locale\" content=\"de_DE\" \/>\n<meta property=\"og:type\" content=\"article\" \/>\n<meta property=\"og:title\" content=\"\u0130lk y\u00fcz nakilli hastas\u0131 U\u011fur Acar, 13&#039;\u00fcnc\u00fc y\u0131l\u0131n\u0131 kutlad\u0131\" \/>\n<meta property=\"og:description\" content=\"Prof. Dr. \u00d6mer \u00d6zkan, y\u00fcz nakli gibi karma\u015f\u0131k operasyonlar\u0131n ba\u015far\u0131l\u0131 \u015fekilde ger\u00e7ekle\u015ftirilmesine ra\u011fmen, organ ba\u011f\u0131\u015f\u0131 konusunda hala ciddi bir yetersizlik oldu\u011funu s\u00f6yleyerek, \u201cBa\u011f\u0131\u015fla hayata tutunan baz\u0131 hastalar\u0131m\u0131z\u0131n aileleri bile organ ba\u011f\u0131\u015f\u0131 konusunda don\u00f6r olmay\u0131 kabul etmiyor\u201d dedi. Antalya&#8217;n\u0131n Manavgat il\u00e7esi Gebece k\u00f6y\u00fcnde hen\u00fcz bir ayl\u0131kken \u00e7\u0131kan yang\u0131nda y\u00fcz\u00fc yanan U\u011fur Acar, 21 Ocak 2012&#8217;de Akdeniz \u00dcniversitesi Hastanesi&#8217;nde y\u00fcz nakli ba\u015far\u0131yla yap\u0131ld\u0131. T\u00fcrkiye&#8217;nin ilk y\u00fcz nakli operasyonu, sadece Acar&#8217;\u0131n de\u011fil, y\u00fcz nakli bekleyen onlarca hastan\u0131n da umut \u0131\u015f\u0131\u011f\u0131 oldu. Yeni y\u00fcz\u00fcyle 13&#8217;\u00fcnc\u00fc y\u0131l\u0131n\u0131 dolduran U\u011fur Acar, operasyonu ger\u00e7ekle\u015ftiren Prof. Dr. \u00d6mer \u00d6zkan, Prof. Dr. \u00d6zlenen \u00d6zkan ile bir araya geldi. Ziyarette y\u0131l d\u00f6n\u00fcm\u00fc i\u00e7in haz\u0131rlanan ya\u015f pastay\u0131 kesen U\u011fur Acar, Prof. Dr. \u00d6zlenen \u00d6zkan ve Prof. Dr. \u00d6mer \u00d6zkan&#8217;a te\u015fekk\u00fcr etti. Onlarca hastaya umut oldu Akdeniz \u00dcniversitesi Rekt\u00f6r\u00fc Prof. Dr. \u00d6zlenen \u00d6zkan, T\u00fcrkiye&#8217;nin ilk y\u00fcz naklinin \u00fczerinden tam 13 y\u0131l ge\u00e7ti\u011fini ve bu tarihi operasyonun, sadece t\u0131bbi bir ba\u015far\u0131 de\u011fil, ayn\u0131 zamanda insanl\u0131k ad\u0131na \u00f6nemli bir ad\u0131m oldu\u011funu s\u00f6yledi. Akdeniz \u00dcniversitesi olarak T\u00fcrkiye&#8217;de daha \u00f6nce yap\u0131lmayan\u0131 ger\u00e7ekle\u015ftirmek sadece bilim d\u00fcnyas\u0131na de\u011fil, y\u00fcz nakli bekleyen onlarca hastaya da umut oldu\u011funu s\u00f6yleyen Rekt\u00f6r \u00d6zkan, \u201cBu s\u00fcre\u00e7te ilk hastam\u0131z olan U\u011fur Acar&#8217;\u0131n cesareti, g\u00fc\u00e7l\u00fc duru\u015fu hem bize hem de nakil bekleyen bir \u00e7ok hastaya &hellip;\" \/>\n<meta property=\"og:url\" content=\"https:\/\/denizcankizil.tr\/de\/haberler\/antalya\/ilk-yuz-nakilli-hastasi-ugur-acar-13uncu-yilini-kutladi\/\" \/>\n<meta property=\"og:site_name\" content=\"Av. Deniz Can K\u0131z\u0131l\" \/>\n<meta property=\"article:published_time\" content=\"2025-01-22T10:41:13+00:00\" \/>\n<meta property=\"og:image\" content=\"https:\/\/denizcankizil.tr\/wp-content\/uploads\/2025\/01\/4270-01-Sj2vR4.jpeg\" \/>\n\t<meta property=\"og:image:width\" content=\"1280\" \/>\n\t<meta property=\"og:image:height\" content=\"720\" \/>\n\t<meta property=\"og:image:type\" content=\"image\/jpeg\" \/>\n<meta name=\"author\" content=\"Av. Deniz Can K\u0131z\u0131l\" \/>\n<meta name=\"twitter:card\" content=\"summary_large_image\" \/>\n<meta name=\"twitter:label1\" content=\"Verfasst von\" \/>\n\t<meta name=\"twitter:data1\" content=\"Av. Deniz Can K\u0131z\u0131l\" \/>\n\t<meta name=\"twitter:label2\" content=\"Gesch\u00e4tzte Lesezeit\" \/>\n\t<meta name=\"twitter:data2\" content=\"3\u00a0Minuten\" \/>\n<script type=\"application\/ld+json\" class=\"yoast-schema-graph\">{\"@context\":\"https:\/\/schema.org\",\"@graph\":[{\"@type\":\"Article\",\"@id\":\"https:\/\/denizcankizil.tr\/uk\/haberler\/antalya\/ilk-yuz-nakilli-hastasi-ugur-acar-13uncu-yilini-kutladi\/#article\",\"isPartOf\":{\"@id\":\"https:\/\/denizcankizil.tr\/uk\/haberler\/antalya\/ilk-yuz-nakilli-hastasi-ugur-acar-13uncu-yilini-kutladi\/\"},\"author\":{\"name\":\"Av. Deniz Can K\u0131z\u0131l\",\"@id\":\"https:\/\/denizcankizil.tr\/de\/#\/schema\/person\/5dc1b22991bd7ac833867c10afc9b0ff\"},\"headline\":\"\u0130lk y\u00fcz nakilli hastas\u0131 U\u011fur Acar, 13&#8217;\u00fcnc\u00fc y\u0131l\u0131n\u0131 kutlad\u0131\",\"datePublished\":\"2025-01-22T10:41:13+00:00\",\"mainEntityOfPage\":{\"@id\":\"https:\/\/denizcankizil.tr\/uk\/haberler\/antalya\/ilk-yuz-nakilli-hastasi-ugur-acar-13uncu-yilini-kutladi\/\"},\"wordCount\":572,\"commentCount\":0,\"publisher\":{\"@id\":\"https:\/\/denizcankizil.tr\/de\/#organization\"},\"image\":{\"@id\":\"https:\/\/denizcankizil.tr\/uk\/haberler\/antalya\/ilk-yuz-nakilli-hastasi-ugur-acar-13uncu-yilini-kutladi\/#primaryimage\"},\"thumbnailUrl\":\"https:\/\/denizcankizil.tr\/wp-content\/uploads\/2025\/01\/4270-01-Sj2vR4.jpeg\",\"articleSection\":[\"Antalya\"],\"inLanguage\":\"de\",\"potentialAction\":[{\"@type\":\"CommentAction\",\"name\":\"Comment\",\"target\":[\"https:\/\/denizcankizil.tr\/uk\/haberler\/antalya\/ilk-yuz-nakilli-hastasi-ugur-acar-13uncu-yilini-kutladi\/#respond\"]}]},{\"@type\":\"WebPage\",\"@id\":\"https:\/\/denizcankizil.tr\/uk\/haberler\/antalya\/ilk-yuz-nakilli-hastasi-ugur-acar-13uncu-yilini-kutladi\/\",\"url\":\"https:\/\/denizcankizil.tr\/uk\/haberler\/antalya\/ilk-yuz-nakilli-hastasi-ugur-acar-13uncu-yilini-kutladi\/\",\"name\":\"\u0130lk y\u00fcz nakilli hastas\u0131 U\u011fur Acar, 13'\u00fcnc\u00fc y\u0131l\u0131n\u0131 kutlad\u0131 - Av. Deniz Can K\u0131z\u0131l\",\"isPartOf\":{\"@id\":\"https:\/\/denizcankizil.tr\/de\/#website\"},\"primaryImageOfPage\":{\"@id\":\"https:\/\/denizcankizil.tr\/uk\/haberler\/antalya\/ilk-yuz-nakilli-hastasi-ugur-acar-13uncu-yilini-kutladi\/#primaryimage\"},\"image\":{\"@id\":\"https:\/\/denizcankizil.tr\/uk\/haberler\/antalya\/ilk-yuz-nakilli-hastasi-ugur-acar-13uncu-yilini-kutladi\/#primaryimage\"},\"thumbnailUrl\":\"https:\/\/denizcankizil.tr\/wp-content\/uploads\/2025\/01\/4270-01-Sj2vR4.jpeg\",\"datePublished\":\"2025-01-22T10:41:13+00:00\",\"breadcrumb\":{\"@id\":\"https:\/\/denizcankizil.tr\/uk\/haberler\/antalya\/ilk-yuz-nakilli-hastasi-ugur-acar-13uncu-yilini-kutladi\/#breadcrumb\"},\"inLanguage\":\"de\",\"potentialAction\":[{\"@type\":\"ReadAction\",\"target\":[\"https:\/\/denizcankizil.tr\/uk\/haberler\/antalya\/ilk-yuz-nakilli-hastasi-ugur-acar-13uncu-yilini-kutladi\/\"]}]},{\"@type\":\"ImageObject\",\"inLanguage\":\"de\",\"@id\":\"https:\/\/denizcankizil.tr\/uk\/haberler\/antalya\/ilk-yuz-nakilli-hastasi-ugur-acar-13uncu-yilini-kutladi\/#primaryimage\",\"url\":\"https:\/\/denizcankizil.tr\/wp-content\/uploads\/2025\/01\/4270-01-Sj2vR4.jpeg\",\"contentUrl\":\"https:\/\/denizcankizil.tr\/wp-content\/uploads\/2025\/01\/4270-01-Sj2vR4.jpeg\",\"width\":1280,\"height\":720},{\"@type\":\"BreadcrumbList\",\"@id\":\"https:\/\/denizcankizil.tr\/uk\/haberler\/antalya\/ilk-yuz-nakilli-hastasi-ugur-acar-13uncu-yilini-kutladi\/#breadcrumb\",\"itemListElement\":[{\"@type\":\"ListItem\",\"position\":1,\"name\":\"Home\",\"item\":\"https:\/\/denizcankizil.tr\/de\/\"},{\"@type\":\"ListItem\",\"position\":2,\"name\":\"\u0130lk y\u00fcz nakilli hastas\u0131 U\u011fur Acar, 13&#8217;\u00fcnc\u00fc y\u0131l\u0131n\u0131 kutlad\u0131\"}]},{\"@type\":\"WebSite\",\"@id\":\"https:\/\/denizcankizil.tr\/de\/#website\",\"url\":\"https:\/\/denizcankizil.tr\/de\/\",\"name\":\"Av. Deniz Can K\u0131z\u0131l\",\"description\":\"Avukat Deniz Can K\u0131z\u0131l Antalya Barosu\",\"publisher\":{\"@id\":\"https:\/\/denizcankizil.tr\/de\/#organization\"},\"potentialAction\":[{\"@type\":\"SearchAction\",\"target\":{\"@type\":\"EntryPoint\",\"urlTemplate\":\"https:\/\/denizcankizil.tr\/de\/?s={search_term_string}\"},\"query-input\":{\"@type\":\"PropertyValueSpecification\",\"valueRequired\":true,\"valueName\":\"search_term_string\"}}],\"inLanguage\":\"de\"},{\"@type\":\"Organization\",\"@id\":\"https:\/\/denizcankizil.tr\/de\/#organization\",\"name\":\"Av. Deniz Can K\u0131z\u0131l\",\"url\":\"https:\/\/denizcankizil.tr\/de\/\",\"logo\":{\"@type\":\"ImageObject\",\"inLanguage\":\"de\",\"@id\":\"https:\/\/denizcankizil.tr\/de\/#\/schema\/logo\/image\/\",\"url\":\"https:\/\/denizcankizil.tr\/wp-content\/uploads\/2024\/10\/siyah-logo-svg.svg\",\"contentUrl\":\"https:\/\/denizcankizil.tr\/wp-content\/uploads\/2024\/10\/siyah-logo-svg.svg\",\"width\":1080,\"height\":1080,\"caption\":\"Av. Deniz Can K\u0131z\u0131l\"},\"image\":{\"@id\":\"https:\/\/denizcankizil.tr\/de\/#\/schema\/logo\/image\/\"}},{\"@type\":\"Person\",\"@id\":\"https:\/\/denizcankizil.tr\/de\/#\/schema\/person\/5dc1b22991bd7ac833867c10afc9b0ff\",\"name\":\"Av. Deniz Can K\u0131z\u0131l\",\"image\":{\"@type\":\"ImageObject\",\"inLanguage\":\"de\",\"@id\":\"https:\/\/denizcankizil.tr\/de\/#\/schema\/person\/image\/\",\"url\":\"https:\/\/secure.gravatar.com\/avatar\/a0b128fb9855c79efc976d5640eedb31dc35ec297594d6016d2cf7c60e975bb6?s=96&d=mm&r=g\",\"contentUrl\":\"https:\/\/secure.gravatar.com\/avatar\/a0b128fb9855c79efc976d5640eedb31dc35ec297594d6016d2cf7c60e975bb6?s=96&d=mm&r=g\",\"caption\":\"Av. Deniz Can K\u0131z\u0131l\"},\"sameAs\":[\"http:\/\/www.denizcankizil.tr\"],\"url\":\"https:\/\/denizcankizil.tr\/de\/author\/denizcankizil\/\"}]}<\/script>\n<!-- \/ Yoast SEO Premium plugin. -->","yoast_head_json":{"title":"\u0130lk y\u00fcz nakilli hastas\u0131 U\u011fur Acar, 13'\u00fcnc\u00fc y\u0131l\u0131n\u0131 kutlad\u0131 - Av. Deniz Can K\u0131z\u0131l","robots":{"index":"index","follow":"follow","max-snippet":"max-snippet:-1","max-image-preview":"max-image-preview:large","max-video-preview":"max-video-preview:-1"},"canonical":"https:\/\/denizcankizil.tr\/de\/haberler\/antalya\/ilk-yuz-nakilli-hastasi-ugur-acar-13uncu-yilini-kutladi\/","og_locale":"de_DE","og_type":"article","og_title":"\u0130lk y\u00fcz nakilli hastas\u0131 U\u011fur Acar, 13'\u00fcnc\u00fc y\u0131l\u0131n\u0131 kutlad\u0131","og_description":"Prof. Dr. \u00d6mer \u00d6zkan, y\u00fcz nakli gibi karma\u015f\u0131k operasyonlar\u0131n ba\u015far\u0131l\u0131 \u015fekilde ger\u00e7ekle\u015ftirilmesine ra\u011fmen, organ ba\u011f\u0131\u015f\u0131 konusunda hala ciddi bir yetersizlik oldu\u011funu s\u00f6yleyerek, \u201cBa\u011f\u0131\u015fla hayata tutunan baz\u0131 hastalar\u0131m\u0131z\u0131n aileleri bile organ ba\u011f\u0131\u015f\u0131 konusunda don\u00f6r olmay\u0131 kabul etmiyor\u201d dedi. Antalya&#8217;n\u0131n Manavgat il\u00e7esi Gebece k\u00f6y\u00fcnde hen\u00fcz bir ayl\u0131kken \u00e7\u0131kan yang\u0131nda y\u00fcz\u00fc yanan U\u011fur Acar, 21 Ocak 2012&#8217;de Akdeniz \u00dcniversitesi Hastanesi&#8217;nde y\u00fcz nakli ba\u015far\u0131yla yap\u0131ld\u0131. T\u00fcrkiye&#8217;nin ilk y\u00fcz nakli operasyonu, sadece Acar&#8217;\u0131n de\u011fil, y\u00fcz nakli bekleyen onlarca hastan\u0131n da umut \u0131\u015f\u0131\u011f\u0131 oldu. Yeni y\u00fcz\u00fcyle 13&#8217;\u00fcnc\u00fc y\u0131l\u0131n\u0131 dolduran U\u011fur Acar, operasyonu ger\u00e7ekle\u015ftiren Prof. Dr. \u00d6mer \u00d6zkan, Prof. Dr. \u00d6zlenen \u00d6zkan ile bir araya geldi. Ziyarette y\u0131l d\u00f6n\u00fcm\u00fc i\u00e7in haz\u0131rlanan ya\u015f pastay\u0131 kesen U\u011fur Acar, Prof. Dr. \u00d6zlenen \u00d6zkan ve Prof. Dr. \u00d6mer \u00d6zkan&#8217;a te\u015fekk\u00fcr etti. Onlarca hastaya umut oldu Akdeniz \u00dcniversitesi Rekt\u00f6r\u00fc Prof. Dr. \u00d6zlenen \u00d6zkan, T\u00fcrkiye&#8217;nin ilk y\u00fcz naklinin \u00fczerinden tam 13 y\u0131l ge\u00e7ti\u011fini ve bu tarihi operasyonun, sadece t\u0131bbi bir ba\u015far\u0131 de\u011fil, ayn\u0131 zamanda insanl\u0131k ad\u0131na \u00f6nemli bir ad\u0131m oldu\u011funu s\u00f6yledi. Akdeniz \u00dcniversitesi olarak T\u00fcrkiye&#8217;de daha \u00f6nce yap\u0131lmayan\u0131 ger\u00e7ekle\u015ftirmek sadece bilim d\u00fcnyas\u0131na de\u011fil, y\u00fcz nakli bekleyen onlarca hastaya da umut oldu\u011funu s\u00f6yleyen Rekt\u00f6r \u00d6zkan, \u201cBu s\u00fcre\u00e7te ilk hastam\u0131z olan U\u011fur Acar&#8217;\u0131n cesareti, g\u00fc\u00e7l\u00fc duru\u015fu hem bize hem de nakil bekleyen bir \u00e7ok hastaya &hellip;","og_url":"https:\/\/denizcankizil.tr\/de\/haberler\/antalya\/ilk-yuz-nakilli-hastasi-ugur-acar-13uncu-yilini-kutladi\/","og_site_name":"Av. Deniz Can K\u0131z\u0131l","article_published_time":"2025-01-22T10:41:13+00:00","og_image":[{"width":1280,"height":720,"url":"https:\/\/denizcankizil.tr\/wp-content\/uploads\/2025\/01\/4270-01-Sj2vR4.jpeg","type":"image\/jpeg"}],"author":"Av. Deniz Can K\u0131z\u0131l","twitter_card":"summary_large_image","twitter_misc":{"Verfasst von":"Av. Deniz Can K\u0131z\u0131l","Gesch\u00e4tzte Lesezeit":"3\u00a0Minuten"},"schema":{"@context":"https:\/\/schema.org","@graph":[{"@type":"Article","@id":"https:\/\/denizcankizil.tr\/uk\/haberler\/antalya\/ilk-yuz-nakilli-hastasi-ugur-acar-13uncu-yilini-kutladi\/#article","isPartOf":{"@id":"https:\/\/denizcankizil.tr\/uk\/haberler\/antalya\/ilk-yuz-nakilli-hastasi-ugur-acar-13uncu-yilini-kutladi\/"},"author":{"name":"Av. Deniz Can K\u0131z\u0131l","@id":"https:\/\/denizcankizil.tr\/de\/#\/schema\/person\/5dc1b22991bd7ac833867c10afc9b0ff"},"headline":"\u0130lk y\u00fcz nakilli hastas\u0131 U\u011fur Acar, 13&#8217;\u00fcnc\u00fc y\u0131l\u0131n\u0131 kutlad\u0131","datePublished":"2025-01-22T10:41:13+00:00","mainEntityOfPage":{"@id":"https:\/\/denizcankizil.tr\/uk\/haberler\/antalya\/ilk-yuz-nakilli-hastasi-ugur-acar-13uncu-yilini-kutladi\/"},"wordCount":572,"commentCount":0,"publisher":{"@id":"https:\/\/denizcankizil.tr\/de\/#organization"},"image":{"@id":"https:\/\/denizcankizil.tr\/uk\/haberler\/antalya\/ilk-yuz-nakilli-hastasi-ugur-acar-13uncu-yilini-kutladi\/#primaryimage"},"thumbnailUrl":"https:\/\/denizcankizil.tr\/wp-content\/uploads\/2025\/01\/4270-01-Sj2vR4.jpeg","articleSection":["Antalya"],"inLanguage":"de","potentialAction":[{"@type":"CommentAction","name":"Comment","target":["https:\/\/denizcankizil.tr\/uk\/haberler\/antalya\/ilk-yuz-nakilli-hastasi-ugur-acar-13uncu-yilini-kutladi\/#respond"]}]},{"@type":"WebPage","@id":"https:\/\/denizcankizil.tr\/uk\/haberler\/antalya\/ilk-yuz-nakilli-hastasi-ugur-acar-13uncu-yilini-kutladi\/","url":"https:\/\/denizcankizil.tr\/uk\/haberler\/antalya\/ilk-yuz-nakilli-hastasi-ugur-acar-13uncu-yilini-kutladi\/","name":"\u0130lk y\u00fcz nakilli hastas\u0131 U\u011fur Acar, 13'\u00fcnc\u00fc y\u0131l\u0131n\u0131 kutlad\u0131 - Av. Deniz Can K\u0131z\u0131l","isPartOf":{"@id":"https:\/\/denizcankizil.tr\/de\/#website"},"primaryImageOfPage":{"@id":"https:\/\/denizcankizil.tr\/uk\/haberler\/antalya\/ilk-yuz-nakilli-hastasi-ugur-acar-13uncu-yilini-kutladi\/#primaryimage"},"image":{"@id":"https:\/\/denizcankizil.tr\/uk\/haberler\/antalya\/ilk-yuz-nakilli-hastasi-ugur-acar-13uncu-yilini-kutladi\/#primaryimage"},"thumbnailUrl":"https:\/\/denizcankizil.tr\/wp-content\/uploads\/2025\/01\/4270-01-Sj2vR4.jpeg","datePublished":"2025-01-22T10:41:13+00:00","breadcrumb":{"@id":"https:\/\/denizcankizil.tr\/uk\/haberler\/antalya\/ilk-yuz-nakilli-hastasi-ugur-acar-13uncu-yilini-kutladi\/#breadcrumb"},"inLanguage":"de","potentialAction":[{"@type":"ReadAction","target":["https:\/\/denizcankizil.tr\/uk\/haberler\/antalya\/ilk-yuz-nakilli-hastasi-ugur-acar-13uncu-yilini-kutladi\/"]}]},{"@type":"ImageObject","inLanguage":"de","@id":"https:\/\/denizcankizil.tr\/uk\/haberler\/antalya\/ilk-yuz-nakilli-hastasi-ugur-acar-13uncu-yilini-kutladi\/#primaryimage","url":"https:\/\/denizcankizil.tr\/wp-content\/uploads\/2025\/01\/4270-01-Sj2vR4.jpeg","contentUrl":"https:\/\/denizcankizil.tr\/wp-content\/uploads\/2025\/01\/4270-01-Sj2vR4.jpeg","width":1280,"height":720},{"@type":"BreadcrumbList","@id":"https:\/\/denizcankizil.tr\/uk\/haberler\/antalya\/ilk-yuz-nakilli-hastasi-ugur-acar-13uncu-yilini-kutladi\/#breadcrumb","itemListElement":[{"@type":"ListItem","position":1,"name":"Home","item":"https:\/\/denizcankizil.tr\/de\/"},{"@type":"ListItem","position":2,"name":"\u0130lk y\u00fcz nakilli hastas\u0131 U\u011fur Acar, 13&#8217;\u00fcnc\u00fc y\u0131l\u0131n\u0131 kutlad\u0131"}]},{"@type":"WebSite","@id":"https:\/\/denizcankizil.tr\/de\/#website","url":"https:\/\/denizcankizil.tr\/de\/","name":"Av. Deniz Can K\u0131z\u0131l","description":"Avukat Deniz Can K\u0131z\u0131l Antalya Barosu","publisher":{"@id":"https:\/\/denizcankizil.tr\/de\/#organization"},"potentialAction":[{"@type":"SearchAction","target":{"@type":"EntryPoint","urlTemplate":"https:\/\/denizcankizil.tr\/de\/?s={search_term_string}"},"query-input":{"@type":"PropertyValueSpecification","valueRequired":true,"valueName":"search_term_string"}}],"inLanguage":"de"},{"@type":"Organization","@id":"https:\/\/denizcankizil.tr\/de\/#organization","name":"Av. Deniz Can K\u0131z\u0131l","url":"https:\/\/denizcankizil.tr\/de\/","logo":{"@type":"ImageObject","inLanguage":"de","@id":"https:\/\/denizcankizil.tr\/de\/#\/schema\/logo\/image\/","url":"https:\/\/denizcankizil.tr\/wp-content\/uploads\/2024\/10\/siyah-logo-svg.svg","contentUrl":"https:\/\/denizcankizil.tr\/wp-content\/uploads\/2024\/10\/siyah-logo-svg.svg","width":1080,"height":1080,"caption":"Av. Deniz Can K\u0131z\u0131l"},"image":{"@id":"https:\/\/denizcankizil.tr\/de\/#\/schema\/logo\/image\/"}},{"@type":"Person","@id":"https:\/\/denizcankizil.tr\/de\/#\/schema\/person\/5dc1b22991bd7ac833867c10afc9b0ff","name":"Av. Deniz Can K\u0131z\u0131l","image":{"@type":"ImageObject","inLanguage":"de","@id":"https:\/\/denizcankizil.tr\/de\/#\/schema\/person\/image\/","url":"https:\/\/secure.gravatar.com\/avatar\/a0b128fb9855c79efc976d5640eedb31dc35ec297594d6016d2cf7c60e975bb6?s=96&d=mm&r=g","contentUrl":"https:\/\/secure.gravatar.com\/avatar\/a0b128fb9855c79efc976d5640eedb31dc35ec297594d6016d2cf7c60e975bb6?s=96&d=mm&r=g","caption":"Av. Deniz Can K\u0131z\u0131l"},"sameAs":["http:\/\/www.denizcankizil.tr"],"url":"https:\/\/denizcankizil.tr\/de\/author\/denizcankizil\/"}]}},"_links":{"self":[{"href":"https:\/\/denizcankizil.tr\/de\/wp-json\/wp\/v2\/posts\/26750","targetHints":{"allow":["GET"]}}],"collection":[{"href":"https:\/\/denizcankizil.tr\/de\/wp-json\/wp\/v2\/posts"}],"about":[{"href":"https:\/\/denizcankizil.tr\/de\/wp-json\/wp\/v2\/types\/post"}],"author":[{"embeddable":true,"href":"https:\/\/denizcankizil.tr\/de\/wp-json\/wp\/v2\/users\/4"}],"replies":[{"embeddable":true,"href":"https:\/\/denizcankizil.tr\/de\/wp-json\/wp\/v2\/comments?post=26750"}],"version-history":[{"count":0,"href":"https:\/\/denizcankizil.tr\/de\/wp-json\/wp\/v2\/posts\/26750\/revisions"}],"wp:featuredmedia":[{"embeddable":true,"href":"https:\/\/denizcankizil.tr\/de\/wp-json\/wp\/v2\/media\/26751"}],"wp:attachment":[{"href":"https:\/\/denizcankizil.tr\/de\/wp-json\/wp\/v2\/media?parent=26750"}],"wp:term":[{"taxonomy":"category","embeddable":true,"href":"https:\/\/denizcankizil.tr\/de\/wp-json\/wp\/v2\/categories?post=26750"},{"taxonomy":"post_tag","embeddable":true,"href":"https:\/\/denizcankizil.tr\/de\/wp-json\/wp\/v2\/tags?post=26750"}],"curies":[{"name":"wp","href":"https:\/\/api.w.org\/{rel}","templated":true}]}}