{"id":26495,"date":"2025-01-21T12:46:00","date_gmt":"2025-01-21T09:46:00","guid":{"rendered":"https:\/\/denizcankizil.tr\/uncategorized-tr\/ihmali-davranisla-gorevi-kotuye-kullanma-sucu-sanigin-resit-olmayan-katilanin-anne-ve-babasindan-velayeten-vekaletname-almis-olmasi\/"},"modified":"2025-01-21T12:46:00","modified_gmt":"2025-01-21T09:46:00","slug":"ihmali-davranisla-gorevi-kotuye-kullanma-sucu-sanigin-resit-olmayan-katilanin-anne-ve-babasindan-velayeten-vekaletname-almis-olmasi","status":"publish","type":"post","link":"https:\/\/denizcankizil.tr\/de\/hukukihaber\/ihmali-davranisla-gorevi-kotuye-kullanma-sucu-sanigin-resit-olmayan-katilanin-anne-ve-babasindan-velayeten-vekaletname-almis-olmasi\/","title":{"rendered":"\u0130HMAL\u0130 DAVRANI\u015eLA G\u00d6REV\u0130 K\u00d6T\u00dcYE KULLANMA SU\u00c7U &#8211; SANI\u011eIN RE\u015e\u0130T OLMAYAN KATILANIN ANNE VE BABASINDAN VELAYETEN VEKALETNAME ALMI\u015e OLMASI"},"content":{"rendered":"<p>T.C.<br \/>\nYARGITAY<br \/>\n5. CEZA DA\u0130RES\u0130<br \/>\nE. 2022\/7787<br \/>\nK. 2024\/6579<br \/>\nT. 3.6.2024<\/p>\n<p>\u0130HMAL\u0130 DAVRANI\u015eLA G\u00d6REV\u0130 K\u00d6T\u00dcYE KULLANMA SU\u00c7U ( San\u0131\u011f\u0131n Vekil S\u0131fat\u0131yla Takip Etti\u011fi Davan\u0131n A\u00e7\u0131lmam\u0131\u015f Say\u0131lmas\u0131na Karar Verilmesine Sebebiyet Verdi\u011finin \u0130ddia Edildi\u011fi &#8211; San\u0131\u011f\u0131n Kat\u0131lana Velayeten Anne ve Babas\u0131ndan Vekaletname Ald\u0131\u011f\u0131 Dava Dosyas\u0131na \u0130li\u015fkin Yarg\u0131lama Devam Ederken Re\u015fit Oldu\u011fu Bu Tarih \u0130tibar\u0131yla San\u0131\u011f\u0131n Kat\u0131lan\u0131n Anne ve Babas\u0131ndan Velayeten Alm\u0131\u015f Oldu\u011fu Vekaletname \u0130le Vekillik G\u00f6revinin Sona Erdi\u011fi ve Kat\u0131lan Taraf\u0131ndan Re\u015fit Olduktan Sonra San\u0131\u011fa Verilmi\u015f Vekaletname Bulunmad\u0131\u011f\u0131 Anla\u015f\u0131ld\u0131\u011f\u0131ndan San\u0131\u011f\u0131n At\u0131l\u0131 Su\u00e7tan Beraatine Karar Verilmesi Gerekti\u011fi )<\/p>\n<p>VEK\u0130LL\u0130K G\u00d6REV\u0130N\u0130N SONA ERMES\u0130 ( Kat\u0131lan\u0131n Yarg\u0131lama Devam Ederken 18 Ya\u015f\u0131n\u0131 Doldurarak Re\u015fit Oldu\u011fu Tarih \u0130tibar\u0131yla San\u0131\u011f\u0131n Kat\u0131lan\u0131n Anne ve Babas\u0131ndan Velayeten Alm\u0131\u015f Oldu\u011fu Vekaletname \u0130le Vekillik G\u00f6revinin Sona Erdi\u011fi ve Kat\u0131lan Taraf\u0131ndan Re\u015fit Olduktan Sonra San\u0131\u011fa Verilmi\u015f Vekaletname Bulunmad\u0131\u011f\u0131 &#8211; San\u0131\u011f\u0131n At\u0131l\u0131 Su\u00e7tan Beraati Yerine Mahkumiyetine Karar Verilmesinin Hatal\u0131 Oldu\u011fu )<\/p>\n<p>SANI\u011eIN RE\u015e\u0130T OLMAYAN KATILANIN ANNE VE BABASINDAN VELAYETEN VEKALETNAME ALMI\u015e OLMASI ( \u0130hmali Davran\u0131\u015fla G\u00f6revi K\u00f6t\u00fcye Kullanma Su\u00e7u &#8211; Vekalet Tarihinde Re\u015fit Olmayan Kat\u0131lan\u0131n Dava Dosyalar\u0131na \u0130li\u015fkin Yarg\u0131lama Devam Ederken 18 Ya\u015f\u0131n\u0131 Doldurarak Re\u015fit Oldu\u011fu Tarih \u0130tibar\u0131yla San\u0131\u011f\u0131n Kat\u0131lan\u0131n Anne ve Babas\u0131ndan Velayeten Alm\u0131\u015f Oldu\u011fu Vekaletname \u0130le Vekillik G\u00f6revinin Sona Erdi\u011finin Kabul\u00fc Gerekti\u011fi )<\/p>\n<p>5237\/m.257<\/p>\n<p>\u00d6ZET: Dava, ihmali davran\u0131\u015fla g\u00f6revi k\u00f6t\u00fcye kullanma su\u00e7una ili\u015fkindir.<\/p>\n<p>Avukat olan san\u0131\u011f\u0131n; davac\u0131 vekili s\u0131fat\u0131yla takip etti\u011fi davan\u0131n duru\u015fmas\u0131na mazeret bildirmeksizin kat\u0131lmayarak dava yenileninceye kadar dosyan\u0131n i\u015flemden kald\u0131r\u0131lmas\u0131na, \u00fc\u00e7 ay i\u00e7inde de yenileme talebinde bulunmayarak davan\u0131n a\u00e7\u0131lmam\u0131\u015f say\u0131lmas\u0131na karar verilmesine sebebiyet verdi\u011fi iddia edilen eylemlerle ilgili olarak san\u0131\u011f\u0131n, kat\u0131lana velayeten anne ve babas\u0131ndan vekaletname ald\u0131\u011f\u0131, vekalet tarihinde re\u015fit olmayan kat\u0131lan\u0131n, dava dosyalar\u0131na ili\u015fkin yarg\u0131lama devam ederken 18 ya\u015f\u0131n\u0131 doldurarak re\u015fit oldu\u011fu, bu tarih itibar\u0131yla san\u0131\u011f\u0131n, kat\u0131lan\u0131n anne ve babas\u0131ndan velayeten alm\u0131\u015f oldu\u011fu vekaletname ile vekillik g\u00f6revinin sona erdi\u011fi, dosya kapsam\u0131ndan da kat\u0131lan taraf\u0131ndan re\u015fit olduktan sonra san\u0131\u011fa verilmi\u015f vekaletname bulunmad\u0131\u011f\u0131 anla\u015f\u0131ld\u0131\u011f\u0131ndan san\u0131\u011f\u0131n at\u0131l\u0131 su\u00e7tan beraati yerine mahkumiyetine karar verilmi\u015f olmas\u0131 hukuka ayk\u0131r\u0131 g\u00f6r\u00fclm\u00fc\u015ft\u00fcr.<\/p>\n<p>DAVA : \u0130stanbul B\u00f6lge Adliye Mahkemesi 13. Ceza Dairesince verilen temyiz isteminin reddine dair ek Karar ile istinaf ba\u015fvurusunun esastan reddine ili\u015fkin as\u0131l Karar\u0131n san\u0131k taraf\u0131ndan temyizi \u00fczerine yap\u0131lan \u00f6n incelemede;<\/p>\n<p>15.07.2020 tarihli ve 31186 Say\u0131l\u0131 Resmi Gazete&#8217;de yay\u0131mlanarak ayn\u0131 tarihte y\u00fcr\u00fcrl\u00fc\u011fe giren 7249 Say\u0131l\u0131 Kanun&#8217;un 10. maddesiyle 1136 Say\u0131l\u0131 Avukatl\u0131k Kanunu&#8217;nun 59. maddesine eklenen 5. f\u0131kra ile avukatlar\u0131n g\u00f6revlerinden do\u011fan veya g\u00f6rev s\u0131ras\u0131nda i\u015fledikleri su\u00e7lar nedeniyle verilen b\u00f6lge adliye mahkemesi ceza dairelerinin kararlar\u0131 hakk\u0131nda 5271 Say\u0131l\u0131 Ceza Muhakemesi Kanunu&#8217;nun 286\/2. maddesinin uygulanmayaca\u011f\u0131 h\u00fckm\u00fcn\u00fcn getirildi\u011fi ayr\u0131ca 7343 Say\u0131l\u0131 Kanun&#8217;un 15. maddesiyle 1136 Say\u0131l\u0131 Kanun&#8217;a eklenen ve 30.11.2021 tarihinde y\u00fcr\u00fcrl\u00fc\u011fe giren ge\u00e7ici 24. madde ile de an\u0131lan Kanun&#8217;un 59\/5. maddesinin, bu tarihten itibaren 15 g\u00fcn i\u00e7inde talep etmek ko\u015fuluyla avukatlar\u0131n g\u00f6revlerinden do\u011fan veya g\u00f6rev s\u0131ras\u0131nda i\u015fledikleri su\u00e7lar nedeniyle b\u00f6lge adliye mahkemesi ceza dairelerince 15.07.2020 tarihinden \u00f6nce verilmi\u015f kesin nitelikteki kararlar\u0131 hakk\u0131nda da uygulanmas\u0131na olanak sa\u011fland\u0131\u011f\u0131, bu itibarla san\u0131\u011f\u0131n B\u00f6lge Adliye Mahkemesince verilen karara y\u00f6nelik incelemeye konu 03.03.2021 tarihli temyiz isteminin 1136 Say\u0131l\u0131 Kanun&#8217;un ge\u00e7ici 24. maddesindeki 15 g\u00fcnl\u00fck s\u00fcre i\u00e7inde yap\u0131lm\u0131\u015f talep oldu\u011funun Anayasa&#8217;n\u0131n 36. ve Avrupa \u0130nsan Haklar\u0131 S\u00f6zle\u015fmesinin 6. maddelerinde d\u00fczenlenen hak arama \u00f6zg\u00fcrl\u00fc\u011f\u00fcn\u00fcn do\u011fal bir sonucu olarak kabul\u00fc gerekti\u011fi, kald\u0131 ki san\u0131\u011f\u0131n 14.12.2021 tarihli dilek\u00e7esiyle bu s\u00fcre i\u00e7erisinde de temyiz talebinde bulundu\u011fu anla\u015f\u0131lmakla, \u0130stanbul B\u00f6lge Adliye Mahkemesi 13. Ceza Dairesince verilen 12.10.2021 tarihli temyiz talebinin reddine ili\u015fkin ek Karar\u0131n kald\u0131r\u0131lmas\u0131na ve esas\u0131n incelenmesine karar verilmesi gerekti\u011fi anla\u015f\u0131lm\u0131\u015ft\u0131r.<\/p>\n<p>\u0130lk Derece Mahkemesince verilen h\u00fckme y\u00f6nelik istinaf incelemesi \u00fczerine B\u00f6lge Adliye Mahkemesi taraf\u0131ndan verilen karar\u0131n; 1136 Say\u0131l\u0131 Kanun&#8217;un 59. maddesinin son f\u0131kras\u0131 uyar\u0131nca temyiz edilebilir oldu\u011fu, 5271 Say\u0131l\u0131 Kanun&#8217;un 260\/1. maddesi gere\u011fi temyiz edenin h\u00fckm\u00fc temyize hak ve yetkisinin bulundu\u011fu, 291\/1. maddesi gere\u011fi temyiz isteminin s\u00fcresinde oldu\u011fu, 294\/1. maddesine istinaden temyiz dilek\u00e7esinde temyiz sebeplerine yer verildi\u011fi, 298\/1. maddesi gere\u011fince temyiz isteminin reddini gerektirir bir durumun bulunmad\u0131\u011f\u0131 tespit edilmekle, gere\u011fi d\u00fc\u015f\u00fcn\u00fcld\u00fc:<\/p>\n<p>KARAR : I. HUKUK\u0130 S\u00dcRE\u00c7<\/p>\n<p>1-)Bak\u0131rk\u00f6y 13. A\u011f\u0131r Ceza Mahkemesinin, 05.07.2018 tarihli ve 2017\/385 Esas, 2018\/269 Say\u0131l\u0131 Karar\u0131 ile san\u0131\u011f\u0131n ihmali davran\u0131\u015fla g\u00f6revi k\u00f6t\u00fcye kullanma su\u00e7undan, 5237 Say\u0131l\u0131 Kanun&#8217;un 257\/2 ve 62\/1. maddeleri uyar\u0131nca 5 ay hapis cezas\u0131 ile cezaland\u0131r\u0131lmas\u0131na, hakk\u0131nda ayn\u0131 Kanun&#8217;un 58. maddesi gere\u011fince m\u00fckerrirlere \u00f6zg\u00fc infaz rejiminin ve denetimli serbestlik tedbirinin uygulanmas\u0131na h\u00fckmolunmu\u015ftur.<\/p>\n<p>2-)\u0130stanbul B\u00f6lge Adliye Mahkemesi 13. Ceza Dairesinin, 21.03.2019 tarihli ve 2019\/609 Esas, 2019\/779 Say\u0131l\u0131 Karar\u0131 ile san\u0131k m\u00fcdafiinin istinaf ba\u015fvurusunun esastan reddine karar verilmi\u015ftir.<\/p>\n<p>3-)\u0130stanbul B\u00f6lge Adliye Mahkemesi 13. Ceza Dairesinin, 12.10.2021 tarihli ve 2019\/609 Esas, 2019\/779 Say\u0131l\u0131 ek Karar\u0131 ile san\u0131\u011f\u0131n temyiz talebinin reddine karar verilmi\u015ftir.<\/p>\n<p>II. TEMY\u0130Z SEBEPLER\u0130<\/p>\n<p>San\u0131\u011f\u0131n temyiz sebepleri; kat\u0131lan\u0131n re\u015fit oldu\u011fu 2004 y\u0131l\u0131nda vekillik g\u00f6revinin sona erdi\u011fine, vekaleti kat\u0131lan re\u015fit olmadan \u00f6nce anne babas\u0131ndan velayeten ald\u0131\u011f\u0131na ve sair hususlara ili\u015fkindir.<\/p>\n<p>III. GEREK\u00c7E<\/p>\n<p>\u0130stanbul Barosuna kay\u0131tl\u0131 avukat olan san\u0131\u011f\u0131n; davac\u0131 vekili s\u0131fat\u0131yla takip etti\u011fi Bak\u0131rk\u00f6y 2. \u0130\u015f Mahkemesi&#8217;nin 2003\/1143 Esas\u0131na kayden g\u00f6r\u00fclen tazminat davas\u0131n\u0131n 26.11.2015 tarihli duru\u015fmas\u0131na mazeret bildirmeksizin kat\u0131lmayarak, 6100 Say\u0131l\u0131 Hukuk Muhakemeleri Kanunu&#8217;nun 150\/2. maddesi gere\u011fince dava yenileninceye kadar dosyan\u0131n i\u015flemden kald\u0131r\u0131lmas\u0131na, \u00fc\u00e7 ay i\u00e7inde de yenileme talebinde bulunmayarak ayn\u0131 Kanun&#8217;un 150\/5. maddesi gere\u011fince 14.04.2016 tarihli ve 2016\/90 Say\u0131l\u0131 Karar ile davan\u0131n a\u00e7\u0131lmam\u0131\u015f say\u0131lmas\u0131na ve ayn\u0131 mahkemenin 2015\/7 (bozmadan \u00f6nce 2004\/2552) Esas\u0131na kayden g\u00f6r\u00fclen tespit davas\u0131n\u0131n ise 09.07.2015 tarihli duru\u015fmas\u0131na mazeret bildirmeksizin kat\u0131lmayarak, 6100 Say\u0131l\u0131 Hukuk Muhakemeleri Kanunu&#8217;nun 150\/2. maddesi gere\u011fince dava yenileninceye kadar dosyan\u0131n i\u015flemden kald\u0131r\u0131lmas\u0131na, \u00fc\u00e7 ay i\u00e7inde de yenileme talebinde bulunmayarak ayn\u0131 Kanun&#8217;un 150\/5. maddesi gere\u011fince 24.11.2015 tarihli ve 2015\/363 Say\u0131l\u0131 Karar ile davan\u0131n a\u00e7\u0131lmam\u0131\u015f say\u0131lmas\u0131na karar verilmesine sebebiyet verdi\u011fi iddia edilen eylemlerle ilgili olarak san\u0131\u011f\u0131n, 31.05.1986 do\u011fumlu kat\u0131lan &#8230;&#8217;a velayeten anne ve babas\u0131ndan 22.09.2003 tarihinde vekaletname ald\u0131\u011f\u0131, vekalet tarihinde re\u015fit olmayan kat\u0131lan\u0131n, Bak\u0131rk\u00f6y 2. \u0130\u015f Mahkemesine a\u00e7\u0131lan 2003\/1143 ve 2004\/2552 Esas say\u0131l\u0131 dava dosyalar\u0131na ili\u015fkin yarg\u0131lama devam ederken 31.05.2004 tarihinde 18 ya\u015f\u0131n\u0131 doldurarak re\u015fit oldu\u011fu, Yarg\u0131tay Hukuk Genel Kurulunun, 28.02.2018 tarihli ve 2017\/5-2581 Esas, 2018\/325 Say\u0131l\u0131 Karar\u0131 ve benzer kararlar\u0131nda da belirtildi\u011fi \u00fczere bu tarih itibar\u0131yla san\u0131\u011f\u0131n, kat\u0131lan\u0131n anne ve babas\u0131ndan velayeten alm\u0131\u015f oldu\u011fu vekaletname ile vekillik g\u00f6revinin sona erdi\u011fi, dosya kapsam\u0131ndan da kat\u0131lan taraf\u0131ndan re\u015fit olduktan sonra san\u0131\u011fa verilmi\u015f vekaletname bulunmad\u0131\u011f\u0131 anla\u015f\u0131ld\u0131\u011f\u0131ndan san\u0131\u011f\u0131n at\u0131l\u0131 su\u00e7tan beraati yerine yaz\u0131l\u0131 \u015fekilde mahkumiyetine karar verilmi\u015f olmas\u0131 hukuka ayk\u0131r\u0131 g\u00f6r\u00fclm\u00fc\u015ft\u00fcr.<\/p>\n<p>SONU\u00c7 : 1.\u00d6n inceleme b\u00f6l\u00fcm\u00fcnde a\u00e7\u0131klanan nedenle \u0130stanbul B\u00f6lge Adliye Mahkemesi 13. Ceza Dairesinin, 12.10.2021 tarihli ve 2019\/609 Esas, 2019\/779 Say\u0131l\u0131 ek Karar\u0131n\u0131n, Tebli\u011fname&#8217;ye ayk\u0131r\u0131 olarak, oybirli\u011fiyle KALDIRILMASINA,<\/p>\n<p>2.Gerek\u00e7e b\u00f6l\u00fcm\u00fcnde a\u00e7\u0131klanan nedenlerle h\u00fckm\u00fcn, 5271 Say\u0131l\u0131 Kanun&#8217;un 302\/2. maddesi gere\u011fi, Tebli\u011fname&#8217;ye ayk\u0131r\u0131 olarak, oybirli\u011fiyle BOZULMASINA,<\/p>\n<p>Dava dosyas\u0131n\u0131n, 5271 Say\u0131l\u0131 Kanun&#8217;un 304\/2-a maddesi uyar\u0131nca Bak\u0131rk\u00f6y 13. A\u011f\u0131r Ceza Mahkemesine, Yarg\u0131tay il\u00e2m\u0131n\u0131n bir \u00f6rne\u011finin ise \u0130stanbul B\u00f6lge Adliye Mahkemesi 13. Ceza Dairesine g\u00f6nderilmek \u00fczere Yarg\u0131tay Cumhuriyet Ba\u015fsavc\u0131l\u0131\u011f\u0131na TEVD\u0130\u0130NE, 03.06.2024 tarihinde karar verildi.<\/p>\n<p>Kazanc\u0131 Elektronik ve Bas\u0131l\u0131 Yay. A.\u015e.ne ait Kazanc\u0131 Hukuk Otomasyon veritaban\u0131ndan al\u0131nm\u0131\u015ft\u0131r. \u00a9 T\u00fcm Haklar\u0131 Sakl\u0131d\u0131r<\/p>\n<p>\u200bSan\u0131\u011f\u0131n Vekil S\u0131fat\u0131yla Takip Etti\u011fi Davan\u0131n A\u00e7\u0131lmam\u0131\u015f Say\u0131lmas\u0131na Karar Verilmesine Sebebiyet Verdi\u011finin \u0130ddia Edildi\u011fi &#8211; San\u0131\u011f\u0131n Kat\u0131lana Velayeten Anne ve Babas\u0131ndan Vekaletname Ald\u0131\u011f\u0131 Dava Dosyas\u0131na \u0130li\u015fkin Yarg\u0131lama Devam Ederken Re\u015fit Oldu\u011fu Bu Tarih \u0130tibar\u0131yla San\u0131\u011f\u0131n Kat\u0131lan\u0131n Anne ve Babas\u0131ndan Velayeten Alm\u0131\u015f Oldu\u011fu Vekaletname \u0130le Vekillik G\u00f6revinin Sona Erdi\u011fi ve Kat\u0131lan Taraf\u0131ndan Re\u015fit Olduktan Sonra San\u0131\u011fa Verilmi\u015f Vekaletname Bulunmad\u0131\u011f\u0131 Anla\u015f\u0131ld\u0131\u011f\u0131ndan San\u0131\u011f\u0131n At\u0131l\u0131 Su\u00e7tan&#8230;\u00a0Hukuki Haber<\/p>\n<p>Haberin Al\u0131nt\u0131land\u0131\u011f\u0131 Kaynak: www.hukukihaber.net<\/p>","protected":false},"excerpt":{"rendered":"<p>T.C. YARGITAY 5. CEZA DA\u0130RES\u0130 E. 2022\/7787 K. 2024\/6579 T. 3.6.2024 \u0130HMAL\u0130 DAVRANI\u015eLA G\u00d6REV\u0130 K\u00d6T\u00dcYE KULLANMA SU\u00c7U ( San\u0131\u011f\u0131n Vekil S\u0131fat\u0131yla Takip Etti\u011fi Davan\u0131n A\u00e7\u0131lmam\u0131\u015f Say\u0131lmas\u0131na Karar Verilmesine Sebebiyet Verdi\u011finin \u0130ddia Edildi\u011fi &#8211; San\u0131\u011f\u0131n Kat\u0131lana Velayeten Anne ve Babas\u0131ndan Vekaletname Ald\u0131\u011f\u0131 Dava Dosyas\u0131na \u0130li\u015fkin Yarg\u0131lama Devam Ederken Re\u015fit Oldu\u011fu Bu Tarih \u0130tibar\u0131yla San\u0131\u011f\u0131n Kat\u0131lan\u0131n Anne ve Babas\u0131ndan Velayeten Alm\u0131\u015f Oldu\u011fu Vekaletname \u0130le Vekillik G\u00f6revinin Sona Erdi\u011fi ve Kat\u0131lan Taraf\u0131ndan Re\u015fit Olduktan Sonra San\u0131\u011fa Verilmi\u015f Vekaletname Bulunmad\u0131\u011f\u0131 Anla\u015f\u0131ld\u0131\u011f\u0131ndan San\u0131\u011f\u0131n At\u0131l\u0131 Su\u00e7tan Beraatine Karar Verilmesi Gerekti\u011fi ) VEK\u0130LL\u0130K G\u00d6REV\u0130N\u0130N SONA ERMES\u0130 ( Kat\u0131lan\u0131n Yarg\u0131lama Devam Ederken 18 Ya\u015f\u0131n\u0131 Doldurarak Re\u015fit Oldu\u011fu Tarih \u0130tibar\u0131yla San\u0131\u011f\u0131n Kat\u0131lan\u0131n Anne ve Babas\u0131ndan Velayeten Alm\u0131\u015f Oldu\u011fu Vekaletname \u0130le Vekillik G\u00f6revinin Sona Erdi\u011fi ve Kat\u0131lan Taraf\u0131ndan Re\u015fit Olduktan Sonra San\u0131\u011fa Verilmi\u015f Vekaletname Bulunmad\u0131\u011f\u0131 &#8211; San\u0131\u011f\u0131n At\u0131l\u0131 Su\u00e7tan Beraati Yerine Mahkumiyetine Karar Verilmesinin Hatal\u0131 Oldu\u011fu ) SANI\u011eIN RE\u015e\u0130T OLMAYAN KATILANIN ANNE VE BABASINDAN VELAYETEN VEKALETNAME ALMI\u015e OLMASI ( \u0130hmali Davran\u0131\u015fla G\u00f6revi K\u00f6t\u00fcye Kullanma Su\u00e7u &#8211; Vekalet Tarihinde Re\u015fit Olmayan Kat\u0131lan\u0131n Dava Dosyalar\u0131na \u0130li\u015fkin Yarg\u0131lama Devam Ederken 18 Ya\u015f\u0131n\u0131 Doldurarak Re\u015fit Oldu\u011fu Tarih \u0130tibar\u0131yla San\u0131\u011f\u0131n Kat\u0131lan\u0131n Anne ve Babas\u0131ndan Velayeten Alm\u0131\u015f Oldu\u011fu Vekaletname \u0130le Vekillik G\u00f6revinin Sona Erdi\u011finin Kabul\u00fc Gerekti\u011fi ) 5237\/m.257 \u00d6ZET: Dava, ihmali davran\u0131\u015fla g\u00f6revi k\u00f6t\u00fcye kullanma su\u00e7una &hellip;<\/p>","protected":false},"author":3,"featured_media":0,"comment_status":"open","ping_status":"open","sticky":false,"template":"","format":"standard","meta":{"_acf_changed":false,"footnotes":""},"categories":[27],"tags":[],"class_list":["post-26495","post","type-post","status-publish","format-standard","has-post-thumbnail","hentry","category-hukukihaber"],"acf":[],"yoast_head":"<!-- This site is optimized with the Yoast SEO Premium plugin v26.6 (Yoast SEO v27.1.1) - https:\/\/yoast.com\/product\/yoast-seo-premium-wordpress\/ -->\n<title>\u0130HMAL\u0130 DAVRANI\u015eLA G\u00d6REV\u0130 K\u00d6T\u00dcYE KULLANMA SU\u00c7U - SANI\u011eIN RE\u015e\u0130T OLMAYAN KATILANIN ANNE VE BABASINDAN VELAYETEN VEKALETNAME ALMI\u015e OLMASI - Av. Deniz Can K\u0131z\u0131l<\/title>\n<meta name=\"robots\" content=\"index, follow, max-snippet:-1, max-image-preview:large, max-video-preview:-1\" \/>\n<link rel=\"canonical\" href=\"http:\/\/denizcankizil.tr\/de\/hukukihaber\/ihmali-davranisla-gorevi-kotuye-kullanma-sucu-sanigin-resit-olmayan-katilanin-anne-ve-babasindan-velayeten-vekaletname-almis-olmasi\/\" \/>\n<meta property=\"og:locale\" content=\"de_DE\" \/>\n<meta property=\"og:type\" content=\"article\" \/>\n<meta property=\"og:title\" content=\"\u0130HMAL\u0130 DAVRANI\u015eLA G\u00d6REV\u0130 K\u00d6T\u00dcYE KULLANMA SU\u00c7U - SANI\u011eIN RE\u015e\u0130T OLMAYAN KATILANIN ANNE VE BABASINDAN VELAYETEN VEKALETNAME ALMI\u015e OLMASI\" \/>\n<meta property=\"og:description\" content=\"T.C. YARGITAY 5. CEZA DA\u0130RES\u0130 E. 2022\/7787 K. 2024\/6579 T. 3.6.2024 \u0130HMAL\u0130 DAVRANI\u015eLA G\u00d6REV\u0130 K\u00d6T\u00dcYE KULLANMA SU\u00c7U ( San\u0131\u011f\u0131n Vekil S\u0131fat\u0131yla Takip Etti\u011fi Davan\u0131n A\u00e7\u0131lmam\u0131\u015f Say\u0131lmas\u0131na Karar Verilmesine Sebebiyet Verdi\u011finin \u0130ddia Edildi\u011fi &#8211; San\u0131\u011f\u0131n Kat\u0131lana Velayeten Anne ve Babas\u0131ndan Vekaletname Ald\u0131\u011f\u0131 Dava Dosyas\u0131na \u0130li\u015fkin Yarg\u0131lama Devam Ederken Re\u015fit Oldu\u011fu Bu Tarih \u0130tibar\u0131yla San\u0131\u011f\u0131n Kat\u0131lan\u0131n Anne ve Babas\u0131ndan Velayeten Alm\u0131\u015f Oldu\u011fu Vekaletname \u0130le Vekillik G\u00f6revinin Sona Erdi\u011fi ve Kat\u0131lan Taraf\u0131ndan Re\u015fit Olduktan Sonra San\u0131\u011fa Verilmi\u015f Vekaletname Bulunmad\u0131\u011f\u0131 Anla\u015f\u0131ld\u0131\u011f\u0131ndan San\u0131\u011f\u0131n At\u0131l\u0131 Su\u00e7tan Beraatine Karar Verilmesi Gerekti\u011fi ) VEK\u0130LL\u0130K G\u00d6REV\u0130N\u0130N SONA ERMES\u0130 ( Kat\u0131lan\u0131n Yarg\u0131lama Devam Ederken 18 Ya\u015f\u0131n\u0131 Doldurarak Re\u015fit Oldu\u011fu Tarih \u0130tibar\u0131yla San\u0131\u011f\u0131n Kat\u0131lan\u0131n Anne ve Babas\u0131ndan Velayeten Alm\u0131\u015f Oldu\u011fu Vekaletname \u0130le Vekillik G\u00f6revinin Sona Erdi\u011fi ve Kat\u0131lan Taraf\u0131ndan Re\u015fit Olduktan Sonra San\u0131\u011fa Verilmi\u015f Vekaletname Bulunmad\u0131\u011f\u0131 &#8211; San\u0131\u011f\u0131n At\u0131l\u0131 Su\u00e7tan Beraati Yerine Mahkumiyetine Karar Verilmesinin Hatal\u0131 Oldu\u011fu ) SANI\u011eIN RE\u015e\u0130T OLMAYAN KATILANIN ANNE VE BABASINDAN VELAYETEN VEKALETNAME ALMI\u015e OLMASI ( \u0130hmali Davran\u0131\u015fla G\u00f6revi K\u00f6t\u00fcye Kullanma Su\u00e7u &#8211; Vekalet Tarihinde Re\u015fit Olmayan Kat\u0131lan\u0131n Dava Dosyalar\u0131na \u0130li\u015fkin Yarg\u0131lama Devam Ederken 18 Ya\u015f\u0131n\u0131 Doldurarak Re\u015fit Oldu\u011fu Tarih \u0130tibar\u0131yla San\u0131\u011f\u0131n Kat\u0131lan\u0131n Anne ve Babas\u0131ndan Velayeten Alm\u0131\u015f Oldu\u011fu Vekaletname \u0130le Vekillik G\u00f6revinin Sona Erdi\u011finin Kabul\u00fc Gerekti\u011fi ) 5237\/m.257 \u00d6ZET: Dava, ihmali davran\u0131\u015fla g\u00f6revi k\u00f6t\u00fcye kullanma su\u00e7una &hellip;\" \/>\n<meta property=\"og:url\" content=\"http:\/\/denizcankizil.tr\/de\/hukukihaber\/ihmali-davranisla-gorevi-kotuye-kullanma-sucu-sanigin-resit-olmayan-katilanin-anne-ve-babasindan-velayeten-vekaletname-almis-olmasi\/\" \/>\n<meta property=\"og:site_name\" content=\"Av. Deniz Can K\u0131z\u0131l\" \/>\n<meta property=\"article:published_time\" content=\"2025-01-21T09:46:00+00:00\" \/>\n<meta name=\"author\" content=\"Hukuki Haber.net\" \/>\n<meta name=\"twitter:card\" content=\"summary_large_image\" \/>\n<meta name=\"twitter:label1\" content=\"Verfasst von\" \/>\n\t<meta name=\"twitter:data1\" content=\"Hukuki Haber.net\" \/>\n\t<meta name=\"twitter:label2\" content=\"Gesch\u00e4tzte Lesezeit\" \/>\n\t<meta name=\"twitter:data2\" content=\"8\u00a0Minuten\" \/>\n<script type=\"application\/ld+json\" class=\"yoast-schema-graph\">{\"@context\":\"https:\/\/schema.org\",\"@graph\":[{\"@type\":\"Article\",\"@id\":\"http:\/\/denizcankizil.tr\/hukukihaber\/ihmali-davranisla-gorevi-kotuye-kullanma-sucu-sanigin-resit-olmayan-katilanin-anne-ve-babasindan-velayeten-vekaletname-almis-olmasi\/#article\",\"isPartOf\":{\"@id\":\"http:\/\/denizcankizil.tr\/hukukihaber\/ihmali-davranisla-gorevi-kotuye-kullanma-sucu-sanigin-resit-olmayan-katilanin-anne-ve-babasindan-velayeten-vekaletname-almis-olmasi\/\"},\"author\":{\"name\":\"Hukuki Haber.net\",\"@id\":\"https:\/\/denizcankizil.tr\/de\/#\/schema\/person\/001a271de994a0aa3f90eea084424822\"},\"headline\":\"\u0130HMAL\u0130 DAVRANI\u015eLA G\u00d6REV\u0130 K\u00d6T\u00dcYE KULLANMA SU\u00c7U &#8211; SANI\u011eIN RE\u015e\u0130T OLMAYAN KATILANIN ANNE VE BABASINDAN VELAYETEN VEKALETNAME ALMI\u015e OLMASI\",\"datePublished\":\"2025-01-21T09:46:00+00:00\",\"mainEntityOfPage\":{\"@id\":\"http:\/\/denizcankizil.tr\/hukukihaber\/ihmali-davranisla-gorevi-kotuye-kullanma-sucu-sanigin-resit-olmayan-katilanin-anne-ve-babasindan-velayeten-vekaletname-almis-olmasi\/\"},\"wordCount\":1575,\"commentCount\":0,\"publisher\":{\"@id\":\"https:\/\/denizcankizil.tr\/de\/#organization\"},\"articleSection\":[\"Hukuki Haberler\"],\"inLanguage\":\"de\",\"potentialAction\":[{\"@type\":\"CommentAction\",\"name\":\"Comment\",\"target\":[\"http:\/\/denizcankizil.tr\/hukukihaber\/ihmali-davranisla-gorevi-kotuye-kullanma-sucu-sanigin-resit-olmayan-katilanin-anne-ve-babasindan-velayeten-vekaletname-almis-olmasi\/#respond\"]}]},{\"@type\":\"WebPage\",\"@id\":\"http:\/\/denizcankizil.tr\/hukukihaber\/ihmali-davranisla-gorevi-kotuye-kullanma-sucu-sanigin-resit-olmayan-katilanin-anne-ve-babasindan-velayeten-vekaletname-almis-olmasi\/\",\"url\":\"http:\/\/denizcankizil.tr\/hukukihaber\/ihmali-davranisla-gorevi-kotuye-kullanma-sucu-sanigin-resit-olmayan-katilanin-anne-ve-babasindan-velayeten-vekaletname-almis-olmasi\/\",\"name\":\"\u0130HMAL\u0130 DAVRANI\u015eLA G\u00d6REV\u0130 K\u00d6T\u00dcYE KULLANMA SU\u00c7U - SANI\u011eIN RE\u015e\u0130T OLMAYAN KATILANIN ANNE VE BABASINDAN VELAYETEN VEKALETNAME ALMI\u015e OLMASI - Av. Deniz Can K\u0131z\u0131l\",\"isPartOf\":{\"@id\":\"https:\/\/denizcankizil.tr\/de\/#website\"},\"datePublished\":\"2025-01-21T09:46:00+00:00\",\"breadcrumb\":{\"@id\":\"http:\/\/denizcankizil.tr\/hukukihaber\/ihmali-davranisla-gorevi-kotuye-kullanma-sucu-sanigin-resit-olmayan-katilanin-anne-ve-babasindan-velayeten-vekaletname-almis-olmasi\/#breadcrumb\"},\"inLanguage\":\"de\",\"potentialAction\":[{\"@type\":\"ReadAction\",\"target\":[\"http:\/\/denizcankizil.tr\/hukukihaber\/ihmali-davranisla-gorevi-kotuye-kullanma-sucu-sanigin-resit-olmayan-katilanin-anne-ve-babasindan-velayeten-vekaletname-almis-olmasi\/\"]}]},{\"@type\":\"BreadcrumbList\",\"@id\":\"http:\/\/denizcankizil.tr\/hukukihaber\/ihmali-davranisla-gorevi-kotuye-kullanma-sucu-sanigin-resit-olmayan-katilanin-anne-ve-babasindan-velayeten-vekaletname-almis-olmasi\/#breadcrumb\",\"itemListElement\":[{\"@type\":\"ListItem\",\"position\":1,\"name\":\"Home\",\"item\":\"https:\/\/denizcankizil.tr\/de\/\"},{\"@type\":\"ListItem\",\"position\":2,\"name\":\"\u0130HMAL\u0130 DAVRANI\u015eLA G\u00d6REV\u0130 K\u00d6T\u00dcYE KULLANMA SU\u00c7U &#8211; SANI\u011eIN RE\u015e\u0130T OLMAYAN KATILANIN ANNE VE BABASINDAN VELAYETEN VEKALETNAME ALMI\u015e OLMASI\"}]},{\"@type\":\"WebSite\",\"@id\":\"https:\/\/denizcankizil.tr\/de\/#website\",\"url\":\"https:\/\/denizcankizil.tr\/de\/\",\"name\":\"Av. Deniz Can K\u0131z\u0131l\",\"description\":\"Avukat Deniz Can K\u0131z\u0131l Antalya Barosu\",\"publisher\":{\"@id\":\"https:\/\/denizcankizil.tr\/de\/#organization\"},\"potentialAction\":[{\"@type\":\"SearchAction\",\"target\":{\"@type\":\"EntryPoint\",\"urlTemplate\":\"https:\/\/denizcankizil.tr\/de\/?s={search_term_string}\"},\"query-input\":{\"@type\":\"PropertyValueSpecification\",\"valueRequired\":true,\"valueName\":\"search_term_string\"}}],\"inLanguage\":\"de\"},{\"@type\":\"Organization\",\"@id\":\"https:\/\/denizcankizil.tr\/de\/#organization\",\"name\":\"Av. Deniz Can K\u0131z\u0131l\",\"url\":\"https:\/\/denizcankizil.tr\/de\/\",\"logo\":{\"@type\":\"ImageObject\",\"inLanguage\":\"de\",\"@id\":\"https:\/\/denizcankizil.tr\/de\/#\/schema\/logo\/image\/\",\"url\":\"https:\/\/denizcankizil.tr\/wp-content\/uploads\/2024\/10\/siyah-logo-svg.svg\",\"contentUrl\":\"https:\/\/denizcankizil.tr\/wp-content\/uploads\/2024\/10\/siyah-logo-svg.svg\",\"width\":1080,\"height\":1080,\"caption\":\"Av. Deniz Can K\u0131z\u0131l\"},\"image\":{\"@id\":\"https:\/\/denizcankizil.tr\/de\/#\/schema\/logo\/image\/\"}},{\"@type\":\"Person\",\"@id\":\"https:\/\/denizcankizil.tr\/de\/#\/schema\/person\/001a271de994a0aa3f90eea084424822\",\"name\":\"Hukuki Haber.net\",\"image\":{\"@type\":\"ImageObject\",\"inLanguage\":\"de\",\"@id\":\"https:\/\/denizcankizil.tr\/de\/#\/schema\/person\/image\/\",\"url\":\"https:\/\/secure.gravatar.com\/avatar\/57d8a49151495586611a149d29fc42865b951dc053a84709a3172ccb5abf3118?s=96&d=mm&r=g\",\"contentUrl\":\"https:\/\/secure.gravatar.com\/avatar\/57d8a49151495586611a149d29fc42865b951dc053a84709a3172ccb5abf3118?s=96&d=mm&r=g\",\"caption\":\"Hukuki Haber.net\"},\"sameAs\":[\"http:\/\/www.hukukihaber.net\"],\"url\":\"https:\/\/denizcankizil.tr\/de\/author\/hukukihabernet\/\"}]}<\/script>\n<!-- \/ Yoast SEO Premium plugin. -->","yoast_head_json":{"title":"\u0130HMAL\u0130 DAVRANI\u015eLA G\u00d6REV\u0130 K\u00d6T\u00dcYE KULLANMA SU\u00c7U - SANI\u011eIN RE\u015e\u0130T OLMAYAN KATILANIN ANNE VE BABASINDAN VELAYETEN VEKALETNAME ALMI\u015e OLMASI - Av. Deniz Can K\u0131z\u0131l","robots":{"index":"index","follow":"follow","max-snippet":"max-snippet:-1","max-image-preview":"max-image-preview:large","max-video-preview":"max-video-preview:-1"},"canonical":"http:\/\/denizcankizil.tr\/de\/hukukihaber\/ihmali-davranisla-gorevi-kotuye-kullanma-sucu-sanigin-resit-olmayan-katilanin-anne-ve-babasindan-velayeten-vekaletname-almis-olmasi\/","og_locale":"de_DE","og_type":"article","og_title":"\u0130HMAL\u0130 DAVRANI\u015eLA G\u00d6REV\u0130 K\u00d6T\u00dcYE KULLANMA SU\u00c7U - SANI\u011eIN RE\u015e\u0130T OLMAYAN KATILANIN ANNE VE BABASINDAN VELAYETEN VEKALETNAME ALMI\u015e OLMASI","og_description":"T.C. YARGITAY 5. CEZA DA\u0130RES\u0130 E. 2022\/7787 K. 2024\/6579 T. 3.6.2024 \u0130HMAL\u0130 DAVRANI\u015eLA G\u00d6REV\u0130 K\u00d6T\u00dcYE KULLANMA SU\u00c7U ( San\u0131\u011f\u0131n Vekil S\u0131fat\u0131yla Takip Etti\u011fi Davan\u0131n A\u00e7\u0131lmam\u0131\u015f Say\u0131lmas\u0131na Karar Verilmesine Sebebiyet Verdi\u011finin \u0130ddia Edildi\u011fi &#8211; San\u0131\u011f\u0131n Kat\u0131lana Velayeten Anne ve Babas\u0131ndan Vekaletname Ald\u0131\u011f\u0131 Dava Dosyas\u0131na \u0130li\u015fkin Yarg\u0131lama Devam Ederken Re\u015fit Oldu\u011fu Bu Tarih \u0130tibar\u0131yla San\u0131\u011f\u0131n Kat\u0131lan\u0131n Anne ve Babas\u0131ndan Velayeten Alm\u0131\u015f Oldu\u011fu Vekaletname \u0130le Vekillik G\u00f6revinin Sona Erdi\u011fi ve Kat\u0131lan Taraf\u0131ndan Re\u015fit Olduktan Sonra San\u0131\u011fa Verilmi\u015f Vekaletname Bulunmad\u0131\u011f\u0131 Anla\u015f\u0131ld\u0131\u011f\u0131ndan San\u0131\u011f\u0131n At\u0131l\u0131 Su\u00e7tan Beraatine Karar Verilmesi Gerekti\u011fi ) VEK\u0130LL\u0130K G\u00d6REV\u0130N\u0130N SONA ERMES\u0130 ( Kat\u0131lan\u0131n Yarg\u0131lama Devam Ederken 18 Ya\u015f\u0131n\u0131 Doldurarak Re\u015fit Oldu\u011fu Tarih \u0130tibar\u0131yla San\u0131\u011f\u0131n Kat\u0131lan\u0131n Anne ve Babas\u0131ndan Velayeten Alm\u0131\u015f Oldu\u011fu Vekaletname \u0130le Vekillik G\u00f6revinin Sona Erdi\u011fi ve Kat\u0131lan Taraf\u0131ndan Re\u015fit Olduktan Sonra San\u0131\u011fa Verilmi\u015f Vekaletname Bulunmad\u0131\u011f\u0131 &#8211; San\u0131\u011f\u0131n At\u0131l\u0131 Su\u00e7tan Beraati Yerine Mahkumiyetine Karar Verilmesinin Hatal\u0131 Oldu\u011fu ) SANI\u011eIN RE\u015e\u0130T OLMAYAN KATILANIN ANNE VE BABASINDAN VELAYETEN VEKALETNAME ALMI\u015e OLMASI ( \u0130hmali Davran\u0131\u015fla G\u00f6revi K\u00f6t\u00fcye Kullanma Su\u00e7u &#8211; Vekalet Tarihinde Re\u015fit Olmayan Kat\u0131lan\u0131n Dava Dosyalar\u0131na \u0130li\u015fkin Yarg\u0131lama Devam Ederken 18 Ya\u015f\u0131n\u0131 Doldurarak Re\u015fit Oldu\u011fu Tarih \u0130tibar\u0131yla San\u0131\u011f\u0131n Kat\u0131lan\u0131n Anne ve Babas\u0131ndan Velayeten Alm\u0131\u015f Oldu\u011fu Vekaletname \u0130le Vekillik G\u00f6revinin Sona Erdi\u011finin Kabul\u00fc Gerekti\u011fi ) 5237\/m.257 \u00d6ZET: Dava, ihmali davran\u0131\u015fla g\u00f6revi k\u00f6t\u00fcye kullanma su\u00e7una &hellip;","og_url":"http:\/\/denizcankizil.tr\/de\/hukukihaber\/ihmali-davranisla-gorevi-kotuye-kullanma-sucu-sanigin-resit-olmayan-katilanin-anne-ve-babasindan-velayeten-vekaletname-almis-olmasi\/","og_site_name":"Av. Deniz Can K\u0131z\u0131l","article_published_time":"2025-01-21T09:46:00+00:00","author":"Hukuki Haber.net","twitter_card":"summary_large_image","twitter_misc":{"Verfasst von":"Hukuki Haber.net","Gesch\u00e4tzte Lesezeit":"8\u00a0Minuten"},"schema":{"@context":"https:\/\/schema.org","@graph":[{"@type":"Article","@id":"http:\/\/denizcankizil.tr\/hukukihaber\/ihmali-davranisla-gorevi-kotuye-kullanma-sucu-sanigin-resit-olmayan-katilanin-anne-ve-babasindan-velayeten-vekaletname-almis-olmasi\/#article","isPartOf":{"@id":"http:\/\/denizcankizil.tr\/hukukihaber\/ihmali-davranisla-gorevi-kotuye-kullanma-sucu-sanigin-resit-olmayan-katilanin-anne-ve-babasindan-velayeten-vekaletname-almis-olmasi\/"},"author":{"name":"Hukuki Haber.net","@id":"https:\/\/denizcankizil.tr\/de\/#\/schema\/person\/001a271de994a0aa3f90eea084424822"},"headline":"\u0130HMAL\u0130 DAVRANI\u015eLA G\u00d6REV\u0130 K\u00d6T\u00dcYE KULLANMA SU\u00c7U &#8211; SANI\u011eIN RE\u015e\u0130T OLMAYAN KATILANIN ANNE VE BABASINDAN VELAYETEN VEKALETNAME ALMI\u015e OLMASI","datePublished":"2025-01-21T09:46:00+00:00","mainEntityOfPage":{"@id":"http:\/\/denizcankizil.tr\/hukukihaber\/ihmali-davranisla-gorevi-kotuye-kullanma-sucu-sanigin-resit-olmayan-katilanin-anne-ve-babasindan-velayeten-vekaletname-almis-olmasi\/"},"wordCount":1575,"commentCount":0,"publisher":{"@id":"https:\/\/denizcankizil.tr\/de\/#organization"},"articleSection":["Hukuki Haberler"],"inLanguage":"de","potentialAction":[{"@type":"CommentAction","name":"Comment","target":["http:\/\/denizcankizil.tr\/hukukihaber\/ihmali-davranisla-gorevi-kotuye-kullanma-sucu-sanigin-resit-olmayan-katilanin-anne-ve-babasindan-velayeten-vekaletname-almis-olmasi\/#respond"]}]},{"@type":"WebPage","@id":"http:\/\/denizcankizil.tr\/hukukihaber\/ihmali-davranisla-gorevi-kotuye-kullanma-sucu-sanigin-resit-olmayan-katilanin-anne-ve-babasindan-velayeten-vekaletname-almis-olmasi\/","url":"http:\/\/denizcankizil.tr\/hukukihaber\/ihmali-davranisla-gorevi-kotuye-kullanma-sucu-sanigin-resit-olmayan-katilanin-anne-ve-babasindan-velayeten-vekaletname-almis-olmasi\/","name":"\u0130HMAL\u0130 DAVRANI\u015eLA G\u00d6REV\u0130 K\u00d6T\u00dcYE KULLANMA SU\u00c7U - SANI\u011eIN RE\u015e\u0130T OLMAYAN KATILANIN ANNE VE BABASINDAN VELAYETEN VEKALETNAME ALMI\u015e OLMASI - Av. Deniz Can K\u0131z\u0131l","isPartOf":{"@id":"https:\/\/denizcankizil.tr\/de\/#website"},"datePublished":"2025-01-21T09:46:00+00:00","breadcrumb":{"@id":"http:\/\/denizcankizil.tr\/hukukihaber\/ihmali-davranisla-gorevi-kotuye-kullanma-sucu-sanigin-resit-olmayan-katilanin-anne-ve-babasindan-velayeten-vekaletname-almis-olmasi\/#breadcrumb"},"inLanguage":"de","potentialAction":[{"@type":"ReadAction","target":["http:\/\/denizcankizil.tr\/hukukihaber\/ihmali-davranisla-gorevi-kotuye-kullanma-sucu-sanigin-resit-olmayan-katilanin-anne-ve-babasindan-velayeten-vekaletname-almis-olmasi\/"]}]},{"@type":"BreadcrumbList","@id":"http:\/\/denizcankizil.tr\/hukukihaber\/ihmali-davranisla-gorevi-kotuye-kullanma-sucu-sanigin-resit-olmayan-katilanin-anne-ve-babasindan-velayeten-vekaletname-almis-olmasi\/#breadcrumb","itemListElement":[{"@type":"ListItem","position":1,"name":"Home","item":"https:\/\/denizcankizil.tr\/de\/"},{"@type":"ListItem","position":2,"name":"\u0130HMAL\u0130 DAVRANI\u015eLA G\u00d6REV\u0130 K\u00d6T\u00dcYE KULLANMA SU\u00c7U &#8211; SANI\u011eIN RE\u015e\u0130T OLMAYAN KATILANIN ANNE VE BABASINDAN VELAYETEN VEKALETNAME ALMI\u015e OLMASI"}]},{"@type":"WebSite","@id":"https:\/\/denizcankizil.tr\/de\/#website","url":"https:\/\/denizcankizil.tr\/de\/","name":"Av. Deniz Can K\u0131z\u0131l","description":"Avukat Deniz Can K\u0131z\u0131l Antalya Barosu","publisher":{"@id":"https:\/\/denizcankizil.tr\/de\/#organization"},"potentialAction":[{"@type":"SearchAction","target":{"@type":"EntryPoint","urlTemplate":"https:\/\/denizcankizil.tr\/de\/?s={search_term_string}"},"query-input":{"@type":"PropertyValueSpecification","valueRequired":true,"valueName":"search_term_string"}}],"inLanguage":"de"},{"@type":"Organization","@id":"https:\/\/denizcankizil.tr\/de\/#organization","name":"Av. Deniz Can K\u0131z\u0131l","url":"https:\/\/denizcankizil.tr\/de\/","logo":{"@type":"ImageObject","inLanguage":"de","@id":"https:\/\/denizcankizil.tr\/de\/#\/schema\/logo\/image\/","url":"https:\/\/denizcankizil.tr\/wp-content\/uploads\/2024\/10\/siyah-logo-svg.svg","contentUrl":"https:\/\/denizcankizil.tr\/wp-content\/uploads\/2024\/10\/siyah-logo-svg.svg","width":1080,"height":1080,"caption":"Av. Deniz Can K\u0131z\u0131l"},"image":{"@id":"https:\/\/denizcankizil.tr\/de\/#\/schema\/logo\/image\/"}},{"@type":"Person","@id":"https:\/\/denizcankizil.tr\/de\/#\/schema\/person\/001a271de994a0aa3f90eea084424822","name":"Hukuki Haber.net","image":{"@type":"ImageObject","inLanguage":"de","@id":"https:\/\/denizcankizil.tr\/de\/#\/schema\/person\/image\/","url":"https:\/\/secure.gravatar.com\/avatar\/57d8a49151495586611a149d29fc42865b951dc053a84709a3172ccb5abf3118?s=96&d=mm&r=g","contentUrl":"https:\/\/secure.gravatar.com\/avatar\/57d8a49151495586611a149d29fc42865b951dc053a84709a3172ccb5abf3118?s=96&d=mm&r=g","caption":"Hukuki Haber.net"},"sameAs":["http:\/\/www.hukukihaber.net"],"url":"https:\/\/denizcankizil.tr\/de\/author\/hukukihabernet\/"}]}},"_links":{"self":[{"href":"https:\/\/denizcankizil.tr\/de\/wp-json\/wp\/v2\/posts\/26495","targetHints":{"allow":["GET"]}}],"collection":[{"href":"https:\/\/denizcankizil.tr\/de\/wp-json\/wp\/v2\/posts"}],"about":[{"href":"https:\/\/denizcankizil.tr\/de\/wp-json\/wp\/v2\/types\/post"}],"author":[{"embeddable":true,"href":"https:\/\/denizcankizil.tr\/de\/wp-json\/wp\/v2\/users\/3"}],"replies":[{"embeddable":true,"href":"https:\/\/denizcankizil.tr\/de\/wp-json\/wp\/v2\/comments?post=26495"}],"version-history":[{"count":0,"href":"https:\/\/denizcankizil.tr\/de\/wp-json\/wp\/v2\/posts\/26495\/revisions"}],"wp:attachment":[{"href":"https:\/\/denizcankizil.tr\/de\/wp-json\/wp\/v2\/media?parent=26495"}],"wp:term":[{"taxonomy":"category","embeddable":true,"href":"https:\/\/denizcankizil.tr\/de\/wp-json\/wp\/v2\/categories?post=26495"},{"taxonomy":"post_tag","embeddable":true,"href":"https:\/\/denizcankizil.tr\/de\/wp-json\/wp\/v2\/tags?post=26495"}],"curies":[{"name":"wp","href":"https:\/\/api.w.org\/{rel}","templated":true}]}}