{"id":25687,"date":"2025-01-16T17:42:43","date_gmt":"2025-01-16T14:42:43","guid":{"rendered":"https:\/\/denizcankizil.tr\/uncategorized-tr\/antalyali-kadinlardan-rektor-ozkana-tepki\/"},"modified":"2025-01-16T17:42:43","modified_gmt":"2025-01-16T14:42:43","slug":"antalyali-kadinlardan-rektor-ozkana-tepki","status":"publish","type":"post","link":"https:\/\/denizcankizil.tr\/de\/haberler\/gundem\/antalyali-kadinlardan-rektor-ozkana-tepki\/","title":{"rendered":"Antalyal\u0131 kad\u0131nlardan Rekt\u00f6r \u00d6zkan&#8217;a tepki"},"content":{"rendered":"<p>\u0130stanbul\u2019un Ey\u00fcpsultan ve Fatih il\u00e7elerinde Semih \u00c7elik taraf\u0131ndan katledilen Ay\u015fenur Halil ve \u0130kbal Uzuner\u2019in an\u0131s\u0131na d\u00fczenlenen y\u00fcr\u00fcy\u00fc\u015fe kat\u0131lan Akdeniz \u00dcniversitesi \u00f6\u011frencileri hakk\u0131nda disiplin soru\u015fturmas\u0131 ba\u015flat\u0131ld\u0131\u011f\u0131 iddialar\u0131 kamuoyunda b\u00fcy\u00fck yank\u0131 uyand\u0131rd\u0131. Antalya Kad\u0131n Dan\u0131\u015fma Merkezi ve Dayan\u0131\u015fma Merkezi Derne\u011fi,\u00a0konuyla ilgili sert bir a\u00e7\u0131klama yapt\u0131.<\/p>\n<p>3 AY SONRA \u00dcN\u0130VERS\u0130TEDEN YAZI<\/p>\n<p>\u0130stanbul&#8217;un Ey\u00fcpsultan ve Fatih il\u00e7elerinde 4 Ekim 2024 tarihinde Semih \u00c7elik taraf\u0131ndan Ay\u015fenur Halil ve \u0130kbal Uzuner&#8217;in katledilmesini protesto etmek ama\u00e7l\u0131 Akdeniz \u00dcniversitesi \u00f6\u011frencileri 8 Ekim 2024 tarihinde kamp\u00fcs i\u00e7erisinde y\u00fcr\u00fcy\u00fc\u015f yapt\u0131. \u0130ddialara g\u00f6re yap\u0131lan y\u00fcr\u00fcy\u00fc\u015ften 3 ay sonra Akdeniz \u00dcniversite Rekt\u00f6rl\u00fc\u011f\u00fc, y\u00fcr\u00fcy\u00fc\u015fe kat\u0131lan \u00f6\u011frenciler hakk\u0131nda soru\u015fturma ba\u015flatt\u0131.<\/p>\n<p>KADIN \u00d6L\u00dcMLER\u0130 TEMALI Y\u00dcR\u00dcY\u00dc\u015e<\/p>\n<p>Kad\u0131n cinayetlerini protesto eden \u00fcniversite \u00f6\u011frencilerine g\u00f6nderilen yaz\u0131da, \u201c\u00dcniversite yerle\u015fkesinde 8 Ekim 2024 tarihinde ger\u00e7ekle\u015ftirilen &#8216;Kad\u0131n \u00d6l\u00fcmleri&#8217; temal\u0131 y\u00fcr\u00fcy\u00fc\u015f hakk\u0131nda 8 Ekim 2024 tarihli tutanak tutuldu\u011fu ve bu tutana\u011fa ba\u011fl\u0131 olarak Akdeniz \u00dcniversitesi Rekt\u00f6rl\u00fc\u011f\u00fc&#8217;n\u00fcn 3 Aral\u0131k 2024 tarih ve 1060092 say\u0131l\u0131 soru\u015fturma emri ile y\u00fcr\u00fcy\u00fc\u015fe kat\u0131lan ve slogan atan \u00f6\u011frenciler hakk\u0131nda disiplin soru\u015fturmas\u0131 a\u00e7\u0131lm\u0131\u015ft\u0131r\u201d ifadeleri kullan\u0131ld\u0131.<\/p>\n<p>SORU\u015eTURMAYI KINIYORUZ<\/p>\n<p>Konuya tepkisini yaz\u0131l\u0131 bir a\u00e7\u0131klama ile kamuoyuna ilan eden Antalya Kad\u0131n Dan\u0131\u015fma Merkezi ve Dayan\u0131\u015fma Merkezi Derne\u011fi, \u201cSon y\u0131llarda giderek artan kad\u0131n cinayetleri C\u0130NSKIRIMA d\u00f6n\u00fc\u015fm\u00fc\u015f ve t\u00fcm toplumu derinden etkiler hale gelmi\u015ftir. Bunun yan\u0131 s\u0131ra hukuksuzluklar alm\u0131\u015f ba\u015f\u0131n\u0131 gitmi\u015f, kad\u0131nlara ve \u00e7ocuklara y\u00f6nelik sald\u0131r\u0131lar \u00f6nlenemez boyutlara gelmi\u015ftir. \u015eiddet, toplumun her kesiminin g\u00fcndelik hayat\u0131n\u0131 tehdit ederken Akdeniz \u00dcniversitesi \u00f6\u011frencilerinin \u015fiddeti k\u0131namak \u00fczere katledilen k\u0131z karde\u015flerimiz i\u00e7in eylem yapmas\u0131na kar\u015f\u0131 rekt\u00f6rl\u00fc\u011f\u00fcn gen\u00e7ler i\u00e7in soru\u015fturma ba\u015flatmas\u0131n\u0131 k\u0131n\u0131yoruz\u201d a\u00e7\u0131klamas\u0131nda bulundu.<\/p>\n<p>KADIN REKT\u00d6R ARA\u015eTIRMA YAPMALI<\/p>\n<p>Rekt\u00f6r \u00d6zlenen \u00d6zkan\u2019a istifa \u00e7a\u011fr\u0131s\u0131 yap\u0131lan Dernek a\u00e7\u0131klamas\u0131nda, &#8220;Bir kad\u0131n rekt\u00f6r olarak \u00d6zlenen \u00d6zkan\u2019\u0131n toplumun, \u00f6zellikle de gen\u00e7lerin g\u00fcven duygular\u0131n\u0131n a\u015f\u0131nd\u0131r\u0131ld\u0131\u011f\u0131 bir atmosferde soru\u015fturma ile gen\u00e7leri engellemeye \u00e7al\u0131\u015fmas\u0131 kabul edilebilir de\u011fildir. Kad\u0131n rekt\u00f6r\u00fcn ara\u015ft\u0131rmalar yapmas\u0131 gerekirken bu davran\u0131\u015f\u0131 hem bilimselli\u011fe ayk\u0131r\u0131, hem de duyars\u0131zl\u0131\u011f\u0131n\u0131n tavan yapt\u0131\u011f\u0131 anlam\u0131n\u0131 ta\u015f\u0131maktad\u0131r. \u00dcniversitemizin utan\u0131lacak duruma d\u00fc\u015f\u00fcr\u00fclmesini kabul etmiyoruz. Hi\u00e7 de ad\u0131na yara\u015f\u0131r bir tutum izlememi\u015f olmas\u0131 rekt\u00f6rl\u00fck makam\u0131n\u0131 da hak etmedi\u011finin g\u00f6stergesidir ve istifa etmesinin do\u011fru olaca\u011f\u0131n\u0131 d\u00fc\u015f\u00fcn\u00fcyoruz. Kad\u0131n cinayetlerine kar\u015f\u0131 m\u00fccadele etmek t\u00fcm kamu kurumlar\u0131n\u0131n ve devletin g\u00f6revidir. Kad\u0131na kar\u015f\u0131 \u015fiddetle m\u00fccadeleden ve \u0130stanbul S\u00f6zle\u015fmesi\u2019nden vazge\u00e7miyoruz. \u00d6\u011frencilere kar\u015f\u0131 a\u00e7\u0131lan soru\u015fturmalar geri \u00e7ekilsin. \u00d6\u011frencilerin soru\u015fturmalar\u0131 kald\u0131r\u0131ls\u0131n. Kad\u0131n derne\u011fi olarak gen\u00e7lerin yan\u0131nday\u0131z\u201d denildi.\u00a0<\/p>\n<p>\u200bAntalya Kad\u0131n Dan\u0131\u015fma Merkezi ve Dayan\u0131\u015fma Merkezi Derne\u011fi, Semih \u00c7elik taraf\u0131ndan katledilen Ay\u015fenur Halil ve \u0130kbal Uzuner\u2019in an\u0131s\u0131na d\u00fczenlenen y\u00fcr\u00fcy\u00fc\u015fe kat\u0131lan Akdeniz \u00dcniversitesi \u00f6\u011frencileri hakk\u0131nda disiplin soru\u015fturmas\u0131 ba\u015flat\u0131ld\u0131\u011f\u0131 gerek\u00e7esiyle Akdeniz \u00dcniversitesi Rekt\u00f6r\u00fc \u00d6zlenen \u00d6zkan&#8217;a tepki g\u00f6sterdi\u00a0<\/p>\n<p>\u200bHaberin Al\u0131nt\u0131land\u0131\u011f\u0131 Kaynak: www.antalyakorfez.com<\/p>","protected":false},"excerpt":{"rendered":"<p>\u0130stanbul\u2019un Ey\u00fcpsultan ve Fatih il\u00e7elerinde Semih \u00c7elik taraf\u0131ndan katledilen Ay\u015fenur Halil ve \u0130kbal Uzuner\u2019in an\u0131s\u0131na d\u00fczenlenen y\u00fcr\u00fcy\u00fc\u015fe kat\u0131lan Akdeniz \u00dcniversitesi \u00f6\u011frencileri hakk\u0131nda disiplin soru\u015fturmas\u0131 ba\u015flat\u0131ld\u0131\u011f\u0131 iddialar\u0131 kamuoyunda b\u00fcy\u00fck yank\u0131 uyand\u0131rd\u0131. Antalya Kad\u0131n Dan\u0131\u015fma Merkezi ve Dayan\u0131\u015fma Merkezi Derne\u011fi,\u00a0konuyla ilgili sert bir a\u00e7\u0131klama yapt\u0131. 3 AY SONRA \u00dcN\u0130VERS\u0130TEDEN YAZI \u0130stanbul&#8217;un Ey\u00fcpsultan ve Fatih il\u00e7elerinde 4 Ekim 2024 tarihinde Semih \u00c7elik taraf\u0131ndan Ay\u015fenur Halil ve \u0130kbal Uzuner&#8217;in katledilmesini protesto etmek ama\u00e7l\u0131 Akdeniz \u00dcniversitesi \u00f6\u011frencileri 8 Ekim 2024 tarihinde kamp\u00fcs i\u00e7erisinde y\u00fcr\u00fcy\u00fc\u015f yapt\u0131. \u0130ddialara g\u00f6re yap\u0131lan y\u00fcr\u00fcy\u00fc\u015ften 3 ay sonra Akdeniz \u00dcniversite Rekt\u00f6rl\u00fc\u011f\u00fc, y\u00fcr\u00fcy\u00fc\u015fe kat\u0131lan \u00f6\u011frenciler hakk\u0131nda soru\u015fturma ba\u015flatt\u0131. KADIN \u00d6L\u00dcMLER\u0130 TEMALI Y\u00dcR\u00dcY\u00dc\u015e Kad\u0131n cinayetlerini protesto eden \u00fcniversite \u00f6\u011frencilerine g\u00f6nderilen yaz\u0131da, \u201c\u00dcniversite yerle\u015fkesinde 8 Ekim 2024 tarihinde ger\u00e7ekle\u015ftirilen &#8216;Kad\u0131n \u00d6l\u00fcmleri&#8217; temal\u0131 y\u00fcr\u00fcy\u00fc\u015f hakk\u0131nda 8 Ekim 2024 tarihli tutanak tutuldu\u011fu ve bu tutana\u011fa ba\u011fl\u0131 olarak Akdeniz \u00dcniversitesi Rekt\u00f6rl\u00fc\u011f\u00fc&#8217;n\u00fcn 3 Aral\u0131k 2024 tarih ve 1060092 say\u0131l\u0131 soru\u015fturma emri ile y\u00fcr\u00fcy\u00fc\u015fe kat\u0131lan ve slogan atan \u00f6\u011frenciler hakk\u0131nda disiplin soru\u015fturmas\u0131 a\u00e7\u0131lm\u0131\u015ft\u0131r\u201d ifadeleri kullan\u0131ld\u0131. SORU\u015eTURMAYI KINIYORUZ Konuya tepkisini yaz\u0131l\u0131 bir a\u00e7\u0131klama ile kamuoyuna ilan eden Antalya Kad\u0131n Dan\u0131\u015fma Merkezi ve Dayan\u0131\u015fma Merkezi Derne\u011fi, \u201cSon y\u0131llarda giderek artan kad\u0131n cinayetleri C\u0130NSKIRIMA d\u00f6n\u00fc\u015fm\u00fc\u015f ve t\u00fcm toplumu derinden etkiler hale gelmi\u015ftir. Bunun yan\u0131 s\u0131ra hukuksuzluklar alm\u0131\u015f ba\u015f\u0131n\u0131 gitmi\u015f, kad\u0131nlara ve \u00e7ocuklara &hellip;<\/p>","protected":false},"author":5,"featured_media":0,"comment_status":"open","ping_status":"open","sticky":false,"template":"","format":"standard","meta":{"_acf_changed":false,"footnotes":""},"categories":[24],"tags":[],"class_list":["post-25687","post","type-post","status-publish","format-standard","has-post-thumbnail","hentry","category-gundem"],"acf":[],"yoast_head":"<!-- This site is optimized with the Yoast SEO Premium plugin v26.6 (Yoast SEO v27.1.1) - https:\/\/yoast.com\/product\/yoast-seo-premium-wordpress\/ -->\n<title>Antalyal\u0131 kad\u0131nlardan Rekt\u00f6r \u00d6zkan&#039;a tepki - Av. Deniz Can K\u0131z\u0131l<\/title>\n<meta name=\"robots\" content=\"index, follow, max-snippet:-1, max-image-preview:large, max-video-preview:-1\" \/>\n<link rel=\"canonical\" href=\"https:\/\/denizcankizil.tr\/de\/haberler\/gundem\/antalyali-kadinlardan-rektor-ozkana-tepki\/\" \/>\n<meta property=\"og:locale\" content=\"de_DE\" \/>\n<meta property=\"og:type\" content=\"article\" \/>\n<meta property=\"og:title\" content=\"Antalyal\u0131 kad\u0131nlardan Rekt\u00f6r \u00d6zkan&#039;a tepki\" \/>\n<meta property=\"og:description\" content=\"\u0130stanbul\u2019un Ey\u00fcpsultan ve Fatih il\u00e7elerinde Semih \u00c7elik taraf\u0131ndan katledilen Ay\u015fenur Halil ve \u0130kbal Uzuner\u2019in an\u0131s\u0131na d\u00fczenlenen y\u00fcr\u00fcy\u00fc\u015fe kat\u0131lan Akdeniz \u00dcniversitesi \u00f6\u011frencileri hakk\u0131nda disiplin soru\u015fturmas\u0131 ba\u015flat\u0131ld\u0131\u011f\u0131 iddialar\u0131 kamuoyunda b\u00fcy\u00fck yank\u0131 uyand\u0131rd\u0131. Antalya Kad\u0131n Dan\u0131\u015fma Merkezi ve Dayan\u0131\u015fma Merkezi Derne\u011fi,\u00a0konuyla ilgili sert bir a\u00e7\u0131klama yapt\u0131. 3 AY SONRA \u00dcN\u0130VERS\u0130TEDEN YAZI \u0130stanbul&#8217;un Ey\u00fcpsultan ve Fatih il\u00e7elerinde 4 Ekim 2024 tarihinde Semih \u00c7elik taraf\u0131ndan Ay\u015fenur Halil ve \u0130kbal Uzuner&#8217;in katledilmesini protesto etmek ama\u00e7l\u0131 Akdeniz \u00dcniversitesi \u00f6\u011frencileri 8 Ekim 2024 tarihinde kamp\u00fcs i\u00e7erisinde y\u00fcr\u00fcy\u00fc\u015f yapt\u0131. \u0130ddialara g\u00f6re yap\u0131lan y\u00fcr\u00fcy\u00fc\u015ften 3 ay sonra Akdeniz \u00dcniversite Rekt\u00f6rl\u00fc\u011f\u00fc, y\u00fcr\u00fcy\u00fc\u015fe kat\u0131lan \u00f6\u011frenciler hakk\u0131nda soru\u015fturma ba\u015flatt\u0131. KADIN \u00d6L\u00dcMLER\u0130 TEMALI Y\u00dcR\u00dcY\u00dc\u015e Kad\u0131n cinayetlerini protesto eden \u00fcniversite \u00f6\u011frencilerine g\u00f6nderilen yaz\u0131da, \u201c\u00dcniversite yerle\u015fkesinde 8 Ekim 2024 tarihinde ger\u00e7ekle\u015ftirilen &#8216;Kad\u0131n \u00d6l\u00fcmleri&#8217; temal\u0131 y\u00fcr\u00fcy\u00fc\u015f hakk\u0131nda 8 Ekim 2024 tarihli tutanak tutuldu\u011fu ve bu tutana\u011fa ba\u011fl\u0131 olarak Akdeniz \u00dcniversitesi Rekt\u00f6rl\u00fc\u011f\u00fc&#8217;n\u00fcn 3 Aral\u0131k 2024 tarih ve 1060092 say\u0131l\u0131 soru\u015fturma emri ile y\u00fcr\u00fcy\u00fc\u015fe kat\u0131lan ve slogan atan \u00f6\u011frenciler hakk\u0131nda disiplin soru\u015fturmas\u0131 a\u00e7\u0131lm\u0131\u015ft\u0131r\u201d ifadeleri kullan\u0131ld\u0131. SORU\u015eTURMAYI KINIYORUZ Konuya tepkisini yaz\u0131l\u0131 bir a\u00e7\u0131klama ile kamuoyuna ilan eden Antalya Kad\u0131n Dan\u0131\u015fma Merkezi ve Dayan\u0131\u015fma Merkezi Derne\u011fi, \u201cSon y\u0131llarda giderek artan kad\u0131n cinayetleri C\u0130NSKIRIMA d\u00f6n\u00fc\u015fm\u00fc\u015f ve t\u00fcm toplumu derinden etkiler hale gelmi\u015ftir. Bunun yan\u0131 s\u0131ra hukuksuzluklar alm\u0131\u015f ba\u015f\u0131n\u0131 gitmi\u015f, kad\u0131nlara ve \u00e7ocuklara &hellip;\" \/>\n<meta property=\"og:url\" content=\"https:\/\/denizcankizil.tr\/de\/haberler\/gundem\/antalyali-kadinlardan-rektor-ozkana-tepki\/\" \/>\n<meta property=\"og:site_name\" content=\"Av. Deniz Can K\u0131z\u0131l\" \/>\n<meta property=\"article:published_time\" content=\"2025-01-16T14:42:43+00:00\" \/>\n<meta name=\"author\" content=\"Antalya K\u00f6rfez\" \/>\n<meta name=\"twitter:card\" content=\"summary_large_image\" \/>\n<meta name=\"twitter:label1\" content=\"Verfasst von\" \/>\n\t<meta name=\"twitter:data1\" content=\"Antalya K\u00f6rfez\" \/>\n\t<meta name=\"twitter:label2\" content=\"Gesch\u00e4tzte Lesezeit\" \/>\n\t<meta name=\"twitter:data2\" content=\"3\u00a0Minuten\" \/>\n<script type=\"application\/ld+json\" class=\"yoast-schema-graph\">{\"@context\":\"https:\/\/schema.org\",\"@graph\":[{\"@type\":\"Article\",\"@id\":\"https:\/\/denizcankizil.tr\/de\/haberler\/gundem\/antalyali-kadinlardan-rektor-ozkana-tepki\/#article\",\"isPartOf\":{\"@id\":\"https:\/\/denizcankizil.tr\/de\/haberler\/gundem\/antalyali-kadinlardan-rektor-ozkana-tepki\/\"},\"author\":{\"name\":\"Antalya K\u00f6rfez\",\"@id\":\"https:\/\/denizcankizil.tr\/de\/#\/schema\/person\/e1eb71bb4dd684d46563f0af307e1234\"},\"headline\":\"Antalyal\u0131 kad\u0131nlardan Rekt\u00f6r \u00d6zkan&#8217;a tepki\",\"datePublished\":\"2025-01-16T14:42:43+00:00\",\"mainEntityOfPage\":{\"@id\":\"https:\/\/denizcankizil.tr\/de\/haberler\/gundem\/antalyali-kadinlardan-rektor-ozkana-tepki\/\"},\"wordCount\":604,\"commentCount\":0,\"publisher\":{\"@id\":\"https:\/\/denizcankizil.tr\/de\/#organization\"},\"articleSection\":[\"G\u00fcndem\"],\"inLanguage\":\"de\",\"potentialAction\":[{\"@type\":\"CommentAction\",\"name\":\"Comment\",\"target\":[\"https:\/\/denizcankizil.tr\/de\/haberler\/gundem\/antalyali-kadinlardan-rektor-ozkana-tepki\/#respond\"]}]},{\"@type\":\"WebPage\",\"@id\":\"https:\/\/denizcankizil.tr\/de\/haberler\/gundem\/antalyali-kadinlardan-rektor-ozkana-tepki\/\",\"url\":\"https:\/\/denizcankizil.tr\/de\/haberler\/gundem\/antalyali-kadinlardan-rektor-ozkana-tepki\/\",\"name\":\"Antalyal\u0131 kad\u0131nlardan Rekt\u00f6r \u00d6zkan'a tepki - Av. Deniz Can K\u0131z\u0131l\",\"isPartOf\":{\"@id\":\"https:\/\/denizcankizil.tr\/de\/#website\"},\"datePublished\":\"2025-01-16T14:42:43+00:00\",\"breadcrumb\":{\"@id\":\"https:\/\/denizcankizil.tr\/de\/haberler\/gundem\/antalyali-kadinlardan-rektor-ozkana-tepki\/#breadcrumb\"},\"inLanguage\":\"de\",\"potentialAction\":[{\"@type\":\"ReadAction\",\"target\":[\"https:\/\/denizcankizil.tr\/de\/haberler\/gundem\/antalyali-kadinlardan-rektor-ozkana-tepki\/\"]}]},{\"@type\":\"BreadcrumbList\",\"@id\":\"https:\/\/denizcankizil.tr\/de\/haberler\/gundem\/antalyali-kadinlardan-rektor-ozkana-tepki\/#breadcrumb\",\"itemListElement\":[{\"@type\":\"ListItem\",\"position\":1,\"name\":\"Home\",\"item\":\"https:\/\/denizcankizil.tr\/de\/\"},{\"@type\":\"ListItem\",\"position\":2,\"name\":\"Antalyal\u0131 kad\u0131nlardan Rekt\u00f6r \u00d6zkan&#8217;a tepki\"}]},{\"@type\":\"WebSite\",\"@id\":\"https:\/\/denizcankizil.tr\/de\/#website\",\"url\":\"https:\/\/denizcankizil.tr\/de\/\",\"name\":\"Av. Deniz Can K\u0131z\u0131l\",\"description\":\"Avukat Deniz Can K\u0131z\u0131l Antalya Barosu\",\"publisher\":{\"@id\":\"https:\/\/denizcankizil.tr\/de\/#organization\"},\"potentialAction\":[{\"@type\":\"SearchAction\",\"target\":{\"@type\":\"EntryPoint\",\"urlTemplate\":\"https:\/\/denizcankizil.tr\/de\/?s={search_term_string}\"},\"query-input\":{\"@type\":\"PropertyValueSpecification\",\"valueRequired\":true,\"valueName\":\"search_term_string\"}}],\"inLanguage\":\"de\"},{\"@type\":\"Organization\",\"@id\":\"https:\/\/denizcankizil.tr\/de\/#organization\",\"name\":\"Av. Deniz Can K\u0131z\u0131l\",\"url\":\"https:\/\/denizcankizil.tr\/de\/\",\"logo\":{\"@type\":\"ImageObject\",\"inLanguage\":\"de\",\"@id\":\"https:\/\/denizcankizil.tr\/de\/#\/schema\/logo\/image\/\",\"url\":\"https:\/\/denizcankizil.tr\/wp-content\/uploads\/2024\/10\/siyah-logo-svg.svg\",\"contentUrl\":\"https:\/\/denizcankizil.tr\/wp-content\/uploads\/2024\/10\/siyah-logo-svg.svg\",\"width\":1080,\"height\":1080,\"caption\":\"Av. Deniz Can K\u0131z\u0131l\"},\"image\":{\"@id\":\"https:\/\/denizcankizil.tr\/de\/#\/schema\/logo\/image\/\"}},{\"@type\":\"Person\",\"@id\":\"https:\/\/denizcankizil.tr\/de\/#\/schema\/person\/e1eb71bb4dd684d46563f0af307e1234\",\"name\":\"Antalya K\u00f6rfez\",\"image\":{\"@type\":\"ImageObject\",\"inLanguage\":\"de\",\"@id\":\"https:\/\/denizcankizil.tr\/de\/#\/schema\/person\/image\/\",\"url\":\"https:\/\/secure.gravatar.com\/avatar\/42b01982558a48a0b501fdcab6a408d3717ea5919095ee2e67b0e521799c5905?s=96&d=mm&r=g\",\"contentUrl\":\"https:\/\/secure.gravatar.com\/avatar\/42b01982558a48a0b501fdcab6a408d3717ea5919095ee2e67b0e521799c5905?s=96&d=mm&r=g\",\"caption\":\"Antalya K\u00f6rfez\"},\"sameAs\":[\"http:\/\/www.antalyakorfez.com\"],\"url\":\"https:\/\/www.antalyakorfez.com\/antalyali-kadinlardan-rektor-ozkana-tepki\"}]}<\/script>\n<!-- \/ Yoast SEO Premium plugin. -->","yoast_head_json":{"title":"Antalyal\u0131 kad\u0131nlardan Rekt\u00f6r \u00d6zkan'a tepki - Av. Deniz Can K\u0131z\u0131l","robots":{"index":"index","follow":"follow","max-snippet":"max-snippet:-1","max-image-preview":"max-image-preview:large","max-video-preview":"max-video-preview:-1"},"canonical":"https:\/\/denizcankizil.tr\/de\/haberler\/gundem\/antalyali-kadinlardan-rektor-ozkana-tepki\/","og_locale":"de_DE","og_type":"article","og_title":"Antalyal\u0131 kad\u0131nlardan Rekt\u00f6r \u00d6zkan'a tepki","og_description":"\u0130stanbul\u2019un Ey\u00fcpsultan ve Fatih il\u00e7elerinde Semih \u00c7elik taraf\u0131ndan katledilen Ay\u015fenur Halil ve \u0130kbal Uzuner\u2019in an\u0131s\u0131na d\u00fczenlenen y\u00fcr\u00fcy\u00fc\u015fe kat\u0131lan Akdeniz \u00dcniversitesi \u00f6\u011frencileri hakk\u0131nda disiplin soru\u015fturmas\u0131 ba\u015flat\u0131ld\u0131\u011f\u0131 iddialar\u0131 kamuoyunda b\u00fcy\u00fck yank\u0131 uyand\u0131rd\u0131. Antalya Kad\u0131n Dan\u0131\u015fma Merkezi ve Dayan\u0131\u015fma Merkezi Derne\u011fi,\u00a0konuyla ilgili sert bir a\u00e7\u0131klama yapt\u0131. 3 AY SONRA \u00dcN\u0130VERS\u0130TEDEN YAZI \u0130stanbul&#8217;un Ey\u00fcpsultan ve Fatih il\u00e7elerinde 4 Ekim 2024 tarihinde Semih \u00c7elik taraf\u0131ndan Ay\u015fenur Halil ve \u0130kbal Uzuner&#8217;in katledilmesini protesto etmek ama\u00e7l\u0131 Akdeniz \u00dcniversitesi \u00f6\u011frencileri 8 Ekim 2024 tarihinde kamp\u00fcs i\u00e7erisinde y\u00fcr\u00fcy\u00fc\u015f yapt\u0131. \u0130ddialara g\u00f6re yap\u0131lan y\u00fcr\u00fcy\u00fc\u015ften 3 ay sonra Akdeniz \u00dcniversite Rekt\u00f6rl\u00fc\u011f\u00fc, y\u00fcr\u00fcy\u00fc\u015fe kat\u0131lan \u00f6\u011frenciler hakk\u0131nda soru\u015fturma ba\u015flatt\u0131. KADIN \u00d6L\u00dcMLER\u0130 TEMALI Y\u00dcR\u00dcY\u00dc\u015e Kad\u0131n cinayetlerini protesto eden \u00fcniversite \u00f6\u011frencilerine g\u00f6nderilen yaz\u0131da, \u201c\u00dcniversite yerle\u015fkesinde 8 Ekim 2024 tarihinde ger\u00e7ekle\u015ftirilen &#8216;Kad\u0131n \u00d6l\u00fcmleri&#8217; temal\u0131 y\u00fcr\u00fcy\u00fc\u015f hakk\u0131nda 8 Ekim 2024 tarihli tutanak tutuldu\u011fu ve bu tutana\u011fa ba\u011fl\u0131 olarak Akdeniz \u00dcniversitesi Rekt\u00f6rl\u00fc\u011f\u00fc&#8217;n\u00fcn 3 Aral\u0131k 2024 tarih ve 1060092 say\u0131l\u0131 soru\u015fturma emri ile y\u00fcr\u00fcy\u00fc\u015fe kat\u0131lan ve slogan atan \u00f6\u011frenciler hakk\u0131nda disiplin soru\u015fturmas\u0131 a\u00e7\u0131lm\u0131\u015ft\u0131r\u201d ifadeleri kullan\u0131ld\u0131. SORU\u015eTURMAYI KINIYORUZ Konuya tepkisini yaz\u0131l\u0131 bir a\u00e7\u0131klama ile kamuoyuna ilan eden Antalya Kad\u0131n Dan\u0131\u015fma Merkezi ve Dayan\u0131\u015fma Merkezi Derne\u011fi, \u201cSon y\u0131llarda giderek artan kad\u0131n cinayetleri C\u0130NSKIRIMA d\u00f6n\u00fc\u015fm\u00fc\u015f ve t\u00fcm toplumu derinden etkiler hale gelmi\u015ftir. Bunun yan\u0131 s\u0131ra hukuksuzluklar alm\u0131\u015f ba\u015f\u0131n\u0131 gitmi\u015f, kad\u0131nlara ve \u00e7ocuklara &hellip;","og_url":"https:\/\/denizcankizil.tr\/de\/haberler\/gundem\/antalyali-kadinlardan-rektor-ozkana-tepki\/","og_site_name":"Av. Deniz Can K\u0131z\u0131l","article_published_time":"2025-01-16T14:42:43+00:00","author":"Antalya K\u00f6rfez","twitter_card":"summary_large_image","twitter_misc":{"Verfasst von":"Antalya K\u00f6rfez","Gesch\u00e4tzte Lesezeit":"3\u00a0Minuten"},"schema":{"@context":"https:\/\/schema.org","@graph":[{"@type":"Article","@id":"https:\/\/denizcankizil.tr\/de\/haberler\/gundem\/antalyali-kadinlardan-rektor-ozkana-tepki\/#article","isPartOf":{"@id":"https:\/\/denizcankizil.tr\/de\/haberler\/gundem\/antalyali-kadinlardan-rektor-ozkana-tepki\/"},"author":{"name":"Antalya K\u00f6rfez","@id":"https:\/\/denizcankizil.tr\/de\/#\/schema\/person\/e1eb71bb4dd684d46563f0af307e1234"},"headline":"Antalyal\u0131 kad\u0131nlardan Rekt\u00f6r \u00d6zkan&#8217;a tepki","datePublished":"2025-01-16T14:42:43+00:00","mainEntityOfPage":{"@id":"https:\/\/denizcankizil.tr\/de\/haberler\/gundem\/antalyali-kadinlardan-rektor-ozkana-tepki\/"},"wordCount":604,"commentCount":0,"publisher":{"@id":"https:\/\/denizcankizil.tr\/de\/#organization"},"articleSection":["G\u00fcndem"],"inLanguage":"de","potentialAction":[{"@type":"CommentAction","name":"Comment","target":["https:\/\/denizcankizil.tr\/de\/haberler\/gundem\/antalyali-kadinlardan-rektor-ozkana-tepki\/#respond"]}]},{"@type":"WebPage","@id":"https:\/\/denizcankizil.tr\/de\/haberler\/gundem\/antalyali-kadinlardan-rektor-ozkana-tepki\/","url":"https:\/\/denizcankizil.tr\/de\/haberler\/gundem\/antalyali-kadinlardan-rektor-ozkana-tepki\/","name":"Antalyal\u0131 kad\u0131nlardan Rekt\u00f6r \u00d6zkan'a tepki - Av. Deniz Can K\u0131z\u0131l","isPartOf":{"@id":"https:\/\/denizcankizil.tr\/de\/#website"},"datePublished":"2025-01-16T14:42:43+00:00","breadcrumb":{"@id":"https:\/\/denizcankizil.tr\/de\/haberler\/gundem\/antalyali-kadinlardan-rektor-ozkana-tepki\/#breadcrumb"},"inLanguage":"de","potentialAction":[{"@type":"ReadAction","target":["https:\/\/denizcankizil.tr\/de\/haberler\/gundem\/antalyali-kadinlardan-rektor-ozkana-tepki\/"]}]},{"@type":"BreadcrumbList","@id":"https:\/\/denizcankizil.tr\/de\/haberler\/gundem\/antalyali-kadinlardan-rektor-ozkana-tepki\/#breadcrumb","itemListElement":[{"@type":"ListItem","position":1,"name":"Home","item":"https:\/\/denizcankizil.tr\/de\/"},{"@type":"ListItem","position":2,"name":"Antalyal\u0131 kad\u0131nlardan Rekt\u00f6r \u00d6zkan&#8217;a tepki"}]},{"@type":"WebSite","@id":"https:\/\/denizcankizil.tr\/de\/#website","url":"https:\/\/denizcankizil.tr\/de\/","name":"Av. Deniz Can K\u0131z\u0131l","description":"Avukat Deniz Can K\u0131z\u0131l Antalya Barosu","publisher":{"@id":"https:\/\/denizcankizil.tr\/de\/#organization"},"potentialAction":[{"@type":"SearchAction","target":{"@type":"EntryPoint","urlTemplate":"https:\/\/denizcankizil.tr\/de\/?s={search_term_string}"},"query-input":{"@type":"PropertyValueSpecification","valueRequired":true,"valueName":"search_term_string"}}],"inLanguage":"de"},{"@type":"Organization","@id":"https:\/\/denizcankizil.tr\/de\/#organization","name":"Av. Deniz Can K\u0131z\u0131l","url":"https:\/\/denizcankizil.tr\/de\/","logo":{"@type":"ImageObject","inLanguage":"de","@id":"https:\/\/denizcankizil.tr\/de\/#\/schema\/logo\/image\/","url":"https:\/\/denizcankizil.tr\/wp-content\/uploads\/2024\/10\/siyah-logo-svg.svg","contentUrl":"https:\/\/denizcankizil.tr\/wp-content\/uploads\/2024\/10\/siyah-logo-svg.svg","width":1080,"height":1080,"caption":"Av. Deniz Can K\u0131z\u0131l"},"image":{"@id":"https:\/\/denizcankizil.tr\/de\/#\/schema\/logo\/image\/"}},{"@type":"Person","@id":"https:\/\/denizcankizil.tr\/de\/#\/schema\/person\/e1eb71bb4dd684d46563f0af307e1234","name":"Antalya K\u00f6rfez","image":{"@type":"ImageObject","inLanguage":"de","@id":"https:\/\/denizcankizil.tr\/de\/#\/schema\/person\/image\/","url":"https:\/\/secure.gravatar.com\/avatar\/42b01982558a48a0b501fdcab6a408d3717ea5919095ee2e67b0e521799c5905?s=96&d=mm&r=g","contentUrl":"https:\/\/secure.gravatar.com\/avatar\/42b01982558a48a0b501fdcab6a408d3717ea5919095ee2e67b0e521799c5905?s=96&d=mm&r=g","caption":"Antalya K\u00f6rfez"},"sameAs":["http:\/\/www.antalyakorfez.com"],"url":"https:\/\/www.antalyakorfez.com\/antalyali-kadinlardan-rektor-ozkana-tepki"}]}},"_links":{"self":[{"href":"https:\/\/denizcankizil.tr\/de\/wp-json\/wp\/v2\/posts\/25687","targetHints":{"allow":["GET"]}}],"collection":[{"href":"https:\/\/denizcankizil.tr\/de\/wp-json\/wp\/v2\/posts"}],"about":[{"href":"https:\/\/denizcankizil.tr\/de\/wp-json\/wp\/v2\/types\/post"}],"author":[{"embeddable":true,"href":"https:\/\/denizcankizil.tr\/de\/wp-json\/wp\/v2\/users\/5"}],"replies":[{"embeddable":true,"href":"https:\/\/denizcankizil.tr\/de\/wp-json\/wp\/v2\/comments?post=25687"}],"version-history":[{"count":0,"href":"https:\/\/denizcankizil.tr\/de\/wp-json\/wp\/v2\/posts\/25687\/revisions"}],"wp:attachment":[{"href":"https:\/\/denizcankizil.tr\/de\/wp-json\/wp\/v2\/media?parent=25687"}],"wp:term":[{"taxonomy":"category","embeddable":true,"href":"https:\/\/denizcankizil.tr\/de\/wp-json\/wp\/v2\/categories?post=25687"},{"taxonomy":"post_tag","embeddable":true,"href":"https:\/\/denizcankizil.tr\/de\/wp-json\/wp\/v2\/tags?post=25687"}],"curies":[{"name":"wp","href":"https:\/\/api.w.org\/{rel}","templated":true}]}}