{"id":25663,"date":"2025-01-16T15:41:27","date_gmt":"2025-01-16T12:41:27","guid":{"rendered":"https:\/\/denizcankizil.tr\/uncategorized-tr\/antalyada-beklenen-gun-geldi-binlerce-taksicinin-kulagi-istanbulda-olacak\/"},"modified":"2025-01-16T15:41:27","modified_gmt":"2025-01-16T12:41:27","slug":"antalyada-beklenen-gun-geldi-binlerce-taksicinin-kulagi-istanbulda-olacak","status":"publish","type":"post","link":"https:\/\/denizcankizil.tr\/de\/haberler\/gundem\/antalyada-beklenen-gun-geldi-binlerce-taksicinin-kulagi-istanbulda-olacak\/","title":{"rendered":"Antalya\u2019da beklenen g\u00fcn geldi! Binlerce taksicinin kula\u011f\u0131 \u0130stanbul\u2019da olacak"},"content":{"rendered":"<p>Antalya \u015eof\u00f6rler ve Otomobilciler Odas\u0131 bir s\u00fcre \u00f6nce Mart\u0131-TAG uygulanmas\u0131na eri\u015fim konulmas\u0131na y\u00f6nelik dava \u0130stanbul\u2019da devam eden dava ile birle\u015ftirilmesine karar verilmi\u015fti. Antalya\u2019da binlerce taksicinin g\u00f6z\u00fc kula\u011f\u0131 yar\u0131n g\u00f6r\u00fclecek olan duru\u015fmadan gelen haberde olacak.<\/p>\n<p>DURU\u015eMA YARIN \u0130STANBUL&#8217;DA\u00a0<\/p>\n<p>Antalya ge\u00e7ti\u011fimiz g\u00fcnlerde 1. Asliye Ticaret Mahkemesi&#8217;nde g\u00f6r\u00fclen davan\u0131n 4. duru\u015fmas\u0131nda, davac\u0131 avukatlar\u0131, kar\u015f\u0131 taraf\u0131n dosyan\u0131n \u0130stanbul 14. Asliye Ticaret Mahkemesinin 2024\/768 esas say\u0131l\u0131 dosyas\u0131yla birle\u015ftirilmesi talebini kabul etmediklerini belirtti. Davac\u0131 avukatlar\u0131, her iki davan\u0131n davac\u0131 taraflar\u0131 ve neticeye ili\u015fkin taleplerinin birbirinden farkl\u0131 oldu\u011funu savunarak, delillerin toplanmas\u0131 ve tan\u0131klar\u0131n dinlenmesi talebinde bulundu. Daval\u0131 avukatlar\u0131 ise \u0130stanbul 14. Asliye Ticaret Mahkemesi&#8217;nde g\u00f6r\u00fclen dava dosyas\u0131 ile bu dosyadaki maddi vakalar, hukuki sebepler ve talep ile sonu\u00e7lar\u0131n ayn\u0131 oldu\u011funu ifade etti. Mahkeme hakimi, dosya ile \u0130stanbul 14. Asliye Ticaret Mahkemesinin 2024\/768 esas say\u0131l\u0131 dosya ile ba\u011flant\u0131 bulundu\u011funu belirterek, her iki dosyan\u0131n birle\u015ftirilmesine ve yarg\u0131laman\u0131n \u0130stanbul 14. Asliye Ticaret Mahkemesinde devam\u0131na karar verdi.<\/p>\n<p>ALKAN VE EK\u0130B\u0130 MAHKEMEDE OLACAK<\/p>\n<p>Antalya K\u00f6rfez Gazetesi muhabiri Ertu\u011frul G\u00fcn&#8217;\u00fcn haberine duru\u015fma yar\u0131n g\u00f6r\u00fclecek. Antalya \u015eof\u00f6rler ve Otomobilciler Odas\u0131 Ba\u015fkan\u0131 Mehmet Alkan da duru\u015fmaya kat\u0131lmak \u00fczere bug\u00fcn \u0130stanbul\u2019a gitti. Alkan, \u201cBen, ekibim ve \u00e7ok say\u0131da esnaf arkada\u015f\u0131m ile yar\u0131n saat 14.00\u2019da \u0130stanbul adliyesinde olaca\u011f\u0131z. Antalya\u2019da \u2018kazand\u0131k\u2019 dedikleri duru\u015fman\u0131n devam\u0131 burada olacak. Kazanan birisi yok, dava birle\u015ftirildi. Bu mahkemede bir sonu\u00e7 al\u0131naca\u011f\u0131n\u0131 sanm\u0131yorum. Mart\u0131-TAG\u2019\u0131n yasal olmad\u0131\u011f\u0131n\u0131 biliyoruz. Ekmek bizim ekme\u011fimiz. Her yalan yanl\u0131\u015f beyanat\u0131nda \u015firketinin prim yapmas\u0131n\u0131 sa\u011fl\u0131yor. Kazanmad\u0131\u011f\u0131 davay\u0131 kazand\u0131 sayd\u0131. Kazansa ben neden bu mahkemeye gidece\u011fim. Biz hakl\u0131y\u0131z, sonuna kadar hakk\u0131m\u0131z\u0131 arayaca\u011f\u0131z. Yaln\u0131z de\u011filiz, arkam\u0131zda binlerce taksici esnaf\u0131m\u0131z var. Ekmek m\u00fccadelemizi b\u0131rakmayaca\u011f\u0131z\u201d dedi.<\/p>\n<p>\u200bT\u00fcrkiye&#8217;de \u015fof\u00f6r esnaf\u0131 ve Mart\u0131-TAG uygulamas\u0131 kullan\u0131c\u0131lar\u0131n\u0131n g\u00f6z\u00fc kula\u011f\u0131 yar\u0131n \u00e7\u0131kacak olan mahkeme karar\u0131nda. \u0130stanbul&#8217;da g\u00f6r\u00fclecek olan mahkemeye Antalya \u015eof\u00f6rler ve Otomobilciler Odas\u0131 Ba\u015fkan\u0131 Mehmet Alkan da kat\u0131lacak.\u00a0<\/p>\n<p>\u200bHaberin Al\u0131nt\u0131land\u0131\u011f\u0131 Kaynak: www.antalyakorfez.com<\/p>","protected":false},"excerpt":{"rendered":"<p>Antalya \u015eof\u00f6rler ve Otomobilciler Odas\u0131 bir s\u00fcre \u00f6nce Mart\u0131-TAG uygulanmas\u0131na eri\u015fim konulmas\u0131na y\u00f6nelik dava \u0130stanbul\u2019da devam eden dava ile birle\u015ftirilmesine karar verilmi\u015fti. Antalya\u2019da binlerce taksicinin g\u00f6z\u00fc kula\u011f\u0131 yar\u0131n g\u00f6r\u00fclecek olan duru\u015fmadan gelen haberde olacak. DURU\u015eMA YARIN \u0130STANBUL&#8217;DA\u00a0 Antalya ge\u00e7ti\u011fimiz g\u00fcnlerde 1. Asliye Ticaret Mahkemesi&#8217;nde g\u00f6r\u00fclen davan\u0131n 4. duru\u015fmas\u0131nda, davac\u0131 avukatlar\u0131, kar\u015f\u0131 taraf\u0131n dosyan\u0131n \u0130stanbul 14. Asliye Ticaret Mahkemesinin 2024\/768 esas say\u0131l\u0131 dosyas\u0131yla birle\u015ftirilmesi talebini kabul etmediklerini belirtti. Davac\u0131 avukatlar\u0131, her iki davan\u0131n davac\u0131 taraflar\u0131 ve neticeye ili\u015fkin taleplerinin birbirinden farkl\u0131 oldu\u011funu savunarak, delillerin toplanmas\u0131 ve tan\u0131klar\u0131n dinlenmesi talebinde bulundu. Daval\u0131 avukatlar\u0131 ise \u0130stanbul 14. Asliye Ticaret Mahkemesi&#8217;nde g\u00f6r\u00fclen dava dosyas\u0131 ile bu dosyadaki maddi vakalar, hukuki sebepler ve talep ile sonu\u00e7lar\u0131n ayn\u0131 oldu\u011funu ifade etti. Mahkeme hakimi, dosya ile \u0130stanbul 14. Asliye Ticaret Mahkemesinin 2024\/768 esas say\u0131l\u0131 dosya ile ba\u011flant\u0131 bulundu\u011funu belirterek, her iki dosyan\u0131n birle\u015ftirilmesine ve yarg\u0131laman\u0131n \u0130stanbul 14. Asliye Ticaret Mahkemesinde devam\u0131na karar verdi. ALKAN VE EK\u0130B\u0130 MAHKEMEDE OLACAK Antalya K\u00f6rfez Gazetesi muhabiri Ertu\u011frul G\u00fcn&#8217;\u00fcn haberine duru\u015fma yar\u0131n g\u00f6r\u00fclecek. Antalya \u015eof\u00f6rler ve Otomobilciler Odas\u0131 Ba\u015fkan\u0131 Mehmet Alkan da duru\u015fmaya kat\u0131lmak \u00fczere bug\u00fcn \u0130stanbul\u2019a gitti. Alkan, \u201cBen, ekibim ve \u00e7ok say\u0131da esnaf arkada\u015f\u0131m ile yar\u0131n saat 14.00\u2019da \u0130stanbul adliyesinde olaca\u011f\u0131z. Antalya\u2019da \u2018kazand\u0131k\u2019 dedikleri duru\u015fman\u0131n devam\u0131 burada olacak. Kazanan birisi &hellip;<\/p>","protected":false},"author":5,"featured_media":0,"comment_status":"open","ping_status":"open","sticky":false,"template":"","format":"standard","meta":{"_acf_changed":false,"footnotes":""},"categories":[24],"tags":[],"class_list":["post-25663","post","type-post","status-publish","format-standard","has-post-thumbnail","hentry","category-gundem"],"acf":[],"yoast_head":"<!-- This site is optimized with the Yoast SEO Premium plugin v26.6 (Yoast SEO v27.1.1) - https:\/\/yoast.com\/product\/yoast-seo-premium-wordpress\/ -->\n<title>Antalya\u2019da beklenen g\u00fcn geldi! Binlerce taksicinin kula\u011f\u0131 \u0130stanbul\u2019da olacak - Av. Deniz Can K\u0131z\u0131l<\/title>\n<meta name=\"robots\" content=\"index, follow, max-snippet:-1, max-image-preview:large, max-video-preview:-1\" \/>\n<link rel=\"canonical\" href=\"https:\/\/denizcankizil.tr\/de\/haberler\/gundem\/antalyada-beklenen-gun-geldi-binlerce-taksicinin-kulagi-istanbulda-olacak\/\" \/>\n<meta property=\"og:locale\" content=\"de_DE\" \/>\n<meta property=\"og:type\" content=\"article\" \/>\n<meta property=\"og:title\" content=\"Antalya\u2019da beklenen g\u00fcn geldi! Binlerce taksicinin kula\u011f\u0131 \u0130stanbul\u2019da olacak\" \/>\n<meta property=\"og:description\" content=\"Antalya \u015eof\u00f6rler ve Otomobilciler Odas\u0131 bir s\u00fcre \u00f6nce Mart\u0131-TAG uygulanmas\u0131na eri\u015fim konulmas\u0131na y\u00f6nelik dava \u0130stanbul\u2019da devam eden dava ile birle\u015ftirilmesine karar verilmi\u015fti. Antalya\u2019da binlerce taksicinin g\u00f6z\u00fc kula\u011f\u0131 yar\u0131n g\u00f6r\u00fclecek olan duru\u015fmadan gelen haberde olacak. DURU\u015eMA YARIN \u0130STANBUL&#8217;DA\u00a0 Antalya ge\u00e7ti\u011fimiz g\u00fcnlerde 1. Asliye Ticaret Mahkemesi&#8217;nde g\u00f6r\u00fclen davan\u0131n 4. duru\u015fmas\u0131nda, davac\u0131 avukatlar\u0131, kar\u015f\u0131 taraf\u0131n dosyan\u0131n \u0130stanbul 14. Asliye Ticaret Mahkemesinin 2024\/768 esas say\u0131l\u0131 dosyas\u0131yla birle\u015ftirilmesi talebini kabul etmediklerini belirtti. Davac\u0131 avukatlar\u0131, her iki davan\u0131n davac\u0131 taraflar\u0131 ve neticeye ili\u015fkin taleplerinin birbirinden farkl\u0131 oldu\u011funu savunarak, delillerin toplanmas\u0131 ve tan\u0131klar\u0131n dinlenmesi talebinde bulundu. Daval\u0131 avukatlar\u0131 ise \u0130stanbul 14. Asliye Ticaret Mahkemesi&#8217;nde g\u00f6r\u00fclen dava dosyas\u0131 ile bu dosyadaki maddi vakalar, hukuki sebepler ve talep ile sonu\u00e7lar\u0131n ayn\u0131 oldu\u011funu ifade etti. Mahkeme hakimi, dosya ile \u0130stanbul 14. Asliye Ticaret Mahkemesinin 2024\/768 esas say\u0131l\u0131 dosya ile ba\u011flant\u0131 bulundu\u011funu belirterek, her iki dosyan\u0131n birle\u015ftirilmesine ve yarg\u0131laman\u0131n \u0130stanbul 14. Asliye Ticaret Mahkemesinde devam\u0131na karar verdi. ALKAN VE EK\u0130B\u0130 MAHKEMEDE OLACAK Antalya K\u00f6rfez Gazetesi muhabiri Ertu\u011frul G\u00fcn&#8217;\u00fcn haberine duru\u015fma yar\u0131n g\u00f6r\u00fclecek. Antalya \u015eof\u00f6rler ve Otomobilciler Odas\u0131 Ba\u015fkan\u0131 Mehmet Alkan da duru\u015fmaya kat\u0131lmak \u00fczere bug\u00fcn \u0130stanbul\u2019a gitti. Alkan, \u201cBen, ekibim ve \u00e7ok say\u0131da esnaf arkada\u015f\u0131m ile yar\u0131n saat 14.00\u2019da \u0130stanbul adliyesinde olaca\u011f\u0131z. Antalya\u2019da \u2018kazand\u0131k\u2019 dedikleri duru\u015fman\u0131n devam\u0131 burada olacak. Kazanan birisi &hellip;\" \/>\n<meta property=\"og:url\" content=\"https:\/\/denizcankizil.tr\/de\/haberler\/gundem\/antalyada-beklenen-gun-geldi-binlerce-taksicinin-kulagi-istanbulda-olacak\/\" \/>\n<meta property=\"og:site_name\" content=\"Av. Deniz Can K\u0131z\u0131l\" \/>\n<meta property=\"article:published_time\" content=\"2025-01-16T12:41:27+00:00\" \/>\n<meta name=\"author\" content=\"Antalya K\u00f6rfez\" \/>\n<meta name=\"twitter:card\" content=\"summary_large_image\" \/>\n<meta name=\"twitter:label1\" content=\"Verfasst von\" \/>\n\t<meta name=\"twitter:data1\" content=\"Antalya K\u00f6rfez\" \/>\n\t<meta name=\"twitter:label2\" content=\"Gesch\u00e4tzte Lesezeit\" \/>\n\t<meta name=\"twitter:data2\" content=\"2\u00a0Minuten\" \/>\n<script type=\"application\/ld+json\" class=\"yoast-schema-graph\">{\"@context\":\"https:\/\/schema.org\",\"@graph\":[{\"@type\":\"Article\",\"@id\":\"https:\/\/denizcankizil.tr\/de\/haberler\/gundem\/antalyada-beklenen-gun-geldi-binlerce-taksicinin-kulagi-istanbulda-olacak\/#article\",\"isPartOf\":{\"@id\":\"https:\/\/denizcankizil.tr\/de\/haberler\/gundem\/antalyada-beklenen-gun-geldi-binlerce-taksicinin-kulagi-istanbulda-olacak\/\"},\"author\":{\"name\":\"Antalya K\u00f6rfez\",\"@id\":\"https:\/\/denizcankizil.tr\/#\/schema\/person\/e1eb71bb4dd684d46563f0af307e1234\"},\"headline\":\"Antalya\u2019da beklenen g\u00fcn geldi! Binlerce taksicinin kula\u011f\u0131 \u0130stanbul\u2019da olacak\",\"datePublished\":\"2025-01-16T12:41:27+00:00\",\"mainEntityOfPage\":{\"@id\":\"https:\/\/denizcankizil.tr\/de\/haberler\/gundem\/antalyada-beklenen-gun-geldi-binlerce-taksicinin-kulagi-istanbulda-olacak\/\"},\"wordCount\":408,\"commentCount\":0,\"publisher\":{\"@id\":\"https:\/\/denizcankizil.tr\/#organization\"},\"articleSection\":[\"G\u00fcndem\"],\"inLanguage\":\"de\",\"potentialAction\":[{\"@type\":\"CommentAction\",\"name\":\"Comment\",\"target\":[\"https:\/\/denizcankizil.tr\/de\/haberler\/gundem\/antalyada-beklenen-gun-geldi-binlerce-taksicinin-kulagi-istanbulda-olacak\/#respond\"]}]},{\"@type\":\"WebPage\",\"@id\":\"https:\/\/denizcankizil.tr\/de\/haberler\/gundem\/antalyada-beklenen-gun-geldi-binlerce-taksicinin-kulagi-istanbulda-olacak\/\",\"url\":\"https:\/\/denizcankizil.tr\/de\/haberler\/gundem\/antalyada-beklenen-gun-geldi-binlerce-taksicinin-kulagi-istanbulda-olacak\/\",\"name\":\"Antalya\u2019da beklenen g\u00fcn geldi! Binlerce taksicinin kula\u011f\u0131 \u0130stanbul\u2019da olacak - Av. Deniz Can K\u0131z\u0131l\",\"isPartOf\":{\"@id\":\"https:\/\/denizcankizil.tr\/#website\"},\"datePublished\":\"2025-01-16T12:41:27+00:00\",\"breadcrumb\":{\"@id\":\"https:\/\/denizcankizil.tr\/de\/haberler\/gundem\/antalyada-beklenen-gun-geldi-binlerce-taksicinin-kulagi-istanbulda-olacak\/#breadcrumb\"},\"inLanguage\":\"de\",\"potentialAction\":[{\"@type\":\"ReadAction\",\"target\":[\"https:\/\/denizcankizil.tr\/de\/haberler\/gundem\/antalyada-beklenen-gun-geldi-binlerce-taksicinin-kulagi-istanbulda-olacak\/\"]}]},{\"@type\":\"BreadcrumbList\",\"@id\":\"https:\/\/denizcankizil.tr\/de\/haberler\/gundem\/antalyada-beklenen-gun-geldi-binlerce-taksicinin-kulagi-istanbulda-olacak\/#breadcrumb\",\"itemListElement\":[{\"@type\":\"ListItem\",\"position\":1,\"name\":\"Home\",\"item\":\"https:\/\/denizcankizil.tr\/uk\/\"},{\"@type\":\"ListItem\",\"position\":2,\"name\":\"Antalya\u2019da beklenen g\u00fcn geldi! Binlerce taksicinin kula\u011f\u0131 \u0130stanbul\u2019da olacak\"}]},{\"@type\":\"WebSite\",\"@id\":\"https:\/\/denizcankizil.tr\/#website\",\"url\":\"https:\/\/denizcankizil.tr\/\",\"name\":\"Av. Deniz Can K\u0131z\u0131l\",\"description\":\"Avukat Deniz Can K\u0131z\u0131l Antalya Barosu\",\"publisher\":{\"@id\":\"https:\/\/denizcankizil.tr\/#organization\"},\"potentialAction\":[{\"@type\":\"SearchAction\",\"target\":{\"@type\":\"EntryPoint\",\"urlTemplate\":\"https:\/\/denizcankizil.tr\/?s={search_term_string}\"},\"query-input\":{\"@type\":\"PropertyValueSpecification\",\"valueRequired\":true,\"valueName\":\"search_term_string\"}}],\"inLanguage\":\"de\"},{\"@type\":\"Organization\",\"@id\":\"https:\/\/denizcankizil.tr\/#organization\",\"name\":\"Av. Deniz Can K\u0131z\u0131l\",\"url\":\"https:\/\/denizcankizil.tr\/\",\"logo\":{\"@type\":\"ImageObject\",\"inLanguage\":\"de\",\"@id\":\"https:\/\/denizcankizil.tr\/#\/schema\/logo\/image\/\",\"url\":\"https:\/\/denizcankizil.tr\/wp-content\/uploads\/2024\/10\/siyah-logo-svg.svg\",\"contentUrl\":\"https:\/\/denizcankizil.tr\/wp-content\/uploads\/2024\/10\/siyah-logo-svg.svg\",\"width\":1080,\"height\":1080,\"caption\":\"Av. Deniz Can K\u0131z\u0131l\"},\"image\":{\"@id\":\"https:\/\/denizcankizil.tr\/#\/schema\/logo\/image\/\"}},{\"@type\":\"Person\",\"@id\":\"https:\/\/denizcankizil.tr\/#\/schema\/person\/e1eb71bb4dd684d46563f0af307e1234\",\"name\":\"Antalya K\u00f6rfez\",\"image\":{\"@type\":\"ImageObject\",\"inLanguage\":\"de\",\"@id\":\"https:\/\/denizcankizil.tr\/#\/schema\/person\/image\/\",\"url\":\"https:\/\/secure.gravatar.com\/avatar\/42b01982558a48a0b501fdcab6a408d3717ea5919095ee2e67b0e521799c5905?s=96&d=mm&r=g\",\"contentUrl\":\"https:\/\/secure.gravatar.com\/avatar\/42b01982558a48a0b501fdcab6a408d3717ea5919095ee2e67b0e521799c5905?s=96&d=mm&r=g\",\"caption\":\"Antalya K\u00f6rfez\"},\"sameAs\":[\"http:\/\/www.antalyakorfez.com\"],\"url\":\"https:\/\/www.antalyakorfez.com\/antalyada-beklenen-gun-geldi-binlerce-taksicinin-kulagi-istanbulda-olacak\"}]}<\/script>\n<!-- \/ Yoast SEO Premium plugin. -->","yoast_head_json":{"title":"Antalya\u2019da beklenen g\u00fcn geldi! Binlerce taksicinin kula\u011f\u0131 \u0130stanbul\u2019da olacak - Av. Deniz Can K\u0131z\u0131l","robots":{"index":"index","follow":"follow","max-snippet":"max-snippet:-1","max-image-preview":"max-image-preview:large","max-video-preview":"max-video-preview:-1"},"canonical":"https:\/\/denizcankizil.tr\/de\/haberler\/gundem\/antalyada-beklenen-gun-geldi-binlerce-taksicinin-kulagi-istanbulda-olacak\/","og_locale":"de_DE","og_type":"article","og_title":"Antalya\u2019da beklenen g\u00fcn geldi! Binlerce taksicinin kula\u011f\u0131 \u0130stanbul\u2019da olacak","og_description":"Antalya \u015eof\u00f6rler ve Otomobilciler Odas\u0131 bir s\u00fcre \u00f6nce Mart\u0131-TAG uygulanmas\u0131na eri\u015fim konulmas\u0131na y\u00f6nelik dava \u0130stanbul\u2019da devam eden dava ile birle\u015ftirilmesine karar verilmi\u015fti. Antalya\u2019da binlerce taksicinin g\u00f6z\u00fc kula\u011f\u0131 yar\u0131n g\u00f6r\u00fclecek olan duru\u015fmadan gelen haberde olacak. DURU\u015eMA YARIN \u0130STANBUL&#8217;DA\u00a0 Antalya ge\u00e7ti\u011fimiz g\u00fcnlerde 1. Asliye Ticaret Mahkemesi&#8217;nde g\u00f6r\u00fclen davan\u0131n 4. duru\u015fmas\u0131nda, davac\u0131 avukatlar\u0131, kar\u015f\u0131 taraf\u0131n dosyan\u0131n \u0130stanbul 14. Asliye Ticaret Mahkemesinin 2024\/768 esas say\u0131l\u0131 dosyas\u0131yla birle\u015ftirilmesi talebini kabul etmediklerini belirtti. Davac\u0131 avukatlar\u0131, her iki davan\u0131n davac\u0131 taraflar\u0131 ve neticeye ili\u015fkin taleplerinin birbirinden farkl\u0131 oldu\u011funu savunarak, delillerin toplanmas\u0131 ve tan\u0131klar\u0131n dinlenmesi talebinde bulundu. Daval\u0131 avukatlar\u0131 ise \u0130stanbul 14. Asliye Ticaret Mahkemesi&#8217;nde g\u00f6r\u00fclen dava dosyas\u0131 ile bu dosyadaki maddi vakalar, hukuki sebepler ve talep ile sonu\u00e7lar\u0131n ayn\u0131 oldu\u011funu ifade etti. Mahkeme hakimi, dosya ile \u0130stanbul 14. Asliye Ticaret Mahkemesinin 2024\/768 esas say\u0131l\u0131 dosya ile ba\u011flant\u0131 bulundu\u011funu belirterek, her iki dosyan\u0131n birle\u015ftirilmesine ve yarg\u0131laman\u0131n \u0130stanbul 14. Asliye Ticaret Mahkemesinde devam\u0131na karar verdi. ALKAN VE EK\u0130B\u0130 MAHKEMEDE OLACAK Antalya K\u00f6rfez Gazetesi muhabiri Ertu\u011frul G\u00fcn&#8217;\u00fcn haberine duru\u015fma yar\u0131n g\u00f6r\u00fclecek. Antalya \u015eof\u00f6rler ve Otomobilciler Odas\u0131 Ba\u015fkan\u0131 Mehmet Alkan da duru\u015fmaya kat\u0131lmak \u00fczere bug\u00fcn \u0130stanbul\u2019a gitti. Alkan, \u201cBen, ekibim ve \u00e7ok say\u0131da esnaf arkada\u015f\u0131m ile yar\u0131n saat 14.00\u2019da \u0130stanbul adliyesinde olaca\u011f\u0131z. Antalya\u2019da \u2018kazand\u0131k\u2019 dedikleri duru\u015fman\u0131n devam\u0131 burada olacak. Kazanan birisi &hellip;","og_url":"https:\/\/denizcankizil.tr\/de\/haberler\/gundem\/antalyada-beklenen-gun-geldi-binlerce-taksicinin-kulagi-istanbulda-olacak\/","og_site_name":"Av. Deniz Can K\u0131z\u0131l","article_published_time":"2025-01-16T12:41:27+00:00","author":"Antalya K\u00f6rfez","twitter_card":"summary_large_image","twitter_misc":{"Verfasst von":"Antalya K\u00f6rfez","Gesch\u00e4tzte Lesezeit":"2\u00a0Minuten"},"schema":{"@context":"https:\/\/schema.org","@graph":[{"@type":"Article","@id":"https:\/\/denizcankizil.tr\/de\/haberler\/gundem\/antalyada-beklenen-gun-geldi-binlerce-taksicinin-kulagi-istanbulda-olacak\/#article","isPartOf":{"@id":"https:\/\/denizcankizil.tr\/de\/haberler\/gundem\/antalyada-beklenen-gun-geldi-binlerce-taksicinin-kulagi-istanbulda-olacak\/"},"author":{"name":"Antalya K\u00f6rfez","@id":"https:\/\/denizcankizil.tr\/#\/schema\/person\/e1eb71bb4dd684d46563f0af307e1234"},"headline":"Antalya\u2019da beklenen g\u00fcn geldi! Binlerce taksicinin kula\u011f\u0131 \u0130stanbul\u2019da olacak","datePublished":"2025-01-16T12:41:27+00:00","mainEntityOfPage":{"@id":"https:\/\/denizcankizil.tr\/de\/haberler\/gundem\/antalyada-beklenen-gun-geldi-binlerce-taksicinin-kulagi-istanbulda-olacak\/"},"wordCount":408,"commentCount":0,"publisher":{"@id":"https:\/\/denizcankizil.tr\/#organization"},"articleSection":["G\u00fcndem"],"inLanguage":"de","potentialAction":[{"@type":"CommentAction","name":"Comment","target":["https:\/\/denizcankizil.tr\/de\/haberler\/gundem\/antalyada-beklenen-gun-geldi-binlerce-taksicinin-kulagi-istanbulda-olacak\/#respond"]}]},{"@type":"WebPage","@id":"https:\/\/denizcankizil.tr\/de\/haberler\/gundem\/antalyada-beklenen-gun-geldi-binlerce-taksicinin-kulagi-istanbulda-olacak\/","url":"https:\/\/denizcankizil.tr\/de\/haberler\/gundem\/antalyada-beklenen-gun-geldi-binlerce-taksicinin-kulagi-istanbulda-olacak\/","name":"Antalya\u2019da beklenen g\u00fcn geldi! Binlerce taksicinin kula\u011f\u0131 \u0130stanbul\u2019da olacak - Av. Deniz Can K\u0131z\u0131l","isPartOf":{"@id":"https:\/\/denizcankizil.tr\/#website"},"datePublished":"2025-01-16T12:41:27+00:00","breadcrumb":{"@id":"https:\/\/denizcankizil.tr\/de\/haberler\/gundem\/antalyada-beklenen-gun-geldi-binlerce-taksicinin-kulagi-istanbulda-olacak\/#breadcrumb"},"inLanguage":"de","potentialAction":[{"@type":"ReadAction","target":["https:\/\/denizcankizil.tr\/de\/haberler\/gundem\/antalyada-beklenen-gun-geldi-binlerce-taksicinin-kulagi-istanbulda-olacak\/"]}]},{"@type":"BreadcrumbList","@id":"https:\/\/denizcankizil.tr\/de\/haberler\/gundem\/antalyada-beklenen-gun-geldi-binlerce-taksicinin-kulagi-istanbulda-olacak\/#breadcrumb","itemListElement":[{"@type":"ListItem","position":1,"name":"Home","item":"https:\/\/denizcankizil.tr\/uk\/"},{"@type":"ListItem","position":2,"name":"Antalya\u2019da beklenen g\u00fcn geldi! Binlerce taksicinin kula\u011f\u0131 \u0130stanbul\u2019da olacak"}]},{"@type":"WebSite","@id":"https:\/\/denizcankizil.tr\/#website","url":"https:\/\/denizcankizil.tr\/","name":"Av. Deniz Can K\u0131z\u0131l","description":"Avukat Deniz Can K\u0131z\u0131l Antalya Barosu","publisher":{"@id":"https:\/\/denizcankizil.tr\/#organization"},"potentialAction":[{"@type":"SearchAction","target":{"@type":"EntryPoint","urlTemplate":"https:\/\/denizcankizil.tr\/?s={search_term_string}"},"query-input":{"@type":"PropertyValueSpecification","valueRequired":true,"valueName":"search_term_string"}}],"inLanguage":"de"},{"@type":"Organization","@id":"https:\/\/denizcankizil.tr\/#organization","name":"Av. Deniz Can K\u0131z\u0131l","url":"https:\/\/denizcankizil.tr\/","logo":{"@type":"ImageObject","inLanguage":"de","@id":"https:\/\/denizcankizil.tr\/#\/schema\/logo\/image\/","url":"https:\/\/denizcankizil.tr\/wp-content\/uploads\/2024\/10\/siyah-logo-svg.svg","contentUrl":"https:\/\/denizcankizil.tr\/wp-content\/uploads\/2024\/10\/siyah-logo-svg.svg","width":1080,"height":1080,"caption":"Av. Deniz Can K\u0131z\u0131l"},"image":{"@id":"https:\/\/denizcankizil.tr\/#\/schema\/logo\/image\/"}},{"@type":"Person","@id":"https:\/\/denizcankizil.tr\/#\/schema\/person\/e1eb71bb4dd684d46563f0af307e1234","name":"Antalya K\u00f6rfez","image":{"@type":"ImageObject","inLanguage":"de","@id":"https:\/\/denizcankizil.tr\/#\/schema\/person\/image\/","url":"https:\/\/secure.gravatar.com\/avatar\/42b01982558a48a0b501fdcab6a408d3717ea5919095ee2e67b0e521799c5905?s=96&d=mm&r=g","contentUrl":"https:\/\/secure.gravatar.com\/avatar\/42b01982558a48a0b501fdcab6a408d3717ea5919095ee2e67b0e521799c5905?s=96&d=mm&r=g","caption":"Antalya K\u00f6rfez"},"sameAs":["http:\/\/www.antalyakorfez.com"],"url":"https:\/\/www.antalyakorfez.com\/antalyada-beklenen-gun-geldi-binlerce-taksicinin-kulagi-istanbulda-olacak"}]}},"_links":{"self":[{"href":"https:\/\/denizcankizil.tr\/de\/wp-json\/wp\/v2\/posts\/25663","targetHints":{"allow":["GET"]}}],"collection":[{"href":"https:\/\/denizcankizil.tr\/de\/wp-json\/wp\/v2\/posts"}],"about":[{"href":"https:\/\/denizcankizil.tr\/de\/wp-json\/wp\/v2\/types\/post"}],"author":[{"embeddable":true,"href":"https:\/\/denizcankizil.tr\/de\/wp-json\/wp\/v2\/users\/5"}],"replies":[{"embeddable":true,"href":"https:\/\/denizcankizil.tr\/de\/wp-json\/wp\/v2\/comments?post=25663"}],"version-history":[{"count":0,"href":"https:\/\/denizcankizil.tr\/de\/wp-json\/wp\/v2\/posts\/25663\/revisions"}],"wp:attachment":[{"href":"https:\/\/denizcankizil.tr\/de\/wp-json\/wp\/v2\/media?parent=25663"}],"wp:term":[{"taxonomy":"category","embeddable":true,"href":"https:\/\/denizcankizil.tr\/de\/wp-json\/wp\/v2\/categories?post=25663"},{"taxonomy":"post_tag","embeddable":true,"href":"https:\/\/denizcankizil.tr\/de\/wp-json\/wp\/v2\/tags?post=25663"}],"curies":[{"name":"wp","href":"https:\/\/api.w.org\/{rel}","templated":true}]}}