{"id":25654,"date":"2025-01-16T14:41:41","date_gmt":"2025-01-16T11:41:41","guid":{"rendered":"https:\/\/denizcankizil.tr\/uncategorized-tr\/kacak-yapilarin-yikiminda-gergin-anlar-yasandi\/"},"modified":"2025-01-16T14:41:41","modified_gmt":"2025-01-16T11:41:41","slug":"kacak-yapilarin-yikiminda-gergin-anlar-yasandi","status":"publish","type":"post","link":"https:\/\/denizcankizil.tr\/de\/haberler\/antalya\/kacak-yapilarin-yikiminda-gergin-anlar-yasandi\/","title":{"rendered":"Ka\u00e7ak yap\u0131lar\u0131n y\u0131k\u0131m\u0131nda gergin anlar ya\u015fand\u0131"},"content":{"rendered":"<p>Kepez il\u00e7esi Gaziler Mahallesi 28254 ada 459 parselde bulunan ka\u00e7ak yap\u0131larla ilgili savc\u0131l\u0131\u011f\u0131n talimat\u0131 ile \u0130l\u00e7e Jandarma Komutanl\u0131\u011f\u0131 taraf\u0131ndan yap\u0131lan kontrollerin ard\u0131ndan enc\u00fcmen taraf\u0131ndan y\u0131k\u0131m karar\u0131 al\u0131nd\u0131. Yap\u0131 sahiplerine karar\u0131n tebli\u011f edilmesinin ard\u0131ndan verilen s\u00fcre i\u00e7inde y\u0131k\u0131mlar ger\u00e7ekle\u015fmeyince ka\u00e7ak 21 yap\u0131 y\u0131k\u0131ld\u0131. Jandarma ekiplerinin yo\u011fun g\u00fcvenlik \u00f6nlemleri ald\u0131\u011f\u0131 y\u0131k\u0131m s\u0131ras\u0131nda tansiyon y\u00fckseldi. Mahalle sakinlerinden biri, elinde orakla evinin \u00e7at\u0131s\u0131na \u00e7\u0131karak g\u00fcvenlik g\u00fc\u00e7lerini engellemeye \u00e7al\u0131\u015ft\u0131. Gerginlik, bir kad\u0131n\u0131n y\u0131k\u0131ma m\u00fcdahale etmesi ile daha da artt\u0131. Jandarma ekipleri, kad\u0131n\u0131 sakinle\u015ftirerek olay yerinden uzakla\u015ft\u0131rmaya \u00e7al\u0131\u015ft\u0131. \u00c7at\u0131ya \u00e7\u0131kan \u015fah\u0131s ise, uzun s\u00fcren ikna \u00e7abalar\u0131n\u0131n ard\u0131ndan \u00e7at\u0131dan indirildi. Evinden \u00e7\u0131kmak istemeyen bir vatanda\u015f da jandarma taraf\u0131ndan g\u00fc\u00e7l\u00fckle evden \u00e7\u0131kart\u0131l\u0131rken, bir kad\u0131n bayg\u0131nl\u0131k ge\u00e7irdi.<\/p>\n<p>Vatanda\u015flar, y\u0131k\u0131m\u0131n kendilerine verilen s\u00f6zlere ayk\u0131r\u0131 bir \u015fekilde ger\u00e7ekle\u015fti\u011fini iddia etti. Y\u0131k\u0131mlar sonras\u0131 sokakta kalan mahalle sakinleri, duruma tepki g\u00f6sterdi. Mahalle sakinlerinden Kadir Ali \u00d6zdemir, belediyenin kendilerine se\u00e7im d\u00f6nemi boyunca y\u0131k\u0131m yap\u0131lmayaca\u011f\u0131na dair s\u00f6z verdi\u011fini iddia ederek, \u201cBuras\u0131 bizim y\u0131llard\u0131r oturdu\u011fumuz yer. Ka\u00e7ak olarak yap\u0131ld\u0131 ama bize y\u0131k\u0131m yap\u0131lmayaca\u011f\u0131 s\u00f6z\u00fc verildi. Sonra evlerimizi y\u0131kt\u0131lar&#8221; dedi.<br \/>\nBir mahalle sakini kad\u0131n ise, y\u0131k\u0131m\u0131n kendilerini \u00e7aresiz b\u0131rakt\u0131\u011f\u0131n\u0131 belirterek, \u201cElimizde avucumuzda ne varsa kaybettik. Benim emekli maa\u015f\u0131mla kiram\u0131 m\u0131 \u00f6deyeyim, hasta \u00e7ocu\u011fuma m\u0131 bakay\u0131m?\u201d diye konu\u015ftu.<\/p>\n<p>Kaynak: www.kanalv.com.tr Haber Sitesinden Al\u0131nm\u0131\u015ft\u0131r.<\/p>","protected":false},"excerpt":{"rendered":"<p>Kepez il\u00e7esi Gaziler Mahallesi 28254 ada 459 parselde bulunan ka\u00e7ak yap\u0131larla ilgili savc\u0131l\u0131\u011f\u0131n talimat\u0131 ile \u0130l\u00e7e Jandarma Komutanl\u0131\u011f\u0131 taraf\u0131ndan yap\u0131lan kontrollerin ard\u0131ndan enc\u00fcmen taraf\u0131ndan y\u0131k\u0131m karar\u0131 al\u0131nd\u0131. Yap\u0131 sahiplerine karar\u0131n tebli\u011f edilmesinin ard\u0131ndan verilen s\u00fcre i\u00e7inde y\u0131k\u0131mlar ger\u00e7ekle\u015fmeyince ka\u00e7ak 21 yap\u0131 y\u0131k\u0131ld\u0131. Jandarma ekiplerinin yo\u011fun g\u00fcvenlik \u00f6nlemleri ald\u0131\u011f\u0131 y\u0131k\u0131m s\u0131ras\u0131nda tansiyon y\u00fckseldi. Mahalle sakinlerinden biri, elinde orakla evinin \u00e7at\u0131s\u0131na \u00e7\u0131karak g\u00fcvenlik g\u00fc\u00e7lerini engellemeye \u00e7al\u0131\u015ft\u0131. Gerginlik, bir kad\u0131n\u0131n y\u0131k\u0131ma m\u00fcdahale etmesi ile daha da artt\u0131. Jandarma ekipleri, kad\u0131n\u0131 sakinle\u015ftirerek olay yerinden uzakla\u015ft\u0131rmaya \u00e7al\u0131\u015ft\u0131. \u00c7at\u0131ya \u00e7\u0131kan \u015fah\u0131s ise, uzun s\u00fcren ikna \u00e7abalar\u0131n\u0131n ard\u0131ndan \u00e7at\u0131dan indirildi. Evinden \u00e7\u0131kmak istemeyen bir vatanda\u015f da jandarma taraf\u0131ndan g\u00fc\u00e7l\u00fckle evden \u00e7\u0131kart\u0131l\u0131rken, bir kad\u0131n bayg\u0131nl\u0131k ge\u00e7irdi. Vatanda\u015flar, y\u0131k\u0131m\u0131n kendilerine verilen s\u00f6zlere ayk\u0131r\u0131 bir \u015fekilde ger\u00e7ekle\u015fti\u011fini iddia etti. Y\u0131k\u0131mlar sonras\u0131 sokakta kalan mahalle sakinleri, duruma tepki g\u00f6sterdi. Mahalle sakinlerinden Kadir Ali \u00d6zdemir, belediyenin kendilerine se\u00e7im d\u00f6nemi boyunca y\u0131k\u0131m yap\u0131lmayaca\u011f\u0131na dair s\u00f6z verdi\u011fini iddia ederek, \u201cBuras\u0131 bizim y\u0131llard\u0131r oturdu\u011fumuz yer. Ka\u00e7ak olarak yap\u0131ld\u0131 ama bize y\u0131k\u0131m yap\u0131lmayaca\u011f\u0131 s\u00f6z\u00fc verildi. Sonra evlerimizi y\u0131kt\u0131lar&#8221; dedi. Bir mahalle sakini kad\u0131n ise, y\u0131k\u0131m\u0131n kendilerini \u00e7aresiz b\u0131rakt\u0131\u011f\u0131n\u0131 belirterek, \u201cElimizde avucumuzda ne varsa kaybettik. Benim emekli maa\u015f\u0131mla kiram\u0131 m\u0131 \u00f6deyeyim, hasta \u00e7ocu\u011fuma m\u0131 bakay\u0131m?\u201d diye konu\u015ftu. Kaynak: www.kanalv.com.tr Haber Sitesinden Al\u0131nm\u0131\u015ft\u0131r.<\/p>","protected":false},"author":4,"featured_media":25655,"comment_status":"open","ping_status":"open","sticky":false,"template":"","format":"standard","meta":{"_acf_changed":false,"footnotes":""},"categories":[26],"tags":[],"class_list":["post-25654","post","type-post","status-publish","format-standard","has-post-thumbnail","hentry","category-antalya"],"acf":[],"yoast_head":"<!-- This site is optimized with the Yoast SEO Premium plugin v26.6 (Yoast SEO v27.1.1) - https:\/\/yoast.com\/product\/yoast-seo-premium-wordpress\/ -->\n<title>Ka\u00e7ak yap\u0131lar\u0131n y\u0131k\u0131m\u0131nda gergin anlar ya\u015fand\u0131 - Av. Deniz Can K\u0131z\u0131l<\/title>\n<meta name=\"robots\" content=\"index, follow, max-snippet:-1, max-image-preview:large, max-video-preview:-1\" \/>\n<link rel=\"canonical\" href=\"https:\/\/denizcankizil.tr\/de\/haberler\/antalya\/kacak-yapilarin-yikiminda-gergin-anlar-yasandi\/\" \/>\n<meta property=\"og:locale\" content=\"de_DE\" \/>\n<meta property=\"og:type\" content=\"article\" \/>\n<meta property=\"og:title\" content=\"Ka\u00e7ak yap\u0131lar\u0131n y\u0131k\u0131m\u0131nda gergin anlar ya\u015fand\u0131\" \/>\n<meta property=\"og:description\" content=\"Kepez il\u00e7esi Gaziler Mahallesi 28254 ada 459 parselde bulunan ka\u00e7ak yap\u0131larla ilgili savc\u0131l\u0131\u011f\u0131n talimat\u0131 ile \u0130l\u00e7e Jandarma Komutanl\u0131\u011f\u0131 taraf\u0131ndan yap\u0131lan kontrollerin ard\u0131ndan enc\u00fcmen taraf\u0131ndan y\u0131k\u0131m karar\u0131 al\u0131nd\u0131. Yap\u0131 sahiplerine karar\u0131n tebli\u011f edilmesinin ard\u0131ndan verilen s\u00fcre i\u00e7inde y\u0131k\u0131mlar ger\u00e7ekle\u015fmeyince ka\u00e7ak 21 yap\u0131 y\u0131k\u0131ld\u0131. Jandarma ekiplerinin yo\u011fun g\u00fcvenlik \u00f6nlemleri ald\u0131\u011f\u0131 y\u0131k\u0131m s\u0131ras\u0131nda tansiyon y\u00fckseldi. Mahalle sakinlerinden biri, elinde orakla evinin \u00e7at\u0131s\u0131na \u00e7\u0131karak g\u00fcvenlik g\u00fc\u00e7lerini engellemeye \u00e7al\u0131\u015ft\u0131. Gerginlik, bir kad\u0131n\u0131n y\u0131k\u0131ma m\u00fcdahale etmesi ile daha da artt\u0131. Jandarma ekipleri, kad\u0131n\u0131 sakinle\u015ftirerek olay yerinden uzakla\u015ft\u0131rmaya \u00e7al\u0131\u015ft\u0131. \u00c7at\u0131ya \u00e7\u0131kan \u015fah\u0131s ise, uzun s\u00fcren ikna \u00e7abalar\u0131n\u0131n ard\u0131ndan \u00e7at\u0131dan indirildi. Evinden \u00e7\u0131kmak istemeyen bir vatanda\u015f da jandarma taraf\u0131ndan g\u00fc\u00e7l\u00fckle evden \u00e7\u0131kart\u0131l\u0131rken, bir kad\u0131n bayg\u0131nl\u0131k ge\u00e7irdi. Vatanda\u015flar, y\u0131k\u0131m\u0131n kendilerine verilen s\u00f6zlere ayk\u0131r\u0131 bir \u015fekilde ger\u00e7ekle\u015fti\u011fini iddia etti. Y\u0131k\u0131mlar sonras\u0131 sokakta kalan mahalle sakinleri, duruma tepki g\u00f6sterdi. Mahalle sakinlerinden Kadir Ali \u00d6zdemir, belediyenin kendilerine se\u00e7im d\u00f6nemi boyunca y\u0131k\u0131m yap\u0131lmayaca\u011f\u0131na dair s\u00f6z verdi\u011fini iddia ederek, \u201cBuras\u0131 bizim y\u0131llard\u0131r oturdu\u011fumuz yer. Ka\u00e7ak olarak yap\u0131ld\u0131 ama bize y\u0131k\u0131m yap\u0131lmayaca\u011f\u0131 s\u00f6z\u00fc verildi. Sonra evlerimizi y\u0131kt\u0131lar&#8221; dedi. Bir mahalle sakini kad\u0131n ise, y\u0131k\u0131m\u0131n kendilerini \u00e7aresiz b\u0131rakt\u0131\u011f\u0131n\u0131 belirterek, \u201cElimizde avucumuzda ne varsa kaybettik. Benim emekli maa\u015f\u0131mla kiram\u0131 m\u0131 \u00f6deyeyim, hasta \u00e7ocu\u011fuma m\u0131 bakay\u0131m?\u201d diye konu\u015ftu. Kaynak: www.kanalv.com.tr Haber Sitesinden Al\u0131nm\u0131\u015ft\u0131r.\" \/>\n<meta property=\"og:url\" content=\"https:\/\/denizcankizil.tr\/de\/haberler\/antalya\/kacak-yapilarin-yikiminda-gergin-anlar-yasandi\/\" \/>\n<meta property=\"og:site_name\" content=\"Av. Deniz Can K\u0131z\u0131l\" \/>\n<meta property=\"article:published_time\" content=\"2025-01-16T11:41:41+00:00\" \/>\n<meta property=\"og:image\" content=\"https:\/\/denizcankizil.tr\/wp-content\/uploads\/2025\/01\/4188-01-KYbIDt.jpeg\" \/>\n\t<meta property=\"og:image:width\" content=\"1280\" \/>\n\t<meta property=\"og:image:height\" content=\"720\" \/>\n\t<meta property=\"og:image:type\" content=\"image\/jpeg\" \/>\n<meta name=\"author\" content=\"Av. Deniz Can K\u0131z\u0131l\" \/>\n<meta name=\"twitter:card\" content=\"summary_large_image\" \/>\n<meta name=\"twitter:label1\" content=\"Verfasst von\" \/>\n\t<meta name=\"twitter:data1\" content=\"Av. Deniz Can K\u0131z\u0131l\" \/>\n\t<meta name=\"twitter:label2\" content=\"Gesch\u00e4tzte Lesezeit\" \/>\n\t<meta name=\"twitter:data2\" content=\"2\u00a0Minuten\" \/>\n<script type=\"application\/ld+json\" class=\"yoast-schema-graph\">{\"@context\":\"https:\/\/schema.org\",\"@graph\":[{\"@type\":\"Article\",\"@id\":\"https:\/\/denizcankizil.tr\/de\/haberler\/antalya\/kacak-yapilarin-yikiminda-gergin-anlar-yasandi\/#article\",\"isPartOf\":{\"@id\":\"https:\/\/denizcankizil.tr\/de\/haberler\/antalya\/kacak-yapilarin-yikiminda-gergin-anlar-yasandi\/\"},\"author\":{\"name\":\"Av. Deniz Can K\u0131z\u0131l\",\"@id\":\"https:\/\/denizcankizil.tr\/de\/#\/schema\/person\/5dc1b22991bd7ac833867c10afc9b0ff\"},\"headline\":\"Ka\u00e7ak yap\u0131lar\u0131n y\u0131k\u0131m\u0131nda gergin anlar ya\u015fand\u0131\",\"datePublished\":\"2025-01-16T11:41:41+00:00\",\"mainEntityOfPage\":{\"@id\":\"https:\/\/denizcankizil.tr\/de\/haberler\/antalya\/kacak-yapilarin-yikiminda-gergin-anlar-yasandi\/\"},\"wordCount\":315,\"commentCount\":0,\"publisher\":{\"@id\":\"https:\/\/denizcankizil.tr\/de\/#organization\"},\"image\":{\"@id\":\"https:\/\/denizcankizil.tr\/de\/haberler\/antalya\/kacak-yapilarin-yikiminda-gergin-anlar-yasandi\/#primaryimage\"},\"thumbnailUrl\":\"https:\/\/denizcankizil.tr\/wp-content\/uploads\/2025\/01\/4188-01-KYbIDt.jpeg\",\"articleSection\":[\"Antalya\"],\"inLanguage\":\"de\",\"potentialAction\":[{\"@type\":\"CommentAction\",\"name\":\"Comment\",\"target\":[\"https:\/\/denizcankizil.tr\/de\/haberler\/antalya\/kacak-yapilarin-yikiminda-gergin-anlar-yasandi\/#respond\"]}]},{\"@type\":\"WebPage\",\"@id\":\"https:\/\/denizcankizil.tr\/de\/haberler\/antalya\/kacak-yapilarin-yikiminda-gergin-anlar-yasandi\/\",\"url\":\"https:\/\/denizcankizil.tr\/de\/haberler\/antalya\/kacak-yapilarin-yikiminda-gergin-anlar-yasandi\/\",\"name\":\"Ka\u00e7ak yap\u0131lar\u0131n y\u0131k\u0131m\u0131nda gergin anlar ya\u015fand\u0131 - Av. Deniz Can K\u0131z\u0131l\",\"isPartOf\":{\"@id\":\"https:\/\/denizcankizil.tr\/de\/#website\"},\"primaryImageOfPage\":{\"@id\":\"https:\/\/denizcankizil.tr\/de\/haberler\/antalya\/kacak-yapilarin-yikiminda-gergin-anlar-yasandi\/#primaryimage\"},\"image\":{\"@id\":\"https:\/\/denizcankizil.tr\/de\/haberler\/antalya\/kacak-yapilarin-yikiminda-gergin-anlar-yasandi\/#primaryimage\"},\"thumbnailUrl\":\"https:\/\/denizcankizil.tr\/wp-content\/uploads\/2025\/01\/4188-01-KYbIDt.jpeg\",\"datePublished\":\"2025-01-16T11:41:41+00:00\",\"breadcrumb\":{\"@id\":\"https:\/\/denizcankizil.tr\/de\/haberler\/antalya\/kacak-yapilarin-yikiminda-gergin-anlar-yasandi\/#breadcrumb\"},\"inLanguage\":\"de\",\"potentialAction\":[{\"@type\":\"ReadAction\",\"target\":[\"https:\/\/denizcankizil.tr\/de\/haberler\/antalya\/kacak-yapilarin-yikiminda-gergin-anlar-yasandi\/\"]}]},{\"@type\":\"ImageObject\",\"inLanguage\":\"de\",\"@id\":\"https:\/\/denizcankizil.tr\/de\/haberler\/antalya\/kacak-yapilarin-yikiminda-gergin-anlar-yasandi\/#primaryimage\",\"url\":\"https:\/\/denizcankizil.tr\/wp-content\/uploads\/2025\/01\/4188-01-KYbIDt.jpeg\",\"contentUrl\":\"https:\/\/denizcankizil.tr\/wp-content\/uploads\/2025\/01\/4188-01-KYbIDt.jpeg\",\"width\":1280,\"height\":720},{\"@type\":\"BreadcrumbList\",\"@id\":\"https:\/\/denizcankizil.tr\/de\/haberler\/antalya\/kacak-yapilarin-yikiminda-gergin-anlar-yasandi\/#breadcrumb\",\"itemListElement\":[{\"@type\":\"ListItem\",\"position\":1,\"name\":\"Home\",\"item\":\"https:\/\/denizcankizil.tr\/de\/\"},{\"@type\":\"ListItem\",\"position\":2,\"name\":\"Ka\u00e7ak yap\u0131lar\u0131n y\u0131k\u0131m\u0131nda gergin anlar ya\u015fand\u0131\"}]},{\"@type\":\"WebSite\",\"@id\":\"https:\/\/denizcankizil.tr\/de\/#website\",\"url\":\"https:\/\/denizcankizil.tr\/de\/\",\"name\":\"Av. Deniz Can K\u0131z\u0131l\",\"description\":\"Avukat Deniz Can K\u0131z\u0131l Antalya Barosu\",\"publisher\":{\"@id\":\"https:\/\/denizcankizil.tr\/de\/#organization\"},\"potentialAction\":[{\"@type\":\"SearchAction\",\"target\":{\"@type\":\"EntryPoint\",\"urlTemplate\":\"https:\/\/denizcankizil.tr\/de\/?s={search_term_string}\"},\"query-input\":{\"@type\":\"PropertyValueSpecification\",\"valueRequired\":true,\"valueName\":\"search_term_string\"}}],\"inLanguage\":\"de\"},{\"@type\":\"Organization\",\"@id\":\"https:\/\/denizcankizil.tr\/de\/#organization\",\"name\":\"Av. Deniz Can K\u0131z\u0131l\",\"url\":\"https:\/\/denizcankizil.tr\/de\/\",\"logo\":{\"@type\":\"ImageObject\",\"inLanguage\":\"de\",\"@id\":\"https:\/\/denizcankizil.tr\/de\/#\/schema\/logo\/image\/\",\"url\":\"https:\/\/denizcankizil.tr\/wp-content\/uploads\/2024\/10\/siyah-logo-svg.svg\",\"contentUrl\":\"https:\/\/denizcankizil.tr\/wp-content\/uploads\/2024\/10\/siyah-logo-svg.svg\",\"width\":1080,\"height\":1080,\"caption\":\"Av. Deniz Can K\u0131z\u0131l\"},\"image\":{\"@id\":\"https:\/\/denizcankizil.tr\/de\/#\/schema\/logo\/image\/\"}},{\"@type\":\"Person\",\"@id\":\"https:\/\/denizcankizil.tr\/de\/#\/schema\/person\/5dc1b22991bd7ac833867c10afc9b0ff\",\"name\":\"Av. Deniz Can K\u0131z\u0131l\",\"image\":{\"@type\":\"ImageObject\",\"inLanguage\":\"de\",\"@id\":\"https:\/\/denizcankizil.tr\/de\/#\/schema\/person\/image\/\",\"url\":\"https:\/\/secure.gravatar.com\/avatar\/a0b128fb9855c79efc976d5640eedb31dc35ec297594d6016d2cf7c60e975bb6?s=96&d=mm&r=g\",\"contentUrl\":\"https:\/\/secure.gravatar.com\/avatar\/a0b128fb9855c79efc976d5640eedb31dc35ec297594d6016d2cf7c60e975bb6?s=96&d=mm&r=g\",\"caption\":\"Av. Deniz Can K\u0131z\u0131l\"},\"sameAs\":[\"http:\/\/www.denizcankizil.tr\"],\"url\":\"https:\/\/denizcankizil.tr\/de\/author\/denizcankizil\/\"}]}<\/script>\n<!-- \/ Yoast SEO Premium plugin. -->","yoast_head_json":{"title":"Ka\u00e7ak yap\u0131lar\u0131n y\u0131k\u0131m\u0131nda gergin anlar ya\u015fand\u0131 - Av. Deniz Can K\u0131z\u0131l","robots":{"index":"index","follow":"follow","max-snippet":"max-snippet:-1","max-image-preview":"max-image-preview:large","max-video-preview":"max-video-preview:-1"},"canonical":"https:\/\/denizcankizil.tr\/de\/haberler\/antalya\/kacak-yapilarin-yikiminda-gergin-anlar-yasandi\/","og_locale":"de_DE","og_type":"article","og_title":"Ka\u00e7ak yap\u0131lar\u0131n y\u0131k\u0131m\u0131nda gergin anlar ya\u015fand\u0131","og_description":"Kepez il\u00e7esi Gaziler Mahallesi 28254 ada 459 parselde bulunan ka\u00e7ak yap\u0131larla ilgili savc\u0131l\u0131\u011f\u0131n talimat\u0131 ile \u0130l\u00e7e Jandarma Komutanl\u0131\u011f\u0131 taraf\u0131ndan yap\u0131lan kontrollerin ard\u0131ndan enc\u00fcmen taraf\u0131ndan y\u0131k\u0131m karar\u0131 al\u0131nd\u0131. Yap\u0131 sahiplerine karar\u0131n tebli\u011f edilmesinin ard\u0131ndan verilen s\u00fcre i\u00e7inde y\u0131k\u0131mlar ger\u00e7ekle\u015fmeyince ka\u00e7ak 21 yap\u0131 y\u0131k\u0131ld\u0131. Jandarma ekiplerinin yo\u011fun g\u00fcvenlik \u00f6nlemleri ald\u0131\u011f\u0131 y\u0131k\u0131m s\u0131ras\u0131nda tansiyon y\u00fckseldi. Mahalle sakinlerinden biri, elinde orakla evinin \u00e7at\u0131s\u0131na \u00e7\u0131karak g\u00fcvenlik g\u00fc\u00e7lerini engellemeye \u00e7al\u0131\u015ft\u0131. Gerginlik, bir kad\u0131n\u0131n y\u0131k\u0131ma m\u00fcdahale etmesi ile daha da artt\u0131. Jandarma ekipleri, kad\u0131n\u0131 sakinle\u015ftirerek olay yerinden uzakla\u015ft\u0131rmaya \u00e7al\u0131\u015ft\u0131. \u00c7at\u0131ya \u00e7\u0131kan \u015fah\u0131s ise, uzun s\u00fcren ikna \u00e7abalar\u0131n\u0131n ard\u0131ndan \u00e7at\u0131dan indirildi. Evinden \u00e7\u0131kmak istemeyen bir vatanda\u015f da jandarma taraf\u0131ndan g\u00fc\u00e7l\u00fckle evden \u00e7\u0131kart\u0131l\u0131rken, bir kad\u0131n bayg\u0131nl\u0131k ge\u00e7irdi. Vatanda\u015flar, y\u0131k\u0131m\u0131n kendilerine verilen s\u00f6zlere ayk\u0131r\u0131 bir \u015fekilde ger\u00e7ekle\u015fti\u011fini iddia etti. Y\u0131k\u0131mlar sonras\u0131 sokakta kalan mahalle sakinleri, duruma tepki g\u00f6sterdi. Mahalle sakinlerinden Kadir Ali \u00d6zdemir, belediyenin kendilerine se\u00e7im d\u00f6nemi boyunca y\u0131k\u0131m yap\u0131lmayaca\u011f\u0131na dair s\u00f6z verdi\u011fini iddia ederek, \u201cBuras\u0131 bizim y\u0131llard\u0131r oturdu\u011fumuz yer. Ka\u00e7ak olarak yap\u0131ld\u0131 ama bize y\u0131k\u0131m yap\u0131lmayaca\u011f\u0131 s\u00f6z\u00fc verildi. Sonra evlerimizi y\u0131kt\u0131lar&#8221; dedi. Bir mahalle sakini kad\u0131n ise, y\u0131k\u0131m\u0131n kendilerini \u00e7aresiz b\u0131rakt\u0131\u011f\u0131n\u0131 belirterek, \u201cElimizde avucumuzda ne varsa kaybettik. Benim emekli maa\u015f\u0131mla kiram\u0131 m\u0131 \u00f6deyeyim, hasta \u00e7ocu\u011fuma m\u0131 bakay\u0131m?\u201d diye konu\u015ftu. Kaynak: www.kanalv.com.tr Haber Sitesinden Al\u0131nm\u0131\u015ft\u0131r.","og_url":"https:\/\/denizcankizil.tr\/de\/haberler\/antalya\/kacak-yapilarin-yikiminda-gergin-anlar-yasandi\/","og_site_name":"Av. Deniz Can K\u0131z\u0131l","article_published_time":"2025-01-16T11:41:41+00:00","og_image":[{"width":1280,"height":720,"url":"https:\/\/denizcankizil.tr\/wp-content\/uploads\/2025\/01\/4188-01-KYbIDt.jpeg","type":"image\/jpeg"}],"author":"Av. Deniz Can K\u0131z\u0131l","twitter_card":"summary_large_image","twitter_misc":{"Verfasst von":"Av. Deniz Can K\u0131z\u0131l","Gesch\u00e4tzte Lesezeit":"2\u00a0Minuten"},"schema":{"@context":"https:\/\/schema.org","@graph":[{"@type":"Article","@id":"https:\/\/denizcankizil.tr\/de\/haberler\/antalya\/kacak-yapilarin-yikiminda-gergin-anlar-yasandi\/#article","isPartOf":{"@id":"https:\/\/denizcankizil.tr\/de\/haberler\/antalya\/kacak-yapilarin-yikiminda-gergin-anlar-yasandi\/"},"author":{"name":"Av. Deniz Can K\u0131z\u0131l","@id":"https:\/\/denizcankizil.tr\/de\/#\/schema\/person\/5dc1b22991bd7ac833867c10afc9b0ff"},"headline":"Ka\u00e7ak yap\u0131lar\u0131n y\u0131k\u0131m\u0131nda gergin anlar ya\u015fand\u0131","datePublished":"2025-01-16T11:41:41+00:00","mainEntityOfPage":{"@id":"https:\/\/denizcankizil.tr\/de\/haberler\/antalya\/kacak-yapilarin-yikiminda-gergin-anlar-yasandi\/"},"wordCount":315,"commentCount":0,"publisher":{"@id":"https:\/\/denizcankizil.tr\/de\/#organization"},"image":{"@id":"https:\/\/denizcankizil.tr\/de\/haberler\/antalya\/kacak-yapilarin-yikiminda-gergin-anlar-yasandi\/#primaryimage"},"thumbnailUrl":"https:\/\/denizcankizil.tr\/wp-content\/uploads\/2025\/01\/4188-01-KYbIDt.jpeg","articleSection":["Antalya"],"inLanguage":"de","potentialAction":[{"@type":"CommentAction","name":"Comment","target":["https:\/\/denizcankizil.tr\/de\/haberler\/antalya\/kacak-yapilarin-yikiminda-gergin-anlar-yasandi\/#respond"]}]},{"@type":"WebPage","@id":"https:\/\/denizcankizil.tr\/de\/haberler\/antalya\/kacak-yapilarin-yikiminda-gergin-anlar-yasandi\/","url":"https:\/\/denizcankizil.tr\/de\/haberler\/antalya\/kacak-yapilarin-yikiminda-gergin-anlar-yasandi\/","name":"Ka\u00e7ak yap\u0131lar\u0131n y\u0131k\u0131m\u0131nda gergin anlar ya\u015fand\u0131 - Av. Deniz Can K\u0131z\u0131l","isPartOf":{"@id":"https:\/\/denizcankizil.tr\/de\/#website"},"primaryImageOfPage":{"@id":"https:\/\/denizcankizil.tr\/de\/haberler\/antalya\/kacak-yapilarin-yikiminda-gergin-anlar-yasandi\/#primaryimage"},"image":{"@id":"https:\/\/denizcankizil.tr\/de\/haberler\/antalya\/kacak-yapilarin-yikiminda-gergin-anlar-yasandi\/#primaryimage"},"thumbnailUrl":"https:\/\/denizcankizil.tr\/wp-content\/uploads\/2025\/01\/4188-01-KYbIDt.jpeg","datePublished":"2025-01-16T11:41:41+00:00","breadcrumb":{"@id":"https:\/\/denizcankizil.tr\/de\/haberler\/antalya\/kacak-yapilarin-yikiminda-gergin-anlar-yasandi\/#breadcrumb"},"inLanguage":"de","potentialAction":[{"@type":"ReadAction","target":["https:\/\/denizcankizil.tr\/de\/haberler\/antalya\/kacak-yapilarin-yikiminda-gergin-anlar-yasandi\/"]}]},{"@type":"ImageObject","inLanguage":"de","@id":"https:\/\/denizcankizil.tr\/de\/haberler\/antalya\/kacak-yapilarin-yikiminda-gergin-anlar-yasandi\/#primaryimage","url":"https:\/\/denizcankizil.tr\/wp-content\/uploads\/2025\/01\/4188-01-KYbIDt.jpeg","contentUrl":"https:\/\/denizcankizil.tr\/wp-content\/uploads\/2025\/01\/4188-01-KYbIDt.jpeg","width":1280,"height":720},{"@type":"BreadcrumbList","@id":"https:\/\/denizcankizil.tr\/de\/haberler\/antalya\/kacak-yapilarin-yikiminda-gergin-anlar-yasandi\/#breadcrumb","itemListElement":[{"@type":"ListItem","position":1,"name":"Home","item":"https:\/\/denizcankizil.tr\/de\/"},{"@type":"ListItem","position":2,"name":"Ka\u00e7ak yap\u0131lar\u0131n y\u0131k\u0131m\u0131nda gergin anlar ya\u015fand\u0131"}]},{"@type":"WebSite","@id":"https:\/\/denizcankizil.tr\/de\/#website","url":"https:\/\/denizcankizil.tr\/de\/","name":"Av. Deniz Can K\u0131z\u0131l","description":"Avukat Deniz Can K\u0131z\u0131l Antalya Barosu","publisher":{"@id":"https:\/\/denizcankizil.tr\/de\/#organization"},"potentialAction":[{"@type":"SearchAction","target":{"@type":"EntryPoint","urlTemplate":"https:\/\/denizcankizil.tr\/de\/?s={search_term_string}"},"query-input":{"@type":"PropertyValueSpecification","valueRequired":true,"valueName":"search_term_string"}}],"inLanguage":"de"},{"@type":"Organization","@id":"https:\/\/denizcankizil.tr\/de\/#organization","name":"Av. Deniz Can K\u0131z\u0131l","url":"https:\/\/denizcankizil.tr\/de\/","logo":{"@type":"ImageObject","inLanguage":"de","@id":"https:\/\/denizcankizil.tr\/de\/#\/schema\/logo\/image\/","url":"https:\/\/denizcankizil.tr\/wp-content\/uploads\/2024\/10\/siyah-logo-svg.svg","contentUrl":"https:\/\/denizcankizil.tr\/wp-content\/uploads\/2024\/10\/siyah-logo-svg.svg","width":1080,"height":1080,"caption":"Av. Deniz Can K\u0131z\u0131l"},"image":{"@id":"https:\/\/denizcankizil.tr\/de\/#\/schema\/logo\/image\/"}},{"@type":"Person","@id":"https:\/\/denizcankizil.tr\/de\/#\/schema\/person\/5dc1b22991bd7ac833867c10afc9b0ff","name":"Av. Deniz Can K\u0131z\u0131l","image":{"@type":"ImageObject","inLanguage":"de","@id":"https:\/\/denizcankizil.tr\/de\/#\/schema\/person\/image\/","url":"https:\/\/secure.gravatar.com\/avatar\/a0b128fb9855c79efc976d5640eedb31dc35ec297594d6016d2cf7c60e975bb6?s=96&d=mm&r=g","contentUrl":"https:\/\/secure.gravatar.com\/avatar\/a0b128fb9855c79efc976d5640eedb31dc35ec297594d6016d2cf7c60e975bb6?s=96&d=mm&r=g","caption":"Av. Deniz Can K\u0131z\u0131l"},"sameAs":["http:\/\/www.denizcankizil.tr"],"url":"https:\/\/denizcankizil.tr\/de\/author\/denizcankizil\/"}]}},"_links":{"self":[{"href":"https:\/\/denizcankizil.tr\/de\/wp-json\/wp\/v2\/posts\/25654","targetHints":{"allow":["GET"]}}],"collection":[{"href":"https:\/\/denizcankizil.tr\/de\/wp-json\/wp\/v2\/posts"}],"about":[{"href":"https:\/\/denizcankizil.tr\/de\/wp-json\/wp\/v2\/types\/post"}],"author":[{"embeddable":true,"href":"https:\/\/denizcankizil.tr\/de\/wp-json\/wp\/v2\/users\/4"}],"replies":[{"embeddable":true,"href":"https:\/\/denizcankizil.tr\/de\/wp-json\/wp\/v2\/comments?post=25654"}],"version-history":[{"count":0,"href":"https:\/\/denizcankizil.tr\/de\/wp-json\/wp\/v2\/posts\/25654\/revisions"}],"wp:featuredmedia":[{"embeddable":true,"href":"https:\/\/denizcankizil.tr\/de\/wp-json\/wp\/v2\/media\/25655"}],"wp:attachment":[{"href":"https:\/\/denizcankizil.tr\/de\/wp-json\/wp\/v2\/media?parent=25654"}],"wp:term":[{"taxonomy":"category","embeddable":true,"href":"https:\/\/denizcankizil.tr\/de\/wp-json\/wp\/v2\/categories?post=25654"},{"taxonomy":"post_tag","embeddable":true,"href":"https:\/\/denizcankizil.tr\/de\/wp-json\/wp\/v2\/tags?post=25654"}],"curies":[{"name":"wp","href":"https:\/\/api.w.org\/{rel}","templated":true}]}}