{"id":25433,"date":"2025-01-15T11:42:10","date_gmt":"2025-01-15T08:42:10","guid":{"rendered":"https:\/\/denizcankizil.tr\/uncategorized-tr\/kocaeliden-stklara-destek\/"},"modified":"2025-01-15T11:42:10","modified_gmt":"2025-01-15T08:42:10","slug":"kocaeliden-stklara-destek","status":"publish","type":"post","link":"https:\/\/denizcankizil.tr\/de\/haberler\/gundem\/kocaeliden-stklara-destek\/","title":{"rendered":"Kocaeli&#8217;den STK&#8217;lara destek"},"content":{"rendered":"<p>Kocaeli B\u00fcy\u00fck\u015fehir Belediyesi, Sivil Toplum Kurulu\u015flar\u0131 ile \u0130li\u015fkiler Dairesi Ba\u015fkanl\u0131\u011f\u0131\u2019na ba\u011fl\u0131 sivil toplum merkezlerinde 3 bin 88 toplant\u0131ya ev sahipli\u011fi yapt\u0131KOCAEL\u0130 (\u0130GFA) &#8211;\u00a0Kocaeli B\u00fcy\u00fck\u015fehir Belediyesi, sosyal sorumluluk projeleriyle toplumsal kat\u0131l\u0131m\u0131 art\u0131rmaya ve \u015fehirdeki sosyal yap\u0131y\u0131 g\u00fc\u00e7lendirmeye devam ediyor. Bu kapsamda, Sivil Toplum Kurulu\u015flar\u0131 ile \u0130li\u015fkiler Dairesi Ba\u015fkanl\u0131\u011f\u0131 2024 y\u0131l\u0131nda da \u00f6nemli \u00e7al\u0131\u015fmalara imza att\u0131.<br \/>\n3 B\u0130N 88 TOPLANTI YAPILDI<br \/>\nKocaeli B\u00fcy\u00fck\u015fehir Belediyesi, 2024 y\u0131l\u0131 boyunca Sivil Toplum Kurulu\u015flar\u0131 ile \u0130li\u015fkiler Dairesi Ba\u015fkanl\u0131\u011f\u0131\u2019na ba\u011fl\u0131 sivil toplum merkezlerinde 3 bin 88 toplant\u0131ya ev sahipli\u011fi yapt\u0131. D\u00fczenlenen toplant\u0131larda toplam 118 bin 343 ki\u015fi bir araya geldi. B\u00fcy\u00fck\u015fehir Belediyesi, bu \u00e7al\u0131\u015fmalarla vatanda\u015flar\u0131n \u015fehir y\u00f6netimine daha aktif kat\u0131l\u0131m\u0131n\u0131 te\u015fvik ederken, kentte dayan\u0131\u015fma ve yard\u0131mla\u015fma k\u00fclt\u00fcr\u00fcn\u00fc de g\u00fc\u00e7lendirmeyi ama\u00e7lad\u0131.<br \/>\n228 PROGRAM D\u00dcZENLEND\u0130<br \/>\n\u00d6te yandan B\u00fcy\u00fck\u015fehir Belediyesi 2024 y\u0131l\u0131 boyunca sivil toplum kurulu\u015flar\u0131yla birlikte 228 program d\u00fczenleyerek kentteki dayan\u0131\u015fmay\u0131 daha da ileri ta\u015f\u0131d\u0131. \u00c7e\u015fitli projelerde Kocaeli g\u00f6n\u00fcll\u00fcleri ve yerel halk\u0131n aktif kat\u0131l\u0131m\u0131 sa\u011flanarak, toplumsal sorunlara h\u0131zl\u0131 ve etkili \u00e7\u00f6z\u00fcmler \u00fcretildi. B\u00fcy\u00fck\u015fehir, \u00f6n\u00fcm\u00fczdeki d\u00f6nemde de bu hedefler do\u011frultusunda \u00e7al\u0131\u015fmalar\u0131na h\u0131z kesmeden devam edecek.<\/p>\n<p>\u200bKocaeli B\u00fcy\u00fck\u015fehir Belediyesi, Sivil Toplum Kurulu\u015flar\u0131 ile \u0130li\u015fkiler Dairesi Ba\u015fkanl\u0131\u011f\u0131\u2019na ba\u011fl\u0131 sivil toplum merkezlerinde 3 bin 88 toplant\u0131ya ev sahipli\u011fi yapt\u0131KOCAEL\u0130 (\u0130GFA) &#8211;\u00a0Kocaeli B\u00fcy\u00fck\u015fehir Belediyesi, sosyal sorumluluk projeleriyle toplumsal kat\u0131l\u0131m\u0131 art\u0131rmaya ve \u015fehirdeki sosyal yap\u0131y\u0131 g\u00fc\u00e7lendirmeye devam ediyor. Bu kapsamda, Sivil Toplum Kurulu\u015flar\u0131 ile \u0130li\u015fkiler Dairesi Ba\u015fkanl\u0131\u011f\u0131 2024 y\u0131l\u0131nda da \u00f6nemli \u00e7al\u0131\u015fmalara imza att\u0131.<br \/>\n3 B\u0130N 88 TOPLANTI YAPILDI<br \/>\nKocaeli B\u00fcy\u00fck\u015fehir Belediyesi, 2024 y\u0131l\u0131 boyunca Sivil Toplum Kurulu\u015flar\u0131 ile \u0130li\u015fkiler Dairesi Ba\u015fkanl\u0131\u011f\u0131\u2019na ba\u011fl\u0131 sivil toplum merkezlerinde 3 bin 88 toplant\u0131ya ev sahipli\u011fi yapt\u0131. D\u00fczenlenen toplant\u0131larda toplam 118 bin 343 ki\u015fi bir araya geldi. B\u00fcy\u00fck\u015fehir Belediyesi, bu \u00e7al\u0131\u015fmalarla vatanda\u015flar\u0131n \u015fehir y\u00f6netimine daha aktif kat\u0131l\u0131m\u0131n\u0131 te\u015fvik ederken, kentte dayan\u0131\u015fma ve yard\u0131mla\u015fma k\u00fclt\u00fcr\u00fcn\u00fc de g\u00fc\u00e7lendirmeyi ama\u00e7lad\u0131.<br \/>\n228 PROGRAM D\u00dcZENLEND\u0130<br \/>\n\u00d6te yandan B\u00fcy\u00fck\u015fehir Belediyesi 2024 y\u0131l\u0131 boyunca sivil toplum kurulu\u015flar\u0131yla birlikte 228 program d\u00fczenleyerek kentteki dayan\u0131\u015fmay\u0131 daha da ileri ta\u015f\u0131d\u0131. \u00c7e\u015fitli projelerde Kocaeli g\u00f6n\u00fcll\u00fcleri ve yerel halk\u0131n aktif kat\u0131l\u0131m\u0131 sa\u011flanarak, toplumsal sorunlara h\u0131zl\u0131 ve etkili \u00e7\u00f6z\u00fcmler \u00fcretildi. B\u00fcy\u00fck\u015fehir, \u00f6n\u00fcm\u00fczdeki d\u00f6nemde de bu hedefler do\u011frultusunda \u00e7al\u0131\u015fmalar\u0131na h\u0131z kesmeden devam edecek.\u00a0<\/p>\n<p>\u200bHaberin Al\u0131nt\u0131land\u0131\u011f\u0131 Kaynak: www.iskenderun.org<\/p>","protected":false},"excerpt":{"rendered":"<p>Kocaeli B\u00fcy\u00fck\u015fehir Belediyesi, Sivil Toplum Kurulu\u015flar\u0131 ile \u0130li\u015fkiler Dairesi Ba\u015fkanl\u0131\u011f\u0131\u2019na ba\u011fl\u0131 sivil toplum merkezlerinde 3 bin 88 toplant\u0131ya ev sahipli\u011fi yapt\u0131KOCAEL\u0130 (\u0130GFA) &#8211;\u00a0Kocaeli B\u00fcy\u00fck\u015fehir Belediyesi, sosyal sorumluluk projeleriyle toplumsal kat\u0131l\u0131m\u0131 art\u0131rmaya ve \u015fehirdeki sosyal yap\u0131y\u0131 g\u00fc\u00e7lendirmeye devam ediyor. Bu kapsamda, Sivil Toplum Kurulu\u015flar\u0131 ile \u0130li\u015fkiler Dairesi Ba\u015fkanl\u0131\u011f\u0131 2024 y\u0131l\u0131nda da \u00f6nemli \u00e7al\u0131\u015fmalara imza att\u0131. 3 B\u0130N 88 TOPLANTI YAPILDI Kocaeli B\u00fcy\u00fck\u015fehir Belediyesi, 2024 y\u0131l\u0131 boyunca Sivil Toplum Kurulu\u015flar\u0131 ile \u0130li\u015fkiler Dairesi Ba\u015fkanl\u0131\u011f\u0131\u2019na ba\u011fl\u0131 sivil toplum merkezlerinde 3 bin 88 toplant\u0131ya ev sahipli\u011fi yapt\u0131. D\u00fczenlenen toplant\u0131larda toplam 118 bin 343 ki\u015fi bir araya geldi. B\u00fcy\u00fck\u015fehir Belediyesi, bu \u00e7al\u0131\u015fmalarla vatanda\u015flar\u0131n \u015fehir y\u00f6netimine daha aktif kat\u0131l\u0131m\u0131n\u0131 te\u015fvik ederken, kentte dayan\u0131\u015fma ve yard\u0131mla\u015fma k\u00fclt\u00fcr\u00fcn\u00fc de g\u00fc\u00e7lendirmeyi ama\u00e7lad\u0131. 228 PROGRAM D\u00dcZENLEND\u0130 \u00d6te yandan B\u00fcy\u00fck\u015fehir Belediyesi 2024 y\u0131l\u0131 boyunca sivil toplum kurulu\u015flar\u0131yla birlikte 228 program d\u00fczenleyerek kentteki dayan\u0131\u015fmay\u0131 daha da ileri ta\u015f\u0131d\u0131. \u00c7e\u015fitli projelerde Kocaeli g\u00f6n\u00fcll\u00fcleri ve yerel halk\u0131n aktif kat\u0131l\u0131m\u0131 sa\u011flanarak, toplumsal sorunlara h\u0131zl\u0131 ve etkili \u00e7\u00f6z\u00fcmler \u00fcretildi. B\u00fcy\u00fck\u015fehir, \u00f6n\u00fcm\u00fczdeki d\u00f6nemde de bu hedefler do\u011frultusunda \u00e7al\u0131\u015fmalar\u0131na h\u0131z kesmeden devam edecek. \u200bKocaeli B\u00fcy\u00fck\u015fehir Belediyesi, Sivil Toplum Kurulu\u015flar\u0131 ile \u0130li\u015fkiler Dairesi Ba\u015fkanl\u0131\u011f\u0131\u2019na ba\u011fl\u0131 sivil toplum merkezlerinde 3 bin 88 toplant\u0131ya ev sahipli\u011fi yapt\u0131KOCAEL\u0130 (\u0130GFA) &#8211;\u00a0Kocaeli B\u00fcy\u00fck\u015fehir Belediyesi, sosyal sorumluluk projeleriyle toplumsal kat\u0131l\u0131m\u0131 art\u0131rmaya ve \u015fehirdeki sosyal yap\u0131y\u0131 &hellip;<\/p>","protected":false},"author":1,"featured_media":0,"comment_status":"open","ping_status":"open","sticky":false,"template":"","format":"standard","meta":{"_acf_changed":false,"footnotes":""},"categories":[24],"tags":[],"class_list":["post-25433","post","type-post","status-publish","format-standard","has-post-thumbnail","hentry","category-gundem"],"acf":[],"yoast_head":"<!-- This site is optimized with the Yoast SEO Premium plugin v26.6 (Yoast SEO v27.1.1) - https:\/\/yoast.com\/product\/yoast-seo-premium-wordpress\/ -->\n<title>Kocaeli&#039;den STK&#039;lara destek - Av. Deniz Can K\u0131z\u0131l<\/title>\n<meta name=\"robots\" content=\"index, follow, max-snippet:-1, max-image-preview:large, max-video-preview:-1\" \/>\n<link rel=\"canonical\" href=\"https:\/\/denizcankizil.tr\/de\/haberler\/gundem\/kocaeliden-stklara-destek\/\" \/>\n<meta property=\"og:locale\" content=\"de_DE\" \/>\n<meta property=\"og:type\" content=\"article\" \/>\n<meta property=\"og:title\" content=\"Kocaeli&#039;den STK&#039;lara destek\" \/>\n<meta property=\"og:description\" content=\"Kocaeli B\u00fcy\u00fck\u015fehir Belediyesi, Sivil Toplum Kurulu\u015flar\u0131 ile \u0130li\u015fkiler Dairesi Ba\u015fkanl\u0131\u011f\u0131\u2019na ba\u011fl\u0131 sivil toplum merkezlerinde 3 bin 88 toplant\u0131ya ev sahipli\u011fi yapt\u0131KOCAEL\u0130 (\u0130GFA) &#8211;\u00a0Kocaeli B\u00fcy\u00fck\u015fehir Belediyesi, sosyal sorumluluk projeleriyle toplumsal kat\u0131l\u0131m\u0131 art\u0131rmaya ve \u015fehirdeki sosyal yap\u0131y\u0131 g\u00fc\u00e7lendirmeye devam ediyor. Bu kapsamda, Sivil Toplum Kurulu\u015flar\u0131 ile \u0130li\u015fkiler Dairesi Ba\u015fkanl\u0131\u011f\u0131 2024 y\u0131l\u0131nda da \u00f6nemli \u00e7al\u0131\u015fmalara imza att\u0131. 3 B\u0130N 88 TOPLANTI YAPILDI Kocaeli B\u00fcy\u00fck\u015fehir Belediyesi, 2024 y\u0131l\u0131 boyunca Sivil Toplum Kurulu\u015flar\u0131 ile \u0130li\u015fkiler Dairesi Ba\u015fkanl\u0131\u011f\u0131\u2019na ba\u011fl\u0131 sivil toplum merkezlerinde 3 bin 88 toplant\u0131ya ev sahipli\u011fi yapt\u0131. D\u00fczenlenen toplant\u0131larda toplam 118 bin 343 ki\u015fi bir araya geldi. B\u00fcy\u00fck\u015fehir Belediyesi, bu \u00e7al\u0131\u015fmalarla vatanda\u015flar\u0131n \u015fehir y\u00f6netimine daha aktif kat\u0131l\u0131m\u0131n\u0131 te\u015fvik ederken, kentte dayan\u0131\u015fma ve yard\u0131mla\u015fma k\u00fclt\u00fcr\u00fcn\u00fc de g\u00fc\u00e7lendirmeyi ama\u00e7lad\u0131. 228 PROGRAM D\u00dcZENLEND\u0130 \u00d6te yandan B\u00fcy\u00fck\u015fehir Belediyesi 2024 y\u0131l\u0131 boyunca sivil toplum kurulu\u015flar\u0131yla birlikte 228 program d\u00fczenleyerek kentteki dayan\u0131\u015fmay\u0131 daha da ileri ta\u015f\u0131d\u0131. \u00c7e\u015fitli projelerde Kocaeli g\u00f6n\u00fcll\u00fcleri ve yerel halk\u0131n aktif kat\u0131l\u0131m\u0131 sa\u011flanarak, toplumsal sorunlara h\u0131zl\u0131 ve etkili \u00e7\u00f6z\u00fcmler \u00fcretildi. B\u00fcy\u00fck\u015fehir, \u00f6n\u00fcm\u00fczdeki d\u00f6nemde de bu hedefler do\u011frultusunda \u00e7al\u0131\u015fmalar\u0131na h\u0131z kesmeden devam edecek. \u200bKocaeli B\u00fcy\u00fck\u015fehir Belediyesi, Sivil Toplum Kurulu\u015flar\u0131 ile \u0130li\u015fkiler Dairesi Ba\u015fkanl\u0131\u011f\u0131\u2019na ba\u011fl\u0131 sivil toplum merkezlerinde 3 bin 88 toplant\u0131ya ev sahipli\u011fi yapt\u0131KOCAEL\u0130 (\u0130GFA) &#8211;\u00a0Kocaeli B\u00fcy\u00fck\u015fehir Belediyesi, sosyal sorumluluk projeleriyle toplumsal kat\u0131l\u0131m\u0131 art\u0131rmaya ve \u015fehirdeki sosyal yap\u0131y\u0131 &hellip;\" \/>\n<meta property=\"og:url\" content=\"https:\/\/denizcankizil.tr\/de\/haberler\/gundem\/kocaeliden-stklara-destek\/\" \/>\n<meta property=\"og:site_name\" content=\"Av. Deniz Can K\u0131z\u0131l\" \/>\n<meta property=\"article:published_time\" content=\"2025-01-15T08:42:10+00:00\" \/>\n<meta name=\"author\" content=\"admin\" \/>\n<meta name=\"twitter:card\" content=\"summary_large_image\" \/>\n<meta name=\"twitter:label1\" content=\"Verfasst von\" \/>\n\t<meta name=\"twitter:data1\" content=\"admin\" \/>\n\t<meta name=\"twitter:label2\" content=\"Gesch\u00e4tzte Lesezeit\" \/>\n\t<meta name=\"twitter:data2\" content=\"2\u00a0Minuten\" \/>\n<script type=\"application\/ld+json\" class=\"yoast-schema-graph\">{\"@context\":\"https:\/\/schema.org\",\"@graph\":[{\"@type\":\"Article\",\"@id\":\"https:\/\/denizcankizil.tr\/de\/haberler\/gundem\/kocaeliden-stklara-destek\/#article\",\"isPartOf\":{\"@id\":\"https:\/\/denizcankizil.tr\/de\/haberler\/gundem\/kocaeliden-stklara-destek\/\"},\"author\":{\"name\":\"admin\",\"@id\":\"https:\/\/denizcankizil.tr\/#\/schema\/person\/be3c05fe6a12686905512445d8185489\"},\"headline\":\"Kocaeli&#8217;den STK&#8217;lara destek\",\"datePublished\":\"2025-01-15T08:42:10+00:00\",\"mainEntityOfPage\":{\"@id\":\"https:\/\/denizcankizil.tr\/de\/haberler\/gundem\/kocaeliden-stklara-destek\/\"},\"wordCount\":497,\"commentCount\":0,\"publisher\":{\"@id\":\"https:\/\/denizcankizil.tr\/#organization\"},\"articleSection\":[\"G\u00fcndem\"],\"inLanguage\":\"de\",\"potentialAction\":[{\"@type\":\"CommentAction\",\"name\":\"Comment\",\"target\":[\"https:\/\/denizcankizil.tr\/de\/haberler\/gundem\/kocaeliden-stklara-destek\/#respond\"]}]},{\"@type\":\"WebPage\",\"@id\":\"https:\/\/denizcankizil.tr\/de\/haberler\/gundem\/kocaeliden-stklara-destek\/\",\"url\":\"https:\/\/denizcankizil.tr\/de\/haberler\/gundem\/kocaeliden-stklara-destek\/\",\"name\":\"Kocaeli'den STK'lara destek - Av. Deniz Can K\u0131z\u0131l\",\"isPartOf\":{\"@id\":\"https:\/\/denizcankizil.tr\/#website\"},\"datePublished\":\"2025-01-15T08:42:10+00:00\",\"breadcrumb\":{\"@id\":\"https:\/\/denizcankizil.tr\/de\/haberler\/gundem\/kocaeliden-stklara-destek\/#breadcrumb\"},\"inLanguage\":\"de\",\"potentialAction\":[{\"@type\":\"ReadAction\",\"target\":[\"https:\/\/denizcankizil.tr\/de\/haberler\/gundem\/kocaeliden-stklara-destek\/\"]}]},{\"@type\":\"BreadcrumbList\",\"@id\":\"https:\/\/denizcankizil.tr\/de\/haberler\/gundem\/kocaeliden-stklara-destek\/#breadcrumb\",\"itemListElement\":[{\"@type\":\"ListItem\",\"position\":1,\"name\":\"Home\",\"item\":\"https:\/\/denizcankizil.tr\/uk\/\"},{\"@type\":\"ListItem\",\"position\":2,\"name\":\"Kocaeli&#8217;den STK&#8217;lara destek\"}]},{\"@type\":\"WebSite\",\"@id\":\"https:\/\/denizcankizil.tr\/#website\",\"url\":\"https:\/\/denizcankizil.tr\/\",\"name\":\"Av. Deniz Can K\u0131z\u0131l\",\"description\":\"Avukat Deniz Can K\u0131z\u0131l Antalya Barosu\",\"publisher\":{\"@id\":\"https:\/\/denizcankizil.tr\/#organization\"},\"potentialAction\":[{\"@type\":\"SearchAction\",\"target\":{\"@type\":\"EntryPoint\",\"urlTemplate\":\"https:\/\/denizcankizil.tr\/?s={search_term_string}\"},\"query-input\":{\"@type\":\"PropertyValueSpecification\",\"valueRequired\":true,\"valueName\":\"search_term_string\"}}],\"inLanguage\":\"de\"},{\"@type\":\"Organization\",\"@id\":\"https:\/\/denizcankizil.tr\/#organization\",\"name\":\"Av. Deniz Can K\u0131z\u0131l\",\"url\":\"https:\/\/denizcankizil.tr\/\",\"logo\":{\"@type\":\"ImageObject\",\"inLanguage\":\"de\",\"@id\":\"https:\/\/denizcankizil.tr\/#\/schema\/logo\/image\/\",\"url\":\"https:\/\/denizcankizil.tr\/wp-content\/uploads\/2024\/10\/siyah-logo-svg.svg\",\"contentUrl\":\"https:\/\/denizcankizil.tr\/wp-content\/uploads\/2024\/10\/siyah-logo-svg.svg\",\"width\":1080,\"height\":1080,\"caption\":\"Av. Deniz Can K\u0131z\u0131l\"},\"image\":{\"@id\":\"https:\/\/denizcankizil.tr\/#\/schema\/logo\/image\/\"}},{\"@type\":\"Person\",\"@id\":\"https:\/\/denizcankizil.tr\/#\/schema\/person\/be3c05fe6a12686905512445d8185489\",\"name\":\"admin\",\"image\":{\"@type\":\"ImageObject\",\"inLanguage\":\"de\",\"@id\":\"https:\/\/denizcankizil.tr\/#\/schema\/person\/image\/\",\"url\":\"https:\/\/secure.gravatar.com\/avatar\/c1fce94c830dc79107e174f890d7210541c4a63e8e5d816341794a2151c9d58c?s=96&d=mm&r=g\",\"contentUrl\":\"https:\/\/secure.gravatar.com\/avatar\/c1fce94c830dc79107e174f890d7210541c4a63e8e5d816341794a2151c9d58c?s=96&d=mm&r=g\",\"caption\":\"admin\"},\"sameAs\":[\"http:\/\/denizcankizil.tr\"],\"url\":\"https:\/\/www.iskenderun.org\/kocaeliden-stklara-destek\"}]}<\/script>\n<!-- \/ Yoast SEO Premium plugin. -->","yoast_head_json":{"title":"Kocaeli'den STK'lara destek - Av. Deniz Can K\u0131z\u0131l","robots":{"index":"index","follow":"follow","max-snippet":"max-snippet:-1","max-image-preview":"max-image-preview:large","max-video-preview":"max-video-preview:-1"},"canonical":"https:\/\/denizcankizil.tr\/de\/haberler\/gundem\/kocaeliden-stklara-destek\/","og_locale":"de_DE","og_type":"article","og_title":"Kocaeli'den STK'lara destek","og_description":"Kocaeli B\u00fcy\u00fck\u015fehir Belediyesi, Sivil Toplum Kurulu\u015flar\u0131 ile \u0130li\u015fkiler Dairesi Ba\u015fkanl\u0131\u011f\u0131\u2019na ba\u011fl\u0131 sivil toplum merkezlerinde 3 bin 88 toplant\u0131ya ev sahipli\u011fi yapt\u0131KOCAEL\u0130 (\u0130GFA) &#8211;\u00a0Kocaeli B\u00fcy\u00fck\u015fehir Belediyesi, sosyal sorumluluk projeleriyle toplumsal kat\u0131l\u0131m\u0131 art\u0131rmaya ve \u015fehirdeki sosyal yap\u0131y\u0131 g\u00fc\u00e7lendirmeye devam ediyor. Bu kapsamda, Sivil Toplum Kurulu\u015flar\u0131 ile \u0130li\u015fkiler Dairesi Ba\u015fkanl\u0131\u011f\u0131 2024 y\u0131l\u0131nda da \u00f6nemli \u00e7al\u0131\u015fmalara imza att\u0131. 3 B\u0130N 88 TOPLANTI YAPILDI Kocaeli B\u00fcy\u00fck\u015fehir Belediyesi, 2024 y\u0131l\u0131 boyunca Sivil Toplum Kurulu\u015flar\u0131 ile \u0130li\u015fkiler Dairesi Ba\u015fkanl\u0131\u011f\u0131\u2019na ba\u011fl\u0131 sivil toplum merkezlerinde 3 bin 88 toplant\u0131ya ev sahipli\u011fi yapt\u0131. D\u00fczenlenen toplant\u0131larda toplam 118 bin 343 ki\u015fi bir araya geldi. B\u00fcy\u00fck\u015fehir Belediyesi, bu \u00e7al\u0131\u015fmalarla vatanda\u015flar\u0131n \u015fehir y\u00f6netimine daha aktif kat\u0131l\u0131m\u0131n\u0131 te\u015fvik ederken, kentte dayan\u0131\u015fma ve yard\u0131mla\u015fma k\u00fclt\u00fcr\u00fcn\u00fc de g\u00fc\u00e7lendirmeyi ama\u00e7lad\u0131. 228 PROGRAM D\u00dcZENLEND\u0130 \u00d6te yandan B\u00fcy\u00fck\u015fehir Belediyesi 2024 y\u0131l\u0131 boyunca sivil toplum kurulu\u015flar\u0131yla birlikte 228 program d\u00fczenleyerek kentteki dayan\u0131\u015fmay\u0131 daha da ileri ta\u015f\u0131d\u0131. \u00c7e\u015fitli projelerde Kocaeli g\u00f6n\u00fcll\u00fcleri ve yerel halk\u0131n aktif kat\u0131l\u0131m\u0131 sa\u011flanarak, toplumsal sorunlara h\u0131zl\u0131 ve etkili \u00e7\u00f6z\u00fcmler \u00fcretildi. B\u00fcy\u00fck\u015fehir, \u00f6n\u00fcm\u00fczdeki d\u00f6nemde de bu hedefler do\u011frultusunda \u00e7al\u0131\u015fmalar\u0131na h\u0131z kesmeden devam edecek. \u200bKocaeli B\u00fcy\u00fck\u015fehir Belediyesi, Sivil Toplum Kurulu\u015flar\u0131 ile \u0130li\u015fkiler Dairesi Ba\u015fkanl\u0131\u011f\u0131\u2019na ba\u011fl\u0131 sivil toplum merkezlerinde 3 bin 88 toplant\u0131ya ev sahipli\u011fi yapt\u0131KOCAEL\u0130 (\u0130GFA) &#8211;\u00a0Kocaeli B\u00fcy\u00fck\u015fehir Belediyesi, sosyal sorumluluk projeleriyle toplumsal kat\u0131l\u0131m\u0131 art\u0131rmaya ve \u015fehirdeki sosyal yap\u0131y\u0131 &hellip;","og_url":"https:\/\/denizcankizil.tr\/de\/haberler\/gundem\/kocaeliden-stklara-destek\/","og_site_name":"Av. Deniz Can K\u0131z\u0131l","article_published_time":"2025-01-15T08:42:10+00:00","author":"admin","twitter_card":"summary_large_image","twitter_misc":{"Verfasst von":"admin","Gesch\u00e4tzte Lesezeit":"2\u00a0Minuten"},"schema":{"@context":"https:\/\/schema.org","@graph":[{"@type":"Article","@id":"https:\/\/denizcankizil.tr\/de\/haberler\/gundem\/kocaeliden-stklara-destek\/#article","isPartOf":{"@id":"https:\/\/denizcankizil.tr\/de\/haberler\/gundem\/kocaeliden-stklara-destek\/"},"author":{"name":"admin","@id":"https:\/\/denizcankizil.tr\/#\/schema\/person\/be3c05fe6a12686905512445d8185489"},"headline":"Kocaeli&#8217;den STK&#8217;lara destek","datePublished":"2025-01-15T08:42:10+00:00","mainEntityOfPage":{"@id":"https:\/\/denizcankizil.tr\/de\/haberler\/gundem\/kocaeliden-stklara-destek\/"},"wordCount":497,"commentCount":0,"publisher":{"@id":"https:\/\/denizcankizil.tr\/#organization"},"articleSection":["G\u00fcndem"],"inLanguage":"de","potentialAction":[{"@type":"CommentAction","name":"Comment","target":["https:\/\/denizcankizil.tr\/de\/haberler\/gundem\/kocaeliden-stklara-destek\/#respond"]}]},{"@type":"WebPage","@id":"https:\/\/denizcankizil.tr\/de\/haberler\/gundem\/kocaeliden-stklara-destek\/","url":"https:\/\/denizcankizil.tr\/de\/haberler\/gundem\/kocaeliden-stklara-destek\/","name":"Kocaeli'den STK'lara destek - Av. Deniz Can K\u0131z\u0131l","isPartOf":{"@id":"https:\/\/denizcankizil.tr\/#website"},"datePublished":"2025-01-15T08:42:10+00:00","breadcrumb":{"@id":"https:\/\/denizcankizil.tr\/de\/haberler\/gundem\/kocaeliden-stklara-destek\/#breadcrumb"},"inLanguage":"de","potentialAction":[{"@type":"ReadAction","target":["https:\/\/denizcankizil.tr\/de\/haberler\/gundem\/kocaeliden-stklara-destek\/"]}]},{"@type":"BreadcrumbList","@id":"https:\/\/denizcankizil.tr\/de\/haberler\/gundem\/kocaeliden-stklara-destek\/#breadcrumb","itemListElement":[{"@type":"ListItem","position":1,"name":"Home","item":"https:\/\/denizcankizil.tr\/uk\/"},{"@type":"ListItem","position":2,"name":"Kocaeli&#8217;den STK&#8217;lara destek"}]},{"@type":"WebSite","@id":"https:\/\/denizcankizil.tr\/#website","url":"https:\/\/denizcankizil.tr\/","name":"Av. Deniz Can K\u0131z\u0131l","description":"Avukat Deniz Can K\u0131z\u0131l Antalya Barosu","publisher":{"@id":"https:\/\/denizcankizil.tr\/#organization"},"potentialAction":[{"@type":"SearchAction","target":{"@type":"EntryPoint","urlTemplate":"https:\/\/denizcankizil.tr\/?s={search_term_string}"},"query-input":{"@type":"PropertyValueSpecification","valueRequired":true,"valueName":"search_term_string"}}],"inLanguage":"de"},{"@type":"Organization","@id":"https:\/\/denizcankizil.tr\/#organization","name":"Av. Deniz Can K\u0131z\u0131l","url":"https:\/\/denizcankizil.tr\/","logo":{"@type":"ImageObject","inLanguage":"de","@id":"https:\/\/denizcankizil.tr\/#\/schema\/logo\/image\/","url":"https:\/\/denizcankizil.tr\/wp-content\/uploads\/2024\/10\/siyah-logo-svg.svg","contentUrl":"https:\/\/denizcankizil.tr\/wp-content\/uploads\/2024\/10\/siyah-logo-svg.svg","width":1080,"height":1080,"caption":"Av. Deniz Can K\u0131z\u0131l"},"image":{"@id":"https:\/\/denizcankizil.tr\/#\/schema\/logo\/image\/"}},{"@type":"Person","@id":"https:\/\/denizcankizil.tr\/#\/schema\/person\/be3c05fe6a12686905512445d8185489","name":"Administrator","image":{"@type":"ImageObject","inLanguage":"de","@id":"https:\/\/denizcankizil.tr\/#\/schema\/person\/image\/","url":"https:\/\/secure.gravatar.com\/avatar\/c1fce94c830dc79107e174f890d7210541c4a63e8e5d816341794a2151c9d58c?s=96&d=mm&r=g","contentUrl":"https:\/\/secure.gravatar.com\/avatar\/c1fce94c830dc79107e174f890d7210541c4a63e8e5d816341794a2151c9d58c?s=96&d=mm&r=g","caption":"admin"},"sameAs":["http:\/\/denizcankizil.tr"],"url":"https:\/\/www.iskenderun.org\/kocaeliden-stklara-destek"}]}},"_links":{"self":[{"href":"https:\/\/denizcankizil.tr\/de\/wp-json\/wp\/v2\/posts\/25433","targetHints":{"allow":["GET"]}}],"collection":[{"href":"https:\/\/denizcankizil.tr\/de\/wp-json\/wp\/v2\/posts"}],"about":[{"href":"https:\/\/denizcankizil.tr\/de\/wp-json\/wp\/v2\/types\/post"}],"author":[{"embeddable":true,"href":"https:\/\/denizcankizil.tr\/de\/wp-json\/wp\/v2\/users\/1"}],"replies":[{"embeddable":true,"href":"https:\/\/denizcankizil.tr\/de\/wp-json\/wp\/v2\/comments?post=25433"}],"version-history":[{"count":0,"href":"https:\/\/denizcankizil.tr\/de\/wp-json\/wp\/v2\/posts\/25433\/revisions"}],"wp:attachment":[{"href":"https:\/\/denizcankizil.tr\/de\/wp-json\/wp\/v2\/media?parent=25433"}],"wp:term":[{"taxonomy":"category","embeddable":true,"href":"https:\/\/denizcankizil.tr\/de\/wp-json\/wp\/v2\/categories?post=25433"},{"taxonomy":"post_tag","embeddable":true,"href":"https:\/\/denizcankizil.tr\/de\/wp-json\/wp\/v2\/tags?post=25433"}],"curies":[{"name":"wp","href":"https:\/\/api.w.org\/{rel}","templated":true}]}}