{"id":25410,"date":"2025-01-15T10:42:24","date_gmt":"2025-01-15T07:42:24","guid":{"rendered":"https:\/\/denizcankizil.tr\/uncategorized-tr\/komur-yardimi-karari-resmilesti\/"},"modified":"2025-01-15T10:42:24","modified_gmt":"2025-01-15T07:42:24","slug":"komur-yardimi-karari-resmilesti","status":"publish","type":"post","link":"https:\/\/denizcankizil.tr\/de\/haberler\/gundem\/komur-yardimi-karari-resmilesti\/","title":{"rendered":"K\u00f6m\u00fcr yard\u0131m\u0131 karar\u0131 &#8216;Resmi&#8217;le\u015fti"},"content":{"rendered":"<p>Cumhurba\u015fkan\u0131 Recep Tayyip Erdo\u011fan imzas\u0131yla bug\u00fcnk\u00fc Resmi Gazete&#8217;de yay\u0131mlanan karara g\u00f6re, k\u00f6m\u00fcr yard\u0131m\u0131, il ve il\u00e7e sosyal yard\u0131mla\u015fma ve dayan\u0131\u015fma vak\u0131flar\u0131nca belirlenecek ihtiya\u00e7 sahibi ailelere yap\u0131lacak.ANKARA (\u0130GFA) &#8211; \u0130htiya\u00e7 sahibi hanelere \u0131s\u0131nma ama\u00e7l\u0131 k\u00f6m\u00fcr yard\u0131m\u0131 yap\u0131lmas\u0131na ili\u015fkin karar bug\u00fcnk\u00fc Resmi Gazete&#8217;de yay\u0131mland\u0131.<br \/>\nCumhurba\u015fkan\u0131 Karar\u0131&#8217;na g\u00f6re il ve il\u00e7e baz\u0131nda hane ba\u015f\u0131 da\u011f\u0131t\u0131m\u0131 yap\u0131lacak k\u00f6m\u00fcr miktarlar\u0131, Hazine ve Maliye Bakanl\u0131\u011f\u0131nca b\u00f6lgenin iklim ko\u015fullar\u0131, ge\u00e7mi\u015f y\u0131llara ait da\u011f\u0131t\u0131m miktarlar\u0131 ve k\u00f6m\u00fcr\u00fcn \u0131s\u0131l de\u011ferleri dikkate al\u0131narak belirlenecek. Yard\u0131mdan faydalanacak haneler, her il ve il\u00e7ede kurulu bulunan vak\u0131flarca muhta\u00e7l\u0131k kriterine uygun olarak tespit edilecek. Vak\u0131flarca say\u0131lar\u0131 belirlenen hane say\u0131lar\u0131 ise Aile ve Sosyal Hizmetler Bakanl\u0131\u011f\u0131n\u0131n de\u011ferlendirmeleri sonucunda onaylanacak.<br \/>\nK\u00f6m\u00fcr teslimatlar\u0131, s\u00f6z konusu karar\u0131n h\u00fck\u00fcmleri \u00e7er\u00e7evesinde ailelerin ihtiya\u00e7lar\u0131 nispetinde yap\u0131lacak.<br \/>\nS\u00f6z konusu k\u00f6m\u00fcr yard\u0131m\u0131na ili\u015fkin karar\u0131n detaylar\u0131na ula\u015fmak i\u00e7in t\u0131klayabilirsiniz<\/p>\n<p>\u200bCumhurba\u015fkan\u0131 Recep Tayyip Erdo\u011fan imzas\u0131yla bug\u00fcnk\u00fc Resmi Gazete&#8217;de yay\u0131mlanan karara g\u00f6re, k\u00f6m\u00fcr yard\u0131m\u0131, il ve il\u00e7e sosyal yard\u0131mla\u015fma ve dayan\u0131\u015fma vak\u0131flar\u0131nca belirlenecek ihtiya\u00e7 sahibi ailelere yap\u0131lacak.ANKARA (\u0130GFA) &#8211; \u0130htiya\u00e7 sahibi hanelere \u0131s\u0131nma ama\u00e7l\u0131 k\u00f6m\u00fcr yard\u0131m\u0131 yap\u0131lmas\u0131na ili\u015fkin karar bug\u00fcnk\u00fc Resmi Gazete&#8217;de yay\u0131mland\u0131.<br \/>\nCumhurba\u015fkan\u0131 Karar\u0131&#8217;na g\u00f6re il ve il\u00e7e baz\u0131nda hane ba\u015f\u0131 da\u011f\u0131t\u0131m\u0131 yap\u0131lacak k\u00f6m\u00fcr miktarlar\u0131, Hazine ve Maliye Bakanl\u0131\u011f\u0131nca b\u00f6lgenin iklim ko\u015fullar\u0131, ge\u00e7mi\u015f y\u0131llara ait da\u011f\u0131t\u0131m miktarlar\u0131 ve k\u00f6m\u00fcr\u00fcn \u0131s\u0131l de\u011ferleri dikkate al\u0131narak belirlenecek. Yard\u0131mdan faydalanacak haneler, her il ve il\u00e7ede kurulu bulunan vak\u0131flarca muhta\u00e7l\u0131k kriterine uygun olarak tespit edilecek. Vak\u0131flarca say\u0131lar\u0131 belirlenen hane say\u0131lar\u0131 ise Aile ve Sosyal Hizmetler Bakanl\u0131\u011f\u0131n\u0131n de\u011ferlendirmeleri sonucunda onaylanacak.<br \/>\nK\u00f6m\u00fcr teslimatlar\u0131, s\u00f6z konusu karar\u0131n h\u00fck\u00fcmleri \u00e7er\u00e7evesinde ailelerin ihtiya\u00e7lar\u0131 nispetinde yap\u0131lacak.<br \/>\nS\u00f6z konusu k\u00f6m\u00fcr yard\u0131m\u0131na ili\u015fkin karar\u0131n detaylar\u0131na ula\u015fmak i\u00e7in t\u0131klayabilirsiniz\u00a0<\/p>\n<p>\u200bHaberin Al\u0131nt\u0131land\u0131\u011f\u0131 Kaynak: www.iskenderun.org<\/p>","protected":false},"excerpt":{"rendered":"<p>Cumhurba\u015fkan\u0131 Recep Tayyip Erdo\u011fan imzas\u0131yla bug\u00fcnk\u00fc Resmi Gazete&#8217;de yay\u0131mlanan karara g\u00f6re, k\u00f6m\u00fcr yard\u0131m\u0131, il ve il\u00e7e sosyal yard\u0131mla\u015fma ve dayan\u0131\u015fma vak\u0131flar\u0131nca belirlenecek ihtiya\u00e7 sahibi ailelere yap\u0131lacak.ANKARA (\u0130GFA) &#8211; \u0130htiya\u00e7 sahibi hanelere \u0131s\u0131nma ama\u00e7l\u0131 k\u00f6m\u00fcr yard\u0131m\u0131 yap\u0131lmas\u0131na ili\u015fkin karar bug\u00fcnk\u00fc Resmi Gazete&#8217;de yay\u0131mland\u0131. Cumhurba\u015fkan\u0131 Karar\u0131&#8217;na g\u00f6re il ve il\u00e7e baz\u0131nda hane ba\u015f\u0131 da\u011f\u0131t\u0131m\u0131 yap\u0131lacak k\u00f6m\u00fcr miktarlar\u0131, Hazine ve Maliye Bakanl\u0131\u011f\u0131nca b\u00f6lgenin iklim ko\u015fullar\u0131, ge\u00e7mi\u015f y\u0131llara ait da\u011f\u0131t\u0131m miktarlar\u0131 ve k\u00f6m\u00fcr\u00fcn \u0131s\u0131l de\u011ferleri dikkate al\u0131narak belirlenecek. Yard\u0131mdan faydalanacak haneler, her il ve il\u00e7ede kurulu bulunan vak\u0131flarca muhta\u00e7l\u0131k kriterine uygun olarak tespit edilecek. Vak\u0131flarca say\u0131lar\u0131 belirlenen hane say\u0131lar\u0131 ise Aile ve Sosyal Hizmetler Bakanl\u0131\u011f\u0131n\u0131n de\u011ferlendirmeleri sonucunda onaylanacak. K\u00f6m\u00fcr teslimatlar\u0131, s\u00f6z konusu karar\u0131n h\u00fck\u00fcmleri \u00e7er\u00e7evesinde ailelerin ihtiya\u00e7lar\u0131 nispetinde yap\u0131lacak. S\u00f6z konusu k\u00f6m\u00fcr yard\u0131m\u0131na ili\u015fkin karar\u0131n detaylar\u0131na ula\u015fmak i\u00e7in t\u0131klayabilirsiniz \u200bCumhurba\u015fkan\u0131 Recep Tayyip Erdo\u011fan imzas\u0131yla bug\u00fcnk\u00fc Resmi Gazete&#8217;de yay\u0131mlanan karara g\u00f6re, k\u00f6m\u00fcr yard\u0131m\u0131, il ve il\u00e7e sosyal yard\u0131mla\u015fma ve dayan\u0131\u015fma vak\u0131flar\u0131nca belirlenecek ihtiya\u00e7 sahibi ailelere yap\u0131lacak.ANKARA (\u0130GFA) &#8211; \u0130htiya\u00e7 sahibi hanelere \u0131s\u0131nma ama\u00e7l\u0131 k\u00f6m\u00fcr yard\u0131m\u0131 yap\u0131lmas\u0131na ili\u015fkin karar bug\u00fcnk\u00fc Resmi Gazete&#8217;de yay\u0131mland\u0131. Cumhurba\u015fkan\u0131 Karar\u0131&#8217;na g\u00f6re il ve il\u00e7e baz\u0131nda hane ba\u015f\u0131 da\u011f\u0131t\u0131m\u0131 yap\u0131lacak k\u00f6m\u00fcr miktarlar\u0131, Hazine ve Maliye Bakanl\u0131\u011f\u0131nca b\u00f6lgenin iklim ko\u015fullar\u0131, ge\u00e7mi\u015f y\u0131llara ait da\u011f\u0131t\u0131m miktarlar\u0131 ve k\u00f6m\u00fcr\u00fcn \u0131s\u0131l de\u011ferleri dikkate al\u0131narak belirlenecek. Yard\u0131mdan &hellip;<\/p>","protected":false},"author":1,"featured_media":0,"comment_status":"open","ping_status":"open","sticky":false,"template":"","format":"standard","meta":{"_acf_changed":false,"footnotes":""},"categories":[24],"tags":[],"class_list":["post-25410","post","type-post","status-publish","format-standard","has-post-thumbnail","hentry","category-gundem"],"acf":[],"yoast_head":"<!-- This site is optimized with the Yoast SEO Premium plugin v26.6 (Yoast SEO v27.1.1) - https:\/\/yoast.com\/product\/yoast-seo-premium-wordpress\/ -->\n<title>K\u00f6m\u00fcr yard\u0131m\u0131 karar\u0131 &#039;Resmi&#039;le\u015fti - Av. Deniz Can K\u0131z\u0131l<\/title>\n<meta name=\"robots\" content=\"index, follow, max-snippet:-1, max-image-preview:large, max-video-preview:-1\" \/>\n<link rel=\"canonical\" href=\"https:\/\/denizcankizil.tr\/de\/haberler\/gundem\/komur-yardimi-karari-resmilesti\/\" \/>\n<meta property=\"og:locale\" content=\"de_DE\" \/>\n<meta property=\"og:type\" content=\"article\" \/>\n<meta property=\"og:title\" content=\"K\u00f6m\u00fcr yard\u0131m\u0131 karar\u0131 &#039;Resmi&#039;le\u015fti\" \/>\n<meta property=\"og:description\" content=\"Cumhurba\u015fkan\u0131 Recep Tayyip Erdo\u011fan imzas\u0131yla bug\u00fcnk\u00fc Resmi Gazete&#8217;de yay\u0131mlanan karara g\u00f6re, k\u00f6m\u00fcr yard\u0131m\u0131, il ve il\u00e7e sosyal yard\u0131mla\u015fma ve dayan\u0131\u015fma vak\u0131flar\u0131nca belirlenecek ihtiya\u00e7 sahibi ailelere yap\u0131lacak.ANKARA (\u0130GFA) &#8211; \u0130htiya\u00e7 sahibi hanelere \u0131s\u0131nma ama\u00e7l\u0131 k\u00f6m\u00fcr yard\u0131m\u0131 yap\u0131lmas\u0131na ili\u015fkin karar bug\u00fcnk\u00fc Resmi Gazete&#8217;de yay\u0131mland\u0131. Cumhurba\u015fkan\u0131 Karar\u0131&#8217;na g\u00f6re il ve il\u00e7e baz\u0131nda hane ba\u015f\u0131 da\u011f\u0131t\u0131m\u0131 yap\u0131lacak k\u00f6m\u00fcr miktarlar\u0131, Hazine ve Maliye Bakanl\u0131\u011f\u0131nca b\u00f6lgenin iklim ko\u015fullar\u0131, ge\u00e7mi\u015f y\u0131llara ait da\u011f\u0131t\u0131m miktarlar\u0131 ve k\u00f6m\u00fcr\u00fcn \u0131s\u0131l de\u011ferleri dikkate al\u0131narak belirlenecek. Yard\u0131mdan faydalanacak haneler, her il ve il\u00e7ede kurulu bulunan vak\u0131flarca muhta\u00e7l\u0131k kriterine uygun olarak tespit edilecek. Vak\u0131flarca say\u0131lar\u0131 belirlenen hane say\u0131lar\u0131 ise Aile ve Sosyal Hizmetler Bakanl\u0131\u011f\u0131n\u0131n de\u011ferlendirmeleri sonucunda onaylanacak. K\u00f6m\u00fcr teslimatlar\u0131, s\u00f6z konusu karar\u0131n h\u00fck\u00fcmleri \u00e7er\u00e7evesinde ailelerin ihtiya\u00e7lar\u0131 nispetinde yap\u0131lacak. S\u00f6z konusu k\u00f6m\u00fcr yard\u0131m\u0131na ili\u015fkin karar\u0131n detaylar\u0131na ula\u015fmak i\u00e7in t\u0131klayabilirsiniz \u200bCumhurba\u015fkan\u0131 Recep Tayyip Erdo\u011fan imzas\u0131yla bug\u00fcnk\u00fc Resmi Gazete&#8217;de yay\u0131mlanan karara g\u00f6re, k\u00f6m\u00fcr yard\u0131m\u0131, il ve il\u00e7e sosyal yard\u0131mla\u015fma ve dayan\u0131\u015fma vak\u0131flar\u0131nca belirlenecek ihtiya\u00e7 sahibi ailelere yap\u0131lacak.ANKARA (\u0130GFA) &#8211; \u0130htiya\u00e7 sahibi hanelere \u0131s\u0131nma ama\u00e7l\u0131 k\u00f6m\u00fcr yard\u0131m\u0131 yap\u0131lmas\u0131na ili\u015fkin karar bug\u00fcnk\u00fc Resmi Gazete&#8217;de yay\u0131mland\u0131. Cumhurba\u015fkan\u0131 Karar\u0131&#8217;na g\u00f6re il ve il\u00e7e baz\u0131nda hane ba\u015f\u0131 da\u011f\u0131t\u0131m\u0131 yap\u0131lacak k\u00f6m\u00fcr miktarlar\u0131, Hazine ve Maliye Bakanl\u0131\u011f\u0131nca b\u00f6lgenin iklim ko\u015fullar\u0131, ge\u00e7mi\u015f y\u0131llara ait da\u011f\u0131t\u0131m miktarlar\u0131 ve k\u00f6m\u00fcr\u00fcn \u0131s\u0131l de\u011ferleri dikkate al\u0131narak belirlenecek. Yard\u0131mdan &hellip;\" \/>\n<meta property=\"og:url\" content=\"https:\/\/denizcankizil.tr\/de\/haberler\/gundem\/komur-yardimi-karari-resmilesti\/\" \/>\n<meta property=\"og:site_name\" content=\"Av. Deniz Can K\u0131z\u0131l\" \/>\n<meta property=\"article:published_time\" content=\"2025-01-15T07:42:24+00:00\" \/>\n<meta name=\"author\" content=\"admin\" \/>\n<meta name=\"twitter:card\" content=\"summary_large_image\" \/>\n<meta name=\"twitter:label1\" content=\"Verfasst von\" \/>\n\t<meta name=\"twitter:data1\" content=\"admin\" \/>\n\t<meta name=\"twitter:label2\" content=\"Gesch\u00e4tzte Lesezeit\" \/>\n\t<meta name=\"twitter:data2\" content=\"2\u00a0Minuten\" \/>\n<script type=\"application\/ld+json\" class=\"yoast-schema-graph\">{\"@context\":\"https:\/\/schema.org\",\"@graph\":[{\"@type\":\"Article\",\"@id\":\"https:\/\/denizcankizil.tr\/ru\/haberler\/gundem\/komur-yardimi-karari-resmilesti\/#article\",\"isPartOf\":{\"@id\":\"https:\/\/denizcankizil.tr\/ru\/haberler\/gundem\/komur-yardimi-karari-resmilesti\/\"},\"author\":{\"name\":\"admin\",\"@id\":\"https:\/\/denizcankizil.tr\/#\/schema\/person\/be3c05fe6a12686905512445d8185489\"},\"headline\":\"K\u00f6m\u00fcr yard\u0131m\u0131 karar\u0131 &#8216;Resmi&#8217;le\u015fti\",\"datePublished\":\"2025-01-15T07:42:24+00:00\",\"mainEntityOfPage\":{\"@id\":\"https:\/\/denizcankizil.tr\/ru\/haberler\/gundem\/komur-yardimi-karari-resmilesti\/\"},\"wordCount\":433,\"commentCount\":0,\"publisher\":{\"@id\":\"https:\/\/denizcankizil.tr\/#organization\"},\"articleSection\":[\"G\u00fcndem\"],\"inLanguage\":\"de\",\"potentialAction\":[{\"@type\":\"CommentAction\",\"name\":\"Comment\",\"target\":[\"https:\/\/denizcankizil.tr\/ru\/haberler\/gundem\/komur-yardimi-karari-resmilesti\/#respond\"]}]},{\"@type\":\"WebPage\",\"@id\":\"https:\/\/denizcankizil.tr\/ru\/haberler\/gundem\/komur-yardimi-karari-resmilesti\/\",\"url\":\"https:\/\/denizcankizil.tr\/ru\/haberler\/gundem\/komur-yardimi-karari-resmilesti\/\",\"name\":\"K\u00f6m\u00fcr yard\u0131m\u0131 karar\u0131 'Resmi'le\u015fti - Av. Deniz Can K\u0131z\u0131l\",\"isPartOf\":{\"@id\":\"https:\/\/denizcankizil.tr\/#website\"},\"datePublished\":\"2025-01-15T07:42:24+00:00\",\"breadcrumb\":{\"@id\":\"https:\/\/denizcankizil.tr\/ru\/haberler\/gundem\/komur-yardimi-karari-resmilesti\/#breadcrumb\"},\"inLanguage\":\"de\",\"potentialAction\":[{\"@type\":\"ReadAction\",\"target\":[\"https:\/\/denizcankizil.tr\/ru\/haberler\/gundem\/komur-yardimi-karari-resmilesti\/\"]}]},{\"@type\":\"BreadcrumbList\",\"@id\":\"https:\/\/denizcankizil.tr\/ru\/haberler\/gundem\/komur-yardimi-karari-resmilesti\/#breadcrumb\",\"itemListElement\":[{\"@type\":\"ListItem\",\"position\":1,\"name\":\"Home\",\"item\":\"https:\/\/denizcankizil.tr\/de\/\"},{\"@type\":\"ListItem\",\"position\":2,\"name\":\"K\u00f6m\u00fcr yard\u0131m\u0131 karar\u0131 &#8216;Resmi&#8217;le\u015fti\"}]},{\"@type\":\"WebSite\",\"@id\":\"https:\/\/denizcankizil.tr\/#website\",\"url\":\"https:\/\/denizcankizil.tr\/\",\"name\":\"Av. Deniz Can K\u0131z\u0131l\",\"description\":\"Avukat Deniz Can K\u0131z\u0131l Antalya Barosu\",\"publisher\":{\"@id\":\"https:\/\/denizcankizil.tr\/#organization\"},\"potentialAction\":[{\"@type\":\"SearchAction\",\"target\":{\"@type\":\"EntryPoint\",\"urlTemplate\":\"https:\/\/denizcankizil.tr\/?s={search_term_string}\"},\"query-input\":{\"@type\":\"PropertyValueSpecification\",\"valueRequired\":true,\"valueName\":\"search_term_string\"}}],\"inLanguage\":\"de\"},{\"@type\":\"Organization\",\"@id\":\"https:\/\/denizcankizil.tr\/#organization\",\"name\":\"Av. Deniz Can K\u0131z\u0131l\",\"url\":\"https:\/\/denizcankizil.tr\/\",\"logo\":{\"@type\":\"ImageObject\",\"inLanguage\":\"de\",\"@id\":\"https:\/\/denizcankizil.tr\/#\/schema\/logo\/image\/\",\"url\":\"https:\/\/denizcankizil.tr\/wp-content\/uploads\/2024\/10\/siyah-logo-svg.svg\",\"contentUrl\":\"https:\/\/denizcankizil.tr\/wp-content\/uploads\/2024\/10\/siyah-logo-svg.svg\",\"width\":1080,\"height\":1080,\"caption\":\"Av. Deniz Can K\u0131z\u0131l\"},\"image\":{\"@id\":\"https:\/\/denizcankizil.tr\/#\/schema\/logo\/image\/\"}},{\"@type\":\"Person\",\"@id\":\"https:\/\/denizcankizil.tr\/#\/schema\/person\/be3c05fe6a12686905512445d8185489\",\"name\":\"admin\",\"image\":{\"@type\":\"ImageObject\",\"inLanguage\":\"de\",\"@id\":\"https:\/\/denizcankizil.tr\/#\/schema\/person\/image\/\",\"url\":\"https:\/\/secure.gravatar.com\/avatar\/c1fce94c830dc79107e174f890d7210541c4a63e8e5d816341794a2151c9d58c?s=96&d=mm&r=g\",\"contentUrl\":\"https:\/\/secure.gravatar.com\/avatar\/c1fce94c830dc79107e174f890d7210541c4a63e8e5d816341794a2151c9d58c?s=96&d=mm&r=g\",\"caption\":\"admin\"},\"sameAs\":[\"http:\/\/denizcankizil.tr\"],\"url\":\"https:\/\/www.iskenderun.org\/komur-yardimi-karari-resmilesti\"}]}<\/script>\n<!-- \/ Yoast SEO Premium plugin. -->","yoast_head_json":{"title":"K\u00f6m\u00fcr yard\u0131m\u0131 karar\u0131 'Resmi'le\u015fti - Av. Deniz Can K\u0131z\u0131l","robots":{"index":"index","follow":"follow","max-snippet":"max-snippet:-1","max-image-preview":"max-image-preview:large","max-video-preview":"max-video-preview:-1"},"canonical":"https:\/\/denizcankizil.tr\/de\/haberler\/gundem\/komur-yardimi-karari-resmilesti\/","og_locale":"de_DE","og_type":"article","og_title":"K\u00f6m\u00fcr yard\u0131m\u0131 karar\u0131 'Resmi'le\u015fti","og_description":"Cumhurba\u015fkan\u0131 Recep Tayyip Erdo\u011fan imzas\u0131yla bug\u00fcnk\u00fc Resmi Gazete&#8217;de yay\u0131mlanan karara g\u00f6re, k\u00f6m\u00fcr yard\u0131m\u0131, il ve il\u00e7e sosyal yard\u0131mla\u015fma ve dayan\u0131\u015fma vak\u0131flar\u0131nca belirlenecek ihtiya\u00e7 sahibi ailelere yap\u0131lacak.ANKARA (\u0130GFA) &#8211; \u0130htiya\u00e7 sahibi hanelere \u0131s\u0131nma ama\u00e7l\u0131 k\u00f6m\u00fcr yard\u0131m\u0131 yap\u0131lmas\u0131na ili\u015fkin karar bug\u00fcnk\u00fc Resmi Gazete&#8217;de yay\u0131mland\u0131. Cumhurba\u015fkan\u0131 Karar\u0131&#8217;na g\u00f6re il ve il\u00e7e baz\u0131nda hane ba\u015f\u0131 da\u011f\u0131t\u0131m\u0131 yap\u0131lacak k\u00f6m\u00fcr miktarlar\u0131, Hazine ve Maliye Bakanl\u0131\u011f\u0131nca b\u00f6lgenin iklim ko\u015fullar\u0131, ge\u00e7mi\u015f y\u0131llara ait da\u011f\u0131t\u0131m miktarlar\u0131 ve k\u00f6m\u00fcr\u00fcn \u0131s\u0131l de\u011ferleri dikkate al\u0131narak belirlenecek. Yard\u0131mdan faydalanacak haneler, her il ve il\u00e7ede kurulu bulunan vak\u0131flarca muhta\u00e7l\u0131k kriterine uygun olarak tespit edilecek. Vak\u0131flarca say\u0131lar\u0131 belirlenen hane say\u0131lar\u0131 ise Aile ve Sosyal Hizmetler Bakanl\u0131\u011f\u0131n\u0131n de\u011ferlendirmeleri sonucunda onaylanacak. K\u00f6m\u00fcr teslimatlar\u0131, s\u00f6z konusu karar\u0131n h\u00fck\u00fcmleri \u00e7er\u00e7evesinde ailelerin ihtiya\u00e7lar\u0131 nispetinde yap\u0131lacak. S\u00f6z konusu k\u00f6m\u00fcr yard\u0131m\u0131na ili\u015fkin karar\u0131n detaylar\u0131na ula\u015fmak i\u00e7in t\u0131klayabilirsiniz \u200bCumhurba\u015fkan\u0131 Recep Tayyip Erdo\u011fan imzas\u0131yla bug\u00fcnk\u00fc Resmi Gazete&#8217;de yay\u0131mlanan karara g\u00f6re, k\u00f6m\u00fcr yard\u0131m\u0131, il ve il\u00e7e sosyal yard\u0131mla\u015fma ve dayan\u0131\u015fma vak\u0131flar\u0131nca belirlenecek ihtiya\u00e7 sahibi ailelere yap\u0131lacak.ANKARA (\u0130GFA) &#8211; \u0130htiya\u00e7 sahibi hanelere \u0131s\u0131nma ama\u00e7l\u0131 k\u00f6m\u00fcr yard\u0131m\u0131 yap\u0131lmas\u0131na ili\u015fkin karar bug\u00fcnk\u00fc Resmi Gazete&#8217;de yay\u0131mland\u0131. Cumhurba\u015fkan\u0131 Karar\u0131&#8217;na g\u00f6re il ve il\u00e7e baz\u0131nda hane ba\u015f\u0131 da\u011f\u0131t\u0131m\u0131 yap\u0131lacak k\u00f6m\u00fcr miktarlar\u0131, Hazine ve Maliye Bakanl\u0131\u011f\u0131nca b\u00f6lgenin iklim ko\u015fullar\u0131, ge\u00e7mi\u015f y\u0131llara ait da\u011f\u0131t\u0131m miktarlar\u0131 ve k\u00f6m\u00fcr\u00fcn \u0131s\u0131l de\u011ferleri dikkate al\u0131narak belirlenecek. Yard\u0131mdan &hellip;","og_url":"https:\/\/denizcankizil.tr\/de\/haberler\/gundem\/komur-yardimi-karari-resmilesti\/","og_site_name":"Av. Deniz Can K\u0131z\u0131l","article_published_time":"2025-01-15T07:42:24+00:00","author":"admin","twitter_card":"summary_large_image","twitter_misc":{"Verfasst von":"admin","Gesch\u00e4tzte Lesezeit":"2\u00a0Minuten"},"schema":{"@context":"https:\/\/schema.org","@graph":[{"@type":"Article","@id":"https:\/\/denizcankizil.tr\/ru\/haberler\/gundem\/komur-yardimi-karari-resmilesti\/#article","isPartOf":{"@id":"https:\/\/denizcankizil.tr\/ru\/haberler\/gundem\/komur-yardimi-karari-resmilesti\/"},"author":{"name":"admin","@id":"https:\/\/denizcankizil.tr\/#\/schema\/person\/be3c05fe6a12686905512445d8185489"},"headline":"K\u00f6m\u00fcr yard\u0131m\u0131 karar\u0131 &#8216;Resmi&#8217;le\u015fti","datePublished":"2025-01-15T07:42:24+00:00","mainEntityOfPage":{"@id":"https:\/\/denizcankizil.tr\/ru\/haberler\/gundem\/komur-yardimi-karari-resmilesti\/"},"wordCount":433,"commentCount":0,"publisher":{"@id":"https:\/\/denizcankizil.tr\/#organization"},"articleSection":["G\u00fcndem"],"inLanguage":"de","potentialAction":[{"@type":"CommentAction","name":"Comment","target":["https:\/\/denizcankizil.tr\/ru\/haberler\/gundem\/komur-yardimi-karari-resmilesti\/#respond"]}]},{"@type":"WebPage","@id":"https:\/\/denizcankizil.tr\/ru\/haberler\/gundem\/komur-yardimi-karari-resmilesti\/","url":"https:\/\/denizcankizil.tr\/ru\/haberler\/gundem\/komur-yardimi-karari-resmilesti\/","name":"K\u00f6m\u00fcr yard\u0131m\u0131 karar\u0131 'Resmi'le\u015fti - Av. Deniz Can K\u0131z\u0131l","isPartOf":{"@id":"https:\/\/denizcankizil.tr\/#website"},"datePublished":"2025-01-15T07:42:24+00:00","breadcrumb":{"@id":"https:\/\/denizcankizil.tr\/ru\/haberler\/gundem\/komur-yardimi-karari-resmilesti\/#breadcrumb"},"inLanguage":"de","potentialAction":[{"@type":"ReadAction","target":["https:\/\/denizcankizil.tr\/ru\/haberler\/gundem\/komur-yardimi-karari-resmilesti\/"]}]},{"@type":"BreadcrumbList","@id":"https:\/\/denizcankizil.tr\/ru\/haberler\/gundem\/komur-yardimi-karari-resmilesti\/#breadcrumb","itemListElement":[{"@type":"ListItem","position":1,"name":"Home","item":"https:\/\/denizcankizil.tr\/de\/"},{"@type":"ListItem","position":2,"name":"K\u00f6m\u00fcr yard\u0131m\u0131 karar\u0131 &#8216;Resmi&#8217;le\u015fti"}]},{"@type":"WebSite","@id":"https:\/\/denizcankizil.tr\/#website","url":"https:\/\/denizcankizil.tr\/","name":"Av. Deniz Can K\u0131z\u0131l","description":"Avukat Deniz Can K\u0131z\u0131l Antalya Barosu","publisher":{"@id":"https:\/\/denizcankizil.tr\/#organization"},"potentialAction":[{"@type":"SearchAction","target":{"@type":"EntryPoint","urlTemplate":"https:\/\/denizcankizil.tr\/?s={search_term_string}"},"query-input":{"@type":"PropertyValueSpecification","valueRequired":true,"valueName":"search_term_string"}}],"inLanguage":"de"},{"@type":"Organization","@id":"https:\/\/denizcankizil.tr\/#organization","name":"Av. Deniz Can K\u0131z\u0131l","url":"https:\/\/denizcankizil.tr\/","logo":{"@type":"ImageObject","inLanguage":"de","@id":"https:\/\/denizcankizil.tr\/#\/schema\/logo\/image\/","url":"https:\/\/denizcankizil.tr\/wp-content\/uploads\/2024\/10\/siyah-logo-svg.svg","contentUrl":"https:\/\/denizcankizil.tr\/wp-content\/uploads\/2024\/10\/siyah-logo-svg.svg","width":1080,"height":1080,"caption":"Av. Deniz Can K\u0131z\u0131l"},"image":{"@id":"https:\/\/denizcankizil.tr\/#\/schema\/logo\/image\/"}},{"@type":"Person","@id":"https:\/\/denizcankizil.tr\/#\/schema\/person\/be3c05fe6a12686905512445d8185489","name":"Administrator","image":{"@type":"ImageObject","inLanguage":"de","@id":"https:\/\/denizcankizil.tr\/#\/schema\/person\/image\/","url":"https:\/\/secure.gravatar.com\/avatar\/c1fce94c830dc79107e174f890d7210541c4a63e8e5d816341794a2151c9d58c?s=96&d=mm&r=g","contentUrl":"https:\/\/secure.gravatar.com\/avatar\/c1fce94c830dc79107e174f890d7210541c4a63e8e5d816341794a2151c9d58c?s=96&d=mm&r=g","caption":"admin"},"sameAs":["http:\/\/denizcankizil.tr"],"url":"https:\/\/www.iskenderun.org\/komur-yardimi-karari-resmilesti"}]}},"_links":{"self":[{"href":"https:\/\/denizcankizil.tr\/de\/wp-json\/wp\/v2\/posts\/25410","targetHints":{"allow":["GET"]}}],"collection":[{"href":"https:\/\/denizcankizil.tr\/de\/wp-json\/wp\/v2\/posts"}],"about":[{"href":"https:\/\/denizcankizil.tr\/de\/wp-json\/wp\/v2\/types\/post"}],"author":[{"embeddable":true,"href":"https:\/\/denizcankizil.tr\/de\/wp-json\/wp\/v2\/users\/1"}],"replies":[{"embeddable":true,"href":"https:\/\/denizcankizil.tr\/de\/wp-json\/wp\/v2\/comments?post=25410"}],"version-history":[{"count":0,"href":"https:\/\/denizcankizil.tr\/de\/wp-json\/wp\/v2\/posts\/25410\/revisions"}],"wp:attachment":[{"href":"https:\/\/denizcankizil.tr\/de\/wp-json\/wp\/v2\/media?parent=25410"}],"wp:term":[{"taxonomy":"category","embeddable":true,"href":"https:\/\/denizcankizil.tr\/de\/wp-json\/wp\/v2\/categories?post=25410"},{"taxonomy":"post_tag","embeddable":true,"href":"https:\/\/denizcankizil.tr\/de\/wp-json\/wp\/v2\/tags?post=25410"}],"curies":[{"name":"wp","href":"https:\/\/api.w.org\/{rel}","templated":true}]}}