{"id":25380,"date":"2025-01-15T09:42:04","date_gmt":"2025-01-15T06:42:04","guid":{"rendered":"https:\/\/denizcankizil.tr\/uncategorized-tr\/motosikletli-polis-timi-ile-otomobil-carpisti-1-polis-yaralandi\/"},"modified":"2025-01-15T09:42:04","modified_gmt":"2025-01-15T06:42:04","slug":"motosikletli-polis-timi-ile-otomobil-carpisti-1-polis-yaralandi","status":"publish","type":"post","link":"https:\/\/denizcankizil.tr\/de\/haberler\/antalya\/motosikletli-polis-timi-ile-otomobil-carpisti-1-polis-yaralandi\/","title":{"rendered":"Motosikletli polis timi ile otomobil \u00e7arp\u0131\u015ft\u0131: 1 polis yaraland\u0131"},"content":{"rendered":"<p>Muratpa\u015fa il\u00e7esi Bah\u00e7elievler Mahallesi, 100. Y\u0131l Bulvar\u0131 \u00fczerinde saat 19.30 s\u0131ralar\u0131nda meydana gelen kazada, motosikletli polis timi s\u00fcr\u00fcc\u00fcs\u00fc Emre A., ayn\u0131 istikamette seyir halinde olan Serdal \u00dc. idaresindeki 07 BJL 685 plakal\u0131 Fiat Egea marka otomobile \u00e7arpt\u0131. \u00c7arpman\u0131n etkisiyle motosiklette bulunan polis memuru Burak E. savrularak yere d\u00fc\u015ft\u00fc ve yaraland\u0131. Kazan\u0131n ard\u0131ndan olay yerine \u00e7ok say\u0131da motosikletli polis timi ve b\u00f6lge asayi\u015f ekipleri sevk edildi. Meslekta\u015flar\u0131n\u0131 yaln\u0131z b\u0131rakmayan ekipler, yaral\u0131 polisin durumuyla yak\u0131ndan ilgilenirken, 112 Acil Sa\u011fl\u0131k ekipleri k\u0131sa s\u00fcrede olay yerine ula\u015ft\u0131. Yaral\u0131 polis memuru Burak E., ilk m\u00fcdahalenin ard\u0131ndan ambulansla Antalya E\u011fitim Ara\u015ft\u0131rma hastanesine kald\u0131r\u0131larak tedavi alt\u0131na al\u0131n\u0131rken, kazayla ilgili inceleme ba\u015flat\u0131ld\u0131. Polis ekipleri, b\u00f6lgede g\u00fcvenlik \u00f6nlemi alarak trafik ak\u0131\u015f\u0131n\u0131 kontroll\u00fc \u015fekilde sa\u011flad\u0131.<\/p>\n<p>Kaynak: www.kanalv.com.tr Haber Sitesinden Al\u0131nm\u0131\u015ft\u0131r.<\/p>","protected":false},"excerpt":{"rendered":"<p>Muratpa\u015fa il\u00e7esi Bah\u00e7elievler Mahallesi, 100. Y\u0131l Bulvar\u0131 \u00fczerinde saat 19.30 s\u0131ralar\u0131nda meydana gelen kazada, motosikletli polis timi s\u00fcr\u00fcc\u00fcs\u00fc Emre A., ayn\u0131 istikamette seyir halinde olan Serdal \u00dc. idaresindeki 07 BJL 685 plakal\u0131 Fiat Egea marka otomobile \u00e7arpt\u0131. \u00c7arpman\u0131n etkisiyle motosiklette bulunan polis memuru Burak E. savrularak yere d\u00fc\u015ft\u00fc ve yaraland\u0131. Kazan\u0131n ard\u0131ndan olay yerine \u00e7ok say\u0131da motosikletli polis timi ve b\u00f6lge asayi\u015f ekipleri sevk edildi. Meslekta\u015flar\u0131n\u0131 yaln\u0131z b\u0131rakmayan ekipler, yaral\u0131 polisin durumuyla yak\u0131ndan ilgilenirken, 112 Acil Sa\u011fl\u0131k ekipleri k\u0131sa s\u00fcrede olay yerine ula\u015ft\u0131. Yaral\u0131 polis memuru Burak E., ilk m\u00fcdahalenin ard\u0131ndan ambulansla Antalya E\u011fitim Ara\u015ft\u0131rma hastanesine kald\u0131r\u0131larak tedavi alt\u0131na al\u0131n\u0131rken, kazayla ilgili inceleme ba\u015flat\u0131ld\u0131. Polis ekipleri, b\u00f6lgede g\u00fcvenlik \u00f6nlemi alarak trafik ak\u0131\u015f\u0131n\u0131 kontroll\u00fc \u015fekilde sa\u011flad\u0131. Kaynak: www.kanalv.com.tr Haber Sitesinden Al\u0131nm\u0131\u015ft\u0131r.<\/p>","protected":false},"author":4,"featured_media":25381,"comment_status":"open","ping_status":"open","sticky":false,"template":"","format":"standard","meta":{"_acf_changed":false,"footnotes":""},"categories":[26],"tags":[],"class_list":["post-25380","post","type-post","status-publish","format-standard","has-post-thumbnail","hentry","category-antalya"],"acf":[],"yoast_head":"<!-- This site is optimized with the Yoast SEO Premium plugin v26.6 (Yoast SEO v27.1.1) - https:\/\/yoast.com\/product\/yoast-seo-premium-wordpress\/ -->\n<title>Motosikletli polis timi ile otomobil \u00e7arp\u0131\u015ft\u0131: 1 polis yaraland\u0131 - Av. Deniz Can K\u0131z\u0131l<\/title>\n<meta name=\"robots\" content=\"index, follow, max-snippet:-1, max-image-preview:large, max-video-preview:-1\" \/>\n<link rel=\"canonical\" href=\"https:\/\/denizcankizil.tr\/de\/haberler\/antalya\/motosikletli-polis-timi-ile-otomobil-carpisti-1-polis-yaralandi\/\" \/>\n<meta property=\"og:locale\" content=\"de_DE\" \/>\n<meta property=\"og:type\" content=\"article\" \/>\n<meta property=\"og:title\" content=\"Motosikletli polis timi ile otomobil \u00e7arp\u0131\u015ft\u0131: 1 polis yaraland\u0131\" \/>\n<meta property=\"og:description\" content=\"Muratpa\u015fa il\u00e7esi Bah\u00e7elievler Mahallesi, 100. Y\u0131l Bulvar\u0131 \u00fczerinde saat 19.30 s\u0131ralar\u0131nda meydana gelen kazada, motosikletli polis timi s\u00fcr\u00fcc\u00fcs\u00fc Emre A., ayn\u0131 istikamette seyir halinde olan Serdal \u00dc. idaresindeki 07 BJL 685 plakal\u0131 Fiat Egea marka otomobile \u00e7arpt\u0131. \u00c7arpman\u0131n etkisiyle motosiklette bulunan polis memuru Burak E. savrularak yere d\u00fc\u015ft\u00fc ve yaraland\u0131. Kazan\u0131n ard\u0131ndan olay yerine \u00e7ok say\u0131da motosikletli polis timi ve b\u00f6lge asayi\u015f ekipleri sevk edildi. Meslekta\u015flar\u0131n\u0131 yaln\u0131z b\u0131rakmayan ekipler, yaral\u0131 polisin durumuyla yak\u0131ndan ilgilenirken, 112 Acil Sa\u011fl\u0131k ekipleri k\u0131sa s\u00fcrede olay yerine ula\u015ft\u0131. Yaral\u0131 polis memuru Burak E., ilk m\u00fcdahalenin ard\u0131ndan ambulansla Antalya E\u011fitim Ara\u015ft\u0131rma hastanesine kald\u0131r\u0131larak tedavi alt\u0131na al\u0131n\u0131rken, kazayla ilgili inceleme ba\u015flat\u0131ld\u0131. Polis ekipleri, b\u00f6lgede g\u00fcvenlik \u00f6nlemi alarak trafik ak\u0131\u015f\u0131n\u0131 kontroll\u00fc \u015fekilde sa\u011flad\u0131. Kaynak: www.kanalv.com.tr Haber Sitesinden Al\u0131nm\u0131\u015ft\u0131r.\" \/>\n<meta property=\"og:url\" content=\"https:\/\/denizcankizil.tr\/de\/haberler\/antalya\/motosikletli-polis-timi-ile-otomobil-carpisti-1-polis-yaralandi\/\" \/>\n<meta property=\"og:site_name\" content=\"Av. Deniz Can K\u0131z\u0131l\" \/>\n<meta property=\"article:published_time\" content=\"2025-01-15T06:42:04+00:00\" \/>\n<meta property=\"og:image\" content=\"https:\/\/denizcankizil.tr\/wp-content\/uploads\/2025\/01\/4151-01-dXwi5M.jpeg\" \/>\n\t<meta property=\"og:image:width\" content=\"1280\" \/>\n\t<meta property=\"og:image:height\" content=\"720\" \/>\n\t<meta property=\"og:image:type\" content=\"image\/jpeg\" \/>\n<meta name=\"author\" content=\"Av. Deniz Can K\u0131z\u0131l\" \/>\n<meta name=\"twitter:card\" content=\"summary_large_image\" \/>\n<meta name=\"twitter:label1\" content=\"Verfasst von\" \/>\n\t<meta name=\"twitter:data1\" content=\"Av. Deniz Can K\u0131z\u0131l\" \/>\n\t<meta name=\"twitter:label2\" content=\"Gesch\u00e4tzte Lesezeit\" \/>\n\t<meta name=\"twitter:data2\" content=\"1\u00a0Minute\" \/>\n<script type=\"application\/ld+json\" class=\"yoast-schema-graph\">{\"@context\":\"https:\/\/schema.org\",\"@graph\":[{\"@type\":\"Article\",\"@id\":\"https:\/\/denizcankizil.tr\/de\/haberler\/antalya\/motosikletli-polis-timi-ile-otomobil-carpisti-1-polis-yaralandi\/#article\",\"isPartOf\":{\"@id\":\"https:\/\/denizcankizil.tr\/de\/haberler\/antalya\/motosikletli-polis-timi-ile-otomobil-carpisti-1-polis-yaralandi\/\"},\"author\":{\"name\":\"Av. Deniz Can K\u0131z\u0131l\",\"@id\":\"https:\/\/denizcankizil.tr\/de\/#\/schema\/person\/5dc1b22991bd7ac833867c10afc9b0ff\"},\"headline\":\"Motosikletli polis timi ile otomobil \u00e7arp\u0131\u015ft\u0131: 1 polis yaraland\u0131\",\"datePublished\":\"2025-01-15T06:42:04+00:00\",\"mainEntityOfPage\":{\"@id\":\"https:\/\/denizcankizil.tr\/de\/haberler\/antalya\/motosikletli-polis-timi-ile-otomobil-carpisti-1-polis-yaralandi\/\"},\"wordCount\":170,\"commentCount\":0,\"publisher\":{\"@id\":\"https:\/\/denizcankizil.tr\/de\/#organization\"},\"image\":{\"@id\":\"https:\/\/denizcankizil.tr\/de\/haberler\/antalya\/motosikletli-polis-timi-ile-otomobil-carpisti-1-polis-yaralandi\/#primaryimage\"},\"thumbnailUrl\":\"https:\/\/denizcankizil.tr\/wp-content\/uploads\/2025\/01\/4151-01-dXwi5M.jpeg\",\"articleSection\":[\"Antalya\"],\"inLanguage\":\"de\",\"potentialAction\":[{\"@type\":\"CommentAction\",\"name\":\"Comment\",\"target\":[\"https:\/\/denizcankizil.tr\/de\/haberler\/antalya\/motosikletli-polis-timi-ile-otomobil-carpisti-1-polis-yaralandi\/#respond\"]}]},{\"@type\":\"WebPage\",\"@id\":\"https:\/\/denizcankizil.tr\/de\/haberler\/antalya\/motosikletli-polis-timi-ile-otomobil-carpisti-1-polis-yaralandi\/\",\"url\":\"https:\/\/denizcankizil.tr\/de\/haberler\/antalya\/motosikletli-polis-timi-ile-otomobil-carpisti-1-polis-yaralandi\/\",\"name\":\"Motosikletli polis timi ile otomobil \u00e7arp\u0131\u015ft\u0131: 1 polis yaraland\u0131 - Av. Deniz Can K\u0131z\u0131l\",\"isPartOf\":{\"@id\":\"https:\/\/denizcankizil.tr\/de\/#website\"},\"primaryImageOfPage\":{\"@id\":\"https:\/\/denizcankizil.tr\/de\/haberler\/antalya\/motosikletli-polis-timi-ile-otomobil-carpisti-1-polis-yaralandi\/#primaryimage\"},\"image\":{\"@id\":\"https:\/\/denizcankizil.tr\/de\/haberler\/antalya\/motosikletli-polis-timi-ile-otomobil-carpisti-1-polis-yaralandi\/#primaryimage\"},\"thumbnailUrl\":\"https:\/\/denizcankizil.tr\/wp-content\/uploads\/2025\/01\/4151-01-dXwi5M.jpeg\",\"datePublished\":\"2025-01-15T06:42:04+00:00\",\"breadcrumb\":{\"@id\":\"https:\/\/denizcankizil.tr\/de\/haberler\/antalya\/motosikletli-polis-timi-ile-otomobil-carpisti-1-polis-yaralandi\/#breadcrumb\"},\"inLanguage\":\"de\",\"potentialAction\":[{\"@type\":\"ReadAction\",\"target\":[\"https:\/\/denizcankizil.tr\/de\/haberler\/antalya\/motosikletli-polis-timi-ile-otomobil-carpisti-1-polis-yaralandi\/\"]}]},{\"@type\":\"ImageObject\",\"inLanguage\":\"de\",\"@id\":\"https:\/\/denizcankizil.tr\/de\/haberler\/antalya\/motosikletli-polis-timi-ile-otomobil-carpisti-1-polis-yaralandi\/#primaryimage\",\"url\":\"https:\/\/denizcankizil.tr\/wp-content\/uploads\/2025\/01\/4151-01-dXwi5M.jpeg\",\"contentUrl\":\"https:\/\/denizcankizil.tr\/wp-content\/uploads\/2025\/01\/4151-01-dXwi5M.jpeg\",\"width\":1280,\"height\":720},{\"@type\":\"BreadcrumbList\",\"@id\":\"https:\/\/denizcankizil.tr\/de\/haberler\/antalya\/motosikletli-polis-timi-ile-otomobil-carpisti-1-polis-yaralandi\/#breadcrumb\",\"itemListElement\":[{\"@type\":\"ListItem\",\"position\":1,\"name\":\"Home\",\"item\":\"https:\/\/denizcankizil.tr\/de\/\"},{\"@type\":\"ListItem\",\"position\":2,\"name\":\"Motosikletli polis timi ile otomobil \u00e7arp\u0131\u015ft\u0131: 1 polis yaraland\u0131\"}]},{\"@type\":\"WebSite\",\"@id\":\"https:\/\/denizcankizil.tr\/de\/#website\",\"url\":\"https:\/\/denizcankizil.tr\/de\/\",\"name\":\"Av. Deniz Can K\u0131z\u0131l\",\"description\":\"Avukat Deniz Can K\u0131z\u0131l Antalya Barosu\",\"publisher\":{\"@id\":\"https:\/\/denizcankizil.tr\/de\/#organization\"},\"potentialAction\":[{\"@type\":\"SearchAction\",\"target\":{\"@type\":\"EntryPoint\",\"urlTemplate\":\"https:\/\/denizcankizil.tr\/de\/?s={search_term_string}\"},\"query-input\":{\"@type\":\"PropertyValueSpecification\",\"valueRequired\":true,\"valueName\":\"search_term_string\"}}],\"inLanguage\":\"de\"},{\"@type\":\"Organization\",\"@id\":\"https:\/\/denizcankizil.tr\/de\/#organization\",\"name\":\"Av. Deniz Can K\u0131z\u0131l\",\"url\":\"https:\/\/denizcankizil.tr\/de\/\",\"logo\":{\"@type\":\"ImageObject\",\"inLanguage\":\"de\",\"@id\":\"https:\/\/denizcankizil.tr\/de\/#\/schema\/logo\/image\/\",\"url\":\"https:\/\/denizcankizil.tr\/wp-content\/uploads\/2024\/10\/siyah-logo-svg.svg\",\"contentUrl\":\"https:\/\/denizcankizil.tr\/wp-content\/uploads\/2024\/10\/siyah-logo-svg.svg\",\"width\":1080,\"height\":1080,\"caption\":\"Av. Deniz Can K\u0131z\u0131l\"},\"image\":{\"@id\":\"https:\/\/denizcankizil.tr\/de\/#\/schema\/logo\/image\/\"}},{\"@type\":\"Person\",\"@id\":\"https:\/\/denizcankizil.tr\/de\/#\/schema\/person\/5dc1b22991bd7ac833867c10afc9b0ff\",\"name\":\"Av. Deniz Can K\u0131z\u0131l\",\"image\":{\"@type\":\"ImageObject\",\"inLanguage\":\"de\",\"@id\":\"https:\/\/denizcankizil.tr\/de\/#\/schema\/person\/image\/\",\"url\":\"https:\/\/secure.gravatar.com\/avatar\/a0b128fb9855c79efc976d5640eedb31dc35ec297594d6016d2cf7c60e975bb6?s=96&d=mm&r=g\",\"contentUrl\":\"https:\/\/secure.gravatar.com\/avatar\/a0b128fb9855c79efc976d5640eedb31dc35ec297594d6016d2cf7c60e975bb6?s=96&d=mm&r=g\",\"caption\":\"Av. Deniz Can K\u0131z\u0131l\"},\"sameAs\":[\"http:\/\/www.denizcankizil.tr\"],\"url\":\"https:\/\/denizcankizil.tr\/de\/author\/denizcankizil\/\"}]}<\/script>\n<!-- \/ Yoast SEO Premium plugin. -->","yoast_head_json":{"title":"Motosikletli polis timi ile otomobil \u00e7arp\u0131\u015ft\u0131: 1 polis yaraland\u0131 - Av. Deniz Can K\u0131z\u0131l","robots":{"index":"index","follow":"follow","max-snippet":"max-snippet:-1","max-image-preview":"max-image-preview:large","max-video-preview":"max-video-preview:-1"},"canonical":"https:\/\/denizcankizil.tr\/de\/haberler\/antalya\/motosikletli-polis-timi-ile-otomobil-carpisti-1-polis-yaralandi\/","og_locale":"de_DE","og_type":"article","og_title":"Motosikletli polis timi ile otomobil \u00e7arp\u0131\u015ft\u0131: 1 polis yaraland\u0131","og_description":"Muratpa\u015fa il\u00e7esi Bah\u00e7elievler Mahallesi, 100. Y\u0131l Bulvar\u0131 \u00fczerinde saat 19.30 s\u0131ralar\u0131nda meydana gelen kazada, motosikletli polis timi s\u00fcr\u00fcc\u00fcs\u00fc Emre A., ayn\u0131 istikamette seyir halinde olan Serdal \u00dc. idaresindeki 07 BJL 685 plakal\u0131 Fiat Egea marka otomobile \u00e7arpt\u0131. \u00c7arpman\u0131n etkisiyle motosiklette bulunan polis memuru Burak E. savrularak yere d\u00fc\u015ft\u00fc ve yaraland\u0131. Kazan\u0131n ard\u0131ndan olay yerine \u00e7ok say\u0131da motosikletli polis timi ve b\u00f6lge asayi\u015f ekipleri sevk edildi. Meslekta\u015flar\u0131n\u0131 yaln\u0131z b\u0131rakmayan ekipler, yaral\u0131 polisin durumuyla yak\u0131ndan ilgilenirken, 112 Acil Sa\u011fl\u0131k ekipleri k\u0131sa s\u00fcrede olay yerine ula\u015ft\u0131. Yaral\u0131 polis memuru Burak E., ilk m\u00fcdahalenin ard\u0131ndan ambulansla Antalya E\u011fitim Ara\u015ft\u0131rma hastanesine kald\u0131r\u0131larak tedavi alt\u0131na al\u0131n\u0131rken, kazayla ilgili inceleme ba\u015flat\u0131ld\u0131. Polis ekipleri, b\u00f6lgede g\u00fcvenlik \u00f6nlemi alarak trafik ak\u0131\u015f\u0131n\u0131 kontroll\u00fc \u015fekilde sa\u011flad\u0131. Kaynak: www.kanalv.com.tr Haber Sitesinden Al\u0131nm\u0131\u015ft\u0131r.","og_url":"https:\/\/denizcankizil.tr\/de\/haberler\/antalya\/motosikletli-polis-timi-ile-otomobil-carpisti-1-polis-yaralandi\/","og_site_name":"Av. Deniz Can K\u0131z\u0131l","article_published_time":"2025-01-15T06:42:04+00:00","og_image":[{"width":1280,"height":720,"url":"https:\/\/denizcankizil.tr\/wp-content\/uploads\/2025\/01\/4151-01-dXwi5M.jpeg","type":"image\/jpeg"}],"author":"Av. Deniz Can K\u0131z\u0131l","twitter_card":"summary_large_image","twitter_misc":{"Verfasst von":"Av. Deniz Can K\u0131z\u0131l","Gesch\u00e4tzte Lesezeit":"1\u00a0Minute"},"schema":{"@context":"https:\/\/schema.org","@graph":[{"@type":"Article","@id":"https:\/\/denizcankizil.tr\/de\/haberler\/antalya\/motosikletli-polis-timi-ile-otomobil-carpisti-1-polis-yaralandi\/#article","isPartOf":{"@id":"https:\/\/denizcankizil.tr\/de\/haberler\/antalya\/motosikletli-polis-timi-ile-otomobil-carpisti-1-polis-yaralandi\/"},"author":{"name":"Av. Deniz Can K\u0131z\u0131l","@id":"https:\/\/denizcankizil.tr\/de\/#\/schema\/person\/5dc1b22991bd7ac833867c10afc9b0ff"},"headline":"Motosikletli polis timi ile otomobil \u00e7arp\u0131\u015ft\u0131: 1 polis yaraland\u0131","datePublished":"2025-01-15T06:42:04+00:00","mainEntityOfPage":{"@id":"https:\/\/denizcankizil.tr\/de\/haberler\/antalya\/motosikletli-polis-timi-ile-otomobil-carpisti-1-polis-yaralandi\/"},"wordCount":170,"commentCount":0,"publisher":{"@id":"https:\/\/denizcankizil.tr\/de\/#organization"},"image":{"@id":"https:\/\/denizcankizil.tr\/de\/haberler\/antalya\/motosikletli-polis-timi-ile-otomobil-carpisti-1-polis-yaralandi\/#primaryimage"},"thumbnailUrl":"https:\/\/denizcankizil.tr\/wp-content\/uploads\/2025\/01\/4151-01-dXwi5M.jpeg","articleSection":["Antalya"],"inLanguage":"de","potentialAction":[{"@type":"CommentAction","name":"Comment","target":["https:\/\/denizcankizil.tr\/de\/haberler\/antalya\/motosikletli-polis-timi-ile-otomobil-carpisti-1-polis-yaralandi\/#respond"]}]},{"@type":"WebPage","@id":"https:\/\/denizcankizil.tr\/de\/haberler\/antalya\/motosikletli-polis-timi-ile-otomobil-carpisti-1-polis-yaralandi\/","url":"https:\/\/denizcankizil.tr\/de\/haberler\/antalya\/motosikletli-polis-timi-ile-otomobil-carpisti-1-polis-yaralandi\/","name":"Motosikletli polis timi ile otomobil \u00e7arp\u0131\u015ft\u0131: 1 polis yaraland\u0131 - Av. Deniz Can K\u0131z\u0131l","isPartOf":{"@id":"https:\/\/denizcankizil.tr\/de\/#website"},"primaryImageOfPage":{"@id":"https:\/\/denizcankizil.tr\/de\/haberler\/antalya\/motosikletli-polis-timi-ile-otomobil-carpisti-1-polis-yaralandi\/#primaryimage"},"image":{"@id":"https:\/\/denizcankizil.tr\/de\/haberler\/antalya\/motosikletli-polis-timi-ile-otomobil-carpisti-1-polis-yaralandi\/#primaryimage"},"thumbnailUrl":"https:\/\/denizcankizil.tr\/wp-content\/uploads\/2025\/01\/4151-01-dXwi5M.jpeg","datePublished":"2025-01-15T06:42:04+00:00","breadcrumb":{"@id":"https:\/\/denizcankizil.tr\/de\/haberler\/antalya\/motosikletli-polis-timi-ile-otomobil-carpisti-1-polis-yaralandi\/#breadcrumb"},"inLanguage":"de","potentialAction":[{"@type":"ReadAction","target":["https:\/\/denizcankizil.tr\/de\/haberler\/antalya\/motosikletli-polis-timi-ile-otomobil-carpisti-1-polis-yaralandi\/"]}]},{"@type":"ImageObject","inLanguage":"de","@id":"https:\/\/denizcankizil.tr\/de\/haberler\/antalya\/motosikletli-polis-timi-ile-otomobil-carpisti-1-polis-yaralandi\/#primaryimage","url":"https:\/\/denizcankizil.tr\/wp-content\/uploads\/2025\/01\/4151-01-dXwi5M.jpeg","contentUrl":"https:\/\/denizcankizil.tr\/wp-content\/uploads\/2025\/01\/4151-01-dXwi5M.jpeg","width":1280,"height":720},{"@type":"BreadcrumbList","@id":"https:\/\/denizcankizil.tr\/de\/haberler\/antalya\/motosikletli-polis-timi-ile-otomobil-carpisti-1-polis-yaralandi\/#breadcrumb","itemListElement":[{"@type":"ListItem","position":1,"name":"Home","item":"https:\/\/denizcankizil.tr\/de\/"},{"@type":"ListItem","position":2,"name":"Motosikletli polis timi ile otomobil \u00e7arp\u0131\u015ft\u0131: 1 polis yaraland\u0131"}]},{"@type":"WebSite","@id":"https:\/\/denizcankizil.tr\/de\/#website","url":"https:\/\/denizcankizil.tr\/de\/","name":"Av. Deniz Can K\u0131z\u0131l","description":"Avukat Deniz Can K\u0131z\u0131l Antalya Barosu","publisher":{"@id":"https:\/\/denizcankizil.tr\/de\/#organization"},"potentialAction":[{"@type":"SearchAction","target":{"@type":"EntryPoint","urlTemplate":"https:\/\/denizcankizil.tr\/de\/?s={search_term_string}"},"query-input":{"@type":"PropertyValueSpecification","valueRequired":true,"valueName":"search_term_string"}}],"inLanguage":"de"},{"@type":"Organization","@id":"https:\/\/denizcankizil.tr\/de\/#organization","name":"Av. Deniz Can K\u0131z\u0131l","url":"https:\/\/denizcankizil.tr\/de\/","logo":{"@type":"ImageObject","inLanguage":"de","@id":"https:\/\/denizcankizil.tr\/de\/#\/schema\/logo\/image\/","url":"https:\/\/denizcankizil.tr\/wp-content\/uploads\/2024\/10\/siyah-logo-svg.svg","contentUrl":"https:\/\/denizcankizil.tr\/wp-content\/uploads\/2024\/10\/siyah-logo-svg.svg","width":1080,"height":1080,"caption":"Av. Deniz Can K\u0131z\u0131l"},"image":{"@id":"https:\/\/denizcankizil.tr\/de\/#\/schema\/logo\/image\/"}},{"@type":"Person","@id":"https:\/\/denizcankizil.tr\/de\/#\/schema\/person\/5dc1b22991bd7ac833867c10afc9b0ff","name":"Av. Deniz Can K\u0131z\u0131l","image":{"@type":"ImageObject","inLanguage":"de","@id":"https:\/\/denizcankizil.tr\/de\/#\/schema\/person\/image\/","url":"https:\/\/secure.gravatar.com\/avatar\/a0b128fb9855c79efc976d5640eedb31dc35ec297594d6016d2cf7c60e975bb6?s=96&d=mm&r=g","contentUrl":"https:\/\/secure.gravatar.com\/avatar\/a0b128fb9855c79efc976d5640eedb31dc35ec297594d6016d2cf7c60e975bb6?s=96&d=mm&r=g","caption":"Av. Deniz Can K\u0131z\u0131l"},"sameAs":["http:\/\/www.denizcankizil.tr"],"url":"https:\/\/denizcankizil.tr\/de\/author\/denizcankizil\/"}]}},"_links":{"self":[{"href":"https:\/\/denizcankizil.tr\/de\/wp-json\/wp\/v2\/posts\/25380","targetHints":{"allow":["GET"]}}],"collection":[{"href":"https:\/\/denizcankizil.tr\/de\/wp-json\/wp\/v2\/posts"}],"about":[{"href":"https:\/\/denizcankizil.tr\/de\/wp-json\/wp\/v2\/types\/post"}],"author":[{"embeddable":true,"href":"https:\/\/denizcankizil.tr\/de\/wp-json\/wp\/v2\/users\/4"}],"replies":[{"embeddable":true,"href":"https:\/\/denizcankizil.tr\/de\/wp-json\/wp\/v2\/comments?post=25380"}],"version-history":[{"count":0,"href":"https:\/\/denizcankizil.tr\/de\/wp-json\/wp\/v2\/posts\/25380\/revisions"}],"wp:featuredmedia":[{"embeddable":true,"href":"https:\/\/denizcankizil.tr\/de\/wp-json\/wp\/v2\/media\/25381"}],"wp:attachment":[{"href":"https:\/\/denizcankizil.tr\/de\/wp-json\/wp\/v2\/media?parent=25380"}],"wp:term":[{"taxonomy":"category","embeddable":true,"href":"https:\/\/denizcankizil.tr\/de\/wp-json\/wp\/v2\/categories?post=25380"},{"taxonomy":"post_tag","embeddable":true,"href":"https:\/\/denizcankizil.tr\/de\/wp-json\/wp\/v2\/tags?post=25380"}],"curies":[{"name":"wp","href":"https:\/\/api.w.org\/{rel}","templated":true}]}}