{"id":25224,"date":"2025-01-14T12:41:42","date_gmt":"2025-01-14T09:41:42","guid":{"rendered":"https:\/\/denizcankizil.tr\/uncategorized-tr\/antalyada-edslerin-ne-zaman-devreye-girecegi-belli-oldu\/"},"modified":"2025-01-14T12:41:42","modified_gmt":"2025-01-14T09:41:42","slug":"antalyada-edslerin-ne-zaman-devreye-girecegi-belli-oldu","status":"publish","type":"post","link":"https:\/\/denizcankizil.tr\/de\/haberler\/gundem\/antalyada-edslerin-ne-zaman-devreye-girecegi-belli-oldu\/","title":{"rendered":"Antalya\u2019da EDS\u2019lerin ne zaman devreye girece\u011fi belli oldu!"},"content":{"rendered":"<p>Antalya Gazeteciler Cemiyeti (AGC) taraf\u0131ndan d\u00fczenlenen her ay farkl\u0131 bir konu\u011fun a\u011f\u0131rlanaca\u011f\u0131 \u201cbas\u0131n sohbetleri\u201d ba\u015flad\u0131. AGC\u2019nin sosyal tesisinde d\u00fczenlenen program\u0131n ilk konu\u011fu Antalya Valisi Hulusi \u015eahin oldu. Programa gazetecilerin kat\u0131l\u0131m\u0131nda yo\u011fun oldu. A\u00e7\u0131l\u0131\u015f konu\u015fmas\u0131n\u0131 ger\u00e7ekle\u015ftiren AGC Ba\u015fkan\u0131 \u0130dris Ta\u015f, \u201cBundan sonra her ay farkl\u0131 bir konu\u011fu siz de\u011ferli gazetecilerimiz ile bir araya getirece\u011fiz\u201d dedi. AGC\u2019nin sosyal tesisini \u00f6ven Antalya Valisi Hulusi \u015eahin ise, \u201cAGC Ba\u015fkan\u0131m\u0131z\u0131 kutluyorum. Benim anlay\u0131\u015f\u0131mla simit \u00e7ay sohbetlerinin ilkine davet edildi\u011fim i\u00e7in te\u015fekk\u00fcr ederim. AGC\u2019nin \u00e7ok g\u00fczel \u00e7ok ba\u015far\u0131l\u0131 i\u015fler yapt\u0131\u011f\u0131n\u0131 g\u00f6r\u00fcyoruz\u201d dedi. K\u0131sa bir a\u00e7\u0131klamadan sonra gazetecilerden gelen sorular\u0131 cevapland\u0131ran \u015eahin, kentin en b\u00fcy\u00fck sorununun trafik oldu\u011funu belirtti.<\/p>\n<p>KAVA\u015eAKLAR YAKINDA BA\u015eLIYOR<\/p>\n<p>\u015eahin, \u201cTrafi\u011fin s\u00fcrekli artmas\u0131 \u015fehrin b\u00fcy\u00fcmesi ile alakal\u0131 konulard\u0131r, \u015fehir do\u011fuyor b\u00fcy\u00fcyor. Bu bir do\u011fum sanc\u0131s\u0131d\u0131r. En fazla ki\u015fi ba\u015f\u0131na d\u00fc\u015fen motorlu ara\u00e7 say\u0131s\u0131nda Antalya lider. Y\u00f6neticiler buna ayak uydurmal\u0131d\u0131r. Antalya\u2019y\u0131 y\u00f6netenler bu d\u00fczene ayak uydurmas\u0131 gerek. Hepsi belli bir mast\u0131r plan\u0131 i\u00e7erisinde yeni d\u00fczenlemeler yap\u0131lmal\u0131d\u0131r. \u0130\u015fin do\u011fas\u0131 gere\u011fi olumsuzluklar daha \u00e7ok g\u00fcndeme geliyor\u201d dedi. \u015eahin yak\u0131n zamanda yap\u0131lmas\u0131 planlanan Uncal\u0131 kav\u015faklar\u0131 hakk\u0131nda ise, \u201cUncal\u0131\u2019da 3 tane b\u00fcy\u00fck kav\u015fak projesi yak\u0131nda ba\u015fl\u0131yor. Cumhurba\u015fkan\u0131m\u0131za \u015f\u00fckran bor\u00e7luyuz. Duraliler, Uncal\u0131, Sanayi kav\u015fa\u011f\u0131 ve Kepez \u00fcst\u00fc kav\u015fa\u011f\u0131 bir seferde ihale edildi. \u0130ki i\u015f takviminde tamamlanacak. Bence \u00e7ok ciddi mesafe katetece\u011fiz. Yine 2024\u2019\u00fcn Alanya-Antalya otoyolu da yak\u0131nda ba\u015fl\u0131yor. Serik istikametinde kav\u015fak say\u0131s\u0131 2\u2019den 3\u2019e \u00e7\u0131kar\u0131lacak\u201d dedi.\u00a0 Antalya\u2019n\u0131n en iyi hizmetleri hak etti\u011fini ifade eden \u015eahin, \u201cG\u00f6kdelenin \u00fczerine \u00e7\u0131kamasak da ilk ad\u0131mlar\u0131n\u0131 atmaya ba\u015flad\u0131k. \u00c7\u0131kacak \u00e7ok daha kat\u0131m\u0131z var. Birerbirer sorunlar\u0131 \u00e7\u00f6zece\u011fiz. Antalya\u2019ya nereden bakarsan\u0131z bak\u0131n g\u00fczel bir \u015fehir. Kalei\u00e7i\u2019nin sorunlar\u0131n\u0131 \u00e7\u00f6zmek ad\u0131na ufak ad\u0131mlar at\u0131yoruz. Bizim hayallerimiz \u00e7ok fazla. 3 b\u00fcy\u00fck ad\u0131m\u0131m\u0131z olacak. Kalei\u00e7i\u2019nde g\u00f6z\u00fc rahats\u0131z eden ne kadar bina varsa \u00e7\u0131kar\u0131lmas\u0131n\u0131 isterdim. \u00c7ok ciddi bir m\u00fclkiyet var. Sit alan\u0131, belediye hizmetleri var. Biz payda\u015flar\u0131m\u0131z ile oturarak neler yapabilece\u011fimizi konu\u015fuyoruz. Hayal etti\u011fimiz noktaya gelemedik, gidecek \u00e7ok daha yolumuz var. Sab\u0131rla y\u00fcr\u00fcmek gerekir\u201d s\u00f6zlerine yer verdi.<\/p>\n<p>G\u00d6\u00c7 ALMA ORANLARI D\u00dc\u015eT\u00dc<\/p>\n<p>Antalya\u2019da n\u00fcfus art\u0131\u015f\u0131n\u0131 de\u011ferlendiren Vali \u015eahin, \u201cN\u00fcfusunda bir d\u00fc\u015f\u00fc\u015f oldu\u011funu s\u00f6ylemek do\u011fru de\u011fil. Ama g\u00f6\u00e7 alma h\u0131z\u0131 d\u00fc\u015ft\u00fc, yabanc\u0131 yerle\u015fim say\u0131lar\u0131nda 150 binlerden 105 binlere kadar d\u00fc\u015ft\u00fck. 150 bin rakam\u0131 Ukrayna-Rusya sava\u015f\u0131nda g\u00f6rd\u00fck. Antalya\u2019n\u0131n n\u00fcfusunun d\u00fc\u015fece\u011fine ihmal vermiyorum. \u015euanda 2.2 milyon, her y\u0131l 25-30 bin ki\u015fi ekleniyor. Emlak piyasas\u0131nda bir durgunluk var. Antalya\u2019da ana ekonomik g\u00fcc\u00fcm\u00fcz olan turizmde i\u015fler iyi gidiyor. B\u00fcy\u00fck bir para Antalya\u2019ya giriyor. Ayn\u0131 zamanda \u00fclkenin en b\u00fcy\u00fck tar\u0131m kentidir. N\u00fcfusun azalmas\u0131 beklenmez, ama bir dengeye geldi. Suriyelilerin \u00e7\u0131k\u0131\u015f kap\u0131lar\u0131 s\u0131n\u0131r kap\u0131lar\u0131nda tutuluyor. G\u00fcnl\u00fck rakamlar yay\u0131nlan\u0131yor. \u0130\u00e7i\u015fleri bakan\u0131m\u0131z ge\u00e7enlerde 52 bin rakam\u0131n\u0131 ilan etti. Antalya\u2019da resmi Suriyeli say\u0131s\u0131 \u00e7ok az, 6 bin ki\u015fi bulunuyor. Antalya\u2019dan giden Suriyeli say\u0131s\u0131 veremem\u201d a\u00e7\u0131klamas\u0131nda bulundu.<\/p>\n<p>EXPO 2016 SATI\u015eA HAZIR<\/p>\n<p>EXPO 2016\u2019n\u0131n gelece\u011fi hakk\u0131nda da a\u00e7\u0131klama yapan \u015eahin, \u201cOras\u0131 bin d\u00f6n\u00fcm bir aland\u0131r. \u00c7ok g\u00fczel bir yer, emek \u00e7ok var. \u015euanda tar\u0131m bakanl\u0131\u011f\u0131nda. \u00d6zelle\u015ftirme idaresinin listesinde. Sat\u0131\u015fa a\u00e7\u0131k bir alan. Ki\u015fisel olarak ben ne d\u00fc\u015f\u00fcn\u00fcyorum; yurt d\u0131\u015f\u0131nda \u00f6nemli parklar var. Bir tematik park yap\u0131lmas\u0131n\u0131n \u00e7ok g\u00fczel olaca\u011f\u0131n\u0131 d\u00fc\u015f\u00fcn\u00fcyorum. Ekonomik getirisi de g\u00fczel olur. Bunun yat\u0131r\u0131mc\u0131s\u0131 olacak, bu da milyar dolar tutar. Bir yat\u0131r\u0131mc\u0131 bulunmas\u0131 gerekir. \u00d6rne\u011fin sa\u011fl\u0131k kamp\u00fcs\u00fc de olabilir. \u00c7e\u015fitli fikirler var. Hepsi yat\u0131r\u0131mc\u0131 bekliyor. Ben inan\u0131yorum ki zaman\u0131 geldi\u011finde do\u011fru yat\u0131r\u0131mc\u0131 ile bulu\u015facak. Acele etmeye gerek yok. Do\u011fru projeyi bulana kadar beklemek daha do\u011fru olacak\u201d dedi.<\/p>\n<p>ATAT\u00dcRK DEVLET HASTANES\u0130 YEN\u0130LENECEK<\/p>\n<p>Atat\u00fcrk Devlet hastanesinin pe\u015fke\u015f \u00e7ekilece\u011fi y\u00f6n\u00fcnde iddialara cevap veren \u015eahin, \u201cAtat\u00fcrk Devlet hastanesi neden pe\u015fke\u015f \u00e7ekilsin, yine sa\u011fl\u0131\u011fa d\u00f6n\u00fc\u015fecek. Ekonomik \u00f6mr\u00fcn\u00fc tamamlad\u0131, bina g\u00fcvenli de\u011fil. Biz birka\u00e7 defa teklifte bulunduk. \u015euanda bu konuda Antalya siyasetinin g\u00fcndeminde. Biz bununla u\u011fra\u015f\u0131yoruz. 500 yatakl\u0131 bir devlet hastanesi yap\u0131lacak. Kimsenin \u015f\u00fcphesi olmas\u0131. Burada \u00f6nemli olan ihale edebilmek. Kav\u015fak ihalelileri 5-6 milyar\u0131 bulacak. Devlet hastanesinin in\u015faat\u0131 da k\u0131sa zamanda at\u0131lacak. Bu konuda kimsenin \u015f\u00fcphesi olmas\u0131n. Yeni hastane yap\u0131lacak. Yatak kapasitesi artt\u0131r\u0131lam\u0131yor, o kadar s\u0131\u011f\u0131yor. Orada \u00e7ok da yata\u011fa ihtiya\u00e7 yok. Akdeniz \u00dcniversitesi de 900 yatakl\u0131 bir hastaneyi yapmaya ba\u015fl\u0131yor\u201d a\u00e7\u0131klamas\u0131nda bulundu.<\/p>\n<p>GER\u00c7EK HEDEF 100 M\u0130LYON<\/p>\n<p>Antalya\u2019n\u0131n ge\u00e7en y\u0131l turizm verilerini de\u011ferlendiren \u015eahin, \u201cGecen y\u0131l 500 bin turist g\u00f6nderen \u0130srail pazar\u0131 durdu. Bunlara ra\u011fmen \u00fclkemiz ve Antalya hedeflerini ge\u00e7erek \u00fcst\u00fcne \u00e7\u0131kt\u0131. As\u0131l b\u00fcy\u00fck hedefimiz 100 milyondur. Do\u011fu garaj\u0131 canlanmas\u0131 i\u00e7in akl\u0131m\u0131zda baz\u0131 \u00e7\u00f6z\u00fcmler var. Belediye ba\u015fkan\u0131m\u0131zda \u00e7\u00f6zmemiz gereken hususlar var. \u00c7ok g\u00fczel bir otopark ve m\u00fcze var. Bir \u015fekilde insanlar\u0131n aya\u011f\u0131n\u0131n buraya al\u0131\u015ft\u0131r\u0131lmas\u0131 gerekir. Falezlerin \u00fczerindeki yap\u0131lar\u0131n hukuki s\u00fcre\u00e7leri var. Her ka\u00e7ak yap\u0131 i\u00e7in m\u00fccadele ediyoruz\u201d dedi. Antalya havaliman\u0131n\u0131n 39 milyon yolcuya hizmet verdi\u011fini ifade eden \u015eahin, \u201cBir tarafta bina yap\u0131ld\u0131, di\u011fer taraftan hizmet verildi. Bu b\u00fcy\u00fck bir ba\u015far\u0131 hikayesidir. Rus u\u00e7a\u011f\u0131na birka\u00e7 saniye i\u00e7erisinde m\u00fcdahale edildi\u201d dedi. Ye\u015filedere mahallesinde sabit bir polis noktas\u0131n\u0131n eklenece\u011fini belirten \u015eahin, kentteki su\u00e7 oranlar\u0131nda y\u00fczde 25-40 d\u00fc\u015f\u00fc\u015f oldu\u011funu s\u00f6yledi.<\/p>\n<p>K\u00f6rfez Gazetesinden Ertu\u011frul G\u00fcn&#8217;\u00fcn haberine g\u00f6re Kumk\u00f6y sahilindeki \u00e7ardaklar\u0131n y\u0131k\u0131lmas\u0131na da de\u011finen Vali \u015eahin, \u201cDevasa bir problemdi bunu ba\u015fard\u0131k. T\u00fcm ka\u00e7aklarla m\u00fccadele devam edecek. Kumk\u00f6y sahil olarak kalacak. De\u011ferlendirilebilir. Hangi kurum al\u0131rsa als\u0131n halk plaj\u0131 olarak \u00e7al\u0131\u015facak. Temizlendi, p\u0131r\u0131l p\u0131r\u0131l oldu. Ne idi ne oldu\u201d dedi.<\/p>\n<p>EDS\u2019LER DEVREYE G\u0130R\u0130YOR<\/p>\n<p>Antalya\u2019da y\u0131lan hikayesine d\u00f6nen EDS\u2019ler hakk\u0131nda da konu\u015fan Vali \u015eahin, \u201cEDS\u2019lerin ne zaman ba\u015flayaca\u011f\u0131 y\u00f6n\u00fcnde B\u00fcy\u00fck\u015fehir Belediye Ba\u015fkan\u0131m\u0131z Muhittin B\u00f6cek ile bir toplant\u0131 yapt\u0131k. \u0130lgili firma ile hukuki anla\u015fmazl\u0131k vard\u0131. Sorunlar\u0131 \u00e7\u00f6zd\u00fck. Firma eksikleri tamaml\u0131yor. \u00c7ok k\u0131sa s\u00fcre i\u00e7erisinde tamamlanacak. B\u00fcy\u00fck\u015fehir belediyesi ve il emniyet m\u00fcd\u00fcrl\u00fc\u011f\u00fc trafi\u011fi ortakla\u015fa y\u00f6netecek. \u00c7ok az kald\u0131. Bir\u00e7ok eksiklik tespit edildi. Tamamlar tamamlamaz b\u00fcy\u00fck\u015fehir devir alacak onlar da bize teslim edecek. Trafik \u0131\u015f\u0131klar\u0131nda k\u0131rm\u0131zda ge\u00e7erseniz, h\u0131zl\u0131 giderseniz, park yasa\u011f\u0131na uymazsan\u0131z cezay\u0131 yersiniz. Kurallara uyal\u0131m. Antalya\u2019daki trafik 400 bin n\u00fcfusa g\u00f6re planlanm\u0131\u015f. Antalya art\u0131k bir mega kent yolunda ilerliyor.\u00a0 Art\u0131k \u0131\u015f\u0131klar\u0131 kald\u0131raca\u011f\u0131z. G\u00fcll\u00fck caddesinde normal \u015fartlarda bir tane \u0131\u015f\u0131k olmamas\u0131 gerekir. \u0130stanbul b\u00f6yledir. Bir yerden bir yere gitmek b\u00fcy\u00fck bir mesele oldu. Ankara 4,5 milyon n\u00fcfusu var, trafik t\u0131k\u0131r t\u0131k\u0131r i\u015fliyor. Antalya\u2019da ciddi ad\u0131mlar\u0131n at\u0131lmas\u0131 gerekir, bir mastar plan\u0131 haz\u0131rlanmal\u0131d\u0131r. Belediyeler de karayollar\u0131 da \u00fczerine park etmelidir. As\u0131l mesele i\u00e7selle\u015ftirmek\u201d s\u00f6zlerine yer verdi.<\/p>\n<p>\u200bAntalya\u2019da y\u0131lan hikayesine d\u00f6nen Elektronik Denetleme Sistemi (EDS)\u2019lerin ne zaman hizmete girece\u011fi belli oldu. Antalya Valisi Hulusi \u015eahin, \u201c\u0130lgili firma ile hukuki anla\u015fmazl\u0131k vard\u0131. Sorunlar\u0131 \u00e7\u00f6zd\u00fck. \u00c7ok k\u0131sa s\u00fcre i\u00e7erisinde tamamlanacak. Tamamlar tamamlamaz b\u00fcy\u00fck\u015fehir devir alacak onlar da bize teslim edecek. Trafik \u0131\u015f\u0131klar\u0131nda k\u0131rm\u0131zda ge\u00e7erseniz, h\u0131zl\u0131 giderseniz, park yasa\u011f\u0131na uymazsan\u0131z cezay\u0131 yersiniz. Kurallara uyal\u0131m\u201d dedi.\u00a0<\/p>\n<p>\u200bHaberin Al\u0131nt\u0131land\u0131\u011f\u0131 Kaynak: www.antalyakorfez.com<\/p>","protected":false},"excerpt":{"rendered":"<p>Antalya Gazeteciler Cemiyeti (AGC) taraf\u0131ndan d\u00fczenlenen her ay farkl\u0131 bir konu\u011fun a\u011f\u0131rlanaca\u011f\u0131 \u201cbas\u0131n sohbetleri\u201d ba\u015flad\u0131. AGC\u2019nin sosyal tesisinde d\u00fczenlenen program\u0131n ilk konu\u011fu Antalya Valisi Hulusi \u015eahin oldu. Programa gazetecilerin kat\u0131l\u0131m\u0131nda yo\u011fun oldu. A\u00e7\u0131l\u0131\u015f konu\u015fmas\u0131n\u0131 ger\u00e7ekle\u015ftiren AGC Ba\u015fkan\u0131 \u0130dris Ta\u015f, \u201cBundan sonra her ay farkl\u0131 bir konu\u011fu siz de\u011ferli gazetecilerimiz ile bir araya getirece\u011fiz\u201d dedi. AGC\u2019nin sosyal tesisini \u00f6ven Antalya Valisi Hulusi \u015eahin ise, \u201cAGC Ba\u015fkan\u0131m\u0131z\u0131 kutluyorum. Benim anlay\u0131\u015f\u0131mla simit \u00e7ay sohbetlerinin ilkine davet edildi\u011fim i\u00e7in te\u015fekk\u00fcr ederim. AGC\u2019nin \u00e7ok g\u00fczel \u00e7ok ba\u015far\u0131l\u0131 i\u015fler yapt\u0131\u011f\u0131n\u0131 g\u00f6r\u00fcyoruz\u201d dedi. K\u0131sa bir a\u00e7\u0131klamadan sonra gazetecilerden gelen sorular\u0131 cevapland\u0131ran \u015eahin, kentin en b\u00fcy\u00fck sorununun trafik oldu\u011funu belirtti. KAVA\u015eAKLAR YAKINDA BA\u015eLIYOR \u015eahin, \u201cTrafi\u011fin s\u00fcrekli artmas\u0131 \u015fehrin b\u00fcy\u00fcmesi ile alakal\u0131 konulard\u0131r, \u015fehir do\u011fuyor b\u00fcy\u00fcyor. Bu bir do\u011fum sanc\u0131s\u0131d\u0131r. En fazla ki\u015fi ba\u015f\u0131na d\u00fc\u015fen motorlu ara\u00e7 say\u0131s\u0131nda Antalya lider. Y\u00f6neticiler buna ayak uydurmal\u0131d\u0131r. Antalya\u2019y\u0131 y\u00f6netenler bu d\u00fczene ayak uydurmas\u0131 gerek. Hepsi belli bir mast\u0131r plan\u0131 i\u00e7erisinde yeni d\u00fczenlemeler yap\u0131lmal\u0131d\u0131r. \u0130\u015fin do\u011fas\u0131 gere\u011fi olumsuzluklar daha \u00e7ok g\u00fcndeme geliyor\u201d dedi. \u015eahin yak\u0131n zamanda yap\u0131lmas\u0131 planlanan Uncal\u0131 kav\u015faklar\u0131 hakk\u0131nda ise, \u201cUncal\u0131\u2019da 3 tane b\u00fcy\u00fck kav\u015fak projesi yak\u0131nda ba\u015fl\u0131yor. Cumhurba\u015fkan\u0131m\u0131za \u015f\u00fckran bor\u00e7luyuz. Duraliler, Uncal\u0131, Sanayi kav\u015fa\u011f\u0131 ve Kepez \u00fcst\u00fc kav\u015fa\u011f\u0131 bir seferde ihale edildi. \u0130ki i\u015f takviminde tamamlanacak. Bence \u00e7ok ciddi mesafe &hellip;<\/p>","protected":false},"author":5,"featured_media":0,"comment_status":"open","ping_status":"open","sticky":false,"template":"","format":"standard","meta":{"_acf_changed":false,"footnotes":""},"categories":[24],"tags":[],"class_list":["post-25224","post","type-post","status-publish","format-standard","has-post-thumbnail","hentry","category-gundem"],"acf":[],"yoast_head":"<!-- This site is optimized with the Yoast SEO Premium plugin v26.6 (Yoast SEO v27.1.1) - https:\/\/yoast.com\/product\/yoast-seo-premium-wordpress\/ -->\n<title>Antalya\u2019da EDS\u2019lerin ne zaman devreye girece\u011fi belli oldu! - Av. Deniz Can K\u0131z\u0131l<\/title>\n<meta name=\"robots\" content=\"index, follow, max-snippet:-1, max-image-preview:large, max-video-preview:-1\" \/>\n<link rel=\"canonical\" href=\"https:\/\/denizcankizil.tr\/de\/haberler\/gundem\/antalyada-edslerin-ne-zaman-devreye-girecegi-belli-oldu\/\" \/>\n<meta property=\"og:locale\" content=\"de_DE\" \/>\n<meta property=\"og:type\" content=\"article\" \/>\n<meta property=\"og:title\" content=\"Antalya\u2019da EDS\u2019lerin ne zaman devreye girece\u011fi belli oldu!\" \/>\n<meta property=\"og:description\" content=\"Antalya Gazeteciler Cemiyeti (AGC) taraf\u0131ndan d\u00fczenlenen her ay farkl\u0131 bir konu\u011fun a\u011f\u0131rlanaca\u011f\u0131 \u201cbas\u0131n sohbetleri\u201d ba\u015flad\u0131. AGC\u2019nin sosyal tesisinde d\u00fczenlenen program\u0131n ilk konu\u011fu Antalya Valisi Hulusi \u015eahin oldu. Programa gazetecilerin kat\u0131l\u0131m\u0131nda yo\u011fun oldu. A\u00e7\u0131l\u0131\u015f konu\u015fmas\u0131n\u0131 ger\u00e7ekle\u015ftiren AGC Ba\u015fkan\u0131 \u0130dris Ta\u015f, \u201cBundan sonra her ay farkl\u0131 bir konu\u011fu siz de\u011ferli gazetecilerimiz ile bir araya getirece\u011fiz\u201d dedi. AGC\u2019nin sosyal tesisini \u00f6ven Antalya Valisi Hulusi \u015eahin ise, \u201cAGC Ba\u015fkan\u0131m\u0131z\u0131 kutluyorum. Benim anlay\u0131\u015f\u0131mla simit \u00e7ay sohbetlerinin ilkine davet edildi\u011fim i\u00e7in te\u015fekk\u00fcr ederim. AGC\u2019nin \u00e7ok g\u00fczel \u00e7ok ba\u015far\u0131l\u0131 i\u015fler yapt\u0131\u011f\u0131n\u0131 g\u00f6r\u00fcyoruz\u201d dedi. K\u0131sa bir a\u00e7\u0131klamadan sonra gazetecilerden gelen sorular\u0131 cevapland\u0131ran \u015eahin, kentin en b\u00fcy\u00fck sorununun trafik oldu\u011funu belirtti. KAVA\u015eAKLAR YAKINDA BA\u015eLIYOR \u015eahin, \u201cTrafi\u011fin s\u00fcrekli artmas\u0131 \u015fehrin b\u00fcy\u00fcmesi ile alakal\u0131 konulard\u0131r, \u015fehir do\u011fuyor b\u00fcy\u00fcyor. Bu bir do\u011fum sanc\u0131s\u0131d\u0131r. En fazla ki\u015fi ba\u015f\u0131na d\u00fc\u015fen motorlu ara\u00e7 say\u0131s\u0131nda Antalya lider. Y\u00f6neticiler buna ayak uydurmal\u0131d\u0131r. Antalya\u2019y\u0131 y\u00f6netenler bu d\u00fczene ayak uydurmas\u0131 gerek. Hepsi belli bir mast\u0131r plan\u0131 i\u00e7erisinde yeni d\u00fczenlemeler yap\u0131lmal\u0131d\u0131r. \u0130\u015fin do\u011fas\u0131 gere\u011fi olumsuzluklar daha \u00e7ok g\u00fcndeme geliyor\u201d dedi. \u015eahin yak\u0131n zamanda yap\u0131lmas\u0131 planlanan Uncal\u0131 kav\u015faklar\u0131 hakk\u0131nda ise, \u201cUncal\u0131\u2019da 3 tane b\u00fcy\u00fck kav\u015fak projesi yak\u0131nda ba\u015fl\u0131yor. Cumhurba\u015fkan\u0131m\u0131za \u015f\u00fckran bor\u00e7luyuz. Duraliler, Uncal\u0131, Sanayi kav\u015fa\u011f\u0131 ve Kepez \u00fcst\u00fc kav\u015fa\u011f\u0131 bir seferde ihale edildi. \u0130ki i\u015f takviminde tamamlanacak. Bence \u00e7ok ciddi mesafe &hellip;\" \/>\n<meta property=\"og:url\" content=\"https:\/\/denizcankizil.tr\/de\/haberler\/gundem\/antalyada-edslerin-ne-zaman-devreye-girecegi-belli-oldu\/\" \/>\n<meta property=\"og:site_name\" content=\"Av. Deniz Can K\u0131z\u0131l\" \/>\n<meta property=\"article:published_time\" content=\"2025-01-14T09:41:42+00:00\" \/>\n<meta name=\"author\" content=\"Antalya K\u00f6rfez\" \/>\n<meta name=\"twitter:card\" content=\"summary_large_image\" \/>\n<meta name=\"twitter:label1\" content=\"Verfasst von\" \/>\n\t<meta name=\"twitter:data1\" content=\"Antalya K\u00f6rfez\" \/>\n\t<meta name=\"twitter:label2\" content=\"Gesch\u00e4tzte Lesezeit\" \/>\n\t<meta name=\"twitter:data2\" content=\"7\u00a0Minuten\" \/>\n<script type=\"application\/ld+json\" class=\"yoast-schema-graph\">{\"@context\":\"https:\/\/schema.org\",\"@graph\":[{\"@type\":\"Article\",\"@id\":\"https:\/\/denizcankizil.tr\/de\/haberler\/gundem\/antalyada-edslerin-ne-zaman-devreye-girecegi-belli-oldu\/#article\",\"isPartOf\":{\"@id\":\"https:\/\/denizcankizil.tr\/de\/haberler\/gundem\/antalyada-edslerin-ne-zaman-devreye-girecegi-belli-oldu\/\"},\"author\":{\"name\":\"Antalya K\u00f6rfez\",\"@id\":\"https:\/\/denizcankizil.tr\/#\/schema\/person\/e1eb71bb4dd684d46563f0af307e1234\"},\"headline\":\"Antalya\u2019da EDS\u2019lerin ne zaman devreye girece\u011fi belli oldu!\",\"datePublished\":\"2025-01-14T09:41:42+00:00\",\"mainEntityOfPage\":{\"@id\":\"https:\/\/denizcankizil.tr\/de\/haberler\/gundem\/antalyada-edslerin-ne-zaman-devreye-girecegi-belli-oldu\/\"},\"wordCount\":1472,\"commentCount\":0,\"publisher\":{\"@id\":\"https:\/\/denizcankizil.tr\/#organization\"},\"articleSection\":[\"G\u00fcndem\"],\"inLanguage\":\"de\",\"potentialAction\":[{\"@type\":\"CommentAction\",\"name\":\"Comment\",\"target\":[\"https:\/\/denizcankizil.tr\/de\/haberler\/gundem\/antalyada-edslerin-ne-zaman-devreye-girecegi-belli-oldu\/#respond\"]}]},{\"@type\":\"WebPage\",\"@id\":\"https:\/\/denizcankizil.tr\/de\/haberler\/gundem\/antalyada-edslerin-ne-zaman-devreye-girecegi-belli-oldu\/\",\"url\":\"https:\/\/denizcankizil.tr\/de\/haberler\/gundem\/antalyada-edslerin-ne-zaman-devreye-girecegi-belli-oldu\/\",\"name\":\"Antalya\u2019da EDS\u2019lerin ne zaman devreye girece\u011fi belli oldu! - Av. Deniz Can K\u0131z\u0131l\",\"isPartOf\":{\"@id\":\"https:\/\/denizcankizil.tr\/#website\"},\"datePublished\":\"2025-01-14T09:41:42+00:00\",\"breadcrumb\":{\"@id\":\"https:\/\/denizcankizil.tr\/de\/haberler\/gundem\/antalyada-edslerin-ne-zaman-devreye-girecegi-belli-oldu\/#breadcrumb\"},\"inLanguage\":\"de\",\"potentialAction\":[{\"@type\":\"ReadAction\",\"target\":[\"https:\/\/denizcankizil.tr\/de\/haberler\/gundem\/antalyada-edslerin-ne-zaman-devreye-girecegi-belli-oldu\/\"]}]},{\"@type\":\"BreadcrumbList\",\"@id\":\"https:\/\/denizcankizil.tr\/de\/haberler\/gundem\/antalyada-edslerin-ne-zaman-devreye-girecegi-belli-oldu\/#breadcrumb\",\"itemListElement\":[{\"@type\":\"ListItem\",\"position\":1,\"name\":\"Home\",\"item\":\"https:\/\/denizcankizil.tr\/de\/\"},{\"@type\":\"ListItem\",\"position\":2,\"name\":\"Antalya\u2019da EDS\u2019lerin ne zaman devreye girece\u011fi belli oldu!\"}]},{\"@type\":\"WebSite\",\"@id\":\"https:\/\/denizcankizil.tr\/#website\",\"url\":\"https:\/\/denizcankizil.tr\/\",\"name\":\"Av. Deniz Can K\u0131z\u0131l\",\"description\":\"Avukat Deniz Can K\u0131z\u0131l Antalya Barosu\",\"publisher\":{\"@id\":\"https:\/\/denizcankizil.tr\/#organization\"},\"potentialAction\":[{\"@type\":\"SearchAction\",\"target\":{\"@type\":\"EntryPoint\",\"urlTemplate\":\"https:\/\/denizcankizil.tr\/?s={search_term_string}\"},\"query-input\":{\"@type\":\"PropertyValueSpecification\",\"valueRequired\":true,\"valueName\":\"search_term_string\"}}],\"inLanguage\":\"de\"},{\"@type\":\"Organization\",\"@id\":\"https:\/\/denizcankizil.tr\/#organization\",\"name\":\"Av. Deniz Can K\u0131z\u0131l\",\"url\":\"https:\/\/denizcankizil.tr\/\",\"logo\":{\"@type\":\"ImageObject\",\"inLanguage\":\"de\",\"@id\":\"https:\/\/denizcankizil.tr\/#\/schema\/logo\/image\/\",\"url\":\"https:\/\/denizcankizil.tr\/wp-content\/uploads\/2024\/10\/siyah-logo-svg.svg\",\"contentUrl\":\"https:\/\/denizcankizil.tr\/wp-content\/uploads\/2024\/10\/siyah-logo-svg.svg\",\"width\":1080,\"height\":1080,\"caption\":\"Av. Deniz Can K\u0131z\u0131l\"},\"image\":{\"@id\":\"https:\/\/denizcankizil.tr\/#\/schema\/logo\/image\/\"}},{\"@type\":\"Person\",\"@id\":\"https:\/\/denizcankizil.tr\/#\/schema\/person\/e1eb71bb4dd684d46563f0af307e1234\",\"name\":\"Antalya K\u00f6rfez\",\"image\":{\"@type\":\"ImageObject\",\"inLanguage\":\"de\",\"@id\":\"https:\/\/denizcankizil.tr\/#\/schema\/person\/image\/\",\"url\":\"https:\/\/secure.gravatar.com\/avatar\/42b01982558a48a0b501fdcab6a408d3717ea5919095ee2e67b0e521799c5905?s=96&d=mm&r=g\",\"contentUrl\":\"https:\/\/secure.gravatar.com\/avatar\/42b01982558a48a0b501fdcab6a408d3717ea5919095ee2e67b0e521799c5905?s=96&d=mm&r=g\",\"caption\":\"Antalya K\u00f6rfez\"},\"sameAs\":[\"http:\/\/www.antalyakorfez.com\"],\"url\":\"https:\/\/www.antalyakorfez.com\/antalyada-edslerin-ne-zaman-devreye-girecegi-belli-oldu\"}]}<\/script>\n<!-- \/ Yoast SEO Premium plugin. -->","yoast_head_json":{"title":"Antalya\u2019da EDS\u2019lerin ne zaman devreye girece\u011fi belli oldu! - Av. Deniz Can K\u0131z\u0131l","robots":{"index":"index","follow":"follow","max-snippet":"max-snippet:-1","max-image-preview":"max-image-preview:large","max-video-preview":"max-video-preview:-1"},"canonical":"https:\/\/denizcankizil.tr\/de\/haberler\/gundem\/antalyada-edslerin-ne-zaman-devreye-girecegi-belli-oldu\/","og_locale":"de_DE","og_type":"article","og_title":"Antalya\u2019da EDS\u2019lerin ne zaman devreye girece\u011fi belli oldu!","og_description":"Antalya Gazeteciler Cemiyeti (AGC) taraf\u0131ndan d\u00fczenlenen her ay farkl\u0131 bir konu\u011fun a\u011f\u0131rlanaca\u011f\u0131 \u201cbas\u0131n sohbetleri\u201d ba\u015flad\u0131. AGC\u2019nin sosyal tesisinde d\u00fczenlenen program\u0131n ilk konu\u011fu Antalya Valisi Hulusi \u015eahin oldu. Programa gazetecilerin kat\u0131l\u0131m\u0131nda yo\u011fun oldu. A\u00e7\u0131l\u0131\u015f konu\u015fmas\u0131n\u0131 ger\u00e7ekle\u015ftiren AGC Ba\u015fkan\u0131 \u0130dris Ta\u015f, \u201cBundan sonra her ay farkl\u0131 bir konu\u011fu siz de\u011ferli gazetecilerimiz ile bir araya getirece\u011fiz\u201d dedi. AGC\u2019nin sosyal tesisini \u00f6ven Antalya Valisi Hulusi \u015eahin ise, \u201cAGC Ba\u015fkan\u0131m\u0131z\u0131 kutluyorum. Benim anlay\u0131\u015f\u0131mla simit \u00e7ay sohbetlerinin ilkine davet edildi\u011fim i\u00e7in te\u015fekk\u00fcr ederim. AGC\u2019nin \u00e7ok g\u00fczel \u00e7ok ba\u015far\u0131l\u0131 i\u015fler yapt\u0131\u011f\u0131n\u0131 g\u00f6r\u00fcyoruz\u201d dedi. K\u0131sa bir a\u00e7\u0131klamadan sonra gazetecilerden gelen sorular\u0131 cevapland\u0131ran \u015eahin, kentin en b\u00fcy\u00fck sorununun trafik oldu\u011funu belirtti. KAVA\u015eAKLAR YAKINDA BA\u015eLIYOR \u015eahin, \u201cTrafi\u011fin s\u00fcrekli artmas\u0131 \u015fehrin b\u00fcy\u00fcmesi ile alakal\u0131 konulard\u0131r, \u015fehir do\u011fuyor b\u00fcy\u00fcyor. Bu bir do\u011fum sanc\u0131s\u0131d\u0131r. En fazla ki\u015fi ba\u015f\u0131na d\u00fc\u015fen motorlu ara\u00e7 say\u0131s\u0131nda Antalya lider. Y\u00f6neticiler buna ayak uydurmal\u0131d\u0131r. Antalya\u2019y\u0131 y\u00f6netenler bu d\u00fczene ayak uydurmas\u0131 gerek. Hepsi belli bir mast\u0131r plan\u0131 i\u00e7erisinde yeni d\u00fczenlemeler yap\u0131lmal\u0131d\u0131r. \u0130\u015fin do\u011fas\u0131 gere\u011fi olumsuzluklar daha \u00e7ok g\u00fcndeme geliyor\u201d dedi. \u015eahin yak\u0131n zamanda yap\u0131lmas\u0131 planlanan Uncal\u0131 kav\u015faklar\u0131 hakk\u0131nda ise, \u201cUncal\u0131\u2019da 3 tane b\u00fcy\u00fck kav\u015fak projesi yak\u0131nda ba\u015fl\u0131yor. Cumhurba\u015fkan\u0131m\u0131za \u015f\u00fckran bor\u00e7luyuz. Duraliler, Uncal\u0131, Sanayi kav\u015fa\u011f\u0131 ve Kepez \u00fcst\u00fc kav\u015fa\u011f\u0131 bir seferde ihale edildi. \u0130ki i\u015f takviminde tamamlanacak. Bence \u00e7ok ciddi mesafe &hellip;","og_url":"https:\/\/denizcankizil.tr\/de\/haberler\/gundem\/antalyada-edslerin-ne-zaman-devreye-girecegi-belli-oldu\/","og_site_name":"Av. Deniz Can K\u0131z\u0131l","article_published_time":"2025-01-14T09:41:42+00:00","author":"Antalya K\u00f6rfez","twitter_card":"summary_large_image","twitter_misc":{"Verfasst von":"Antalya K\u00f6rfez","Gesch\u00e4tzte Lesezeit":"7\u00a0Minuten"},"schema":{"@context":"https:\/\/schema.org","@graph":[{"@type":"Article","@id":"https:\/\/denizcankizil.tr\/de\/haberler\/gundem\/antalyada-edslerin-ne-zaman-devreye-girecegi-belli-oldu\/#article","isPartOf":{"@id":"https:\/\/denizcankizil.tr\/de\/haberler\/gundem\/antalyada-edslerin-ne-zaman-devreye-girecegi-belli-oldu\/"},"author":{"name":"Antalya K\u00f6rfez","@id":"https:\/\/denizcankizil.tr\/#\/schema\/person\/e1eb71bb4dd684d46563f0af307e1234"},"headline":"Antalya\u2019da EDS\u2019lerin ne zaman devreye girece\u011fi belli oldu!","datePublished":"2025-01-14T09:41:42+00:00","mainEntityOfPage":{"@id":"https:\/\/denizcankizil.tr\/de\/haberler\/gundem\/antalyada-edslerin-ne-zaman-devreye-girecegi-belli-oldu\/"},"wordCount":1472,"commentCount":0,"publisher":{"@id":"https:\/\/denizcankizil.tr\/#organization"},"articleSection":["G\u00fcndem"],"inLanguage":"de","potentialAction":[{"@type":"CommentAction","name":"Comment","target":["https:\/\/denizcankizil.tr\/de\/haberler\/gundem\/antalyada-edslerin-ne-zaman-devreye-girecegi-belli-oldu\/#respond"]}]},{"@type":"WebPage","@id":"https:\/\/denizcankizil.tr\/de\/haberler\/gundem\/antalyada-edslerin-ne-zaman-devreye-girecegi-belli-oldu\/","url":"https:\/\/denizcankizil.tr\/de\/haberler\/gundem\/antalyada-edslerin-ne-zaman-devreye-girecegi-belli-oldu\/","name":"Antalya\u2019da EDS\u2019lerin ne zaman devreye girece\u011fi belli oldu! - Av. Deniz Can K\u0131z\u0131l","isPartOf":{"@id":"https:\/\/denizcankizil.tr\/#website"},"datePublished":"2025-01-14T09:41:42+00:00","breadcrumb":{"@id":"https:\/\/denizcankizil.tr\/de\/haberler\/gundem\/antalyada-edslerin-ne-zaman-devreye-girecegi-belli-oldu\/#breadcrumb"},"inLanguage":"de","potentialAction":[{"@type":"ReadAction","target":["https:\/\/denizcankizil.tr\/de\/haberler\/gundem\/antalyada-edslerin-ne-zaman-devreye-girecegi-belli-oldu\/"]}]},{"@type":"BreadcrumbList","@id":"https:\/\/denizcankizil.tr\/de\/haberler\/gundem\/antalyada-edslerin-ne-zaman-devreye-girecegi-belli-oldu\/#breadcrumb","itemListElement":[{"@type":"ListItem","position":1,"name":"Home","item":"https:\/\/denizcankizil.tr\/de\/"},{"@type":"ListItem","position":2,"name":"Antalya\u2019da EDS\u2019lerin ne zaman devreye girece\u011fi belli oldu!"}]},{"@type":"WebSite","@id":"https:\/\/denizcankizil.tr\/#website","url":"https:\/\/denizcankizil.tr\/","name":"Av. Deniz Can K\u0131z\u0131l","description":"Avukat Deniz Can K\u0131z\u0131l Antalya Barosu","publisher":{"@id":"https:\/\/denizcankizil.tr\/#organization"},"potentialAction":[{"@type":"SearchAction","target":{"@type":"EntryPoint","urlTemplate":"https:\/\/denizcankizil.tr\/?s={search_term_string}"},"query-input":{"@type":"PropertyValueSpecification","valueRequired":true,"valueName":"search_term_string"}}],"inLanguage":"de"},{"@type":"Organization","@id":"https:\/\/denizcankizil.tr\/#organization","name":"Av. Deniz Can K\u0131z\u0131l","url":"https:\/\/denizcankizil.tr\/","logo":{"@type":"ImageObject","inLanguage":"de","@id":"https:\/\/denizcankizil.tr\/#\/schema\/logo\/image\/","url":"https:\/\/denizcankizil.tr\/wp-content\/uploads\/2024\/10\/siyah-logo-svg.svg","contentUrl":"https:\/\/denizcankizil.tr\/wp-content\/uploads\/2024\/10\/siyah-logo-svg.svg","width":1080,"height":1080,"caption":"Av. Deniz Can K\u0131z\u0131l"},"image":{"@id":"https:\/\/denizcankizil.tr\/#\/schema\/logo\/image\/"}},{"@type":"Person","@id":"https:\/\/denizcankizil.tr\/#\/schema\/person\/e1eb71bb4dd684d46563f0af307e1234","name":"Antalya K\u00f6rfez","image":{"@type":"ImageObject","inLanguage":"de","@id":"https:\/\/denizcankizil.tr\/#\/schema\/person\/image\/","url":"https:\/\/secure.gravatar.com\/avatar\/42b01982558a48a0b501fdcab6a408d3717ea5919095ee2e67b0e521799c5905?s=96&d=mm&r=g","contentUrl":"https:\/\/secure.gravatar.com\/avatar\/42b01982558a48a0b501fdcab6a408d3717ea5919095ee2e67b0e521799c5905?s=96&d=mm&r=g","caption":"Antalya K\u00f6rfez"},"sameAs":["http:\/\/www.antalyakorfez.com"],"url":"https:\/\/www.antalyakorfez.com\/antalyada-edslerin-ne-zaman-devreye-girecegi-belli-oldu"}]}},"_links":{"self":[{"href":"https:\/\/denizcankizil.tr\/de\/wp-json\/wp\/v2\/posts\/25224","targetHints":{"allow":["GET"]}}],"collection":[{"href":"https:\/\/denizcankizil.tr\/de\/wp-json\/wp\/v2\/posts"}],"about":[{"href":"https:\/\/denizcankizil.tr\/de\/wp-json\/wp\/v2\/types\/post"}],"author":[{"embeddable":true,"href":"https:\/\/denizcankizil.tr\/de\/wp-json\/wp\/v2\/users\/5"}],"replies":[{"embeddable":true,"href":"https:\/\/denizcankizil.tr\/de\/wp-json\/wp\/v2\/comments?post=25224"}],"version-history":[{"count":0,"href":"https:\/\/denizcankizil.tr\/de\/wp-json\/wp\/v2\/posts\/25224\/revisions"}],"wp:attachment":[{"href":"https:\/\/denizcankizil.tr\/de\/wp-json\/wp\/v2\/media?parent=25224"}],"wp:term":[{"taxonomy":"category","embeddable":true,"href":"https:\/\/denizcankizil.tr\/de\/wp-json\/wp\/v2\/categories?post=25224"},{"taxonomy":"post_tag","embeddable":true,"href":"https:\/\/denizcankizil.tr\/de\/wp-json\/wp\/v2\/tags?post=25224"}],"curies":[{"name":"wp","href":"https:\/\/api.w.org\/{rel}","templated":true}]}}