{"id":25145,"date":"2025-01-13T17:41:43","date_gmt":"2025-01-13T14:41:43","guid":{"rendered":"https:\/\/denizcankizil.tr\/uncategorized-tr\/2024te-yagislar-azaldi-en-sicak-yil-oldu\/"},"modified":"2025-01-13T17:41:43","modified_gmt":"2025-01-13T14:41:43","slug":"2024te-yagislar-azaldi-en-sicak-yil-oldu","status":"publish","type":"post","link":"https:\/\/denizcankizil.tr\/de\/haberler\/gundem\/2024te-yagislar-azaldi-en-sicak-yil-oldu\/","title":{"rendered":"2024&#8217;te ya\u011f\u0131\u015flar azald\u0131, en s\u0131cak y\u0131l oldu!"},"content":{"rendered":"<p>\u00c7evre, \u015eehircilik ve \u0130klim De\u011fi\u015fikli\u011fi Bakanl\u0131\u011f\u0131\u2019na ba\u011fl\u0131 Meteoroloji Genel M\u00fcd\u00fcrl\u00fc\u011f\u00fc, 2024 y\u0131l\u0131 s\u0131cakl\u0131k ve ya\u011f\u0131\u015f raporlar\u0131n\u0131 yay\u0131mlad\u0131. 2024 y\u0131l\u0131 15,6 derecelik ortalama s\u0131cakl\u0131k ile son 53 y\u0131l\u0131n \u2018en s\u0131cak y\u0131l\u0131\u2019 olarak tarihe ge\u00e7ti. 2024 y\u0131l\u0131nda Ankara, \u0130stanbul ve \u0130zmir\u2019de ya\u011f\u0131\u015flarda azalma g\u00f6r\u00fcl\u00fcrken, en fazla ya\u011f\u0131\u015f Rize, en az ya\u011f\u0131\u015f alan il ise Edirne oldu.ANKARA (\u0130GFA) &#8211; 2024 y\u0131l\u0131nda T\u00fcrkiye genelinde ya\u011f\u0131\u015flar normaline g\u00f6re y\u00fczde 6,3 oran\u0131nda azald\u0131.<br \/>\nMeteoroloji Genel M\u00fcd\u00fcrl\u00fc\u011f\u00fc, 220 istasyondan al\u0131nan s\u0131cakl\u0131k verilerini uzun y\u0131llar ortalama verileri ile kar\u015f\u0131la\u015ft\u0131r\u0131larak 2024 Y\u0131l\u0131 S\u0131cakl\u0131k De\u011ferlendirme raporunu tamamlad\u0131.<br \/>\nVerilere g\u00f6re T\u00fcrkiye\u2019nin 2024 y\u0131l\u0131 ortalama s\u0131cakl\u0131\u011f\u0131, 15,6 derece olarak ger\u00e7ekle\u015fti. Bu de\u011fer, 1991\u20132020 normalinin ortalamas\u0131 olan 13,9 derecenin, 1,7 derece \u00fczerinde ger\u00e7ekle\u015fti. 2024 y\u0131l\u0131 T\u00fcrkiye ortalama s\u0131cakl\u0131\u011f\u0131, 1971-2024 periyoduna bak\u0131ld\u0131\u011f\u0131nda, 15,6 derece ile en s\u0131cak y\u0131l olarak tarihe ge\u00e7ti. Bu de\u011fer, bir \u00f6nceki rekor olan 2010 y\u0131l\u0131na ait 15,5 derece de\u011ferini 0,1 derece \u00fczerinde ger\u00e7ekle\u015fti.<br \/>\nYILIN 37 G\u00dcN\u00dc NORMAL\u0130N \u00dcZER\u0130NDE SICAKLIKLAR GER\u00c7EKLE\u015eT\u0130<br \/>\n2007 y\u0131l\u0131ndan g\u00fcn\u00fcm\u00fcze kadar bak\u0131ld\u0131\u011f\u0131nda ise T\u00fcrkiye\u2019de 2011 y\u0131l\u0131 hari\u00e7, normalin \u00fczerinde ortalama s\u0131cakl\u0131k de\u011ferleri ger\u00e7ekle\u015fiyor. 2024 y\u0131l\u0131nda ortalama s\u0131cakl\u0131klar 1 g\u00fcn normallerin alt\u0131nda olmak \u00fczere 328 g\u00fcn\u00fc normaller civar\u0131nda, 37 g\u00fcn\u00fc ise normallerin \u00fcst\u00fcnde ger\u00e7ekle\u015fti.<br \/>\n2024 y\u0131l\u0131n\u0131n ocak, nisan, haziran ve temmuz aylar\u0131nda ortalama s\u0131cakl\u0131k rekorlar\u0131 k\u0131r\u0131ld\u0131. Mevsimsel olarak bak\u0131ld\u0131\u011f\u0131nda ise k\u0131\u015f ve yaz mevsimleri yine rekor ile tamamland\u0131. 2024 y\u0131l\u0131n\u0131n geneline bak\u0131ld\u0131\u011f\u0131nda ise 10 ayda ortalama s\u0131cakl\u0131k de\u011ferleri normalin \u00fczerinde iken sadece may\u0131s ve kas\u0131m aylar\u0131nda ortalama s\u0131cakl\u0131k de\u011ferleri normalin alt\u0131nda g\u00f6zlemlendi.<br \/>\nMeteoroloji Genel M\u00fcd\u00fcrl\u00fc\u011f\u00fc\u2019n\u00fcn 2024 T\u00fcrkiye Alansal Y\u0131ll\u0131k Ya\u011f\u0131\u015f De\u011ferlendirme Raporu\u2019na g\u00f6re, 2024 y\u0131l\u0131nda T\u00fcrkiye genelinde ya\u011f\u0131\u015flarda normaline g\u00f6re y\u00fczde 6,3 oran\u0131nda azalma ger\u00e7ekle\u015fti. B\u00f6lgesel olarak bak\u0131ld\u0131\u011f\u0131nda Karadeniz ve Do\u011fu Anadolu b\u00f6lgeleri hari\u00e7 di\u011fer b\u00f6lgelerde ya\u011f\u0131\u015flarda normaline g\u00f6re azalma ger\u00e7ekle\u015fti.<\/p>\n<p>EN FAZLA YA\u011eI\u015e AZALMASI EGE\u2019DE<br \/>\n2024 y\u0131l\u0131 ya\u011f\u0131\u015flar\u0131nda en fazla azalma y\u00fczde 22,4 ile Ege B\u00f6lgesi\u2019nde g\u00f6r\u00fcl\u00fcrken Do\u011fu Anadolu B\u00f6lgesi\u2019nde normaline g\u00f6re y\u00fczde 7,5 oran\u0131nda art\u0131\u015f \u00f6l\u00e7\u00fcld\u00fc. Karadeniz B\u00f6lgesi\u2019nde ise ya\u011f\u0131\u015flar, normali civar\u0131nda ger\u00e7ekle\u015fti.<br \/>\n2024 y\u0131l\u0131nda \u00fc\u00e7 b\u00fcy\u00fck il Ankara, \u0130stanbul ve \u0130zmir\u2019de ya\u011f\u0131\u015flarda normaline g\u00f6re azald\u0131. 2024 y\u0131l\u0131nda en fazla ya\u011f\u0131\u015f alan il, 1869,9 mm ile Rize olurken, bu miktar normalinin yakla\u015f\u0131k y\u00fczde 17 \u00fczerinde oldu. Uzun d\u00f6nem ortalamalar\u0131na g\u00f6re ya\u011f\u0131\u015f miktar\u0131nda en fazla azalma ise y\u00fczde 35 ile Edirne\u2019de ger\u00e7ekle\u015fti.<br \/>\nYILLARA G\u00d6RE YA\u011eI\u015e VER\u0130LER\u0130<br \/>\nMeteoroloji Genel M\u00fcd\u00fcrl\u00fc\u011f\u00fc\u2019n\u00fcn 1991-2024 y\u0131llar\u0131 aras\u0131ndaki verilere bakarak yapt\u0131\u011f\u0131 de\u011ferlendirmede ise T\u00fcrkiye geneli y\u0131ll\u0131k toplam en y\u00fcksek ya\u011f\u0131\u015f\u0131n 728,3 mm ile 2009 y\u0131l\u0131nda, en az ya\u011f\u0131\u015f\u0131n ise 451,6 mm ile 2008 y\u0131l\u0131nda ger\u00e7ekle\u015fti\u011fi g\u00f6r\u00fcld\u00fc.<br \/>\n2024 y\u0131l\u0131nda ger\u00e7ekle\u015fen T\u00fcrkiye geneli y\u0131ll\u0131k toplam ya\u011f\u0131\u015f miktar\u0131 ise 537,2 mm olarak \u00f6l\u00e7\u00fcld\u00fc. Yine 33 y\u0131ll\u0131k periyodda; normaline g\u00f6re y\u0131ll\u0131k ya\u011f\u0131\u015f ortalamas\u0131nda en fazla artma y\u00fczde 27 ile 2009 y\u0131l\u0131nda, en fazla azalma ise y\u00fczde 21 ile 2008 y\u0131l\u0131nda ger\u00e7ekle\u015fti. 2024 y\u0131l\u0131nda ise T\u00fcrkiye geneli y\u0131ll\u0131k toplam ya\u011f\u0131\u015f miktar\u0131 normalinin y\u00fczde 6 alt\u0131nda \u00f6l\u00e7\u00fcld\u00fc.<\/p>\n<p>\u200b\u00c7evre, \u015eehircilik ve \u0130klim De\u011fi\u015fikli\u011fi Bakanl\u0131\u011f\u0131\u2019na ba\u011fl\u0131 Meteoroloji Genel M\u00fcd\u00fcrl\u00fc\u011f\u00fc, 2024 y\u0131l\u0131 s\u0131cakl\u0131k ve ya\u011f\u0131\u015f raporlar\u0131n\u0131 yay\u0131mlad\u0131. 2024 y\u0131l\u0131 15,6 derecelik ortalama s\u0131cakl\u0131k ile son 53 y\u0131l\u0131n \u2018en s\u0131cak y\u0131l\u0131\u2019 olarak tarihe ge\u00e7ti. 2024 y\u0131l\u0131nda Ankara, \u0130stanbul ve \u0130zmir\u2019de ya\u011f\u0131\u015flarda azalma g\u00f6r\u00fcl\u00fcrken, en fazla ya\u011f\u0131\u015f Rize, en az ya\u011f\u0131\u015f alan il ise Edirne oldu.ANKARA (\u0130GFA) &#8211; 2024 y\u0131l\u0131nda T\u00fcrkiye genelinde ya\u011f\u0131\u015flar normaline g\u00f6re y\u00fczde 6,3 oran\u0131nda azald\u0131.<br \/>\nMeteoroloji Genel M\u00fcd\u00fcrl\u00fc\u011f\u00fc, 220 istasyondan al\u0131nan s\u0131cakl\u0131k verilerini uzun y\u0131llar ortalama verileri ile kar\u015f\u0131la\u015ft\u0131r\u0131larak 2024 Y\u0131l\u0131 S\u0131cakl\u0131k De\u011ferlendirme raporunu tamamlad\u0131.<br \/>\nVerilere g\u00f6re T\u00fcrkiye\u2019nin 2024 y\u0131l\u0131 ortalama s\u0131cakl\u0131\u011f\u0131, 15,6 derece olarak ger\u00e7ekle\u015fti. Bu de\u011fer, 1991\u20132020 normalinin ortalamas\u0131 olan 13,9 derecenin, 1,7 derece \u00fczerinde ger\u00e7ekle\u015fti. 2024 y\u0131l\u0131 T\u00fcrkiye ortalama s\u0131cakl\u0131\u011f\u0131, 1971-2024 periyoduna bak\u0131ld\u0131\u011f\u0131nda, 15,6 derece ile en s\u0131cak y\u0131l olarak tarihe ge\u00e7ti. Bu de\u011fer, bir \u00f6nceki rekor olan 2010 y\u0131l\u0131na ait 15,5 derece de\u011ferini 0,1 derece \u00fczerinde ger\u00e7ekle\u015fti.<br \/>\nYILIN 37 G\u00dcN\u00dc NORMAL\u0130N \u00dcZER\u0130NDE SICAKLIKLAR GER\u00c7EKLE\u015eT\u0130<br \/>\n2007 y\u0131l\u0131ndan g\u00fcn\u00fcm\u00fcze kadar bak\u0131ld\u0131\u011f\u0131nda ise T\u00fcrkiye\u2019de 2011 y\u0131l\u0131 hari\u00e7, normalin \u00fczerinde ortalama s\u0131cakl\u0131k de\u011ferleri ger\u00e7ekle\u015fiyor. 2024 y\u0131l\u0131nda ortalama s\u0131cakl\u0131klar 1 g\u00fcn normallerin alt\u0131nda olmak \u00fczere 328 g\u00fcn\u00fc normaller civar\u0131nda, 37 g\u00fcn\u00fc ise normallerin \u00fcst\u00fcnde ger\u00e7ekle\u015fti.<br \/>\n2024 y\u0131l\u0131n\u0131n ocak, nisan, haziran ve temmuz aylar\u0131nda ortalama s\u0131cakl\u0131k rekorlar\u0131 k\u0131r\u0131ld\u0131. Mevsimsel olarak bak\u0131ld\u0131\u011f\u0131nda ise k\u0131\u015f ve yaz mevsimleri yine rekor ile tamamland\u0131. 2024 y\u0131l\u0131n\u0131n geneline bak\u0131ld\u0131\u011f\u0131nda ise 10 ayda ortalama s\u0131cakl\u0131k de\u011ferleri normalin \u00fczerinde iken sadece may\u0131s ve kas\u0131m aylar\u0131nda ortalama s\u0131cakl\u0131k de\u011ferleri normalin alt\u0131nda g\u00f6zlemlendi.<br \/>\nMeteoroloji Genel M\u00fcd\u00fcrl\u00fc\u011f\u00fc\u2019n\u00fcn 2024 T\u00fcrkiye Alansal Y\u0131ll\u0131k Ya\u011f\u0131\u015f De\u011ferlendirme Raporu\u2019na g\u00f6re, 2024 y\u0131l\u0131nda T\u00fcrkiye genelinde ya\u011f\u0131\u015flarda normaline g\u00f6re y\u00fczde 6,3 oran\u0131nda azalma ger\u00e7ekle\u015fti. B\u00f6lgesel olarak bak\u0131ld\u0131\u011f\u0131nda Karadeniz ve Do\u011fu Anadolu b\u00f6lgeleri hari\u00e7 di\u011fer b\u00f6lgelerde ya\u011f\u0131\u015flarda normaline g\u00f6re azalma ger\u00e7ekle\u015fti.<\/p>\n<p>EN FAZLA YA\u011eI\u015e AZALMASI EGE\u2019DE<br \/>\n2024 y\u0131l\u0131 ya\u011f\u0131\u015flar\u0131nda en fazla azalma y\u00fczde 22,4 ile Ege B\u00f6lgesi\u2019nde g\u00f6r\u00fcl\u00fcrken Do\u011fu Anadolu B\u00f6lgesi\u2019nde normaline g\u00f6re y\u00fczde 7,5 oran\u0131nda art\u0131\u015f \u00f6l\u00e7\u00fcld\u00fc. Karadeniz B\u00f6lgesi\u2019nde ise ya\u011f\u0131\u015flar, normali civar\u0131nda ger\u00e7ekle\u015fti.<br \/>\n2024 y\u0131l\u0131nda \u00fc\u00e7 b\u00fcy\u00fck il Ankara, \u0130stanbul ve \u0130zmir\u2019de ya\u011f\u0131\u015flarda normaline g\u00f6re azald\u0131. 2024 y\u0131l\u0131nda en fazla ya\u011f\u0131\u015f alan il, 1869,9 mm ile Rize olurken, bu miktar normalinin yakla\u015f\u0131k y\u00fczde 17 \u00fczerinde oldu. Uzun d\u00f6nem ortalamalar\u0131na g\u00f6re ya\u011f\u0131\u015f miktar\u0131nda en fazla azalma ise y\u00fczde 35 ile Edirne\u2019de ger\u00e7ekle\u015fti.<br \/>\nYILLARA G\u00d6RE YA\u011eI\u015e VER\u0130LER\u0130<br \/>\nMeteoroloji Genel M\u00fcd\u00fcrl\u00fc\u011f\u00fc\u2019n\u00fcn 1991-2024 y\u0131llar\u0131 aras\u0131ndaki verilere bakarak yapt\u0131\u011f\u0131 de\u011ferlendirmede ise T\u00fcrkiye geneli y\u0131ll\u0131k toplam en y\u00fcksek ya\u011f\u0131\u015f\u0131n 728,3 mm ile 2009 y\u0131l\u0131nda, en az ya\u011f\u0131\u015f\u0131n ise 451,6 mm ile 2008 y\u0131l\u0131nda ger\u00e7ekle\u015fti\u011fi g\u00f6r\u00fcld\u00fc.<br \/>\n2024 y\u0131l\u0131nda ger\u00e7ekle\u015fen T\u00fcrkiye geneli y\u0131ll\u0131k toplam ya\u011f\u0131\u015f miktar\u0131 ise 537,2 mm olarak \u00f6l\u00e7\u00fcld\u00fc. Yine 33 y\u0131ll\u0131k periyodda; normaline g\u00f6re y\u0131ll\u0131k ya\u011f\u0131\u015f ortalamas\u0131nda en fazla artma y\u00fczde 27 ile 2009 y\u0131l\u0131nda, en fazla azalma ise y\u00fczde 21 ile 2008 y\u0131l\u0131nda ger\u00e7ekle\u015fti. 2024 y\u0131l\u0131nda ise T\u00fcrkiye geneli y\u0131ll\u0131k toplam ya\u011f\u0131\u015f miktar\u0131 normalinin y\u00fczde 6 alt\u0131nda \u00f6l\u00e7\u00fcld\u00fc.\u00a0<\/p>\n<p>\u200bHaberin Al\u0131nt\u0131land\u0131\u011f\u0131 Kaynak: www.iskenderun.org<\/p>","protected":false},"excerpt":{"rendered":"<p>\u00c7evre, \u015eehircilik ve \u0130klim De\u011fi\u015fikli\u011fi Bakanl\u0131\u011f\u0131\u2019na ba\u011fl\u0131 Meteoroloji Genel M\u00fcd\u00fcrl\u00fc\u011f\u00fc, 2024 y\u0131l\u0131 s\u0131cakl\u0131k ve ya\u011f\u0131\u015f raporlar\u0131n\u0131 yay\u0131mlad\u0131. 2024 y\u0131l\u0131 15,6 derecelik ortalama s\u0131cakl\u0131k ile son 53 y\u0131l\u0131n \u2018en s\u0131cak y\u0131l\u0131\u2019 olarak tarihe ge\u00e7ti. 2024 y\u0131l\u0131nda Ankara, \u0130stanbul ve \u0130zmir\u2019de ya\u011f\u0131\u015flarda azalma g\u00f6r\u00fcl\u00fcrken, en fazla ya\u011f\u0131\u015f Rize, en az ya\u011f\u0131\u015f alan il ise Edirne oldu.ANKARA (\u0130GFA) &#8211; 2024 y\u0131l\u0131nda T\u00fcrkiye genelinde ya\u011f\u0131\u015flar normaline g\u00f6re y\u00fczde 6,3 oran\u0131nda azald\u0131. Meteoroloji Genel M\u00fcd\u00fcrl\u00fc\u011f\u00fc, 220 istasyondan al\u0131nan s\u0131cakl\u0131k verilerini uzun y\u0131llar ortalama verileri ile kar\u015f\u0131la\u015ft\u0131r\u0131larak 2024 Y\u0131l\u0131 S\u0131cakl\u0131k De\u011ferlendirme raporunu tamamlad\u0131. Verilere g\u00f6re T\u00fcrkiye\u2019nin 2024 y\u0131l\u0131 ortalama s\u0131cakl\u0131\u011f\u0131, 15,6 derece olarak ger\u00e7ekle\u015fti. Bu de\u011fer, 1991\u20132020 normalinin ortalamas\u0131 olan 13,9 derecenin, 1,7 derece \u00fczerinde ger\u00e7ekle\u015fti. 2024 y\u0131l\u0131 T\u00fcrkiye ortalama s\u0131cakl\u0131\u011f\u0131, 1971-2024 periyoduna bak\u0131ld\u0131\u011f\u0131nda, 15,6 derece ile en s\u0131cak y\u0131l olarak tarihe ge\u00e7ti. Bu de\u011fer, bir \u00f6nceki rekor olan 2010 y\u0131l\u0131na ait 15,5 derece de\u011ferini 0,1 derece \u00fczerinde ger\u00e7ekle\u015fti. YILIN 37 G\u00dcN\u00dc NORMAL\u0130N \u00dcZER\u0130NDE SICAKLIKLAR GER\u00c7EKLE\u015eT\u0130 2007 y\u0131l\u0131ndan g\u00fcn\u00fcm\u00fcze kadar bak\u0131ld\u0131\u011f\u0131nda ise T\u00fcrkiye\u2019de 2011 y\u0131l\u0131 hari\u00e7, normalin \u00fczerinde ortalama s\u0131cakl\u0131k de\u011ferleri ger\u00e7ekle\u015fiyor. 2024 y\u0131l\u0131nda ortalama s\u0131cakl\u0131klar 1 g\u00fcn normallerin alt\u0131nda olmak \u00fczere 328 g\u00fcn\u00fc normaller civar\u0131nda, 37 g\u00fcn\u00fc ise normallerin \u00fcst\u00fcnde ger\u00e7ekle\u015fti. 2024 y\u0131l\u0131n\u0131n ocak, nisan, haziran ve temmuz aylar\u0131nda ortalama s\u0131cakl\u0131k rekorlar\u0131 k\u0131r\u0131ld\u0131. Mevsimsel olarak &hellip;<\/p>","protected":false},"author":1,"featured_media":0,"comment_status":"open","ping_status":"open","sticky":false,"template":"","format":"standard","meta":{"_acf_changed":false,"footnotes":""},"categories":[24],"tags":[],"class_list":["post-25145","post","type-post","status-publish","format-standard","has-post-thumbnail","hentry","category-gundem"],"acf":[],"yoast_head":"<!-- This site is optimized with the Yoast SEO Premium plugin v26.6 (Yoast SEO v27.1.1) - https:\/\/yoast.com\/product\/yoast-seo-premium-wordpress\/ -->\n<title>2024&#039;te ya\u011f\u0131\u015flar azald\u0131, en s\u0131cak y\u0131l oldu! - Av. Deniz Can K\u0131z\u0131l<\/title>\n<meta name=\"robots\" content=\"index, follow, max-snippet:-1, max-image-preview:large, max-video-preview:-1\" \/>\n<link rel=\"canonical\" href=\"https:\/\/denizcankizil.tr\/de\/haberler\/gundem\/2024te-yagislar-azaldi-en-sicak-yil-oldu\/\" \/>\n<meta property=\"og:locale\" content=\"de_DE\" \/>\n<meta property=\"og:type\" content=\"article\" \/>\n<meta property=\"og:title\" content=\"2024&#039;te ya\u011f\u0131\u015flar azald\u0131, en s\u0131cak y\u0131l oldu!\" \/>\n<meta property=\"og:description\" content=\"\u00c7evre, \u015eehircilik ve \u0130klim De\u011fi\u015fikli\u011fi Bakanl\u0131\u011f\u0131\u2019na ba\u011fl\u0131 Meteoroloji Genel M\u00fcd\u00fcrl\u00fc\u011f\u00fc, 2024 y\u0131l\u0131 s\u0131cakl\u0131k ve ya\u011f\u0131\u015f raporlar\u0131n\u0131 yay\u0131mlad\u0131. 2024 y\u0131l\u0131 15,6 derecelik ortalama s\u0131cakl\u0131k ile son 53 y\u0131l\u0131n \u2018en s\u0131cak y\u0131l\u0131\u2019 olarak tarihe ge\u00e7ti. 2024 y\u0131l\u0131nda Ankara, \u0130stanbul ve \u0130zmir\u2019de ya\u011f\u0131\u015flarda azalma g\u00f6r\u00fcl\u00fcrken, en fazla ya\u011f\u0131\u015f Rize, en az ya\u011f\u0131\u015f alan il ise Edirne oldu.ANKARA (\u0130GFA) &#8211; 2024 y\u0131l\u0131nda T\u00fcrkiye genelinde ya\u011f\u0131\u015flar normaline g\u00f6re y\u00fczde 6,3 oran\u0131nda azald\u0131. Meteoroloji Genel M\u00fcd\u00fcrl\u00fc\u011f\u00fc, 220 istasyondan al\u0131nan s\u0131cakl\u0131k verilerini uzun y\u0131llar ortalama verileri ile kar\u015f\u0131la\u015ft\u0131r\u0131larak 2024 Y\u0131l\u0131 S\u0131cakl\u0131k De\u011ferlendirme raporunu tamamlad\u0131. Verilere g\u00f6re T\u00fcrkiye\u2019nin 2024 y\u0131l\u0131 ortalama s\u0131cakl\u0131\u011f\u0131, 15,6 derece olarak ger\u00e7ekle\u015fti. Bu de\u011fer, 1991\u20132020 normalinin ortalamas\u0131 olan 13,9 derecenin, 1,7 derece \u00fczerinde ger\u00e7ekle\u015fti. 2024 y\u0131l\u0131 T\u00fcrkiye ortalama s\u0131cakl\u0131\u011f\u0131, 1971-2024 periyoduna bak\u0131ld\u0131\u011f\u0131nda, 15,6 derece ile en s\u0131cak y\u0131l olarak tarihe ge\u00e7ti. Bu de\u011fer, bir \u00f6nceki rekor olan 2010 y\u0131l\u0131na ait 15,5 derece de\u011ferini 0,1 derece \u00fczerinde ger\u00e7ekle\u015fti. YILIN 37 G\u00dcN\u00dc NORMAL\u0130N \u00dcZER\u0130NDE SICAKLIKLAR GER\u00c7EKLE\u015eT\u0130 2007 y\u0131l\u0131ndan g\u00fcn\u00fcm\u00fcze kadar bak\u0131ld\u0131\u011f\u0131nda ise T\u00fcrkiye\u2019de 2011 y\u0131l\u0131 hari\u00e7, normalin \u00fczerinde ortalama s\u0131cakl\u0131k de\u011ferleri ger\u00e7ekle\u015fiyor. 2024 y\u0131l\u0131nda ortalama s\u0131cakl\u0131klar 1 g\u00fcn normallerin alt\u0131nda olmak \u00fczere 328 g\u00fcn\u00fc normaller civar\u0131nda, 37 g\u00fcn\u00fc ise normallerin \u00fcst\u00fcnde ger\u00e7ekle\u015fti. 2024 y\u0131l\u0131n\u0131n ocak, nisan, haziran ve temmuz aylar\u0131nda ortalama s\u0131cakl\u0131k rekorlar\u0131 k\u0131r\u0131ld\u0131. Mevsimsel olarak &hellip;\" \/>\n<meta property=\"og:url\" content=\"https:\/\/denizcankizil.tr\/de\/haberler\/gundem\/2024te-yagislar-azaldi-en-sicak-yil-oldu\/\" \/>\n<meta property=\"og:site_name\" content=\"Av. Deniz Can K\u0131z\u0131l\" \/>\n<meta property=\"article:published_time\" content=\"2025-01-13T14:41:43+00:00\" \/>\n<meta name=\"author\" content=\"admin\" \/>\n<meta name=\"twitter:card\" content=\"summary_large_image\" \/>\n<meta name=\"twitter:label1\" content=\"Verfasst von\" \/>\n\t<meta name=\"twitter:data1\" content=\"admin\" \/>\n\t<meta name=\"twitter:label2\" content=\"Gesch\u00e4tzte Lesezeit\" \/>\n\t<meta name=\"twitter:data2\" content=\"7\u00a0Minuten\" \/>\n<script type=\"application\/ld+json\" class=\"yoast-schema-graph\">{\"@context\":\"https:\/\/schema.org\",\"@graph\":[{\"@type\":\"Article\",\"@id\":\"https:\/\/denizcankizil.tr\/de\/haberler\/gundem\/2024te-yagislar-azaldi-en-sicak-yil-oldu\/#article\",\"isPartOf\":{\"@id\":\"https:\/\/denizcankizil.tr\/de\/haberler\/gundem\/2024te-yagislar-azaldi-en-sicak-yil-oldu\/\"},\"author\":{\"name\":\"admin\",\"@id\":\"https:\/\/denizcankizil.tr\/de\/#\/schema\/person\/be3c05fe6a12686905512445d8185489\"},\"headline\":\"2024&#8217;te ya\u011f\u0131\u015flar azald\u0131, en s\u0131cak y\u0131l oldu!\",\"datePublished\":\"2025-01-13T14:41:43+00:00\",\"mainEntityOfPage\":{\"@id\":\"https:\/\/denizcankizil.tr\/de\/haberler\/gundem\/2024te-yagislar-azaldi-en-sicak-yil-oldu\/\"},\"wordCount\":1324,\"commentCount\":0,\"publisher\":{\"@id\":\"https:\/\/denizcankizil.tr\/de\/#organization\"},\"articleSection\":[\"G\u00fcndem\"],\"inLanguage\":\"de\",\"potentialAction\":[{\"@type\":\"CommentAction\",\"name\":\"Comment\",\"target\":[\"https:\/\/denizcankizil.tr\/de\/haberler\/gundem\/2024te-yagislar-azaldi-en-sicak-yil-oldu\/#respond\"]}]},{\"@type\":\"WebPage\",\"@id\":\"https:\/\/denizcankizil.tr\/de\/haberler\/gundem\/2024te-yagislar-azaldi-en-sicak-yil-oldu\/\",\"url\":\"https:\/\/denizcankizil.tr\/de\/haberler\/gundem\/2024te-yagislar-azaldi-en-sicak-yil-oldu\/\",\"name\":\"2024'te ya\u011f\u0131\u015flar azald\u0131, en s\u0131cak y\u0131l oldu! - Av. Deniz Can K\u0131z\u0131l\",\"isPartOf\":{\"@id\":\"https:\/\/denizcankizil.tr\/de\/#website\"},\"datePublished\":\"2025-01-13T14:41:43+00:00\",\"breadcrumb\":{\"@id\":\"https:\/\/denizcankizil.tr\/de\/haberler\/gundem\/2024te-yagislar-azaldi-en-sicak-yil-oldu\/#breadcrumb\"},\"inLanguage\":\"de\",\"potentialAction\":[{\"@type\":\"ReadAction\",\"target\":[\"https:\/\/denizcankizil.tr\/de\/haberler\/gundem\/2024te-yagislar-azaldi-en-sicak-yil-oldu\/\"]}]},{\"@type\":\"BreadcrumbList\",\"@id\":\"https:\/\/denizcankizil.tr\/de\/haberler\/gundem\/2024te-yagislar-azaldi-en-sicak-yil-oldu\/#breadcrumb\",\"itemListElement\":[{\"@type\":\"ListItem\",\"position\":1,\"name\":\"Home\",\"item\":\"https:\/\/denizcankizil.tr\/de\/\"},{\"@type\":\"ListItem\",\"position\":2,\"name\":\"2024&#8217;te ya\u011f\u0131\u015flar azald\u0131, en s\u0131cak y\u0131l oldu!\"}]},{\"@type\":\"WebSite\",\"@id\":\"https:\/\/denizcankizil.tr\/de\/#website\",\"url\":\"https:\/\/denizcankizil.tr\/de\/\",\"name\":\"Av. Deniz Can K\u0131z\u0131l\",\"description\":\"Avukat Deniz Can K\u0131z\u0131l Antalya Barosu\",\"publisher\":{\"@id\":\"https:\/\/denizcankizil.tr\/de\/#organization\"},\"potentialAction\":[{\"@type\":\"SearchAction\",\"target\":{\"@type\":\"EntryPoint\",\"urlTemplate\":\"https:\/\/denizcankizil.tr\/de\/?s={search_term_string}\"},\"query-input\":{\"@type\":\"PropertyValueSpecification\",\"valueRequired\":true,\"valueName\":\"search_term_string\"}}],\"inLanguage\":\"de\"},{\"@type\":\"Organization\",\"@id\":\"https:\/\/denizcankizil.tr\/de\/#organization\",\"name\":\"Av. Deniz Can K\u0131z\u0131l\",\"url\":\"https:\/\/denizcankizil.tr\/de\/\",\"logo\":{\"@type\":\"ImageObject\",\"inLanguage\":\"de\",\"@id\":\"https:\/\/denizcankizil.tr\/de\/#\/schema\/logo\/image\/\",\"url\":\"https:\/\/denizcankizil.tr\/wp-content\/uploads\/2024\/10\/siyah-logo-svg.svg\",\"contentUrl\":\"https:\/\/denizcankizil.tr\/wp-content\/uploads\/2024\/10\/siyah-logo-svg.svg\",\"width\":1080,\"height\":1080,\"caption\":\"Av. Deniz Can K\u0131z\u0131l\"},\"image\":{\"@id\":\"https:\/\/denizcankizil.tr\/de\/#\/schema\/logo\/image\/\"}},{\"@type\":\"Person\",\"@id\":\"https:\/\/denizcankizil.tr\/de\/#\/schema\/person\/be3c05fe6a12686905512445d8185489\",\"name\":\"admin\",\"image\":{\"@type\":\"ImageObject\",\"inLanguage\":\"de\",\"@id\":\"https:\/\/denizcankizil.tr\/de\/#\/schema\/person\/image\/\",\"url\":\"https:\/\/secure.gravatar.com\/avatar\/c1fce94c830dc79107e174f890d7210541c4a63e8e5d816341794a2151c9d58c?s=96&d=mm&r=g\",\"contentUrl\":\"https:\/\/secure.gravatar.com\/avatar\/c1fce94c830dc79107e174f890d7210541c4a63e8e5d816341794a2151c9d58c?s=96&d=mm&r=g\",\"caption\":\"admin\"},\"sameAs\":[\"http:\/\/denizcankizil.tr\"],\"url\":\"https:\/\/www.iskenderun.org\/2024te-yagislar-azaldi-en-sicak-yil-oldu\"}]}<\/script>\n<!-- \/ Yoast SEO Premium plugin. -->","yoast_head_json":{"title":"2024'te ya\u011f\u0131\u015flar azald\u0131, en s\u0131cak y\u0131l oldu! - Av. Deniz Can K\u0131z\u0131l","robots":{"index":"index","follow":"follow","max-snippet":"max-snippet:-1","max-image-preview":"max-image-preview:large","max-video-preview":"max-video-preview:-1"},"canonical":"https:\/\/denizcankizil.tr\/de\/haberler\/gundem\/2024te-yagislar-azaldi-en-sicak-yil-oldu\/","og_locale":"de_DE","og_type":"article","og_title":"2024'te ya\u011f\u0131\u015flar azald\u0131, en s\u0131cak y\u0131l oldu!","og_description":"\u00c7evre, \u015eehircilik ve \u0130klim De\u011fi\u015fikli\u011fi Bakanl\u0131\u011f\u0131\u2019na ba\u011fl\u0131 Meteoroloji Genel M\u00fcd\u00fcrl\u00fc\u011f\u00fc, 2024 y\u0131l\u0131 s\u0131cakl\u0131k ve ya\u011f\u0131\u015f raporlar\u0131n\u0131 yay\u0131mlad\u0131. 2024 y\u0131l\u0131 15,6 derecelik ortalama s\u0131cakl\u0131k ile son 53 y\u0131l\u0131n \u2018en s\u0131cak y\u0131l\u0131\u2019 olarak tarihe ge\u00e7ti. 2024 y\u0131l\u0131nda Ankara, \u0130stanbul ve \u0130zmir\u2019de ya\u011f\u0131\u015flarda azalma g\u00f6r\u00fcl\u00fcrken, en fazla ya\u011f\u0131\u015f Rize, en az ya\u011f\u0131\u015f alan il ise Edirne oldu.ANKARA (\u0130GFA) &#8211; 2024 y\u0131l\u0131nda T\u00fcrkiye genelinde ya\u011f\u0131\u015flar normaline g\u00f6re y\u00fczde 6,3 oran\u0131nda azald\u0131. Meteoroloji Genel M\u00fcd\u00fcrl\u00fc\u011f\u00fc, 220 istasyondan al\u0131nan s\u0131cakl\u0131k verilerini uzun y\u0131llar ortalama verileri ile kar\u015f\u0131la\u015ft\u0131r\u0131larak 2024 Y\u0131l\u0131 S\u0131cakl\u0131k De\u011ferlendirme raporunu tamamlad\u0131. Verilere g\u00f6re T\u00fcrkiye\u2019nin 2024 y\u0131l\u0131 ortalama s\u0131cakl\u0131\u011f\u0131, 15,6 derece olarak ger\u00e7ekle\u015fti. Bu de\u011fer, 1991\u20132020 normalinin ortalamas\u0131 olan 13,9 derecenin, 1,7 derece \u00fczerinde ger\u00e7ekle\u015fti. 2024 y\u0131l\u0131 T\u00fcrkiye ortalama s\u0131cakl\u0131\u011f\u0131, 1971-2024 periyoduna bak\u0131ld\u0131\u011f\u0131nda, 15,6 derece ile en s\u0131cak y\u0131l olarak tarihe ge\u00e7ti. Bu de\u011fer, bir \u00f6nceki rekor olan 2010 y\u0131l\u0131na ait 15,5 derece de\u011ferini 0,1 derece \u00fczerinde ger\u00e7ekle\u015fti. YILIN 37 G\u00dcN\u00dc NORMAL\u0130N \u00dcZER\u0130NDE SICAKLIKLAR GER\u00c7EKLE\u015eT\u0130 2007 y\u0131l\u0131ndan g\u00fcn\u00fcm\u00fcze kadar bak\u0131ld\u0131\u011f\u0131nda ise T\u00fcrkiye\u2019de 2011 y\u0131l\u0131 hari\u00e7, normalin \u00fczerinde ortalama s\u0131cakl\u0131k de\u011ferleri ger\u00e7ekle\u015fiyor. 2024 y\u0131l\u0131nda ortalama s\u0131cakl\u0131klar 1 g\u00fcn normallerin alt\u0131nda olmak \u00fczere 328 g\u00fcn\u00fc normaller civar\u0131nda, 37 g\u00fcn\u00fc ise normallerin \u00fcst\u00fcnde ger\u00e7ekle\u015fti. 2024 y\u0131l\u0131n\u0131n ocak, nisan, haziran ve temmuz aylar\u0131nda ortalama s\u0131cakl\u0131k rekorlar\u0131 k\u0131r\u0131ld\u0131. Mevsimsel olarak &hellip;","og_url":"https:\/\/denizcankizil.tr\/de\/haberler\/gundem\/2024te-yagislar-azaldi-en-sicak-yil-oldu\/","og_site_name":"Av. Deniz Can K\u0131z\u0131l","article_published_time":"2025-01-13T14:41:43+00:00","author":"admin","twitter_card":"summary_large_image","twitter_misc":{"Verfasst von":"admin","Gesch\u00e4tzte Lesezeit":"7\u00a0Minuten"},"schema":{"@context":"https:\/\/schema.org","@graph":[{"@type":"Article","@id":"https:\/\/denizcankizil.tr\/de\/haberler\/gundem\/2024te-yagislar-azaldi-en-sicak-yil-oldu\/#article","isPartOf":{"@id":"https:\/\/denizcankizil.tr\/de\/haberler\/gundem\/2024te-yagislar-azaldi-en-sicak-yil-oldu\/"},"author":{"name":"admin","@id":"https:\/\/denizcankizil.tr\/de\/#\/schema\/person\/be3c05fe6a12686905512445d8185489"},"headline":"2024&#8217;te ya\u011f\u0131\u015flar azald\u0131, en s\u0131cak y\u0131l oldu!","datePublished":"2025-01-13T14:41:43+00:00","mainEntityOfPage":{"@id":"https:\/\/denizcankizil.tr\/de\/haberler\/gundem\/2024te-yagislar-azaldi-en-sicak-yil-oldu\/"},"wordCount":1324,"commentCount":0,"publisher":{"@id":"https:\/\/denizcankizil.tr\/de\/#organization"},"articleSection":["G\u00fcndem"],"inLanguage":"de","potentialAction":[{"@type":"CommentAction","name":"Comment","target":["https:\/\/denizcankizil.tr\/de\/haberler\/gundem\/2024te-yagislar-azaldi-en-sicak-yil-oldu\/#respond"]}]},{"@type":"WebPage","@id":"https:\/\/denizcankizil.tr\/de\/haberler\/gundem\/2024te-yagislar-azaldi-en-sicak-yil-oldu\/","url":"https:\/\/denizcankizil.tr\/de\/haberler\/gundem\/2024te-yagislar-azaldi-en-sicak-yil-oldu\/","name":"2024'te ya\u011f\u0131\u015flar azald\u0131, en s\u0131cak y\u0131l oldu! - Av. Deniz Can K\u0131z\u0131l","isPartOf":{"@id":"https:\/\/denizcankizil.tr\/de\/#website"},"datePublished":"2025-01-13T14:41:43+00:00","breadcrumb":{"@id":"https:\/\/denizcankizil.tr\/de\/haberler\/gundem\/2024te-yagislar-azaldi-en-sicak-yil-oldu\/#breadcrumb"},"inLanguage":"de","potentialAction":[{"@type":"ReadAction","target":["https:\/\/denizcankizil.tr\/de\/haberler\/gundem\/2024te-yagislar-azaldi-en-sicak-yil-oldu\/"]}]},{"@type":"BreadcrumbList","@id":"https:\/\/denizcankizil.tr\/de\/haberler\/gundem\/2024te-yagislar-azaldi-en-sicak-yil-oldu\/#breadcrumb","itemListElement":[{"@type":"ListItem","position":1,"name":"Home","item":"https:\/\/denizcankizil.tr\/de\/"},{"@type":"ListItem","position":2,"name":"2024&#8217;te ya\u011f\u0131\u015flar azald\u0131, en s\u0131cak y\u0131l oldu!"}]},{"@type":"WebSite","@id":"https:\/\/denizcankizil.tr\/de\/#website","url":"https:\/\/denizcankizil.tr\/de\/","name":"Av. Deniz Can K\u0131z\u0131l","description":"Avukat Deniz Can K\u0131z\u0131l Antalya Barosu","publisher":{"@id":"https:\/\/denizcankizil.tr\/de\/#organization"},"potentialAction":[{"@type":"SearchAction","target":{"@type":"EntryPoint","urlTemplate":"https:\/\/denizcankizil.tr\/de\/?s={search_term_string}"},"query-input":{"@type":"PropertyValueSpecification","valueRequired":true,"valueName":"search_term_string"}}],"inLanguage":"de"},{"@type":"Organization","@id":"https:\/\/denizcankizil.tr\/de\/#organization","name":"Av. Deniz Can K\u0131z\u0131l","url":"https:\/\/denizcankizil.tr\/de\/","logo":{"@type":"ImageObject","inLanguage":"de","@id":"https:\/\/denizcankizil.tr\/de\/#\/schema\/logo\/image\/","url":"https:\/\/denizcankizil.tr\/wp-content\/uploads\/2024\/10\/siyah-logo-svg.svg","contentUrl":"https:\/\/denizcankizil.tr\/wp-content\/uploads\/2024\/10\/siyah-logo-svg.svg","width":1080,"height":1080,"caption":"Av. Deniz Can K\u0131z\u0131l"},"image":{"@id":"https:\/\/denizcankizil.tr\/de\/#\/schema\/logo\/image\/"}},{"@type":"Person","@id":"https:\/\/denizcankizil.tr\/de\/#\/schema\/person\/be3c05fe6a12686905512445d8185489","name":"Administrator","image":{"@type":"ImageObject","inLanguage":"de","@id":"https:\/\/denizcankizil.tr\/de\/#\/schema\/person\/image\/","url":"https:\/\/secure.gravatar.com\/avatar\/c1fce94c830dc79107e174f890d7210541c4a63e8e5d816341794a2151c9d58c?s=96&d=mm&r=g","contentUrl":"https:\/\/secure.gravatar.com\/avatar\/c1fce94c830dc79107e174f890d7210541c4a63e8e5d816341794a2151c9d58c?s=96&d=mm&r=g","caption":"admin"},"sameAs":["http:\/\/denizcankizil.tr"],"url":"https:\/\/www.iskenderun.org\/2024te-yagislar-azaldi-en-sicak-yil-oldu"}]}},"_links":{"self":[{"href":"https:\/\/denizcankizil.tr\/de\/wp-json\/wp\/v2\/posts\/25145","targetHints":{"allow":["GET"]}}],"collection":[{"href":"https:\/\/denizcankizil.tr\/de\/wp-json\/wp\/v2\/posts"}],"about":[{"href":"https:\/\/denizcankizil.tr\/de\/wp-json\/wp\/v2\/types\/post"}],"author":[{"embeddable":true,"href":"https:\/\/denizcankizil.tr\/de\/wp-json\/wp\/v2\/users\/1"}],"replies":[{"embeddable":true,"href":"https:\/\/denizcankizil.tr\/de\/wp-json\/wp\/v2\/comments?post=25145"}],"version-history":[{"count":0,"href":"https:\/\/denizcankizil.tr\/de\/wp-json\/wp\/v2\/posts\/25145\/revisions"}],"wp:attachment":[{"href":"https:\/\/denizcankizil.tr\/de\/wp-json\/wp\/v2\/media?parent=25145"}],"wp:term":[{"taxonomy":"category","embeddable":true,"href":"https:\/\/denizcankizil.tr\/de\/wp-json\/wp\/v2\/categories?post=25145"},{"taxonomy":"post_tag","embeddable":true,"href":"https:\/\/denizcankizil.tr\/de\/wp-json\/wp\/v2\/tags?post=25145"}],"curies":[{"name":"wp","href":"https:\/\/api.w.org\/{rel}","templated":true}]}}