{"id":25144,"date":"2025-01-13T17:41:43","date_gmt":"2025-01-13T14:41:43","guid":{"rendered":"https:\/\/denizcankizil.tr\/uncategorized-tr\/tuketiciler-kadar-calisanlari-da-isyanda-cw-enerji-sektorun-yuz-karasi\/"},"modified":"2025-01-13T17:41:43","modified_gmt":"2025-01-13T14:41:43","slug":"tuketiciler-kadar-calisanlari-da-isyanda-cw-enerji-sektorun-yuz-karasi","status":"publish","type":"post","link":"https:\/\/denizcankizil.tr\/de\/haberler\/gundem\/tuketiciler-kadar-calisanlari-da-isyanda-cw-enerji-sektorun-yuz-karasi\/","title":{"rendered":"T\u00fcketiciler kadar \u00e7al\u0131\u015fanlar\u0131 da isyanda: CW Enerji, sekt\u00f6r\u00fcn y\u00fcz karas\u0131!"},"content":{"rendered":"<p>Antalya&#8217;da faaliyet g\u00f6steren enerji sekt\u00f6r\u00fcn\u00fcn temsilcilerinden CW Enerji hakk\u0131ndaki \u015fikayetler giderek art\u0131yor. M\u00fc\u015fterilerin firmaya y\u00f6nelik memnuniyetsizlikleri had safhalara ula\u015ft\u0131. Firmadan nihai t\u00fcketiciler kadar, \u00e7al\u0131\u015fanlar\u0131 da dertli!BURSA (\u0130GFA) &#8211; T\u00fcrkiye\u2019deki enerji sekt\u00f6r\u00fcn\u00fcn Antalya temsilcilerinden CW Enerji, son zamanlarda m\u00fc\u015fterilerin \u015fikayetleri ve memnuniyetsizlikleri ile ad\u0131ndan s\u0131k\u00e7a s\u00f6z ettirmeye ba\u015flad\u0131.<br \/>\nSon zamanlarda hakk\u0131ndaki \u015fikayet oranlar\u0131 giderek artan CW Enerji ile ilgili sorunlar sosyal medyada da g\u00fcndem oldu. CW Enerjiden ald\u0131klar\u0131 \u00fcr\u00fcnlerin bozuk \u00e7\u0131kt\u0131\u011f\u0131n\u0131 iddia eden ve firmaya ula\u015famad\u0131klar\u0131n\u0131 kaydeden baz\u0131 kullan\u0131c\u0131lar, CW Enerji i\u00e7in \u201cEnerji sekt\u00f6r\u00fcn\u00fcn y\u00fcz karalar\u0131\u201d gibi yorumlar yapt\u0131.<br \/>\nFarkl\u0131 sekt\u00f6rlerden bir\u00e7ok firma hakk\u0131nda \u015fikayetin yay\u0131nland\u0131\u011f\u0131 \u015fikayetvar.com\u2019da CW Enerji ile ilgili yorum yapan bir\u00e7ok m\u00fc\u015fteri, firman\u0131n \u00fcr\u00fcnleriyle ilgili \u015fikayetlerini dile getirdi.<br \/>\n\u201cCW ENERJ\u0130 BOZUK \u00dcR\u00dcN G\u00d6NDER\u0130YOR\u201d<br \/>\nCW Enerji\u2019den ald\u0131\u011f\u0131 g\u00fcne\u015f panellerinin bozuk \u00e7\u0131kt\u0131\u011f\u0131n\u0131 \u00f6ne s\u00fcren Enes isimli bir t\u00fcketici, ilgili sitede firma ile ilgili \u015fu yorumu yapt\u0131:<br \/>\n\u201cG\u00fcne\u015f paneli ald\u0131m bunlardan, montaj\u0131n\u0131 yapt\u0131k. Yakla\u015f\u0131k 3 saat sonra hata vermeye ba\u015flad\u0131. Servise g\u00f6nderdim, hemen elime 4 hafta sonra ula\u015ft\u0131. \u0130nvert\u00f6r sonra tekrar hata verdi ve \u00e7\u00f6z\u00fcm olarak 1 tane daha g\u00fcne\u015f paneli almam s\u00f6ylendi. Ald\u0131m ve halen enerji alam\u0131yorum. CW Enerji pi\u015fmanl\u0131kt\u0131r. Koskoca fabrika bana 0 \u00fcr\u00fcn verip de\u011fi\u015ftiremiyor.\u201d<\/p>\n<p>\u201cHER \u015eEY SATANA KADARMI\u015e\u2026\u201d<br \/>\nCW Enerji\u2019den ald\u0131\u011f\u0131 solar panel, batarya ve inverterlerin bir\u00e7ok kez ar\u0131za vermesinden yak\u0131nan ba\u015fka bir t\u00fcketici ise, bu sorunlara kar\u015f\u0131l\u0131k firmadan hi\u00e7bir servis deste\u011fi alamad\u0131\u011f\u0131ndan \u015fikayet ederek, \u201c2 sene \u00f6nce CW Enerji&#8217;den Solar Panel, batarya ve inverter takt\u0131rd\u0131k. Bir \u00e7ok kez sorunla kar\u015f\u0131la\u015fmam\u0131za ra\u011fmen her \u015fey satana kadarm\u0131\u015f. Ne sonras\u0131nda servis deste\u011fi alabildik, ne de cevap alabildik. Art\u0131k aramaktan b\u0131kt\u0131k, mesaj da att\u0131k. Cevap yok. O zaman\u0131n paras\u0131 ile 12.000$&#8217;a yapt\u0131rd\u0131\u011f\u0131m\u0131z i\u015flem \u00e7\u00f6p. \u015eimdi yarg\u0131ya ta\u015f\u0131yaca\u011f\u0131m. Kurarlarken \u015f\u00f6yle servis deste\u011fimiz var, \u015fu kadar garantimiz var diyorlard\u0131. Bir de Borsaya a\u00e7\u0131ld\u0131lar.\u201d yorumunu yapt\u0131.<br \/>\nBorsada CW Enerji hisselerinden ald\u0131\u011f\u0131n\u0131 ancak d\u00fc\u015fen hisseler sebebiyle ya\u015fad\u0131\u011f\u0131 g\u00fcven kayb\u0131na ili\u015fkin yazd\u0131\u011f\u0131 yorumlar\u0131n CW Enerji taraf\u0131ndan silindi\u011fini \u00f6ne s\u00fcren Ender adl\u0131 bir ba\u015fka kullan\u0131c\u0131 da, \u201cCW Enerji g\u00fcven kayb\u0131 ya\u015fat\u0131yor. Ald\u0131\u011f\u0131m g\u00fcne yaz\u0131k, s\u00fcrekli d\u00fc\u015f\u00fcyor. Yorumlar\u0131m\u0131 silmi\u015fler. Bu \u015firketin sorunu nedir b\u00f6yle? \u015eirkete ortak nereden oldum, bin pi\u015fman\u0131m. Kimseye tavsiye bile etmem, insanlar\u0131 peri\u015fan ettiler. S\u00fcrekli d\u00fc\u015fen hisseyi kimseye ald\u0131rmam. Yaz\u0131k, ger\u00e7ekten yaz\u0131k.\u201d ifadelerine yer verdi.<\/p>\n<p>&#8220;\u00c7ALI\u015eANLARIN PS\u0130KOLOJ\u0130S\u0130 BOZULDU&#8221;<br \/>\n\u0130ndeed.com isimli sitede CW Enerji&#8217;de \u00e7al\u0131\u015fan personellerin de \u00e7al\u0131\u015fma ortamlar\u0131nda mutsuzlu\u011funu ifade eden eski bir CW Enerji \u00e7al\u0131\u015fan\u0131 da \u015fu g\u00f6r\u00fc\u015fleri payla\u015ft\u0131:<br \/>\n&#8220;\u0130\u015fyerinde ne k\u00fclt\u00fcr, ne sayg\u0131, ne e\u011flenceli bir \u015fey yok. Arkada\u015fnla konu\u015fursun tutanak her\u015feye bir tutanak yazma e\u011filiminde. M\u00fcd\u00fcr ve amirlerle dolu yoldan ge\u00e7eni alan bir firma. Sonu\u00e7ta ak\u0131ll\u0131 birisi de gidip ba\u015fvurmuyor, ba\u015fvuranlarsa \u00e7ok zor durumda kalm\u0131\u015f insanlar bilmeden ba\u015fvuruyor. 6, 7 ayd\u0131r \u00e7al\u0131\u015fm\u0131yorum ama 2 haftada bir izin yap\u0131yorlarm\u0131\u015f mesai yapanlara mesai \u00fccreti vermiyorlar. Bunu okuyan arkada\u015flar emin olabilirsiniz. Ya kendiniz sakat kal\u0131rs\u0131n\u0131z ya da \u00e7ok zor bir psikolojik sorunlar sizi bekler&#8221;.<\/p>\n<p>\u00d6te yandan CW Enerji&#8217;de \u00e7al\u0131\u015fan ve \u00e7al\u0131\u015fm\u0131\u015f baz\u0131 personellerin ise firma hakk\u0131nda yapt\u0131klar\u0131 baz\u0131 yorumlar da \u015f\u00f6yle:<\/p>\n<p>\u200bAntalya&#8217;da faaliyet g\u00f6steren enerji sekt\u00f6r\u00fcn\u00fcn temsilcilerinden CW Enerji hakk\u0131ndaki \u015fikayetler giderek art\u0131yor. M\u00fc\u015fterilerin firmaya y\u00f6nelik memnuniyetsizlikleri had safhalara ula\u015ft\u0131. Firmadan nihai t\u00fcketiciler kadar, \u00e7al\u0131\u015fanlar\u0131 da dertli!BURSA (\u0130GFA) &#8211; T\u00fcrkiye\u2019deki enerji sekt\u00f6r\u00fcn\u00fcn Antalya temsilcilerinden CW Enerji, son zamanlarda m\u00fc\u015fterilerin \u015fikayetleri ve memnuniyetsizlikleri ile ad\u0131ndan s\u0131k\u00e7a s\u00f6z ettirmeye ba\u015flad\u0131.<br \/>\nSon zamanlarda hakk\u0131ndaki \u015fikayet oranlar\u0131 giderek artan CW Enerji ile ilgili sorunlar sosyal medyada da g\u00fcndem oldu. CW Enerjiden ald\u0131klar\u0131 \u00fcr\u00fcnlerin bozuk \u00e7\u0131kt\u0131\u011f\u0131n\u0131 iddia eden ve firmaya ula\u015famad\u0131klar\u0131n\u0131 kaydeden baz\u0131 kullan\u0131c\u0131lar, CW Enerji i\u00e7in \u201cEnerji sekt\u00f6r\u00fcn\u00fcn y\u00fcz karalar\u0131\u201d gibi yorumlar yapt\u0131.<br \/>\nFarkl\u0131 sekt\u00f6rlerden bir\u00e7ok firma hakk\u0131nda \u015fikayetin yay\u0131nland\u0131\u011f\u0131 \u015fikayetvar.com\u2019da CW Enerji ile ilgili yorum yapan bir\u00e7ok m\u00fc\u015fteri, firman\u0131n \u00fcr\u00fcnleriyle ilgili \u015fikayetlerini dile getirdi.<br \/>\n\u201cCW ENERJ\u0130 BOZUK \u00dcR\u00dcN G\u00d6NDER\u0130YOR\u201d<br \/>\nCW Enerji\u2019den ald\u0131\u011f\u0131 g\u00fcne\u015f panellerinin bozuk \u00e7\u0131kt\u0131\u011f\u0131n\u0131 \u00f6ne s\u00fcren Enes isimli bir t\u00fcketici, ilgili sitede firma ile ilgili \u015fu yorumu yapt\u0131:<br \/>\n\u201cG\u00fcne\u015f paneli ald\u0131m bunlardan, montaj\u0131n\u0131 yapt\u0131k. Yakla\u015f\u0131k 3 saat sonra hata vermeye ba\u015flad\u0131. Servise g\u00f6nderdim, hemen elime 4 hafta sonra ula\u015ft\u0131. \u0130nvert\u00f6r sonra tekrar hata verdi ve \u00e7\u00f6z\u00fcm olarak 1 tane daha g\u00fcne\u015f paneli almam s\u00f6ylendi. Ald\u0131m ve halen enerji alam\u0131yorum. CW Enerji pi\u015fmanl\u0131kt\u0131r. Koskoca fabrika bana 0 \u00fcr\u00fcn verip de\u011fi\u015ftiremiyor.\u201d<\/p>\n<p>\u201cHER \u015eEY SATANA KADARMI\u015e\u2026\u201d<br \/>\nCW Enerji\u2019den ald\u0131\u011f\u0131 solar panel, batarya ve inverterlerin bir\u00e7ok kez ar\u0131za vermesinden yak\u0131nan ba\u015fka bir t\u00fcketici ise, bu sorunlara kar\u015f\u0131l\u0131k firmadan hi\u00e7bir servis deste\u011fi alamad\u0131\u011f\u0131ndan \u015fikayet ederek, \u201c2 sene \u00f6nce CW Enerji&#8217;den Solar Panel, batarya ve inverter takt\u0131rd\u0131k. Bir \u00e7ok kez sorunla kar\u015f\u0131la\u015fmam\u0131za ra\u011fmen her \u015fey satana kadarm\u0131\u015f. Ne sonras\u0131nda servis deste\u011fi alabildik, ne de cevap alabildik. Art\u0131k aramaktan b\u0131kt\u0131k, mesaj da att\u0131k. Cevap yok. O zaman\u0131n paras\u0131 ile 12.000$&#8217;a yapt\u0131rd\u0131\u011f\u0131m\u0131z i\u015flem \u00e7\u00f6p. \u015eimdi yarg\u0131ya ta\u015f\u0131yaca\u011f\u0131m. Kurarlarken \u015f\u00f6yle servis deste\u011fimiz var, \u015fu kadar garantimiz var diyorlard\u0131. Bir de Borsaya a\u00e7\u0131ld\u0131lar.\u201d yorumunu yapt\u0131.<br \/>\nBorsada CW Enerji hisselerinden ald\u0131\u011f\u0131n\u0131 ancak d\u00fc\u015fen hisseler sebebiyle ya\u015fad\u0131\u011f\u0131 g\u00fcven kayb\u0131na ili\u015fkin yazd\u0131\u011f\u0131 yorumlar\u0131n CW Enerji taraf\u0131ndan silindi\u011fini \u00f6ne s\u00fcren Ender adl\u0131 bir ba\u015fka kullan\u0131c\u0131 da, \u201cCW Enerji g\u00fcven kayb\u0131 ya\u015fat\u0131yor. Ald\u0131\u011f\u0131m g\u00fcne yaz\u0131k, s\u00fcrekli d\u00fc\u015f\u00fcyor. Yorumlar\u0131m\u0131 silmi\u015fler. Bu \u015firketin sorunu nedir b\u00f6yle? \u015eirkete ortak nereden oldum, bin pi\u015fman\u0131m. Kimseye tavsiye bile etmem, insanlar\u0131 peri\u015fan ettiler. S\u00fcrekli d\u00fc\u015fen hisseyi kimseye ald\u0131rmam. Yaz\u0131k, ger\u00e7ekten yaz\u0131k.\u201d ifadelerine yer verdi.<\/p>\n<p>&#8220;\u00c7ALI\u015eANLARIN PS\u0130KOLOJ\u0130S\u0130 BOZULDU&#8221;<br \/>\n\u0130ndeed.com isimli sitede CW Enerji&#8217;de \u00e7al\u0131\u015fan personellerin de \u00e7al\u0131\u015fma ortamlar\u0131nda mutsuzlu\u011funu ifade eden eski bir CW Enerji \u00e7al\u0131\u015fan\u0131 da \u015fu g\u00f6r\u00fc\u015fleri payla\u015ft\u0131:<br \/>\n&#8220;\u0130\u015fyerinde ne k\u00fclt\u00fcr, ne sayg\u0131, ne e\u011flenceli bir \u015fey yok. Arkada\u015fnla konu\u015fursun tutanak her\u015feye bir tutanak yazma e\u011filiminde. M\u00fcd\u00fcr ve amirlerle dolu yoldan ge\u00e7eni alan bir firma. Sonu\u00e7ta ak\u0131ll\u0131 birisi de gidip ba\u015fvurmuyor, ba\u015fvuranlarsa \u00e7ok zor durumda kalm\u0131\u015f insanlar bilmeden ba\u015fvuruyor. 6, 7 ayd\u0131r \u00e7al\u0131\u015fm\u0131yorum ama 2 haftada bir izin yap\u0131yorlarm\u0131\u015f mesai yapanlara mesai \u00fccreti vermiyorlar. Bunu okuyan arkada\u015flar emin olabilirsiniz. Ya kendiniz sakat kal\u0131rs\u0131n\u0131z ya da \u00e7ok zor bir psikolojik sorunlar sizi bekler&#8221;.<\/p>\n<p>\u00d6te yandan CW Enerji&#8217;de \u00e7al\u0131\u015fan ve \u00e7al\u0131\u015fm\u0131\u015f baz\u0131 personellerin ise firma hakk\u0131nda yapt\u0131klar\u0131 baz\u0131 yorumlar da \u015f\u00f6yle:\u00a0<\/p>\n<p>\u200bHaberin Al\u0131nt\u0131land\u0131\u011f\u0131 Kaynak: www.iskenderun.org<\/p>","protected":false},"excerpt":{"rendered":"<p>Antalya&#8217;da faaliyet g\u00f6steren enerji sekt\u00f6r\u00fcn\u00fcn temsilcilerinden CW Enerji hakk\u0131ndaki \u015fikayetler giderek art\u0131yor. M\u00fc\u015fterilerin firmaya y\u00f6nelik memnuniyetsizlikleri had safhalara ula\u015ft\u0131. Firmadan nihai t\u00fcketiciler kadar, \u00e7al\u0131\u015fanlar\u0131 da dertli!BURSA (\u0130GFA) &#8211; T\u00fcrkiye\u2019deki enerji sekt\u00f6r\u00fcn\u00fcn Antalya temsilcilerinden CW Enerji, son zamanlarda m\u00fc\u015fterilerin \u015fikayetleri ve memnuniyetsizlikleri ile ad\u0131ndan s\u0131k\u00e7a s\u00f6z ettirmeye ba\u015flad\u0131. Son zamanlarda hakk\u0131ndaki \u015fikayet oranlar\u0131 giderek artan CW Enerji ile ilgili sorunlar sosyal medyada da g\u00fcndem oldu. CW Enerjiden ald\u0131klar\u0131 \u00fcr\u00fcnlerin bozuk \u00e7\u0131kt\u0131\u011f\u0131n\u0131 iddia eden ve firmaya ula\u015famad\u0131klar\u0131n\u0131 kaydeden baz\u0131 kullan\u0131c\u0131lar, CW Enerji i\u00e7in \u201cEnerji sekt\u00f6r\u00fcn\u00fcn y\u00fcz karalar\u0131\u201d gibi yorumlar yapt\u0131. Farkl\u0131 sekt\u00f6rlerden bir\u00e7ok firma hakk\u0131nda \u015fikayetin yay\u0131nland\u0131\u011f\u0131 \u015fikayetvar.com\u2019da CW Enerji ile ilgili yorum yapan bir\u00e7ok m\u00fc\u015fteri, firman\u0131n \u00fcr\u00fcnleriyle ilgili \u015fikayetlerini dile getirdi. \u201cCW ENERJ\u0130 BOZUK \u00dcR\u00dcN G\u00d6NDER\u0130YOR\u201d CW Enerji\u2019den ald\u0131\u011f\u0131 g\u00fcne\u015f panellerinin bozuk \u00e7\u0131kt\u0131\u011f\u0131n\u0131 \u00f6ne s\u00fcren Enes isimli bir t\u00fcketici, ilgili sitede firma ile ilgili \u015fu yorumu yapt\u0131: \u201cG\u00fcne\u015f paneli ald\u0131m bunlardan, montaj\u0131n\u0131 yapt\u0131k. Yakla\u015f\u0131k 3 saat sonra hata vermeye ba\u015flad\u0131. Servise g\u00f6nderdim, hemen elime 4 hafta sonra ula\u015ft\u0131. \u0130nvert\u00f6r sonra tekrar hata verdi ve \u00e7\u00f6z\u00fcm olarak 1 tane daha g\u00fcne\u015f paneli almam s\u00f6ylendi. Ald\u0131m ve halen enerji alam\u0131yorum. CW Enerji pi\u015fmanl\u0131kt\u0131r. Koskoca fabrika bana 0 \u00fcr\u00fcn verip de\u011fi\u015ftiremiyor.\u201d \u201cHER \u015eEY SATANA KADARMI\u015e\u2026\u201d CW Enerji\u2019den ald\u0131\u011f\u0131 solar panel, batarya ve inverterlerin bir\u00e7ok &hellip;<\/p>","protected":false},"author":1,"featured_media":0,"comment_status":"open","ping_status":"open","sticky":false,"template":"","format":"standard","meta":{"_acf_changed":false,"footnotes":""},"categories":[24],"tags":[],"class_list":["post-25144","post","type-post","status-publish","format-standard","has-post-thumbnail","hentry","category-gundem"],"acf":[],"yoast_head":"<!-- This site is optimized with the Yoast SEO Premium plugin v26.6 (Yoast SEO v27.1.1) - https:\/\/yoast.com\/product\/yoast-seo-premium-wordpress\/ -->\n<title>T\u00fcketiciler kadar \u00e7al\u0131\u015fanlar\u0131 da isyanda: CW Enerji, sekt\u00f6r\u00fcn y\u00fcz karas\u0131! - Av. Deniz Can K\u0131z\u0131l<\/title>\n<meta name=\"robots\" content=\"index, follow, max-snippet:-1, max-image-preview:large, max-video-preview:-1\" \/>\n<link rel=\"canonical\" href=\"https:\/\/denizcankizil.tr\/de\/haberler\/gundem\/tuketiciler-kadar-calisanlari-da-isyanda-cw-enerji-sektorun-yuz-karasi\/\" \/>\n<meta property=\"og:locale\" content=\"de_DE\" \/>\n<meta property=\"og:type\" content=\"article\" \/>\n<meta property=\"og:title\" content=\"T\u00fcketiciler kadar \u00e7al\u0131\u015fanlar\u0131 da isyanda: CW Enerji, sekt\u00f6r\u00fcn y\u00fcz karas\u0131!\" \/>\n<meta property=\"og:description\" content=\"Antalya&#8217;da faaliyet g\u00f6steren enerji sekt\u00f6r\u00fcn\u00fcn temsilcilerinden CW Enerji hakk\u0131ndaki \u015fikayetler giderek art\u0131yor. M\u00fc\u015fterilerin firmaya y\u00f6nelik memnuniyetsizlikleri had safhalara ula\u015ft\u0131. Firmadan nihai t\u00fcketiciler kadar, \u00e7al\u0131\u015fanlar\u0131 da dertli!BURSA (\u0130GFA) &#8211; T\u00fcrkiye\u2019deki enerji sekt\u00f6r\u00fcn\u00fcn Antalya temsilcilerinden CW Enerji, son zamanlarda m\u00fc\u015fterilerin \u015fikayetleri ve memnuniyetsizlikleri ile ad\u0131ndan s\u0131k\u00e7a s\u00f6z ettirmeye ba\u015flad\u0131. Son zamanlarda hakk\u0131ndaki \u015fikayet oranlar\u0131 giderek artan CW Enerji ile ilgili sorunlar sosyal medyada da g\u00fcndem oldu. CW Enerjiden ald\u0131klar\u0131 \u00fcr\u00fcnlerin bozuk \u00e7\u0131kt\u0131\u011f\u0131n\u0131 iddia eden ve firmaya ula\u015famad\u0131klar\u0131n\u0131 kaydeden baz\u0131 kullan\u0131c\u0131lar, CW Enerji i\u00e7in \u201cEnerji sekt\u00f6r\u00fcn\u00fcn y\u00fcz karalar\u0131\u201d gibi yorumlar yapt\u0131. Farkl\u0131 sekt\u00f6rlerden bir\u00e7ok firma hakk\u0131nda \u015fikayetin yay\u0131nland\u0131\u011f\u0131 \u015fikayetvar.com\u2019da CW Enerji ile ilgili yorum yapan bir\u00e7ok m\u00fc\u015fteri, firman\u0131n \u00fcr\u00fcnleriyle ilgili \u015fikayetlerini dile getirdi. \u201cCW ENERJ\u0130 BOZUK \u00dcR\u00dcN G\u00d6NDER\u0130YOR\u201d CW Enerji\u2019den ald\u0131\u011f\u0131 g\u00fcne\u015f panellerinin bozuk \u00e7\u0131kt\u0131\u011f\u0131n\u0131 \u00f6ne s\u00fcren Enes isimli bir t\u00fcketici, ilgili sitede firma ile ilgili \u015fu yorumu yapt\u0131: \u201cG\u00fcne\u015f paneli ald\u0131m bunlardan, montaj\u0131n\u0131 yapt\u0131k. Yakla\u015f\u0131k 3 saat sonra hata vermeye ba\u015flad\u0131. Servise g\u00f6nderdim, hemen elime 4 hafta sonra ula\u015ft\u0131. \u0130nvert\u00f6r sonra tekrar hata verdi ve \u00e7\u00f6z\u00fcm olarak 1 tane daha g\u00fcne\u015f paneli almam s\u00f6ylendi. Ald\u0131m ve halen enerji alam\u0131yorum. CW Enerji pi\u015fmanl\u0131kt\u0131r. Koskoca fabrika bana 0 \u00fcr\u00fcn verip de\u011fi\u015ftiremiyor.\u201d \u201cHER \u015eEY SATANA KADARMI\u015e\u2026\u201d CW Enerji\u2019den ald\u0131\u011f\u0131 solar panel, batarya ve inverterlerin bir\u00e7ok &hellip;\" \/>\n<meta property=\"og:url\" content=\"https:\/\/denizcankizil.tr\/de\/haberler\/gundem\/tuketiciler-kadar-calisanlari-da-isyanda-cw-enerji-sektorun-yuz-karasi\/\" \/>\n<meta property=\"og:site_name\" content=\"Av. Deniz Can K\u0131z\u0131l\" \/>\n<meta property=\"article:published_time\" content=\"2025-01-13T14:41:43+00:00\" \/>\n<meta name=\"author\" content=\"admin\" \/>\n<meta name=\"twitter:card\" content=\"summary_large_image\" \/>\n<meta name=\"twitter:label1\" content=\"Verfasst von\" \/>\n\t<meta name=\"twitter:data1\" content=\"admin\" \/>\n\t<meta name=\"twitter:label2\" content=\"Gesch\u00e4tzte Lesezeit\" \/>\n\t<meta name=\"twitter:data2\" content=\"6\u00a0Minuten\" \/>\n<script type=\"application\/ld+json\" class=\"yoast-schema-graph\">{\"@context\":\"https:\/\/schema.org\",\"@graph\":[{\"@type\":\"Article\",\"@id\":\"https:\/\/denizcankizil.tr\/ru\/haberler\/gundem\/tuketiciler-kadar-calisanlari-da-isyanda-cw-enerji-sektorun-yuz-karasi\/#article\",\"isPartOf\":{\"@id\":\"https:\/\/denizcankizil.tr\/ru\/haberler\/gundem\/tuketiciler-kadar-calisanlari-da-isyanda-cw-enerji-sektorun-yuz-karasi\/\"},\"author\":{\"name\":\"admin\",\"@id\":\"https:\/\/denizcankizil.tr\/de\/#\/schema\/person\/be3c05fe6a12686905512445d8185489\"},\"headline\":\"T\u00fcketiciler kadar \u00e7al\u0131\u015fanlar\u0131 da isyanda: CW Enerji, sekt\u00f6r\u00fcn y\u00fcz karas\u0131!\",\"datePublished\":\"2025-01-13T14:41:43+00:00\",\"mainEntityOfPage\":{\"@id\":\"https:\/\/denizcankizil.tr\/ru\/haberler\/gundem\/tuketiciler-kadar-calisanlari-da-isyanda-cw-enerji-sektorun-yuz-karasi\/\"},\"wordCount\":1311,\"commentCount\":0,\"publisher\":{\"@id\":\"https:\/\/denizcankizil.tr\/de\/#organization\"},\"articleSection\":[\"G\u00fcndem\"],\"inLanguage\":\"de\",\"potentialAction\":[{\"@type\":\"CommentAction\",\"name\":\"Comment\",\"target\":[\"https:\/\/denizcankizil.tr\/ru\/haberler\/gundem\/tuketiciler-kadar-calisanlari-da-isyanda-cw-enerji-sektorun-yuz-karasi\/#respond\"]}]},{\"@type\":\"WebPage\",\"@id\":\"https:\/\/denizcankizil.tr\/ru\/haberler\/gundem\/tuketiciler-kadar-calisanlari-da-isyanda-cw-enerji-sektorun-yuz-karasi\/\",\"url\":\"https:\/\/denizcankizil.tr\/ru\/haberler\/gundem\/tuketiciler-kadar-calisanlari-da-isyanda-cw-enerji-sektorun-yuz-karasi\/\",\"name\":\"T\u00fcketiciler kadar \u00e7al\u0131\u015fanlar\u0131 da isyanda: CW Enerji, sekt\u00f6r\u00fcn y\u00fcz karas\u0131! - Av. Deniz Can K\u0131z\u0131l\",\"isPartOf\":{\"@id\":\"https:\/\/denizcankizil.tr\/de\/#website\"},\"datePublished\":\"2025-01-13T14:41:43+00:00\",\"breadcrumb\":{\"@id\":\"https:\/\/denizcankizil.tr\/ru\/haberler\/gundem\/tuketiciler-kadar-calisanlari-da-isyanda-cw-enerji-sektorun-yuz-karasi\/#breadcrumb\"},\"inLanguage\":\"de\",\"potentialAction\":[{\"@type\":\"ReadAction\",\"target\":[\"https:\/\/denizcankizil.tr\/ru\/haberler\/gundem\/tuketiciler-kadar-calisanlari-da-isyanda-cw-enerji-sektorun-yuz-karasi\/\"]}]},{\"@type\":\"BreadcrumbList\",\"@id\":\"https:\/\/denizcankizil.tr\/ru\/haberler\/gundem\/tuketiciler-kadar-calisanlari-da-isyanda-cw-enerji-sektorun-yuz-karasi\/#breadcrumb\",\"itemListElement\":[{\"@type\":\"ListItem\",\"position\":1,\"name\":\"Home\",\"item\":\"https:\/\/denizcankizil.tr\/de\/\"},{\"@type\":\"ListItem\",\"position\":2,\"name\":\"T\u00fcketiciler kadar \u00e7al\u0131\u015fanlar\u0131 da isyanda: CW Enerji, sekt\u00f6r\u00fcn y\u00fcz karas\u0131!\"}]},{\"@type\":\"WebSite\",\"@id\":\"https:\/\/denizcankizil.tr\/de\/#website\",\"url\":\"https:\/\/denizcankizil.tr\/de\/\",\"name\":\"Av. Deniz Can K\u0131z\u0131l\",\"description\":\"Avukat Deniz Can K\u0131z\u0131l Antalya Barosu\",\"publisher\":{\"@id\":\"https:\/\/denizcankizil.tr\/de\/#organization\"},\"potentialAction\":[{\"@type\":\"SearchAction\",\"target\":{\"@type\":\"EntryPoint\",\"urlTemplate\":\"https:\/\/denizcankizil.tr\/de\/?s={search_term_string}\"},\"query-input\":{\"@type\":\"PropertyValueSpecification\",\"valueRequired\":true,\"valueName\":\"search_term_string\"}}],\"inLanguage\":\"de\"},{\"@type\":\"Organization\",\"@id\":\"https:\/\/denizcankizil.tr\/de\/#organization\",\"name\":\"Av. Deniz Can K\u0131z\u0131l\",\"url\":\"https:\/\/denizcankizil.tr\/de\/\",\"logo\":{\"@type\":\"ImageObject\",\"inLanguage\":\"de\",\"@id\":\"https:\/\/denizcankizil.tr\/de\/#\/schema\/logo\/image\/\",\"url\":\"https:\/\/denizcankizil.tr\/wp-content\/uploads\/2024\/10\/siyah-logo-svg.svg\",\"contentUrl\":\"https:\/\/denizcankizil.tr\/wp-content\/uploads\/2024\/10\/siyah-logo-svg.svg\",\"width\":1080,\"height\":1080,\"caption\":\"Av. Deniz Can K\u0131z\u0131l\"},\"image\":{\"@id\":\"https:\/\/denizcankizil.tr\/de\/#\/schema\/logo\/image\/\"}},{\"@type\":\"Person\",\"@id\":\"https:\/\/denizcankizil.tr\/de\/#\/schema\/person\/be3c05fe6a12686905512445d8185489\",\"name\":\"admin\",\"image\":{\"@type\":\"ImageObject\",\"inLanguage\":\"de\",\"@id\":\"https:\/\/denizcankizil.tr\/de\/#\/schema\/person\/image\/\",\"url\":\"https:\/\/secure.gravatar.com\/avatar\/c1fce94c830dc79107e174f890d7210541c4a63e8e5d816341794a2151c9d58c?s=96&d=mm&r=g\",\"contentUrl\":\"https:\/\/secure.gravatar.com\/avatar\/c1fce94c830dc79107e174f890d7210541c4a63e8e5d816341794a2151c9d58c?s=96&d=mm&r=g\",\"caption\":\"admin\"},\"sameAs\":[\"http:\/\/denizcankizil.tr\"],\"url\":\"https:\/\/www.iskenderun.org\/tuketiciler-kadar-calisanlari-da-isyanda-cw-enerji-sektorun-yuz-karasi\"}]}<\/script>\n<!-- \/ Yoast SEO Premium plugin. -->","yoast_head_json":{"title":"T\u00fcketiciler kadar \u00e7al\u0131\u015fanlar\u0131 da isyanda: CW Enerji, sekt\u00f6r\u00fcn y\u00fcz karas\u0131! - Av. Deniz Can K\u0131z\u0131l","robots":{"index":"index","follow":"follow","max-snippet":"max-snippet:-1","max-image-preview":"max-image-preview:large","max-video-preview":"max-video-preview:-1"},"canonical":"https:\/\/denizcankizil.tr\/de\/haberler\/gundem\/tuketiciler-kadar-calisanlari-da-isyanda-cw-enerji-sektorun-yuz-karasi\/","og_locale":"de_DE","og_type":"article","og_title":"T\u00fcketiciler kadar \u00e7al\u0131\u015fanlar\u0131 da isyanda: CW Enerji, sekt\u00f6r\u00fcn y\u00fcz karas\u0131!","og_description":"Antalya&#8217;da faaliyet g\u00f6steren enerji sekt\u00f6r\u00fcn\u00fcn temsilcilerinden CW Enerji hakk\u0131ndaki \u015fikayetler giderek art\u0131yor. M\u00fc\u015fterilerin firmaya y\u00f6nelik memnuniyetsizlikleri had safhalara ula\u015ft\u0131. Firmadan nihai t\u00fcketiciler kadar, \u00e7al\u0131\u015fanlar\u0131 da dertli!BURSA (\u0130GFA) &#8211; T\u00fcrkiye\u2019deki enerji sekt\u00f6r\u00fcn\u00fcn Antalya temsilcilerinden CW Enerji, son zamanlarda m\u00fc\u015fterilerin \u015fikayetleri ve memnuniyetsizlikleri ile ad\u0131ndan s\u0131k\u00e7a s\u00f6z ettirmeye ba\u015flad\u0131. Son zamanlarda hakk\u0131ndaki \u015fikayet oranlar\u0131 giderek artan CW Enerji ile ilgili sorunlar sosyal medyada da g\u00fcndem oldu. CW Enerjiden ald\u0131klar\u0131 \u00fcr\u00fcnlerin bozuk \u00e7\u0131kt\u0131\u011f\u0131n\u0131 iddia eden ve firmaya ula\u015famad\u0131klar\u0131n\u0131 kaydeden baz\u0131 kullan\u0131c\u0131lar, CW Enerji i\u00e7in \u201cEnerji sekt\u00f6r\u00fcn\u00fcn y\u00fcz karalar\u0131\u201d gibi yorumlar yapt\u0131. Farkl\u0131 sekt\u00f6rlerden bir\u00e7ok firma hakk\u0131nda \u015fikayetin yay\u0131nland\u0131\u011f\u0131 \u015fikayetvar.com\u2019da CW Enerji ile ilgili yorum yapan bir\u00e7ok m\u00fc\u015fteri, firman\u0131n \u00fcr\u00fcnleriyle ilgili \u015fikayetlerini dile getirdi. \u201cCW ENERJ\u0130 BOZUK \u00dcR\u00dcN G\u00d6NDER\u0130YOR\u201d CW Enerji\u2019den ald\u0131\u011f\u0131 g\u00fcne\u015f panellerinin bozuk \u00e7\u0131kt\u0131\u011f\u0131n\u0131 \u00f6ne s\u00fcren Enes isimli bir t\u00fcketici, ilgili sitede firma ile ilgili \u015fu yorumu yapt\u0131: \u201cG\u00fcne\u015f paneli ald\u0131m bunlardan, montaj\u0131n\u0131 yapt\u0131k. Yakla\u015f\u0131k 3 saat sonra hata vermeye ba\u015flad\u0131. Servise g\u00f6nderdim, hemen elime 4 hafta sonra ula\u015ft\u0131. \u0130nvert\u00f6r sonra tekrar hata verdi ve \u00e7\u00f6z\u00fcm olarak 1 tane daha g\u00fcne\u015f paneli almam s\u00f6ylendi. Ald\u0131m ve halen enerji alam\u0131yorum. CW Enerji pi\u015fmanl\u0131kt\u0131r. Koskoca fabrika bana 0 \u00fcr\u00fcn verip de\u011fi\u015ftiremiyor.\u201d \u201cHER \u015eEY SATANA KADARMI\u015e\u2026\u201d CW Enerji\u2019den ald\u0131\u011f\u0131 solar panel, batarya ve inverterlerin bir\u00e7ok &hellip;","og_url":"https:\/\/denizcankizil.tr\/de\/haberler\/gundem\/tuketiciler-kadar-calisanlari-da-isyanda-cw-enerji-sektorun-yuz-karasi\/","og_site_name":"Av. Deniz Can K\u0131z\u0131l","article_published_time":"2025-01-13T14:41:43+00:00","author":"admin","twitter_card":"summary_large_image","twitter_misc":{"Verfasst von":"admin","Gesch\u00e4tzte Lesezeit":"6\u00a0Minuten"},"schema":{"@context":"https:\/\/schema.org","@graph":[{"@type":"Article","@id":"https:\/\/denizcankizil.tr\/ru\/haberler\/gundem\/tuketiciler-kadar-calisanlari-da-isyanda-cw-enerji-sektorun-yuz-karasi\/#article","isPartOf":{"@id":"https:\/\/denizcankizil.tr\/ru\/haberler\/gundem\/tuketiciler-kadar-calisanlari-da-isyanda-cw-enerji-sektorun-yuz-karasi\/"},"author":{"name":"admin","@id":"https:\/\/denizcankizil.tr\/de\/#\/schema\/person\/be3c05fe6a12686905512445d8185489"},"headline":"T\u00fcketiciler kadar \u00e7al\u0131\u015fanlar\u0131 da isyanda: CW Enerji, sekt\u00f6r\u00fcn y\u00fcz karas\u0131!","datePublished":"2025-01-13T14:41:43+00:00","mainEntityOfPage":{"@id":"https:\/\/denizcankizil.tr\/ru\/haberler\/gundem\/tuketiciler-kadar-calisanlari-da-isyanda-cw-enerji-sektorun-yuz-karasi\/"},"wordCount":1311,"commentCount":0,"publisher":{"@id":"https:\/\/denizcankizil.tr\/de\/#organization"},"articleSection":["G\u00fcndem"],"inLanguage":"de","potentialAction":[{"@type":"CommentAction","name":"Comment","target":["https:\/\/denizcankizil.tr\/ru\/haberler\/gundem\/tuketiciler-kadar-calisanlari-da-isyanda-cw-enerji-sektorun-yuz-karasi\/#respond"]}]},{"@type":"WebPage","@id":"https:\/\/denizcankizil.tr\/ru\/haberler\/gundem\/tuketiciler-kadar-calisanlari-da-isyanda-cw-enerji-sektorun-yuz-karasi\/","url":"https:\/\/denizcankizil.tr\/ru\/haberler\/gundem\/tuketiciler-kadar-calisanlari-da-isyanda-cw-enerji-sektorun-yuz-karasi\/","name":"T\u00fcketiciler kadar \u00e7al\u0131\u015fanlar\u0131 da isyanda: CW Enerji, sekt\u00f6r\u00fcn y\u00fcz karas\u0131! - Av. Deniz Can K\u0131z\u0131l","isPartOf":{"@id":"https:\/\/denizcankizil.tr\/de\/#website"},"datePublished":"2025-01-13T14:41:43+00:00","breadcrumb":{"@id":"https:\/\/denizcankizil.tr\/ru\/haberler\/gundem\/tuketiciler-kadar-calisanlari-da-isyanda-cw-enerji-sektorun-yuz-karasi\/#breadcrumb"},"inLanguage":"de","potentialAction":[{"@type":"ReadAction","target":["https:\/\/denizcankizil.tr\/ru\/haberler\/gundem\/tuketiciler-kadar-calisanlari-da-isyanda-cw-enerji-sektorun-yuz-karasi\/"]}]},{"@type":"BreadcrumbList","@id":"https:\/\/denizcankizil.tr\/ru\/haberler\/gundem\/tuketiciler-kadar-calisanlari-da-isyanda-cw-enerji-sektorun-yuz-karasi\/#breadcrumb","itemListElement":[{"@type":"ListItem","position":1,"name":"Home","item":"https:\/\/denizcankizil.tr\/de\/"},{"@type":"ListItem","position":2,"name":"T\u00fcketiciler kadar \u00e7al\u0131\u015fanlar\u0131 da isyanda: CW Enerji, sekt\u00f6r\u00fcn y\u00fcz karas\u0131!"}]},{"@type":"WebSite","@id":"https:\/\/denizcankizil.tr\/de\/#website","url":"https:\/\/denizcankizil.tr\/de\/","name":"Av. Deniz Can K\u0131z\u0131l","description":"Avukat Deniz Can K\u0131z\u0131l Antalya Barosu","publisher":{"@id":"https:\/\/denizcankizil.tr\/de\/#organization"},"potentialAction":[{"@type":"SearchAction","target":{"@type":"EntryPoint","urlTemplate":"https:\/\/denizcankizil.tr\/de\/?s={search_term_string}"},"query-input":{"@type":"PropertyValueSpecification","valueRequired":true,"valueName":"search_term_string"}}],"inLanguage":"de"},{"@type":"Organization","@id":"https:\/\/denizcankizil.tr\/de\/#organization","name":"Av. Deniz Can K\u0131z\u0131l","url":"https:\/\/denizcankizil.tr\/de\/","logo":{"@type":"ImageObject","inLanguage":"de","@id":"https:\/\/denizcankizil.tr\/de\/#\/schema\/logo\/image\/","url":"https:\/\/denizcankizil.tr\/wp-content\/uploads\/2024\/10\/siyah-logo-svg.svg","contentUrl":"https:\/\/denizcankizil.tr\/wp-content\/uploads\/2024\/10\/siyah-logo-svg.svg","width":1080,"height":1080,"caption":"Av. Deniz Can K\u0131z\u0131l"},"image":{"@id":"https:\/\/denizcankizil.tr\/de\/#\/schema\/logo\/image\/"}},{"@type":"Person","@id":"https:\/\/denizcankizil.tr\/de\/#\/schema\/person\/be3c05fe6a12686905512445d8185489","name":"Administrator","image":{"@type":"ImageObject","inLanguage":"de","@id":"https:\/\/denizcankizil.tr\/de\/#\/schema\/person\/image\/","url":"https:\/\/secure.gravatar.com\/avatar\/c1fce94c830dc79107e174f890d7210541c4a63e8e5d816341794a2151c9d58c?s=96&d=mm&r=g","contentUrl":"https:\/\/secure.gravatar.com\/avatar\/c1fce94c830dc79107e174f890d7210541c4a63e8e5d816341794a2151c9d58c?s=96&d=mm&r=g","caption":"admin"},"sameAs":["http:\/\/denizcankizil.tr"],"url":"https:\/\/www.iskenderun.org\/tuketiciler-kadar-calisanlari-da-isyanda-cw-enerji-sektorun-yuz-karasi"}]}},"_links":{"self":[{"href":"https:\/\/denizcankizil.tr\/de\/wp-json\/wp\/v2\/posts\/25144","targetHints":{"allow":["GET"]}}],"collection":[{"href":"https:\/\/denizcankizil.tr\/de\/wp-json\/wp\/v2\/posts"}],"about":[{"href":"https:\/\/denizcankizil.tr\/de\/wp-json\/wp\/v2\/types\/post"}],"author":[{"embeddable":true,"href":"https:\/\/denizcankizil.tr\/de\/wp-json\/wp\/v2\/users\/1"}],"replies":[{"embeddable":true,"href":"https:\/\/denizcankizil.tr\/de\/wp-json\/wp\/v2\/comments?post=25144"}],"version-history":[{"count":0,"href":"https:\/\/denizcankizil.tr\/de\/wp-json\/wp\/v2\/posts\/25144\/revisions"}],"wp:attachment":[{"href":"https:\/\/denizcankizil.tr\/de\/wp-json\/wp\/v2\/media?parent=25144"}],"wp:term":[{"taxonomy":"category","embeddable":true,"href":"https:\/\/denizcankizil.tr\/de\/wp-json\/wp\/v2\/categories?post=25144"},{"taxonomy":"post_tag","embeddable":true,"href":"https:\/\/denizcankizil.tr\/de\/wp-json\/wp\/v2\/tags?post=25144"}],"curies":[{"name":"wp","href":"https:\/\/api.w.org\/{rel}","templated":true}]}}