{"id":25091,"date":"2025-01-13T11:41:50","date_gmt":"2025-01-13T08:41:50","guid":{"rendered":"https:\/\/denizcankizil.tr\/uncategorized-tr\/kepezde-galibiyet\/"},"modified":"2025-01-13T11:41:50","modified_gmt":"2025-01-13T08:41:50","slug":"kepezde-galibiyet","status":"publish","type":"post","link":"https:\/\/denizcankizil.tr\/de\/haberler\/antalya\/kepezde-galibiyet\/","title":{"rendered":"Kepez\u2019de galibiyet"},"content":{"rendered":"<p>Kepez Belediyespor Kul\u00fcb\u00fc U18 Futbol Elit Lig Tak\u0131m\u0131, Antalya Kartalspor engelini 3-0&#8217;la ge\u00e7erek puan\u0131n\u0131 39\u2019a y\u00fckseltti. Varsak Kuzeyyaka Tesisleri\u2019nde oynan kar\u015f\u0131la\u015fman\u0131n ilk yar\u0131s\u0131n\u0131 1-0 \u00f6nde tamamlayan Kaplanlar, ikinci yar\u0131da da istekli oynayarak penalt\u0131dan 2 gol daha kaydetti.<br \/>\n\u00d6nemli bir galibiyet elde eden \u00f6\u011frencilerine te\u015fekk\u00fcr eden Teknik Direkt\u00f6r Emin Pehlivanlar, bu ma\u00e7a kadar 4 g\u00fcn boyunca sadece duran top pozisyonlar\u0131na \u00e7al\u0131\u015ft\u0131klar\u0131n\u0131 vurgulad\u0131. \u00c7ok fazla duran top \u015fans\u0131 yakalay\u0131p 1 tanesini gole \u00e7evirebildiklerini belirten Pehlivanlar, \u201cBundan sonraki s\u00fcre\u00e7te ayn\u0131 \u015fekilde taktiksel \u00e7al\u0131\u015fmalar yapaca\u011f\u0131z ve bunun da kar\u015f\u0131l\u0131\u011f\u0131n\u0131 \u00f6n\u00fcm\u00fczdeki s\u00fcre\u00e7te g\u00f6rece\u011fimize inan\u0131yorum. Kepez Belediyespor Kul\u00fcb\u00fc U18 Futbol Elit Lig Tak\u0131m\u0131 olarak elde etti\u011fimiz 3-0\u2019l\u0131k galibiyeti, her zaman yan\u0131m\u0131zda olan ve desteklerini esirgemeyen Ba\u015fkan\u0131m\u0131z Mesut Kocag\u00f6z\u2019e arma\u011fan ediyoruz\u201d dedi.<\/p>\n<p>Kaynak: www.kanalv.com.tr Haber Sitesinden Al\u0131nm\u0131\u015ft\u0131r.<\/p>","protected":false},"excerpt":{"rendered":"<p>Kepez Belediyespor Kul\u00fcb\u00fc U18 Futbol Elit Lig Tak\u0131m\u0131, Antalya Kartalspor engelini 3-0&#8217;la ge\u00e7erek puan\u0131n\u0131 39\u2019a y\u00fckseltti. Varsak Kuzeyyaka Tesisleri\u2019nde oynan kar\u015f\u0131la\u015fman\u0131n ilk yar\u0131s\u0131n\u0131 1-0 \u00f6nde tamamlayan Kaplanlar, ikinci yar\u0131da da istekli oynayarak penalt\u0131dan 2 gol daha kaydetti. \u00d6nemli bir galibiyet elde eden \u00f6\u011frencilerine te\u015fekk\u00fcr eden Teknik Direkt\u00f6r Emin Pehlivanlar, bu ma\u00e7a kadar 4 g\u00fcn boyunca sadece duran top pozisyonlar\u0131na \u00e7al\u0131\u015ft\u0131klar\u0131n\u0131 vurgulad\u0131. \u00c7ok fazla duran top \u015fans\u0131 yakalay\u0131p 1 tanesini gole \u00e7evirebildiklerini belirten Pehlivanlar, \u201cBundan sonraki s\u00fcre\u00e7te ayn\u0131 \u015fekilde taktiksel \u00e7al\u0131\u015fmalar yapaca\u011f\u0131z ve bunun da kar\u015f\u0131l\u0131\u011f\u0131n\u0131 \u00f6n\u00fcm\u00fczdeki s\u00fcre\u00e7te g\u00f6rece\u011fimize inan\u0131yorum. Kepez Belediyespor Kul\u00fcb\u00fc U18 Futbol Elit Lig Tak\u0131m\u0131 olarak elde etti\u011fimiz 3-0\u2019l\u0131k galibiyeti, her zaman yan\u0131m\u0131zda olan ve desteklerini esirgemeyen Ba\u015fkan\u0131m\u0131z Mesut Kocag\u00f6z\u2019e arma\u011fan ediyoruz\u201d dedi. Kaynak: www.kanalv.com.tr Haber Sitesinden Al\u0131nm\u0131\u015ft\u0131r.<\/p>","protected":false},"author":4,"featured_media":25092,"comment_status":"open","ping_status":"open","sticky":false,"template":"","format":"standard","meta":{"_acf_changed":false,"footnotes":""},"categories":[26],"tags":[],"class_list":["post-25091","post","type-post","status-publish","format-standard","has-post-thumbnail","hentry","category-antalya"],"acf":[],"yoast_head":"<!-- This site is optimized with the Yoast SEO Premium plugin v26.6 (Yoast SEO v27.1.1) - https:\/\/yoast.com\/product\/yoast-seo-premium-wordpress\/ -->\n<title>Kepez\u2019de galibiyet - Av. Deniz Can K\u0131z\u0131l<\/title>\n<meta name=\"robots\" content=\"index, follow, max-snippet:-1, max-image-preview:large, max-video-preview:-1\" \/>\n<link rel=\"canonical\" href=\"https:\/\/denizcankizil.tr\/de\/haberler\/antalya\/kepezde-galibiyet\/\" \/>\n<meta property=\"og:locale\" content=\"de_DE\" \/>\n<meta property=\"og:type\" content=\"article\" \/>\n<meta property=\"og:title\" content=\"Kepez\u2019de galibiyet\" \/>\n<meta property=\"og:description\" content=\"Kepez Belediyespor Kul\u00fcb\u00fc U18 Futbol Elit Lig Tak\u0131m\u0131, Antalya Kartalspor engelini 3-0&#8217;la ge\u00e7erek puan\u0131n\u0131 39\u2019a y\u00fckseltti. Varsak Kuzeyyaka Tesisleri\u2019nde oynan kar\u015f\u0131la\u015fman\u0131n ilk yar\u0131s\u0131n\u0131 1-0 \u00f6nde tamamlayan Kaplanlar, ikinci yar\u0131da da istekli oynayarak penalt\u0131dan 2 gol daha kaydetti. \u00d6nemli bir galibiyet elde eden \u00f6\u011frencilerine te\u015fekk\u00fcr eden Teknik Direkt\u00f6r Emin Pehlivanlar, bu ma\u00e7a kadar 4 g\u00fcn boyunca sadece duran top pozisyonlar\u0131na \u00e7al\u0131\u015ft\u0131klar\u0131n\u0131 vurgulad\u0131. \u00c7ok fazla duran top \u015fans\u0131 yakalay\u0131p 1 tanesini gole \u00e7evirebildiklerini belirten Pehlivanlar, \u201cBundan sonraki s\u00fcre\u00e7te ayn\u0131 \u015fekilde taktiksel \u00e7al\u0131\u015fmalar yapaca\u011f\u0131z ve bunun da kar\u015f\u0131l\u0131\u011f\u0131n\u0131 \u00f6n\u00fcm\u00fczdeki s\u00fcre\u00e7te g\u00f6rece\u011fimize inan\u0131yorum. Kepez Belediyespor Kul\u00fcb\u00fc U18 Futbol Elit Lig Tak\u0131m\u0131 olarak elde etti\u011fimiz 3-0\u2019l\u0131k galibiyeti, her zaman yan\u0131m\u0131zda olan ve desteklerini esirgemeyen Ba\u015fkan\u0131m\u0131z Mesut Kocag\u00f6z\u2019e arma\u011fan ediyoruz\u201d dedi. Kaynak: www.kanalv.com.tr Haber Sitesinden Al\u0131nm\u0131\u015ft\u0131r.\" \/>\n<meta property=\"og:url\" content=\"https:\/\/denizcankizil.tr\/de\/haberler\/antalya\/kepezde-galibiyet\/\" \/>\n<meta property=\"og:site_name\" content=\"Av. Deniz Can K\u0131z\u0131l\" \/>\n<meta property=\"article:published_time\" content=\"2025-01-13T08:41:50+00:00\" \/>\n<meta property=\"og:image\" content=\"https:\/\/denizcankizil.tr\/wp-content\/uploads\/2025\/01\/4115-01-ZHzruu.jpeg\" \/>\n\t<meta property=\"og:image:width\" content=\"1280\" \/>\n\t<meta property=\"og:image:height\" content=\"720\" \/>\n\t<meta property=\"og:image:type\" content=\"image\/jpeg\" \/>\n<meta name=\"author\" content=\"Av. Deniz Can K\u0131z\u0131l\" \/>\n<meta name=\"twitter:card\" content=\"summary_large_image\" \/>\n<meta name=\"twitter:label1\" content=\"Verfasst von\" \/>\n\t<meta name=\"twitter:data1\" content=\"Av. Deniz Can K\u0131z\u0131l\" \/>\n\t<meta name=\"twitter:label2\" content=\"Gesch\u00e4tzte Lesezeit\" \/>\n\t<meta name=\"twitter:data2\" content=\"1\u00a0Minute\" \/>\n<script type=\"application\/ld+json\" class=\"yoast-schema-graph\">{\"@context\":\"https:\/\/schema.org\",\"@graph\":[{\"@type\":\"Article\",\"@id\":\"https:\/\/denizcankizil.tr\/de\/haberler\/antalya\/kepezde-galibiyet\/#article\",\"isPartOf\":{\"@id\":\"https:\/\/denizcankizil.tr\/de\/haberler\/antalya\/kepezde-galibiyet\/\"},\"author\":{\"name\":\"Av. Deniz Can K\u0131z\u0131l\",\"@id\":\"https:\/\/denizcankizil.tr\/de\/#\/schema\/person\/5dc1b22991bd7ac833867c10afc9b0ff\"},\"headline\":\"Kepez\u2019de galibiyet\",\"datePublished\":\"2025-01-13T08:41:50+00:00\",\"mainEntityOfPage\":{\"@id\":\"https:\/\/denizcankizil.tr\/de\/haberler\/antalya\/kepezde-galibiyet\/\"},\"wordCount\":176,\"commentCount\":0,\"publisher\":{\"@id\":\"https:\/\/denizcankizil.tr\/de\/#organization\"},\"image\":{\"@id\":\"https:\/\/denizcankizil.tr\/de\/haberler\/antalya\/kepezde-galibiyet\/#primaryimage\"},\"thumbnailUrl\":\"https:\/\/denizcankizil.tr\/wp-content\/uploads\/2025\/01\/4115-01-ZHzruu.jpeg\",\"articleSection\":[\"Antalya\"],\"inLanguage\":\"de\",\"potentialAction\":[{\"@type\":\"CommentAction\",\"name\":\"Comment\",\"target\":[\"https:\/\/denizcankizil.tr\/de\/haberler\/antalya\/kepezde-galibiyet\/#respond\"]}]},{\"@type\":\"WebPage\",\"@id\":\"https:\/\/denizcankizil.tr\/de\/haberler\/antalya\/kepezde-galibiyet\/\",\"url\":\"https:\/\/denizcankizil.tr\/de\/haberler\/antalya\/kepezde-galibiyet\/\",\"name\":\"Kepez\u2019de galibiyet - Av. Deniz Can K\u0131z\u0131l\",\"isPartOf\":{\"@id\":\"https:\/\/denizcankizil.tr\/de\/#website\"},\"primaryImageOfPage\":{\"@id\":\"https:\/\/denizcankizil.tr\/de\/haberler\/antalya\/kepezde-galibiyet\/#primaryimage\"},\"image\":{\"@id\":\"https:\/\/denizcankizil.tr\/de\/haberler\/antalya\/kepezde-galibiyet\/#primaryimage\"},\"thumbnailUrl\":\"https:\/\/denizcankizil.tr\/wp-content\/uploads\/2025\/01\/4115-01-ZHzruu.jpeg\",\"datePublished\":\"2025-01-13T08:41:50+00:00\",\"breadcrumb\":{\"@id\":\"https:\/\/denizcankizil.tr\/de\/haberler\/antalya\/kepezde-galibiyet\/#breadcrumb\"},\"inLanguage\":\"de\",\"potentialAction\":[{\"@type\":\"ReadAction\",\"target\":[\"https:\/\/denizcankizil.tr\/de\/haberler\/antalya\/kepezde-galibiyet\/\"]}]},{\"@type\":\"ImageObject\",\"inLanguage\":\"de\",\"@id\":\"https:\/\/denizcankizil.tr\/de\/haberler\/antalya\/kepezde-galibiyet\/#primaryimage\",\"url\":\"https:\/\/denizcankizil.tr\/wp-content\/uploads\/2025\/01\/4115-01-ZHzruu.jpeg\",\"contentUrl\":\"https:\/\/denizcankizil.tr\/wp-content\/uploads\/2025\/01\/4115-01-ZHzruu.jpeg\",\"width\":1280,\"height\":720},{\"@type\":\"BreadcrumbList\",\"@id\":\"https:\/\/denizcankizil.tr\/de\/haberler\/antalya\/kepezde-galibiyet\/#breadcrumb\",\"itemListElement\":[{\"@type\":\"ListItem\",\"position\":1,\"name\":\"Home\",\"item\":\"https:\/\/denizcankizil.tr\/de\/\"},{\"@type\":\"ListItem\",\"position\":2,\"name\":\"Kepez\u2019de galibiyet\"}]},{\"@type\":\"WebSite\",\"@id\":\"https:\/\/denizcankizil.tr\/de\/#website\",\"url\":\"https:\/\/denizcankizil.tr\/de\/\",\"name\":\"Av. Deniz Can K\u0131z\u0131l\",\"description\":\"Avukat Deniz Can K\u0131z\u0131l Antalya Barosu\",\"publisher\":{\"@id\":\"https:\/\/denizcankizil.tr\/de\/#organization\"},\"potentialAction\":[{\"@type\":\"SearchAction\",\"target\":{\"@type\":\"EntryPoint\",\"urlTemplate\":\"https:\/\/denizcankizil.tr\/de\/?s={search_term_string}\"},\"query-input\":{\"@type\":\"PropertyValueSpecification\",\"valueRequired\":true,\"valueName\":\"search_term_string\"}}],\"inLanguage\":\"de\"},{\"@type\":\"Organization\",\"@id\":\"https:\/\/denizcankizil.tr\/de\/#organization\",\"name\":\"Av. Deniz Can K\u0131z\u0131l\",\"url\":\"https:\/\/denizcankizil.tr\/de\/\",\"logo\":{\"@type\":\"ImageObject\",\"inLanguage\":\"de\",\"@id\":\"https:\/\/denizcankizil.tr\/de\/#\/schema\/logo\/image\/\",\"url\":\"https:\/\/denizcankizil.tr\/wp-content\/uploads\/2024\/10\/siyah-logo-svg.svg\",\"contentUrl\":\"https:\/\/denizcankizil.tr\/wp-content\/uploads\/2024\/10\/siyah-logo-svg.svg\",\"width\":1080,\"height\":1080,\"caption\":\"Av. Deniz Can K\u0131z\u0131l\"},\"image\":{\"@id\":\"https:\/\/denizcankizil.tr\/de\/#\/schema\/logo\/image\/\"}},{\"@type\":\"Person\",\"@id\":\"https:\/\/denizcankizil.tr\/de\/#\/schema\/person\/5dc1b22991bd7ac833867c10afc9b0ff\",\"name\":\"Av. Deniz Can K\u0131z\u0131l\",\"image\":{\"@type\":\"ImageObject\",\"inLanguage\":\"de\",\"@id\":\"https:\/\/denizcankizil.tr\/de\/#\/schema\/person\/image\/\",\"url\":\"https:\/\/secure.gravatar.com\/avatar\/a0b128fb9855c79efc976d5640eedb31dc35ec297594d6016d2cf7c60e975bb6?s=96&d=mm&r=g\",\"contentUrl\":\"https:\/\/secure.gravatar.com\/avatar\/a0b128fb9855c79efc976d5640eedb31dc35ec297594d6016d2cf7c60e975bb6?s=96&d=mm&r=g\",\"caption\":\"Av. Deniz Can K\u0131z\u0131l\"},\"sameAs\":[\"http:\/\/www.denizcankizil.tr\"],\"url\":\"https:\/\/denizcankizil.tr\/de\/author\/denizcankizil\/\"}]}<\/script>\n<!-- \/ Yoast SEO Premium plugin. -->","yoast_head_json":{"title":"Kepez\u2019de galibiyet - Av. Deniz Can K\u0131z\u0131l","robots":{"index":"index","follow":"follow","max-snippet":"max-snippet:-1","max-image-preview":"max-image-preview:large","max-video-preview":"max-video-preview:-1"},"canonical":"https:\/\/denizcankizil.tr\/de\/haberler\/antalya\/kepezde-galibiyet\/","og_locale":"de_DE","og_type":"article","og_title":"Kepez\u2019de galibiyet","og_description":"Kepez Belediyespor Kul\u00fcb\u00fc U18 Futbol Elit Lig Tak\u0131m\u0131, Antalya Kartalspor engelini 3-0&#8217;la ge\u00e7erek puan\u0131n\u0131 39\u2019a y\u00fckseltti. Varsak Kuzeyyaka Tesisleri\u2019nde oynan kar\u015f\u0131la\u015fman\u0131n ilk yar\u0131s\u0131n\u0131 1-0 \u00f6nde tamamlayan Kaplanlar, ikinci yar\u0131da da istekli oynayarak penalt\u0131dan 2 gol daha kaydetti. \u00d6nemli bir galibiyet elde eden \u00f6\u011frencilerine te\u015fekk\u00fcr eden Teknik Direkt\u00f6r Emin Pehlivanlar, bu ma\u00e7a kadar 4 g\u00fcn boyunca sadece duran top pozisyonlar\u0131na \u00e7al\u0131\u015ft\u0131klar\u0131n\u0131 vurgulad\u0131. \u00c7ok fazla duran top \u015fans\u0131 yakalay\u0131p 1 tanesini gole \u00e7evirebildiklerini belirten Pehlivanlar, \u201cBundan sonraki s\u00fcre\u00e7te ayn\u0131 \u015fekilde taktiksel \u00e7al\u0131\u015fmalar yapaca\u011f\u0131z ve bunun da kar\u015f\u0131l\u0131\u011f\u0131n\u0131 \u00f6n\u00fcm\u00fczdeki s\u00fcre\u00e7te g\u00f6rece\u011fimize inan\u0131yorum. Kepez Belediyespor Kul\u00fcb\u00fc U18 Futbol Elit Lig Tak\u0131m\u0131 olarak elde etti\u011fimiz 3-0\u2019l\u0131k galibiyeti, her zaman yan\u0131m\u0131zda olan ve desteklerini esirgemeyen Ba\u015fkan\u0131m\u0131z Mesut Kocag\u00f6z\u2019e arma\u011fan ediyoruz\u201d dedi. Kaynak: www.kanalv.com.tr Haber Sitesinden Al\u0131nm\u0131\u015ft\u0131r.","og_url":"https:\/\/denizcankizil.tr\/de\/haberler\/antalya\/kepezde-galibiyet\/","og_site_name":"Av. Deniz Can K\u0131z\u0131l","article_published_time":"2025-01-13T08:41:50+00:00","og_image":[{"width":1280,"height":720,"url":"https:\/\/denizcankizil.tr\/wp-content\/uploads\/2025\/01\/4115-01-ZHzruu.jpeg","type":"image\/jpeg"}],"author":"Av. Deniz Can K\u0131z\u0131l","twitter_card":"summary_large_image","twitter_misc":{"Verfasst von":"Av. Deniz Can K\u0131z\u0131l","Gesch\u00e4tzte Lesezeit":"1\u00a0Minute"},"schema":{"@context":"https:\/\/schema.org","@graph":[{"@type":"Article","@id":"https:\/\/denizcankizil.tr\/de\/haberler\/antalya\/kepezde-galibiyet\/#article","isPartOf":{"@id":"https:\/\/denizcankizil.tr\/de\/haberler\/antalya\/kepezde-galibiyet\/"},"author":{"name":"Av. Deniz Can K\u0131z\u0131l","@id":"https:\/\/denizcankizil.tr\/de\/#\/schema\/person\/5dc1b22991bd7ac833867c10afc9b0ff"},"headline":"Kepez\u2019de galibiyet","datePublished":"2025-01-13T08:41:50+00:00","mainEntityOfPage":{"@id":"https:\/\/denizcankizil.tr\/de\/haberler\/antalya\/kepezde-galibiyet\/"},"wordCount":176,"commentCount":0,"publisher":{"@id":"https:\/\/denizcankizil.tr\/de\/#organization"},"image":{"@id":"https:\/\/denizcankizil.tr\/de\/haberler\/antalya\/kepezde-galibiyet\/#primaryimage"},"thumbnailUrl":"https:\/\/denizcankizil.tr\/wp-content\/uploads\/2025\/01\/4115-01-ZHzruu.jpeg","articleSection":["Antalya"],"inLanguage":"de","potentialAction":[{"@type":"CommentAction","name":"Comment","target":["https:\/\/denizcankizil.tr\/de\/haberler\/antalya\/kepezde-galibiyet\/#respond"]}]},{"@type":"WebPage","@id":"https:\/\/denizcankizil.tr\/de\/haberler\/antalya\/kepezde-galibiyet\/","url":"https:\/\/denizcankizil.tr\/de\/haberler\/antalya\/kepezde-galibiyet\/","name":"Kepez\u2019de galibiyet - Av. Deniz Can K\u0131z\u0131l","isPartOf":{"@id":"https:\/\/denizcankizil.tr\/de\/#website"},"primaryImageOfPage":{"@id":"https:\/\/denizcankizil.tr\/de\/haberler\/antalya\/kepezde-galibiyet\/#primaryimage"},"image":{"@id":"https:\/\/denizcankizil.tr\/de\/haberler\/antalya\/kepezde-galibiyet\/#primaryimage"},"thumbnailUrl":"https:\/\/denizcankizil.tr\/wp-content\/uploads\/2025\/01\/4115-01-ZHzruu.jpeg","datePublished":"2025-01-13T08:41:50+00:00","breadcrumb":{"@id":"https:\/\/denizcankizil.tr\/de\/haberler\/antalya\/kepezde-galibiyet\/#breadcrumb"},"inLanguage":"de","potentialAction":[{"@type":"ReadAction","target":["https:\/\/denizcankizil.tr\/de\/haberler\/antalya\/kepezde-galibiyet\/"]}]},{"@type":"ImageObject","inLanguage":"de","@id":"https:\/\/denizcankizil.tr\/de\/haberler\/antalya\/kepezde-galibiyet\/#primaryimage","url":"https:\/\/denizcankizil.tr\/wp-content\/uploads\/2025\/01\/4115-01-ZHzruu.jpeg","contentUrl":"https:\/\/denizcankizil.tr\/wp-content\/uploads\/2025\/01\/4115-01-ZHzruu.jpeg","width":1280,"height":720},{"@type":"BreadcrumbList","@id":"https:\/\/denizcankizil.tr\/de\/haberler\/antalya\/kepezde-galibiyet\/#breadcrumb","itemListElement":[{"@type":"ListItem","position":1,"name":"Home","item":"https:\/\/denizcankizil.tr\/de\/"},{"@type":"ListItem","position":2,"name":"Kepez\u2019de galibiyet"}]},{"@type":"WebSite","@id":"https:\/\/denizcankizil.tr\/de\/#website","url":"https:\/\/denizcankizil.tr\/de\/","name":"Av. Deniz Can K\u0131z\u0131l","description":"Avukat Deniz Can K\u0131z\u0131l Antalya Barosu","publisher":{"@id":"https:\/\/denizcankizil.tr\/de\/#organization"},"potentialAction":[{"@type":"SearchAction","target":{"@type":"EntryPoint","urlTemplate":"https:\/\/denizcankizil.tr\/de\/?s={search_term_string}"},"query-input":{"@type":"PropertyValueSpecification","valueRequired":true,"valueName":"search_term_string"}}],"inLanguage":"de"},{"@type":"Organization","@id":"https:\/\/denizcankizil.tr\/de\/#organization","name":"Av. Deniz Can K\u0131z\u0131l","url":"https:\/\/denizcankizil.tr\/de\/","logo":{"@type":"ImageObject","inLanguage":"de","@id":"https:\/\/denizcankizil.tr\/de\/#\/schema\/logo\/image\/","url":"https:\/\/denizcankizil.tr\/wp-content\/uploads\/2024\/10\/siyah-logo-svg.svg","contentUrl":"https:\/\/denizcankizil.tr\/wp-content\/uploads\/2024\/10\/siyah-logo-svg.svg","width":1080,"height":1080,"caption":"Av. Deniz Can K\u0131z\u0131l"},"image":{"@id":"https:\/\/denizcankizil.tr\/de\/#\/schema\/logo\/image\/"}},{"@type":"Person","@id":"https:\/\/denizcankizil.tr\/de\/#\/schema\/person\/5dc1b22991bd7ac833867c10afc9b0ff","name":"Av. Deniz Can K\u0131z\u0131l","image":{"@type":"ImageObject","inLanguage":"de","@id":"https:\/\/denizcankizil.tr\/de\/#\/schema\/person\/image\/","url":"https:\/\/secure.gravatar.com\/avatar\/a0b128fb9855c79efc976d5640eedb31dc35ec297594d6016d2cf7c60e975bb6?s=96&d=mm&r=g","contentUrl":"https:\/\/secure.gravatar.com\/avatar\/a0b128fb9855c79efc976d5640eedb31dc35ec297594d6016d2cf7c60e975bb6?s=96&d=mm&r=g","caption":"Av. Deniz Can K\u0131z\u0131l"},"sameAs":["http:\/\/www.denizcankizil.tr"],"url":"https:\/\/denizcankizil.tr\/de\/author\/denizcankizil\/"}]}},"_links":{"self":[{"href":"https:\/\/denizcankizil.tr\/de\/wp-json\/wp\/v2\/posts\/25091","targetHints":{"allow":["GET"]}}],"collection":[{"href":"https:\/\/denizcankizil.tr\/de\/wp-json\/wp\/v2\/posts"}],"about":[{"href":"https:\/\/denizcankizil.tr\/de\/wp-json\/wp\/v2\/types\/post"}],"author":[{"embeddable":true,"href":"https:\/\/denizcankizil.tr\/de\/wp-json\/wp\/v2\/users\/4"}],"replies":[{"embeddable":true,"href":"https:\/\/denizcankizil.tr\/de\/wp-json\/wp\/v2\/comments?post=25091"}],"version-history":[{"count":0,"href":"https:\/\/denizcankizil.tr\/de\/wp-json\/wp\/v2\/posts\/25091\/revisions"}],"wp:featuredmedia":[{"embeddable":true,"href":"https:\/\/denizcankizil.tr\/de\/wp-json\/wp\/v2\/media\/25092"}],"wp:attachment":[{"href":"https:\/\/denizcankizil.tr\/de\/wp-json\/wp\/v2\/media?parent=25091"}],"wp:term":[{"taxonomy":"category","embeddable":true,"href":"https:\/\/denizcankizil.tr\/de\/wp-json\/wp\/v2\/categories?post=25091"},{"taxonomy":"post_tag","embeddable":true,"href":"https:\/\/denizcankizil.tr\/de\/wp-json\/wp\/v2\/tags?post=25091"}],"curies":[{"name":"wp","href":"https:\/\/api.w.org\/{rel}","templated":true}]}}