{"id":24915,"date":"2025-01-11T13:41:31","date_gmt":"2025-01-11T10:41:31","guid":{"rendered":"https:\/\/denizcankizil.tr\/uncategorized-tr\/antalya-son-15-yilin-rekorunu-kirdi\/"},"modified":"2025-01-11T13:41:31","modified_gmt":"2025-01-11T10:41:31","slug":"antalya-son-15-yilin-rekorunu-kirdi","status":"publish","type":"post","link":"https:\/\/denizcankizil.tr\/de\/haberler\/gundem\/antalya-son-15-yilin-rekorunu-kirdi\/","title":{"rendered":"Antalya son 15 y\u0131l\u0131n rekorunu k\u0131rd\u0131"},"content":{"rendered":"<p>Meteoroloji Genel M\u00fcd\u00fcrl\u00fc\u011f\u00fc, 2024 y\u0131l\u0131 Aral\u0131k ay\u0131 S\u0131cakl\u0131k ve Alansal Ya\u011f\u0131\u015f raporlar\u0131 yay\u0131nland\u0131. Normaline g\u00f6re s\u0131cakl\u0131\u011f\u0131n 1,3 derece artt\u0131\u011f\u0131 2024 y\u0131l\u0131 Aral\u0131k ay\u0131nda, ya\u011f\u0131\u015flar\u0131n normaline g\u00f6re y\u00fczde 4 azald\u0131\u011f\u0131 belirlendi.<\/p>\n<p>SICAKLIK 1,3 DERECE Y\u00dcKSELD\u0130<\/p>\n<p>Meteoroloji Genel M\u00fcd\u00fcrl\u00fc\u011f\u00fc&#8217;n\u00fcn s\u0131cakl\u0131k raporuna g\u00f6re; 2024 y\u0131l\u0131 Aral\u0131k ay\u0131nda ortalama s\u0131cakl\u0131klar bat\u0131daki bir\u00e7ok ilde mevsim normallerinin \u00fczerinde ger\u00e7ekle\u015fti. 1991-2020 normalleri aral\u0131k ay\u0131 ortalama s\u0131cakl\u0131\u011f\u0131 4,8 derece iken, 2024 y\u0131l\u0131 Aral\u0131k ay\u0131 s\u0131cakl\u0131\u011f\u0131 6,1 derece ile normallerinin 1,3 derece \u00fczerinde ger\u00e7ekle\u015fti. Aral\u0131k ay\u0131nda en d\u00fc\u015f\u00fck s\u0131cakl\u0131k eksi 26,8 derece ile Erzurum&#8217;da, en y\u00fcksek s\u0131cakl\u0131k 26 derece ile \u0130nebolu&#8217;da tespit edildi.<\/p>\n<p>YA\u011eI\u015eLAR NORMALE G\u00d6RE AZALDI<\/p>\n<p>Ya\u011f\u0131\u015f raporuna g\u00f6re; T\u00fcrkiye geneli aral\u0131k ay\u0131 ya\u011f\u0131\u015f\u0131 normalinin alt\u0131nda, ge\u00e7en y\u0131l aral\u0131k ay\u0131 ya\u011f\u0131\u015f\u0131n\u0131n \u00fczerinde ger\u00e7ekle\u015fti. Aral\u0131k ay\u0131 ya\u011f\u0131\u015f\u0131 metrekareye 73 kilogram, aral\u0131k ay\u0131 normali (1991-2020) 75,7 kilogram, 2023 y\u0131l\u0131 Aral\u0131k ay\u0131 ya\u011f\u0131\u015f\u0131 68,5 kilogram \u00f6l\u00e7\u00fcld\u00fc. Ya\u011f\u0131\u015flarda normaline g\u00f6re; y\u00fczde 4 azalma, ge\u00e7en y\u0131l aral\u0131k ay\u0131 ya\u011f\u0131\u015f\u0131na g\u00f6re y\u00fczde 7 artma meydana geldi. \u0130l geneli ya\u011f\u0131\u015flarda en fazla ya\u011f\u0131\u015f 314,9 kilogram ve normaline g\u00f6re en fazla art\u0131\u015f y\u00fczde 84 ile Mu\u011fla&#8217;da meydana geldi. En az ya\u011f\u0131\u015f 12,4 kilogram ile I\u011fd\u0131r ve normaline g\u00f6re en fazla azalma y\u00fczde 70 ile Hakkari&#8217;de ger\u00e7ekle\u015fti.<\/p>\n<p>B\u00d6LGESEL SICAKLIKLAR<\/p>\n<p>Marmara&#8217;da aral\u0131k ay\u0131 uzun y\u0131llar ortalama s\u0131cakl\u0131\u011f\u0131 7 derece iken, 2,2 derece art\u0131\u015fla 2024 Aral\u0131k ay\u0131 9,2 derece \u00f6l\u00e7\u00fcld\u00fc. B\u00f6lgede en d\u00fc\u015f\u00fck s\u0131cakl\u0131k eksi 2,8 derece Bal\u0131kesir&#8217;de, en y\u00fcksek 23,6 derece Sakarya&#8217;da g\u00f6zlendi. Ege&#8217;de aral\u0131k ay\u0131 uzun y\u0131llar ortalama s\u0131cakl\u0131\u011f\u0131 7,9 derece iken, 1,8 derece art\u0131\u015fla 2024 Aral\u0131k ay\u0131 9,7 derece oldu. B\u00f6lgede en d\u00fc\u015f\u00fck s\u0131cakl\u0131k eksi 4,3 derece Emirda\u011f&#8217;da, en y\u00fcksek 23,1 derece \u0130zmir&#8217;de g\u00f6zlendi. Akdeniz&#8217;de aral\u0131k ay\u0131 uzun y\u0131llar ortalama s\u0131cakl\u0131\u011f\u0131 9,1 derece iken, 1,2 derece art\u0131\u015fla 2024 Aral\u0131k ay\u0131 10,3 derece oldu. B\u00f6lgede en d\u00fc\u015f\u00fck s\u0131cakl\u0131k eksi 13,6 derece G\u00f6ksun&#8217;da, en y\u00fcksek 22,6 derece Kozan&#8217;da g\u00f6r\u00fcld\u00fc.<\/p>\n<p>D\u0130\u011eER B\u00d6LGELERDEK\u0130 DURUM<\/p>\n<p>\u0130\u00e7 Anadolu&#8217;da aral\u0131k ay\u0131 uzun y\u0131llar ortalama s\u0131cakl\u0131\u011f\u0131 1,4 derece iken, 1,6 derece art\u0131\u015fla 2024 Aral\u0131k ay\u0131 3 derece \u00f6l\u00e7\u00fcld\u00fc. B\u00f6lgede en d\u00fc\u015f\u00fck s\u0131cakl\u0131k eksi 20,4 derece Zara&#8217;da, en y\u00fcksek 17,3 derece \u00c7i\u00e7ekda\u011f\u0131&#8217;nda g\u00f6r\u00fcld\u00fc. Karadeniz&#8217;de aral\u0131k ay\u0131 uzun y\u0131llar ortalama s\u0131cakl\u0131\u011f\u0131 4,8 derece iken, 1,3 derece art\u0131\u015fla 2024 Aral\u0131k ay\u0131 6,1 derece \u00f6l\u00e7\u00fcld\u00fc. B\u00f6lgede en d\u00fc\u015f\u00fck s\u0131cakl\u0131k eksi 19,8 derece Bayburt&#8217;ta, en y\u00fcksek 26 derece \u0130nebolu&#8217;da g\u00f6zlendi. Do\u011fu Anadolu&#8217;da aral\u0131k ay\u0131 uzun y\u0131llar ortalama s\u0131cakl\u0131\u011f\u0131 eksi 1,6 derece olup, 0,6 derece art\u0131\u015fla 2024 Aral\u0131k ay\u0131 da eksi 1 derece oldu. B\u00f6lgede en d\u00fc\u015f\u00fck s\u0131cakl\u0131k eksi 26,8 derece Erzurum&#8217;da, en y\u00fcksek 14,6 derece Ergani&#8217;de g\u00f6zlendi. G\u00fcneydo\u011fu&#8217;da aral\u0131k ay\u0131 uzun y\u0131llar ortalama s\u0131cakl\u0131\u011f\u0131 6,4 derece iken, 0,6 derece art\u0131\u015fla 2024 Aral\u0131k ay\u0131 7 derece \u00f6l\u00e7\u00fcld\u00fc. B\u00f6lgede en d\u00fc\u015f\u00fck s\u0131cakl\u0131k eksi 7,8 derece Batman&#8217;da, en y\u00fcksek 21,5 derece Ceylanp\u0131nar&#8217;da g\u00f6zlendi.<\/p>\n<p>YA\u011eI\u015eLAR BATIDA Y\u00dcKSELD\u0130<\/p>\n<p>Aral\u0131k ay\u0131nda ya\u011f\u0131\u015flar; Trakya&#8217;n\u0131n kuzeyi, Ege B\u00f6lgesi&#8217;nin bat\u0131 kesimleri, Antalya, Burdur ve Mersin \u00e7evreleri ile Giresun&#8217;un do\u011fu kesimlerinde normallerine g\u00f6re y\u00fczde 40&#8217;\u0131n \u00fczerinde artt\u0131. \u00c7orum, Amasya, Samsun, Malatya, \u015eanl\u0131urfa, Mardin, Siirt, \u015e\u0131rnak, Hakkari, Van ve A\u011fr\u0131 \u00e7evrelerinde y\u00fczde 60&#8217;\u0131n \u00fczerinde azald\u0131. B\u00f6lge genelinde Marmara, Ege, Akdeniz b\u00f6lgeleri normalleri \u00fczerinde ya\u011f\u0131\u015f ald\u0131. Di\u011fer b\u00f6lgeler normalleri alt\u0131nda ya\u011f\u0131\u015f ald\u0131.<\/p>\n<p>MU\u011eLA 314 K\u0130LOGRAM YA\u011eI\u015eLA \u0130LK SIRADA<\/p>\n<p>Normaline g\u00f6re; en fazla azalma y\u00fczde 53 ile G\u00fcneydo\u011fu Anadolu B\u00f6lgesi&#8217;nde ger\u00e7ekle\u015fti. Ege B\u00f6lgesi aral\u0131k ay\u0131 ya\u011f\u0131\u015flar\u0131 son 10 y\u0131l\u0131n en y\u00fcksek seviyesine ula\u015ft\u0131. \u0130l geneli ya\u011f\u0131\u015flarda en fazla ya\u011f\u0131\u015f 314,9 kilogram ve normaline g\u00f6re en fazla art\u0131\u015f y\u00fczde 84 ile Mu\u011fla&#8217;da meydana geldi. En az ya\u011f\u0131\u015f 12,4 kilogram ile I\u011fd\u0131r ve normaline g\u00f6re en fazla azalma y\u00fczde 70 ile Hakkari&#8217;de ger\u00e7ekle\u015fti.<\/p>\n<p>YA\u011eI\u015eLI G\u00dcN SAYILARI<\/p>\n<p>Antalya ve Burdur&#8217;da son 15 y\u0131l\u0131n, Isparta ve Mu\u011fla&#8217;da son 12 y\u0131l\u0131n en y\u00fcksek aral\u0131k ay\u0131 ya\u011f\u0131\u015f\u0131 kaydedildi. T\u00fcrkiye genelinde normali 11,8 g\u00fcn ya\u011f\u0131\u015fl\u0131 ortalama g\u00fcn iken, aral\u0131k ay\u0131nda ortalama 12,9 g\u00fcn ya\u011f\u0131\u015f g\u00f6r\u00fcld\u00fc. Ya\u011f\u0131\u015fl\u0131 g\u00fcn say\u0131lar\u0131 \u0130stanbul, Kocaeli, Sakarya, Yalova, \u00c7anakkale, Bal\u0131kesir, \u0130zmir, Mu\u011fla ve Antalya \u00e7evrelerinde yer yer 20-25 g\u00fcn aral\u0131\u011f\u0131nda ger\u00e7ekle\u015firken, \u015e\u0131rnak, Van, Hakkari, A\u011fr\u0131, I\u011fd\u0131r ve Kars \u00e7evrelerinde 5 g\u00fcn\u00fcn alt\u0131na d\u00fc\u015ft\u00fc.<\/p>\n<p>B\u00d6LGELERE G\u00d6RE YA\u011eI\u015eLAR<\/p>\n<p>Marmara&#8217;da 115,4 kilogram ya\u011f\u0131\u015f ile normaline g\u00f6re y\u00fczde 28, 2023 y\u0131l\u0131 Aral\u0131k ay\u0131na g\u00f6re y\u00fczde 38 artt\u0131. Ege&#8217;de 135 kilogram ya\u011f\u0131\u015f ile normaline g\u00f6re y\u00fczde 49, 2023 y\u0131l\u0131 Aral\u0131k ay\u0131na g\u00f6re y\u00fczde 93 y\u00fckseldi. Akdeniz&#8217;de 149,7 kilogram ya\u011f\u0131\u015f ile normaline g\u00f6re y\u00fczde 21, 2023 y\u0131l\u0131 Aral\u0131k ay\u0131na g\u00f6re y\u00fczde 48 artt\u0131. \u0130\u00e7 Anadolu&#8217;da 36,2 kilogram ya\u011f\u0131\u015fla normaline g\u00f6re y\u00fczde 22 azald\u0131, 2023 y\u0131l\u0131 Aral\u0131k ay\u0131na g\u00f6re y\u00fczde 13 artt\u0131. Karadeniz&#8217;de 58,5 kilogram ya\u011f\u0131\u015fla normaline g\u00f6re y\u00fczde 19, 2023 y\u0131l\u0131 Aral\u0131k ay\u0131na g\u00f6re y\u00fczde 8 azald\u0131. Do\u011fu Anadolu&#8217;da 33,2 kilogram ya\u011f\u0131\u015fla normaline g\u00f6re y\u00fczde 41, 2023 y\u0131l\u0131 Aral\u0131k ay\u0131na g\u00f6re y\u00fczde 55 azald\u0131. G\u00fcneydo\u011fu&#8217;da 40 kilogram ya\u011f\u0131\u015fla normaline g\u00f6re y\u00fczde 53, 2023 y\u0131l\u0131 Aral\u0131k ay\u0131na g\u00f6re y\u00fczde 50 azald\u0131.<\/p>\n<p>\u200bMeteoroloji Genel M\u00fcd\u00fcrl\u00fc\u011f\u00fc&#8217;n\u00fcn raporuna g\u00f6re Antalya ve Burdur&#8217;da son 15 y\u0131l\u0131n, Isparta ve Mu\u011fla&#8217;da son 12 y\u0131l\u0131n, Ege&#8217;de ise son 10 y\u0131l\u0131n en y\u00fcksek Aral\u0131k ay\u0131 ya\u011f\u0131\u015flar\u0131 kaydedildi.\u00a0<\/p>\n<p>\u200bHaberin Al\u0131nt\u0131land\u0131\u011f\u0131 Kaynak: www.antalyakorfez.com<\/p>","protected":false},"excerpt":{"rendered":"<p>Meteoroloji Genel M\u00fcd\u00fcrl\u00fc\u011f\u00fc, 2024 y\u0131l\u0131 Aral\u0131k ay\u0131 S\u0131cakl\u0131k ve Alansal Ya\u011f\u0131\u015f raporlar\u0131 yay\u0131nland\u0131. Normaline g\u00f6re s\u0131cakl\u0131\u011f\u0131n 1,3 derece artt\u0131\u011f\u0131 2024 y\u0131l\u0131 Aral\u0131k ay\u0131nda, ya\u011f\u0131\u015flar\u0131n normaline g\u00f6re y\u00fczde 4 azald\u0131\u011f\u0131 belirlendi. SICAKLIK 1,3 DERECE Y\u00dcKSELD\u0130 Meteoroloji Genel M\u00fcd\u00fcrl\u00fc\u011f\u00fc&#8217;n\u00fcn s\u0131cakl\u0131k raporuna g\u00f6re; 2024 y\u0131l\u0131 Aral\u0131k ay\u0131nda ortalama s\u0131cakl\u0131klar bat\u0131daki bir\u00e7ok ilde mevsim normallerinin \u00fczerinde ger\u00e7ekle\u015fti. 1991-2020 normalleri aral\u0131k ay\u0131 ortalama s\u0131cakl\u0131\u011f\u0131 4,8 derece iken, 2024 y\u0131l\u0131 Aral\u0131k ay\u0131 s\u0131cakl\u0131\u011f\u0131 6,1 derece ile normallerinin 1,3 derece \u00fczerinde ger\u00e7ekle\u015fti. Aral\u0131k ay\u0131nda en d\u00fc\u015f\u00fck s\u0131cakl\u0131k eksi 26,8 derece ile Erzurum&#8217;da, en y\u00fcksek s\u0131cakl\u0131k 26 derece ile \u0130nebolu&#8217;da tespit edildi. YA\u011eI\u015eLAR NORMALE G\u00d6RE AZALDI Ya\u011f\u0131\u015f raporuna g\u00f6re; T\u00fcrkiye geneli aral\u0131k ay\u0131 ya\u011f\u0131\u015f\u0131 normalinin alt\u0131nda, ge\u00e7en y\u0131l aral\u0131k ay\u0131 ya\u011f\u0131\u015f\u0131n\u0131n \u00fczerinde ger\u00e7ekle\u015fti. Aral\u0131k ay\u0131 ya\u011f\u0131\u015f\u0131 metrekareye 73 kilogram, aral\u0131k ay\u0131 normali (1991-2020) 75,7 kilogram, 2023 y\u0131l\u0131 Aral\u0131k ay\u0131 ya\u011f\u0131\u015f\u0131 68,5 kilogram \u00f6l\u00e7\u00fcld\u00fc. Ya\u011f\u0131\u015flarda normaline g\u00f6re; y\u00fczde 4 azalma, ge\u00e7en y\u0131l aral\u0131k ay\u0131 ya\u011f\u0131\u015f\u0131na g\u00f6re y\u00fczde 7 artma meydana geldi. \u0130l geneli ya\u011f\u0131\u015flarda en fazla ya\u011f\u0131\u015f 314,9 kilogram ve normaline g\u00f6re en fazla art\u0131\u015f y\u00fczde 84 ile Mu\u011fla&#8217;da meydana geldi. En az ya\u011f\u0131\u015f 12,4 kilogram ile I\u011fd\u0131r ve normaline g\u00f6re en fazla azalma y\u00fczde 70 ile Hakkari&#8217;de ger\u00e7ekle\u015fti. B\u00d6LGESEL SICAKLIKLAR Marmara&#8217;da aral\u0131k ay\u0131 uzun y\u0131llar ortalama s\u0131cakl\u0131\u011f\u0131 7 &hellip;<\/p>","protected":false},"author":5,"featured_media":0,"comment_status":"open","ping_status":"open","sticky":false,"template":"","format":"standard","meta":{"_acf_changed":false,"footnotes":""},"categories":[24],"tags":[],"class_list":["post-24915","post","type-post","status-publish","format-standard","has-post-thumbnail","hentry","category-gundem"],"acf":[],"yoast_head":"<!-- This site is optimized with the Yoast SEO Premium plugin v26.6 (Yoast SEO v27.1.1) - https:\/\/yoast.com\/product\/yoast-seo-premium-wordpress\/ -->\n<title>Antalya son 15 y\u0131l\u0131n rekorunu k\u0131rd\u0131 - Av. Deniz Can K\u0131z\u0131l<\/title>\n<meta name=\"robots\" content=\"index, follow, max-snippet:-1, max-image-preview:large, max-video-preview:-1\" \/>\n<link rel=\"canonical\" href=\"https:\/\/denizcankizil.tr\/de\/haberler\/gundem\/antalya-son-15-yilin-rekorunu-kirdi\/\" \/>\n<meta property=\"og:locale\" content=\"de_DE\" \/>\n<meta property=\"og:type\" content=\"article\" \/>\n<meta property=\"og:title\" content=\"Antalya son 15 y\u0131l\u0131n rekorunu k\u0131rd\u0131\" \/>\n<meta property=\"og:description\" content=\"Meteoroloji Genel M\u00fcd\u00fcrl\u00fc\u011f\u00fc, 2024 y\u0131l\u0131 Aral\u0131k ay\u0131 S\u0131cakl\u0131k ve Alansal Ya\u011f\u0131\u015f raporlar\u0131 yay\u0131nland\u0131. Normaline g\u00f6re s\u0131cakl\u0131\u011f\u0131n 1,3 derece artt\u0131\u011f\u0131 2024 y\u0131l\u0131 Aral\u0131k ay\u0131nda, ya\u011f\u0131\u015flar\u0131n normaline g\u00f6re y\u00fczde 4 azald\u0131\u011f\u0131 belirlendi. SICAKLIK 1,3 DERECE Y\u00dcKSELD\u0130 Meteoroloji Genel M\u00fcd\u00fcrl\u00fc\u011f\u00fc&#8217;n\u00fcn s\u0131cakl\u0131k raporuna g\u00f6re; 2024 y\u0131l\u0131 Aral\u0131k ay\u0131nda ortalama s\u0131cakl\u0131klar bat\u0131daki bir\u00e7ok ilde mevsim normallerinin \u00fczerinde ger\u00e7ekle\u015fti. 1991-2020 normalleri aral\u0131k ay\u0131 ortalama s\u0131cakl\u0131\u011f\u0131 4,8 derece iken, 2024 y\u0131l\u0131 Aral\u0131k ay\u0131 s\u0131cakl\u0131\u011f\u0131 6,1 derece ile normallerinin 1,3 derece \u00fczerinde ger\u00e7ekle\u015fti. Aral\u0131k ay\u0131nda en d\u00fc\u015f\u00fck s\u0131cakl\u0131k eksi 26,8 derece ile Erzurum&#8217;da, en y\u00fcksek s\u0131cakl\u0131k 26 derece ile \u0130nebolu&#8217;da tespit edildi. YA\u011eI\u015eLAR NORMALE G\u00d6RE AZALDI Ya\u011f\u0131\u015f raporuna g\u00f6re; T\u00fcrkiye geneli aral\u0131k ay\u0131 ya\u011f\u0131\u015f\u0131 normalinin alt\u0131nda, ge\u00e7en y\u0131l aral\u0131k ay\u0131 ya\u011f\u0131\u015f\u0131n\u0131n \u00fczerinde ger\u00e7ekle\u015fti. Aral\u0131k ay\u0131 ya\u011f\u0131\u015f\u0131 metrekareye 73 kilogram, aral\u0131k ay\u0131 normali (1991-2020) 75,7 kilogram, 2023 y\u0131l\u0131 Aral\u0131k ay\u0131 ya\u011f\u0131\u015f\u0131 68,5 kilogram \u00f6l\u00e7\u00fcld\u00fc. Ya\u011f\u0131\u015flarda normaline g\u00f6re; y\u00fczde 4 azalma, ge\u00e7en y\u0131l aral\u0131k ay\u0131 ya\u011f\u0131\u015f\u0131na g\u00f6re y\u00fczde 7 artma meydana geldi. \u0130l geneli ya\u011f\u0131\u015flarda en fazla ya\u011f\u0131\u015f 314,9 kilogram ve normaline g\u00f6re en fazla art\u0131\u015f y\u00fczde 84 ile Mu\u011fla&#8217;da meydana geldi. En az ya\u011f\u0131\u015f 12,4 kilogram ile I\u011fd\u0131r ve normaline g\u00f6re en fazla azalma y\u00fczde 70 ile Hakkari&#8217;de ger\u00e7ekle\u015fti. B\u00d6LGESEL SICAKLIKLAR Marmara&#8217;da aral\u0131k ay\u0131 uzun y\u0131llar ortalama s\u0131cakl\u0131\u011f\u0131 7 &hellip;\" \/>\n<meta property=\"og:url\" content=\"https:\/\/denizcankizil.tr\/de\/haberler\/gundem\/antalya-son-15-yilin-rekorunu-kirdi\/\" \/>\n<meta property=\"og:site_name\" content=\"Av. Deniz Can K\u0131z\u0131l\" \/>\n<meta property=\"article:published_time\" content=\"2025-01-11T10:41:31+00:00\" \/>\n<meta name=\"author\" content=\"Antalya K\u00f6rfez\" \/>\n<meta name=\"twitter:card\" content=\"summary_large_image\" \/>\n<meta name=\"twitter:label1\" content=\"Verfasst von\" \/>\n\t<meta name=\"twitter:data1\" content=\"Antalya K\u00f6rfez\" \/>\n\t<meta name=\"twitter:label2\" content=\"Gesch\u00e4tzte Lesezeit\" \/>\n\t<meta name=\"twitter:data2\" content=\"5\u00a0Minuten\" \/>\n<script type=\"application\/ld+json\" class=\"yoast-schema-graph\">{\"@context\":\"https:\/\/schema.org\",\"@graph\":[{\"@type\":\"Article\",\"@id\":\"https:\/\/denizcankizil.tr\/de\/haberler\/gundem\/antalya-son-15-yilin-rekorunu-kirdi\/#article\",\"isPartOf\":{\"@id\":\"https:\/\/denizcankizil.tr\/de\/haberler\/gundem\/antalya-son-15-yilin-rekorunu-kirdi\/\"},\"author\":{\"name\":\"Antalya K\u00f6rfez\",\"@id\":\"https:\/\/denizcankizil.tr\/de\/#\/schema\/person\/e1eb71bb4dd684d46563f0af307e1234\"},\"headline\":\"Antalya son 15 y\u0131l\u0131n rekorunu k\u0131rd\u0131\",\"datePublished\":\"2025-01-11T10:41:31+00:00\",\"mainEntityOfPage\":{\"@id\":\"https:\/\/denizcankizil.tr\/de\/haberler\/gundem\/antalya-son-15-yilin-rekorunu-kirdi\/\"},\"wordCount\":1065,\"commentCount\":0,\"publisher\":{\"@id\":\"https:\/\/denizcankizil.tr\/de\/#organization\"},\"articleSection\":[\"G\u00fcndem\"],\"inLanguage\":\"de\",\"potentialAction\":[{\"@type\":\"CommentAction\",\"name\":\"Comment\",\"target\":[\"https:\/\/denizcankizil.tr\/de\/haberler\/gundem\/antalya-son-15-yilin-rekorunu-kirdi\/#respond\"]}]},{\"@type\":\"WebPage\",\"@id\":\"https:\/\/denizcankizil.tr\/de\/haberler\/gundem\/antalya-son-15-yilin-rekorunu-kirdi\/\",\"url\":\"https:\/\/denizcankizil.tr\/de\/haberler\/gundem\/antalya-son-15-yilin-rekorunu-kirdi\/\",\"name\":\"Antalya son 15 y\u0131l\u0131n rekorunu k\u0131rd\u0131 - Av. Deniz Can K\u0131z\u0131l\",\"isPartOf\":{\"@id\":\"https:\/\/denizcankizil.tr\/de\/#website\"},\"datePublished\":\"2025-01-11T10:41:31+00:00\",\"breadcrumb\":{\"@id\":\"https:\/\/denizcankizil.tr\/de\/haberler\/gundem\/antalya-son-15-yilin-rekorunu-kirdi\/#breadcrumb\"},\"inLanguage\":\"de\",\"potentialAction\":[{\"@type\":\"ReadAction\",\"target\":[\"https:\/\/denizcankizil.tr\/de\/haberler\/gundem\/antalya-son-15-yilin-rekorunu-kirdi\/\"]}]},{\"@type\":\"BreadcrumbList\",\"@id\":\"https:\/\/denizcankizil.tr\/de\/haberler\/gundem\/antalya-son-15-yilin-rekorunu-kirdi\/#breadcrumb\",\"itemListElement\":[{\"@type\":\"ListItem\",\"position\":1,\"name\":\"Home\",\"item\":\"https:\/\/denizcankizil.tr\/de\/\"},{\"@type\":\"ListItem\",\"position\":2,\"name\":\"Antalya son 15 y\u0131l\u0131n rekorunu k\u0131rd\u0131\"}]},{\"@type\":\"WebSite\",\"@id\":\"https:\/\/denizcankizil.tr\/de\/#website\",\"url\":\"https:\/\/denizcankizil.tr\/de\/\",\"name\":\"Av. Deniz Can K\u0131z\u0131l\",\"description\":\"Avukat Deniz Can K\u0131z\u0131l Antalya Barosu\",\"publisher\":{\"@id\":\"https:\/\/denizcankizil.tr\/de\/#organization\"},\"potentialAction\":[{\"@type\":\"SearchAction\",\"target\":{\"@type\":\"EntryPoint\",\"urlTemplate\":\"https:\/\/denizcankizil.tr\/de\/?s={search_term_string}\"},\"query-input\":{\"@type\":\"PropertyValueSpecification\",\"valueRequired\":true,\"valueName\":\"search_term_string\"}}],\"inLanguage\":\"de\"},{\"@type\":\"Organization\",\"@id\":\"https:\/\/denizcankizil.tr\/de\/#organization\",\"name\":\"Av. Deniz Can K\u0131z\u0131l\",\"url\":\"https:\/\/denizcankizil.tr\/de\/\",\"logo\":{\"@type\":\"ImageObject\",\"inLanguage\":\"de\",\"@id\":\"https:\/\/denizcankizil.tr\/de\/#\/schema\/logo\/image\/\",\"url\":\"https:\/\/denizcankizil.tr\/wp-content\/uploads\/2024\/10\/siyah-logo-svg.svg\",\"contentUrl\":\"https:\/\/denizcankizil.tr\/wp-content\/uploads\/2024\/10\/siyah-logo-svg.svg\",\"width\":1080,\"height\":1080,\"caption\":\"Av. Deniz Can K\u0131z\u0131l\"},\"image\":{\"@id\":\"https:\/\/denizcankizil.tr\/de\/#\/schema\/logo\/image\/\"}},{\"@type\":\"Person\",\"@id\":\"https:\/\/denizcankizil.tr\/de\/#\/schema\/person\/e1eb71bb4dd684d46563f0af307e1234\",\"name\":\"Antalya K\u00f6rfez\",\"image\":{\"@type\":\"ImageObject\",\"inLanguage\":\"de\",\"@id\":\"https:\/\/denizcankizil.tr\/de\/#\/schema\/person\/image\/\",\"url\":\"https:\/\/secure.gravatar.com\/avatar\/42b01982558a48a0b501fdcab6a408d3717ea5919095ee2e67b0e521799c5905?s=96&d=mm&r=g\",\"contentUrl\":\"https:\/\/secure.gravatar.com\/avatar\/42b01982558a48a0b501fdcab6a408d3717ea5919095ee2e67b0e521799c5905?s=96&d=mm&r=g\",\"caption\":\"Antalya K\u00f6rfez\"},\"sameAs\":[\"http:\/\/www.antalyakorfez.com\"],\"url\":\"https:\/\/www.antalyakorfez.com\/antalya-son-15-yilin-rekorunu-kirdi\"}]}<\/script>\n<!-- \/ Yoast SEO Premium plugin. -->","yoast_head_json":{"title":"Antalya son 15 y\u0131l\u0131n rekorunu k\u0131rd\u0131 - Av. Deniz Can K\u0131z\u0131l","robots":{"index":"index","follow":"follow","max-snippet":"max-snippet:-1","max-image-preview":"max-image-preview:large","max-video-preview":"max-video-preview:-1"},"canonical":"https:\/\/denizcankizil.tr\/de\/haberler\/gundem\/antalya-son-15-yilin-rekorunu-kirdi\/","og_locale":"de_DE","og_type":"article","og_title":"Antalya son 15 y\u0131l\u0131n rekorunu k\u0131rd\u0131","og_description":"Meteoroloji Genel M\u00fcd\u00fcrl\u00fc\u011f\u00fc, 2024 y\u0131l\u0131 Aral\u0131k ay\u0131 S\u0131cakl\u0131k ve Alansal Ya\u011f\u0131\u015f raporlar\u0131 yay\u0131nland\u0131. Normaline g\u00f6re s\u0131cakl\u0131\u011f\u0131n 1,3 derece artt\u0131\u011f\u0131 2024 y\u0131l\u0131 Aral\u0131k ay\u0131nda, ya\u011f\u0131\u015flar\u0131n normaline g\u00f6re y\u00fczde 4 azald\u0131\u011f\u0131 belirlendi. SICAKLIK 1,3 DERECE Y\u00dcKSELD\u0130 Meteoroloji Genel M\u00fcd\u00fcrl\u00fc\u011f\u00fc&#8217;n\u00fcn s\u0131cakl\u0131k raporuna g\u00f6re; 2024 y\u0131l\u0131 Aral\u0131k ay\u0131nda ortalama s\u0131cakl\u0131klar bat\u0131daki bir\u00e7ok ilde mevsim normallerinin \u00fczerinde ger\u00e7ekle\u015fti. 1991-2020 normalleri aral\u0131k ay\u0131 ortalama s\u0131cakl\u0131\u011f\u0131 4,8 derece iken, 2024 y\u0131l\u0131 Aral\u0131k ay\u0131 s\u0131cakl\u0131\u011f\u0131 6,1 derece ile normallerinin 1,3 derece \u00fczerinde ger\u00e7ekle\u015fti. Aral\u0131k ay\u0131nda en d\u00fc\u015f\u00fck s\u0131cakl\u0131k eksi 26,8 derece ile Erzurum&#8217;da, en y\u00fcksek s\u0131cakl\u0131k 26 derece ile \u0130nebolu&#8217;da tespit edildi. YA\u011eI\u015eLAR NORMALE G\u00d6RE AZALDI Ya\u011f\u0131\u015f raporuna g\u00f6re; T\u00fcrkiye geneli aral\u0131k ay\u0131 ya\u011f\u0131\u015f\u0131 normalinin alt\u0131nda, ge\u00e7en y\u0131l aral\u0131k ay\u0131 ya\u011f\u0131\u015f\u0131n\u0131n \u00fczerinde ger\u00e7ekle\u015fti. Aral\u0131k ay\u0131 ya\u011f\u0131\u015f\u0131 metrekareye 73 kilogram, aral\u0131k ay\u0131 normali (1991-2020) 75,7 kilogram, 2023 y\u0131l\u0131 Aral\u0131k ay\u0131 ya\u011f\u0131\u015f\u0131 68,5 kilogram \u00f6l\u00e7\u00fcld\u00fc. Ya\u011f\u0131\u015flarda normaline g\u00f6re; y\u00fczde 4 azalma, ge\u00e7en y\u0131l aral\u0131k ay\u0131 ya\u011f\u0131\u015f\u0131na g\u00f6re y\u00fczde 7 artma meydana geldi. \u0130l geneli ya\u011f\u0131\u015flarda en fazla ya\u011f\u0131\u015f 314,9 kilogram ve normaline g\u00f6re en fazla art\u0131\u015f y\u00fczde 84 ile Mu\u011fla&#8217;da meydana geldi. En az ya\u011f\u0131\u015f 12,4 kilogram ile I\u011fd\u0131r ve normaline g\u00f6re en fazla azalma y\u00fczde 70 ile Hakkari&#8217;de ger\u00e7ekle\u015fti. B\u00d6LGESEL SICAKLIKLAR Marmara&#8217;da aral\u0131k ay\u0131 uzun y\u0131llar ortalama s\u0131cakl\u0131\u011f\u0131 7 &hellip;","og_url":"https:\/\/denizcankizil.tr\/de\/haberler\/gundem\/antalya-son-15-yilin-rekorunu-kirdi\/","og_site_name":"Av. Deniz Can K\u0131z\u0131l","article_published_time":"2025-01-11T10:41:31+00:00","author":"Antalya K\u00f6rfez","twitter_card":"summary_large_image","twitter_misc":{"Verfasst von":"Antalya K\u00f6rfez","Gesch\u00e4tzte Lesezeit":"5\u00a0Minuten"},"schema":{"@context":"https:\/\/schema.org","@graph":[{"@type":"Article","@id":"https:\/\/denizcankizil.tr\/de\/haberler\/gundem\/antalya-son-15-yilin-rekorunu-kirdi\/#article","isPartOf":{"@id":"https:\/\/denizcankizil.tr\/de\/haberler\/gundem\/antalya-son-15-yilin-rekorunu-kirdi\/"},"author":{"name":"Antalya K\u00f6rfez","@id":"https:\/\/denizcankizil.tr\/de\/#\/schema\/person\/e1eb71bb4dd684d46563f0af307e1234"},"headline":"Antalya son 15 y\u0131l\u0131n rekorunu k\u0131rd\u0131","datePublished":"2025-01-11T10:41:31+00:00","mainEntityOfPage":{"@id":"https:\/\/denizcankizil.tr\/de\/haberler\/gundem\/antalya-son-15-yilin-rekorunu-kirdi\/"},"wordCount":1065,"commentCount":0,"publisher":{"@id":"https:\/\/denizcankizil.tr\/de\/#organization"},"articleSection":["G\u00fcndem"],"inLanguage":"de","potentialAction":[{"@type":"CommentAction","name":"Comment","target":["https:\/\/denizcankizil.tr\/de\/haberler\/gundem\/antalya-son-15-yilin-rekorunu-kirdi\/#respond"]}]},{"@type":"WebPage","@id":"https:\/\/denizcankizil.tr\/de\/haberler\/gundem\/antalya-son-15-yilin-rekorunu-kirdi\/","url":"https:\/\/denizcankizil.tr\/de\/haberler\/gundem\/antalya-son-15-yilin-rekorunu-kirdi\/","name":"Antalya son 15 y\u0131l\u0131n rekorunu k\u0131rd\u0131 - Av. Deniz Can K\u0131z\u0131l","isPartOf":{"@id":"https:\/\/denizcankizil.tr\/de\/#website"},"datePublished":"2025-01-11T10:41:31+00:00","breadcrumb":{"@id":"https:\/\/denizcankizil.tr\/de\/haberler\/gundem\/antalya-son-15-yilin-rekorunu-kirdi\/#breadcrumb"},"inLanguage":"de","potentialAction":[{"@type":"ReadAction","target":["https:\/\/denizcankizil.tr\/de\/haberler\/gundem\/antalya-son-15-yilin-rekorunu-kirdi\/"]}]},{"@type":"BreadcrumbList","@id":"https:\/\/denizcankizil.tr\/de\/haberler\/gundem\/antalya-son-15-yilin-rekorunu-kirdi\/#breadcrumb","itemListElement":[{"@type":"ListItem","position":1,"name":"Home","item":"https:\/\/denizcankizil.tr\/de\/"},{"@type":"ListItem","position":2,"name":"Antalya son 15 y\u0131l\u0131n rekorunu k\u0131rd\u0131"}]},{"@type":"WebSite","@id":"https:\/\/denizcankizil.tr\/de\/#website","url":"https:\/\/denizcankizil.tr\/de\/","name":"Av. Deniz Can K\u0131z\u0131l","description":"Avukat Deniz Can K\u0131z\u0131l Antalya Barosu","publisher":{"@id":"https:\/\/denizcankizil.tr\/de\/#organization"},"potentialAction":[{"@type":"SearchAction","target":{"@type":"EntryPoint","urlTemplate":"https:\/\/denizcankizil.tr\/de\/?s={search_term_string}"},"query-input":{"@type":"PropertyValueSpecification","valueRequired":true,"valueName":"search_term_string"}}],"inLanguage":"de"},{"@type":"Organization","@id":"https:\/\/denizcankizil.tr\/de\/#organization","name":"Av. Deniz Can K\u0131z\u0131l","url":"https:\/\/denizcankizil.tr\/de\/","logo":{"@type":"ImageObject","inLanguage":"de","@id":"https:\/\/denizcankizil.tr\/de\/#\/schema\/logo\/image\/","url":"https:\/\/denizcankizil.tr\/wp-content\/uploads\/2024\/10\/siyah-logo-svg.svg","contentUrl":"https:\/\/denizcankizil.tr\/wp-content\/uploads\/2024\/10\/siyah-logo-svg.svg","width":1080,"height":1080,"caption":"Av. Deniz Can K\u0131z\u0131l"},"image":{"@id":"https:\/\/denizcankizil.tr\/de\/#\/schema\/logo\/image\/"}},{"@type":"Person","@id":"https:\/\/denizcankizil.tr\/de\/#\/schema\/person\/e1eb71bb4dd684d46563f0af307e1234","name":"Antalya K\u00f6rfez","image":{"@type":"ImageObject","inLanguage":"de","@id":"https:\/\/denizcankizil.tr\/de\/#\/schema\/person\/image\/","url":"https:\/\/secure.gravatar.com\/avatar\/42b01982558a48a0b501fdcab6a408d3717ea5919095ee2e67b0e521799c5905?s=96&d=mm&r=g","contentUrl":"https:\/\/secure.gravatar.com\/avatar\/42b01982558a48a0b501fdcab6a408d3717ea5919095ee2e67b0e521799c5905?s=96&d=mm&r=g","caption":"Antalya K\u00f6rfez"},"sameAs":["http:\/\/www.antalyakorfez.com"],"url":"https:\/\/www.antalyakorfez.com\/antalya-son-15-yilin-rekorunu-kirdi"}]}},"_links":{"self":[{"href":"https:\/\/denizcankizil.tr\/de\/wp-json\/wp\/v2\/posts\/24915","targetHints":{"allow":["GET"]}}],"collection":[{"href":"https:\/\/denizcankizil.tr\/de\/wp-json\/wp\/v2\/posts"}],"about":[{"href":"https:\/\/denizcankizil.tr\/de\/wp-json\/wp\/v2\/types\/post"}],"author":[{"embeddable":true,"href":"https:\/\/denizcankizil.tr\/de\/wp-json\/wp\/v2\/users\/5"}],"replies":[{"embeddable":true,"href":"https:\/\/denizcankizil.tr\/de\/wp-json\/wp\/v2\/comments?post=24915"}],"version-history":[{"count":0,"href":"https:\/\/denizcankizil.tr\/de\/wp-json\/wp\/v2\/posts\/24915\/revisions"}],"wp:attachment":[{"href":"https:\/\/denizcankizil.tr\/de\/wp-json\/wp\/v2\/media?parent=24915"}],"wp:term":[{"taxonomy":"category","embeddable":true,"href":"https:\/\/denizcankizil.tr\/de\/wp-json\/wp\/v2\/categories?post=24915"},{"taxonomy":"post_tag","embeddable":true,"href":"https:\/\/denizcankizil.tr\/de\/wp-json\/wp\/v2\/tags?post=24915"}],"curies":[{"name":"wp","href":"https:\/\/api.w.org\/{rel}","templated":true}]}}