{"id":24779,"date":"2025-01-10T12:42:25","date_gmt":"2025-01-10T09:42:25","guid":{"rendered":"https:\/\/denizcankizil.tr\/uncategorized-tr\/antalyada-binlerce-ciftciye-sicaklik-soku-urunler-strese-girdi\/"},"modified":"2025-01-10T12:42:25","modified_gmt":"2025-01-10T09:42:25","slug":"antalyada-binlerce-ciftciye-sicaklik-soku-urunler-strese-girdi","status":"publish","type":"post","link":"https:\/\/denizcankizil.tr\/de\/haberler\/gundem\/antalyada-binlerce-ciftciye-sicaklik-soku-urunler-strese-girdi\/","title":{"rendered":"Antalya\u2019da binlerce \u00e7ift\u00e7iye s\u0131cakl\u0131k \u015foku: \u00dcr\u00fcnler strese girdi!"},"content":{"rendered":"<p>Antalya\u2019da \u00f6rt\u00fc alt\u0131 seralarda g\u00fcnd\u00fcz s\u0131cakl\u0131klar\u0131n\u0131n 30 dereceye kadar y\u00fckselip gece 4 dereceye kadar d\u00fc\u015fmesi, bitkilerde ciddi sorunlara yol a\u00e7t\u0131. \u0130klim de\u011fi\u015fikliklerinin neden oldu\u011fu ani s\u0131cakl\u0131k farklar\u0131, serac\u0131l\u0131k sekt\u00f6r\u00fcn\u00fc olumsuz etkilerken, \u00fcreticiler maliyetlerle de m\u00fccadele etti. Bir\u00e7ok \u00e7ift\u00e7i \u00fcr\u00fcnlerini stresten korumak i\u00e7in seralarda soba yakmay\u0131 tercih ederken, artan yak\u0131t maliyetleri nedeniyle bir\u00e7ok \u00fcretici bu imk\u00e2ndan yararlanamad\u0131.<\/p>\n<p>PROBLEMLER ARTIYOR<\/p>\n<p>Antalya K\u00f6rfez Gazetesinden Ertu\u011frul G\u00fcn&#8217;\u00fcn haberine g\u00f6re Ziraat M\u00fchendisi Emrah Yumak, ani s\u0131cakl\u0131k de\u011fi\u015fimlerinin \u00f6zellikle domates ba\u015fta olmak \u00fczere bir\u00e7ok \u00fcr\u00fcnde \u00e7atlama, \u00e7i\u00e7ek tutmama ve geli\u015fim problemlerine yol a\u00e7t\u0131\u011f\u0131n\u0131 belirtti. Yumak, \u201cG\u00fcnd\u00fcz s\u0131cakl\u0131klar\u0131n\u0131n 30\/35 derecelere \u00e7\u0131k\u0131p, gece 0\/5 dereceye kadar d\u00fc\u015fmesi bitkilerde strese neden oluyor. Bu durum verim kayb\u0131na ve kalite d\u00fc\u015f\u00fc\u015f\u00fcne yol a\u00e7\u0131yor. \u00d6zellikle k\u0131\u015f aylar\u0131nda bu problemler daha da art\u0131yor. Kapal\u0131 g\u00fcn say\u0131s\u0131n\u0131n fazla olmas\u0131 bitkilerin fotosentez yapmas\u0131n\u0131 engelliyor ve hastal\u0131klar\u0131n geli\u015fimine zemin haz\u0131rl\u0131yor.\u201d dedi.<\/p>\n<p>VER\u0130MDE D\u00dc\u015e\u00dc\u015e<\/p>\n<p>Yumak, s\u0131cakl\u0131k farklar\u0131n\u0131n \u00fcr\u00fcnlerde \u00e7atlama ve renk a\u00e7\u0131kl\u0131klar\u0131 gibi sorunlara neden oldu\u011funu vurgularken, \u201c\u00d6zellikle domateslerde \u00e7atlama sorunu yayg\u0131n. Ayr\u0131ca verimde d\u00fc\u015f\u00fc\u015f ya\u015fan\u0131yor, bitkilerde geli\u015fim problemleri ortaya \u00e7\u0131k\u0131yor ve baz\u0131 hastal\u0131klar, \u00f6zellikle kur\u015funi k\u00fcf gibi, daha fazla g\u00f6r\u00fcl\u00fcyor. Bu durum hem \u00fcreticiyi hem de t\u00fcketiciyi etkiliyor.\u201d ifadelerini kulland\u0131.<\/p>\n<p>UYGULANAB\u0130L\u0130R DE\u011e\u0130L<\/p>\n<p>B\u00f6lgedeki \u00fcreticilerin, iklim ko\u015fullar\u0131n\u0131n olumsuz etkilerini en aza indirmek i\u00e7in gece g\u00fcnd\u00fcz \u00e7al\u0131\u015ft\u0131\u011f\u0131n\u0131 belirten Yumak, \u201c\u00dcreticilerimiz, \u00f6zellikle zirai dona kar\u015f\u0131 sabah\u0131n ilk \u0131\u015f\u0131klar\u0131na kadar seralar\u0131n\u0131 \u0131s\u0131tarak bitkilerini korumaya \u00e7al\u0131\u015f\u0131yor. Ancak artan maliyetler nedeniyle bu s\u00fcre\u00e7 her \u00fcretici i\u00e7in uygulanabilir de\u011fil. Akdeniz B\u00f6lgesi, \u00f6rt\u00fc alt\u0131 \u00fcretimin merkezi konumunda. Buradaki \u00fcretim ve ihracat y\u0131l boyunca devam ediyor. Ancak iklim de\u011fi\u015fiklikleri, k\u0131\u015f aylar\u0131nda \u00fcretimi daha zorlu hale getiriyor.\u201d dedi.<\/p>\n<p>\u200bAntalya\u2019da k\u0131\u015f ay\u0131nda olunmas\u0131na ra\u011fmen seralar\u0131n i\u00e7erisindeki s\u0131cakl\u0131k de\u011ferlerinin g\u00fcnd\u00fcz saatlerinde 30 derece gece ise 4 dereceye kadar d\u00fc\u015fmesi bitkileri strese soktu. Ziraat M\u00fchendisi Emrah Yumak, ani s\u0131cakl\u0131k de\u011fi\u015fimlerinin \u00f6zellikle domates ba\u015fta olmak \u00fczere bir\u00e7ok \u00fcr\u00fcnde \u00e7atlama, \u00e7i\u00e7ek tutmama ve geli\u015fim problemlerine yol a\u00e7t\u0131\u011f\u0131n\u0131 belirtti.\u00a0<\/p>\n<p>\u200bHaberin Al\u0131nt\u0131land\u0131\u011f\u0131 Kaynak: www.antalyakorfez.com<\/p>","protected":false},"excerpt":{"rendered":"<p>Antalya\u2019da \u00f6rt\u00fc alt\u0131 seralarda g\u00fcnd\u00fcz s\u0131cakl\u0131klar\u0131n\u0131n 30 dereceye kadar y\u00fckselip gece 4 dereceye kadar d\u00fc\u015fmesi, bitkilerde ciddi sorunlara yol a\u00e7t\u0131. \u0130klim de\u011fi\u015fikliklerinin neden oldu\u011fu ani s\u0131cakl\u0131k farklar\u0131, serac\u0131l\u0131k sekt\u00f6r\u00fcn\u00fc olumsuz etkilerken, \u00fcreticiler maliyetlerle de m\u00fccadele etti. Bir\u00e7ok \u00e7ift\u00e7i \u00fcr\u00fcnlerini stresten korumak i\u00e7in seralarda soba yakmay\u0131 tercih ederken, artan yak\u0131t maliyetleri nedeniyle bir\u00e7ok \u00fcretici bu imk\u00e2ndan yararlanamad\u0131. PROBLEMLER ARTIYOR Antalya K\u00f6rfez Gazetesinden Ertu\u011frul G\u00fcn&#8217;\u00fcn haberine g\u00f6re Ziraat M\u00fchendisi Emrah Yumak, ani s\u0131cakl\u0131k de\u011fi\u015fimlerinin \u00f6zellikle domates ba\u015fta olmak \u00fczere bir\u00e7ok \u00fcr\u00fcnde \u00e7atlama, \u00e7i\u00e7ek tutmama ve geli\u015fim problemlerine yol a\u00e7t\u0131\u011f\u0131n\u0131 belirtti. Yumak, \u201cG\u00fcnd\u00fcz s\u0131cakl\u0131klar\u0131n\u0131n 30\/35 derecelere \u00e7\u0131k\u0131p, gece 0\/5 dereceye kadar d\u00fc\u015fmesi bitkilerde strese neden oluyor. Bu durum verim kayb\u0131na ve kalite d\u00fc\u015f\u00fc\u015f\u00fcne yol a\u00e7\u0131yor. \u00d6zellikle k\u0131\u015f aylar\u0131nda bu problemler daha da art\u0131yor. Kapal\u0131 g\u00fcn say\u0131s\u0131n\u0131n fazla olmas\u0131 bitkilerin fotosentez yapmas\u0131n\u0131 engelliyor ve hastal\u0131klar\u0131n geli\u015fimine zemin haz\u0131rl\u0131yor.\u201d dedi. VER\u0130MDE D\u00dc\u015e\u00dc\u015e Yumak, s\u0131cakl\u0131k farklar\u0131n\u0131n \u00fcr\u00fcnlerde \u00e7atlama ve renk a\u00e7\u0131kl\u0131klar\u0131 gibi sorunlara neden oldu\u011funu vurgularken, \u201c\u00d6zellikle domateslerde \u00e7atlama sorunu yayg\u0131n. Ayr\u0131ca verimde d\u00fc\u015f\u00fc\u015f ya\u015fan\u0131yor, bitkilerde geli\u015fim problemleri ortaya \u00e7\u0131k\u0131yor ve baz\u0131 hastal\u0131klar, \u00f6zellikle kur\u015funi k\u00fcf gibi, daha fazla g\u00f6r\u00fcl\u00fcyor. Bu durum hem \u00fcreticiyi hem de t\u00fcketiciyi etkiliyor.\u201d ifadelerini kulland\u0131. UYGULANAB\u0130L\u0130R DE\u011e\u0130L B\u00f6lgedeki \u00fcreticilerin, iklim ko\u015fullar\u0131n\u0131n olumsuz etkilerini en aza indirmek i\u00e7in gece g\u00fcnd\u00fcz \u00e7al\u0131\u015ft\u0131\u011f\u0131n\u0131 belirten &hellip;<\/p>","protected":false},"author":5,"featured_media":0,"comment_status":"open","ping_status":"open","sticky":false,"template":"","format":"standard","meta":{"_acf_changed":false,"footnotes":""},"categories":[24],"tags":[],"class_list":["post-24779","post","type-post","status-publish","format-standard","has-post-thumbnail","hentry","category-gundem"],"acf":[],"yoast_head":"<!-- This site is optimized with the Yoast SEO Premium plugin v26.6 (Yoast SEO v27.1.1) - https:\/\/yoast.com\/product\/yoast-seo-premium-wordpress\/ -->\n<title>Antalya\u2019da binlerce \u00e7ift\u00e7iye s\u0131cakl\u0131k \u015foku: \u00dcr\u00fcnler strese girdi! - Av. Deniz Can K\u0131z\u0131l<\/title>\n<meta name=\"robots\" content=\"index, follow, max-snippet:-1, max-image-preview:large, max-video-preview:-1\" \/>\n<link rel=\"canonical\" href=\"https:\/\/denizcankizil.tr\/de\/haberler\/gundem\/antalyada-binlerce-ciftciye-sicaklik-soku-urunler-strese-girdi\/\" \/>\n<meta property=\"og:locale\" content=\"de_DE\" \/>\n<meta property=\"og:type\" content=\"article\" \/>\n<meta property=\"og:title\" content=\"Antalya\u2019da binlerce \u00e7ift\u00e7iye s\u0131cakl\u0131k \u015foku: \u00dcr\u00fcnler strese girdi!\" \/>\n<meta property=\"og:description\" content=\"Antalya\u2019da \u00f6rt\u00fc alt\u0131 seralarda g\u00fcnd\u00fcz s\u0131cakl\u0131klar\u0131n\u0131n 30 dereceye kadar y\u00fckselip gece 4 dereceye kadar d\u00fc\u015fmesi, bitkilerde ciddi sorunlara yol a\u00e7t\u0131. \u0130klim de\u011fi\u015fikliklerinin neden oldu\u011fu ani s\u0131cakl\u0131k farklar\u0131, serac\u0131l\u0131k sekt\u00f6r\u00fcn\u00fc olumsuz etkilerken, \u00fcreticiler maliyetlerle de m\u00fccadele etti. Bir\u00e7ok \u00e7ift\u00e7i \u00fcr\u00fcnlerini stresten korumak i\u00e7in seralarda soba yakmay\u0131 tercih ederken, artan yak\u0131t maliyetleri nedeniyle bir\u00e7ok \u00fcretici bu imk\u00e2ndan yararlanamad\u0131. PROBLEMLER ARTIYOR Antalya K\u00f6rfez Gazetesinden Ertu\u011frul G\u00fcn&#8217;\u00fcn haberine g\u00f6re Ziraat M\u00fchendisi Emrah Yumak, ani s\u0131cakl\u0131k de\u011fi\u015fimlerinin \u00f6zellikle domates ba\u015fta olmak \u00fczere bir\u00e7ok \u00fcr\u00fcnde \u00e7atlama, \u00e7i\u00e7ek tutmama ve geli\u015fim problemlerine yol a\u00e7t\u0131\u011f\u0131n\u0131 belirtti. Yumak, \u201cG\u00fcnd\u00fcz s\u0131cakl\u0131klar\u0131n\u0131n 30\/35 derecelere \u00e7\u0131k\u0131p, gece 0\/5 dereceye kadar d\u00fc\u015fmesi bitkilerde strese neden oluyor. Bu durum verim kayb\u0131na ve kalite d\u00fc\u015f\u00fc\u015f\u00fcne yol a\u00e7\u0131yor. \u00d6zellikle k\u0131\u015f aylar\u0131nda bu problemler daha da art\u0131yor. Kapal\u0131 g\u00fcn say\u0131s\u0131n\u0131n fazla olmas\u0131 bitkilerin fotosentez yapmas\u0131n\u0131 engelliyor ve hastal\u0131klar\u0131n geli\u015fimine zemin haz\u0131rl\u0131yor.\u201d dedi. VER\u0130MDE D\u00dc\u015e\u00dc\u015e Yumak, s\u0131cakl\u0131k farklar\u0131n\u0131n \u00fcr\u00fcnlerde \u00e7atlama ve renk a\u00e7\u0131kl\u0131klar\u0131 gibi sorunlara neden oldu\u011funu vurgularken, \u201c\u00d6zellikle domateslerde \u00e7atlama sorunu yayg\u0131n. Ayr\u0131ca verimde d\u00fc\u015f\u00fc\u015f ya\u015fan\u0131yor, bitkilerde geli\u015fim problemleri ortaya \u00e7\u0131k\u0131yor ve baz\u0131 hastal\u0131klar, \u00f6zellikle kur\u015funi k\u00fcf gibi, daha fazla g\u00f6r\u00fcl\u00fcyor. Bu durum hem \u00fcreticiyi hem de t\u00fcketiciyi etkiliyor.\u201d ifadelerini kulland\u0131. UYGULANAB\u0130L\u0130R DE\u011e\u0130L B\u00f6lgedeki \u00fcreticilerin, iklim ko\u015fullar\u0131n\u0131n olumsuz etkilerini en aza indirmek i\u00e7in gece g\u00fcnd\u00fcz \u00e7al\u0131\u015ft\u0131\u011f\u0131n\u0131 belirten &hellip;\" \/>\n<meta property=\"og:url\" content=\"https:\/\/denizcankizil.tr\/de\/haberler\/gundem\/antalyada-binlerce-ciftciye-sicaklik-soku-urunler-strese-girdi\/\" \/>\n<meta property=\"og:site_name\" content=\"Av. Deniz Can K\u0131z\u0131l\" \/>\n<meta property=\"article:published_time\" content=\"2025-01-10T09:42:25+00:00\" \/>\n<meta name=\"author\" content=\"Antalya K\u00f6rfez\" \/>\n<meta name=\"twitter:card\" content=\"summary_large_image\" \/>\n<meta name=\"twitter:label1\" content=\"Verfasst von\" \/>\n\t<meta name=\"twitter:data1\" content=\"Antalya K\u00f6rfez\" \/>\n\t<meta name=\"twitter:label2\" content=\"Gesch\u00e4tzte Lesezeit\" \/>\n\t<meta name=\"twitter:data2\" content=\"2\u00a0Minuten\" \/>\n<script type=\"application\/ld+json\" class=\"yoast-schema-graph\">{\"@context\":\"https:\/\/schema.org\",\"@graph\":[{\"@type\":\"Article\",\"@id\":\"https:\/\/denizcankizil.tr\/de\/haberler\/gundem\/antalyada-binlerce-ciftciye-sicaklik-soku-urunler-strese-girdi\/#article\",\"isPartOf\":{\"@id\":\"https:\/\/denizcankizil.tr\/de\/haberler\/gundem\/antalyada-binlerce-ciftciye-sicaklik-soku-urunler-strese-girdi\/\"},\"author\":{\"name\":\"Antalya K\u00f6rfez\",\"@id\":\"https:\/\/denizcankizil.tr\/de\/#\/schema\/person\/e1eb71bb4dd684d46563f0af307e1234\"},\"headline\":\"Antalya\u2019da binlerce \u00e7ift\u00e7iye s\u0131cakl\u0131k \u015foku: \u00dcr\u00fcnler strese girdi!\",\"datePublished\":\"2025-01-10T09:42:25+00:00\",\"mainEntityOfPage\":{\"@id\":\"https:\/\/denizcankizil.tr\/de\/haberler\/gundem\/antalyada-binlerce-ciftciye-sicaklik-soku-urunler-strese-girdi\/\"},\"wordCount\":450,\"commentCount\":0,\"publisher\":{\"@id\":\"https:\/\/denizcankizil.tr\/de\/#organization\"},\"articleSection\":[\"G\u00fcndem\"],\"inLanguage\":\"de\",\"potentialAction\":[{\"@type\":\"CommentAction\",\"name\":\"Comment\",\"target\":[\"https:\/\/denizcankizil.tr\/de\/haberler\/gundem\/antalyada-binlerce-ciftciye-sicaklik-soku-urunler-strese-girdi\/#respond\"]}]},{\"@type\":\"WebPage\",\"@id\":\"https:\/\/denizcankizil.tr\/de\/haberler\/gundem\/antalyada-binlerce-ciftciye-sicaklik-soku-urunler-strese-girdi\/\",\"url\":\"https:\/\/denizcankizil.tr\/de\/haberler\/gundem\/antalyada-binlerce-ciftciye-sicaklik-soku-urunler-strese-girdi\/\",\"name\":\"Antalya\u2019da binlerce \u00e7ift\u00e7iye s\u0131cakl\u0131k \u015foku: \u00dcr\u00fcnler strese girdi! - Av. Deniz Can K\u0131z\u0131l\",\"isPartOf\":{\"@id\":\"https:\/\/denizcankizil.tr\/de\/#website\"},\"datePublished\":\"2025-01-10T09:42:25+00:00\",\"breadcrumb\":{\"@id\":\"https:\/\/denizcankizil.tr\/de\/haberler\/gundem\/antalyada-binlerce-ciftciye-sicaklik-soku-urunler-strese-girdi\/#breadcrumb\"},\"inLanguage\":\"de\",\"potentialAction\":[{\"@type\":\"ReadAction\",\"target\":[\"https:\/\/denizcankizil.tr\/de\/haberler\/gundem\/antalyada-binlerce-ciftciye-sicaklik-soku-urunler-strese-girdi\/\"]}]},{\"@type\":\"BreadcrumbList\",\"@id\":\"https:\/\/denizcankizil.tr\/de\/haberler\/gundem\/antalyada-binlerce-ciftciye-sicaklik-soku-urunler-strese-girdi\/#breadcrumb\",\"itemListElement\":[{\"@type\":\"ListItem\",\"position\":1,\"name\":\"Home\",\"item\":\"https:\/\/denizcankizil.tr\/de\/\"},{\"@type\":\"ListItem\",\"position\":2,\"name\":\"Antalya\u2019da binlerce \u00e7ift\u00e7iye s\u0131cakl\u0131k \u015foku: \u00dcr\u00fcnler strese girdi!\"}]},{\"@type\":\"WebSite\",\"@id\":\"https:\/\/denizcankizil.tr\/de\/#website\",\"url\":\"https:\/\/denizcankizil.tr\/de\/\",\"name\":\"Av. Deniz Can K\u0131z\u0131l\",\"description\":\"Avukat Deniz Can K\u0131z\u0131l Antalya Barosu\",\"publisher\":{\"@id\":\"https:\/\/denizcankizil.tr\/de\/#organization\"},\"potentialAction\":[{\"@type\":\"SearchAction\",\"target\":{\"@type\":\"EntryPoint\",\"urlTemplate\":\"https:\/\/denizcankizil.tr\/de\/?s={search_term_string}\"},\"query-input\":{\"@type\":\"PropertyValueSpecification\",\"valueRequired\":true,\"valueName\":\"search_term_string\"}}],\"inLanguage\":\"de\"},{\"@type\":\"Organization\",\"@id\":\"https:\/\/denizcankizil.tr\/de\/#organization\",\"name\":\"Av. Deniz Can K\u0131z\u0131l\",\"url\":\"https:\/\/denizcankizil.tr\/de\/\",\"logo\":{\"@type\":\"ImageObject\",\"inLanguage\":\"de\",\"@id\":\"https:\/\/denizcankizil.tr\/de\/#\/schema\/logo\/image\/\",\"url\":\"https:\/\/denizcankizil.tr\/wp-content\/uploads\/2024\/10\/siyah-logo-svg.svg\",\"contentUrl\":\"https:\/\/denizcankizil.tr\/wp-content\/uploads\/2024\/10\/siyah-logo-svg.svg\",\"width\":1080,\"height\":1080,\"caption\":\"Av. Deniz Can K\u0131z\u0131l\"},\"image\":{\"@id\":\"https:\/\/denizcankizil.tr\/de\/#\/schema\/logo\/image\/\"}},{\"@type\":\"Person\",\"@id\":\"https:\/\/denizcankizil.tr\/de\/#\/schema\/person\/e1eb71bb4dd684d46563f0af307e1234\",\"name\":\"Antalya K\u00f6rfez\",\"image\":{\"@type\":\"ImageObject\",\"inLanguage\":\"de\",\"@id\":\"https:\/\/denizcankizil.tr\/de\/#\/schema\/person\/image\/\",\"url\":\"https:\/\/secure.gravatar.com\/avatar\/42b01982558a48a0b501fdcab6a408d3717ea5919095ee2e67b0e521799c5905?s=96&d=mm&r=g\",\"contentUrl\":\"https:\/\/secure.gravatar.com\/avatar\/42b01982558a48a0b501fdcab6a408d3717ea5919095ee2e67b0e521799c5905?s=96&d=mm&r=g\",\"caption\":\"Antalya K\u00f6rfez\"},\"sameAs\":[\"http:\/\/www.antalyakorfez.com\"],\"url\":\"https:\/\/www.antalyakorfez.com\/antalyada-binlerce-ciftciye-sicaklik-soku-urunler-strese-girdi\"}]}<\/script>\n<!-- \/ Yoast SEO Premium plugin. -->","yoast_head_json":{"title":"Antalya\u2019da binlerce \u00e7ift\u00e7iye s\u0131cakl\u0131k \u015foku: \u00dcr\u00fcnler strese girdi! - Av. Deniz Can K\u0131z\u0131l","robots":{"index":"index","follow":"follow","max-snippet":"max-snippet:-1","max-image-preview":"max-image-preview:large","max-video-preview":"max-video-preview:-1"},"canonical":"https:\/\/denizcankizil.tr\/de\/haberler\/gundem\/antalyada-binlerce-ciftciye-sicaklik-soku-urunler-strese-girdi\/","og_locale":"de_DE","og_type":"article","og_title":"Antalya\u2019da binlerce \u00e7ift\u00e7iye s\u0131cakl\u0131k \u015foku: \u00dcr\u00fcnler strese girdi!","og_description":"Antalya\u2019da \u00f6rt\u00fc alt\u0131 seralarda g\u00fcnd\u00fcz s\u0131cakl\u0131klar\u0131n\u0131n 30 dereceye kadar y\u00fckselip gece 4 dereceye kadar d\u00fc\u015fmesi, bitkilerde ciddi sorunlara yol a\u00e7t\u0131. \u0130klim de\u011fi\u015fikliklerinin neden oldu\u011fu ani s\u0131cakl\u0131k farklar\u0131, serac\u0131l\u0131k sekt\u00f6r\u00fcn\u00fc olumsuz etkilerken, \u00fcreticiler maliyetlerle de m\u00fccadele etti. Bir\u00e7ok \u00e7ift\u00e7i \u00fcr\u00fcnlerini stresten korumak i\u00e7in seralarda soba yakmay\u0131 tercih ederken, artan yak\u0131t maliyetleri nedeniyle bir\u00e7ok \u00fcretici bu imk\u00e2ndan yararlanamad\u0131. PROBLEMLER ARTIYOR Antalya K\u00f6rfez Gazetesinden Ertu\u011frul G\u00fcn&#8217;\u00fcn haberine g\u00f6re Ziraat M\u00fchendisi Emrah Yumak, ani s\u0131cakl\u0131k de\u011fi\u015fimlerinin \u00f6zellikle domates ba\u015fta olmak \u00fczere bir\u00e7ok \u00fcr\u00fcnde \u00e7atlama, \u00e7i\u00e7ek tutmama ve geli\u015fim problemlerine yol a\u00e7t\u0131\u011f\u0131n\u0131 belirtti. Yumak, \u201cG\u00fcnd\u00fcz s\u0131cakl\u0131klar\u0131n\u0131n 30\/35 derecelere \u00e7\u0131k\u0131p, gece 0\/5 dereceye kadar d\u00fc\u015fmesi bitkilerde strese neden oluyor. Bu durum verim kayb\u0131na ve kalite d\u00fc\u015f\u00fc\u015f\u00fcne yol a\u00e7\u0131yor. \u00d6zellikle k\u0131\u015f aylar\u0131nda bu problemler daha da art\u0131yor. Kapal\u0131 g\u00fcn say\u0131s\u0131n\u0131n fazla olmas\u0131 bitkilerin fotosentez yapmas\u0131n\u0131 engelliyor ve hastal\u0131klar\u0131n geli\u015fimine zemin haz\u0131rl\u0131yor.\u201d dedi. VER\u0130MDE D\u00dc\u015e\u00dc\u015e Yumak, s\u0131cakl\u0131k farklar\u0131n\u0131n \u00fcr\u00fcnlerde \u00e7atlama ve renk a\u00e7\u0131kl\u0131klar\u0131 gibi sorunlara neden oldu\u011funu vurgularken, \u201c\u00d6zellikle domateslerde \u00e7atlama sorunu yayg\u0131n. Ayr\u0131ca verimde d\u00fc\u015f\u00fc\u015f ya\u015fan\u0131yor, bitkilerde geli\u015fim problemleri ortaya \u00e7\u0131k\u0131yor ve baz\u0131 hastal\u0131klar, \u00f6zellikle kur\u015funi k\u00fcf gibi, daha fazla g\u00f6r\u00fcl\u00fcyor. Bu durum hem \u00fcreticiyi hem de t\u00fcketiciyi etkiliyor.\u201d ifadelerini kulland\u0131. UYGULANAB\u0130L\u0130R DE\u011e\u0130L B\u00f6lgedeki \u00fcreticilerin, iklim ko\u015fullar\u0131n\u0131n olumsuz etkilerini en aza indirmek i\u00e7in gece g\u00fcnd\u00fcz \u00e7al\u0131\u015ft\u0131\u011f\u0131n\u0131 belirten &hellip;","og_url":"https:\/\/denizcankizil.tr\/de\/haberler\/gundem\/antalyada-binlerce-ciftciye-sicaklik-soku-urunler-strese-girdi\/","og_site_name":"Av. Deniz Can K\u0131z\u0131l","article_published_time":"2025-01-10T09:42:25+00:00","author":"Antalya K\u00f6rfez","twitter_card":"summary_large_image","twitter_misc":{"Verfasst von":"Antalya K\u00f6rfez","Gesch\u00e4tzte Lesezeit":"2\u00a0Minuten"},"schema":{"@context":"https:\/\/schema.org","@graph":[{"@type":"Article","@id":"https:\/\/denizcankizil.tr\/de\/haberler\/gundem\/antalyada-binlerce-ciftciye-sicaklik-soku-urunler-strese-girdi\/#article","isPartOf":{"@id":"https:\/\/denizcankizil.tr\/de\/haberler\/gundem\/antalyada-binlerce-ciftciye-sicaklik-soku-urunler-strese-girdi\/"},"author":{"name":"Antalya K\u00f6rfez","@id":"https:\/\/denizcankizil.tr\/de\/#\/schema\/person\/e1eb71bb4dd684d46563f0af307e1234"},"headline":"Antalya\u2019da binlerce \u00e7ift\u00e7iye s\u0131cakl\u0131k \u015foku: \u00dcr\u00fcnler strese girdi!","datePublished":"2025-01-10T09:42:25+00:00","mainEntityOfPage":{"@id":"https:\/\/denizcankizil.tr\/de\/haberler\/gundem\/antalyada-binlerce-ciftciye-sicaklik-soku-urunler-strese-girdi\/"},"wordCount":450,"commentCount":0,"publisher":{"@id":"https:\/\/denizcankizil.tr\/de\/#organization"},"articleSection":["G\u00fcndem"],"inLanguage":"de","potentialAction":[{"@type":"CommentAction","name":"Comment","target":["https:\/\/denizcankizil.tr\/de\/haberler\/gundem\/antalyada-binlerce-ciftciye-sicaklik-soku-urunler-strese-girdi\/#respond"]}]},{"@type":"WebPage","@id":"https:\/\/denizcankizil.tr\/de\/haberler\/gundem\/antalyada-binlerce-ciftciye-sicaklik-soku-urunler-strese-girdi\/","url":"https:\/\/denizcankizil.tr\/de\/haberler\/gundem\/antalyada-binlerce-ciftciye-sicaklik-soku-urunler-strese-girdi\/","name":"Antalya\u2019da binlerce \u00e7ift\u00e7iye s\u0131cakl\u0131k \u015foku: \u00dcr\u00fcnler strese girdi! - Av. Deniz Can K\u0131z\u0131l","isPartOf":{"@id":"https:\/\/denizcankizil.tr\/de\/#website"},"datePublished":"2025-01-10T09:42:25+00:00","breadcrumb":{"@id":"https:\/\/denizcankizil.tr\/de\/haberler\/gundem\/antalyada-binlerce-ciftciye-sicaklik-soku-urunler-strese-girdi\/#breadcrumb"},"inLanguage":"de","potentialAction":[{"@type":"ReadAction","target":["https:\/\/denizcankizil.tr\/de\/haberler\/gundem\/antalyada-binlerce-ciftciye-sicaklik-soku-urunler-strese-girdi\/"]}]},{"@type":"BreadcrumbList","@id":"https:\/\/denizcankizil.tr\/de\/haberler\/gundem\/antalyada-binlerce-ciftciye-sicaklik-soku-urunler-strese-girdi\/#breadcrumb","itemListElement":[{"@type":"ListItem","position":1,"name":"Home","item":"https:\/\/denizcankizil.tr\/de\/"},{"@type":"ListItem","position":2,"name":"Antalya\u2019da binlerce \u00e7ift\u00e7iye s\u0131cakl\u0131k \u015foku: \u00dcr\u00fcnler strese girdi!"}]},{"@type":"WebSite","@id":"https:\/\/denizcankizil.tr\/de\/#website","url":"https:\/\/denizcankizil.tr\/de\/","name":"Av. Deniz Can K\u0131z\u0131l","description":"Avukat Deniz Can K\u0131z\u0131l Antalya Barosu","publisher":{"@id":"https:\/\/denizcankizil.tr\/de\/#organization"},"potentialAction":[{"@type":"SearchAction","target":{"@type":"EntryPoint","urlTemplate":"https:\/\/denizcankizil.tr\/de\/?s={search_term_string}"},"query-input":{"@type":"PropertyValueSpecification","valueRequired":true,"valueName":"search_term_string"}}],"inLanguage":"de"},{"@type":"Organization","@id":"https:\/\/denizcankizil.tr\/de\/#organization","name":"Av. Deniz Can K\u0131z\u0131l","url":"https:\/\/denizcankizil.tr\/de\/","logo":{"@type":"ImageObject","inLanguage":"de","@id":"https:\/\/denizcankizil.tr\/de\/#\/schema\/logo\/image\/","url":"https:\/\/denizcankizil.tr\/wp-content\/uploads\/2024\/10\/siyah-logo-svg.svg","contentUrl":"https:\/\/denizcankizil.tr\/wp-content\/uploads\/2024\/10\/siyah-logo-svg.svg","width":1080,"height":1080,"caption":"Av. Deniz Can K\u0131z\u0131l"},"image":{"@id":"https:\/\/denizcankizil.tr\/de\/#\/schema\/logo\/image\/"}},{"@type":"Person","@id":"https:\/\/denizcankizil.tr\/de\/#\/schema\/person\/e1eb71bb4dd684d46563f0af307e1234","name":"Antalya K\u00f6rfez","image":{"@type":"ImageObject","inLanguage":"de","@id":"https:\/\/denizcankizil.tr\/de\/#\/schema\/person\/image\/","url":"https:\/\/secure.gravatar.com\/avatar\/42b01982558a48a0b501fdcab6a408d3717ea5919095ee2e67b0e521799c5905?s=96&d=mm&r=g","contentUrl":"https:\/\/secure.gravatar.com\/avatar\/42b01982558a48a0b501fdcab6a408d3717ea5919095ee2e67b0e521799c5905?s=96&d=mm&r=g","caption":"Antalya K\u00f6rfez"},"sameAs":["http:\/\/www.antalyakorfez.com"],"url":"https:\/\/www.antalyakorfez.com\/antalyada-binlerce-ciftciye-sicaklik-soku-urunler-strese-girdi"}]}},"_links":{"self":[{"href":"https:\/\/denizcankizil.tr\/de\/wp-json\/wp\/v2\/posts\/24779","targetHints":{"allow":["GET"]}}],"collection":[{"href":"https:\/\/denizcankizil.tr\/de\/wp-json\/wp\/v2\/posts"}],"about":[{"href":"https:\/\/denizcankizil.tr\/de\/wp-json\/wp\/v2\/types\/post"}],"author":[{"embeddable":true,"href":"https:\/\/denizcankizil.tr\/de\/wp-json\/wp\/v2\/users\/5"}],"replies":[{"embeddable":true,"href":"https:\/\/denizcankizil.tr\/de\/wp-json\/wp\/v2\/comments?post=24779"}],"version-history":[{"count":0,"href":"https:\/\/denizcankizil.tr\/de\/wp-json\/wp\/v2\/posts\/24779\/revisions"}],"wp:attachment":[{"href":"https:\/\/denizcankizil.tr\/de\/wp-json\/wp\/v2\/media?parent=24779"}],"wp:term":[{"taxonomy":"category","embeddable":true,"href":"https:\/\/denizcankizil.tr\/de\/wp-json\/wp\/v2\/categories?post=24779"},{"taxonomy":"post_tag","embeddable":true,"href":"https:\/\/denizcankizil.tr\/de\/wp-json\/wp\/v2\/tags?post=24779"}],"curies":[{"name":"wp","href":"https:\/\/api.w.org\/{rel}","templated":true}]}}