{"id":24474,"date":"2025-01-08T13:41:36","date_gmt":"2025-01-08T10:41:36","guid":{"rendered":"https:\/\/denizcankizil.tr\/uncategorized-tr\/antalyada-cop-yiginini-goren-unlu-manken-cilgina-dondu\/"},"modified":"2025-01-08T13:41:36","modified_gmt":"2025-01-08T10:41:36","slug":"antalyada-cop-yiginini-goren-unlu-manken-cilgina-dondu","status":"publish","type":"post","link":"https:\/\/denizcankizil.tr\/de\/haberler\/antalya\/antalyada-cop-yiginini-goren-unlu-manken-cilgina-dondu\/","title":{"rendered":"Antalya&#8217;da \u00e7\u00f6p y\u0131\u011f\u0131n\u0131n\u0131 g\u00f6ren \u00fcnl\u00fc manken \u00e7\u0131lg\u0131na d\u00f6nd\u00fc"},"content":{"rendered":"<p>Cep telefonuyla video kayd\u0131na girip \u00e7\u00f6p atanlara seslenen \u00d6zay, \u201cEvindeki koltu\u011fu, ayakkab\u0131s\u0131n\u0131, televizyonunu getirip atm\u0131\u015f, manyak ruh hastas\u0131. Ondan sonra Tu\u011fba \u00d6zay manyak oluyor de\u011fil mi? Bu vatana ihanetten ba\u015fka hi\u00e7bir \u015fey de\u011fil&#8221; s\u00f6zleriyle ate\u015f p\u00fcsk\u00fcrd\u00fc.<br \/>\nManavgat&#8217;ta ikamet eden \u00fcnl\u00fc manken Tu\u011fba \u00d6zay, Sar\u0131lar Mahallesi K\u0131r mevkisinde \u00e7\u00f6p manzaras\u0131yla kar\u015f\u0131la\u015f\u0131nca \u00e7ileden \u00e7\u0131kt\u0131. Cep telefonuyla kayda girip \u00e7\u00f6p atanlara seslenen \u00d6zay, &#8220;Zaten ormanlar\u0131m\u0131z yand\u0131 gitti, \u015fimdi de \u015fu rezilli\u011fe bak\u0131n. Ben bunlar\u0131 k\u00fcf\u00fcrs\u00fcz anlatam\u0131yorum. Ya arkada\u015f bunu kimse g\u00f6rm\u00fcyor mu? Siz hangi kafayla gelip bunlar\u0131 buraya at\u0131yorsunuz. Buras\u0131 turistik alan. Selden sonra da buradaki b\u00fct\u00fcn \u00e7\u00f6ple nehre akm\u0131\u015f. Buradan yetkililere sesleniyorum. Buray\u0131 acil temizleyin karde\u015fim&#8221; dedi.<\/p>\n<p>\u201cBen bu zihniyetle ayn\u0131 havay\u0131 solumak istemiyorum\u201d<br \/>\n\u00d6zay tepkisine \u015fu s\u00f6zlerle devam etti:<br \/>\n&#8220;Evindeki koltu\u011fu getirip at\u0131yor ya. Manyak ruh hastas\u0131. Ayakkab\u0131lar\u0131n\u0131 getirip atm\u0131\u015f. Ayakkab\u0131n\u0131, \u00e7\u00f6p\u00fcn\u00fc, pisli\u011fini atacak ba\u015fka bir yer bulamad\u0131n m\u0131 dangalak, bu ne? Yemin ederim bir denk gelseler, elimden kimse kurtaramaz bunlar\u0131. \u015eu hale, rezilli\u011fe bak\u0131n. Buzdolaplar\u0131n\u0131, televizyonlar\u0131n\u0131 getirip atm\u0131\u015flar buraya. Ya siz nas\u0131l insanlars\u0131n\u0131z? Beni yine delirttiniz. Ondan sonra Tu\u011fba \u00d6zay manyak oluyor de\u011fil mi? Ben bu zihniyetle ayn\u0131 havay\u0131 solumak istemiyorum. E\u011fer ki y\u00fcce adalet g\u00f6r\u00fcyorsa bunu, emin olun siz zararl\u0131 \u00e7\u0131kacaks\u0131n\u0131z. Bu vatana ihanetten ba\u015fka hi\u00e7bir \u015fey de\u011fil. \u00c7\u00f6p cezas\u0131 uygulans\u0131n. Buradan b\u00fct\u00fcn bakanl\u0131klara, devlet yetkililerine sesleniyorum. B\u00fct\u00fcn belediyeler \u00e7\u00f6p cezas\u0131 uygulas\u0131n. Emin olun ald\u0131\u011f\u0131n\u0131z vergiden daha fazlas\u0131n\u0131 kazan\u0131rs\u0131n\u0131z ve \u00f6yle bir hizaya gelirler ki hadi bakal\u0131m bir tane izmarit atabiliyorlar m\u0131 yerlere?&#8221;<\/p>\n<p>Kaynak: www.kanalv.com.tr Haber Sitesinden Al\u0131nm\u0131\u015ft\u0131r.<\/p>","protected":false},"excerpt":{"rendered":"<p>Cep telefonuyla video kayd\u0131na girip \u00e7\u00f6p atanlara seslenen \u00d6zay, \u201cEvindeki koltu\u011fu, ayakkab\u0131s\u0131n\u0131, televizyonunu getirip atm\u0131\u015f, manyak ruh hastas\u0131. Ondan sonra Tu\u011fba \u00d6zay manyak oluyor de\u011fil mi? Bu vatana ihanetten ba\u015fka hi\u00e7bir \u015fey de\u011fil&#8221; s\u00f6zleriyle ate\u015f p\u00fcsk\u00fcrd\u00fc. Manavgat&#8217;ta ikamet eden \u00fcnl\u00fc manken Tu\u011fba \u00d6zay, Sar\u0131lar Mahallesi K\u0131r mevkisinde \u00e7\u00f6p manzaras\u0131yla kar\u015f\u0131la\u015f\u0131nca \u00e7ileden \u00e7\u0131kt\u0131. Cep telefonuyla kayda girip \u00e7\u00f6p atanlara seslenen \u00d6zay, &#8220;Zaten ormanlar\u0131m\u0131z yand\u0131 gitti, \u015fimdi de \u015fu rezilli\u011fe bak\u0131n. Ben bunlar\u0131 k\u00fcf\u00fcrs\u00fcz anlatam\u0131yorum. Ya arkada\u015f bunu kimse g\u00f6rm\u00fcyor mu? Siz hangi kafayla gelip bunlar\u0131 buraya at\u0131yorsunuz. Buras\u0131 turistik alan. Selden sonra da buradaki b\u00fct\u00fcn \u00e7\u00f6ple nehre akm\u0131\u015f. Buradan yetkililere sesleniyorum. Buray\u0131 acil temizleyin karde\u015fim&#8221; dedi. \u201cBen bu zihniyetle ayn\u0131 havay\u0131 solumak istemiyorum\u201d \u00d6zay tepkisine \u015fu s\u00f6zlerle devam etti: &#8220;Evindeki koltu\u011fu getirip at\u0131yor ya. Manyak ruh hastas\u0131. Ayakkab\u0131lar\u0131n\u0131 getirip atm\u0131\u015f. Ayakkab\u0131n\u0131, \u00e7\u00f6p\u00fcn\u00fc, pisli\u011fini atacak ba\u015fka bir yer bulamad\u0131n m\u0131 dangalak, bu ne? Yemin ederim bir denk gelseler, elimden kimse kurtaramaz bunlar\u0131. \u015eu hale, rezilli\u011fe bak\u0131n. Buzdolaplar\u0131n\u0131, televizyonlar\u0131n\u0131 getirip atm\u0131\u015flar buraya. Ya siz nas\u0131l insanlars\u0131n\u0131z? Beni yine delirttiniz. Ondan sonra Tu\u011fba \u00d6zay manyak oluyor de\u011fil mi? Ben bu zihniyetle ayn\u0131 havay\u0131 solumak istemiyorum. E\u011fer ki y\u00fcce adalet g\u00f6r\u00fcyorsa bunu, emin olun siz zararl\u0131 \u00e7\u0131kacaks\u0131n\u0131z. Bu vatana ihanetten ba\u015fka hi\u00e7bir \u015fey de\u011fil. \u00c7\u00f6p &hellip;<\/p>","protected":false},"author":4,"featured_media":24475,"comment_status":"open","ping_status":"open","sticky":false,"template":"","format":"standard","meta":{"_acf_changed":false,"footnotes":""},"categories":[26],"tags":[],"class_list":["post-24474","post","type-post","status-publish","format-standard","has-post-thumbnail","hentry","category-antalya"],"acf":[],"yoast_head":"<!-- This site is optimized with the Yoast SEO Premium plugin v26.6 (Yoast SEO v27.1.1) - https:\/\/yoast.com\/product\/yoast-seo-premium-wordpress\/ -->\n<title>Antalya&#039;da \u00e7\u00f6p y\u0131\u011f\u0131n\u0131n\u0131 g\u00f6ren \u00fcnl\u00fc manken \u00e7\u0131lg\u0131na d\u00f6nd\u00fc - Av. Deniz Can K\u0131z\u0131l<\/title>\n<meta name=\"robots\" content=\"index, follow, max-snippet:-1, max-image-preview:large, max-video-preview:-1\" \/>\n<link rel=\"canonical\" href=\"https:\/\/denizcankizil.tr\/de\/haberler\/antalya\/antalyada-cop-yiginini-goren-unlu-manken-cilgina-dondu\/\" \/>\n<meta property=\"og:locale\" content=\"de_DE\" \/>\n<meta property=\"og:type\" content=\"article\" \/>\n<meta property=\"og:title\" content=\"Antalya&#039;da \u00e7\u00f6p y\u0131\u011f\u0131n\u0131n\u0131 g\u00f6ren \u00fcnl\u00fc manken \u00e7\u0131lg\u0131na d\u00f6nd\u00fc\" \/>\n<meta property=\"og:description\" content=\"Cep telefonuyla video kayd\u0131na girip \u00e7\u00f6p atanlara seslenen \u00d6zay, \u201cEvindeki koltu\u011fu, ayakkab\u0131s\u0131n\u0131, televizyonunu getirip atm\u0131\u015f, manyak ruh hastas\u0131. Ondan sonra Tu\u011fba \u00d6zay manyak oluyor de\u011fil mi? Bu vatana ihanetten ba\u015fka hi\u00e7bir \u015fey de\u011fil&#8221; s\u00f6zleriyle ate\u015f p\u00fcsk\u00fcrd\u00fc. Manavgat&#8217;ta ikamet eden \u00fcnl\u00fc manken Tu\u011fba \u00d6zay, Sar\u0131lar Mahallesi K\u0131r mevkisinde \u00e7\u00f6p manzaras\u0131yla kar\u015f\u0131la\u015f\u0131nca \u00e7ileden \u00e7\u0131kt\u0131. Cep telefonuyla kayda girip \u00e7\u00f6p atanlara seslenen \u00d6zay, &#8220;Zaten ormanlar\u0131m\u0131z yand\u0131 gitti, \u015fimdi de \u015fu rezilli\u011fe bak\u0131n. Ben bunlar\u0131 k\u00fcf\u00fcrs\u00fcz anlatam\u0131yorum. Ya arkada\u015f bunu kimse g\u00f6rm\u00fcyor mu? Siz hangi kafayla gelip bunlar\u0131 buraya at\u0131yorsunuz. Buras\u0131 turistik alan. Selden sonra da buradaki b\u00fct\u00fcn \u00e7\u00f6ple nehre akm\u0131\u015f. Buradan yetkililere sesleniyorum. Buray\u0131 acil temizleyin karde\u015fim&#8221; dedi. \u201cBen bu zihniyetle ayn\u0131 havay\u0131 solumak istemiyorum\u201d \u00d6zay tepkisine \u015fu s\u00f6zlerle devam etti: &#8220;Evindeki koltu\u011fu getirip at\u0131yor ya. Manyak ruh hastas\u0131. Ayakkab\u0131lar\u0131n\u0131 getirip atm\u0131\u015f. Ayakkab\u0131n\u0131, \u00e7\u00f6p\u00fcn\u00fc, pisli\u011fini atacak ba\u015fka bir yer bulamad\u0131n m\u0131 dangalak, bu ne? Yemin ederim bir denk gelseler, elimden kimse kurtaramaz bunlar\u0131. \u015eu hale, rezilli\u011fe bak\u0131n. Buzdolaplar\u0131n\u0131, televizyonlar\u0131n\u0131 getirip atm\u0131\u015flar buraya. Ya siz nas\u0131l insanlars\u0131n\u0131z? Beni yine delirttiniz. Ondan sonra Tu\u011fba \u00d6zay manyak oluyor de\u011fil mi? Ben bu zihniyetle ayn\u0131 havay\u0131 solumak istemiyorum. E\u011fer ki y\u00fcce adalet g\u00f6r\u00fcyorsa bunu, emin olun siz zararl\u0131 \u00e7\u0131kacaks\u0131n\u0131z. Bu vatana ihanetten ba\u015fka hi\u00e7bir \u015fey de\u011fil. \u00c7\u00f6p &hellip;\" \/>\n<meta property=\"og:url\" content=\"https:\/\/denizcankizil.tr\/de\/haberler\/antalya\/antalyada-cop-yiginini-goren-unlu-manken-cilgina-dondu\/\" \/>\n<meta property=\"og:site_name\" content=\"Av. Deniz Can K\u0131z\u0131l\" \/>\n<meta property=\"article:published_time\" content=\"2025-01-08T10:41:36+00:00\" \/>\n<meta property=\"og:image\" content=\"https:\/\/denizcankizil.tr\/wp-content\/uploads\/2025\/01\/4062-01-XBeCyg.jpeg\" \/>\n\t<meta property=\"og:image:width\" content=\"1280\" \/>\n\t<meta property=\"og:image:height\" content=\"720\" \/>\n\t<meta property=\"og:image:type\" content=\"image\/jpeg\" \/>\n<meta name=\"author\" content=\"Av. Deniz Can K\u0131z\u0131l\" \/>\n<meta name=\"twitter:card\" content=\"summary_large_image\" \/>\n<meta name=\"twitter:label1\" content=\"Verfasst von\" \/>\n\t<meta name=\"twitter:data1\" content=\"Av. Deniz Can K\u0131z\u0131l\" \/>\n\t<meta name=\"twitter:label2\" content=\"Gesch\u00e4tzte Lesezeit\" \/>\n\t<meta name=\"twitter:data2\" content=\"2\u00a0Minuten\" \/>\n<script type=\"application\/ld+json\" class=\"yoast-schema-graph\">{\"@context\":\"https:\/\/schema.org\",\"@graph\":[{\"@type\":\"Article\",\"@id\":\"https:\/\/denizcankizil.tr\/de\/haberler\/antalya\/antalyada-cop-yiginini-goren-unlu-manken-cilgina-dondu\/#article\",\"isPartOf\":{\"@id\":\"https:\/\/denizcankizil.tr\/de\/haberler\/antalya\/antalyada-cop-yiginini-goren-unlu-manken-cilgina-dondu\/\"},\"author\":{\"name\":\"Av. Deniz Can K\u0131z\u0131l\",\"@id\":\"https:\/\/denizcankizil.tr\/de\/#\/schema\/person\/5dc1b22991bd7ac833867c10afc9b0ff\"},\"headline\":\"Antalya&#8217;da \u00e7\u00f6p y\u0131\u011f\u0131n\u0131n\u0131 g\u00f6ren \u00fcnl\u00fc manken \u00e7\u0131lg\u0131na d\u00f6nd\u00fc\",\"datePublished\":\"2025-01-08T10:41:36+00:00\",\"mainEntityOfPage\":{\"@id\":\"https:\/\/denizcankizil.tr\/de\/haberler\/antalya\/antalyada-cop-yiginini-goren-unlu-manken-cilgina-dondu\/\"},\"wordCount\":335,\"commentCount\":0,\"publisher\":{\"@id\":\"https:\/\/denizcankizil.tr\/de\/#organization\"},\"image\":{\"@id\":\"https:\/\/denizcankizil.tr\/de\/haberler\/antalya\/antalyada-cop-yiginini-goren-unlu-manken-cilgina-dondu\/#primaryimage\"},\"thumbnailUrl\":\"https:\/\/denizcankizil.tr\/wp-content\/uploads\/2025\/01\/4062-01-XBeCyg.jpeg\",\"articleSection\":[\"Antalya\"],\"inLanguage\":\"de\",\"potentialAction\":[{\"@type\":\"CommentAction\",\"name\":\"Comment\",\"target\":[\"https:\/\/denizcankizil.tr\/de\/haberler\/antalya\/antalyada-cop-yiginini-goren-unlu-manken-cilgina-dondu\/#respond\"]}]},{\"@type\":\"WebPage\",\"@id\":\"https:\/\/denizcankizil.tr\/de\/haberler\/antalya\/antalyada-cop-yiginini-goren-unlu-manken-cilgina-dondu\/\",\"url\":\"https:\/\/denizcankizil.tr\/de\/haberler\/antalya\/antalyada-cop-yiginini-goren-unlu-manken-cilgina-dondu\/\",\"name\":\"Antalya'da \u00e7\u00f6p y\u0131\u011f\u0131n\u0131n\u0131 g\u00f6ren \u00fcnl\u00fc manken \u00e7\u0131lg\u0131na d\u00f6nd\u00fc - Av. Deniz Can K\u0131z\u0131l\",\"isPartOf\":{\"@id\":\"https:\/\/denizcankizil.tr\/de\/#website\"},\"primaryImageOfPage\":{\"@id\":\"https:\/\/denizcankizil.tr\/de\/haberler\/antalya\/antalyada-cop-yiginini-goren-unlu-manken-cilgina-dondu\/#primaryimage\"},\"image\":{\"@id\":\"https:\/\/denizcankizil.tr\/de\/haberler\/antalya\/antalyada-cop-yiginini-goren-unlu-manken-cilgina-dondu\/#primaryimage\"},\"thumbnailUrl\":\"https:\/\/denizcankizil.tr\/wp-content\/uploads\/2025\/01\/4062-01-XBeCyg.jpeg\",\"datePublished\":\"2025-01-08T10:41:36+00:00\",\"breadcrumb\":{\"@id\":\"https:\/\/denizcankizil.tr\/de\/haberler\/antalya\/antalyada-cop-yiginini-goren-unlu-manken-cilgina-dondu\/#breadcrumb\"},\"inLanguage\":\"de\",\"potentialAction\":[{\"@type\":\"ReadAction\",\"target\":[\"https:\/\/denizcankizil.tr\/de\/haberler\/antalya\/antalyada-cop-yiginini-goren-unlu-manken-cilgina-dondu\/\"]}]},{\"@type\":\"ImageObject\",\"inLanguage\":\"de\",\"@id\":\"https:\/\/denizcankizil.tr\/de\/haberler\/antalya\/antalyada-cop-yiginini-goren-unlu-manken-cilgina-dondu\/#primaryimage\",\"url\":\"https:\/\/denizcankizil.tr\/wp-content\/uploads\/2025\/01\/4062-01-XBeCyg.jpeg\",\"contentUrl\":\"https:\/\/denizcankizil.tr\/wp-content\/uploads\/2025\/01\/4062-01-XBeCyg.jpeg\",\"width\":1280,\"height\":720},{\"@type\":\"BreadcrumbList\",\"@id\":\"https:\/\/denizcankizil.tr\/de\/haberler\/antalya\/antalyada-cop-yiginini-goren-unlu-manken-cilgina-dondu\/#breadcrumb\",\"itemListElement\":[{\"@type\":\"ListItem\",\"position\":1,\"name\":\"Home\",\"item\":\"https:\/\/denizcankizil.tr\/de\/\"},{\"@type\":\"ListItem\",\"position\":2,\"name\":\"Antalya&#8217;da \u00e7\u00f6p y\u0131\u011f\u0131n\u0131n\u0131 g\u00f6ren \u00fcnl\u00fc manken \u00e7\u0131lg\u0131na d\u00f6nd\u00fc\"}]},{\"@type\":\"WebSite\",\"@id\":\"https:\/\/denizcankizil.tr\/de\/#website\",\"url\":\"https:\/\/denizcankizil.tr\/de\/\",\"name\":\"Av. Deniz Can K\u0131z\u0131l\",\"description\":\"Avukat Deniz Can K\u0131z\u0131l Antalya Barosu\",\"publisher\":{\"@id\":\"https:\/\/denizcankizil.tr\/de\/#organization\"},\"potentialAction\":[{\"@type\":\"SearchAction\",\"target\":{\"@type\":\"EntryPoint\",\"urlTemplate\":\"https:\/\/denizcankizil.tr\/de\/?s={search_term_string}\"},\"query-input\":{\"@type\":\"PropertyValueSpecification\",\"valueRequired\":true,\"valueName\":\"search_term_string\"}}],\"inLanguage\":\"de\"},{\"@type\":\"Organization\",\"@id\":\"https:\/\/denizcankizil.tr\/de\/#organization\",\"name\":\"Av. Deniz Can K\u0131z\u0131l\",\"url\":\"https:\/\/denizcankizil.tr\/de\/\",\"logo\":{\"@type\":\"ImageObject\",\"inLanguage\":\"de\",\"@id\":\"https:\/\/denizcankizil.tr\/de\/#\/schema\/logo\/image\/\",\"url\":\"https:\/\/denizcankizil.tr\/wp-content\/uploads\/2024\/10\/siyah-logo-svg.svg\",\"contentUrl\":\"https:\/\/denizcankizil.tr\/wp-content\/uploads\/2024\/10\/siyah-logo-svg.svg\",\"width\":1080,\"height\":1080,\"caption\":\"Av. Deniz Can K\u0131z\u0131l\"},\"image\":{\"@id\":\"https:\/\/denizcankizil.tr\/de\/#\/schema\/logo\/image\/\"}},{\"@type\":\"Person\",\"@id\":\"https:\/\/denizcankizil.tr\/de\/#\/schema\/person\/5dc1b22991bd7ac833867c10afc9b0ff\",\"name\":\"Av. Deniz Can K\u0131z\u0131l\",\"image\":{\"@type\":\"ImageObject\",\"inLanguage\":\"de\",\"@id\":\"https:\/\/denizcankizil.tr\/de\/#\/schema\/person\/image\/\",\"url\":\"https:\/\/secure.gravatar.com\/avatar\/a0b128fb9855c79efc976d5640eedb31dc35ec297594d6016d2cf7c60e975bb6?s=96&d=mm&r=g\",\"contentUrl\":\"https:\/\/secure.gravatar.com\/avatar\/a0b128fb9855c79efc976d5640eedb31dc35ec297594d6016d2cf7c60e975bb6?s=96&d=mm&r=g\",\"caption\":\"Av. Deniz Can K\u0131z\u0131l\"},\"sameAs\":[\"http:\/\/www.denizcankizil.tr\"],\"url\":\"https:\/\/denizcankizil.tr\/de\/author\/denizcankizil\/\"}]}<\/script>\n<!-- \/ Yoast SEO Premium plugin. -->","yoast_head_json":{"title":"Antalya'da \u00e7\u00f6p y\u0131\u011f\u0131n\u0131n\u0131 g\u00f6ren \u00fcnl\u00fc manken \u00e7\u0131lg\u0131na d\u00f6nd\u00fc - Av. Deniz Can K\u0131z\u0131l","robots":{"index":"index","follow":"follow","max-snippet":"max-snippet:-1","max-image-preview":"max-image-preview:large","max-video-preview":"max-video-preview:-1"},"canonical":"https:\/\/denizcankizil.tr\/de\/haberler\/antalya\/antalyada-cop-yiginini-goren-unlu-manken-cilgina-dondu\/","og_locale":"de_DE","og_type":"article","og_title":"Antalya'da \u00e7\u00f6p y\u0131\u011f\u0131n\u0131n\u0131 g\u00f6ren \u00fcnl\u00fc manken \u00e7\u0131lg\u0131na d\u00f6nd\u00fc","og_description":"Cep telefonuyla video kayd\u0131na girip \u00e7\u00f6p atanlara seslenen \u00d6zay, \u201cEvindeki koltu\u011fu, ayakkab\u0131s\u0131n\u0131, televizyonunu getirip atm\u0131\u015f, manyak ruh hastas\u0131. Ondan sonra Tu\u011fba \u00d6zay manyak oluyor de\u011fil mi? Bu vatana ihanetten ba\u015fka hi\u00e7bir \u015fey de\u011fil&#8221; s\u00f6zleriyle ate\u015f p\u00fcsk\u00fcrd\u00fc. Manavgat&#8217;ta ikamet eden \u00fcnl\u00fc manken Tu\u011fba \u00d6zay, Sar\u0131lar Mahallesi K\u0131r mevkisinde \u00e7\u00f6p manzaras\u0131yla kar\u015f\u0131la\u015f\u0131nca \u00e7ileden \u00e7\u0131kt\u0131. Cep telefonuyla kayda girip \u00e7\u00f6p atanlara seslenen \u00d6zay, &#8220;Zaten ormanlar\u0131m\u0131z yand\u0131 gitti, \u015fimdi de \u015fu rezilli\u011fe bak\u0131n. Ben bunlar\u0131 k\u00fcf\u00fcrs\u00fcz anlatam\u0131yorum. Ya arkada\u015f bunu kimse g\u00f6rm\u00fcyor mu? Siz hangi kafayla gelip bunlar\u0131 buraya at\u0131yorsunuz. Buras\u0131 turistik alan. Selden sonra da buradaki b\u00fct\u00fcn \u00e7\u00f6ple nehre akm\u0131\u015f. Buradan yetkililere sesleniyorum. Buray\u0131 acil temizleyin karde\u015fim&#8221; dedi. \u201cBen bu zihniyetle ayn\u0131 havay\u0131 solumak istemiyorum\u201d \u00d6zay tepkisine \u015fu s\u00f6zlerle devam etti: &#8220;Evindeki koltu\u011fu getirip at\u0131yor ya. Manyak ruh hastas\u0131. Ayakkab\u0131lar\u0131n\u0131 getirip atm\u0131\u015f. Ayakkab\u0131n\u0131, \u00e7\u00f6p\u00fcn\u00fc, pisli\u011fini atacak ba\u015fka bir yer bulamad\u0131n m\u0131 dangalak, bu ne? Yemin ederim bir denk gelseler, elimden kimse kurtaramaz bunlar\u0131. \u015eu hale, rezilli\u011fe bak\u0131n. Buzdolaplar\u0131n\u0131, televizyonlar\u0131n\u0131 getirip atm\u0131\u015flar buraya. Ya siz nas\u0131l insanlars\u0131n\u0131z? Beni yine delirttiniz. Ondan sonra Tu\u011fba \u00d6zay manyak oluyor de\u011fil mi? Ben bu zihniyetle ayn\u0131 havay\u0131 solumak istemiyorum. E\u011fer ki y\u00fcce adalet g\u00f6r\u00fcyorsa bunu, emin olun siz zararl\u0131 \u00e7\u0131kacaks\u0131n\u0131z. Bu vatana ihanetten ba\u015fka hi\u00e7bir \u015fey de\u011fil. \u00c7\u00f6p &hellip;","og_url":"https:\/\/denizcankizil.tr\/de\/haberler\/antalya\/antalyada-cop-yiginini-goren-unlu-manken-cilgina-dondu\/","og_site_name":"Av. Deniz Can K\u0131z\u0131l","article_published_time":"2025-01-08T10:41:36+00:00","og_image":[{"width":1280,"height":720,"url":"https:\/\/denizcankizil.tr\/wp-content\/uploads\/2025\/01\/4062-01-XBeCyg.jpeg","type":"image\/jpeg"}],"author":"Av. Deniz Can K\u0131z\u0131l","twitter_card":"summary_large_image","twitter_misc":{"Verfasst von":"Av. Deniz Can K\u0131z\u0131l","Gesch\u00e4tzte Lesezeit":"2\u00a0Minuten"},"schema":{"@context":"https:\/\/schema.org","@graph":[{"@type":"Article","@id":"https:\/\/denizcankizil.tr\/de\/haberler\/antalya\/antalyada-cop-yiginini-goren-unlu-manken-cilgina-dondu\/#article","isPartOf":{"@id":"https:\/\/denizcankizil.tr\/de\/haberler\/antalya\/antalyada-cop-yiginini-goren-unlu-manken-cilgina-dondu\/"},"author":{"name":"Av. Deniz Can K\u0131z\u0131l","@id":"https:\/\/denizcankizil.tr\/de\/#\/schema\/person\/5dc1b22991bd7ac833867c10afc9b0ff"},"headline":"Antalya&#8217;da \u00e7\u00f6p y\u0131\u011f\u0131n\u0131n\u0131 g\u00f6ren \u00fcnl\u00fc manken \u00e7\u0131lg\u0131na d\u00f6nd\u00fc","datePublished":"2025-01-08T10:41:36+00:00","mainEntityOfPage":{"@id":"https:\/\/denizcankizil.tr\/de\/haberler\/antalya\/antalyada-cop-yiginini-goren-unlu-manken-cilgina-dondu\/"},"wordCount":335,"commentCount":0,"publisher":{"@id":"https:\/\/denizcankizil.tr\/de\/#organization"},"image":{"@id":"https:\/\/denizcankizil.tr\/de\/haberler\/antalya\/antalyada-cop-yiginini-goren-unlu-manken-cilgina-dondu\/#primaryimage"},"thumbnailUrl":"https:\/\/denizcankizil.tr\/wp-content\/uploads\/2025\/01\/4062-01-XBeCyg.jpeg","articleSection":["Antalya"],"inLanguage":"de","potentialAction":[{"@type":"CommentAction","name":"Comment","target":["https:\/\/denizcankizil.tr\/de\/haberler\/antalya\/antalyada-cop-yiginini-goren-unlu-manken-cilgina-dondu\/#respond"]}]},{"@type":"WebPage","@id":"https:\/\/denizcankizil.tr\/de\/haberler\/antalya\/antalyada-cop-yiginini-goren-unlu-manken-cilgina-dondu\/","url":"https:\/\/denizcankizil.tr\/de\/haberler\/antalya\/antalyada-cop-yiginini-goren-unlu-manken-cilgina-dondu\/","name":"Antalya'da \u00e7\u00f6p y\u0131\u011f\u0131n\u0131n\u0131 g\u00f6ren \u00fcnl\u00fc manken \u00e7\u0131lg\u0131na d\u00f6nd\u00fc - Av. Deniz Can K\u0131z\u0131l","isPartOf":{"@id":"https:\/\/denizcankizil.tr\/de\/#website"},"primaryImageOfPage":{"@id":"https:\/\/denizcankizil.tr\/de\/haberler\/antalya\/antalyada-cop-yiginini-goren-unlu-manken-cilgina-dondu\/#primaryimage"},"image":{"@id":"https:\/\/denizcankizil.tr\/de\/haberler\/antalya\/antalyada-cop-yiginini-goren-unlu-manken-cilgina-dondu\/#primaryimage"},"thumbnailUrl":"https:\/\/denizcankizil.tr\/wp-content\/uploads\/2025\/01\/4062-01-XBeCyg.jpeg","datePublished":"2025-01-08T10:41:36+00:00","breadcrumb":{"@id":"https:\/\/denizcankizil.tr\/de\/haberler\/antalya\/antalyada-cop-yiginini-goren-unlu-manken-cilgina-dondu\/#breadcrumb"},"inLanguage":"de","potentialAction":[{"@type":"ReadAction","target":["https:\/\/denizcankizil.tr\/de\/haberler\/antalya\/antalyada-cop-yiginini-goren-unlu-manken-cilgina-dondu\/"]}]},{"@type":"ImageObject","inLanguage":"de","@id":"https:\/\/denizcankizil.tr\/de\/haberler\/antalya\/antalyada-cop-yiginini-goren-unlu-manken-cilgina-dondu\/#primaryimage","url":"https:\/\/denizcankizil.tr\/wp-content\/uploads\/2025\/01\/4062-01-XBeCyg.jpeg","contentUrl":"https:\/\/denizcankizil.tr\/wp-content\/uploads\/2025\/01\/4062-01-XBeCyg.jpeg","width":1280,"height":720},{"@type":"BreadcrumbList","@id":"https:\/\/denizcankizil.tr\/de\/haberler\/antalya\/antalyada-cop-yiginini-goren-unlu-manken-cilgina-dondu\/#breadcrumb","itemListElement":[{"@type":"ListItem","position":1,"name":"Home","item":"https:\/\/denizcankizil.tr\/de\/"},{"@type":"ListItem","position":2,"name":"Antalya&#8217;da \u00e7\u00f6p y\u0131\u011f\u0131n\u0131n\u0131 g\u00f6ren \u00fcnl\u00fc manken \u00e7\u0131lg\u0131na d\u00f6nd\u00fc"}]},{"@type":"WebSite","@id":"https:\/\/denizcankizil.tr\/de\/#website","url":"https:\/\/denizcankizil.tr\/de\/","name":"Av. Deniz Can K\u0131z\u0131l","description":"Avukat Deniz Can K\u0131z\u0131l Antalya Barosu","publisher":{"@id":"https:\/\/denizcankizil.tr\/de\/#organization"},"potentialAction":[{"@type":"SearchAction","target":{"@type":"EntryPoint","urlTemplate":"https:\/\/denizcankizil.tr\/de\/?s={search_term_string}"},"query-input":{"@type":"PropertyValueSpecification","valueRequired":true,"valueName":"search_term_string"}}],"inLanguage":"de"},{"@type":"Organization","@id":"https:\/\/denizcankizil.tr\/de\/#organization","name":"Av. Deniz Can K\u0131z\u0131l","url":"https:\/\/denizcankizil.tr\/de\/","logo":{"@type":"ImageObject","inLanguage":"de","@id":"https:\/\/denizcankizil.tr\/de\/#\/schema\/logo\/image\/","url":"https:\/\/denizcankizil.tr\/wp-content\/uploads\/2024\/10\/siyah-logo-svg.svg","contentUrl":"https:\/\/denizcankizil.tr\/wp-content\/uploads\/2024\/10\/siyah-logo-svg.svg","width":1080,"height":1080,"caption":"Av. Deniz Can K\u0131z\u0131l"},"image":{"@id":"https:\/\/denizcankizil.tr\/de\/#\/schema\/logo\/image\/"}},{"@type":"Person","@id":"https:\/\/denizcankizil.tr\/de\/#\/schema\/person\/5dc1b22991bd7ac833867c10afc9b0ff","name":"Av. Deniz Can K\u0131z\u0131l","image":{"@type":"ImageObject","inLanguage":"de","@id":"https:\/\/denizcankizil.tr\/de\/#\/schema\/person\/image\/","url":"https:\/\/secure.gravatar.com\/avatar\/a0b128fb9855c79efc976d5640eedb31dc35ec297594d6016d2cf7c60e975bb6?s=96&d=mm&r=g","contentUrl":"https:\/\/secure.gravatar.com\/avatar\/a0b128fb9855c79efc976d5640eedb31dc35ec297594d6016d2cf7c60e975bb6?s=96&d=mm&r=g","caption":"Av. Deniz Can K\u0131z\u0131l"},"sameAs":["http:\/\/www.denizcankizil.tr"],"url":"https:\/\/denizcankizil.tr\/de\/author\/denizcankizil\/"}]}},"_links":{"self":[{"href":"https:\/\/denizcankizil.tr\/de\/wp-json\/wp\/v2\/posts\/24474","targetHints":{"allow":["GET"]}}],"collection":[{"href":"https:\/\/denizcankizil.tr\/de\/wp-json\/wp\/v2\/posts"}],"about":[{"href":"https:\/\/denizcankizil.tr\/de\/wp-json\/wp\/v2\/types\/post"}],"author":[{"embeddable":true,"href":"https:\/\/denizcankizil.tr\/de\/wp-json\/wp\/v2\/users\/4"}],"replies":[{"embeddable":true,"href":"https:\/\/denizcankizil.tr\/de\/wp-json\/wp\/v2\/comments?post=24474"}],"version-history":[{"count":0,"href":"https:\/\/denizcankizil.tr\/de\/wp-json\/wp\/v2\/posts\/24474\/revisions"}],"wp:featuredmedia":[{"embeddable":true,"href":"https:\/\/denizcankizil.tr\/de\/wp-json\/wp\/v2\/media\/24475"}],"wp:attachment":[{"href":"https:\/\/denizcankizil.tr\/de\/wp-json\/wp\/v2\/media?parent=24474"}],"wp:term":[{"taxonomy":"category","embeddable":true,"href":"https:\/\/denizcankizil.tr\/de\/wp-json\/wp\/v2\/categories?post=24474"},{"taxonomy":"post_tag","embeddable":true,"href":"https:\/\/denizcankizil.tr\/de\/wp-json\/wp\/v2\/tags?post=24474"}],"curies":[{"name":"wp","href":"https:\/\/api.w.org\/{rel}","templated":true}]}}