{"id":24146,"date":"2025-01-06T16:42:12","date_gmt":"2025-01-06T13:42:12","guid":{"rendered":"https:\/\/denizcankizil.tr\/uncategorized-tr\/chp-pm-uyesi-tumden-baskan-topalogluna-ziyaret\/"},"modified":"2025-01-06T16:42:12","modified_gmt":"2025-01-06T13:42:12","slug":"chp-pm-uyesi-tumden-baskan-topalogluna-ziyaret","status":"publish","type":"post","link":"https:\/\/denizcankizil.tr\/de\/haberler\/gundem\/chp-pm-uyesi-tumden-baskan-topalogluna-ziyaret\/","title":{"rendered":"CHP PM \u00fcyesi T\u00fcm\u2019den Ba\u015fkan Topalo\u011flu\u2019na ziyaret"},"content":{"rendered":"<p>CHP Parti Meclisi \u00fcyesi ve eski Milletvekili Mehmet T\u00fcm, Kemer Belediye Ba\u015fkan\u0131 Necati Topalo\u011flu\u2019nu makam\u0131nda ziyaret etti.<\/p>\n<p>\u200bCHP Parti Meclisi \u00fcyesi ve eski Milletvekili Mehmet T\u00fcm, Kemer Belediye Ba\u015fkan\u0131 Necati Topalo\u011flu\u2019nu makam\u0131nda ziyaret etti.\u00a0<\/p>\n<p>\u200bHaberin Al\u0131nt\u0131land\u0131\u011f\u0131 Kaynak: www.iskenderun.org<\/p>","protected":false},"excerpt":{"rendered":"<p>CHP Parti Meclisi \u00fcyesi ve eski Milletvekili Mehmet T\u00fcm, Kemer Belediye Ba\u015fkan\u0131 Necati Topalo\u011flu\u2019nu makam\u0131nda ziyaret etti. \u200bCHP Parti Meclisi \u00fcyesi ve eski Milletvekili Mehmet T\u00fcm, Kemer Belediye Ba\u015fkan\u0131 Necati Topalo\u011flu\u2019nu makam\u0131nda ziyaret etti.\u00a0 \u200bHaberin Al\u0131nt\u0131land\u0131\u011f\u0131 Kaynak: www.iskenderun.org<\/p>","protected":false},"author":0,"featured_media":0,"comment_status":"open","ping_status":"open","sticky":false,"template":"","format":"standard","meta":{"_acf_changed":false,"footnotes":""},"categories":[24,535],"tags":[],"class_list":["post-24146","post","type-post","status-publish","format-standard","has-post-thumbnail","hentry","category-gundem","category-uncategorized-tr"],"acf":[],"yoast_head":"<!-- This site is optimized with the Yoast SEO Premium plugin v26.6 (Yoast SEO v27.1.1) - https:\/\/yoast.com\/product\/yoast-seo-premium-wordpress\/ -->\n<title>CHP PM \u00fcyesi T\u00fcm\u2019den Ba\u015fkan Topalo\u011flu\u2019na ziyaret - Av. Deniz Can K\u0131z\u0131l<\/title>\n<meta name=\"robots\" content=\"index, follow, max-snippet:-1, max-image-preview:large, max-video-preview:-1\" \/>\n<link rel=\"canonical\" href=\"https:\/\/denizcankizil.tr\/de\/haberler\/gundem\/chp-pm-uyesi-tumden-baskan-topalogluna-ziyaret\/\" \/>\n<meta property=\"og:locale\" content=\"de_DE\" \/>\n<meta property=\"og:type\" content=\"article\" \/>\n<meta property=\"og:title\" content=\"CHP PM \u00fcyesi T\u00fcm\u2019den Ba\u015fkan Topalo\u011flu\u2019na ziyaret\" \/>\n<meta property=\"og:description\" content=\"CHP Parti Meclisi \u00fcyesi ve eski Milletvekili Mehmet T\u00fcm, Kemer Belediye Ba\u015fkan\u0131 Necati Topalo\u011flu\u2019nu makam\u0131nda ziyaret etti. \u200bCHP Parti Meclisi \u00fcyesi ve eski Milletvekili Mehmet T\u00fcm, Kemer Belediye Ba\u015fkan\u0131 Necati Topalo\u011flu\u2019nu makam\u0131nda ziyaret etti.\u00a0 \u200bHaberin Al\u0131nt\u0131land\u0131\u011f\u0131 Kaynak: www.iskenderun.org\" \/>\n<meta property=\"og:url\" content=\"https:\/\/denizcankizil.tr\/de\/haberler\/gundem\/chp-pm-uyesi-tumden-baskan-topalogluna-ziyaret\/\" \/>\n<meta property=\"og:site_name\" content=\"Av. Deniz Can K\u0131z\u0131l\" \/>\n<meta property=\"article:published_time\" content=\"2025-01-06T13:42:12+00:00\" \/>\n<meta name=\"twitter:card\" content=\"summary_large_image\" \/>\n<script type=\"application\/ld+json\" class=\"yoast-schema-graph\">{\"@context\":\"https:\/\/schema.org\",\"@graph\":[{\"@type\":\"Article\",\"@id\":\"https:\/\/denizcankizil.tr\/de\/haberler\/gundem\/chp-pm-uyesi-tumden-baskan-topalogluna-ziyaret\/#article\",\"isPartOf\":{\"@id\":\"https:\/\/denizcankizil.tr\/de\/haberler\/gundem\/chp-pm-uyesi-tumden-baskan-topalogluna-ziyaret\/\"},\"author\":{\"name\":\"\",\"@id\":\"\"},\"headline\":\"CHP PM \u00fcyesi T\u00fcm\u2019den Ba\u015fkan Topalo\u011flu\u2019na ziyaret\",\"datePublished\":\"2025-01-06T13:42:12+00:00\",\"mainEntityOfPage\":{\"@id\":\"https:\/\/denizcankizil.tr\/de\/haberler\/gundem\/chp-pm-uyesi-tumden-baskan-topalogluna-ziyaret\/\"},\"wordCount\":64,\"commentCount\":0,\"publisher\":{\"@id\":\"https:\/\/denizcankizil.tr\/de\/#organization\"},\"articleSection\":[\"G\u00fcndem\",\"Uncategorized\"],\"inLanguage\":\"de\",\"potentialAction\":[{\"@type\":\"CommentAction\",\"name\":\"Comment\",\"target\":[\"https:\/\/denizcankizil.tr\/de\/haberler\/gundem\/chp-pm-uyesi-tumden-baskan-topalogluna-ziyaret\/#respond\"]}]},{\"@type\":\"WebPage\",\"@id\":\"https:\/\/denizcankizil.tr\/de\/haberler\/gundem\/chp-pm-uyesi-tumden-baskan-topalogluna-ziyaret\/\",\"url\":\"https:\/\/denizcankizil.tr\/de\/haberler\/gundem\/chp-pm-uyesi-tumden-baskan-topalogluna-ziyaret\/\",\"name\":\"CHP PM \u00fcyesi T\u00fcm\u2019den Ba\u015fkan Topalo\u011flu\u2019na ziyaret - Av. Deniz Can K\u0131z\u0131l\",\"isPartOf\":{\"@id\":\"https:\/\/denizcankizil.tr\/de\/#website\"},\"datePublished\":\"2025-01-06T13:42:12+00:00\",\"breadcrumb\":{\"@id\":\"https:\/\/denizcankizil.tr\/de\/haberler\/gundem\/chp-pm-uyesi-tumden-baskan-topalogluna-ziyaret\/#breadcrumb\"},\"inLanguage\":\"de\",\"potentialAction\":[{\"@type\":\"ReadAction\",\"target\":[\"https:\/\/denizcankizil.tr\/de\/haberler\/gundem\/chp-pm-uyesi-tumden-baskan-topalogluna-ziyaret\/\"]}]},{\"@type\":\"BreadcrumbList\",\"@id\":\"https:\/\/denizcankizil.tr\/de\/haberler\/gundem\/chp-pm-uyesi-tumden-baskan-topalogluna-ziyaret\/#breadcrumb\",\"itemListElement\":[{\"@type\":\"ListItem\",\"position\":1,\"name\":\"Home\",\"item\":\"https:\/\/denizcankizil.tr\/de\/\"},{\"@type\":\"ListItem\",\"position\":2,\"name\":\"CHP PM \u00fcyesi T\u00fcm\u2019den Ba\u015fkan Topalo\u011flu\u2019na ziyaret\"}]},{\"@type\":\"WebSite\",\"@id\":\"https:\/\/denizcankizil.tr\/de\/#website\",\"url\":\"https:\/\/denizcankizil.tr\/de\/\",\"name\":\"Av. Deniz Can K\u0131z\u0131l\",\"description\":\"Avukat Deniz Can K\u0131z\u0131l Antalya Barosu\",\"publisher\":{\"@id\":\"https:\/\/denizcankizil.tr\/de\/#organization\"},\"potentialAction\":[{\"@type\":\"SearchAction\",\"target\":{\"@type\":\"EntryPoint\",\"urlTemplate\":\"https:\/\/denizcankizil.tr\/de\/?s={search_term_string}\"},\"query-input\":{\"@type\":\"PropertyValueSpecification\",\"valueRequired\":true,\"valueName\":\"search_term_string\"}}],\"inLanguage\":\"de\"},{\"@type\":\"Organization\",\"@id\":\"https:\/\/denizcankizil.tr\/de\/#organization\",\"name\":\"Av. Deniz Can K\u0131z\u0131l\",\"url\":\"https:\/\/denizcankizil.tr\/de\/\",\"logo\":{\"@type\":\"ImageObject\",\"inLanguage\":\"de\",\"@id\":\"https:\/\/denizcankizil.tr\/de\/#\/schema\/logo\/image\/\",\"url\":\"https:\/\/denizcankizil.tr\/wp-content\/uploads\/2024\/10\/siyah-logo-svg.svg\",\"contentUrl\":\"https:\/\/denizcankizil.tr\/wp-content\/uploads\/2024\/10\/siyah-logo-svg.svg\",\"width\":1080,\"height\":1080,\"caption\":\"Av. Deniz Can K\u0131z\u0131l\"},\"image\":{\"@id\":\"https:\/\/denizcankizil.tr\/de\/#\/schema\/logo\/image\/\"}}]}<\/script>\n<!-- \/ Yoast SEO Premium plugin. -->","yoast_head_json":{"title":"CHP PM \u00fcyesi T\u00fcm\u2019den Ba\u015fkan Topalo\u011flu\u2019na ziyaret - Av. Deniz Can K\u0131z\u0131l","robots":{"index":"index","follow":"follow","max-snippet":"max-snippet:-1","max-image-preview":"max-image-preview:large","max-video-preview":"max-video-preview:-1"},"canonical":"https:\/\/denizcankizil.tr\/de\/haberler\/gundem\/chp-pm-uyesi-tumden-baskan-topalogluna-ziyaret\/","og_locale":"de_DE","og_type":"article","og_title":"CHP PM \u00fcyesi T\u00fcm\u2019den Ba\u015fkan Topalo\u011flu\u2019na ziyaret","og_description":"CHP Parti Meclisi \u00fcyesi ve eski Milletvekili Mehmet T\u00fcm, Kemer Belediye Ba\u015fkan\u0131 Necati Topalo\u011flu\u2019nu makam\u0131nda ziyaret etti. \u200bCHP Parti Meclisi \u00fcyesi ve eski Milletvekili Mehmet T\u00fcm, Kemer Belediye Ba\u015fkan\u0131 Necati Topalo\u011flu\u2019nu makam\u0131nda ziyaret etti.\u00a0 \u200bHaberin Al\u0131nt\u0131land\u0131\u011f\u0131 Kaynak: www.iskenderun.org","og_url":"https:\/\/denizcankizil.tr\/de\/haberler\/gundem\/chp-pm-uyesi-tumden-baskan-topalogluna-ziyaret\/","og_site_name":"Av. Deniz Can K\u0131z\u0131l","article_published_time":"2025-01-06T13:42:12+00:00","twitter_card":"summary_large_image","schema":{"@context":"https:\/\/schema.org","@graph":[{"@type":"Article","@id":"https:\/\/denizcankizil.tr\/de\/haberler\/gundem\/chp-pm-uyesi-tumden-baskan-topalogluna-ziyaret\/#article","isPartOf":{"@id":"https:\/\/denizcankizil.tr\/de\/haberler\/gundem\/chp-pm-uyesi-tumden-baskan-topalogluna-ziyaret\/"},"author":{"name":"","@id":""},"headline":"CHP PM \u00fcyesi T\u00fcm\u2019den Ba\u015fkan Topalo\u011flu\u2019na ziyaret","datePublished":"2025-01-06T13:42:12+00:00","mainEntityOfPage":{"@id":"https:\/\/denizcankizil.tr\/de\/haberler\/gundem\/chp-pm-uyesi-tumden-baskan-topalogluna-ziyaret\/"},"wordCount":64,"commentCount":0,"publisher":{"@id":"https:\/\/denizcankizil.tr\/de\/#organization"},"articleSection":["G\u00fcndem","Uncategorized"],"inLanguage":"de","potentialAction":[{"@type":"CommentAction","name":"Comment","target":["https:\/\/denizcankizil.tr\/de\/haberler\/gundem\/chp-pm-uyesi-tumden-baskan-topalogluna-ziyaret\/#respond"]}]},{"@type":"WebPage","@id":"https:\/\/denizcankizil.tr\/de\/haberler\/gundem\/chp-pm-uyesi-tumden-baskan-topalogluna-ziyaret\/","url":"https:\/\/denizcankizil.tr\/de\/haberler\/gundem\/chp-pm-uyesi-tumden-baskan-topalogluna-ziyaret\/","name":"CHP PM \u00fcyesi T\u00fcm\u2019den Ba\u015fkan Topalo\u011flu\u2019na ziyaret - Av. Deniz Can K\u0131z\u0131l","isPartOf":{"@id":"https:\/\/denizcankizil.tr\/de\/#website"},"datePublished":"2025-01-06T13:42:12+00:00","breadcrumb":{"@id":"https:\/\/denizcankizil.tr\/de\/haberler\/gundem\/chp-pm-uyesi-tumden-baskan-topalogluna-ziyaret\/#breadcrumb"},"inLanguage":"de","potentialAction":[{"@type":"ReadAction","target":["https:\/\/denizcankizil.tr\/de\/haberler\/gundem\/chp-pm-uyesi-tumden-baskan-topalogluna-ziyaret\/"]}]},{"@type":"BreadcrumbList","@id":"https:\/\/denizcankizil.tr\/de\/haberler\/gundem\/chp-pm-uyesi-tumden-baskan-topalogluna-ziyaret\/#breadcrumb","itemListElement":[{"@type":"ListItem","position":1,"name":"Home","item":"https:\/\/denizcankizil.tr\/de\/"},{"@type":"ListItem","position":2,"name":"CHP PM \u00fcyesi T\u00fcm\u2019den Ba\u015fkan Topalo\u011flu\u2019na ziyaret"}]},{"@type":"WebSite","@id":"https:\/\/denizcankizil.tr\/de\/#website","url":"https:\/\/denizcankizil.tr\/de\/","name":"Av. Deniz Can K\u0131z\u0131l","description":"Avukat Deniz Can K\u0131z\u0131l Antalya Barosu","publisher":{"@id":"https:\/\/denizcankizil.tr\/de\/#organization"},"potentialAction":[{"@type":"SearchAction","target":{"@type":"EntryPoint","urlTemplate":"https:\/\/denizcankizil.tr\/de\/?s={search_term_string}"},"query-input":{"@type":"PropertyValueSpecification","valueRequired":true,"valueName":"search_term_string"}}],"inLanguage":"de"},{"@type":"Organization","@id":"https:\/\/denizcankizil.tr\/de\/#organization","name":"Av. Deniz Can K\u0131z\u0131l","url":"https:\/\/denizcankizil.tr\/de\/","logo":{"@type":"ImageObject","inLanguage":"de","@id":"https:\/\/denizcankizil.tr\/de\/#\/schema\/logo\/image\/","url":"https:\/\/denizcankizil.tr\/wp-content\/uploads\/2024\/10\/siyah-logo-svg.svg","contentUrl":"https:\/\/denizcankizil.tr\/wp-content\/uploads\/2024\/10\/siyah-logo-svg.svg","width":1080,"height":1080,"caption":"Av. Deniz Can K\u0131z\u0131l"},"image":{"@id":"https:\/\/denizcankizil.tr\/de\/#\/schema\/logo\/image\/"}}]}},"_links":{"self":[{"href":"https:\/\/denizcankizil.tr\/de\/wp-json\/wp\/v2\/posts\/24146","targetHints":{"allow":["GET"]}}],"collection":[{"href":"https:\/\/denizcankizil.tr\/de\/wp-json\/wp\/v2\/posts"}],"about":[{"href":"https:\/\/denizcankizil.tr\/de\/wp-json\/wp\/v2\/types\/post"}],"replies":[{"embeddable":true,"href":"https:\/\/denizcankizil.tr\/de\/wp-json\/wp\/v2\/comments?post=24146"}],"version-history":[{"count":0,"href":"https:\/\/denizcankizil.tr\/de\/wp-json\/wp\/v2\/posts\/24146\/revisions"}],"wp:attachment":[{"href":"https:\/\/denizcankizil.tr\/de\/wp-json\/wp\/v2\/media?parent=24146"}],"wp:term":[{"taxonomy":"category","embeddable":true,"href":"https:\/\/denizcankizil.tr\/de\/wp-json\/wp\/v2\/categories?post=24146"},{"taxonomy":"post_tag","embeddable":true,"href":"https:\/\/denizcankizil.tr\/de\/wp-json\/wp\/v2\/tags?post=24146"}],"curies":[{"name":"wp","href":"https:\/\/api.w.org\/{rel}","templated":true}]}}