{"id":24081,"date":"2025-01-06T12:42:50","date_gmt":"2025-01-06T09:42:50","guid":{"rendered":"https:\/\/denizcankizil.tr\/uncategorized-tr\/marmara-denizi-icin-kocaeli-istanbulda-ses-getirdi\/"},"modified":"2025-01-06T12:42:50","modified_gmt":"2025-01-06T09:42:50","slug":"marmara-denizi-icin-kocaeli-istanbulda-ses-getirdi","status":"publish","type":"post","link":"https:\/\/denizcankizil.tr\/de\/haberler\/gundem\/marmara-denizi-icin-kocaeli-istanbulda-ses-getirdi\/","title":{"rendered":"Marmara Denizi i\u00e7in Kocaeli, \u0130stanbul\u2019da ses getirdi"},"content":{"rendered":"<p>Marmara Denizi\u2019nin korunabilmesi i\u00e7in \u00f6nemli a\u00e7\u0131klamalarda bulunan Kocaeli B\u00fcy\u00fck\u015fehir Belediye Ba\u015fkan\u0131 Do\u00e7.Dr.Tahir B\u00fcy\u00fckak\u0131n\u2019\u0131n s\u00f6zleri \u0130stanbul\u2019da g\u00fcndem oldu.KOCAEL\u0130 (\u0130GFA) &#8211; Kocaeli B\u00fcy\u00fck\u015fehir Belediye Ba\u015fkan\u0131 Do\u00e7.Dr.Tahir B\u00fcy\u00fckak\u0131n\u2019\u0131n Marmara Denizi\u2019nin korunabilmesi ad\u0131na yapt\u0131\u011f\u0131 a\u00e7\u0131klama \u0130stanbul\u2019da da ses getirdi.<br \/>\nBilindi\u011fi gibi Ba\u015fkan B\u00fcy\u00fckak\u0131n, ge\u00e7ti\u011fimiz g\u00fcnlerde \u0130stanbul B\u00fcy\u00fck\u015fehir Belediyesi\u2019ni uyararak \u015f\u00f6yle demi\u015fti:<\/p>\n<p>\u201cMarmara \u00f6l\u00fcyor. Tedbir al\u0131nmaz, gereken yap\u0131lmazsa yine \u00e7ok b\u00fcy\u00fck bir \u00e7evre felaketi ile kar\u015f\u0131 kar\u015f\u0131ya kalaca\u011f\u0131z. Marmara Denizi\u2019ne her g\u00fcn 4.5 milyon metrek\u00fcp kanalizasyon de\u015farj oluyor. 4.5 milyon metrek\u00fcp\u00fcn y\u00fczde 53\u2019\u00fc sadece \u00f6n ar\u0131tma ile de\u015farj ediliyor. Erdek K\u00f6rfezi\u2019nde m\u00fcsilaj g\u00f6r\u00fcld\u00fc. 7 haftada \u0130zmit\u2019e geldi. Tedbirler al\u0131nmazsa, gerekenler yap\u0131lmazsa b\u00fct\u00fcn Marmara\u2019y\u0131 tekrar m\u00fcsilaj problemi bekliyor. Marmara Denizi\u2019nin tamam\u0131n\u0131n korunabilmesi i\u00e7in Marmara Denizi\u2019ne s\u0131n\u0131r\u0131 olan b\u00fct\u00fcn belediyelerin \u00fczerine d\u00fc\u015fen sorumlulu\u011fu yerine getirmesi gerekiyor. \u0130stanbul\u2019da acilen 4 tane ar\u0131tma tesisi yap\u0131lmas\u0131 laz\u0131m. Be\u015f y\u0131l ge\u00e7ti 1 tane ar\u0131tma tesisi yap\u0131lmad\u0131. (\u0130BB Ba\u015fkan\u0131 Ekrem \u0130mamo\u011flu) Yok bana yer vermediler, yok para vermediler, onu yapmad\u0131lar, bunu yapmad\u0131lar diyerek zaman kaybettiler. B\u00f6yle bir d\u00fcnya yok. Bak\u0131n bu bir politik tart\u0131\u015fma meselesi de\u011fil. Bu bir Milli mesele. Kocaeli\u2019deki b\u00fct\u00fcn ar\u0131tma tesisleri \u00e7al\u0131\u015f\u0131yor. Kanalizasyon suyu bir damla denize gitmiyor. Apa\u00e7\u0131k, aln\u0131m ak bir \u015fekilde s\u00f6yl\u00fcyorum. K\u00f6rfez kirlenmesin diye, 23 tane ar\u0131tma tesisi \u00e7al\u0131\u015ft\u0131r\u0131yoruz. 23 ar\u0131tma tesisinin sadece y\u0131ll\u0131k elektrik maliyeti 700 milyon lira. Bu 700 milyon lira ile biz de pop\u00fclizm yapabilirdik. L\u00fctfen herkes akl\u0131n\u0131 ba\u015f\u0131na als\u0131n. Biz temizliyoruz, \u0130stanbul kirletmeye devam ediyor. Bizim yapt\u0131\u011f\u0131m\u0131z \u00e7al\u0131\u015fmalar\u0131n anlam\u0131 kalm\u0131yor. Biz burada temizlemeye devam edelim ama, siz de orada kirletmeyi durdurun.\u201d<\/p>\n<p>EKREM \u0130MAMO\u011eLU\u2019NU UYARDI<br \/>\nB\u00fcy\u00fckak\u0131n\u2019\u0131n bu a\u00e7\u0131klamas\u0131n\u0131 AK Parti \u0130stanbul B\u00fcy\u00fck\u015fehir Belediye Meclisi Grup Ba\u015fkanvekili AV.Murat T\u00fcrky\u0131lmaz da g\u00fcndemine ald\u0131.<br \/>\nSosyal medya hesab\u0131ndan Ba\u015fkan B\u00fcy\u00fckak\u0131n\u2019\u0131n a\u00e7\u0131klamalar\u0131n\u0131 payla\u015fan T\u00fcrky\u0131lmaz, \u201cTahir B\u00fcy\u00fckak\u0131n ba\u015fkan\u0131m\u0131z\u0131n uyar\u0131lar\u0131n\u0131 dikkate al\u0131n ve o temelini atmamak i\u00e7in t\u00f6ren yapt\u0131\u011f\u0131n\u0131z ar\u0131tma tesislerini yeniden g\u00f6zden ge\u00e7iriniz\u201d diye \u0130stanbul B\u00fcy\u00fck\u015fehir Belediye Ba\u015fkan\u0131 Ekrem \u0130mamo\u011flu\u2019na seslendi.<\/p>\n<p>\u200bMarmara Denizi\u2019nin korunabilmesi i\u00e7in \u00f6nemli a\u00e7\u0131klamalarda bulunan Kocaeli B\u00fcy\u00fck\u015fehir Belediye Ba\u015fkan\u0131 Do\u00e7.Dr.Tahir B\u00fcy\u00fckak\u0131n\u2019\u0131n s\u00f6zleri \u0130stanbul\u2019da g\u00fcndem oldu.KOCAEL\u0130 (\u0130GFA) &#8211; Kocaeli B\u00fcy\u00fck\u015fehir Belediye Ba\u015fkan\u0131 Do\u00e7.Dr.Tahir B\u00fcy\u00fckak\u0131n\u2019\u0131n Marmara Denizi\u2019nin korunabilmesi ad\u0131na yapt\u0131\u011f\u0131 a\u00e7\u0131klama \u0130stanbul\u2019da da ses getirdi.<br \/>\nBilindi\u011fi gibi Ba\u015fkan B\u00fcy\u00fckak\u0131n, ge\u00e7ti\u011fimiz g\u00fcnlerde \u0130stanbul B\u00fcy\u00fck\u015fehir Belediyesi\u2019ni uyararak \u015f\u00f6yle demi\u015fti:<\/p>\n<p>\u201cMarmara \u00f6l\u00fcyor. Tedbir al\u0131nmaz, gereken yap\u0131lmazsa yine \u00e7ok b\u00fcy\u00fck bir \u00e7evre felaketi ile kar\u015f\u0131 kar\u015f\u0131ya kalaca\u011f\u0131z. Marmara Denizi\u2019ne her g\u00fcn 4.5 milyon metrek\u00fcp kanalizasyon de\u015farj oluyor. 4.5 milyon metrek\u00fcp\u00fcn y\u00fczde 53\u2019\u00fc sadece \u00f6n ar\u0131tma ile de\u015farj ediliyor. Erdek K\u00f6rfezi\u2019nde m\u00fcsilaj g\u00f6r\u00fcld\u00fc. 7 haftada \u0130zmit\u2019e geldi. Tedbirler al\u0131nmazsa, gerekenler yap\u0131lmazsa b\u00fct\u00fcn Marmara\u2019y\u0131 tekrar m\u00fcsilaj problemi bekliyor. Marmara Denizi\u2019nin tamam\u0131n\u0131n korunabilmesi i\u00e7in Marmara Denizi\u2019ne s\u0131n\u0131r\u0131 olan b\u00fct\u00fcn belediyelerin \u00fczerine d\u00fc\u015fen sorumlulu\u011fu yerine getirmesi gerekiyor. \u0130stanbul\u2019da acilen 4 tane ar\u0131tma tesisi yap\u0131lmas\u0131 laz\u0131m. Be\u015f y\u0131l ge\u00e7ti 1 tane ar\u0131tma tesisi yap\u0131lmad\u0131. (\u0130BB Ba\u015fkan\u0131 Ekrem \u0130mamo\u011flu) Yok bana yer vermediler, yok para vermediler, onu yapmad\u0131lar, bunu yapmad\u0131lar diyerek zaman kaybettiler. B\u00f6yle bir d\u00fcnya yok. Bak\u0131n bu bir politik tart\u0131\u015fma meselesi de\u011fil. Bu bir Milli mesele. Kocaeli\u2019deki b\u00fct\u00fcn ar\u0131tma tesisleri \u00e7al\u0131\u015f\u0131yor. Kanalizasyon suyu bir damla denize gitmiyor. Apa\u00e7\u0131k, aln\u0131m ak bir \u015fekilde s\u00f6yl\u00fcyorum. K\u00f6rfez kirlenmesin diye, 23 tane ar\u0131tma tesisi \u00e7al\u0131\u015ft\u0131r\u0131yoruz. 23 ar\u0131tma tesisinin sadece y\u0131ll\u0131k elektrik maliyeti 700 milyon lira. Bu 700 milyon lira ile biz de pop\u00fclizm yapabilirdik. L\u00fctfen herkes akl\u0131n\u0131 ba\u015f\u0131na als\u0131n. Biz temizliyoruz, \u0130stanbul kirletmeye devam ediyor. Bizim yapt\u0131\u011f\u0131m\u0131z \u00e7al\u0131\u015fmalar\u0131n anlam\u0131 kalm\u0131yor. Biz burada temizlemeye devam edelim ama, siz de orada kirletmeyi durdurun.\u201d<\/p>\n<p>EKREM \u0130MAMO\u011eLU\u2019NU UYARDI<br \/>\nB\u00fcy\u00fckak\u0131n\u2019\u0131n bu a\u00e7\u0131klamas\u0131n\u0131 AK Parti \u0130stanbul B\u00fcy\u00fck\u015fehir Belediye Meclisi Grup Ba\u015fkanvekili AV.Murat T\u00fcrky\u0131lmaz da g\u00fcndemine ald\u0131.<br \/>\nSosyal medya hesab\u0131ndan Ba\u015fkan B\u00fcy\u00fckak\u0131n\u2019\u0131n a\u00e7\u0131klamalar\u0131n\u0131 payla\u015fan T\u00fcrky\u0131lmaz, \u201cTahir B\u00fcy\u00fckak\u0131n ba\u015fkan\u0131m\u0131z\u0131n uyar\u0131lar\u0131n\u0131 dikkate al\u0131n ve o temelini atmamak i\u00e7in t\u00f6ren yapt\u0131\u011f\u0131n\u0131z ar\u0131tma tesislerini yeniden g\u00f6zden ge\u00e7iriniz\u201d diye \u0130stanbul B\u00fcy\u00fck\u015fehir Belediye Ba\u015fkan\u0131 Ekrem \u0130mamo\u011flu\u2019na seslendi.\u00a0<\/p>\n<p>\u200bHaberin Al\u0131nt\u0131land\u0131\u011f\u0131 Kaynak: www.iskenderun.org<\/p>","protected":false},"excerpt":{"rendered":"<p>Marmara Denizi\u2019nin korunabilmesi i\u00e7in \u00f6nemli a\u00e7\u0131klamalarda bulunan Kocaeli B\u00fcy\u00fck\u015fehir Belediye Ba\u015fkan\u0131 Do\u00e7.Dr.Tahir B\u00fcy\u00fckak\u0131n\u2019\u0131n s\u00f6zleri \u0130stanbul\u2019da g\u00fcndem oldu.KOCAEL\u0130 (\u0130GFA) &#8211; Kocaeli B\u00fcy\u00fck\u015fehir Belediye Ba\u015fkan\u0131 Do\u00e7.Dr.Tahir B\u00fcy\u00fckak\u0131n\u2019\u0131n Marmara Denizi\u2019nin korunabilmesi ad\u0131na yapt\u0131\u011f\u0131 a\u00e7\u0131klama \u0130stanbul\u2019da da ses getirdi. Bilindi\u011fi gibi Ba\u015fkan B\u00fcy\u00fckak\u0131n, ge\u00e7ti\u011fimiz g\u00fcnlerde \u0130stanbul B\u00fcy\u00fck\u015fehir Belediyesi\u2019ni uyararak \u015f\u00f6yle demi\u015fti: \u201cMarmara \u00f6l\u00fcyor. Tedbir al\u0131nmaz, gereken yap\u0131lmazsa yine \u00e7ok b\u00fcy\u00fck bir \u00e7evre felaketi ile kar\u015f\u0131 kar\u015f\u0131ya kalaca\u011f\u0131z. Marmara Denizi\u2019ne her g\u00fcn 4.5 milyon metrek\u00fcp kanalizasyon de\u015farj oluyor. 4.5 milyon metrek\u00fcp\u00fcn y\u00fczde 53\u2019\u00fc sadece \u00f6n ar\u0131tma ile de\u015farj ediliyor. Erdek K\u00f6rfezi\u2019nde m\u00fcsilaj g\u00f6r\u00fcld\u00fc. 7 haftada \u0130zmit\u2019e geldi. Tedbirler al\u0131nmazsa, gerekenler yap\u0131lmazsa b\u00fct\u00fcn Marmara\u2019y\u0131 tekrar m\u00fcsilaj problemi bekliyor. Marmara Denizi\u2019nin tamam\u0131n\u0131n korunabilmesi i\u00e7in Marmara Denizi\u2019ne s\u0131n\u0131r\u0131 olan b\u00fct\u00fcn belediyelerin \u00fczerine d\u00fc\u015fen sorumlulu\u011fu yerine getirmesi gerekiyor. \u0130stanbul\u2019da acilen 4 tane ar\u0131tma tesisi yap\u0131lmas\u0131 laz\u0131m. Be\u015f y\u0131l ge\u00e7ti 1 tane ar\u0131tma tesisi yap\u0131lmad\u0131. (\u0130BB Ba\u015fkan\u0131 Ekrem \u0130mamo\u011flu) Yok bana yer vermediler, yok para vermediler, onu yapmad\u0131lar, bunu yapmad\u0131lar diyerek zaman kaybettiler. B\u00f6yle bir d\u00fcnya yok. Bak\u0131n bu bir politik tart\u0131\u015fma meselesi de\u011fil. Bu bir Milli mesele. Kocaeli\u2019deki b\u00fct\u00fcn ar\u0131tma tesisleri \u00e7al\u0131\u015f\u0131yor. Kanalizasyon suyu bir damla denize gitmiyor. Apa\u00e7\u0131k, aln\u0131m ak bir \u015fekilde s\u00f6yl\u00fcyorum. K\u00f6rfez kirlenmesin diye, 23 tane ar\u0131tma tesisi \u00e7al\u0131\u015ft\u0131r\u0131yoruz. 23 ar\u0131tma tesisinin sadece y\u0131ll\u0131k elektrik maliyeti &hellip;<\/p>","protected":false},"author":0,"featured_media":0,"comment_status":"open","ping_status":"open","sticky":false,"template":"","format":"standard","meta":{"_acf_changed":false,"footnotes":""},"categories":[24,535],"tags":[],"class_list":["post-24081","post","type-post","status-publish","format-standard","has-post-thumbnail","hentry","category-gundem","category-uncategorized-tr"],"acf":[],"yoast_head":"<!-- This site is optimized with the Yoast SEO Premium plugin v26.6 (Yoast SEO v27.1.1) - https:\/\/yoast.com\/product\/yoast-seo-premium-wordpress\/ -->\n<title>Marmara Denizi i\u00e7in Kocaeli, \u0130stanbul\u2019da ses getirdi - Av. Deniz Can K\u0131z\u0131l<\/title>\n<meta name=\"robots\" content=\"index, follow, max-snippet:-1, max-image-preview:large, max-video-preview:-1\" \/>\n<link rel=\"canonical\" href=\"https:\/\/denizcankizil.tr\/de\/haberler\/gundem\/marmara-denizi-icin-kocaeli-istanbulda-ses-getirdi\/\" \/>\n<meta property=\"og:locale\" content=\"de_DE\" \/>\n<meta property=\"og:type\" content=\"article\" \/>\n<meta property=\"og:title\" content=\"Marmara Denizi i\u00e7in Kocaeli, \u0130stanbul\u2019da ses getirdi\" \/>\n<meta property=\"og:description\" content=\"Marmara Denizi\u2019nin korunabilmesi i\u00e7in \u00f6nemli a\u00e7\u0131klamalarda bulunan Kocaeli B\u00fcy\u00fck\u015fehir Belediye Ba\u015fkan\u0131 Do\u00e7.Dr.Tahir B\u00fcy\u00fckak\u0131n\u2019\u0131n s\u00f6zleri \u0130stanbul\u2019da g\u00fcndem oldu.KOCAEL\u0130 (\u0130GFA) &#8211; Kocaeli B\u00fcy\u00fck\u015fehir Belediye Ba\u015fkan\u0131 Do\u00e7.Dr.Tahir B\u00fcy\u00fckak\u0131n\u2019\u0131n Marmara Denizi\u2019nin korunabilmesi ad\u0131na yapt\u0131\u011f\u0131 a\u00e7\u0131klama \u0130stanbul\u2019da da ses getirdi. Bilindi\u011fi gibi Ba\u015fkan B\u00fcy\u00fckak\u0131n, ge\u00e7ti\u011fimiz g\u00fcnlerde \u0130stanbul B\u00fcy\u00fck\u015fehir Belediyesi\u2019ni uyararak \u015f\u00f6yle demi\u015fti: \u201cMarmara \u00f6l\u00fcyor. Tedbir al\u0131nmaz, gereken yap\u0131lmazsa yine \u00e7ok b\u00fcy\u00fck bir \u00e7evre felaketi ile kar\u015f\u0131 kar\u015f\u0131ya kalaca\u011f\u0131z. Marmara Denizi\u2019ne her g\u00fcn 4.5 milyon metrek\u00fcp kanalizasyon de\u015farj oluyor. 4.5 milyon metrek\u00fcp\u00fcn y\u00fczde 53\u2019\u00fc sadece \u00f6n ar\u0131tma ile de\u015farj ediliyor. Erdek K\u00f6rfezi\u2019nde m\u00fcsilaj g\u00f6r\u00fcld\u00fc. 7 haftada \u0130zmit\u2019e geldi. Tedbirler al\u0131nmazsa, gerekenler yap\u0131lmazsa b\u00fct\u00fcn Marmara\u2019y\u0131 tekrar m\u00fcsilaj problemi bekliyor. Marmara Denizi\u2019nin tamam\u0131n\u0131n korunabilmesi i\u00e7in Marmara Denizi\u2019ne s\u0131n\u0131r\u0131 olan b\u00fct\u00fcn belediyelerin \u00fczerine d\u00fc\u015fen sorumlulu\u011fu yerine getirmesi gerekiyor. \u0130stanbul\u2019da acilen 4 tane ar\u0131tma tesisi yap\u0131lmas\u0131 laz\u0131m. Be\u015f y\u0131l ge\u00e7ti 1 tane ar\u0131tma tesisi yap\u0131lmad\u0131. (\u0130BB Ba\u015fkan\u0131 Ekrem \u0130mamo\u011flu) Yok bana yer vermediler, yok para vermediler, onu yapmad\u0131lar, bunu yapmad\u0131lar diyerek zaman kaybettiler. B\u00f6yle bir d\u00fcnya yok. Bak\u0131n bu bir politik tart\u0131\u015fma meselesi de\u011fil. Bu bir Milli mesele. Kocaeli\u2019deki b\u00fct\u00fcn ar\u0131tma tesisleri \u00e7al\u0131\u015f\u0131yor. Kanalizasyon suyu bir damla denize gitmiyor. Apa\u00e7\u0131k, aln\u0131m ak bir \u015fekilde s\u00f6yl\u00fcyorum. K\u00f6rfez kirlenmesin diye, 23 tane ar\u0131tma tesisi \u00e7al\u0131\u015ft\u0131r\u0131yoruz. 23 ar\u0131tma tesisinin sadece y\u0131ll\u0131k elektrik maliyeti &hellip;\" \/>\n<meta property=\"og:url\" content=\"https:\/\/denizcankizil.tr\/de\/haberler\/gundem\/marmara-denizi-icin-kocaeli-istanbulda-ses-getirdi\/\" \/>\n<meta property=\"og:site_name\" content=\"Av. Deniz Can K\u0131z\u0131l\" \/>\n<meta property=\"article:published_time\" content=\"2025-01-06T09:42:50+00:00\" \/>\n<meta name=\"twitter:card\" content=\"summary_large_image\" \/>\n<meta name=\"twitter:label1\" content=\"Gesch\u00e4tzte Lesezeit\" \/>\n\t<meta name=\"twitter:data1\" content=\"5\u00a0Minuten\" \/>\n<script type=\"application\/ld+json\" class=\"yoast-schema-graph\">{\"@context\":\"https:\/\/schema.org\",\"@graph\":[{\"@type\":\"Article\",\"@id\":\"https:\/\/denizcankizil.tr\/ru\/haberler\/gundem\/marmara-denizi-icin-kocaeli-istanbulda-ses-getirdi\/#article\",\"isPartOf\":{\"@id\":\"https:\/\/denizcankizil.tr\/ru\/haberler\/gundem\/marmara-denizi-icin-kocaeli-istanbulda-ses-getirdi\/\"},\"author\":{\"name\":\"\",\"@id\":\"\"},\"headline\":\"Marmara Denizi i\u00e7in Kocaeli, \u0130stanbul\u2019da ses getirdi\",\"datePublished\":\"2025-01-06T09:42:50+00:00\",\"mainEntityOfPage\":{\"@id\":\"https:\/\/denizcankizil.tr\/ru\/haberler\/gundem\/marmara-denizi-icin-kocaeli-istanbulda-ses-getirdi\/\"},\"wordCount\":935,\"commentCount\":0,\"publisher\":{\"@id\":\"https:\/\/denizcankizil.tr\/de\/#organization\"},\"articleSection\":[\"G\u00fcndem\",\"Uncategorized\"],\"inLanguage\":\"de\",\"potentialAction\":[{\"@type\":\"CommentAction\",\"name\":\"Comment\",\"target\":[\"https:\/\/denizcankizil.tr\/ru\/haberler\/gundem\/marmara-denizi-icin-kocaeli-istanbulda-ses-getirdi\/#respond\"]}]},{\"@type\":\"WebPage\",\"@id\":\"https:\/\/denizcankizil.tr\/ru\/haberler\/gundem\/marmara-denizi-icin-kocaeli-istanbulda-ses-getirdi\/\",\"url\":\"https:\/\/denizcankizil.tr\/ru\/haberler\/gundem\/marmara-denizi-icin-kocaeli-istanbulda-ses-getirdi\/\",\"name\":\"Marmara Denizi i\u00e7in Kocaeli, \u0130stanbul\u2019da ses getirdi - Av. Deniz Can K\u0131z\u0131l\",\"isPartOf\":{\"@id\":\"https:\/\/denizcankizil.tr\/de\/#website\"},\"datePublished\":\"2025-01-06T09:42:50+00:00\",\"breadcrumb\":{\"@id\":\"https:\/\/denizcankizil.tr\/ru\/haberler\/gundem\/marmara-denizi-icin-kocaeli-istanbulda-ses-getirdi\/#breadcrumb\"},\"inLanguage\":\"de\",\"potentialAction\":[{\"@type\":\"ReadAction\",\"target\":[\"https:\/\/denizcankizil.tr\/ru\/haberler\/gundem\/marmara-denizi-icin-kocaeli-istanbulda-ses-getirdi\/\"]}]},{\"@type\":\"BreadcrumbList\",\"@id\":\"https:\/\/denizcankizil.tr\/ru\/haberler\/gundem\/marmara-denizi-icin-kocaeli-istanbulda-ses-getirdi\/#breadcrumb\",\"itemListElement\":[{\"@type\":\"ListItem\",\"position\":1,\"name\":\"Home\",\"item\":\"https:\/\/denizcankizil.tr\/de\/\"},{\"@type\":\"ListItem\",\"position\":2,\"name\":\"Marmara Denizi i\u00e7in Kocaeli, \u0130stanbul\u2019da ses getirdi\"}]},{\"@type\":\"WebSite\",\"@id\":\"https:\/\/denizcankizil.tr\/de\/#website\",\"url\":\"https:\/\/denizcankizil.tr\/de\/\",\"name\":\"Av. Deniz Can K\u0131z\u0131l\",\"description\":\"Avukat Deniz Can K\u0131z\u0131l Antalya Barosu\",\"publisher\":{\"@id\":\"https:\/\/denizcankizil.tr\/de\/#organization\"},\"potentialAction\":[{\"@type\":\"SearchAction\",\"target\":{\"@type\":\"EntryPoint\",\"urlTemplate\":\"https:\/\/denizcankizil.tr\/de\/?s={search_term_string}\"},\"query-input\":{\"@type\":\"PropertyValueSpecification\",\"valueRequired\":true,\"valueName\":\"search_term_string\"}}],\"inLanguage\":\"de\"},{\"@type\":\"Organization\",\"@id\":\"https:\/\/denizcankizil.tr\/de\/#organization\",\"name\":\"Av. Deniz Can K\u0131z\u0131l\",\"url\":\"https:\/\/denizcankizil.tr\/de\/\",\"logo\":{\"@type\":\"ImageObject\",\"inLanguage\":\"de\",\"@id\":\"https:\/\/denizcankizil.tr\/de\/#\/schema\/logo\/image\/\",\"url\":\"https:\/\/denizcankizil.tr\/wp-content\/uploads\/2024\/10\/siyah-logo-svg.svg\",\"contentUrl\":\"https:\/\/denizcankizil.tr\/wp-content\/uploads\/2024\/10\/siyah-logo-svg.svg\",\"width\":1080,\"height\":1080,\"caption\":\"Av. Deniz Can K\u0131z\u0131l\"},\"image\":{\"@id\":\"https:\/\/denizcankizil.tr\/de\/#\/schema\/logo\/image\/\"}}]}<\/script>\n<!-- \/ Yoast SEO Premium plugin. -->","yoast_head_json":{"title":"Marmara Denizi i\u00e7in Kocaeli, \u0130stanbul\u2019da ses getirdi - Av. Deniz Can K\u0131z\u0131l","robots":{"index":"index","follow":"follow","max-snippet":"max-snippet:-1","max-image-preview":"max-image-preview:large","max-video-preview":"max-video-preview:-1"},"canonical":"https:\/\/denizcankizil.tr\/de\/haberler\/gundem\/marmara-denizi-icin-kocaeli-istanbulda-ses-getirdi\/","og_locale":"de_DE","og_type":"article","og_title":"Marmara Denizi i\u00e7in Kocaeli, \u0130stanbul\u2019da ses getirdi","og_description":"Marmara Denizi\u2019nin korunabilmesi i\u00e7in \u00f6nemli a\u00e7\u0131klamalarda bulunan Kocaeli B\u00fcy\u00fck\u015fehir Belediye Ba\u015fkan\u0131 Do\u00e7.Dr.Tahir B\u00fcy\u00fckak\u0131n\u2019\u0131n s\u00f6zleri \u0130stanbul\u2019da g\u00fcndem oldu.KOCAEL\u0130 (\u0130GFA) &#8211; Kocaeli B\u00fcy\u00fck\u015fehir Belediye Ba\u015fkan\u0131 Do\u00e7.Dr.Tahir B\u00fcy\u00fckak\u0131n\u2019\u0131n Marmara Denizi\u2019nin korunabilmesi ad\u0131na yapt\u0131\u011f\u0131 a\u00e7\u0131klama \u0130stanbul\u2019da da ses getirdi. Bilindi\u011fi gibi Ba\u015fkan B\u00fcy\u00fckak\u0131n, ge\u00e7ti\u011fimiz g\u00fcnlerde \u0130stanbul B\u00fcy\u00fck\u015fehir Belediyesi\u2019ni uyararak \u015f\u00f6yle demi\u015fti: \u201cMarmara \u00f6l\u00fcyor. Tedbir al\u0131nmaz, gereken yap\u0131lmazsa yine \u00e7ok b\u00fcy\u00fck bir \u00e7evre felaketi ile kar\u015f\u0131 kar\u015f\u0131ya kalaca\u011f\u0131z. Marmara Denizi\u2019ne her g\u00fcn 4.5 milyon metrek\u00fcp kanalizasyon de\u015farj oluyor. 4.5 milyon metrek\u00fcp\u00fcn y\u00fczde 53\u2019\u00fc sadece \u00f6n ar\u0131tma ile de\u015farj ediliyor. Erdek K\u00f6rfezi\u2019nde m\u00fcsilaj g\u00f6r\u00fcld\u00fc. 7 haftada \u0130zmit\u2019e geldi. Tedbirler al\u0131nmazsa, gerekenler yap\u0131lmazsa b\u00fct\u00fcn Marmara\u2019y\u0131 tekrar m\u00fcsilaj problemi bekliyor. Marmara Denizi\u2019nin tamam\u0131n\u0131n korunabilmesi i\u00e7in Marmara Denizi\u2019ne s\u0131n\u0131r\u0131 olan b\u00fct\u00fcn belediyelerin \u00fczerine d\u00fc\u015fen sorumlulu\u011fu yerine getirmesi gerekiyor. \u0130stanbul\u2019da acilen 4 tane ar\u0131tma tesisi yap\u0131lmas\u0131 laz\u0131m. Be\u015f y\u0131l ge\u00e7ti 1 tane ar\u0131tma tesisi yap\u0131lmad\u0131. (\u0130BB Ba\u015fkan\u0131 Ekrem \u0130mamo\u011flu) Yok bana yer vermediler, yok para vermediler, onu yapmad\u0131lar, bunu yapmad\u0131lar diyerek zaman kaybettiler. B\u00f6yle bir d\u00fcnya yok. Bak\u0131n bu bir politik tart\u0131\u015fma meselesi de\u011fil. Bu bir Milli mesele. Kocaeli\u2019deki b\u00fct\u00fcn ar\u0131tma tesisleri \u00e7al\u0131\u015f\u0131yor. Kanalizasyon suyu bir damla denize gitmiyor. Apa\u00e7\u0131k, aln\u0131m ak bir \u015fekilde s\u00f6yl\u00fcyorum. K\u00f6rfez kirlenmesin diye, 23 tane ar\u0131tma tesisi \u00e7al\u0131\u015ft\u0131r\u0131yoruz. 23 ar\u0131tma tesisinin sadece y\u0131ll\u0131k elektrik maliyeti &hellip;","og_url":"https:\/\/denizcankizil.tr\/de\/haberler\/gundem\/marmara-denizi-icin-kocaeli-istanbulda-ses-getirdi\/","og_site_name":"Av. Deniz Can K\u0131z\u0131l","article_published_time":"2025-01-06T09:42:50+00:00","twitter_card":"summary_large_image","twitter_misc":{"Gesch\u00e4tzte Lesezeit":"5\u00a0Minuten"},"schema":{"@context":"https:\/\/schema.org","@graph":[{"@type":"Article","@id":"https:\/\/denizcankizil.tr\/ru\/haberler\/gundem\/marmara-denizi-icin-kocaeli-istanbulda-ses-getirdi\/#article","isPartOf":{"@id":"https:\/\/denizcankizil.tr\/ru\/haberler\/gundem\/marmara-denizi-icin-kocaeli-istanbulda-ses-getirdi\/"},"author":{"name":"","@id":""},"headline":"Marmara Denizi i\u00e7in Kocaeli, \u0130stanbul\u2019da ses getirdi","datePublished":"2025-01-06T09:42:50+00:00","mainEntityOfPage":{"@id":"https:\/\/denizcankizil.tr\/ru\/haberler\/gundem\/marmara-denizi-icin-kocaeli-istanbulda-ses-getirdi\/"},"wordCount":935,"commentCount":0,"publisher":{"@id":"https:\/\/denizcankizil.tr\/de\/#organization"},"articleSection":["G\u00fcndem","Uncategorized"],"inLanguage":"de","potentialAction":[{"@type":"CommentAction","name":"Comment","target":["https:\/\/denizcankizil.tr\/ru\/haberler\/gundem\/marmara-denizi-icin-kocaeli-istanbulda-ses-getirdi\/#respond"]}]},{"@type":"WebPage","@id":"https:\/\/denizcankizil.tr\/ru\/haberler\/gundem\/marmara-denizi-icin-kocaeli-istanbulda-ses-getirdi\/","url":"https:\/\/denizcankizil.tr\/ru\/haberler\/gundem\/marmara-denizi-icin-kocaeli-istanbulda-ses-getirdi\/","name":"Marmara Denizi i\u00e7in Kocaeli, \u0130stanbul\u2019da ses getirdi - Av. Deniz Can K\u0131z\u0131l","isPartOf":{"@id":"https:\/\/denizcankizil.tr\/de\/#website"},"datePublished":"2025-01-06T09:42:50+00:00","breadcrumb":{"@id":"https:\/\/denizcankizil.tr\/ru\/haberler\/gundem\/marmara-denizi-icin-kocaeli-istanbulda-ses-getirdi\/#breadcrumb"},"inLanguage":"de","potentialAction":[{"@type":"ReadAction","target":["https:\/\/denizcankizil.tr\/ru\/haberler\/gundem\/marmara-denizi-icin-kocaeli-istanbulda-ses-getirdi\/"]}]},{"@type":"BreadcrumbList","@id":"https:\/\/denizcankizil.tr\/ru\/haberler\/gundem\/marmara-denizi-icin-kocaeli-istanbulda-ses-getirdi\/#breadcrumb","itemListElement":[{"@type":"ListItem","position":1,"name":"Home","item":"https:\/\/denizcankizil.tr\/de\/"},{"@type":"ListItem","position":2,"name":"Marmara Denizi i\u00e7in Kocaeli, \u0130stanbul\u2019da ses getirdi"}]},{"@type":"WebSite","@id":"https:\/\/denizcankizil.tr\/de\/#website","url":"https:\/\/denizcankizil.tr\/de\/","name":"Av. Deniz Can K\u0131z\u0131l","description":"Avukat Deniz Can K\u0131z\u0131l Antalya Barosu","publisher":{"@id":"https:\/\/denizcankizil.tr\/de\/#organization"},"potentialAction":[{"@type":"SearchAction","target":{"@type":"EntryPoint","urlTemplate":"https:\/\/denizcankizil.tr\/de\/?s={search_term_string}"},"query-input":{"@type":"PropertyValueSpecification","valueRequired":true,"valueName":"search_term_string"}}],"inLanguage":"de"},{"@type":"Organization","@id":"https:\/\/denizcankizil.tr\/de\/#organization","name":"Av. Deniz Can K\u0131z\u0131l","url":"https:\/\/denizcankizil.tr\/de\/","logo":{"@type":"ImageObject","inLanguage":"de","@id":"https:\/\/denizcankizil.tr\/de\/#\/schema\/logo\/image\/","url":"https:\/\/denizcankizil.tr\/wp-content\/uploads\/2024\/10\/siyah-logo-svg.svg","contentUrl":"https:\/\/denizcankizil.tr\/wp-content\/uploads\/2024\/10\/siyah-logo-svg.svg","width":1080,"height":1080,"caption":"Av. Deniz Can K\u0131z\u0131l"},"image":{"@id":"https:\/\/denizcankizil.tr\/de\/#\/schema\/logo\/image\/"}}]}},"_links":{"self":[{"href":"https:\/\/denizcankizil.tr\/de\/wp-json\/wp\/v2\/posts\/24081","targetHints":{"allow":["GET"]}}],"collection":[{"href":"https:\/\/denizcankizil.tr\/de\/wp-json\/wp\/v2\/posts"}],"about":[{"href":"https:\/\/denizcankizil.tr\/de\/wp-json\/wp\/v2\/types\/post"}],"replies":[{"embeddable":true,"href":"https:\/\/denizcankizil.tr\/de\/wp-json\/wp\/v2\/comments?post=24081"}],"version-history":[{"count":0,"href":"https:\/\/denizcankizil.tr\/de\/wp-json\/wp\/v2\/posts\/24081\/revisions"}],"wp:attachment":[{"href":"https:\/\/denizcankizil.tr\/de\/wp-json\/wp\/v2\/media?parent=24081"}],"wp:term":[{"taxonomy":"category","embeddable":true,"href":"https:\/\/denizcankizil.tr\/de\/wp-json\/wp\/v2\/categories?post=24081"},{"taxonomy":"post_tag","embeddable":true,"href":"https:\/\/denizcankizil.tr\/de\/wp-json\/wp\/v2\/tags?post=24081"}],"curies":[{"name":"wp","href":"https:\/\/api.w.org\/{rel}","templated":true}]}}