{"id":24076,"date":"2025-01-06T12:42:47","date_gmt":"2025-01-06T09:42:47","guid":{"rendered":"https:\/\/denizcankizil.tr\/uncategorized-tr\/fazil-saydan-50-yilda-muhtesem-izmir-promiyeri-2\/"},"modified":"2025-01-06T12:42:47","modified_gmt":"2025-01-06T09:42:47","slug":"fazil-saydan-50-yilda-muhtesem-izmir-promiyeri-2","status":"publish","type":"post","link":"https:\/\/denizcankizil.tr\/de\/haberler\/gundem\/fazil-saydan-50-yilda-muhtesem-izmir-promiyeri-2\/","title":{"rendered":"Faz\u0131l Say\u2019dan \u201c50. y\u0131lda\u201d muhte\u015fem \u0130zmir pr\u00f6miyeri"},"content":{"rendered":"<p>Array<\/p>\n<p>\u200bArray\u00a0<\/p>\n<p>\u200bHaberin Al\u0131nt\u0131land\u0131\u011f\u0131 Kaynak: www.iskenderun.org<\/p>","protected":false},"excerpt":{"rendered":"<p>Array \u200bArray\u00a0 \u200bHaberin Al\u0131nt\u0131land\u0131\u011f\u0131 Kaynak: www.iskenderun.org<\/p>","protected":false},"author":0,"featured_media":0,"comment_status":"open","ping_status":"open","sticky":false,"template":"","format":"standard","meta":{"_acf_changed":false,"footnotes":""},"categories":[24,535],"tags":[],"class_list":["post-24076","post","type-post","status-publish","format-standard","has-post-thumbnail","hentry","category-gundem","category-uncategorized-tr"],"acf":[],"yoast_head":"<!-- This site is optimized with the Yoast SEO Premium plugin v26.6 (Yoast SEO v27.1.1) - https:\/\/yoast.com\/product\/yoast-seo-premium-wordpress\/ -->\n<title>Faz\u0131l Say\u2019dan \u201c50. y\u0131lda\u201d muhte\u015fem \u0130zmir pr\u00f6miyeri - Av. Deniz Can K\u0131z\u0131l<\/title>\n<meta name=\"robots\" content=\"index, follow, max-snippet:-1, max-image-preview:large, max-video-preview:-1\" \/>\n<link rel=\"canonical\" href=\"https:\/\/denizcankizil.tr\/de\/haberler\/gundem\/fazil-saydan-50-yilda-muhtesem-izmir-promiyeri-2\/\" \/>\n<meta property=\"og:locale\" content=\"de_DE\" \/>\n<meta property=\"og:type\" content=\"article\" \/>\n<meta property=\"og:title\" content=\"Faz\u0131l Say\u2019dan \u201c50. y\u0131lda\u201d muhte\u015fem \u0130zmir pr\u00f6miyeri\" \/>\n<meta property=\"og:description\" content=\"Array \u200bArray\u00a0 \u200bHaberin Al\u0131nt\u0131land\u0131\u011f\u0131 Kaynak: www.iskenderun.org\" \/>\n<meta property=\"og:url\" content=\"https:\/\/denizcankizil.tr\/de\/haberler\/gundem\/fazil-saydan-50-yilda-muhtesem-izmir-promiyeri-2\/\" \/>\n<meta property=\"og:site_name\" content=\"Av. Deniz Can K\u0131z\u0131l\" \/>\n<meta property=\"article:published_time\" content=\"2025-01-06T09:42:47+00:00\" \/>\n<meta name=\"twitter:card\" content=\"summary_large_image\" \/>\n<script type=\"application\/ld+json\" class=\"yoast-schema-graph\">{\"@context\":\"https:\/\/schema.org\",\"@graph\":[{\"@type\":\"Article\",\"@id\":\"https:\/\/denizcankizil.tr\/de\/haberler\/gundem\/fazil-saydan-50-yilda-muhtesem-izmir-promiyeri-2\/#article\",\"isPartOf\":{\"@id\":\"https:\/\/denizcankizil.tr\/de\/haberler\/gundem\/fazil-saydan-50-yilda-muhtesem-izmir-promiyeri-2\/\"},\"author\":{\"name\":\"\",\"@id\":\"\"},\"headline\":\"Faz\u0131l Say\u2019dan \u201c50. y\u0131lda\u201d muhte\u015fem \u0130zmir pr\u00f6miyeri\",\"datePublished\":\"2025-01-06T09:42:47+00:00\",\"mainEntityOfPage\":{\"@id\":\"https:\/\/denizcankizil.tr\/de\/haberler\/gundem\/fazil-saydan-50-yilda-muhtesem-izmir-promiyeri-2\/\"},\"wordCount\":21,\"commentCount\":0,\"publisher\":{\"@id\":\"https:\/\/denizcankizil.tr\/#organization\"},\"articleSection\":[\"G\u00fcndem\",\"Uncategorized\"],\"inLanguage\":\"de\",\"potentialAction\":[{\"@type\":\"CommentAction\",\"name\":\"Comment\",\"target\":[\"https:\/\/denizcankizil.tr\/de\/haberler\/gundem\/fazil-saydan-50-yilda-muhtesem-izmir-promiyeri-2\/#respond\"]}]},{\"@type\":\"WebPage\",\"@id\":\"https:\/\/denizcankizil.tr\/de\/haberler\/gundem\/fazil-saydan-50-yilda-muhtesem-izmir-promiyeri-2\/\",\"url\":\"https:\/\/denizcankizil.tr\/de\/haberler\/gundem\/fazil-saydan-50-yilda-muhtesem-izmir-promiyeri-2\/\",\"name\":\"Faz\u0131l Say\u2019dan \u201c50. y\u0131lda\u201d muhte\u015fem \u0130zmir pr\u00f6miyeri - Av. Deniz Can K\u0131z\u0131l\",\"isPartOf\":{\"@id\":\"https:\/\/denizcankizil.tr\/#website\"},\"datePublished\":\"2025-01-06T09:42:47+00:00\",\"breadcrumb\":{\"@id\":\"https:\/\/denizcankizil.tr\/de\/haberler\/gundem\/fazil-saydan-50-yilda-muhtesem-izmir-promiyeri-2\/#breadcrumb\"},\"inLanguage\":\"de\",\"potentialAction\":[{\"@type\":\"ReadAction\",\"target\":[\"https:\/\/denizcankizil.tr\/de\/haberler\/gundem\/fazil-saydan-50-yilda-muhtesem-izmir-promiyeri-2\/\"]}]},{\"@type\":\"BreadcrumbList\",\"@id\":\"https:\/\/denizcankizil.tr\/de\/haberler\/gundem\/fazil-saydan-50-yilda-muhtesem-izmir-promiyeri-2\/#breadcrumb\",\"itemListElement\":[{\"@type\":\"ListItem\",\"position\":1,\"name\":\"Home\",\"item\":\"https:\/\/denizcankizil.tr\/uk\/\"},{\"@type\":\"ListItem\",\"position\":2,\"name\":\"Faz\u0131l Say\u2019dan \u201c50. y\u0131lda\u201d muhte\u015fem \u0130zmir pr\u00f6miyeri\"}]},{\"@type\":\"WebSite\",\"@id\":\"https:\/\/denizcankizil.tr\/#website\",\"url\":\"https:\/\/denizcankizil.tr\/\",\"name\":\"Av. Deniz Can K\u0131z\u0131l\",\"description\":\"Avukat Deniz Can K\u0131z\u0131l Antalya Barosu\",\"publisher\":{\"@id\":\"https:\/\/denizcankizil.tr\/#organization\"},\"potentialAction\":[{\"@type\":\"SearchAction\",\"target\":{\"@type\":\"EntryPoint\",\"urlTemplate\":\"https:\/\/denizcankizil.tr\/?s={search_term_string}\"},\"query-input\":{\"@type\":\"PropertyValueSpecification\",\"valueRequired\":true,\"valueName\":\"search_term_string\"}}],\"inLanguage\":\"de\"},{\"@type\":\"Organization\",\"@id\":\"https:\/\/denizcankizil.tr\/#organization\",\"name\":\"Av. Deniz Can K\u0131z\u0131l\",\"url\":\"https:\/\/denizcankizil.tr\/\",\"logo\":{\"@type\":\"ImageObject\",\"inLanguage\":\"de\",\"@id\":\"https:\/\/denizcankizil.tr\/#\/schema\/logo\/image\/\",\"url\":\"https:\/\/denizcankizil.tr\/wp-content\/uploads\/2024\/10\/siyah-logo-svg.svg\",\"contentUrl\":\"https:\/\/denizcankizil.tr\/wp-content\/uploads\/2024\/10\/siyah-logo-svg.svg\",\"width\":1080,\"height\":1080,\"caption\":\"Av. Deniz Can K\u0131z\u0131l\"},\"image\":{\"@id\":\"https:\/\/denizcankizil.tr\/#\/schema\/logo\/image\/\"}}]}<\/script>\n<!-- \/ Yoast SEO Premium plugin. -->","yoast_head_json":{"title":"Faz\u0131l Say\u2019dan \u201c50. y\u0131lda\u201d muhte\u015fem \u0130zmir pr\u00f6miyeri - Av. Deniz Can K\u0131z\u0131l","robots":{"index":"index","follow":"follow","max-snippet":"max-snippet:-1","max-image-preview":"max-image-preview:large","max-video-preview":"max-video-preview:-1"},"canonical":"https:\/\/denizcankizil.tr\/de\/haberler\/gundem\/fazil-saydan-50-yilda-muhtesem-izmir-promiyeri-2\/","og_locale":"de_DE","og_type":"article","og_title":"Faz\u0131l Say\u2019dan \u201c50. y\u0131lda\u201d muhte\u015fem \u0130zmir pr\u00f6miyeri","og_description":"Array \u200bArray\u00a0 \u200bHaberin Al\u0131nt\u0131land\u0131\u011f\u0131 Kaynak: www.iskenderun.org","og_url":"https:\/\/denizcankizil.tr\/de\/haberler\/gundem\/fazil-saydan-50-yilda-muhtesem-izmir-promiyeri-2\/","og_site_name":"Av. Deniz Can K\u0131z\u0131l","article_published_time":"2025-01-06T09:42:47+00:00","twitter_card":"summary_large_image","schema":{"@context":"https:\/\/schema.org","@graph":[{"@type":"Article","@id":"https:\/\/denizcankizil.tr\/de\/haberler\/gundem\/fazil-saydan-50-yilda-muhtesem-izmir-promiyeri-2\/#article","isPartOf":{"@id":"https:\/\/denizcankizil.tr\/de\/haberler\/gundem\/fazil-saydan-50-yilda-muhtesem-izmir-promiyeri-2\/"},"author":{"name":"","@id":""},"headline":"Faz\u0131l Say\u2019dan \u201c50. y\u0131lda\u201d muhte\u015fem \u0130zmir pr\u00f6miyeri","datePublished":"2025-01-06T09:42:47+00:00","mainEntityOfPage":{"@id":"https:\/\/denizcankizil.tr\/de\/haberler\/gundem\/fazil-saydan-50-yilda-muhtesem-izmir-promiyeri-2\/"},"wordCount":21,"commentCount":0,"publisher":{"@id":"https:\/\/denizcankizil.tr\/#organization"},"articleSection":["G\u00fcndem","Uncategorized"],"inLanguage":"de","potentialAction":[{"@type":"CommentAction","name":"Comment","target":["https:\/\/denizcankizil.tr\/de\/haberler\/gundem\/fazil-saydan-50-yilda-muhtesem-izmir-promiyeri-2\/#respond"]}]},{"@type":"WebPage","@id":"https:\/\/denizcankizil.tr\/de\/haberler\/gundem\/fazil-saydan-50-yilda-muhtesem-izmir-promiyeri-2\/","url":"https:\/\/denizcankizil.tr\/de\/haberler\/gundem\/fazil-saydan-50-yilda-muhtesem-izmir-promiyeri-2\/","name":"Faz\u0131l Say\u2019dan \u201c50. y\u0131lda\u201d muhte\u015fem \u0130zmir pr\u00f6miyeri - Av. Deniz Can K\u0131z\u0131l","isPartOf":{"@id":"https:\/\/denizcankizil.tr\/#website"},"datePublished":"2025-01-06T09:42:47+00:00","breadcrumb":{"@id":"https:\/\/denizcankizil.tr\/de\/haberler\/gundem\/fazil-saydan-50-yilda-muhtesem-izmir-promiyeri-2\/#breadcrumb"},"inLanguage":"de","potentialAction":[{"@type":"ReadAction","target":["https:\/\/denizcankizil.tr\/de\/haberler\/gundem\/fazil-saydan-50-yilda-muhtesem-izmir-promiyeri-2\/"]}]},{"@type":"BreadcrumbList","@id":"https:\/\/denizcankizil.tr\/de\/haberler\/gundem\/fazil-saydan-50-yilda-muhtesem-izmir-promiyeri-2\/#breadcrumb","itemListElement":[{"@type":"ListItem","position":1,"name":"Home","item":"https:\/\/denizcankizil.tr\/uk\/"},{"@type":"ListItem","position":2,"name":"Faz\u0131l Say\u2019dan \u201c50. y\u0131lda\u201d muhte\u015fem \u0130zmir pr\u00f6miyeri"}]},{"@type":"WebSite","@id":"https:\/\/denizcankizil.tr\/#website","url":"https:\/\/denizcankizil.tr\/","name":"Av. Deniz Can K\u0131z\u0131l","description":"Avukat Deniz Can K\u0131z\u0131l Antalya Barosu","publisher":{"@id":"https:\/\/denizcankizil.tr\/#organization"},"potentialAction":[{"@type":"SearchAction","target":{"@type":"EntryPoint","urlTemplate":"https:\/\/denizcankizil.tr\/?s={search_term_string}"},"query-input":{"@type":"PropertyValueSpecification","valueRequired":true,"valueName":"search_term_string"}}],"inLanguage":"de"},{"@type":"Organization","@id":"https:\/\/denizcankizil.tr\/#organization","name":"Av. Deniz Can K\u0131z\u0131l","url":"https:\/\/denizcankizil.tr\/","logo":{"@type":"ImageObject","inLanguage":"de","@id":"https:\/\/denizcankizil.tr\/#\/schema\/logo\/image\/","url":"https:\/\/denizcankizil.tr\/wp-content\/uploads\/2024\/10\/siyah-logo-svg.svg","contentUrl":"https:\/\/denizcankizil.tr\/wp-content\/uploads\/2024\/10\/siyah-logo-svg.svg","width":1080,"height":1080,"caption":"Av. Deniz Can K\u0131z\u0131l"},"image":{"@id":"https:\/\/denizcankizil.tr\/#\/schema\/logo\/image\/"}}]}},"_links":{"self":[{"href":"https:\/\/denizcankizil.tr\/de\/wp-json\/wp\/v2\/posts\/24076","targetHints":{"allow":["GET"]}}],"collection":[{"href":"https:\/\/denizcankizil.tr\/de\/wp-json\/wp\/v2\/posts"}],"about":[{"href":"https:\/\/denizcankizil.tr\/de\/wp-json\/wp\/v2\/types\/post"}],"replies":[{"embeddable":true,"href":"https:\/\/denizcankizil.tr\/de\/wp-json\/wp\/v2\/comments?post=24076"}],"version-history":[{"count":0,"href":"https:\/\/denizcankizil.tr\/de\/wp-json\/wp\/v2\/posts\/24076\/revisions"}],"wp:attachment":[{"href":"https:\/\/denizcankizil.tr\/de\/wp-json\/wp\/v2\/media?parent=24076"}],"wp:term":[{"taxonomy":"category","embeddable":true,"href":"https:\/\/denizcankizil.tr\/de\/wp-json\/wp\/v2\/categories?post=24076"},{"taxonomy":"post_tag","embeddable":true,"href":"https:\/\/denizcankizil.tr\/de\/wp-json\/wp\/v2\/tags?post=24076"}],"curies":[{"name":"wp","href":"https:\/\/api.w.org\/{rel}","templated":true}]}}