{"id":23689,"date":"2025-01-03T18:41:27","date_gmt":"2025-01-03T15:41:27","guid":{"rendered":"https:\/\/denizcankizil.tr\/uncategorized-tr\/muhammed-ul-emin-camii-ibadete-acildi\/"},"modified":"2025-01-03T18:41:27","modified_gmt":"2025-01-03T15:41:27","slug":"muhammed-ul-emin-camii-ibadete-acildi","status":"publish","type":"post","link":"https:\/\/denizcankizil.tr\/de\/haberler\/gundem\/muhammed-ul-emin-camii-ibadete-acildi\/","title":{"rendered":"Muhammed-\u00fcl Emin Camii \u0130badete A\u00e7\u0131ld\u0131"},"content":{"rendered":"<p>Kadim \u015eehrin Manevi Miras\u0131 Canlan\u0131yor<\/p>\n<p>T\u00f6rende bir konu\u015fma yapan Vali Masatl\u0131, Antakya\u2019n\u0131n tarihi ve manevi miras\u0131n\u0131n \u00f6nemine vurgu yapt\u0131. \u015eehrin yeniden ihya ve in\u015fa s\u00fcrecinde manevi de\u011ferlerin de aya\u011fa kald\u0131r\u0131lmas\u0131n\u0131n, \u015fehrin haf\u0131zas\u0131 a\u00e7\u0131s\u0131ndan b\u00fcy\u00fck \u00f6nem ta\u015f\u0131d\u0131\u011f\u0131n\u0131 belirten Vali Masatl\u0131, \u015funlar\u0131 s\u00f6yledi: \u201c\u0130limize ve insan\u0131m\u0131za ait t\u00fcm de\u011ferleri e\u015f zamanl\u0131 olarak ihya etme gayretindeyiz. Bug\u00fcn ibadete a\u00e7\u0131lan Muhammed-\u00fcl Emin Camii\u2019nin hem mahallemize hem de ilimize hay\u0131rl\u0131 olmas\u0131n\u0131 temenni ediyorum.\u201d<\/p>\n<p>Vatanda\u015flar\u0131n Yo\u011fun Kat\u0131l\u0131m\u0131<\/p>\n<p>Yo\u011fun kat\u0131l\u0131mla ger\u00e7ekle\u015fen a\u00e7\u0131l\u0131\u015f t\u00f6reninde dualar edilerek cami ibadete a\u00e7\u0131ld\u0131. Vatanda\u015flar, b\u00f6ylesi \u00f6nemli bir eserin mahallelerine kazand\u0131r\u0131lmas\u0131ndan duyduklar\u0131 memnuniyeti dile getirdi.<\/p>\n<p>Muhammed-\u00fcl Emin Camii, b\u00f6lgede hem ibadet hem de sosyal etkinlikler i\u00e7in \u00f6nemli bir merkez olacak.<\/p>\n<p>\u200bHatay\u2019\u0131n Antakya il\u00e7esine ba\u011fl\u0131 \u00dcz\u00fcmdal\u0131 Mahallesi\u2019nde yap\u0131m\u0131 tamamlanan Muhammed-\u00fcl Emin Camii, d\u00fczenlenen t\u00f6renle ibadete a\u00e7\u0131ld\u0131. A\u00e7\u0131l\u0131\u015fa Hatay Valisi Mustafa Masatl\u0131, il ve il\u00e7e protokol \u00fcyeleri ile \u00e7ok say\u0131da vatanda\u015f kat\u0131ld\u0131.\u00a0<\/p>\n<p>\u200bHaberin Al\u0131nt\u0131land\u0131\u011f\u0131 Kaynak: www.iskenderun.org<\/p>","protected":false},"excerpt":{"rendered":"<p>Kadim \u015eehrin Manevi Miras\u0131 Canlan\u0131yor T\u00f6rende bir konu\u015fma yapan Vali Masatl\u0131, Antakya\u2019n\u0131n tarihi ve manevi miras\u0131n\u0131n \u00f6nemine vurgu yapt\u0131. \u015eehrin yeniden ihya ve in\u015fa s\u00fcrecinde manevi de\u011ferlerin de aya\u011fa kald\u0131r\u0131lmas\u0131n\u0131n, \u015fehrin haf\u0131zas\u0131 a\u00e7\u0131s\u0131ndan b\u00fcy\u00fck \u00f6nem ta\u015f\u0131d\u0131\u011f\u0131n\u0131 belirten Vali Masatl\u0131, \u015funlar\u0131 s\u00f6yledi: \u201c\u0130limize ve insan\u0131m\u0131za ait t\u00fcm de\u011ferleri e\u015f zamanl\u0131 olarak ihya etme gayretindeyiz. Bug\u00fcn ibadete a\u00e7\u0131lan Muhammed-\u00fcl Emin Camii\u2019nin hem mahallemize hem de ilimize hay\u0131rl\u0131 olmas\u0131n\u0131 temenni ediyorum.\u201d Vatanda\u015flar\u0131n Yo\u011fun Kat\u0131l\u0131m\u0131 Yo\u011fun kat\u0131l\u0131mla ger\u00e7ekle\u015fen a\u00e7\u0131l\u0131\u015f t\u00f6reninde dualar edilerek cami ibadete a\u00e7\u0131ld\u0131. Vatanda\u015flar, b\u00f6ylesi \u00f6nemli bir eserin mahallelerine kazand\u0131r\u0131lmas\u0131ndan duyduklar\u0131 memnuniyeti dile getirdi. Muhammed-\u00fcl Emin Camii, b\u00f6lgede hem ibadet hem de sosyal etkinlikler i\u00e7in \u00f6nemli bir merkez olacak. \u200bHatay\u2019\u0131n Antakya il\u00e7esine ba\u011fl\u0131 \u00dcz\u00fcmdal\u0131 Mahallesi\u2019nde yap\u0131m\u0131 tamamlanan Muhammed-\u00fcl Emin Camii, d\u00fczenlenen t\u00f6renle ibadete a\u00e7\u0131ld\u0131. A\u00e7\u0131l\u0131\u015fa Hatay Valisi Mustafa Masatl\u0131, il ve il\u00e7e protokol \u00fcyeleri ile \u00e7ok say\u0131da vatanda\u015f kat\u0131ld\u0131.\u00a0 \u200bHaberin Al\u0131nt\u0131land\u0131\u011f\u0131 Kaynak: www.iskenderun.org<\/p>","protected":false},"author":0,"featured_media":0,"comment_status":"open","ping_status":"open","sticky":false,"template":"","format":"standard","meta":{"_acf_changed":false,"footnotes":""},"categories":[24,535],"tags":[],"class_list":["post-23689","post","type-post","status-publish","format-standard","has-post-thumbnail","hentry","category-gundem","category-uncategorized-tr"],"acf":[],"yoast_head":"<!-- This site is optimized with the Yoast SEO Premium plugin v26.6 (Yoast SEO v27.1.1) - https:\/\/yoast.com\/product\/yoast-seo-premium-wordpress\/ -->\n<title>Muhammed-\u00fcl Emin Camii \u0130badete A\u00e7\u0131ld\u0131 - Av. Deniz Can K\u0131z\u0131l<\/title>\n<meta name=\"robots\" content=\"index, follow, max-snippet:-1, max-image-preview:large, max-video-preview:-1\" \/>\n<link rel=\"canonical\" href=\"https:\/\/denizcankizil.tr\/de\/haberler\/gundem\/muhammed-ul-emin-camii-ibadete-acildi\/\" \/>\n<meta property=\"og:locale\" content=\"de_DE\" \/>\n<meta property=\"og:type\" content=\"article\" \/>\n<meta property=\"og:title\" content=\"Muhammed-\u00fcl Emin Camii \u0130badete A\u00e7\u0131ld\u0131\" \/>\n<meta property=\"og:description\" content=\"Kadim \u015eehrin Manevi Miras\u0131 Canlan\u0131yor T\u00f6rende bir konu\u015fma yapan Vali Masatl\u0131, Antakya\u2019n\u0131n tarihi ve manevi miras\u0131n\u0131n \u00f6nemine vurgu yapt\u0131. \u015eehrin yeniden ihya ve in\u015fa s\u00fcrecinde manevi de\u011ferlerin de aya\u011fa kald\u0131r\u0131lmas\u0131n\u0131n, \u015fehrin haf\u0131zas\u0131 a\u00e7\u0131s\u0131ndan b\u00fcy\u00fck \u00f6nem ta\u015f\u0131d\u0131\u011f\u0131n\u0131 belirten Vali Masatl\u0131, \u015funlar\u0131 s\u00f6yledi: \u201c\u0130limize ve insan\u0131m\u0131za ait t\u00fcm de\u011ferleri e\u015f zamanl\u0131 olarak ihya etme gayretindeyiz. Bug\u00fcn ibadete a\u00e7\u0131lan Muhammed-\u00fcl Emin Camii\u2019nin hem mahallemize hem de ilimize hay\u0131rl\u0131 olmas\u0131n\u0131 temenni ediyorum.\u201d Vatanda\u015flar\u0131n Yo\u011fun Kat\u0131l\u0131m\u0131 Yo\u011fun kat\u0131l\u0131mla ger\u00e7ekle\u015fen a\u00e7\u0131l\u0131\u015f t\u00f6reninde dualar edilerek cami ibadete a\u00e7\u0131ld\u0131. Vatanda\u015flar, b\u00f6ylesi \u00f6nemli bir eserin mahallelerine kazand\u0131r\u0131lmas\u0131ndan duyduklar\u0131 memnuniyeti dile getirdi. Muhammed-\u00fcl Emin Camii, b\u00f6lgede hem ibadet hem de sosyal etkinlikler i\u00e7in \u00f6nemli bir merkez olacak. \u200bHatay\u2019\u0131n Antakya il\u00e7esine ba\u011fl\u0131 \u00dcz\u00fcmdal\u0131 Mahallesi\u2019nde yap\u0131m\u0131 tamamlanan Muhammed-\u00fcl Emin Camii, d\u00fczenlenen t\u00f6renle ibadete a\u00e7\u0131ld\u0131. A\u00e7\u0131l\u0131\u015fa Hatay Valisi Mustafa Masatl\u0131, il ve il\u00e7e protokol \u00fcyeleri ile \u00e7ok say\u0131da vatanda\u015f kat\u0131ld\u0131.\u00a0 \u200bHaberin Al\u0131nt\u0131land\u0131\u011f\u0131 Kaynak: www.iskenderun.org\" \/>\n<meta property=\"og:url\" content=\"https:\/\/denizcankizil.tr\/de\/haberler\/gundem\/muhammed-ul-emin-camii-ibadete-acildi\/\" \/>\n<meta property=\"og:site_name\" content=\"Av. Deniz Can K\u0131z\u0131l\" \/>\n<meta property=\"article:published_time\" content=\"2025-01-03T15:41:27+00:00\" \/>\n<meta name=\"twitter:card\" content=\"summary_large_image\" \/>\n<meta name=\"twitter:label1\" content=\"Gesch\u00e4tzte Lesezeit\" \/>\n\t<meta name=\"twitter:data1\" content=\"1\u00a0Minute\" \/>\n<script type=\"application\/ld+json\" class=\"yoast-schema-graph\">{\"@context\":\"https:\/\/schema.org\",\"@graph\":[{\"@type\":\"Article\",\"@id\":\"https:\/\/denizcankizil.tr\/ru\/haberler\/gundem\/muhammed-ul-emin-camii-ibadete-acildi\/#article\",\"isPartOf\":{\"@id\":\"https:\/\/denizcankizil.tr\/ru\/haberler\/gundem\/muhammed-ul-emin-camii-ibadete-acildi\/\"},\"author\":{\"name\":\"\",\"@id\":\"\"},\"headline\":\"Muhammed-\u00fcl Emin Camii \u0130badete A\u00e7\u0131ld\u0131\",\"datePublished\":\"2025-01-03T15:41:27+00:00\",\"mainEntityOfPage\":{\"@id\":\"https:\/\/denizcankizil.tr\/ru\/haberler\/gundem\/muhammed-ul-emin-camii-ibadete-acildi\/\"},\"wordCount\":221,\"commentCount\":0,\"publisher\":{\"@id\":\"https:\/\/denizcankizil.tr\/#organization\"},\"articleSection\":[\"G\u00fcndem\",\"Uncategorized\"],\"inLanguage\":\"de\",\"potentialAction\":[{\"@type\":\"CommentAction\",\"name\":\"Comment\",\"target\":[\"https:\/\/denizcankizil.tr\/ru\/haberler\/gundem\/muhammed-ul-emin-camii-ibadete-acildi\/#respond\"]}]},{\"@type\":\"WebPage\",\"@id\":\"https:\/\/denizcankizil.tr\/ru\/haberler\/gundem\/muhammed-ul-emin-camii-ibadete-acildi\/\",\"url\":\"https:\/\/denizcankizil.tr\/ru\/haberler\/gundem\/muhammed-ul-emin-camii-ibadete-acildi\/\",\"name\":\"Muhammed-\u00fcl Emin Camii \u0130badete A\u00e7\u0131ld\u0131 - Av. Deniz Can K\u0131z\u0131l\",\"isPartOf\":{\"@id\":\"https:\/\/denizcankizil.tr\/#website\"},\"datePublished\":\"2025-01-03T15:41:27+00:00\",\"breadcrumb\":{\"@id\":\"https:\/\/denizcankizil.tr\/ru\/haberler\/gundem\/muhammed-ul-emin-camii-ibadete-acildi\/#breadcrumb\"},\"inLanguage\":\"de\",\"potentialAction\":[{\"@type\":\"ReadAction\",\"target\":[\"https:\/\/denizcankizil.tr\/ru\/haberler\/gundem\/muhammed-ul-emin-camii-ibadete-acildi\/\"]}]},{\"@type\":\"BreadcrumbList\",\"@id\":\"https:\/\/denizcankizil.tr\/ru\/haberler\/gundem\/muhammed-ul-emin-camii-ibadete-acildi\/#breadcrumb\",\"itemListElement\":[{\"@type\":\"ListItem\",\"position\":1,\"name\":\"Home\",\"item\":\"https:\/\/denizcankizil.tr\/de\/\"},{\"@type\":\"ListItem\",\"position\":2,\"name\":\"Muhammed-\u00fcl Emin Camii \u0130badete A\u00e7\u0131ld\u0131\"}]},{\"@type\":\"WebSite\",\"@id\":\"https:\/\/denizcankizil.tr\/#website\",\"url\":\"https:\/\/denizcankizil.tr\/\",\"name\":\"Av. Deniz Can K\u0131z\u0131l\",\"description\":\"Avukat Deniz Can K\u0131z\u0131l Antalya Barosu\",\"publisher\":{\"@id\":\"https:\/\/denizcankizil.tr\/#organization\"},\"potentialAction\":[{\"@type\":\"SearchAction\",\"target\":{\"@type\":\"EntryPoint\",\"urlTemplate\":\"https:\/\/denizcankizil.tr\/?s={search_term_string}\"},\"query-input\":{\"@type\":\"PropertyValueSpecification\",\"valueRequired\":true,\"valueName\":\"search_term_string\"}}],\"inLanguage\":\"de\"},{\"@type\":\"Organization\",\"@id\":\"https:\/\/denizcankizil.tr\/#organization\",\"name\":\"Av. Deniz Can K\u0131z\u0131l\",\"url\":\"https:\/\/denizcankizil.tr\/\",\"logo\":{\"@type\":\"ImageObject\",\"inLanguage\":\"de\",\"@id\":\"https:\/\/denizcankizil.tr\/#\/schema\/logo\/image\/\",\"url\":\"https:\/\/denizcankizil.tr\/wp-content\/uploads\/2024\/10\/siyah-logo-svg.svg\",\"contentUrl\":\"https:\/\/denizcankizil.tr\/wp-content\/uploads\/2024\/10\/siyah-logo-svg.svg\",\"width\":1080,\"height\":1080,\"caption\":\"Av. Deniz Can K\u0131z\u0131l\"},\"image\":{\"@id\":\"https:\/\/denizcankizil.tr\/#\/schema\/logo\/image\/\"}}]}<\/script>\n<!-- \/ Yoast SEO Premium plugin. -->","yoast_head_json":{"title":"Muhammed-\u00fcl Emin Camii \u0130badete A\u00e7\u0131ld\u0131 - Av. Deniz Can K\u0131z\u0131l","robots":{"index":"index","follow":"follow","max-snippet":"max-snippet:-1","max-image-preview":"max-image-preview:large","max-video-preview":"max-video-preview:-1"},"canonical":"https:\/\/denizcankizil.tr\/de\/haberler\/gundem\/muhammed-ul-emin-camii-ibadete-acildi\/","og_locale":"de_DE","og_type":"article","og_title":"Muhammed-\u00fcl Emin Camii \u0130badete A\u00e7\u0131ld\u0131","og_description":"Kadim \u015eehrin Manevi Miras\u0131 Canlan\u0131yor T\u00f6rende bir konu\u015fma yapan Vali Masatl\u0131, Antakya\u2019n\u0131n tarihi ve manevi miras\u0131n\u0131n \u00f6nemine vurgu yapt\u0131. \u015eehrin yeniden ihya ve in\u015fa s\u00fcrecinde manevi de\u011ferlerin de aya\u011fa kald\u0131r\u0131lmas\u0131n\u0131n, \u015fehrin haf\u0131zas\u0131 a\u00e7\u0131s\u0131ndan b\u00fcy\u00fck \u00f6nem ta\u015f\u0131d\u0131\u011f\u0131n\u0131 belirten Vali Masatl\u0131, \u015funlar\u0131 s\u00f6yledi: \u201c\u0130limize ve insan\u0131m\u0131za ait t\u00fcm de\u011ferleri e\u015f zamanl\u0131 olarak ihya etme gayretindeyiz. Bug\u00fcn ibadete a\u00e7\u0131lan Muhammed-\u00fcl Emin Camii\u2019nin hem mahallemize hem de ilimize hay\u0131rl\u0131 olmas\u0131n\u0131 temenni ediyorum.\u201d Vatanda\u015flar\u0131n Yo\u011fun Kat\u0131l\u0131m\u0131 Yo\u011fun kat\u0131l\u0131mla ger\u00e7ekle\u015fen a\u00e7\u0131l\u0131\u015f t\u00f6reninde dualar edilerek cami ibadete a\u00e7\u0131ld\u0131. Vatanda\u015flar, b\u00f6ylesi \u00f6nemli bir eserin mahallelerine kazand\u0131r\u0131lmas\u0131ndan duyduklar\u0131 memnuniyeti dile getirdi. Muhammed-\u00fcl Emin Camii, b\u00f6lgede hem ibadet hem de sosyal etkinlikler i\u00e7in \u00f6nemli bir merkez olacak. \u200bHatay\u2019\u0131n Antakya il\u00e7esine ba\u011fl\u0131 \u00dcz\u00fcmdal\u0131 Mahallesi\u2019nde yap\u0131m\u0131 tamamlanan Muhammed-\u00fcl Emin Camii, d\u00fczenlenen t\u00f6renle ibadete a\u00e7\u0131ld\u0131. A\u00e7\u0131l\u0131\u015fa Hatay Valisi Mustafa Masatl\u0131, il ve il\u00e7e protokol \u00fcyeleri ile \u00e7ok say\u0131da vatanda\u015f kat\u0131ld\u0131.\u00a0 \u200bHaberin Al\u0131nt\u0131land\u0131\u011f\u0131 Kaynak: www.iskenderun.org","og_url":"https:\/\/denizcankizil.tr\/de\/haberler\/gundem\/muhammed-ul-emin-camii-ibadete-acildi\/","og_site_name":"Av. Deniz Can K\u0131z\u0131l","article_published_time":"2025-01-03T15:41:27+00:00","twitter_card":"summary_large_image","twitter_misc":{"Gesch\u00e4tzte Lesezeit":"1\u00a0Minute"},"schema":{"@context":"https:\/\/schema.org","@graph":[{"@type":"Article","@id":"https:\/\/denizcankizil.tr\/ru\/haberler\/gundem\/muhammed-ul-emin-camii-ibadete-acildi\/#article","isPartOf":{"@id":"https:\/\/denizcankizil.tr\/ru\/haberler\/gundem\/muhammed-ul-emin-camii-ibadete-acildi\/"},"author":{"name":"","@id":""},"headline":"Muhammed-\u00fcl Emin Camii \u0130badete A\u00e7\u0131ld\u0131","datePublished":"2025-01-03T15:41:27+00:00","mainEntityOfPage":{"@id":"https:\/\/denizcankizil.tr\/ru\/haberler\/gundem\/muhammed-ul-emin-camii-ibadete-acildi\/"},"wordCount":221,"commentCount":0,"publisher":{"@id":"https:\/\/denizcankizil.tr\/#organization"},"articleSection":["G\u00fcndem","Uncategorized"],"inLanguage":"de","potentialAction":[{"@type":"CommentAction","name":"Comment","target":["https:\/\/denizcankizil.tr\/ru\/haberler\/gundem\/muhammed-ul-emin-camii-ibadete-acildi\/#respond"]}]},{"@type":"WebPage","@id":"https:\/\/denizcankizil.tr\/ru\/haberler\/gundem\/muhammed-ul-emin-camii-ibadete-acildi\/","url":"https:\/\/denizcankizil.tr\/ru\/haberler\/gundem\/muhammed-ul-emin-camii-ibadete-acildi\/","name":"Muhammed-\u00fcl Emin Camii \u0130badete A\u00e7\u0131ld\u0131 - Av. Deniz Can K\u0131z\u0131l","isPartOf":{"@id":"https:\/\/denizcankizil.tr\/#website"},"datePublished":"2025-01-03T15:41:27+00:00","breadcrumb":{"@id":"https:\/\/denizcankizil.tr\/ru\/haberler\/gundem\/muhammed-ul-emin-camii-ibadete-acildi\/#breadcrumb"},"inLanguage":"de","potentialAction":[{"@type":"ReadAction","target":["https:\/\/denizcankizil.tr\/ru\/haberler\/gundem\/muhammed-ul-emin-camii-ibadete-acildi\/"]}]},{"@type":"BreadcrumbList","@id":"https:\/\/denizcankizil.tr\/ru\/haberler\/gundem\/muhammed-ul-emin-camii-ibadete-acildi\/#breadcrumb","itemListElement":[{"@type":"ListItem","position":1,"name":"Home","item":"https:\/\/denizcankizil.tr\/de\/"},{"@type":"ListItem","position":2,"name":"Muhammed-\u00fcl Emin Camii \u0130badete A\u00e7\u0131ld\u0131"}]},{"@type":"WebSite","@id":"https:\/\/denizcankizil.tr\/#website","url":"https:\/\/denizcankizil.tr\/","name":"Av. Deniz Can K\u0131z\u0131l","description":"Avukat Deniz Can K\u0131z\u0131l Antalya Barosu","publisher":{"@id":"https:\/\/denizcankizil.tr\/#organization"},"potentialAction":[{"@type":"SearchAction","target":{"@type":"EntryPoint","urlTemplate":"https:\/\/denizcankizil.tr\/?s={search_term_string}"},"query-input":{"@type":"PropertyValueSpecification","valueRequired":true,"valueName":"search_term_string"}}],"inLanguage":"de"},{"@type":"Organization","@id":"https:\/\/denizcankizil.tr\/#organization","name":"Av. Deniz Can K\u0131z\u0131l","url":"https:\/\/denizcankizil.tr\/","logo":{"@type":"ImageObject","inLanguage":"de","@id":"https:\/\/denizcankizil.tr\/#\/schema\/logo\/image\/","url":"https:\/\/denizcankizil.tr\/wp-content\/uploads\/2024\/10\/siyah-logo-svg.svg","contentUrl":"https:\/\/denizcankizil.tr\/wp-content\/uploads\/2024\/10\/siyah-logo-svg.svg","width":1080,"height":1080,"caption":"Av. Deniz Can K\u0131z\u0131l"},"image":{"@id":"https:\/\/denizcankizil.tr\/#\/schema\/logo\/image\/"}}]}},"_links":{"self":[{"href":"https:\/\/denizcankizil.tr\/de\/wp-json\/wp\/v2\/posts\/23689","targetHints":{"allow":["GET"]}}],"collection":[{"href":"https:\/\/denizcankizil.tr\/de\/wp-json\/wp\/v2\/posts"}],"about":[{"href":"https:\/\/denizcankizil.tr\/de\/wp-json\/wp\/v2\/types\/post"}],"replies":[{"embeddable":true,"href":"https:\/\/denizcankizil.tr\/de\/wp-json\/wp\/v2\/comments?post=23689"}],"version-history":[{"count":0,"href":"https:\/\/denizcankizil.tr\/de\/wp-json\/wp\/v2\/posts\/23689\/revisions"}],"wp:attachment":[{"href":"https:\/\/denizcankizil.tr\/de\/wp-json\/wp\/v2\/media?parent=23689"}],"wp:term":[{"taxonomy":"category","embeddable":true,"href":"https:\/\/denizcankizil.tr\/de\/wp-json\/wp\/v2\/categories?post=23689"},{"taxonomy":"post_tag","embeddable":true,"href":"https:\/\/denizcankizil.tr\/de\/wp-json\/wp\/v2\/tags?post=23689"}],"curies":[{"name":"wp","href":"https:\/\/api.w.org\/{rel}","templated":true}]}}