{"id":23678,"date":"2025-01-03T17:41:48","date_gmt":"2025-01-03T14:41:48","guid":{"rendered":"https:\/\/denizcankizil.tr\/uncategorized-tr\/mudanyada-yeni-otopark-hizmete-acildi\/"},"modified":"2025-01-03T17:41:48","modified_gmt":"2025-01-03T14:41:48","slug":"mudanyada-yeni-otopark-hizmete-acildi","status":"publish","type":"post","link":"https:\/\/denizcankizil.tr\/de\/haberler\/gundem\/mudanyada-yeni-otopark-hizmete-acildi\/","title":{"rendered":"Mudanya\u2019da yeni otopark hizmete a\u00e7\u0131ld\u0131"},"content":{"rendered":"<p>Mudanya Belediyesi, artan ara\u00e7 yo\u011funlu\u011funa \u00e7\u00f6z\u00fcm \u00fcretmek amac\u0131yla eski belediye binas\u0131n\u0131n bulundu\u011fu alan\u0131 yenileyerek otoparka d\u00f6n\u00fc\u015ft\u00fcrd\u00fc.<\/p>\n<p>\u200bMudanya Belediyesi, artan ara\u00e7 yo\u011funlu\u011funa \u00e7\u00f6z\u00fcm \u00fcretmek amac\u0131yla eski belediye binas\u0131n\u0131n bulundu\u011fu alan\u0131 yenileyerek otoparka d\u00f6n\u00fc\u015ft\u00fcrd\u00fc.\u00a0<\/p>\n<p>\u200bHaberin Al\u0131nt\u0131land\u0131\u011f\u0131 Kaynak: www.iskenderun.org<\/p>","protected":false},"excerpt":{"rendered":"<p>Mudanya Belediyesi, artan ara\u00e7 yo\u011funlu\u011funa \u00e7\u00f6z\u00fcm \u00fcretmek amac\u0131yla eski belediye binas\u0131n\u0131n bulundu\u011fu alan\u0131 yenileyerek otoparka d\u00f6n\u00fc\u015ft\u00fcrd\u00fc. \u200bMudanya Belediyesi, artan ara\u00e7 yo\u011funlu\u011funa \u00e7\u00f6z\u00fcm \u00fcretmek amac\u0131yla eski belediye binas\u0131n\u0131n bulundu\u011fu alan\u0131 yenileyerek otoparka d\u00f6n\u00fc\u015ft\u00fcrd\u00fc.\u00a0 \u200bHaberin Al\u0131nt\u0131land\u0131\u011f\u0131 Kaynak: www.iskenderun.org<\/p>","protected":false},"author":0,"featured_media":0,"comment_status":"open","ping_status":"open","sticky":false,"template":"","format":"standard","meta":{"_acf_changed":false,"footnotes":""},"categories":[24,535],"tags":[],"class_list":["post-23678","post","type-post","status-publish","format-standard","has-post-thumbnail","hentry","category-gundem","category-uncategorized-tr"],"acf":[],"yoast_head":"<!-- This site is optimized with the Yoast SEO Premium plugin v26.6 (Yoast SEO v27.1.1) - https:\/\/yoast.com\/product\/yoast-seo-premium-wordpress\/ -->\n<title>Mudanya\u2019da yeni otopark hizmete a\u00e7\u0131ld\u0131 - Av. Deniz Can K\u0131z\u0131l<\/title>\n<meta name=\"robots\" content=\"index, follow, max-snippet:-1, max-image-preview:large, max-video-preview:-1\" \/>\n<link rel=\"canonical\" href=\"https:\/\/denizcankizil.tr\/de\/haberler\/gundem\/mudanyada-yeni-otopark-hizmete-acildi\/\" \/>\n<meta property=\"og:locale\" content=\"de_DE\" \/>\n<meta property=\"og:type\" content=\"article\" \/>\n<meta property=\"og:title\" content=\"Mudanya\u2019da yeni otopark hizmete a\u00e7\u0131ld\u0131\" \/>\n<meta property=\"og:description\" content=\"Mudanya Belediyesi, artan ara\u00e7 yo\u011funlu\u011funa \u00e7\u00f6z\u00fcm \u00fcretmek amac\u0131yla eski belediye binas\u0131n\u0131n bulundu\u011fu alan\u0131 yenileyerek otoparka d\u00f6n\u00fc\u015ft\u00fcrd\u00fc. \u200bMudanya Belediyesi, artan ara\u00e7 yo\u011funlu\u011funa \u00e7\u00f6z\u00fcm \u00fcretmek amac\u0131yla eski belediye binas\u0131n\u0131n bulundu\u011fu alan\u0131 yenileyerek otoparka d\u00f6n\u00fc\u015ft\u00fcrd\u00fc.\u00a0 \u200bHaberin Al\u0131nt\u0131land\u0131\u011f\u0131 Kaynak: www.iskenderun.org\" \/>\n<meta property=\"og:url\" content=\"https:\/\/denizcankizil.tr\/de\/haberler\/gundem\/mudanyada-yeni-otopark-hizmete-acildi\/\" \/>\n<meta property=\"og:site_name\" content=\"Av. Deniz Can K\u0131z\u0131l\" \/>\n<meta property=\"article:published_time\" content=\"2025-01-03T14:41:48+00:00\" \/>\n<meta name=\"twitter:card\" content=\"summary_large_image\" \/>\n<script type=\"application\/ld+json\" class=\"yoast-schema-graph\">{\"@context\":\"https:\/\/schema.org\",\"@graph\":[{\"@type\":\"Article\",\"@id\":\"https:\/\/denizcankizil.tr\/de\/haberler\/gundem\/mudanyada-yeni-otopark-hizmete-acildi\/#article\",\"isPartOf\":{\"@id\":\"https:\/\/denizcankizil.tr\/de\/haberler\/gundem\/mudanyada-yeni-otopark-hizmete-acildi\/\"},\"author\":{\"name\":\"\",\"@id\":\"\"},\"headline\":\"Mudanya\u2019da yeni otopark hizmete a\u00e7\u0131ld\u0131\",\"datePublished\":\"2025-01-03T14:41:48+00:00\",\"mainEntityOfPage\":{\"@id\":\"https:\/\/denizcankizil.tr\/de\/haberler\/gundem\/mudanyada-yeni-otopark-hizmete-acildi\/\"},\"wordCount\":67,\"commentCount\":0,\"publisher\":{\"@id\":\"https:\/\/denizcankizil.tr\/#organization\"},\"articleSection\":[\"G\u00fcndem\",\"Uncategorized\"],\"inLanguage\":\"de\",\"potentialAction\":[{\"@type\":\"CommentAction\",\"name\":\"Comment\",\"target\":[\"https:\/\/denizcankizil.tr\/de\/haberler\/gundem\/mudanyada-yeni-otopark-hizmete-acildi\/#respond\"]}]},{\"@type\":\"WebPage\",\"@id\":\"https:\/\/denizcankizil.tr\/de\/haberler\/gundem\/mudanyada-yeni-otopark-hizmete-acildi\/\",\"url\":\"https:\/\/denizcankizil.tr\/de\/haberler\/gundem\/mudanyada-yeni-otopark-hizmete-acildi\/\",\"name\":\"Mudanya\u2019da yeni otopark hizmete a\u00e7\u0131ld\u0131 - Av. Deniz Can K\u0131z\u0131l\",\"isPartOf\":{\"@id\":\"https:\/\/denizcankizil.tr\/#website\"},\"datePublished\":\"2025-01-03T14:41:48+00:00\",\"breadcrumb\":{\"@id\":\"https:\/\/denizcankizil.tr\/de\/haberler\/gundem\/mudanyada-yeni-otopark-hizmete-acildi\/#breadcrumb\"},\"inLanguage\":\"de\",\"potentialAction\":[{\"@type\":\"ReadAction\",\"target\":[\"https:\/\/denizcankizil.tr\/de\/haberler\/gundem\/mudanyada-yeni-otopark-hizmete-acildi\/\"]}]},{\"@type\":\"BreadcrumbList\",\"@id\":\"https:\/\/denizcankizil.tr\/de\/haberler\/gundem\/mudanyada-yeni-otopark-hizmete-acildi\/#breadcrumb\",\"itemListElement\":[{\"@type\":\"ListItem\",\"position\":1,\"name\":\"Home\",\"item\":\"https:\/\/denizcankizil.tr\/uk\/\"},{\"@type\":\"ListItem\",\"position\":2,\"name\":\"Mudanya\u2019da yeni otopark hizmete a\u00e7\u0131ld\u0131\"}]},{\"@type\":\"WebSite\",\"@id\":\"https:\/\/denizcankizil.tr\/#website\",\"url\":\"https:\/\/denizcankizil.tr\/\",\"name\":\"Av. Deniz Can K\u0131z\u0131l\",\"description\":\"Avukat Deniz Can K\u0131z\u0131l Antalya Barosu\",\"publisher\":{\"@id\":\"https:\/\/denizcankizil.tr\/#organization\"},\"potentialAction\":[{\"@type\":\"SearchAction\",\"target\":{\"@type\":\"EntryPoint\",\"urlTemplate\":\"https:\/\/denizcankizil.tr\/?s={search_term_string}\"},\"query-input\":{\"@type\":\"PropertyValueSpecification\",\"valueRequired\":true,\"valueName\":\"search_term_string\"}}],\"inLanguage\":\"de\"},{\"@type\":\"Organization\",\"@id\":\"https:\/\/denizcankizil.tr\/#organization\",\"name\":\"Av. Deniz Can K\u0131z\u0131l\",\"url\":\"https:\/\/denizcankizil.tr\/\",\"logo\":{\"@type\":\"ImageObject\",\"inLanguage\":\"de\",\"@id\":\"https:\/\/denizcankizil.tr\/#\/schema\/logo\/image\/\",\"url\":\"https:\/\/denizcankizil.tr\/wp-content\/uploads\/2024\/10\/siyah-logo-svg.svg\",\"contentUrl\":\"https:\/\/denizcankizil.tr\/wp-content\/uploads\/2024\/10\/siyah-logo-svg.svg\",\"width\":1080,\"height\":1080,\"caption\":\"Av. Deniz Can K\u0131z\u0131l\"},\"image\":{\"@id\":\"https:\/\/denizcankizil.tr\/#\/schema\/logo\/image\/\"}}]}<\/script>\n<!-- \/ Yoast SEO Premium plugin. -->","yoast_head_json":{"title":"Mudanya\u2019da yeni otopark hizmete a\u00e7\u0131ld\u0131 - Av. Deniz Can K\u0131z\u0131l","robots":{"index":"index","follow":"follow","max-snippet":"max-snippet:-1","max-image-preview":"max-image-preview:large","max-video-preview":"max-video-preview:-1"},"canonical":"https:\/\/denizcankizil.tr\/de\/haberler\/gundem\/mudanyada-yeni-otopark-hizmete-acildi\/","og_locale":"de_DE","og_type":"article","og_title":"Mudanya\u2019da yeni otopark hizmete a\u00e7\u0131ld\u0131","og_description":"Mudanya Belediyesi, artan ara\u00e7 yo\u011funlu\u011funa \u00e7\u00f6z\u00fcm \u00fcretmek amac\u0131yla eski belediye binas\u0131n\u0131n bulundu\u011fu alan\u0131 yenileyerek otoparka d\u00f6n\u00fc\u015ft\u00fcrd\u00fc. \u200bMudanya Belediyesi, artan ara\u00e7 yo\u011funlu\u011funa \u00e7\u00f6z\u00fcm \u00fcretmek amac\u0131yla eski belediye binas\u0131n\u0131n bulundu\u011fu alan\u0131 yenileyerek otoparka d\u00f6n\u00fc\u015ft\u00fcrd\u00fc.\u00a0 \u200bHaberin Al\u0131nt\u0131land\u0131\u011f\u0131 Kaynak: www.iskenderun.org","og_url":"https:\/\/denizcankizil.tr\/de\/haberler\/gundem\/mudanyada-yeni-otopark-hizmete-acildi\/","og_site_name":"Av. Deniz Can K\u0131z\u0131l","article_published_time":"2025-01-03T14:41:48+00:00","twitter_card":"summary_large_image","schema":{"@context":"https:\/\/schema.org","@graph":[{"@type":"Article","@id":"https:\/\/denizcankizil.tr\/de\/haberler\/gundem\/mudanyada-yeni-otopark-hizmete-acildi\/#article","isPartOf":{"@id":"https:\/\/denizcankizil.tr\/de\/haberler\/gundem\/mudanyada-yeni-otopark-hizmete-acildi\/"},"author":{"name":"","@id":""},"headline":"Mudanya\u2019da yeni otopark hizmete a\u00e7\u0131ld\u0131","datePublished":"2025-01-03T14:41:48+00:00","mainEntityOfPage":{"@id":"https:\/\/denizcankizil.tr\/de\/haberler\/gundem\/mudanyada-yeni-otopark-hizmete-acildi\/"},"wordCount":67,"commentCount":0,"publisher":{"@id":"https:\/\/denizcankizil.tr\/#organization"},"articleSection":["G\u00fcndem","Uncategorized"],"inLanguage":"de","potentialAction":[{"@type":"CommentAction","name":"Comment","target":["https:\/\/denizcankizil.tr\/de\/haberler\/gundem\/mudanyada-yeni-otopark-hizmete-acildi\/#respond"]}]},{"@type":"WebPage","@id":"https:\/\/denizcankizil.tr\/de\/haberler\/gundem\/mudanyada-yeni-otopark-hizmete-acildi\/","url":"https:\/\/denizcankizil.tr\/de\/haberler\/gundem\/mudanyada-yeni-otopark-hizmete-acildi\/","name":"Mudanya\u2019da yeni otopark hizmete a\u00e7\u0131ld\u0131 - Av. Deniz Can K\u0131z\u0131l","isPartOf":{"@id":"https:\/\/denizcankizil.tr\/#website"},"datePublished":"2025-01-03T14:41:48+00:00","breadcrumb":{"@id":"https:\/\/denizcankizil.tr\/de\/haberler\/gundem\/mudanyada-yeni-otopark-hizmete-acildi\/#breadcrumb"},"inLanguage":"de","potentialAction":[{"@type":"ReadAction","target":["https:\/\/denizcankizil.tr\/de\/haberler\/gundem\/mudanyada-yeni-otopark-hizmete-acildi\/"]}]},{"@type":"BreadcrumbList","@id":"https:\/\/denizcankizil.tr\/de\/haberler\/gundem\/mudanyada-yeni-otopark-hizmete-acildi\/#breadcrumb","itemListElement":[{"@type":"ListItem","position":1,"name":"Home","item":"https:\/\/denizcankizil.tr\/uk\/"},{"@type":"ListItem","position":2,"name":"Mudanya\u2019da yeni otopark hizmete a\u00e7\u0131ld\u0131"}]},{"@type":"WebSite","@id":"https:\/\/denizcankizil.tr\/#website","url":"https:\/\/denizcankizil.tr\/","name":"Av. Deniz Can K\u0131z\u0131l","description":"Avukat Deniz Can K\u0131z\u0131l Antalya Barosu","publisher":{"@id":"https:\/\/denizcankizil.tr\/#organization"},"potentialAction":[{"@type":"SearchAction","target":{"@type":"EntryPoint","urlTemplate":"https:\/\/denizcankizil.tr\/?s={search_term_string}"},"query-input":{"@type":"PropertyValueSpecification","valueRequired":true,"valueName":"search_term_string"}}],"inLanguage":"de"},{"@type":"Organization","@id":"https:\/\/denizcankizil.tr\/#organization","name":"Av. Deniz Can K\u0131z\u0131l","url":"https:\/\/denizcankizil.tr\/","logo":{"@type":"ImageObject","inLanguage":"de","@id":"https:\/\/denizcankizil.tr\/#\/schema\/logo\/image\/","url":"https:\/\/denizcankizil.tr\/wp-content\/uploads\/2024\/10\/siyah-logo-svg.svg","contentUrl":"https:\/\/denizcankizil.tr\/wp-content\/uploads\/2024\/10\/siyah-logo-svg.svg","width":1080,"height":1080,"caption":"Av. Deniz Can K\u0131z\u0131l"},"image":{"@id":"https:\/\/denizcankizil.tr\/#\/schema\/logo\/image\/"}}]}},"_links":{"self":[{"href":"https:\/\/denizcankizil.tr\/de\/wp-json\/wp\/v2\/posts\/23678","targetHints":{"allow":["GET"]}}],"collection":[{"href":"https:\/\/denizcankizil.tr\/de\/wp-json\/wp\/v2\/posts"}],"about":[{"href":"https:\/\/denizcankizil.tr\/de\/wp-json\/wp\/v2\/types\/post"}],"replies":[{"embeddable":true,"href":"https:\/\/denizcankizil.tr\/de\/wp-json\/wp\/v2\/comments?post=23678"}],"version-history":[{"count":0,"href":"https:\/\/denizcankizil.tr\/de\/wp-json\/wp\/v2\/posts\/23678\/revisions"}],"wp:attachment":[{"href":"https:\/\/denizcankizil.tr\/de\/wp-json\/wp\/v2\/media?parent=23678"}],"wp:term":[{"taxonomy":"category","embeddable":true,"href":"https:\/\/denizcankizil.tr\/de\/wp-json\/wp\/v2\/categories?post=23678"},{"taxonomy":"post_tag","embeddable":true,"href":"https:\/\/denizcankizil.tr\/de\/wp-json\/wp\/v2\/tags?post=23678"}],"curies":[{"name":"wp","href":"https:\/\/api.w.org\/{rel}","templated":true}]}}