{"id":23603,"date":"2025-01-03T12:41:32","date_gmt":"2025-01-03T09:41:32","guid":{"rendered":"https:\/\/denizcankizil.tr\/uncategorized-tr\/ege-universitesi-vefa-yilini-medyanin-zirvesinde-kapatti\/"},"modified":"2025-01-03T12:41:32","modified_gmt":"2025-01-03T09:41:32","slug":"ege-universitesi-vefa-yilini-medyanin-zirvesinde-kapatti","status":"publish","type":"post","link":"https:\/\/denizcankizil.tr\/de\/haberler\/gundem\/ege-universitesi-vefa-yilini-medyanin-zirvesinde-kapatti\/","title":{"rendered":"Ege \u00dcniversitesi \u201cVefa\u201d y\u0131l\u0131n\u0131 medyan\u0131n zirvesinde kapatt\u0131"},"content":{"rendered":"<p>\u201cVefa\u201d y\u0131l\u0131n\u0131 ba\u015far\u0131larla geride b\u0131rakarak 70. y\u0131l\u0131na \u201csevgi\u201d temas\u0131 ile giren Ege \u00dcniversitesi, 2024 y\u0131l\u0131nda yine medyada ad\u0131ndan en \u00e7ok s\u00f6z ettiren \u00fcniversiteler aras\u0131nda zirvede yer ald\u0131.<\/p>\n<p>\u200b\u201cVefa\u201d y\u0131l\u0131n\u0131 ba\u015far\u0131larla geride b\u0131rakarak 70. y\u0131l\u0131na \u201csevgi\u201d temas\u0131 ile giren Ege \u00dcniversitesi, 2024 y\u0131l\u0131nda yine medyada ad\u0131ndan en \u00e7ok s\u00f6z ettiren \u00fcniversiteler aras\u0131nda zirvede yer ald\u0131.\u00a0<\/p>\n<p>\u200bHaberin Al\u0131nt\u0131land\u0131\u011f\u0131 Kaynak: www.iskenderun.org<\/p>","protected":false},"excerpt":{"rendered":"<p>\u201cVefa\u201d y\u0131l\u0131n\u0131 ba\u015far\u0131larla geride b\u0131rakarak 70. y\u0131l\u0131na \u201csevgi\u201d temas\u0131 ile giren Ege \u00dcniversitesi, 2024 y\u0131l\u0131nda yine medyada ad\u0131ndan en \u00e7ok s\u00f6z ettiren \u00fcniversiteler aras\u0131nda zirvede yer ald\u0131. \u200b\u201cVefa\u201d y\u0131l\u0131n\u0131 ba\u015far\u0131larla geride b\u0131rakarak 70. y\u0131l\u0131na \u201csevgi\u201d temas\u0131 ile giren Ege \u00dcniversitesi, 2024 y\u0131l\u0131nda yine medyada ad\u0131ndan en \u00e7ok s\u00f6z ettiren \u00fcniversiteler aras\u0131nda zirvede yer ald\u0131.\u00a0 \u200bHaberin Al\u0131nt\u0131land\u0131\u011f\u0131 Kaynak: www.iskenderun.org<\/p>","protected":false},"author":0,"featured_media":0,"comment_status":"open","ping_status":"open","sticky":false,"template":"","format":"standard","meta":{"_acf_changed":false,"footnotes":""},"categories":[24,535],"tags":[],"class_list":["post-23603","post","type-post","status-publish","format-standard","has-post-thumbnail","hentry","category-gundem","category-uncategorized-tr"],"acf":[],"yoast_head":"<!-- This site is optimized with the Yoast SEO Premium plugin v26.6 (Yoast SEO v27.1.1) - https:\/\/yoast.com\/product\/yoast-seo-premium-wordpress\/ -->\n<title>Ege \u00dcniversitesi \u201cVefa\u201d y\u0131l\u0131n\u0131 medyan\u0131n zirvesinde kapatt\u0131 - Av. Deniz Can K\u0131z\u0131l<\/title>\n<meta name=\"robots\" content=\"index, follow, max-snippet:-1, max-image-preview:large, max-video-preview:-1\" \/>\n<link rel=\"canonical\" href=\"http:\/\/denizcankizil.tr\/de\/haberler\/gundem\/ege-universitesi-vefa-yilini-medyanin-zirvesinde-kapatti\/\" \/>\n<meta property=\"og:locale\" content=\"de_DE\" \/>\n<meta property=\"og:type\" content=\"article\" \/>\n<meta property=\"og:title\" content=\"Ege \u00dcniversitesi \u201cVefa\u201d y\u0131l\u0131n\u0131 medyan\u0131n zirvesinde kapatt\u0131\" \/>\n<meta property=\"og:description\" content=\"\u201cVefa\u201d y\u0131l\u0131n\u0131 ba\u015far\u0131larla geride b\u0131rakarak 70. y\u0131l\u0131na \u201csevgi\u201d temas\u0131 ile giren Ege \u00dcniversitesi, 2024 y\u0131l\u0131nda yine medyada ad\u0131ndan en \u00e7ok s\u00f6z ettiren \u00fcniversiteler aras\u0131nda zirvede yer ald\u0131. \u200b\u201cVefa\u201d y\u0131l\u0131n\u0131 ba\u015far\u0131larla geride b\u0131rakarak 70. y\u0131l\u0131na \u201csevgi\u201d temas\u0131 ile giren Ege \u00dcniversitesi, 2024 y\u0131l\u0131nda yine medyada ad\u0131ndan en \u00e7ok s\u00f6z ettiren \u00fcniversiteler aras\u0131nda zirvede yer ald\u0131.\u00a0 \u200bHaberin Al\u0131nt\u0131land\u0131\u011f\u0131 Kaynak: www.iskenderun.org\" \/>\n<meta property=\"og:url\" content=\"http:\/\/denizcankizil.tr\/de\/haberler\/gundem\/ege-universitesi-vefa-yilini-medyanin-zirvesinde-kapatti\/\" \/>\n<meta property=\"og:site_name\" content=\"Av. Deniz Can K\u0131z\u0131l\" \/>\n<meta property=\"article:published_time\" content=\"2025-01-03T09:41:32+00:00\" \/>\n<meta name=\"twitter:card\" content=\"summary_large_image\" \/>\n<script type=\"application\/ld+json\" class=\"yoast-schema-graph\">{\"@context\":\"https:\/\/schema.org\",\"@graph\":[{\"@type\":\"Article\",\"@id\":\"http:\/\/denizcankizil.tr\/ru\/haberler\/gundem\/ege-universitesi-vefa-yilini-medyanin-zirvesinde-kapatti\/#article\",\"isPartOf\":{\"@id\":\"http:\/\/denizcankizil.tr\/ru\/haberler\/gundem\/ege-universitesi-vefa-yilini-medyanin-zirvesinde-kapatti\/\"},\"author\":{\"name\":\"\",\"@id\":\"\"},\"headline\":\"Ege \u00dcniversitesi \u201cVefa\u201d y\u0131l\u0131n\u0131 medyan\u0131n zirvesinde kapatt\u0131\",\"datePublished\":\"2025-01-03T09:41:32+00:00\",\"mainEntityOfPage\":{\"@id\":\"http:\/\/denizcankizil.tr\/ru\/haberler\/gundem\/ege-universitesi-vefa-yilini-medyanin-zirvesinde-kapatti\/\"},\"wordCount\":92,\"commentCount\":0,\"publisher\":{\"@id\":\"https:\/\/denizcankizil.tr\/de\/#organization\"},\"articleSection\":[\"G\u00fcndem\",\"Uncategorized\"],\"inLanguage\":\"de\",\"potentialAction\":[{\"@type\":\"CommentAction\",\"name\":\"Comment\",\"target\":[\"http:\/\/denizcankizil.tr\/ru\/haberler\/gundem\/ege-universitesi-vefa-yilini-medyanin-zirvesinde-kapatti\/#respond\"]}]},{\"@type\":\"WebPage\",\"@id\":\"http:\/\/denizcankizil.tr\/ru\/haberler\/gundem\/ege-universitesi-vefa-yilini-medyanin-zirvesinde-kapatti\/\",\"url\":\"http:\/\/denizcankizil.tr\/ru\/haberler\/gundem\/ege-universitesi-vefa-yilini-medyanin-zirvesinde-kapatti\/\",\"name\":\"Ege \u00dcniversitesi \u201cVefa\u201d y\u0131l\u0131n\u0131 medyan\u0131n zirvesinde kapatt\u0131 - Av. Deniz Can K\u0131z\u0131l\",\"isPartOf\":{\"@id\":\"https:\/\/denizcankizil.tr\/de\/#website\"},\"datePublished\":\"2025-01-03T09:41:32+00:00\",\"breadcrumb\":{\"@id\":\"http:\/\/denizcankizil.tr\/ru\/haberler\/gundem\/ege-universitesi-vefa-yilini-medyanin-zirvesinde-kapatti\/#breadcrumb\"},\"inLanguage\":\"de\",\"potentialAction\":[{\"@type\":\"ReadAction\",\"target\":[\"http:\/\/denizcankizil.tr\/ru\/haberler\/gundem\/ege-universitesi-vefa-yilini-medyanin-zirvesinde-kapatti\/\"]}]},{\"@type\":\"BreadcrumbList\",\"@id\":\"http:\/\/denizcankizil.tr\/ru\/haberler\/gundem\/ege-universitesi-vefa-yilini-medyanin-zirvesinde-kapatti\/#breadcrumb\",\"itemListElement\":[{\"@type\":\"ListItem\",\"position\":1,\"name\":\"Home\",\"item\":\"https:\/\/denizcankizil.tr\/de\/\"},{\"@type\":\"ListItem\",\"position\":2,\"name\":\"Ege \u00dcniversitesi \u201cVefa\u201d y\u0131l\u0131n\u0131 medyan\u0131n zirvesinde kapatt\u0131\"}]},{\"@type\":\"WebSite\",\"@id\":\"https:\/\/denizcankizil.tr\/de\/#website\",\"url\":\"https:\/\/denizcankizil.tr\/de\/\",\"name\":\"Av. Deniz Can K\u0131z\u0131l\",\"description\":\"Avukat Deniz Can K\u0131z\u0131l Antalya Barosu\",\"publisher\":{\"@id\":\"https:\/\/denizcankizil.tr\/de\/#organization\"},\"potentialAction\":[{\"@type\":\"SearchAction\",\"target\":{\"@type\":\"EntryPoint\",\"urlTemplate\":\"https:\/\/denizcankizil.tr\/de\/?s={search_term_string}\"},\"query-input\":{\"@type\":\"PropertyValueSpecification\",\"valueRequired\":true,\"valueName\":\"search_term_string\"}}],\"inLanguage\":\"de\"},{\"@type\":\"Organization\",\"@id\":\"https:\/\/denizcankizil.tr\/de\/#organization\",\"name\":\"Av. Deniz Can K\u0131z\u0131l\",\"url\":\"https:\/\/denizcankizil.tr\/de\/\",\"logo\":{\"@type\":\"ImageObject\",\"inLanguage\":\"de\",\"@id\":\"https:\/\/denizcankizil.tr\/de\/#\/schema\/logo\/image\/\",\"url\":\"https:\/\/denizcankizil.tr\/wp-content\/uploads\/2024\/10\/siyah-logo-svg.svg\",\"contentUrl\":\"https:\/\/denizcankizil.tr\/wp-content\/uploads\/2024\/10\/siyah-logo-svg.svg\",\"width\":1080,\"height\":1080,\"caption\":\"Av. Deniz Can K\u0131z\u0131l\"},\"image\":{\"@id\":\"https:\/\/denizcankizil.tr\/de\/#\/schema\/logo\/image\/\"}}]}<\/script>\n<!-- \/ Yoast SEO Premium plugin. -->","yoast_head_json":{"title":"Ege \u00dcniversitesi \u201cVefa\u201d y\u0131l\u0131n\u0131 medyan\u0131n zirvesinde kapatt\u0131 - Av. Deniz Can K\u0131z\u0131l","robots":{"index":"index","follow":"follow","max-snippet":"max-snippet:-1","max-image-preview":"max-image-preview:large","max-video-preview":"max-video-preview:-1"},"canonical":"http:\/\/denizcankizil.tr\/de\/haberler\/gundem\/ege-universitesi-vefa-yilini-medyanin-zirvesinde-kapatti\/","og_locale":"de_DE","og_type":"article","og_title":"Ege \u00dcniversitesi \u201cVefa\u201d y\u0131l\u0131n\u0131 medyan\u0131n zirvesinde kapatt\u0131","og_description":"\u201cVefa\u201d y\u0131l\u0131n\u0131 ba\u015far\u0131larla geride b\u0131rakarak 70. y\u0131l\u0131na \u201csevgi\u201d temas\u0131 ile giren Ege \u00dcniversitesi, 2024 y\u0131l\u0131nda yine medyada ad\u0131ndan en \u00e7ok s\u00f6z ettiren \u00fcniversiteler aras\u0131nda zirvede yer ald\u0131. \u200b\u201cVefa\u201d y\u0131l\u0131n\u0131 ba\u015far\u0131larla geride b\u0131rakarak 70. y\u0131l\u0131na \u201csevgi\u201d temas\u0131 ile giren Ege \u00dcniversitesi, 2024 y\u0131l\u0131nda yine medyada ad\u0131ndan en \u00e7ok s\u00f6z ettiren \u00fcniversiteler aras\u0131nda zirvede yer ald\u0131.\u00a0 \u200bHaberin Al\u0131nt\u0131land\u0131\u011f\u0131 Kaynak: www.iskenderun.org","og_url":"http:\/\/denizcankizil.tr\/de\/haberler\/gundem\/ege-universitesi-vefa-yilini-medyanin-zirvesinde-kapatti\/","og_site_name":"Av. Deniz Can K\u0131z\u0131l","article_published_time":"2025-01-03T09:41:32+00:00","twitter_card":"summary_large_image","schema":{"@context":"https:\/\/schema.org","@graph":[{"@type":"Article","@id":"http:\/\/denizcankizil.tr\/ru\/haberler\/gundem\/ege-universitesi-vefa-yilini-medyanin-zirvesinde-kapatti\/#article","isPartOf":{"@id":"http:\/\/denizcankizil.tr\/ru\/haberler\/gundem\/ege-universitesi-vefa-yilini-medyanin-zirvesinde-kapatti\/"},"author":{"name":"","@id":""},"headline":"Ege \u00dcniversitesi \u201cVefa\u201d y\u0131l\u0131n\u0131 medyan\u0131n zirvesinde kapatt\u0131","datePublished":"2025-01-03T09:41:32+00:00","mainEntityOfPage":{"@id":"http:\/\/denizcankizil.tr\/ru\/haberler\/gundem\/ege-universitesi-vefa-yilini-medyanin-zirvesinde-kapatti\/"},"wordCount":92,"commentCount":0,"publisher":{"@id":"https:\/\/denizcankizil.tr\/de\/#organization"},"articleSection":["G\u00fcndem","Uncategorized"],"inLanguage":"de","potentialAction":[{"@type":"CommentAction","name":"Comment","target":["http:\/\/denizcankizil.tr\/ru\/haberler\/gundem\/ege-universitesi-vefa-yilini-medyanin-zirvesinde-kapatti\/#respond"]}]},{"@type":"WebPage","@id":"http:\/\/denizcankizil.tr\/ru\/haberler\/gundem\/ege-universitesi-vefa-yilini-medyanin-zirvesinde-kapatti\/","url":"http:\/\/denizcankizil.tr\/ru\/haberler\/gundem\/ege-universitesi-vefa-yilini-medyanin-zirvesinde-kapatti\/","name":"Ege \u00dcniversitesi \u201cVefa\u201d y\u0131l\u0131n\u0131 medyan\u0131n zirvesinde kapatt\u0131 - Av. Deniz Can K\u0131z\u0131l","isPartOf":{"@id":"https:\/\/denizcankizil.tr\/de\/#website"},"datePublished":"2025-01-03T09:41:32+00:00","breadcrumb":{"@id":"http:\/\/denizcankizil.tr\/ru\/haberler\/gundem\/ege-universitesi-vefa-yilini-medyanin-zirvesinde-kapatti\/#breadcrumb"},"inLanguage":"de","potentialAction":[{"@type":"ReadAction","target":["http:\/\/denizcankizil.tr\/ru\/haberler\/gundem\/ege-universitesi-vefa-yilini-medyanin-zirvesinde-kapatti\/"]}]},{"@type":"BreadcrumbList","@id":"http:\/\/denizcankizil.tr\/ru\/haberler\/gundem\/ege-universitesi-vefa-yilini-medyanin-zirvesinde-kapatti\/#breadcrumb","itemListElement":[{"@type":"ListItem","position":1,"name":"Home","item":"https:\/\/denizcankizil.tr\/de\/"},{"@type":"ListItem","position":2,"name":"Ege \u00dcniversitesi \u201cVefa\u201d y\u0131l\u0131n\u0131 medyan\u0131n zirvesinde kapatt\u0131"}]},{"@type":"WebSite","@id":"https:\/\/denizcankizil.tr\/de\/#website","url":"https:\/\/denizcankizil.tr\/de\/","name":"Av. Deniz Can K\u0131z\u0131l","description":"Avukat Deniz Can K\u0131z\u0131l Antalya Barosu","publisher":{"@id":"https:\/\/denizcankizil.tr\/de\/#organization"},"potentialAction":[{"@type":"SearchAction","target":{"@type":"EntryPoint","urlTemplate":"https:\/\/denizcankizil.tr\/de\/?s={search_term_string}"},"query-input":{"@type":"PropertyValueSpecification","valueRequired":true,"valueName":"search_term_string"}}],"inLanguage":"de"},{"@type":"Organization","@id":"https:\/\/denizcankizil.tr\/de\/#organization","name":"Av. Deniz Can K\u0131z\u0131l","url":"https:\/\/denizcankizil.tr\/de\/","logo":{"@type":"ImageObject","inLanguage":"de","@id":"https:\/\/denizcankizil.tr\/de\/#\/schema\/logo\/image\/","url":"https:\/\/denizcankizil.tr\/wp-content\/uploads\/2024\/10\/siyah-logo-svg.svg","contentUrl":"https:\/\/denizcankizil.tr\/wp-content\/uploads\/2024\/10\/siyah-logo-svg.svg","width":1080,"height":1080,"caption":"Av. Deniz Can K\u0131z\u0131l"},"image":{"@id":"https:\/\/denizcankizil.tr\/de\/#\/schema\/logo\/image\/"}}]}},"_links":{"self":[{"href":"https:\/\/denizcankizil.tr\/de\/wp-json\/wp\/v2\/posts\/23603","targetHints":{"allow":["GET"]}}],"collection":[{"href":"https:\/\/denizcankizil.tr\/de\/wp-json\/wp\/v2\/posts"}],"about":[{"href":"https:\/\/denizcankizil.tr\/de\/wp-json\/wp\/v2\/types\/post"}],"replies":[{"embeddable":true,"href":"https:\/\/denizcankizil.tr\/de\/wp-json\/wp\/v2\/comments?post=23603"}],"version-history":[{"count":0,"href":"https:\/\/denizcankizil.tr\/de\/wp-json\/wp\/v2\/posts\/23603\/revisions"}],"wp:attachment":[{"href":"https:\/\/denizcankizil.tr\/de\/wp-json\/wp\/v2\/media?parent=23603"}],"wp:term":[{"taxonomy":"category","embeddable":true,"href":"https:\/\/denizcankizil.tr\/de\/wp-json\/wp\/v2\/categories?post=23603"},{"taxonomy":"post_tag","embeddable":true,"href":"https:\/\/denizcankizil.tr\/de\/wp-json\/wp\/v2\/tags?post=23603"}],"curies":[{"name":"wp","href":"https:\/\/api.w.org\/{rel}","templated":true}]}}