{"id":23591,"date":"2025-01-03T11:41:33","date_gmt":"2025-01-03T08:41:33","guid":{"rendered":"https:\/\/denizcankizil.tr\/uncategorized-tr\/hatay-hizli-tren-projelerinin-neden-kapsami-disinda\/"},"modified":"2025-01-03T11:41:33","modified_gmt":"2025-01-03T08:41:33","slug":"hatay-hizli-tren-projelerinin-neden-kapsami-disinda","status":"publish","type":"post","link":"https:\/\/denizcankizil.tr\/de\/haberler\/gundem\/hatay-hizli-tren-projelerinin-neden-kapsami-disinda\/","title":{"rendered":"Hatay, H\u0131zl\u0131 Tren Projelerinin Neden Kapsam\u0131 D\u0131\u015f\u0131nda?"},"content":{"rendered":"<p>Ergin, Mersin-Adana-Gaziantep H\u0131zl\u0131 Tren Projesi\u2019nde Hatay\u2019\u0131n dahil edilmemesi konusunu g\u00fcndeme getirerek, Bakan Uralo\u011flu\u2019na \u015fu sorular\u0131 y\u00f6neltti: Do\u011fu Akdeniz\u2019in \u00f6nemli \u00fcretim ve ticaret merkezlerinden biri olan Hatay\u2019\u0131n bu projeye dahil edilmemesinin sebebi nedir? 6 \u015eubat depremlerinden en \u00e7ok etkilenen iller aras\u0131nda yer alan Hatay\u2019\u0131n h\u0131zl\u0131 tren projeleri d\u0131\u015f\u0131nda b\u0131rak\u0131lmas\u0131, ilin kalk\u0131nma \u00e7abalar\u0131n\u0131 baltalamaz m\u0131? Bakanl\u0131k, Hatay\u2019a y\u00f6nelik k\u0131sa, orta ve uzun vadede h\u0131zl\u0131 tren projeleri planlamakta m\u0131d\u0131r? H\u0131zl\u0131 tren yat\u0131r\u0131mlar\u0131 hangi kriterlere g\u00f6re belirlenmektedir ve Hatay bu kriterlerde neden geride kalmaktad\u0131r?<\/p>\n<p>\u00a0<\/p>\n<p>HATAY, MAKUS TAL\u0130H\u0130YLE <\/p>\n<p>BA\u015e BA\u015eA MI BIRAKILIYOR?<\/p>\n<p>Hatay i\u00e7in yaln\u0131zca D\u00f6rtyol-Hassa hatt\u0131 gibi k\u0131sa mesafeli bir projenin planlanm\u0131\u015f olmas\u0131na dikkat \u00e7eken Ergin, bu hatt\u0131n iki il\u00e7e aras\u0131nda bir ba\u011flant\u0131 sa\u011flad\u0131\u011f\u0131n\u0131, ancak Hatay\u2019\u0131 di\u011fer illerle ba\u011flamaktan uzak oldu\u011funu savundu. Ergin, Bakan Uralo\u011flu\u2019nun, 2028 y\u0131l\u0131na kadar tamamlanmas\u0131 planlanan demiryolu projelerini TBMM\u2019de a\u00e7\u0131klam\u0131\u015f ve h\u0131zl\u0131 tren projelerinin kapsam\u0131na al\u0131nacak illeri s\u0131raland\u0131\u011f\u0131n\u0131 ancak Hatay\u2019\u0131n, bu listede yer almad\u0131\u011f\u0131n\u0131 kaydetti.<\/p>\n<p>&#8220;HATAY&#8217;IN TALEPLER\u0130 <\/p>\n<p>NEREYE ULA\u015eMALI?&#8221;<\/p>\n<p>Ergin, Hatay\u2019da ya\u015fayan vatanda\u015flar\u0131n h\u0131zl\u0131 tren projelerine dahil edilmek i\u00e7in taleplerini hangi makama iletmeleri gerekti\u011fini sorarak, Bakanl\u0131\u011f\u0131n bu konuda bir \u00e7\u00f6z\u00fcm plan\u0131 sunup sunmayaca\u011f\u0131n\u0131 merak ettiklerini dile getirdi.<\/p>\n<p>Hatay gibi \u00f6nemli bir sanayi ve ticaret merkezinin h\u0131zl\u0131 tren projeleri d\u0131\u015f\u0131nda b\u0131rak\u0131lmas\u0131, hem ildeki ekonomik potansiyelin hem de sosyal kalk\u0131nman\u0131n g\u00f6z ard\u0131 edildi\u011fi ele\u015ftirilerini beraberinde getiriyor.<\/p>\n<p>Vatanda\u015flar\u0131n tepkileri ve Bakanl\u0131\u011f\u0131n bu \u00f6nergelere verece\u011fi yan\u0131t merakla bekleniyor.<\/p>\n<p>\u200bDEVA Partisi Genel Ba\u015fkan Yard\u0131mc\u0131s\u0131 ve Ankara Milletvekili Sadullah Ergin, Ula\u015ft\u0131rma ve Altyap\u0131 Bakan\u0131 Abdulkadir Uralo\u011flu\u2019na yaz\u0131l\u0131 bir \u00f6nerge ile Hatay&#8217;\u0131n h\u0131zl\u0131 tren projeleri kapsam\u0131na al\u0131nmamas\u0131n\u0131 TBMM g\u00fcndemine ta\u015f\u0131d\u0131.\u00a0<\/p>\n<p>\u200bHaberin Al\u0131nt\u0131land\u0131\u011f\u0131 Kaynak: www.iskenderun.org<\/p>","protected":false},"excerpt":{"rendered":"<p>Ergin, Mersin-Adana-Gaziantep H\u0131zl\u0131 Tren Projesi\u2019nde Hatay\u2019\u0131n dahil edilmemesi konusunu g\u00fcndeme getirerek, Bakan Uralo\u011flu\u2019na \u015fu sorular\u0131 y\u00f6neltti: Do\u011fu Akdeniz\u2019in \u00f6nemli \u00fcretim ve ticaret merkezlerinden biri olan Hatay\u2019\u0131n bu projeye dahil edilmemesinin sebebi nedir? 6 \u015eubat depremlerinden en \u00e7ok etkilenen iller aras\u0131nda yer alan Hatay\u2019\u0131n h\u0131zl\u0131 tren projeleri d\u0131\u015f\u0131nda b\u0131rak\u0131lmas\u0131, ilin kalk\u0131nma \u00e7abalar\u0131n\u0131 baltalamaz m\u0131? Bakanl\u0131k, Hatay\u2019a y\u00f6nelik k\u0131sa, orta ve uzun vadede h\u0131zl\u0131 tren projeleri planlamakta m\u0131d\u0131r? H\u0131zl\u0131 tren yat\u0131r\u0131mlar\u0131 hangi kriterlere g\u00f6re belirlenmektedir ve Hatay bu kriterlerde neden geride kalmaktad\u0131r? \u00a0 HATAY, MAKUS TAL\u0130H\u0130YLE BA\u015e BA\u015eA MI BIRAKILIYOR? Hatay i\u00e7in yaln\u0131zca D\u00f6rtyol-Hassa hatt\u0131 gibi k\u0131sa mesafeli bir projenin planlanm\u0131\u015f olmas\u0131na dikkat \u00e7eken Ergin, bu hatt\u0131n iki il\u00e7e aras\u0131nda bir ba\u011flant\u0131 sa\u011flad\u0131\u011f\u0131n\u0131, ancak Hatay\u2019\u0131 di\u011fer illerle ba\u011flamaktan uzak oldu\u011funu savundu. Ergin, Bakan Uralo\u011flu\u2019nun, 2028 y\u0131l\u0131na kadar tamamlanmas\u0131 planlanan demiryolu projelerini TBMM\u2019de a\u00e7\u0131klam\u0131\u015f ve h\u0131zl\u0131 tren projelerinin kapsam\u0131na al\u0131nacak illeri s\u0131raland\u0131\u011f\u0131n\u0131 ancak Hatay\u2019\u0131n, bu listede yer almad\u0131\u011f\u0131n\u0131 kaydetti. &#8220;HATAY&#8217;IN TALEPLER\u0130 NEREYE ULA\u015eMALI?&#8221; Ergin, Hatay\u2019da ya\u015fayan vatanda\u015flar\u0131n h\u0131zl\u0131 tren projelerine dahil edilmek i\u00e7in taleplerini hangi makama iletmeleri gerekti\u011fini sorarak, Bakanl\u0131\u011f\u0131n bu konuda bir \u00e7\u00f6z\u00fcm plan\u0131 sunup sunmayaca\u011f\u0131n\u0131 merak ettiklerini dile getirdi. Hatay gibi \u00f6nemli bir sanayi ve ticaret merkezinin h\u0131zl\u0131 tren projeleri d\u0131\u015f\u0131nda b\u0131rak\u0131lmas\u0131, hem ildeki ekonomik potansiyelin hem de sosyal kalk\u0131nman\u0131n g\u00f6z &hellip;<\/p>","protected":false},"author":0,"featured_media":0,"comment_status":"open","ping_status":"open","sticky":false,"template":"","format":"standard","meta":{"_acf_changed":false,"footnotes":""},"categories":[24,535],"tags":[],"class_list":["post-23591","post","type-post","status-publish","format-standard","has-post-thumbnail","hentry","category-gundem","category-uncategorized-tr"],"acf":[],"yoast_head":"<!-- This site is optimized with the Yoast SEO Premium plugin v26.6 (Yoast SEO v27.1.1) - https:\/\/yoast.com\/product\/yoast-seo-premium-wordpress\/ -->\n<title>Hatay, H\u0131zl\u0131 Tren Projelerinin Neden Kapsam\u0131 D\u0131\u015f\u0131nda? - Av. Deniz Can K\u0131z\u0131l<\/title>\n<meta name=\"robots\" content=\"index, follow, max-snippet:-1, max-image-preview:large, max-video-preview:-1\" \/>\n<link rel=\"canonical\" href=\"https:\/\/denizcankizil.tr\/de\/haberler\/gundem\/hatay-hizli-tren-projelerinin-neden-kapsami-disinda\/\" \/>\n<meta property=\"og:locale\" content=\"de_DE\" \/>\n<meta property=\"og:type\" content=\"article\" \/>\n<meta property=\"og:title\" content=\"Hatay, H\u0131zl\u0131 Tren Projelerinin Neden Kapsam\u0131 D\u0131\u015f\u0131nda?\" \/>\n<meta property=\"og:description\" content=\"Ergin, Mersin-Adana-Gaziantep H\u0131zl\u0131 Tren Projesi\u2019nde Hatay\u2019\u0131n dahil edilmemesi konusunu g\u00fcndeme getirerek, Bakan Uralo\u011flu\u2019na \u015fu sorular\u0131 y\u00f6neltti: Do\u011fu Akdeniz\u2019in \u00f6nemli \u00fcretim ve ticaret merkezlerinden biri olan Hatay\u2019\u0131n bu projeye dahil edilmemesinin sebebi nedir? 6 \u015eubat depremlerinden en \u00e7ok etkilenen iller aras\u0131nda yer alan Hatay\u2019\u0131n h\u0131zl\u0131 tren projeleri d\u0131\u015f\u0131nda b\u0131rak\u0131lmas\u0131, ilin kalk\u0131nma \u00e7abalar\u0131n\u0131 baltalamaz m\u0131? Bakanl\u0131k, Hatay\u2019a y\u00f6nelik k\u0131sa, orta ve uzun vadede h\u0131zl\u0131 tren projeleri planlamakta m\u0131d\u0131r? H\u0131zl\u0131 tren yat\u0131r\u0131mlar\u0131 hangi kriterlere g\u00f6re belirlenmektedir ve Hatay bu kriterlerde neden geride kalmaktad\u0131r? \u00a0 HATAY, MAKUS TAL\u0130H\u0130YLE BA\u015e BA\u015eA MI BIRAKILIYOR? Hatay i\u00e7in yaln\u0131zca D\u00f6rtyol-Hassa hatt\u0131 gibi k\u0131sa mesafeli bir projenin planlanm\u0131\u015f olmas\u0131na dikkat \u00e7eken Ergin, bu hatt\u0131n iki il\u00e7e aras\u0131nda bir ba\u011flant\u0131 sa\u011flad\u0131\u011f\u0131n\u0131, ancak Hatay\u2019\u0131 di\u011fer illerle ba\u011flamaktan uzak oldu\u011funu savundu. Ergin, Bakan Uralo\u011flu\u2019nun, 2028 y\u0131l\u0131na kadar tamamlanmas\u0131 planlanan demiryolu projelerini TBMM\u2019de a\u00e7\u0131klam\u0131\u015f ve h\u0131zl\u0131 tren projelerinin kapsam\u0131na al\u0131nacak illeri s\u0131raland\u0131\u011f\u0131n\u0131 ancak Hatay\u2019\u0131n, bu listede yer almad\u0131\u011f\u0131n\u0131 kaydetti. &#8220;HATAY&#8217;IN TALEPLER\u0130 NEREYE ULA\u015eMALI?&#8221; Ergin, Hatay\u2019da ya\u015fayan vatanda\u015flar\u0131n h\u0131zl\u0131 tren projelerine dahil edilmek i\u00e7in taleplerini hangi makama iletmeleri gerekti\u011fini sorarak, Bakanl\u0131\u011f\u0131n bu konuda bir \u00e7\u00f6z\u00fcm plan\u0131 sunup sunmayaca\u011f\u0131n\u0131 merak ettiklerini dile getirdi. Hatay gibi \u00f6nemli bir sanayi ve ticaret merkezinin h\u0131zl\u0131 tren projeleri d\u0131\u015f\u0131nda b\u0131rak\u0131lmas\u0131, hem ildeki ekonomik potansiyelin hem de sosyal kalk\u0131nman\u0131n g\u00f6z &hellip;\" \/>\n<meta property=\"og:url\" content=\"https:\/\/denizcankizil.tr\/de\/haberler\/gundem\/hatay-hizli-tren-projelerinin-neden-kapsami-disinda\/\" \/>\n<meta property=\"og:site_name\" content=\"Av. Deniz Can K\u0131z\u0131l\" \/>\n<meta property=\"article:published_time\" content=\"2025-01-03T08:41:33+00:00\" \/>\n<meta name=\"twitter:card\" content=\"summary_large_image\" \/>\n<meta name=\"twitter:label1\" content=\"Gesch\u00e4tzte Lesezeit\" \/>\n\t<meta name=\"twitter:data1\" content=\"2\u00a0Minuten\" \/>\n<script type=\"application\/ld+json\" class=\"yoast-schema-graph\">{\"@context\":\"https:\/\/schema.org\",\"@graph\":[{\"@type\":\"Article\",\"@id\":\"https:\/\/denizcankizil.tr\/de\/haberler\/gundem\/hatay-hizli-tren-projelerinin-neden-kapsami-disinda\/#article\",\"isPartOf\":{\"@id\":\"https:\/\/denizcankizil.tr\/de\/haberler\/gundem\/hatay-hizli-tren-projelerinin-neden-kapsami-disinda\/\"},\"author\":{\"name\":\"\",\"@id\":\"\"},\"headline\":\"Hatay, H\u0131zl\u0131 Tren Projelerinin Neden Kapsam\u0131 D\u0131\u015f\u0131nda?\",\"datePublished\":\"2025-01-03T08:41:33+00:00\",\"mainEntityOfPage\":{\"@id\":\"https:\/\/denizcankizil.tr\/de\/haberler\/gundem\/hatay-hizli-tren-projelerinin-neden-kapsami-disinda\/\"},\"wordCount\":359,\"commentCount\":0,\"publisher\":{\"@id\":\"https:\/\/denizcankizil.tr\/de\/#organization\"},\"articleSection\":[\"G\u00fcndem\",\"Uncategorized\"],\"inLanguage\":\"de\",\"potentialAction\":[{\"@type\":\"CommentAction\",\"name\":\"Comment\",\"target\":[\"https:\/\/denizcankizil.tr\/de\/haberler\/gundem\/hatay-hizli-tren-projelerinin-neden-kapsami-disinda\/#respond\"]}]},{\"@type\":\"WebPage\",\"@id\":\"https:\/\/denizcankizil.tr\/de\/haberler\/gundem\/hatay-hizli-tren-projelerinin-neden-kapsami-disinda\/\",\"url\":\"https:\/\/denizcankizil.tr\/de\/haberler\/gundem\/hatay-hizli-tren-projelerinin-neden-kapsami-disinda\/\",\"name\":\"Hatay, H\u0131zl\u0131 Tren Projelerinin Neden Kapsam\u0131 D\u0131\u015f\u0131nda? - Av. Deniz Can K\u0131z\u0131l\",\"isPartOf\":{\"@id\":\"https:\/\/denizcankizil.tr\/de\/#website\"},\"datePublished\":\"2025-01-03T08:41:33+00:00\",\"breadcrumb\":{\"@id\":\"https:\/\/denizcankizil.tr\/de\/haberler\/gundem\/hatay-hizli-tren-projelerinin-neden-kapsami-disinda\/#breadcrumb\"},\"inLanguage\":\"de\",\"potentialAction\":[{\"@type\":\"ReadAction\",\"target\":[\"https:\/\/denizcankizil.tr\/de\/haberler\/gundem\/hatay-hizli-tren-projelerinin-neden-kapsami-disinda\/\"]}]},{\"@type\":\"BreadcrumbList\",\"@id\":\"https:\/\/denizcankizil.tr\/de\/haberler\/gundem\/hatay-hizli-tren-projelerinin-neden-kapsami-disinda\/#breadcrumb\",\"itemListElement\":[{\"@type\":\"ListItem\",\"position\":1,\"name\":\"Home\",\"item\":\"https:\/\/denizcankizil.tr\/de\/\"},{\"@type\":\"ListItem\",\"position\":2,\"name\":\"Hatay, H\u0131zl\u0131 Tren Projelerinin Neden Kapsam\u0131 D\u0131\u015f\u0131nda?\"}]},{\"@type\":\"WebSite\",\"@id\":\"https:\/\/denizcankizil.tr\/de\/#website\",\"url\":\"https:\/\/denizcankizil.tr\/de\/\",\"name\":\"Av. Deniz Can K\u0131z\u0131l\",\"description\":\"Avukat Deniz Can K\u0131z\u0131l Antalya Barosu\",\"publisher\":{\"@id\":\"https:\/\/denizcankizil.tr\/de\/#organization\"},\"potentialAction\":[{\"@type\":\"SearchAction\",\"target\":{\"@type\":\"EntryPoint\",\"urlTemplate\":\"https:\/\/denizcankizil.tr\/de\/?s={search_term_string}\"},\"query-input\":{\"@type\":\"PropertyValueSpecification\",\"valueRequired\":true,\"valueName\":\"search_term_string\"}}],\"inLanguage\":\"de\"},{\"@type\":\"Organization\",\"@id\":\"https:\/\/denizcankizil.tr\/de\/#organization\",\"name\":\"Av. Deniz Can K\u0131z\u0131l\",\"url\":\"https:\/\/denizcankizil.tr\/de\/\",\"logo\":{\"@type\":\"ImageObject\",\"inLanguage\":\"de\",\"@id\":\"https:\/\/denizcankizil.tr\/de\/#\/schema\/logo\/image\/\",\"url\":\"https:\/\/denizcankizil.tr\/wp-content\/uploads\/2024\/10\/siyah-logo-svg.svg\",\"contentUrl\":\"https:\/\/denizcankizil.tr\/wp-content\/uploads\/2024\/10\/siyah-logo-svg.svg\",\"width\":1080,\"height\":1080,\"caption\":\"Av. Deniz Can K\u0131z\u0131l\"},\"image\":{\"@id\":\"https:\/\/denizcankizil.tr\/de\/#\/schema\/logo\/image\/\"}}]}<\/script>\n<!-- \/ Yoast SEO Premium plugin. -->","yoast_head_json":{"title":"Hatay, H\u0131zl\u0131 Tren Projelerinin Neden Kapsam\u0131 D\u0131\u015f\u0131nda? - Av. Deniz Can K\u0131z\u0131l","robots":{"index":"index","follow":"follow","max-snippet":"max-snippet:-1","max-image-preview":"max-image-preview:large","max-video-preview":"max-video-preview:-1"},"canonical":"https:\/\/denizcankizil.tr\/de\/haberler\/gundem\/hatay-hizli-tren-projelerinin-neden-kapsami-disinda\/","og_locale":"de_DE","og_type":"article","og_title":"Hatay, H\u0131zl\u0131 Tren Projelerinin Neden Kapsam\u0131 D\u0131\u015f\u0131nda?","og_description":"Ergin, Mersin-Adana-Gaziantep H\u0131zl\u0131 Tren Projesi\u2019nde Hatay\u2019\u0131n dahil edilmemesi konusunu g\u00fcndeme getirerek, Bakan Uralo\u011flu\u2019na \u015fu sorular\u0131 y\u00f6neltti: Do\u011fu Akdeniz\u2019in \u00f6nemli \u00fcretim ve ticaret merkezlerinden biri olan Hatay\u2019\u0131n bu projeye dahil edilmemesinin sebebi nedir? 6 \u015eubat depremlerinden en \u00e7ok etkilenen iller aras\u0131nda yer alan Hatay\u2019\u0131n h\u0131zl\u0131 tren projeleri d\u0131\u015f\u0131nda b\u0131rak\u0131lmas\u0131, ilin kalk\u0131nma \u00e7abalar\u0131n\u0131 baltalamaz m\u0131? Bakanl\u0131k, Hatay\u2019a y\u00f6nelik k\u0131sa, orta ve uzun vadede h\u0131zl\u0131 tren projeleri planlamakta m\u0131d\u0131r? H\u0131zl\u0131 tren yat\u0131r\u0131mlar\u0131 hangi kriterlere g\u00f6re belirlenmektedir ve Hatay bu kriterlerde neden geride kalmaktad\u0131r? \u00a0 HATAY, MAKUS TAL\u0130H\u0130YLE BA\u015e BA\u015eA MI BIRAKILIYOR? Hatay i\u00e7in yaln\u0131zca D\u00f6rtyol-Hassa hatt\u0131 gibi k\u0131sa mesafeli bir projenin planlanm\u0131\u015f olmas\u0131na dikkat \u00e7eken Ergin, bu hatt\u0131n iki il\u00e7e aras\u0131nda bir ba\u011flant\u0131 sa\u011flad\u0131\u011f\u0131n\u0131, ancak Hatay\u2019\u0131 di\u011fer illerle ba\u011flamaktan uzak oldu\u011funu savundu. Ergin, Bakan Uralo\u011flu\u2019nun, 2028 y\u0131l\u0131na kadar tamamlanmas\u0131 planlanan demiryolu projelerini TBMM\u2019de a\u00e7\u0131klam\u0131\u015f ve h\u0131zl\u0131 tren projelerinin kapsam\u0131na al\u0131nacak illeri s\u0131raland\u0131\u011f\u0131n\u0131 ancak Hatay\u2019\u0131n, bu listede yer almad\u0131\u011f\u0131n\u0131 kaydetti. &#8220;HATAY&#8217;IN TALEPLER\u0130 NEREYE ULA\u015eMALI?&#8221; Ergin, Hatay\u2019da ya\u015fayan vatanda\u015flar\u0131n h\u0131zl\u0131 tren projelerine dahil edilmek i\u00e7in taleplerini hangi makama iletmeleri gerekti\u011fini sorarak, Bakanl\u0131\u011f\u0131n bu konuda bir \u00e7\u00f6z\u00fcm plan\u0131 sunup sunmayaca\u011f\u0131n\u0131 merak ettiklerini dile getirdi. Hatay gibi \u00f6nemli bir sanayi ve ticaret merkezinin h\u0131zl\u0131 tren projeleri d\u0131\u015f\u0131nda b\u0131rak\u0131lmas\u0131, hem ildeki ekonomik potansiyelin hem de sosyal kalk\u0131nman\u0131n g\u00f6z &hellip;","og_url":"https:\/\/denizcankizil.tr\/de\/haberler\/gundem\/hatay-hizli-tren-projelerinin-neden-kapsami-disinda\/","og_site_name":"Av. Deniz Can K\u0131z\u0131l","article_published_time":"2025-01-03T08:41:33+00:00","twitter_card":"summary_large_image","twitter_misc":{"Gesch\u00e4tzte Lesezeit":"2\u00a0Minuten"},"schema":{"@context":"https:\/\/schema.org","@graph":[{"@type":"Article","@id":"https:\/\/denizcankizil.tr\/de\/haberler\/gundem\/hatay-hizli-tren-projelerinin-neden-kapsami-disinda\/#article","isPartOf":{"@id":"https:\/\/denizcankizil.tr\/de\/haberler\/gundem\/hatay-hizli-tren-projelerinin-neden-kapsami-disinda\/"},"author":{"name":"","@id":""},"headline":"Hatay, H\u0131zl\u0131 Tren Projelerinin Neden Kapsam\u0131 D\u0131\u015f\u0131nda?","datePublished":"2025-01-03T08:41:33+00:00","mainEntityOfPage":{"@id":"https:\/\/denizcankizil.tr\/de\/haberler\/gundem\/hatay-hizli-tren-projelerinin-neden-kapsami-disinda\/"},"wordCount":359,"commentCount":0,"publisher":{"@id":"https:\/\/denizcankizil.tr\/de\/#organization"},"articleSection":["G\u00fcndem","Uncategorized"],"inLanguage":"de","potentialAction":[{"@type":"CommentAction","name":"Comment","target":["https:\/\/denizcankizil.tr\/de\/haberler\/gundem\/hatay-hizli-tren-projelerinin-neden-kapsami-disinda\/#respond"]}]},{"@type":"WebPage","@id":"https:\/\/denizcankizil.tr\/de\/haberler\/gundem\/hatay-hizli-tren-projelerinin-neden-kapsami-disinda\/","url":"https:\/\/denizcankizil.tr\/de\/haberler\/gundem\/hatay-hizli-tren-projelerinin-neden-kapsami-disinda\/","name":"Hatay, H\u0131zl\u0131 Tren Projelerinin Neden Kapsam\u0131 D\u0131\u015f\u0131nda? - Av. Deniz Can K\u0131z\u0131l","isPartOf":{"@id":"https:\/\/denizcankizil.tr\/de\/#website"},"datePublished":"2025-01-03T08:41:33+00:00","breadcrumb":{"@id":"https:\/\/denizcankizil.tr\/de\/haberler\/gundem\/hatay-hizli-tren-projelerinin-neden-kapsami-disinda\/#breadcrumb"},"inLanguage":"de","potentialAction":[{"@type":"ReadAction","target":["https:\/\/denizcankizil.tr\/de\/haberler\/gundem\/hatay-hizli-tren-projelerinin-neden-kapsami-disinda\/"]}]},{"@type":"BreadcrumbList","@id":"https:\/\/denizcankizil.tr\/de\/haberler\/gundem\/hatay-hizli-tren-projelerinin-neden-kapsami-disinda\/#breadcrumb","itemListElement":[{"@type":"ListItem","position":1,"name":"Home","item":"https:\/\/denizcankizil.tr\/de\/"},{"@type":"ListItem","position":2,"name":"Hatay, H\u0131zl\u0131 Tren Projelerinin Neden Kapsam\u0131 D\u0131\u015f\u0131nda?"}]},{"@type":"WebSite","@id":"https:\/\/denizcankizil.tr\/de\/#website","url":"https:\/\/denizcankizil.tr\/de\/","name":"Av. Deniz Can K\u0131z\u0131l","description":"Avukat Deniz Can K\u0131z\u0131l Antalya Barosu","publisher":{"@id":"https:\/\/denizcankizil.tr\/de\/#organization"},"potentialAction":[{"@type":"SearchAction","target":{"@type":"EntryPoint","urlTemplate":"https:\/\/denizcankizil.tr\/de\/?s={search_term_string}"},"query-input":{"@type":"PropertyValueSpecification","valueRequired":true,"valueName":"search_term_string"}}],"inLanguage":"de"},{"@type":"Organization","@id":"https:\/\/denizcankizil.tr\/de\/#organization","name":"Av. Deniz Can K\u0131z\u0131l","url":"https:\/\/denizcankizil.tr\/de\/","logo":{"@type":"ImageObject","inLanguage":"de","@id":"https:\/\/denizcankizil.tr\/de\/#\/schema\/logo\/image\/","url":"https:\/\/denizcankizil.tr\/wp-content\/uploads\/2024\/10\/siyah-logo-svg.svg","contentUrl":"https:\/\/denizcankizil.tr\/wp-content\/uploads\/2024\/10\/siyah-logo-svg.svg","width":1080,"height":1080,"caption":"Av. Deniz Can K\u0131z\u0131l"},"image":{"@id":"https:\/\/denizcankizil.tr\/de\/#\/schema\/logo\/image\/"}}]}},"_links":{"self":[{"href":"https:\/\/denizcankizil.tr\/de\/wp-json\/wp\/v2\/posts\/23591","targetHints":{"allow":["GET"]}}],"collection":[{"href":"https:\/\/denizcankizil.tr\/de\/wp-json\/wp\/v2\/posts"}],"about":[{"href":"https:\/\/denizcankizil.tr\/de\/wp-json\/wp\/v2\/types\/post"}],"replies":[{"embeddable":true,"href":"https:\/\/denizcankizil.tr\/de\/wp-json\/wp\/v2\/comments?post=23591"}],"version-history":[{"count":0,"href":"https:\/\/denizcankizil.tr\/de\/wp-json\/wp\/v2\/posts\/23591\/revisions"}],"wp:attachment":[{"href":"https:\/\/denizcankizil.tr\/de\/wp-json\/wp\/v2\/media?parent=23591"}],"wp:term":[{"taxonomy":"category","embeddable":true,"href":"https:\/\/denizcankizil.tr\/de\/wp-json\/wp\/v2\/categories?post=23591"},{"taxonomy":"post_tag","embeddable":true,"href":"https:\/\/denizcankizil.tr\/de\/wp-json\/wp\/v2\/tags?post=23591"}],"curies":[{"name":"wp","href":"https:\/\/api.w.org\/{rel}","templated":true}]}}