{"id":23464,"date":"2025-01-02T15:41:39","date_gmt":"2025-01-02T12:41:39","guid":{"rendered":"https:\/\/denizcankizil.tr\/uncategorized-tr\/luks-arac-kacakciligina-darbe\/"},"modified":"2025-01-02T15:41:39","modified_gmt":"2025-01-02T12:41:39","slug":"luks-arac-kacakciligina-darbe","status":"publish","type":"post","link":"https:\/\/denizcankizil.tr\/de\/haberler\/gundem\/luks-arac-kacakciligina-darbe\/","title":{"rendered":"L\u00fcks ara\u00e7 ka\u00e7ak\u00e7\u0131l\u0131\u011f\u0131na darbe!"},"content":{"rendered":"<p>Artvin Hopa&#8217;da y\u00fcr\u00fct\u00fclen farkl\u0131 operasyonlarda yakla\u015f\u0131k 540 milyon TL de\u011ferinde 50 adet l\u00fcks ara\u00e7 ele ge\u00e7irildi.ANKARA (\u0130GFA) &#8211; Ticaret Bakanl\u0131\u011f\u0131 G\u00fcmr\u00fckler Muhafaza Ka\u00e7ak\u00e7\u0131l\u0131k ve \u0130stihbarat M\u00fcd\u00fcrl\u00fc\u011f\u00fc birimleri, Hopa Cumhuriyet Ba\u015fsavc\u0131l\u0131\u011f\u0131\u2019n\u0131n y\u00fcr\u00fctt\u00fc\u011f\u00fc bir soru\u015fturmas\u0131 kapsam\u0131nda \u00fclke \u00e7ap\u0131nda ger\u00e7ekle\u015ftirdi\u011fi farkl\u0131 operasyonlar\u0131 sonucunda, yakla\u015f\u0131k 540 milyon T\u00fcrk Liras\u0131 de\u011ferinde 50 adet l\u00fcks ara\u00e7 ele ge\u00e7irdi.\u00a0<br \/>\nTicaret Bakanl\u0131\u011f\u0131 G\u00fcmr\u00fckler Muhafaza Ka\u00e7ak\u00e7\u0131l\u0131k ve \u0130stihbarat M\u00fcd\u00fcrl\u00fc\u011f\u00fc birimlerinin, Hopa Cumhuriyet Ba\u015fsavc\u0131l\u0131\u011f\u0131\u2019n\u0131n y\u00fcr\u00fctt\u00fc\u011f\u00fc bir soru\u015fturmas\u0131 kapsam\u0131nda \u00fclke \u00e7ap\u0131nda ger\u00e7ekle\u015ftirdi\u011fi farkl\u0131 operasyonlar\u0131 sonucunda, yakla\u015f\u0131k 540 milyon T\u00fcrk Liras\u0131 de\u011ferinde 50 adet l\u00fcks ara\u00e7\u2026 pic.twitter.com\/IFQc02OpBs\u2014 T.C. Ticaret Bakanl\u0131\u011f\u0131 (@ticaret) January 2, 2025<br \/>\nHopa Cumhuriyet Ba\u015fsavc\u0131l\u0131\u011f\u0131 olayla\u00a0ilgili \u015f\u00fcpheli \u015fah\u0131slar hakk\u0131nda soru\u015fturma ba\u015flatt\u0131.<\/p>\n<p>\u200bArtvin Hopa&#8217;da y\u00fcr\u00fct\u00fclen farkl\u0131 operasyonlarda yakla\u015f\u0131k 540 milyon TL de\u011ferinde 50 adet l\u00fcks ara\u00e7 ele ge\u00e7irildi.ANKARA (\u0130GFA) &#8211; Ticaret Bakanl\u0131\u011f\u0131 G\u00fcmr\u00fckler Muhafaza Ka\u00e7ak\u00e7\u0131l\u0131k ve \u0130stihbarat M\u00fcd\u00fcrl\u00fc\u011f\u00fc birimleri, Hopa Cumhuriyet Ba\u015fsavc\u0131l\u0131\u011f\u0131\u2019n\u0131n y\u00fcr\u00fctt\u00fc\u011f\u00fc bir soru\u015fturmas\u0131 kapsam\u0131nda \u00fclke \u00e7ap\u0131nda ger\u00e7ekle\u015ftirdi\u011fi farkl\u0131 operasyonlar\u0131 sonucunda, yakla\u015f\u0131k 540 milyon T\u00fcrk Liras\u0131 de\u011ferinde 50 adet l\u00fcks ara\u00e7 ele ge\u00e7irdi.\u00a0<br \/>\nTicaret Bakanl\u0131\u011f\u0131 G\u00fcmr\u00fckler Muhafaza Ka\u00e7ak\u00e7\u0131l\u0131k ve \u0130stihbarat M\u00fcd\u00fcrl\u00fc\u011f\u00fc birimlerinin, Hopa Cumhuriyet Ba\u015fsavc\u0131l\u0131\u011f\u0131\u2019n\u0131n y\u00fcr\u00fctt\u00fc\u011f\u00fc bir soru\u015fturmas\u0131 kapsam\u0131nda \u00fclke \u00e7ap\u0131nda ger\u00e7ekle\u015ftirdi\u011fi farkl\u0131 operasyonlar\u0131 sonucunda, yakla\u015f\u0131k 540 milyon T\u00fcrk Liras\u0131 de\u011ferinde 50 adet l\u00fcks ara\u00e7\u2026 pic.twitter.com\/IFQc02OpBs\u2014 T.C. Ticaret Bakanl\u0131\u011f\u0131 (@ticaret) January 2, 2025<br \/>\nHopa Cumhuriyet Ba\u015fsavc\u0131l\u0131\u011f\u0131 olayla\u00a0ilgili \u015f\u00fcpheli \u015fah\u0131slar hakk\u0131nda soru\u015fturma ba\u015flatt\u0131.\u00a0<\/p>\n<p>\u200bHaberin Al\u0131nt\u0131land\u0131\u011f\u0131 Kaynak: www.iskenderun.org<\/p>","protected":false},"excerpt":{"rendered":"<p>Artvin Hopa&#8217;da y\u00fcr\u00fct\u00fclen farkl\u0131 operasyonlarda yakla\u015f\u0131k 540 milyon TL de\u011ferinde 50 adet l\u00fcks ara\u00e7 ele ge\u00e7irildi.ANKARA (\u0130GFA) &#8211; Ticaret Bakanl\u0131\u011f\u0131 G\u00fcmr\u00fckler Muhafaza Ka\u00e7ak\u00e7\u0131l\u0131k ve \u0130stihbarat M\u00fcd\u00fcrl\u00fc\u011f\u00fc birimleri, Hopa Cumhuriyet Ba\u015fsavc\u0131l\u0131\u011f\u0131\u2019n\u0131n y\u00fcr\u00fctt\u00fc\u011f\u00fc bir soru\u015fturmas\u0131 kapsam\u0131nda \u00fclke \u00e7ap\u0131nda ger\u00e7ekle\u015ftirdi\u011fi farkl\u0131 operasyonlar\u0131 sonucunda, yakla\u015f\u0131k 540 milyon T\u00fcrk Liras\u0131 de\u011ferinde 50 adet l\u00fcks ara\u00e7 ele ge\u00e7irdi.\u00a0 Ticaret Bakanl\u0131\u011f\u0131 G\u00fcmr\u00fckler Muhafaza Ka\u00e7ak\u00e7\u0131l\u0131k ve \u0130stihbarat M\u00fcd\u00fcrl\u00fc\u011f\u00fc birimlerinin, Hopa Cumhuriyet Ba\u015fsavc\u0131l\u0131\u011f\u0131\u2019n\u0131n y\u00fcr\u00fctt\u00fc\u011f\u00fc bir soru\u015fturmas\u0131 kapsam\u0131nda \u00fclke \u00e7ap\u0131nda ger\u00e7ekle\u015ftirdi\u011fi farkl\u0131 operasyonlar\u0131 sonucunda, yakla\u015f\u0131k 540 milyon T\u00fcrk Liras\u0131 de\u011ferinde 50 adet l\u00fcks ara\u00e7\u2026 pic.twitter.com\/IFQc02OpBs\u2014 T.C. Ticaret Bakanl\u0131\u011f\u0131 (@ticaret) January 2, 2025 Hopa Cumhuriyet Ba\u015fsavc\u0131l\u0131\u011f\u0131 olayla\u00a0ilgili \u015f\u00fcpheli \u015fah\u0131slar hakk\u0131nda soru\u015fturma ba\u015flatt\u0131. \u200bArtvin Hopa&#8217;da y\u00fcr\u00fct\u00fclen farkl\u0131 operasyonlarda yakla\u015f\u0131k 540 milyon TL de\u011ferinde 50 adet l\u00fcks ara\u00e7 ele ge\u00e7irildi.ANKARA (\u0130GFA) &#8211; Ticaret Bakanl\u0131\u011f\u0131 G\u00fcmr\u00fckler Muhafaza Ka\u00e7ak\u00e7\u0131l\u0131k ve \u0130stihbarat M\u00fcd\u00fcrl\u00fc\u011f\u00fc birimleri, Hopa Cumhuriyet Ba\u015fsavc\u0131l\u0131\u011f\u0131\u2019n\u0131n y\u00fcr\u00fctt\u00fc\u011f\u00fc bir soru\u015fturmas\u0131 kapsam\u0131nda \u00fclke \u00e7ap\u0131nda ger\u00e7ekle\u015ftirdi\u011fi farkl\u0131 operasyonlar\u0131 sonucunda, yakla\u015f\u0131k 540 milyon T\u00fcrk Liras\u0131 de\u011ferinde 50 adet l\u00fcks ara\u00e7 ele ge\u00e7irdi.\u00a0 Ticaret Bakanl\u0131\u011f\u0131 G\u00fcmr\u00fckler Muhafaza Ka\u00e7ak\u00e7\u0131l\u0131k ve \u0130stihbarat M\u00fcd\u00fcrl\u00fc\u011f\u00fc birimlerinin, Hopa Cumhuriyet Ba\u015fsavc\u0131l\u0131\u011f\u0131\u2019n\u0131n y\u00fcr\u00fctt\u00fc\u011f\u00fc bir soru\u015fturmas\u0131 kapsam\u0131nda \u00fclke \u00e7ap\u0131nda ger\u00e7ekle\u015ftirdi\u011fi farkl\u0131 operasyonlar\u0131 sonucunda, yakla\u015f\u0131k 540 milyon T\u00fcrk Liras\u0131 de\u011ferinde 50 adet l\u00fcks ara\u00e7\u2026 pic.twitter.com\/IFQc02OpBs\u2014 T.C. Ticaret Bakanl\u0131\u011f\u0131 (@ticaret) January 2, 2025 Hopa Cumhuriyet Ba\u015fsavc\u0131l\u0131\u011f\u0131 olayla\u00a0ilgili \u015f\u00fcpheli \u015fah\u0131slar hakk\u0131nda &hellip;<\/p>","protected":false},"author":0,"featured_media":0,"comment_status":"open","ping_status":"open","sticky":false,"template":"","format":"standard","meta":{"_acf_changed":false,"footnotes":""},"categories":[24,535],"tags":[],"class_list":["post-23464","post","type-post","status-publish","format-standard","has-post-thumbnail","hentry","category-gundem","category-uncategorized-tr"],"acf":[],"yoast_head":"<!-- This site is optimized with the Yoast SEO Premium plugin v26.6 (Yoast SEO v27.1.1) - https:\/\/yoast.com\/product\/yoast-seo-premium-wordpress\/ -->\n<title>L\u00fcks ara\u00e7 ka\u00e7ak\u00e7\u0131l\u0131\u011f\u0131na darbe! - Av. Deniz Can K\u0131z\u0131l<\/title>\n<meta name=\"robots\" content=\"index, follow, max-snippet:-1, max-image-preview:large, max-video-preview:-1\" \/>\n<link rel=\"canonical\" href=\"https:\/\/denizcankizil.tr\/de\/haberler\/gundem\/luks-arac-kacakciligina-darbe\/\" \/>\n<meta property=\"og:locale\" content=\"de_DE\" \/>\n<meta property=\"og:type\" content=\"article\" \/>\n<meta property=\"og:title\" content=\"L\u00fcks ara\u00e7 ka\u00e7ak\u00e7\u0131l\u0131\u011f\u0131na darbe!\" \/>\n<meta property=\"og:description\" content=\"Artvin Hopa&#8217;da y\u00fcr\u00fct\u00fclen farkl\u0131 operasyonlarda yakla\u015f\u0131k 540 milyon TL de\u011ferinde 50 adet l\u00fcks ara\u00e7 ele ge\u00e7irildi.ANKARA (\u0130GFA) &#8211; Ticaret Bakanl\u0131\u011f\u0131 G\u00fcmr\u00fckler Muhafaza Ka\u00e7ak\u00e7\u0131l\u0131k ve \u0130stihbarat M\u00fcd\u00fcrl\u00fc\u011f\u00fc birimleri, Hopa Cumhuriyet Ba\u015fsavc\u0131l\u0131\u011f\u0131\u2019n\u0131n y\u00fcr\u00fctt\u00fc\u011f\u00fc bir soru\u015fturmas\u0131 kapsam\u0131nda \u00fclke \u00e7ap\u0131nda ger\u00e7ekle\u015ftirdi\u011fi farkl\u0131 operasyonlar\u0131 sonucunda, yakla\u015f\u0131k 540 milyon T\u00fcrk Liras\u0131 de\u011ferinde 50 adet l\u00fcks ara\u00e7 ele ge\u00e7irdi.\u00a0 Ticaret Bakanl\u0131\u011f\u0131 G\u00fcmr\u00fckler Muhafaza Ka\u00e7ak\u00e7\u0131l\u0131k ve \u0130stihbarat M\u00fcd\u00fcrl\u00fc\u011f\u00fc birimlerinin, Hopa Cumhuriyet Ba\u015fsavc\u0131l\u0131\u011f\u0131\u2019n\u0131n y\u00fcr\u00fctt\u00fc\u011f\u00fc bir soru\u015fturmas\u0131 kapsam\u0131nda \u00fclke \u00e7ap\u0131nda ger\u00e7ekle\u015ftirdi\u011fi farkl\u0131 operasyonlar\u0131 sonucunda, yakla\u015f\u0131k 540 milyon T\u00fcrk Liras\u0131 de\u011ferinde 50 adet l\u00fcks ara\u00e7\u2026 pic.twitter.com\/IFQc02OpBs\u2014 T.C. Ticaret Bakanl\u0131\u011f\u0131 (@ticaret) January 2, 2025 Hopa Cumhuriyet Ba\u015fsavc\u0131l\u0131\u011f\u0131 olayla\u00a0ilgili \u015f\u00fcpheli \u015fah\u0131slar hakk\u0131nda soru\u015fturma ba\u015flatt\u0131. \u200bArtvin Hopa&#8217;da y\u00fcr\u00fct\u00fclen farkl\u0131 operasyonlarda yakla\u015f\u0131k 540 milyon TL de\u011ferinde 50 adet l\u00fcks ara\u00e7 ele ge\u00e7irildi.ANKARA (\u0130GFA) &#8211; Ticaret Bakanl\u0131\u011f\u0131 G\u00fcmr\u00fckler Muhafaza Ka\u00e7ak\u00e7\u0131l\u0131k ve \u0130stihbarat M\u00fcd\u00fcrl\u00fc\u011f\u00fc birimleri, Hopa Cumhuriyet Ba\u015fsavc\u0131l\u0131\u011f\u0131\u2019n\u0131n y\u00fcr\u00fctt\u00fc\u011f\u00fc bir soru\u015fturmas\u0131 kapsam\u0131nda \u00fclke \u00e7ap\u0131nda ger\u00e7ekle\u015ftirdi\u011fi farkl\u0131 operasyonlar\u0131 sonucunda, yakla\u015f\u0131k 540 milyon T\u00fcrk Liras\u0131 de\u011ferinde 50 adet l\u00fcks ara\u00e7 ele ge\u00e7irdi.\u00a0 Ticaret Bakanl\u0131\u011f\u0131 G\u00fcmr\u00fckler Muhafaza Ka\u00e7ak\u00e7\u0131l\u0131k ve \u0130stihbarat M\u00fcd\u00fcrl\u00fc\u011f\u00fc birimlerinin, Hopa Cumhuriyet Ba\u015fsavc\u0131l\u0131\u011f\u0131\u2019n\u0131n y\u00fcr\u00fctt\u00fc\u011f\u00fc bir soru\u015fturmas\u0131 kapsam\u0131nda \u00fclke \u00e7ap\u0131nda ger\u00e7ekle\u015ftirdi\u011fi farkl\u0131 operasyonlar\u0131 sonucunda, yakla\u015f\u0131k 540 milyon T\u00fcrk Liras\u0131 de\u011ferinde 50 adet l\u00fcks ara\u00e7\u2026 pic.twitter.com\/IFQc02OpBs\u2014 T.C. Ticaret Bakanl\u0131\u011f\u0131 (@ticaret) January 2, 2025 Hopa Cumhuriyet Ba\u015fsavc\u0131l\u0131\u011f\u0131 olayla\u00a0ilgili \u015f\u00fcpheli \u015fah\u0131slar hakk\u0131nda &hellip;\" \/>\n<meta property=\"og:url\" content=\"https:\/\/denizcankizil.tr\/de\/haberler\/gundem\/luks-arac-kacakciligina-darbe\/\" \/>\n<meta property=\"og:site_name\" content=\"Av. Deniz Can K\u0131z\u0131l\" \/>\n<meta property=\"article:published_time\" content=\"2025-01-02T12:41:39+00:00\" \/>\n<meta name=\"twitter:card\" content=\"summary_large_image\" \/>\n<meta name=\"twitter:label1\" content=\"Gesch\u00e4tzte Lesezeit\" \/>\n\t<meta name=\"twitter:data1\" content=\"2\u00a0Minuten\" \/>\n<script type=\"application\/ld+json\" class=\"yoast-schema-graph\">{\"@context\":\"https:\/\/schema.org\",\"@graph\":[{\"@type\":\"Article\",\"@id\":\"https:\/\/denizcankizil.tr\/de\/haberler\/gundem\/luks-arac-kacakciligina-darbe\/#article\",\"isPartOf\":{\"@id\":\"https:\/\/denizcankizil.tr\/de\/haberler\/gundem\/luks-arac-kacakciligina-darbe\/\"},\"author\":{\"name\":\"\",\"@id\":\"\"},\"headline\":\"L\u00fcks ara\u00e7 ka\u00e7ak\u00e7\u0131l\u0131\u011f\u0131na darbe!\",\"datePublished\":\"2025-01-02T12:41:39+00:00\",\"mainEntityOfPage\":{\"@id\":\"https:\/\/denizcankizil.tr\/de\/haberler\/gundem\/luks-arac-kacakciligina-darbe\/\"},\"wordCount\":338,\"commentCount\":0,\"publisher\":{\"@id\":\"https:\/\/denizcankizil.tr\/de\/#organization\"},\"articleSection\":[\"G\u00fcndem\",\"Uncategorized\"],\"inLanguage\":\"de\",\"potentialAction\":[{\"@type\":\"CommentAction\",\"name\":\"Comment\",\"target\":[\"https:\/\/denizcankizil.tr\/de\/haberler\/gundem\/luks-arac-kacakciligina-darbe\/#respond\"]}]},{\"@type\":\"WebPage\",\"@id\":\"https:\/\/denizcankizil.tr\/de\/haberler\/gundem\/luks-arac-kacakciligina-darbe\/\",\"url\":\"https:\/\/denizcankizil.tr\/de\/haberler\/gundem\/luks-arac-kacakciligina-darbe\/\",\"name\":\"L\u00fcks ara\u00e7 ka\u00e7ak\u00e7\u0131l\u0131\u011f\u0131na darbe! - Av. Deniz Can K\u0131z\u0131l\",\"isPartOf\":{\"@id\":\"https:\/\/denizcankizil.tr\/de\/#website\"},\"datePublished\":\"2025-01-02T12:41:39+00:00\",\"breadcrumb\":{\"@id\":\"https:\/\/denizcankizil.tr\/de\/haberler\/gundem\/luks-arac-kacakciligina-darbe\/#breadcrumb\"},\"inLanguage\":\"de\",\"potentialAction\":[{\"@type\":\"ReadAction\",\"target\":[\"https:\/\/denizcankizil.tr\/de\/haberler\/gundem\/luks-arac-kacakciligina-darbe\/\"]}]},{\"@type\":\"BreadcrumbList\",\"@id\":\"https:\/\/denizcankizil.tr\/de\/haberler\/gundem\/luks-arac-kacakciligina-darbe\/#breadcrumb\",\"itemListElement\":[{\"@type\":\"ListItem\",\"position\":1,\"name\":\"Home\",\"item\":\"https:\/\/denizcankizil.tr\/de\/\"},{\"@type\":\"ListItem\",\"position\":2,\"name\":\"L\u00fcks ara\u00e7 ka\u00e7ak\u00e7\u0131l\u0131\u011f\u0131na darbe!\"}]},{\"@type\":\"WebSite\",\"@id\":\"https:\/\/denizcankizil.tr\/de\/#website\",\"url\":\"https:\/\/denizcankizil.tr\/de\/\",\"name\":\"Av. Deniz Can K\u0131z\u0131l\",\"description\":\"Avukat Deniz Can K\u0131z\u0131l Antalya Barosu\",\"publisher\":{\"@id\":\"https:\/\/denizcankizil.tr\/de\/#organization\"},\"potentialAction\":[{\"@type\":\"SearchAction\",\"target\":{\"@type\":\"EntryPoint\",\"urlTemplate\":\"https:\/\/denizcankizil.tr\/de\/?s={search_term_string}\"},\"query-input\":{\"@type\":\"PropertyValueSpecification\",\"valueRequired\":true,\"valueName\":\"search_term_string\"}}],\"inLanguage\":\"de\"},{\"@type\":\"Organization\",\"@id\":\"https:\/\/denizcankizil.tr\/de\/#organization\",\"name\":\"Av. Deniz Can K\u0131z\u0131l\",\"url\":\"https:\/\/denizcankizil.tr\/de\/\",\"logo\":{\"@type\":\"ImageObject\",\"inLanguage\":\"de\",\"@id\":\"https:\/\/denizcankizil.tr\/de\/#\/schema\/logo\/image\/\",\"url\":\"https:\/\/denizcankizil.tr\/wp-content\/uploads\/2024\/10\/siyah-logo-svg.svg\",\"contentUrl\":\"https:\/\/denizcankizil.tr\/wp-content\/uploads\/2024\/10\/siyah-logo-svg.svg\",\"width\":1080,\"height\":1080,\"caption\":\"Av. Deniz Can K\u0131z\u0131l\"},\"image\":{\"@id\":\"https:\/\/denizcankizil.tr\/de\/#\/schema\/logo\/image\/\"}}]}<\/script>\n<!-- \/ Yoast SEO Premium plugin. -->","yoast_head_json":{"title":"L\u00fcks ara\u00e7 ka\u00e7ak\u00e7\u0131l\u0131\u011f\u0131na darbe! - Av. Deniz Can K\u0131z\u0131l","robots":{"index":"index","follow":"follow","max-snippet":"max-snippet:-1","max-image-preview":"max-image-preview:large","max-video-preview":"max-video-preview:-1"},"canonical":"https:\/\/denizcankizil.tr\/de\/haberler\/gundem\/luks-arac-kacakciligina-darbe\/","og_locale":"de_DE","og_type":"article","og_title":"L\u00fcks ara\u00e7 ka\u00e7ak\u00e7\u0131l\u0131\u011f\u0131na darbe!","og_description":"Artvin Hopa&#8217;da y\u00fcr\u00fct\u00fclen farkl\u0131 operasyonlarda yakla\u015f\u0131k 540 milyon TL de\u011ferinde 50 adet l\u00fcks ara\u00e7 ele ge\u00e7irildi.ANKARA (\u0130GFA) &#8211; Ticaret Bakanl\u0131\u011f\u0131 G\u00fcmr\u00fckler Muhafaza Ka\u00e7ak\u00e7\u0131l\u0131k ve \u0130stihbarat M\u00fcd\u00fcrl\u00fc\u011f\u00fc birimleri, Hopa Cumhuriyet Ba\u015fsavc\u0131l\u0131\u011f\u0131\u2019n\u0131n y\u00fcr\u00fctt\u00fc\u011f\u00fc bir soru\u015fturmas\u0131 kapsam\u0131nda \u00fclke \u00e7ap\u0131nda ger\u00e7ekle\u015ftirdi\u011fi farkl\u0131 operasyonlar\u0131 sonucunda, yakla\u015f\u0131k 540 milyon T\u00fcrk Liras\u0131 de\u011ferinde 50 adet l\u00fcks ara\u00e7 ele ge\u00e7irdi.\u00a0 Ticaret Bakanl\u0131\u011f\u0131 G\u00fcmr\u00fckler Muhafaza Ka\u00e7ak\u00e7\u0131l\u0131k ve \u0130stihbarat M\u00fcd\u00fcrl\u00fc\u011f\u00fc birimlerinin, Hopa Cumhuriyet Ba\u015fsavc\u0131l\u0131\u011f\u0131\u2019n\u0131n y\u00fcr\u00fctt\u00fc\u011f\u00fc bir soru\u015fturmas\u0131 kapsam\u0131nda \u00fclke \u00e7ap\u0131nda ger\u00e7ekle\u015ftirdi\u011fi farkl\u0131 operasyonlar\u0131 sonucunda, yakla\u015f\u0131k 540 milyon T\u00fcrk Liras\u0131 de\u011ferinde 50 adet l\u00fcks ara\u00e7\u2026 pic.twitter.com\/IFQc02OpBs\u2014 T.C. Ticaret Bakanl\u0131\u011f\u0131 (@ticaret) January 2, 2025 Hopa Cumhuriyet Ba\u015fsavc\u0131l\u0131\u011f\u0131 olayla\u00a0ilgili \u015f\u00fcpheli \u015fah\u0131slar hakk\u0131nda soru\u015fturma ba\u015flatt\u0131. \u200bArtvin Hopa&#8217;da y\u00fcr\u00fct\u00fclen farkl\u0131 operasyonlarda yakla\u015f\u0131k 540 milyon TL de\u011ferinde 50 adet l\u00fcks ara\u00e7 ele ge\u00e7irildi.ANKARA (\u0130GFA) &#8211; Ticaret Bakanl\u0131\u011f\u0131 G\u00fcmr\u00fckler Muhafaza Ka\u00e7ak\u00e7\u0131l\u0131k ve \u0130stihbarat M\u00fcd\u00fcrl\u00fc\u011f\u00fc birimleri, Hopa Cumhuriyet Ba\u015fsavc\u0131l\u0131\u011f\u0131\u2019n\u0131n y\u00fcr\u00fctt\u00fc\u011f\u00fc bir soru\u015fturmas\u0131 kapsam\u0131nda \u00fclke \u00e7ap\u0131nda ger\u00e7ekle\u015ftirdi\u011fi farkl\u0131 operasyonlar\u0131 sonucunda, yakla\u015f\u0131k 540 milyon T\u00fcrk Liras\u0131 de\u011ferinde 50 adet l\u00fcks ara\u00e7 ele ge\u00e7irdi.\u00a0 Ticaret Bakanl\u0131\u011f\u0131 G\u00fcmr\u00fckler Muhafaza Ka\u00e7ak\u00e7\u0131l\u0131k ve \u0130stihbarat M\u00fcd\u00fcrl\u00fc\u011f\u00fc birimlerinin, Hopa Cumhuriyet Ba\u015fsavc\u0131l\u0131\u011f\u0131\u2019n\u0131n y\u00fcr\u00fctt\u00fc\u011f\u00fc bir soru\u015fturmas\u0131 kapsam\u0131nda \u00fclke \u00e7ap\u0131nda ger\u00e7ekle\u015ftirdi\u011fi farkl\u0131 operasyonlar\u0131 sonucunda, yakla\u015f\u0131k 540 milyon T\u00fcrk Liras\u0131 de\u011ferinde 50 adet l\u00fcks ara\u00e7\u2026 pic.twitter.com\/IFQc02OpBs\u2014 T.C. Ticaret Bakanl\u0131\u011f\u0131 (@ticaret) January 2, 2025 Hopa Cumhuriyet Ba\u015fsavc\u0131l\u0131\u011f\u0131 olayla\u00a0ilgili \u015f\u00fcpheli \u015fah\u0131slar hakk\u0131nda &hellip;","og_url":"https:\/\/denizcankizil.tr\/de\/haberler\/gundem\/luks-arac-kacakciligina-darbe\/","og_site_name":"Av. Deniz Can K\u0131z\u0131l","article_published_time":"2025-01-02T12:41:39+00:00","twitter_card":"summary_large_image","twitter_misc":{"Gesch\u00e4tzte Lesezeit":"2\u00a0Minuten"},"schema":{"@context":"https:\/\/schema.org","@graph":[{"@type":"Article","@id":"https:\/\/denizcankizil.tr\/de\/haberler\/gundem\/luks-arac-kacakciligina-darbe\/#article","isPartOf":{"@id":"https:\/\/denizcankizil.tr\/de\/haberler\/gundem\/luks-arac-kacakciligina-darbe\/"},"author":{"name":"","@id":""},"headline":"L\u00fcks ara\u00e7 ka\u00e7ak\u00e7\u0131l\u0131\u011f\u0131na darbe!","datePublished":"2025-01-02T12:41:39+00:00","mainEntityOfPage":{"@id":"https:\/\/denizcankizil.tr\/de\/haberler\/gundem\/luks-arac-kacakciligina-darbe\/"},"wordCount":338,"commentCount":0,"publisher":{"@id":"https:\/\/denizcankizil.tr\/de\/#organization"},"articleSection":["G\u00fcndem","Uncategorized"],"inLanguage":"de","potentialAction":[{"@type":"CommentAction","name":"Comment","target":["https:\/\/denizcankizil.tr\/de\/haberler\/gundem\/luks-arac-kacakciligina-darbe\/#respond"]}]},{"@type":"WebPage","@id":"https:\/\/denizcankizil.tr\/de\/haberler\/gundem\/luks-arac-kacakciligina-darbe\/","url":"https:\/\/denizcankizil.tr\/de\/haberler\/gundem\/luks-arac-kacakciligina-darbe\/","name":"L\u00fcks ara\u00e7 ka\u00e7ak\u00e7\u0131l\u0131\u011f\u0131na darbe! - Av. Deniz Can K\u0131z\u0131l","isPartOf":{"@id":"https:\/\/denizcankizil.tr\/de\/#website"},"datePublished":"2025-01-02T12:41:39+00:00","breadcrumb":{"@id":"https:\/\/denizcankizil.tr\/de\/haberler\/gundem\/luks-arac-kacakciligina-darbe\/#breadcrumb"},"inLanguage":"de","potentialAction":[{"@type":"ReadAction","target":["https:\/\/denizcankizil.tr\/de\/haberler\/gundem\/luks-arac-kacakciligina-darbe\/"]}]},{"@type":"BreadcrumbList","@id":"https:\/\/denizcankizil.tr\/de\/haberler\/gundem\/luks-arac-kacakciligina-darbe\/#breadcrumb","itemListElement":[{"@type":"ListItem","position":1,"name":"Home","item":"https:\/\/denizcankizil.tr\/de\/"},{"@type":"ListItem","position":2,"name":"L\u00fcks ara\u00e7 ka\u00e7ak\u00e7\u0131l\u0131\u011f\u0131na darbe!"}]},{"@type":"WebSite","@id":"https:\/\/denizcankizil.tr\/de\/#website","url":"https:\/\/denizcankizil.tr\/de\/","name":"Av. Deniz Can K\u0131z\u0131l","description":"Avukat Deniz Can K\u0131z\u0131l Antalya Barosu","publisher":{"@id":"https:\/\/denizcankizil.tr\/de\/#organization"},"potentialAction":[{"@type":"SearchAction","target":{"@type":"EntryPoint","urlTemplate":"https:\/\/denizcankizil.tr\/de\/?s={search_term_string}"},"query-input":{"@type":"PropertyValueSpecification","valueRequired":true,"valueName":"search_term_string"}}],"inLanguage":"de"},{"@type":"Organization","@id":"https:\/\/denizcankizil.tr\/de\/#organization","name":"Av. Deniz Can K\u0131z\u0131l","url":"https:\/\/denizcankizil.tr\/de\/","logo":{"@type":"ImageObject","inLanguage":"de","@id":"https:\/\/denizcankizil.tr\/de\/#\/schema\/logo\/image\/","url":"https:\/\/denizcankizil.tr\/wp-content\/uploads\/2024\/10\/siyah-logo-svg.svg","contentUrl":"https:\/\/denizcankizil.tr\/wp-content\/uploads\/2024\/10\/siyah-logo-svg.svg","width":1080,"height":1080,"caption":"Av. Deniz Can K\u0131z\u0131l"},"image":{"@id":"https:\/\/denizcankizil.tr\/de\/#\/schema\/logo\/image\/"}}]}},"_links":{"self":[{"href":"https:\/\/denizcankizil.tr\/de\/wp-json\/wp\/v2\/posts\/23464","targetHints":{"allow":["GET"]}}],"collection":[{"href":"https:\/\/denizcankizil.tr\/de\/wp-json\/wp\/v2\/posts"}],"about":[{"href":"https:\/\/denizcankizil.tr\/de\/wp-json\/wp\/v2\/types\/post"}],"replies":[{"embeddable":true,"href":"https:\/\/denizcankizil.tr\/de\/wp-json\/wp\/v2\/comments?post=23464"}],"version-history":[{"count":0,"href":"https:\/\/denizcankizil.tr\/de\/wp-json\/wp\/v2\/posts\/23464\/revisions"}],"wp:attachment":[{"href":"https:\/\/denizcankizil.tr\/de\/wp-json\/wp\/v2\/media?parent=23464"}],"wp:term":[{"taxonomy":"category","embeddable":true,"href":"https:\/\/denizcankizil.tr\/de\/wp-json\/wp\/v2\/categories?post=23464"},{"taxonomy":"post_tag","embeddable":true,"href":"https:\/\/denizcankizil.tr\/de\/wp-json\/wp\/v2\/tags?post=23464"}],"curies":[{"name":"wp","href":"https:\/\/api.w.org\/{rel}","templated":true}]}}