{"id":22937,"date":"2024-12-30T09:41:48","date_gmt":"2024-12-30T06:41:48","guid":{"rendered":"https:\/\/denizcankizil.tr\/uncategorized-tr\/ptt-pul-muzesine-rekor-ziyaretci\/"},"modified":"2024-12-30T09:41:48","modified_gmt":"2024-12-30T06:41:48","slug":"ptt-pul-muzesine-rekor-ziyaretci","status":"publish","type":"post","link":"https:\/\/denizcankizil.tr\/de\/haberler\/gundem\/ptt-pul-muzesine-rekor-ziyaretci\/","title":{"rendered":"PTT Pul M\u00fczesi&#8217;ne rekor ziyaret\u00e7i"},"content":{"rendered":"<p>Ula\u015ft\u0131rma ve Altyap\u0131 Bakan\u0131 Abdulkadir Uralo\u011flu, PTT Pul M\u00fczesi\u2019nin 100 binden fazla ziyaret\u00e7iyi a\u011f\u0131rlayarak rekor k\u0131rd\u0131\u011f\u0131n\u0131 duyurdu. M\u00fczede 870 bin adet pul ve 70 bin filatelik zarf\u0131n ar\u015fivlendi\u011fini belirten Bakan Uralo\u011flu, ziyaret\u00e7ilerin 10 bin adet pulu yak\u0131ndan inceleme f\u0131rsat\u0131 buldu\u011funu kaydetti.ANKARA (\u0130GFA) &#8211; Ula\u015ft\u0131rma ve Altyap\u0131 Bakan\u0131 Abdulkadir Uralo\u011flu, Ankara\u2019da bulunan PTT Pul M\u00fczesi\u2019nin 2023 y\u0131l\u0131na g\u00f6re y\u00fczde 30 b\u00fcy\u00fcme oran\u0131yla 100 binden fazla ziyaret\u00e7iyi a\u011f\u0131rlayarak rekor k\u0131rd\u0131\u011f\u0131n\u0131 a\u00e7\u0131klad\u0131.<br \/>\nBakan Uralo\u011flu, 2013 y\u0131l\u0131nda hizmete a\u00e7\u0131lan PTT Pul M\u00fczesi\u2019nin, Osmanl\u0131\u2019dan Cumhuriyet\u2019e kadar uzanan geni\u015f bir koleksiyonla ziyaret\u00e7ilerini kar\u015f\u0131lad\u0131\u011f\u0131n\u0131 kaydetti.<br \/>\nM\u00fczede 1863 tarihinden bu yana tedav\u00fcle sunuldu\u011funu ifade eden Bakan Uralo\u011flu, \u201cFarkl\u0131 \u00fclkelerin ve medeniyetlerin pullar\u0131ndan olu\u015fan koleksiyonlar\u0131, Osmanl\u0131dan g\u00fcn\u00fcm\u00fcze kadar uzanan ileti\u015fim a\u011f\u0131n\u0131n geli\u015fimini anlatan tarihi ileti\u015fim ara\u00e7lar\u0131n\u0131 ziyaret\u00e7ilerimizin ilgisine sunuyoruz&#8221; dedi.<br \/>\nBakan Uralo\u011flu, Osmanl\u0131 d\u00f6neminde tedav\u00fcle sunulan ilk posta pullar\u0131ndan Cumhuriyet d\u00f6nemi pullar\u0131na farkl\u0131 tarihi ve \u00f6zel g\u00fcnleri anlatan 870 bin adet pul ve 70 bin filatelik zarf\u0131n ar\u015fivlendi\u011fini aktard\u0131. Uralo\u011flu, m\u00fczede ziyaret\u00e7ilerin 10 bin adet pulu yak\u0131ndan inceleme f\u0131rsat\u0131 buldu\u011funun da alt\u0131n\u0131 \u00e7izdi.<\/p>\n<p>F\u0130LATEL\u0130K K\u00dcLT\u00dcRDEN SOSYAL DENEY\u0130MLERE<br \/>\nPTT Pul M\u00fczesi\u2019nin, yaln\u0131zca filatelik \u00fcr\u00fcnlerle de\u011fil, sosyal ve k\u00fclt\u00fcrel etkinlik alanlar\u0131yla da ziyaret\u00e7ilerine e\u015fsiz bir deneyim sundu\u011funu kaydeden Bakan Uralo\u011flu, \u201c\u00c7ocuklar i\u00e7in \u00f6zel olarak tasarlanm\u0131\u015f \u00c7ocuk Kul\u00fcb\u00fc etkinlik alan\u0131nda, k\u0131sa animasyon filmlerle pul koleksiyonculu\u011funu \u00f6\u011frenen \u00e7ocuklar, kendi pullar\u0131n\u0131 tasarlama imk\u00e2n\u0131 buluyor. M\u00fcze, \u00f6\u011frenciler ba\u015fta olmak \u00fczere her ya\u015f grubundan ziyaret\u00e7iye tarihin izlerini ve filatelik k\u00fclt\u00fcr\u00fc ke\u015ffetme f\u0131rsat\u0131 sunuyor&#8221; diye konu\u015ftu.<br \/>\nM\u00fczenin yaln\u0131zca bir koleksiyon alan\u0131 de\u011fil, ayn\u0131 zamanda ge\u00e7mi\u015f ile bug\u00fcn aras\u0131nda g\u00fc\u00e7l\u00fc bir ba\u011f kuran bir k\u00fclt\u00fcr merkezi oldu\u011funu ifade eden Bakan Uralo\u011flu, &#8220;PTT Pul M\u00fczesi, \u00fclkemizin ileti\u015fim tarihine tan\u0131kl\u0131k etmek isteyen herkesi bekliyor. Modernle\u015fen d\u00fcnyada, ge\u00e7mi\u015fin izlerini koruyarak filatelik k\u00fclt\u00fcr\u00fc yeni nesillere aktarmay\u0131 s\u00fcrd\u00fcrece\u011fiz.\u201d dedi.<br \/>\nBu arada ziyaret\u00e7iler, PTT Pul M\u00fczesi\u2019nde tedav\u00fcle sunulan pullar\u0131n yan\u0131 s\u0131ra ilkg\u00fcn zarflar\u0131 ve di\u011fer filatelik \u00fcr\u00fcnleri sat\u0131n alabilirken, ki\u015fisel pul yapt\u0131rma hizmetinden de faydalanabiliyor.\u00a0<br \/>\nM\u00fcze, dini ve mill\u00ee bayramlar hari\u00e7 haftan\u0131n her g\u00fcn\u00fc 09.00-17.00 saatleri aras\u0131nda \u00fccretsiz olarak ziyaret edilebiliyor.<br \/>\n\u00d6zellikle \u00f6\u011frenci gruplar\u0131, m\u00fczede tarih ve k\u00fclt\u00fcrle i\u00e7 i\u00e7e bir deneyim ya\u015fayarak, pullar\u0131n tarihini ve k\u00fclt\u00fcr\u00fcn\u00fc yerinde \u00f6\u011freniyor.<\/p>\n<p>\u200bUla\u015ft\u0131rma ve Altyap\u0131 Bakan\u0131 Abdulkadir Uralo\u011flu, PTT Pul M\u00fczesi\u2019nin 100 binden fazla ziyaret\u00e7iyi a\u011f\u0131rlayarak rekor k\u0131rd\u0131\u011f\u0131n\u0131 duyurdu. M\u00fczede 870 bin adet pul ve 70 bin filatelik zarf\u0131n ar\u015fivlendi\u011fini belirten Bakan Uralo\u011flu, ziyaret\u00e7ilerin 10 bin adet pulu yak\u0131ndan inceleme f\u0131rsat\u0131 buldu\u011funu kaydetti.ANKARA (\u0130GFA) &#8211; Ula\u015ft\u0131rma ve Altyap\u0131 Bakan\u0131 Abdulkadir Uralo\u011flu, Ankara\u2019da bulunan PTT Pul M\u00fczesi\u2019nin 2023 y\u0131l\u0131na g\u00f6re y\u00fczde 30 b\u00fcy\u00fcme oran\u0131yla 100 binden fazla ziyaret\u00e7iyi a\u011f\u0131rlayarak rekor k\u0131rd\u0131\u011f\u0131n\u0131 a\u00e7\u0131klad\u0131.<br \/>\nBakan Uralo\u011flu, 2013 y\u0131l\u0131nda hizmete a\u00e7\u0131lan PTT Pul M\u00fczesi\u2019nin, Osmanl\u0131\u2019dan Cumhuriyet\u2019e kadar uzanan geni\u015f bir koleksiyonla ziyaret\u00e7ilerini kar\u015f\u0131lad\u0131\u011f\u0131n\u0131 kaydetti.<br \/>\nM\u00fczede 1863 tarihinden bu yana tedav\u00fcle sunuldu\u011funu ifade eden Bakan Uralo\u011flu, \u201cFarkl\u0131 \u00fclkelerin ve medeniyetlerin pullar\u0131ndan olu\u015fan koleksiyonlar\u0131, Osmanl\u0131dan g\u00fcn\u00fcm\u00fcze kadar uzanan ileti\u015fim a\u011f\u0131n\u0131n geli\u015fimini anlatan tarihi ileti\u015fim ara\u00e7lar\u0131n\u0131 ziyaret\u00e7ilerimizin ilgisine sunuyoruz&#8221; dedi.<br \/>\nBakan Uralo\u011flu, Osmanl\u0131 d\u00f6neminde tedav\u00fcle sunulan ilk posta pullar\u0131ndan Cumhuriyet d\u00f6nemi pullar\u0131na farkl\u0131 tarihi ve \u00f6zel g\u00fcnleri anlatan 870 bin adet pul ve 70 bin filatelik zarf\u0131n ar\u015fivlendi\u011fini aktard\u0131. Uralo\u011flu, m\u00fczede ziyaret\u00e7ilerin 10 bin adet pulu yak\u0131ndan inceleme f\u0131rsat\u0131 buldu\u011funun da alt\u0131n\u0131 \u00e7izdi.<\/p>\n<p>F\u0130LATEL\u0130K K\u00dcLT\u00dcRDEN SOSYAL DENEY\u0130MLERE<br \/>\nPTT Pul M\u00fczesi\u2019nin, yaln\u0131zca filatelik \u00fcr\u00fcnlerle de\u011fil, sosyal ve k\u00fclt\u00fcrel etkinlik alanlar\u0131yla da ziyaret\u00e7ilerine e\u015fsiz bir deneyim sundu\u011funu kaydeden Bakan Uralo\u011flu, \u201c\u00c7ocuklar i\u00e7in \u00f6zel olarak tasarlanm\u0131\u015f \u00c7ocuk Kul\u00fcb\u00fc etkinlik alan\u0131nda, k\u0131sa animasyon filmlerle pul koleksiyonculu\u011funu \u00f6\u011frenen \u00e7ocuklar, kendi pullar\u0131n\u0131 tasarlama imk\u00e2n\u0131 buluyor. M\u00fcze, \u00f6\u011frenciler ba\u015fta olmak \u00fczere her ya\u015f grubundan ziyaret\u00e7iye tarihin izlerini ve filatelik k\u00fclt\u00fcr\u00fc ke\u015ffetme f\u0131rsat\u0131 sunuyor&#8221; diye konu\u015ftu.<br \/>\nM\u00fczenin yaln\u0131zca bir koleksiyon alan\u0131 de\u011fil, ayn\u0131 zamanda ge\u00e7mi\u015f ile bug\u00fcn aras\u0131nda g\u00fc\u00e7l\u00fc bir ba\u011f kuran bir k\u00fclt\u00fcr merkezi oldu\u011funu ifade eden Bakan Uralo\u011flu, &#8220;PTT Pul M\u00fczesi, \u00fclkemizin ileti\u015fim tarihine tan\u0131kl\u0131k etmek isteyen herkesi bekliyor. Modernle\u015fen d\u00fcnyada, ge\u00e7mi\u015fin izlerini koruyarak filatelik k\u00fclt\u00fcr\u00fc yeni nesillere aktarmay\u0131 s\u00fcrd\u00fcrece\u011fiz.\u201d dedi.<br \/>\nBu arada ziyaret\u00e7iler, PTT Pul M\u00fczesi\u2019nde tedav\u00fcle sunulan pullar\u0131n yan\u0131 s\u0131ra ilkg\u00fcn zarflar\u0131 ve di\u011fer filatelik \u00fcr\u00fcnleri sat\u0131n alabilirken, ki\u015fisel pul yapt\u0131rma hizmetinden de faydalanabiliyor.\u00a0<br \/>\nM\u00fcze, dini ve mill\u00ee bayramlar hari\u00e7 haftan\u0131n her g\u00fcn\u00fc 09.00-17.00 saatleri aras\u0131nda \u00fccretsiz olarak ziyaret edilebiliyor.<br \/>\n\u00d6zellikle \u00f6\u011frenci gruplar\u0131, m\u00fczede tarih ve k\u00fclt\u00fcrle i\u00e7 i\u00e7e bir deneyim ya\u015fayarak, pullar\u0131n tarihini ve k\u00fclt\u00fcr\u00fcn\u00fc yerinde \u00f6\u011freniyor.\u00a0<\/p>\n<p>\u200bHaberin Al\u0131nt\u0131land\u0131\u011f\u0131 Kaynak: www.iskenderun.org<\/p>","protected":false},"excerpt":{"rendered":"<p>Ula\u015ft\u0131rma ve Altyap\u0131 Bakan\u0131 Abdulkadir Uralo\u011flu, PTT Pul M\u00fczesi\u2019nin 100 binden fazla ziyaret\u00e7iyi a\u011f\u0131rlayarak rekor k\u0131rd\u0131\u011f\u0131n\u0131 duyurdu. M\u00fczede 870 bin adet pul ve 70 bin filatelik zarf\u0131n ar\u015fivlendi\u011fini belirten Bakan Uralo\u011flu, ziyaret\u00e7ilerin 10 bin adet pulu yak\u0131ndan inceleme f\u0131rsat\u0131 buldu\u011funu kaydetti.ANKARA (\u0130GFA) &#8211; Ula\u015ft\u0131rma ve Altyap\u0131 Bakan\u0131 Abdulkadir Uralo\u011flu, Ankara\u2019da bulunan PTT Pul M\u00fczesi\u2019nin 2023 y\u0131l\u0131na g\u00f6re y\u00fczde 30 b\u00fcy\u00fcme oran\u0131yla 100 binden fazla ziyaret\u00e7iyi a\u011f\u0131rlayarak rekor k\u0131rd\u0131\u011f\u0131n\u0131 a\u00e7\u0131klad\u0131. Bakan Uralo\u011flu, 2013 y\u0131l\u0131nda hizmete a\u00e7\u0131lan PTT Pul M\u00fczesi\u2019nin, Osmanl\u0131\u2019dan Cumhuriyet\u2019e kadar uzanan geni\u015f bir koleksiyonla ziyaret\u00e7ilerini kar\u015f\u0131lad\u0131\u011f\u0131n\u0131 kaydetti. M\u00fczede 1863 tarihinden bu yana tedav\u00fcle sunuldu\u011funu ifade eden Bakan Uralo\u011flu, \u201cFarkl\u0131 \u00fclkelerin ve medeniyetlerin pullar\u0131ndan olu\u015fan koleksiyonlar\u0131, Osmanl\u0131dan g\u00fcn\u00fcm\u00fcze kadar uzanan ileti\u015fim a\u011f\u0131n\u0131n geli\u015fimini anlatan tarihi ileti\u015fim ara\u00e7lar\u0131n\u0131 ziyaret\u00e7ilerimizin ilgisine sunuyoruz&#8221; dedi. Bakan Uralo\u011flu, Osmanl\u0131 d\u00f6neminde tedav\u00fcle sunulan ilk posta pullar\u0131ndan Cumhuriyet d\u00f6nemi pullar\u0131na farkl\u0131 tarihi ve \u00f6zel g\u00fcnleri anlatan 870 bin adet pul ve 70 bin filatelik zarf\u0131n ar\u015fivlendi\u011fini aktard\u0131. Uralo\u011flu, m\u00fczede ziyaret\u00e7ilerin 10 bin adet pulu yak\u0131ndan inceleme f\u0131rsat\u0131 buldu\u011funun da alt\u0131n\u0131 \u00e7izdi. F\u0130LATEL\u0130K K\u00dcLT\u00dcRDEN SOSYAL DENEY\u0130MLERE PTT Pul M\u00fczesi\u2019nin, yaln\u0131zca filatelik \u00fcr\u00fcnlerle de\u011fil, sosyal ve k\u00fclt\u00fcrel etkinlik alanlar\u0131yla da ziyaret\u00e7ilerine e\u015fsiz bir deneyim sundu\u011funu kaydeden Bakan Uralo\u011flu, \u201c\u00c7ocuklar i\u00e7in \u00f6zel olarak tasarlanm\u0131\u015f \u00c7ocuk Kul\u00fcb\u00fc etkinlik alan\u0131nda, k\u0131sa animasyon &hellip;<\/p>","protected":false},"author":0,"featured_media":0,"comment_status":"open","ping_status":"open","sticky":false,"template":"","format":"standard","meta":{"_acf_changed":false,"footnotes":""},"categories":[24,535],"tags":[],"class_list":["post-22937","post","type-post","status-publish","format-standard","has-post-thumbnail","hentry","category-gundem","category-uncategorized-tr"],"acf":[],"yoast_head":"<!-- This site is optimized with the Yoast SEO Premium plugin v26.6 (Yoast SEO v27.1.1) - https:\/\/yoast.com\/product\/yoast-seo-premium-wordpress\/ -->\n<title>PTT Pul M\u00fczesi&#039;ne rekor ziyaret\u00e7i - Av. Deniz Can K\u0131z\u0131l<\/title>\n<meta name=\"robots\" content=\"index, follow, max-snippet:-1, max-image-preview:large, max-video-preview:-1\" \/>\n<link rel=\"canonical\" href=\"https:\/\/denizcankizil.tr\/de\/haberler\/gundem\/ptt-pul-muzesine-rekor-ziyaretci\/\" \/>\n<meta property=\"og:locale\" content=\"de_DE\" \/>\n<meta property=\"og:type\" content=\"article\" \/>\n<meta property=\"og:title\" content=\"PTT Pul M\u00fczesi&#039;ne rekor ziyaret\u00e7i\" \/>\n<meta property=\"og:description\" content=\"Ula\u015ft\u0131rma ve Altyap\u0131 Bakan\u0131 Abdulkadir Uralo\u011flu, PTT Pul M\u00fczesi\u2019nin 100 binden fazla ziyaret\u00e7iyi a\u011f\u0131rlayarak rekor k\u0131rd\u0131\u011f\u0131n\u0131 duyurdu. M\u00fczede 870 bin adet pul ve 70 bin filatelik zarf\u0131n ar\u015fivlendi\u011fini belirten Bakan Uralo\u011flu, ziyaret\u00e7ilerin 10 bin adet pulu yak\u0131ndan inceleme f\u0131rsat\u0131 buldu\u011funu kaydetti.ANKARA (\u0130GFA) &#8211; Ula\u015ft\u0131rma ve Altyap\u0131 Bakan\u0131 Abdulkadir Uralo\u011flu, Ankara\u2019da bulunan PTT Pul M\u00fczesi\u2019nin 2023 y\u0131l\u0131na g\u00f6re y\u00fczde 30 b\u00fcy\u00fcme oran\u0131yla 100 binden fazla ziyaret\u00e7iyi a\u011f\u0131rlayarak rekor k\u0131rd\u0131\u011f\u0131n\u0131 a\u00e7\u0131klad\u0131. Bakan Uralo\u011flu, 2013 y\u0131l\u0131nda hizmete a\u00e7\u0131lan PTT Pul M\u00fczesi\u2019nin, Osmanl\u0131\u2019dan Cumhuriyet\u2019e kadar uzanan geni\u015f bir koleksiyonla ziyaret\u00e7ilerini kar\u015f\u0131lad\u0131\u011f\u0131n\u0131 kaydetti. M\u00fczede 1863 tarihinden bu yana tedav\u00fcle sunuldu\u011funu ifade eden Bakan Uralo\u011flu, \u201cFarkl\u0131 \u00fclkelerin ve medeniyetlerin pullar\u0131ndan olu\u015fan koleksiyonlar\u0131, Osmanl\u0131dan g\u00fcn\u00fcm\u00fcze kadar uzanan ileti\u015fim a\u011f\u0131n\u0131n geli\u015fimini anlatan tarihi ileti\u015fim ara\u00e7lar\u0131n\u0131 ziyaret\u00e7ilerimizin ilgisine sunuyoruz&#8221; dedi. Bakan Uralo\u011flu, Osmanl\u0131 d\u00f6neminde tedav\u00fcle sunulan ilk posta pullar\u0131ndan Cumhuriyet d\u00f6nemi pullar\u0131na farkl\u0131 tarihi ve \u00f6zel g\u00fcnleri anlatan 870 bin adet pul ve 70 bin filatelik zarf\u0131n ar\u015fivlendi\u011fini aktard\u0131. Uralo\u011flu, m\u00fczede ziyaret\u00e7ilerin 10 bin adet pulu yak\u0131ndan inceleme f\u0131rsat\u0131 buldu\u011funun da alt\u0131n\u0131 \u00e7izdi. F\u0130LATEL\u0130K K\u00dcLT\u00dcRDEN SOSYAL DENEY\u0130MLERE PTT Pul M\u00fczesi\u2019nin, yaln\u0131zca filatelik \u00fcr\u00fcnlerle de\u011fil, sosyal ve k\u00fclt\u00fcrel etkinlik alanlar\u0131yla da ziyaret\u00e7ilerine e\u015fsiz bir deneyim sundu\u011funu kaydeden Bakan Uralo\u011flu, \u201c\u00c7ocuklar i\u00e7in \u00f6zel olarak tasarlanm\u0131\u015f \u00c7ocuk Kul\u00fcb\u00fc etkinlik alan\u0131nda, k\u0131sa animasyon &hellip;\" \/>\n<meta property=\"og:url\" content=\"https:\/\/denizcankizil.tr\/de\/haberler\/gundem\/ptt-pul-muzesine-rekor-ziyaretci\/\" \/>\n<meta property=\"og:site_name\" content=\"Av. Deniz Can K\u0131z\u0131l\" \/>\n<meta property=\"article:published_time\" content=\"2024-12-30T06:41:48+00:00\" \/>\n<meta name=\"twitter:card\" content=\"summary_large_image\" \/>\n<meta name=\"twitter:label1\" content=\"Gesch\u00e4tzte Lesezeit\" \/>\n\t<meta name=\"twitter:data1\" content=\"5\u00a0Minuten\" \/>\n<script type=\"application\/ld+json\" class=\"yoast-schema-graph\">{\"@context\":\"https:\/\/schema.org\",\"@graph\":[{\"@type\":\"Article\",\"@id\":\"https:\/\/denizcankizil.tr\/de\/haberler\/gundem\/ptt-pul-muzesine-rekor-ziyaretci\/#article\",\"isPartOf\":{\"@id\":\"https:\/\/denizcankizil.tr\/de\/haberler\/gundem\/ptt-pul-muzesine-rekor-ziyaretci\/\"},\"author\":{\"name\":\"\",\"@id\":\"\"},\"headline\":\"PTT Pul M\u00fczesi&#8217;ne rekor ziyaret\u00e7i\",\"datePublished\":\"2024-12-30T06:41:48+00:00\",\"mainEntityOfPage\":{\"@id\":\"https:\/\/denizcankizil.tr\/de\/haberler\/gundem\/ptt-pul-muzesine-rekor-ziyaretci\/\"},\"wordCount\":990,\"commentCount\":0,\"publisher\":{\"@id\":\"https:\/\/denizcankizil.tr\/de\/#organization\"},\"articleSection\":[\"G\u00fcndem\",\"Uncategorized\"],\"inLanguage\":\"de\",\"potentialAction\":[{\"@type\":\"CommentAction\",\"name\":\"Comment\",\"target\":[\"https:\/\/denizcankizil.tr\/de\/haberler\/gundem\/ptt-pul-muzesine-rekor-ziyaretci\/#respond\"]}]},{\"@type\":\"WebPage\",\"@id\":\"https:\/\/denizcankizil.tr\/de\/haberler\/gundem\/ptt-pul-muzesine-rekor-ziyaretci\/\",\"url\":\"https:\/\/denizcankizil.tr\/de\/haberler\/gundem\/ptt-pul-muzesine-rekor-ziyaretci\/\",\"name\":\"PTT Pul M\u00fczesi'ne rekor ziyaret\u00e7i - Av. Deniz Can K\u0131z\u0131l\",\"isPartOf\":{\"@id\":\"https:\/\/denizcankizil.tr\/de\/#website\"},\"datePublished\":\"2024-12-30T06:41:48+00:00\",\"breadcrumb\":{\"@id\":\"https:\/\/denizcankizil.tr\/de\/haberler\/gundem\/ptt-pul-muzesine-rekor-ziyaretci\/#breadcrumb\"},\"inLanguage\":\"de\",\"potentialAction\":[{\"@type\":\"ReadAction\",\"target\":[\"https:\/\/denizcankizil.tr\/de\/haberler\/gundem\/ptt-pul-muzesine-rekor-ziyaretci\/\"]}]},{\"@type\":\"BreadcrumbList\",\"@id\":\"https:\/\/denizcankizil.tr\/de\/haberler\/gundem\/ptt-pul-muzesine-rekor-ziyaretci\/#breadcrumb\",\"itemListElement\":[{\"@type\":\"ListItem\",\"position\":1,\"name\":\"Home\",\"item\":\"https:\/\/denizcankizil.tr\/de\/\"},{\"@type\":\"ListItem\",\"position\":2,\"name\":\"PTT Pul M\u00fczesi&#8217;ne rekor ziyaret\u00e7i\"}]},{\"@type\":\"WebSite\",\"@id\":\"https:\/\/denizcankizil.tr\/de\/#website\",\"url\":\"https:\/\/denizcankizil.tr\/de\/\",\"name\":\"Av. Deniz Can K\u0131z\u0131l\",\"description\":\"Avukat Deniz Can K\u0131z\u0131l Antalya Barosu\",\"publisher\":{\"@id\":\"https:\/\/denizcankizil.tr\/de\/#organization\"},\"potentialAction\":[{\"@type\":\"SearchAction\",\"target\":{\"@type\":\"EntryPoint\",\"urlTemplate\":\"https:\/\/denizcankizil.tr\/de\/?s={search_term_string}\"},\"query-input\":{\"@type\":\"PropertyValueSpecification\",\"valueRequired\":true,\"valueName\":\"search_term_string\"}}],\"inLanguage\":\"de\"},{\"@type\":\"Organization\",\"@id\":\"https:\/\/denizcankizil.tr\/de\/#organization\",\"name\":\"Av. Deniz Can K\u0131z\u0131l\",\"url\":\"https:\/\/denizcankizil.tr\/de\/\",\"logo\":{\"@type\":\"ImageObject\",\"inLanguage\":\"de\",\"@id\":\"https:\/\/denizcankizil.tr\/de\/#\/schema\/logo\/image\/\",\"url\":\"https:\/\/denizcankizil.tr\/wp-content\/uploads\/2024\/10\/siyah-logo-svg.svg\",\"contentUrl\":\"https:\/\/denizcankizil.tr\/wp-content\/uploads\/2024\/10\/siyah-logo-svg.svg\",\"width\":1080,\"height\":1080,\"caption\":\"Av. Deniz Can K\u0131z\u0131l\"},\"image\":{\"@id\":\"https:\/\/denizcankizil.tr\/de\/#\/schema\/logo\/image\/\"}}]}<\/script>\n<!-- \/ Yoast SEO Premium plugin. -->","yoast_head_json":{"title":"PTT Pul M\u00fczesi'ne rekor ziyaret\u00e7i - Av. Deniz Can K\u0131z\u0131l","robots":{"index":"index","follow":"follow","max-snippet":"max-snippet:-1","max-image-preview":"max-image-preview:large","max-video-preview":"max-video-preview:-1"},"canonical":"https:\/\/denizcankizil.tr\/de\/haberler\/gundem\/ptt-pul-muzesine-rekor-ziyaretci\/","og_locale":"de_DE","og_type":"article","og_title":"PTT Pul M\u00fczesi'ne rekor ziyaret\u00e7i","og_description":"Ula\u015ft\u0131rma ve Altyap\u0131 Bakan\u0131 Abdulkadir Uralo\u011flu, PTT Pul M\u00fczesi\u2019nin 100 binden fazla ziyaret\u00e7iyi a\u011f\u0131rlayarak rekor k\u0131rd\u0131\u011f\u0131n\u0131 duyurdu. M\u00fczede 870 bin adet pul ve 70 bin filatelik zarf\u0131n ar\u015fivlendi\u011fini belirten Bakan Uralo\u011flu, ziyaret\u00e7ilerin 10 bin adet pulu yak\u0131ndan inceleme f\u0131rsat\u0131 buldu\u011funu kaydetti.ANKARA (\u0130GFA) &#8211; Ula\u015ft\u0131rma ve Altyap\u0131 Bakan\u0131 Abdulkadir Uralo\u011flu, Ankara\u2019da bulunan PTT Pul M\u00fczesi\u2019nin 2023 y\u0131l\u0131na g\u00f6re y\u00fczde 30 b\u00fcy\u00fcme oran\u0131yla 100 binden fazla ziyaret\u00e7iyi a\u011f\u0131rlayarak rekor k\u0131rd\u0131\u011f\u0131n\u0131 a\u00e7\u0131klad\u0131. Bakan Uralo\u011flu, 2013 y\u0131l\u0131nda hizmete a\u00e7\u0131lan PTT Pul M\u00fczesi\u2019nin, Osmanl\u0131\u2019dan Cumhuriyet\u2019e kadar uzanan geni\u015f bir koleksiyonla ziyaret\u00e7ilerini kar\u015f\u0131lad\u0131\u011f\u0131n\u0131 kaydetti. M\u00fczede 1863 tarihinden bu yana tedav\u00fcle sunuldu\u011funu ifade eden Bakan Uralo\u011flu, \u201cFarkl\u0131 \u00fclkelerin ve medeniyetlerin pullar\u0131ndan olu\u015fan koleksiyonlar\u0131, Osmanl\u0131dan g\u00fcn\u00fcm\u00fcze kadar uzanan ileti\u015fim a\u011f\u0131n\u0131n geli\u015fimini anlatan tarihi ileti\u015fim ara\u00e7lar\u0131n\u0131 ziyaret\u00e7ilerimizin ilgisine sunuyoruz&#8221; dedi. Bakan Uralo\u011flu, Osmanl\u0131 d\u00f6neminde tedav\u00fcle sunulan ilk posta pullar\u0131ndan Cumhuriyet d\u00f6nemi pullar\u0131na farkl\u0131 tarihi ve \u00f6zel g\u00fcnleri anlatan 870 bin adet pul ve 70 bin filatelik zarf\u0131n ar\u015fivlendi\u011fini aktard\u0131. Uralo\u011flu, m\u00fczede ziyaret\u00e7ilerin 10 bin adet pulu yak\u0131ndan inceleme f\u0131rsat\u0131 buldu\u011funun da alt\u0131n\u0131 \u00e7izdi. F\u0130LATEL\u0130K K\u00dcLT\u00dcRDEN SOSYAL DENEY\u0130MLERE PTT Pul M\u00fczesi\u2019nin, yaln\u0131zca filatelik \u00fcr\u00fcnlerle de\u011fil, sosyal ve k\u00fclt\u00fcrel etkinlik alanlar\u0131yla da ziyaret\u00e7ilerine e\u015fsiz bir deneyim sundu\u011funu kaydeden Bakan Uralo\u011flu, \u201c\u00c7ocuklar i\u00e7in \u00f6zel olarak tasarlanm\u0131\u015f \u00c7ocuk Kul\u00fcb\u00fc etkinlik alan\u0131nda, k\u0131sa animasyon &hellip;","og_url":"https:\/\/denizcankizil.tr\/de\/haberler\/gundem\/ptt-pul-muzesine-rekor-ziyaretci\/","og_site_name":"Av. Deniz Can K\u0131z\u0131l","article_published_time":"2024-12-30T06:41:48+00:00","twitter_card":"summary_large_image","twitter_misc":{"Gesch\u00e4tzte Lesezeit":"5\u00a0Minuten"},"schema":{"@context":"https:\/\/schema.org","@graph":[{"@type":"Article","@id":"https:\/\/denizcankizil.tr\/de\/haberler\/gundem\/ptt-pul-muzesine-rekor-ziyaretci\/#article","isPartOf":{"@id":"https:\/\/denizcankizil.tr\/de\/haberler\/gundem\/ptt-pul-muzesine-rekor-ziyaretci\/"},"author":{"name":"","@id":""},"headline":"PTT Pul M\u00fczesi&#8217;ne rekor ziyaret\u00e7i","datePublished":"2024-12-30T06:41:48+00:00","mainEntityOfPage":{"@id":"https:\/\/denizcankizil.tr\/de\/haberler\/gundem\/ptt-pul-muzesine-rekor-ziyaretci\/"},"wordCount":990,"commentCount":0,"publisher":{"@id":"https:\/\/denizcankizil.tr\/de\/#organization"},"articleSection":["G\u00fcndem","Uncategorized"],"inLanguage":"de","potentialAction":[{"@type":"CommentAction","name":"Comment","target":["https:\/\/denizcankizil.tr\/de\/haberler\/gundem\/ptt-pul-muzesine-rekor-ziyaretci\/#respond"]}]},{"@type":"WebPage","@id":"https:\/\/denizcankizil.tr\/de\/haberler\/gundem\/ptt-pul-muzesine-rekor-ziyaretci\/","url":"https:\/\/denizcankizil.tr\/de\/haberler\/gundem\/ptt-pul-muzesine-rekor-ziyaretci\/","name":"PTT Pul M\u00fczesi'ne rekor ziyaret\u00e7i - Av. Deniz Can K\u0131z\u0131l","isPartOf":{"@id":"https:\/\/denizcankizil.tr\/de\/#website"},"datePublished":"2024-12-30T06:41:48+00:00","breadcrumb":{"@id":"https:\/\/denizcankizil.tr\/de\/haberler\/gundem\/ptt-pul-muzesine-rekor-ziyaretci\/#breadcrumb"},"inLanguage":"de","potentialAction":[{"@type":"ReadAction","target":["https:\/\/denizcankizil.tr\/de\/haberler\/gundem\/ptt-pul-muzesine-rekor-ziyaretci\/"]}]},{"@type":"BreadcrumbList","@id":"https:\/\/denizcankizil.tr\/de\/haberler\/gundem\/ptt-pul-muzesine-rekor-ziyaretci\/#breadcrumb","itemListElement":[{"@type":"ListItem","position":1,"name":"Home","item":"https:\/\/denizcankizil.tr\/de\/"},{"@type":"ListItem","position":2,"name":"PTT Pul M\u00fczesi&#8217;ne rekor ziyaret\u00e7i"}]},{"@type":"WebSite","@id":"https:\/\/denizcankizil.tr\/de\/#website","url":"https:\/\/denizcankizil.tr\/de\/","name":"Av. Deniz Can K\u0131z\u0131l","description":"Avukat Deniz Can K\u0131z\u0131l Antalya Barosu","publisher":{"@id":"https:\/\/denizcankizil.tr\/de\/#organization"},"potentialAction":[{"@type":"SearchAction","target":{"@type":"EntryPoint","urlTemplate":"https:\/\/denizcankizil.tr\/de\/?s={search_term_string}"},"query-input":{"@type":"PropertyValueSpecification","valueRequired":true,"valueName":"search_term_string"}}],"inLanguage":"de"},{"@type":"Organization","@id":"https:\/\/denizcankizil.tr\/de\/#organization","name":"Av. Deniz Can K\u0131z\u0131l","url":"https:\/\/denizcankizil.tr\/de\/","logo":{"@type":"ImageObject","inLanguage":"de","@id":"https:\/\/denizcankizil.tr\/de\/#\/schema\/logo\/image\/","url":"https:\/\/denizcankizil.tr\/wp-content\/uploads\/2024\/10\/siyah-logo-svg.svg","contentUrl":"https:\/\/denizcankizil.tr\/wp-content\/uploads\/2024\/10\/siyah-logo-svg.svg","width":1080,"height":1080,"caption":"Av. Deniz Can K\u0131z\u0131l"},"image":{"@id":"https:\/\/denizcankizil.tr\/de\/#\/schema\/logo\/image\/"}}]}},"_links":{"self":[{"href":"https:\/\/denizcankizil.tr\/de\/wp-json\/wp\/v2\/posts\/22937","targetHints":{"allow":["GET"]}}],"collection":[{"href":"https:\/\/denizcankizil.tr\/de\/wp-json\/wp\/v2\/posts"}],"about":[{"href":"https:\/\/denizcankizil.tr\/de\/wp-json\/wp\/v2\/types\/post"}],"replies":[{"embeddable":true,"href":"https:\/\/denizcankizil.tr\/de\/wp-json\/wp\/v2\/comments?post=22937"}],"version-history":[{"count":0,"href":"https:\/\/denizcankizil.tr\/de\/wp-json\/wp\/v2\/posts\/22937\/revisions"}],"wp:attachment":[{"href":"https:\/\/denizcankizil.tr\/de\/wp-json\/wp\/v2\/media?parent=22937"}],"wp:term":[{"taxonomy":"category","embeddable":true,"href":"https:\/\/denizcankizil.tr\/de\/wp-json\/wp\/v2\/categories?post=22937"},{"taxonomy":"post_tag","embeddable":true,"href":"https:\/\/denizcankizil.tr\/de\/wp-json\/wp\/v2\/tags?post=22937"}],"curies":[{"name":"wp","href":"https:\/\/api.w.org\/{rel}","templated":true}]}}