{"id":22841,"date":"2024-12-29T15:41:39","date_gmt":"2024-12-29T12:41:39","guid":{"rendered":"https:\/\/denizcankizil.tr\/uncategorized-tr\/manisa-buyuksehir-manisayi-yeni-yila-hazirladi-caddeleri-isil-isil-oldu\/"},"modified":"2024-12-29T15:41:39","modified_gmt":"2024-12-29T12:41:39","slug":"manisa-buyuksehir-manisayi-yeni-yila-hazirladi-caddeleri-isil-isil-oldu","status":"publish","type":"post","link":"https:\/\/denizcankizil.tr\/de\/haberler\/gundem\/manisa-buyuksehir-manisayi-yeni-yila-hazirladi-caddeleri-isil-isil-oldu\/","title":{"rendered":"Manisa B\u00fcy\u00fck\u015fehir, Manisa\u2019y\u0131 yeni y\u0131la haz\u0131rlad\u0131, caddeleri \u0131\u015f\u0131l \u0131\u015f\u0131l oldu"},"content":{"rendered":"<p>Manisa B\u00fcy\u00fck\u015fehir Belediyesi, kentin d\u00f6rt bir yan\u0131n\u0131 yeni y\u0131la haz\u0131rlad\u0131. Ana arter ve kav\u015faklarda yap\u0131lan \u0131\u015f\u0131kland\u0131rma \u00e7al\u0131\u015fmalar\u0131 ile yeni y\u0131l ne\u015fesi t\u00fcm \u015fehre yay\u0131ld\u0131, caddelerde g\u00f6rsel \u015f\u00f6len olu\u015fturuldu.<\/p>\n<p>\u200bManisa B\u00fcy\u00fck\u015fehir Belediyesi, kentin d\u00f6rt bir yan\u0131n\u0131 yeni y\u0131la haz\u0131rlad\u0131. Ana arter ve kav\u015faklarda yap\u0131lan \u0131\u015f\u0131kland\u0131rma \u00e7al\u0131\u015fmalar\u0131 ile yeni y\u0131l ne\u015fesi t\u00fcm \u015fehre yay\u0131ld\u0131, caddelerde g\u00f6rsel \u015f\u00f6len olu\u015fturuldu.\u00a0<\/p>\n<p>\u200bHaberin Al\u0131nt\u0131land\u0131\u011f\u0131 Kaynak: www.iskenderun.org<\/p>","protected":false},"excerpt":{"rendered":"<p>Manisa B\u00fcy\u00fck\u015fehir Belediyesi, kentin d\u00f6rt bir yan\u0131n\u0131 yeni y\u0131la haz\u0131rlad\u0131. Ana arter ve kav\u015faklarda yap\u0131lan \u0131\u015f\u0131kland\u0131rma \u00e7al\u0131\u015fmalar\u0131 ile yeni y\u0131l ne\u015fesi t\u00fcm \u015fehre yay\u0131ld\u0131, caddelerde g\u00f6rsel \u015f\u00f6len olu\u015fturuldu. \u200bManisa B\u00fcy\u00fck\u015fehir Belediyesi, kentin d\u00f6rt bir yan\u0131n\u0131 yeni y\u0131la haz\u0131rlad\u0131. Ana arter ve kav\u015faklarda yap\u0131lan \u0131\u015f\u0131kland\u0131rma \u00e7al\u0131\u015fmalar\u0131 ile yeni y\u0131l ne\u015fesi t\u00fcm \u015fehre yay\u0131ld\u0131, caddelerde g\u00f6rsel \u015f\u00f6len olu\u015fturuldu.\u00a0 \u200bHaberin Al\u0131nt\u0131land\u0131\u011f\u0131 Kaynak: www.iskenderun.org<\/p>","protected":false},"author":0,"featured_media":0,"comment_status":"open","ping_status":"open","sticky":false,"template":"","format":"standard","meta":{"_acf_changed":false,"footnotes":""},"categories":[24,535],"tags":[],"class_list":["post-22841","post","type-post","status-publish","format-standard","has-post-thumbnail","hentry","category-gundem","category-uncategorized-tr"],"acf":[],"yoast_head":"<!-- This site is optimized with the Yoast SEO Premium plugin v26.6 (Yoast SEO v27.1.1) - https:\/\/yoast.com\/product\/yoast-seo-premium-wordpress\/ -->\n<title>Manisa B\u00fcy\u00fck\u015fehir, Manisa\u2019y\u0131 yeni y\u0131la haz\u0131rlad\u0131, caddeleri \u0131\u015f\u0131l \u0131\u015f\u0131l oldu - Av. Deniz Can K\u0131z\u0131l<\/title>\n<meta name=\"robots\" content=\"index, follow, max-snippet:-1, max-image-preview:large, max-video-preview:-1\" \/>\n<link rel=\"canonical\" href=\"https:\/\/denizcankizil.tr\/de\/haberler\/gundem\/manisa-buyuksehir-manisayi-yeni-yila-hazirladi-caddeleri-isil-isil-oldu\/\" \/>\n<meta property=\"og:locale\" content=\"de_DE\" \/>\n<meta property=\"og:type\" content=\"article\" \/>\n<meta property=\"og:title\" content=\"Manisa B\u00fcy\u00fck\u015fehir, Manisa\u2019y\u0131 yeni y\u0131la haz\u0131rlad\u0131, caddeleri \u0131\u015f\u0131l \u0131\u015f\u0131l oldu\" \/>\n<meta property=\"og:description\" content=\"Manisa B\u00fcy\u00fck\u015fehir Belediyesi, kentin d\u00f6rt bir yan\u0131n\u0131 yeni y\u0131la haz\u0131rlad\u0131. Ana arter ve kav\u015faklarda yap\u0131lan \u0131\u015f\u0131kland\u0131rma \u00e7al\u0131\u015fmalar\u0131 ile yeni y\u0131l ne\u015fesi t\u00fcm \u015fehre yay\u0131ld\u0131, caddelerde g\u00f6rsel \u015f\u00f6len olu\u015fturuldu. \u200bManisa B\u00fcy\u00fck\u015fehir Belediyesi, kentin d\u00f6rt bir yan\u0131n\u0131 yeni y\u0131la haz\u0131rlad\u0131. Ana arter ve kav\u015faklarda yap\u0131lan \u0131\u015f\u0131kland\u0131rma \u00e7al\u0131\u015fmalar\u0131 ile yeni y\u0131l ne\u015fesi t\u00fcm \u015fehre yay\u0131ld\u0131, caddelerde g\u00f6rsel \u015f\u00f6len olu\u015fturuldu.\u00a0 \u200bHaberin Al\u0131nt\u0131land\u0131\u011f\u0131 Kaynak: www.iskenderun.org\" \/>\n<meta property=\"og:url\" content=\"https:\/\/denizcankizil.tr\/de\/haberler\/gundem\/manisa-buyuksehir-manisayi-yeni-yila-hazirladi-caddeleri-isil-isil-oldu\/\" \/>\n<meta property=\"og:site_name\" content=\"Av. Deniz Can K\u0131z\u0131l\" \/>\n<meta property=\"article:published_time\" content=\"2024-12-29T12:41:39+00:00\" \/>\n<meta name=\"twitter:card\" content=\"summary_large_image\" \/>\n<script type=\"application\/ld+json\" class=\"yoast-schema-graph\">{\"@context\":\"https:\/\/schema.org\",\"@graph\":[{\"@type\":\"Article\",\"@id\":\"https:\/\/denizcankizil.tr\/de\/haberler\/gundem\/manisa-buyuksehir-manisayi-yeni-yila-hazirladi-caddeleri-isil-isil-oldu\/#article\",\"isPartOf\":{\"@id\":\"https:\/\/denizcankizil.tr\/de\/haberler\/gundem\/manisa-buyuksehir-manisayi-yeni-yila-hazirladi-caddeleri-isil-isil-oldu\/\"},\"author\":{\"name\":\"\",\"@id\":\"\"},\"headline\":\"Manisa B\u00fcy\u00fck\u015fehir, Manisa\u2019y\u0131 yeni y\u0131la haz\u0131rlad\u0131, caddeleri \u0131\u015f\u0131l \u0131\u015f\u0131l oldu\",\"datePublished\":\"2024-12-29T12:41:39+00:00\",\"mainEntityOfPage\":{\"@id\":\"https:\/\/denizcankizil.tr\/de\/haberler\/gundem\/manisa-buyuksehir-manisayi-yeni-yila-hazirladi-caddeleri-isil-isil-oldu\/\"},\"wordCount\":114,\"commentCount\":0,\"publisher\":{\"@id\":\"https:\/\/denizcankizil.tr\/de\/#organization\"},\"articleSection\":[\"G\u00fcndem\",\"Uncategorized\"],\"inLanguage\":\"de\",\"potentialAction\":[{\"@type\":\"CommentAction\",\"name\":\"Comment\",\"target\":[\"https:\/\/denizcankizil.tr\/de\/haberler\/gundem\/manisa-buyuksehir-manisayi-yeni-yila-hazirladi-caddeleri-isil-isil-oldu\/#respond\"]}]},{\"@type\":\"WebPage\",\"@id\":\"https:\/\/denizcankizil.tr\/de\/haberler\/gundem\/manisa-buyuksehir-manisayi-yeni-yila-hazirladi-caddeleri-isil-isil-oldu\/\",\"url\":\"https:\/\/denizcankizil.tr\/de\/haberler\/gundem\/manisa-buyuksehir-manisayi-yeni-yila-hazirladi-caddeleri-isil-isil-oldu\/\",\"name\":\"Manisa B\u00fcy\u00fck\u015fehir, Manisa\u2019y\u0131 yeni y\u0131la haz\u0131rlad\u0131, caddeleri \u0131\u015f\u0131l \u0131\u015f\u0131l oldu - Av. Deniz Can K\u0131z\u0131l\",\"isPartOf\":{\"@id\":\"https:\/\/denizcankizil.tr\/de\/#website\"},\"datePublished\":\"2024-12-29T12:41:39+00:00\",\"breadcrumb\":{\"@id\":\"https:\/\/denizcankizil.tr\/de\/haberler\/gundem\/manisa-buyuksehir-manisayi-yeni-yila-hazirladi-caddeleri-isil-isil-oldu\/#breadcrumb\"},\"inLanguage\":\"de\",\"potentialAction\":[{\"@type\":\"ReadAction\",\"target\":[\"https:\/\/denizcankizil.tr\/de\/haberler\/gundem\/manisa-buyuksehir-manisayi-yeni-yila-hazirladi-caddeleri-isil-isil-oldu\/\"]}]},{\"@type\":\"BreadcrumbList\",\"@id\":\"https:\/\/denizcankizil.tr\/de\/haberler\/gundem\/manisa-buyuksehir-manisayi-yeni-yila-hazirladi-caddeleri-isil-isil-oldu\/#breadcrumb\",\"itemListElement\":[{\"@type\":\"ListItem\",\"position\":1,\"name\":\"Home\",\"item\":\"https:\/\/denizcankizil.tr\/de\/\"},{\"@type\":\"ListItem\",\"position\":2,\"name\":\"Manisa B\u00fcy\u00fck\u015fehir, Manisa\u2019y\u0131 yeni y\u0131la haz\u0131rlad\u0131, caddeleri \u0131\u015f\u0131l \u0131\u015f\u0131l oldu\"}]},{\"@type\":\"WebSite\",\"@id\":\"https:\/\/denizcankizil.tr\/de\/#website\",\"url\":\"https:\/\/denizcankizil.tr\/de\/\",\"name\":\"Av. Deniz Can K\u0131z\u0131l\",\"description\":\"Avukat Deniz Can K\u0131z\u0131l Antalya Barosu\",\"publisher\":{\"@id\":\"https:\/\/denizcankizil.tr\/de\/#organization\"},\"potentialAction\":[{\"@type\":\"SearchAction\",\"target\":{\"@type\":\"EntryPoint\",\"urlTemplate\":\"https:\/\/denizcankizil.tr\/de\/?s={search_term_string}\"},\"query-input\":{\"@type\":\"PropertyValueSpecification\",\"valueRequired\":true,\"valueName\":\"search_term_string\"}}],\"inLanguage\":\"de\"},{\"@type\":\"Organization\",\"@id\":\"https:\/\/denizcankizil.tr\/de\/#organization\",\"name\":\"Av. Deniz Can K\u0131z\u0131l\",\"url\":\"https:\/\/denizcankizil.tr\/de\/\",\"logo\":{\"@type\":\"ImageObject\",\"inLanguage\":\"de\",\"@id\":\"https:\/\/denizcankizil.tr\/de\/#\/schema\/logo\/image\/\",\"url\":\"https:\/\/denizcankizil.tr\/wp-content\/uploads\/2024\/10\/siyah-logo-svg.svg\",\"contentUrl\":\"https:\/\/denizcankizil.tr\/wp-content\/uploads\/2024\/10\/siyah-logo-svg.svg\",\"width\":1080,\"height\":1080,\"caption\":\"Av. Deniz Can K\u0131z\u0131l\"},\"image\":{\"@id\":\"https:\/\/denizcankizil.tr\/de\/#\/schema\/logo\/image\/\"}}]}<\/script>\n<!-- \/ Yoast SEO Premium plugin. -->","yoast_head_json":{"title":"Manisa B\u00fcy\u00fck\u015fehir, Manisa\u2019y\u0131 yeni y\u0131la haz\u0131rlad\u0131, caddeleri \u0131\u015f\u0131l \u0131\u015f\u0131l oldu - Av. Deniz Can K\u0131z\u0131l","robots":{"index":"index","follow":"follow","max-snippet":"max-snippet:-1","max-image-preview":"max-image-preview:large","max-video-preview":"max-video-preview:-1"},"canonical":"https:\/\/denizcankizil.tr\/de\/haberler\/gundem\/manisa-buyuksehir-manisayi-yeni-yila-hazirladi-caddeleri-isil-isil-oldu\/","og_locale":"de_DE","og_type":"article","og_title":"Manisa B\u00fcy\u00fck\u015fehir, Manisa\u2019y\u0131 yeni y\u0131la haz\u0131rlad\u0131, caddeleri \u0131\u015f\u0131l \u0131\u015f\u0131l oldu","og_description":"Manisa B\u00fcy\u00fck\u015fehir Belediyesi, kentin d\u00f6rt bir yan\u0131n\u0131 yeni y\u0131la haz\u0131rlad\u0131. Ana arter ve kav\u015faklarda yap\u0131lan \u0131\u015f\u0131kland\u0131rma \u00e7al\u0131\u015fmalar\u0131 ile yeni y\u0131l ne\u015fesi t\u00fcm \u015fehre yay\u0131ld\u0131, caddelerde g\u00f6rsel \u015f\u00f6len olu\u015fturuldu. \u200bManisa B\u00fcy\u00fck\u015fehir Belediyesi, kentin d\u00f6rt bir yan\u0131n\u0131 yeni y\u0131la haz\u0131rlad\u0131. Ana arter ve kav\u015faklarda yap\u0131lan \u0131\u015f\u0131kland\u0131rma \u00e7al\u0131\u015fmalar\u0131 ile yeni y\u0131l ne\u015fesi t\u00fcm \u015fehre yay\u0131ld\u0131, caddelerde g\u00f6rsel \u015f\u00f6len olu\u015fturuldu.\u00a0 \u200bHaberin Al\u0131nt\u0131land\u0131\u011f\u0131 Kaynak: www.iskenderun.org","og_url":"https:\/\/denizcankizil.tr\/de\/haberler\/gundem\/manisa-buyuksehir-manisayi-yeni-yila-hazirladi-caddeleri-isil-isil-oldu\/","og_site_name":"Av. Deniz Can K\u0131z\u0131l","article_published_time":"2024-12-29T12:41:39+00:00","twitter_card":"summary_large_image","schema":{"@context":"https:\/\/schema.org","@graph":[{"@type":"Article","@id":"https:\/\/denizcankizil.tr\/de\/haberler\/gundem\/manisa-buyuksehir-manisayi-yeni-yila-hazirladi-caddeleri-isil-isil-oldu\/#article","isPartOf":{"@id":"https:\/\/denizcankizil.tr\/de\/haberler\/gundem\/manisa-buyuksehir-manisayi-yeni-yila-hazirladi-caddeleri-isil-isil-oldu\/"},"author":{"name":"","@id":""},"headline":"Manisa B\u00fcy\u00fck\u015fehir, Manisa\u2019y\u0131 yeni y\u0131la haz\u0131rlad\u0131, caddeleri \u0131\u015f\u0131l \u0131\u015f\u0131l oldu","datePublished":"2024-12-29T12:41:39+00:00","mainEntityOfPage":{"@id":"https:\/\/denizcankizil.tr\/de\/haberler\/gundem\/manisa-buyuksehir-manisayi-yeni-yila-hazirladi-caddeleri-isil-isil-oldu\/"},"wordCount":114,"commentCount":0,"publisher":{"@id":"https:\/\/denizcankizil.tr\/de\/#organization"},"articleSection":["G\u00fcndem","Uncategorized"],"inLanguage":"de","potentialAction":[{"@type":"CommentAction","name":"Comment","target":["https:\/\/denizcankizil.tr\/de\/haberler\/gundem\/manisa-buyuksehir-manisayi-yeni-yila-hazirladi-caddeleri-isil-isil-oldu\/#respond"]}]},{"@type":"WebPage","@id":"https:\/\/denizcankizil.tr\/de\/haberler\/gundem\/manisa-buyuksehir-manisayi-yeni-yila-hazirladi-caddeleri-isil-isil-oldu\/","url":"https:\/\/denizcankizil.tr\/de\/haberler\/gundem\/manisa-buyuksehir-manisayi-yeni-yila-hazirladi-caddeleri-isil-isil-oldu\/","name":"Manisa B\u00fcy\u00fck\u015fehir, Manisa\u2019y\u0131 yeni y\u0131la haz\u0131rlad\u0131, caddeleri \u0131\u015f\u0131l \u0131\u015f\u0131l oldu - Av. Deniz Can K\u0131z\u0131l","isPartOf":{"@id":"https:\/\/denizcankizil.tr\/de\/#website"},"datePublished":"2024-12-29T12:41:39+00:00","breadcrumb":{"@id":"https:\/\/denizcankizil.tr\/de\/haberler\/gundem\/manisa-buyuksehir-manisayi-yeni-yila-hazirladi-caddeleri-isil-isil-oldu\/#breadcrumb"},"inLanguage":"de","potentialAction":[{"@type":"ReadAction","target":["https:\/\/denizcankizil.tr\/de\/haberler\/gundem\/manisa-buyuksehir-manisayi-yeni-yila-hazirladi-caddeleri-isil-isil-oldu\/"]}]},{"@type":"BreadcrumbList","@id":"https:\/\/denizcankizil.tr\/de\/haberler\/gundem\/manisa-buyuksehir-manisayi-yeni-yila-hazirladi-caddeleri-isil-isil-oldu\/#breadcrumb","itemListElement":[{"@type":"ListItem","position":1,"name":"Home","item":"https:\/\/denizcankizil.tr\/de\/"},{"@type":"ListItem","position":2,"name":"Manisa B\u00fcy\u00fck\u015fehir, Manisa\u2019y\u0131 yeni y\u0131la haz\u0131rlad\u0131, caddeleri \u0131\u015f\u0131l \u0131\u015f\u0131l oldu"}]},{"@type":"WebSite","@id":"https:\/\/denizcankizil.tr\/de\/#website","url":"https:\/\/denizcankizil.tr\/de\/","name":"Av. Deniz Can K\u0131z\u0131l","description":"Avukat Deniz Can K\u0131z\u0131l Antalya Barosu","publisher":{"@id":"https:\/\/denizcankizil.tr\/de\/#organization"},"potentialAction":[{"@type":"SearchAction","target":{"@type":"EntryPoint","urlTemplate":"https:\/\/denizcankizil.tr\/de\/?s={search_term_string}"},"query-input":{"@type":"PropertyValueSpecification","valueRequired":true,"valueName":"search_term_string"}}],"inLanguage":"de"},{"@type":"Organization","@id":"https:\/\/denizcankizil.tr\/de\/#organization","name":"Av. Deniz Can K\u0131z\u0131l","url":"https:\/\/denizcankizil.tr\/de\/","logo":{"@type":"ImageObject","inLanguage":"de","@id":"https:\/\/denizcankizil.tr\/de\/#\/schema\/logo\/image\/","url":"https:\/\/denizcankizil.tr\/wp-content\/uploads\/2024\/10\/siyah-logo-svg.svg","contentUrl":"https:\/\/denizcankizil.tr\/wp-content\/uploads\/2024\/10\/siyah-logo-svg.svg","width":1080,"height":1080,"caption":"Av. Deniz Can K\u0131z\u0131l"},"image":{"@id":"https:\/\/denizcankizil.tr\/de\/#\/schema\/logo\/image\/"}}]}},"_links":{"self":[{"href":"https:\/\/denizcankizil.tr\/de\/wp-json\/wp\/v2\/posts\/22841","targetHints":{"allow":["GET"]}}],"collection":[{"href":"https:\/\/denizcankizil.tr\/de\/wp-json\/wp\/v2\/posts"}],"about":[{"href":"https:\/\/denizcankizil.tr\/de\/wp-json\/wp\/v2\/types\/post"}],"replies":[{"embeddable":true,"href":"https:\/\/denizcankizil.tr\/de\/wp-json\/wp\/v2\/comments?post=22841"}],"version-history":[{"count":0,"href":"https:\/\/denizcankizil.tr\/de\/wp-json\/wp\/v2\/posts\/22841\/revisions"}],"wp:attachment":[{"href":"https:\/\/denizcankizil.tr\/de\/wp-json\/wp\/v2\/media?parent=22841"}],"wp:term":[{"taxonomy":"category","embeddable":true,"href":"https:\/\/denizcankizil.tr\/de\/wp-json\/wp\/v2\/categories?post=22841"},{"taxonomy":"post_tag","embeddable":true,"href":"https:\/\/denizcankizil.tr\/de\/wp-json\/wp\/v2\/tags?post=22841"}],"curies":[{"name":"wp","href":"https:\/\/api.w.org\/{rel}","templated":true}]}}