{"id":2276,"date":"2024-10-14T00:57:00","date_gmt":"2024-10-13T21:57:00","guid":{"rendered":"https:\/\/denizcankizil.tr\/uncategorized\/afyonkarahisar-barosu-baskanligina-melahat-ipek-yilmaz-gokturk-secildi\/"},"modified":"2024-10-14T00:57:00","modified_gmt":"2024-10-13T21:57:00","slug":"afyonkarahisar-barosu-baskanligina-melahat-ipek-yilmaz-gokturk-secildi","status":"publish","type":"post","link":"https:\/\/denizcankizil.tr\/de\/hukukihaber\/afyonkarahisar-barosu-baskanligina-melahat-ipek-yilmaz-gokturk-secildi\/","title":{"rendered":"Afyonkarahisar Barosu ba\u015fkanl\u0131\u011f\u0131na Melahat \u0130pek Y\u0131lmaz G\u00f6kt\u00fcrk se\u00e7ildi"},"content":{"rendered":"<p>Afyonkarahisar Baro Ba\u015fkanl\u0131\u011f\u0131 se\u00e7imleri tamamland\u0131 ve Avukat Melahat \u0130pek Y\u0131lmaz G\u00f6kt\u00fcrk, Afyonkarahisar\u2019\u0131n yeni baro ba\u015fkan\u0131 oldu. G\u00f6kt\u00fcrk, Afyonkarahisar Barosu\u2019nda ba\u015fkanl\u0131k yapan ilk kad\u0131n oldu.<\/p>\n<p>Baro ba\u015fkanl\u0131\u011f\u0131 se\u00e7imlerini kazanan G\u00f6kt\u00fcrk, yeni d\u00f6nemde baronun faaliyetlerinde daha kapsay\u0131c\u0131 ve g\u00fc\u00e7l\u00fc bir vizyon hedeflendi\u011fini belirtti.<\/p>\n<p>\u200bAfyonkarahisar Baro Ba\u015fkanl\u0131\u011f\u0131 se\u00e7imleri tamamland\u0131 ve Avukat Melahat \u0130pek Y\u0131lmaz G\u00f6kt\u00fcrk, Afyonkarahisar\u2019\u0131n yeni baro ba\u015fkan\u0131 oldu.\u00a0Hukuki Haber<\/p>","protected":false},"excerpt":{"rendered":"<p>Afyonkarahisar Baro Ba\u015fkanl\u0131\u011f\u0131 se\u00e7imleri tamamland\u0131 ve Avukat Melahat \u0130pek Y\u0131lmaz G\u00f6kt\u00fcrk, Afyonkarahisar\u2019\u0131n yeni baro ba\u015fkan\u0131 oldu. G\u00f6kt\u00fcrk, Afyonkarahisar Barosu\u2019nda ba\u015fkanl\u0131k yapan ilk kad\u0131n oldu. Baro ba\u015fkanl\u0131\u011f\u0131 se\u00e7imlerini kazanan G\u00f6kt\u00fcrk, yeni d\u00f6nemde baronun faaliyetlerinde daha kapsay\u0131c\u0131 ve g\u00fc\u00e7l\u00fc bir vizyon hedeflendi\u011fini belirtti. \u200bAfyonkarahisar Baro Ba\u015fkanl\u0131\u011f\u0131 se\u00e7imleri tamamland\u0131 ve Avukat Melahat \u0130pek Y\u0131lmaz G\u00f6kt\u00fcrk, Afyonkarahisar\u2019\u0131n yeni baro ba\u015fkan\u0131 oldu.\u00a0Hukuki Haber<\/p>","protected":false},"author":0,"featured_media":0,"comment_status":"open","ping_status":"open","sticky":false,"template":"","format":"standard","meta":{"_acf_changed":false,"footnotes":""},"categories":[27],"tags":[],"class_list":["post-2276","post","type-post","status-publish","format-standard","has-post-thumbnail","hentry","category-hukukihaber"],"acf":[],"yoast_head":"<!-- This site is optimized with the Yoast SEO Premium plugin v26.6 (Yoast SEO v27.1.1) - https:\/\/yoast.com\/product\/yoast-seo-premium-wordpress\/ -->\n<title>Afyonkarahisar Barosu ba\u015fkanl\u0131\u011f\u0131na Melahat \u0130pek Y\u0131lmaz G\u00f6kt\u00fcrk se\u00e7ildi - Av. Deniz Can K\u0131z\u0131l<\/title>\n<meta name=\"robots\" content=\"index, follow, max-snippet:-1, max-image-preview:large, max-video-preview:-1\" \/>\n<link rel=\"canonical\" href=\"https:\/\/denizcankizil.tr\/de\/hukukihaber\/afyonkarahisar-barosu-baskanligina-melahat-ipek-yilmaz-gokturk-secildi\/\" \/>\n<meta property=\"og:locale\" content=\"de_DE\" \/>\n<meta property=\"og:type\" content=\"article\" \/>\n<meta property=\"og:title\" content=\"Afyonkarahisar Barosu ba\u015fkanl\u0131\u011f\u0131na Melahat \u0130pek Y\u0131lmaz G\u00f6kt\u00fcrk se\u00e7ildi\" \/>\n<meta property=\"og:description\" content=\"Afyonkarahisar Baro Ba\u015fkanl\u0131\u011f\u0131 se\u00e7imleri tamamland\u0131 ve Avukat Melahat \u0130pek Y\u0131lmaz G\u00f6kt\u00fcrk, Afyonkarahisar\u2019\u0131n yeni baro ba\u015fkan\u0131 oldu. G\u00f6kt\u00fcrk, Afyonkarahisar Barosu\u2019nda ba\u015fkanl\u0131k yapan ilk kad\u0131n oldu. Baro ba\u015fkanl\u0131\u011f\u0131 se\u00e7imlerini kazanan G\u00f6kt\u00fcrk, yeni d\u00f6nemde baronun faaliyetlerinde daha kapsay\u0131c\u0131 ve g\u00fc\u00e7l\u00fc bir vizyon hedeflendi\u011fini belirtti. \u200bAfyonkarahisar Baro Ba\u015fkanl\u0131\u011f\u0131 se\u00e7imleri tamamland\u0131 ve Avukat Melahat \u0130pek Y\u0131lmaz G\u00f6kt\u00fcrk, Afyonkarahisar\u2019\u0131n yeni baro ba\u015fkan\u0131 oldu.\u00a0Hukuki Haber\" \/>\n<meta property=\"og:url\" content=\"https:\/\/denizcankizil.tr\/de\/hukukihaber\/afyonkarahisar-barosu-baskanligina-melahat-ipek-yilmaz-gokturk-secildi\/\" \/>\n<meta property=\"og:site_name\" content=\"Av. Deniz Can K\u0131z\u0131l\" \/>\n<meta property=\"article:published_time\" content=\"2024-10-13T21:57:00+00:00\" \/>\n<meta name=\"twitter:card\" content=\"summary_large_image\" \/>\n<script type=\"application\/ld+json\" class=\"yoast-schema-graph\">{\"@context\":\"https:\/\/schema.org\",\"@graph\":[{\"@type\":\"Article\",\"@id\":\"https:\/\/denizcankizil.tr\/de\/hukukihaber\/afyonkarahisar-barosu-baskanligina-melahat-ipek-yilmaz-gokturk-secildi\/#article\",\"isPartOf\":{\"@id\":\"https:\/\/denizcankizil.tr\/de\/hukukihaber\/afyonkarahisar-barosu-baskanligina-melahat-ipek-yilmaz-gokturk-secildi\/\"},\"author\":{\"name\":\"\",\"@id\":\"\"},\"headline\":\"Afyonkarahisar Barosu ba\u015fkanl\u0131\u011f\u0131na Melahat \u0130pek Y\u0131lmaz G\u00f6kt\u00fcrk se\u00e7ildi\",\"datePublished\":\"2024-10-13T21:57:00+00:00\",\"mainEntityOfPage\":{\"@id\":\"https:\/\/denizcankizil.tr\/de\/hukukihaber\/afyonkarahisar-barosu-baskanligina-melahat-ipek-yilmaz-gokturk-secildi\/\"},\"wordCount\":101,\"commentCount\":0,\"publisher\":{\"@id\":\"https:\/\/denizcankizil.tr\/#organization\"},\"articleSection\":[\"Hukuki Haberler\"],\"inLanguage\":\"de\",\"potentialAction\":[{\"@type\":\"CommentAction\",\"name\":\"Comment\",\"target\":[\"https:\/\/denizcankizil.tr\/de\/hukukihaber\/afyonkarahisar-barosu-baskanligina-melahat-ipek-yilmaz-gokturk-secildi\/#respond\"]}]},{\"@type\":\"WebPage\",\"@id\":\"https:\/\/denizcankizil.tr\/de\/hukukihaber\/afyonkarahisar-barosu-baskanligina-melahat-ipek-yilmaz-gokturk-secildi\/\",\"url\":\"https:\/\/denizcankizil.tr\/de\/hukukihaber\/afyonkarahisar-barosu-baskanligina-melahat-ipek-yilmaz-gokturk-secildi\/\",\"name\":\"Afyonkarahisar Barosu ba\u015fkanl\u0131\u011f\u0131na Melahat \u0130pek Y\u0131lmaz G\u00f6kt\u00fcrk se\u00e7ildi - Av. Deniz Can K\u0131z\u0131l\",\"isPartOf\":{\"@id\":\"https:\/\/denizcankizil.tr\/#website\"},\"datePublished\":\"2024-10-13T21:57:00+00:00\",\"breadcrumb\":{\"@id\":\"https:\/\/denizcankizil.tr\/de\/hukukihaber\/afyonkarahisar-barosu-baskanligina-melahat-ipek-yilmaz-gokturk-secildi\/#breadcrumb\"},\"inLanguage\":\"de\",\"potentialAction\":[{\"@type\":\"ReadAction\",\"target\":[\"https:\/\/denizcankizil.tr\/de\/hukukihaber\/afyonkarahisar-barosu-baskanligina-melahat-ipek-yilmaz-gokturk-secildi\/\"]}]},{\"@type\":\"BreadcrumbList\",\"@id\":\"https:\/\/denizcankizil.tr\/de\/hukukihaber\/afyonkarahisar-barosu-baskanligina-melahat-ipek-yilmaz-gokturk-secildi\/#breadcrumb\",\"itemListElement\":[{\"@type\":\"ListItem\",\"position\":1,\"name\":\"Home\",\"item\":\"https:\/\/denizcankizil.tr\/de\/\"},{\"@type\":\"ListItem\",\"position\":2,\"name\":\"Afyonkarahisar Barosu ba\u015fkanl\u0131\u011f\u0131na Melahat \u0130pek Y\u0131lmaz G\u00f6kt\u00fcrk se\u00e7ildi\"}]},{\"@type\":\"WebSite\",\"@id\":\"https:\/\/denizcankizil.tr\/#website\",\"url\":\"https:\/\/denizcankizil.tr\/\",\"name\":\"Av. Deniz Can K\u0131z\u0131l\",\"description\":\"Avukat Deniz Can K\u0131z\u0131l Antalya Barosu\",\"publisher\":{\"@id\":\"https:\/\/denizcankizil.tr\/#organization\"},\"potentialAction\":[{\"@type\":\"SearchAction\",\"target\":{\"@type\":\"EntryPoint\",\"urlTemplate\":\"https:\/\/denizcankizil.tr\/?s={search_term_string}\"},\"query-input\":{\"@type\":\"PropertyValueSpecification\",\"valueRequired\":true,\"valueName\":\"search_term_string\"}}],\"inLanguage\":\"de\"},{\"@type\":\"Organization\",\"@id\":\"https:\/\/denizcankizil.tr\/#organization\",\"name\":\"Av. Deniz Can K\u0131z\u0131l\",\"url\":\"https:\/\/denizcankizil.tr\/\",\"logo\":{\"@type\":\"ImageObject\",\"inLanguage\":\"de\",\"@id\":\"https:\/\/denizcankizil.tr\/#\/schema\/logo\/image\/\",\"url\":\"https:\/\/denizcankizil.tr\/wp-content\/uploads\/2024\/10\/siyah-logo-svg.svg\",\"contentUrl\":\"https:\/\/denizcankizil.tr\/wp-content\/uploads\/2024\/10\/siyah-logo-svg.svg\",\"width\":1080,\"height\":1080,\"caption\":\"Av. Deniz Can K\u0131z\u0131l\"},\"image\":{\"@id\":\"https:\/\/denizcankizil.tr\/#\/schema\/logo\/image\/\"}}]}<\/script>\n<!-- \/ Yoast SEO Premium plugin. -->","yoast_head_json":{"title":"Afyonkarahisar Barosu ba\u015fkanl\u0131\u011f\u0131na Melahat \u0130pek Y\u0131lmaz G\u00f6kt\u00fcrk se\u00e7ildi - Av. Deniz Can K\u0131z\u0131l","robots":{"index":"index","follow":"follow","max-snippet":"max-snippet:-1","max-image-preview":"max-image-preview:large","max-video-preview":"max-video-preview:-1"},"canonical":"https:\/\/denizcankizil.tr\/de\/hukukihaber\/afyonkarahisar-barosu-baskanligina-melahat-ipek-yilmaz-gokturk-secildi\/","og_locale":"de_DE","og_type":"article","og_title":"Afyonkarahisar Barosu ba\u015fkanl\u0131\u011f\u0131na Melahat \u0130pek Y\u0131lmaz G\u00f6kt\u00fcrk se\u00e7ildi","og_description":"Afyonkarahisar Baro Ba\u015fkanl\u0131\u011f\u0131 se\u00e7imleri tamamland\u0131 ve Avukat Melahat \u0130pek Y\u0131lmaz G\u00f6kt\u00fcrk, Afyonkarahisar\u2019\u0131n yeni baro ba\u015fkan\u0131 oldu. G\u00f6kt\u00fcrk, Afyonkarahisar Barosu\u2019nda ba\u015fkanl\u0131k yapan ilk kad\u0131n oldu. Baro ba\u015fkanl\u0131\u011f\u0131 se\u00e7imlerini kazanan G\u00f6kt\u00fcrk, yeni d\u00f6nemde baronun faaliyetlerinde daha kapsay\u0131c\u0131 ve g\u00fc\u00e7l\u00fc bir vizyon hedeflendi\u011fini belirtti. \u200bAfyonkarahisar Baro Ba\u015fkanl\u0131\u011f\u0131 se\u00e7imleri tamamland\u0131 ve Avukat Melahat \u0130pek Y\u0131lmaz G\u00f6kt\u00fcrk, Afyonkarahisar\u2019\u0131n yeni baro ba\u015fkan\u0131 oldu.\u00a0Hukuki Haber","og_url":"https:\/\/denizcankizil.tr\/de\/hukukihaber\/afyonkarahisar-barosu-baskanligina-melahat-ipek-yilmaz-gokturk-secildi\/","og_site_name":"Av. Deniz Can K\u0131z\u0131l","article_published_time":"2024-10-13T21:57:00+00:00","twitter_card":"summary_large_image","schema":{"@context":"https:\/\/schema.org","@graph":[{"@type":"Article","@id":"https:\/\/denizcankizil.tr\/de\/hukukihaber\/afyonkarahisar-barosu-baskanligina-melahat-ipek-yilmaz-gokturk-secildi\/#article","isPartOf":{"@id":"https:\/\/denizcankizil.tr\/de\/hukukihaber\/afyonkarahisar-barosu-baskanligina-melahat-ipek-yilmaz-gokturk-secildi\/"},"author":{"name":"","@id":""},"headline":"Afyonkarahisar Barosu ba\u015fkanl\u0131\u011f\u0131na Melahat \u0130pek Y\u0131lmaz G\u00f6kt\u00fcrk se\u00e7ildi","datePublished":"2024-10-13T21:57:00+00:00","mainEntityOfPage":{"@id":"https:\/\/denizcankizil.tr\/de\/hukukihaber\/afyonkarahisar-barosu-baskanligina-melahat-ipek-yilmaz-gokturk-secildi\/"},"wordCount":101,"commentCount":0,"publisher":{"@id":"https:\/\/denizcankizil.tr\/#organization"},"articleSection":["Hukuki Haberler"],"inLanguage":"de","potentialAction":[{"@type":"CommentAction","name":"Comment","target":["https:\/\/denizcankizil.tr\/de\/hukukihaber\/afyonkarahisar-barosu-baskanligina-melahat-ipek-yilmaz-gokturk-secildi\/#respond"]}]},{"@type":"WebPage","@id":"https:\/\/denizcankizil.tr\/de\/hukukihaber\/afyonkarahisar-barosu-baskanligina-melahat-ipek-yilmaz-gokturk-secildi\/","url":"https:\/\/denizcankizil.tr\/de\/hukukihaber\/afyonkarahisar-barosu-baskanligina-melahat-ipek-yilmaz-gokturk-secildi\/","name":"Afyonkarahisar Barosu ba\u015fkanl\u0131\u011f\u0131na Melahat \u0130pek Y\u0131lmaz G\u00f6kt\u00fcrk se\u00e7ildi - Av. Deniz Can K\u0131z\u0131l","isPartOf":{"@id":"https:\/\/denizcankizil.tr\/#website"},"datePublished":"2024-10-13T21:57:00+00:00","breadcrumb":{"@id":"https:\/\/denizcankizil.tr\/de\/hukukihaber\/afyonkarahisar-barosu-baskanligina-melahat-ipek-yilmaz-gokturk-secildi\/#breadcrumb"},"inLanguage":"de","potentialAction":[{"@type":"ReadAction","target":["https:\/\/denizcankizil.tr\/de\/hukukihaber\/afyonkarahisar-barosu-baskanligina-melahat-ipek-yilmaz-gokturk-secildi\/"]}]},{"@type":"BreadcrumbList","@id":"https:\/\/denizcankizil.tr\/de\/hukukihaber\/afyonkarahisar-barosu-baskanligina-melahat-ipek-yilmaz-gokturk-secildi\/#breadcrumb","itemListElement":[{"@type":"ListItem","position":1,"name":"Home","item":"https:\/\/denizcankizil.tr\/de\/"},{"@type":"ListItem","position":2,"name":"Afyonkarahisar Barosu ba\u015fkanl\u0131\u011f\u0131na Melahat \u0130pek Y\u0131lmaz G\u00f6kt\u00fcrk se\u00e7ildi"}]},{"@type":"WebSite","@id":"https:\/\/denizcankizil.tr\/#website","url":"https:\/\/denizcankizil.tr\/","name":"Av. Deniz Can K\u0131z\u0131l","description":"Avukat Deniz Can K\u0131z\u0131l Antalya Barosu","publisher":{"@id":"https:\/\/denizcankizil.tr\/#organization"},"potentialAction":[{"@type":"SearchAction","target":{"@type":"EntryPoint","urlTemplate":"https:\/\/denizcankizil.tr\/?s={search_term_string}"},"query-input":{"@type":"PropertyValueSpecification","valueRequired":true,"valueName":"search_term_string"}}],"inLanguage":"de"},{"@type":"Organization","@id":"https:\/\/denizcankizil.tr\/#organization","name":"Av. Deniz Can K\u0131z\u0131l","url":"https:\/\/denizcankizil.tr\/","logo":{"@type":"ImageObject","inLanguage":"de","@id":"https:\/\/denizcankizil.tr\/#\/schema\/logo\/image\/","url":"https:\/\/denizcankizil.tr\/wp-content\/uploads\/2024\/10\/siyah-logo-svg.svg","contentUrl":"https:\/\/denizcankizil.tr\/wp-content\/uploads\/2024\/10\/siyah-logo-svg.svg","width":1080,"height":1080,"caption":"Av. Deniz Can K\u0131z\u0131l"},"image":{"@id":"https:\/\/denizcankizil.tr\/#\/schema\/logo\/image\/"}}]}},"_links":{"self":[{"href":"https:\/\/denizcankizil.tr\/de\/wp-json\/wp\/v2\/posts\/2276","targetHints":{"allow":["GET"]}}],"collection":[{"href":"https:\/\/denizcankizil.tr\/de\/wp-json\/wp\/v2\/posts"}],"about":[{"href":"https:\/\/denizcankizil.tr\/de\/wp-json\/wp\/v2\/types\/post"}],"replies":[{"embeddable":true,"href":"https:\/\/denizcankizil.tr\/de\/wp-json\/wp\/v2\/comments?post=2276"}],"version-history":[{"count":0,"href":"https:\/\/denizcankizil.tr\/de\/wp-json\/wp\/v2\/posts\/2276\/revisions"}],"wp:attachment":[{"href":"https:\/\/denizcankizil.tr\/de\/wp-json\/wp\/v2\/media?parent=2276"}],"wp:term":[{"taxonomy":"category","embeddable":true,"href":"https:\/\/denizcankizil.tr\/de\/wp-json\/wp\/v2\/categories?post=2276"},{"taxonomy":"post_tag","embeddable":true,"href":"https:\/\/denizcankizil.tr\/de\/wp-json\/wp\/v2\/tags?post=2276"}],"curies":[{"name":"wp","href":"https:\/\/api.w.org\/{rel}","templated":true}]}}