{"id":22688,"date":"2024-12-28T13:42:37","date_gmt":"2024-12-28T10:42:37","guid":{"rendered":"https:\/\/denizcankizil.tr\/uncategorized-tr\/itsoda-urge-projesi-egitim\/"},"modified":"2024-12-28T13:42:37","modified_gmt":"2024-12-28T10:42:37","slug":"itsoda-urge-projesi-egitim","status":"publish","type":"post","link":"https:\/\/denizcankizil.tr\/de\/haberler\/gundem\/itsoda-urge-projesi-egitim\/","title":{"rendered":"\u0130TSO\u2019da URGE Projesi E\u011fitim\u2026"},"content":{"rendered":"<p>T\u00fcrkiye\u2019nin en \u00f6nemli filtre \u00fcretim merkezi olan B\u00f6lgede \u2018Filtre Sekt\u00f6r\u00fc \u0130\u00e7in Ye\u015fil Kimya Uygulamalar\u0131 E\u011fitimi\u2019 \u0130skenderun Ticaret ve Sanayi Odas\u0131\u2019nda ger\u00e7ekle\u015ftirildi.<\/p>\n<p>E\u011fitmen Do\u00e7. Dr. G\u00f6khan Ceyhan y\u00f6netimindeki e\u011fitime, URGE Projesine ba\u015fvuruda bulunan firmalar\u0131n ilgili personelleri kat\u0131l\u0131m sa\u011flad\u0131.<\/p>\n<p>E\u011fitimde; kat\u0131l\u0131mc\u0131lara s\u00fcrd\u00fcr\u00fclebilir kimyasal s\u00fcre\u00e7ler, \u00e7evre mevzuatlar\u0131 ve ye\u015fil kimya uygulamalar\u0131n\u0131 kapsayan, Do\u011fal Hammaddeler ve Kaynaklar, Ye\u015fil Kimya E\u011fitimi, LCA ve \u00c7\u00f6z\u00fcmler ile \u00c7evre Mevzuatlar\u0131 konu ba\u015fl\u0131klar\u0131nda kapsaml\u0131 bir i\u00e7erik sunuldu.<\/p>\n<p>\u200bHatay\u2019\u0131n \u0130skenderun il\u00e7esinde Ticaret ve Sanayi Odas\u0131 olarak ba\u015fvurusu yap\u0131lan \u201cFiltre ve Yan Sanayisi \u0130hracat Tak\u0131m\u0131 Projesi\u201d UR-GE \u00e7al\u0131\u015fmalar\u0131 kapsam\u0131nda e\u011fitim semineri d\u00fczenlendi.\u00a0<\/p>\n<p>\u200bHaberin Al\u0131nt\u0131land\u0131\u011f\u0131 Kaynak: www.iskenderun.org<\/p>","protected":false},"excerpt":{"rendered":"<p>T\u00fcrkiye\u2019nin en \u00f6nemli filtre \u00fcretim merkezi olan B\u00f6lgede \u2018Filtre Sekt\u00f6r\u00fc \u0130\u00e7in Ye\u015fil Kimya Uygulamalar\u0131 E\u011fitimi\u2019 \u0130skenderun Ticaret ve Sanayi Odas\u0131\u2019nda ger\u00e7ekle\u015ftirildi. E\u011fitmen Do\u00e7. Dr. G\u00f6khan Ceyhan y\u00f6netimindeki e\u011fitime, URGE Projesine ba\u015fvuruda bulunan firmalar\u0131n ilgili personelleri kat\u0131l\u0131m sa\u011flad\u0131. E\u011fitimde; kat\u0131l\u0131mc\u0131lara s\u00fcrd\u00fcr\u00fclebilir kimyasal s\u00fcre\u00e7ler, \u00e7evre mevzuatlar\u0131 ve ye\u015fil kimya uygulamalar\u0131n\u0131 kapsayan, Do\u011fal Hammaddeler ve Kaynaklar, Ye\u015fil Kimya E\u011fitimi, LCA ve \u00c7\u00f6z\u00fcmler ile \u00c7evre Mevzuatlar\u0131 konu ba\u015fl\u0131klar\u0131nda kapsaml\u0131 bir i\u00e7erik sunuldu. \u200bHatay\u2019\u0131n \u0130skenderun il\u00e7esinde Ticaret ve Sanayi Odas\u0131 olarak ba\u015fvurusu yap\u0131lan \u201cFiltre ve Yan Sanayisi \u0130hracat Tak\u0131m\u0131 Projesi\u201d UR-GE \u00e7al\u0131\u015fmalar\u0131 kapsam\u0131nda e\u011fitim semineri d\u00fczenlendi.\u00a0 \u200bHaberin Al\u0131nt\u0131land\u0131\u011f\u0131 Kaynak: www.iskenderun.org<\/p>","protected":false},"author":0,"featured_media":0,"comment_status":"open","ping_status":"open","sticky":false,"template":"","format":"standard","meta":{"_acf_changed":false,"footnotes":""},"categories":[24,535],"tags":[],"class_list":["post-22688","post","type-post","status-publish","format-standard","has-post-thumbnail","hentry","category-gundem","category-uncategorized-tr"],"acf":[],"yoast_head":"<!-- This site is optimized with the Yoast SEO Premium plugin v26.6 (Yoast SEO v27.1.1) - https:\/\/yoast.com\/product\/yoast-seo-premium-wordpress\/ -->\n<title>\u0130TSO\u2019da URGE Projesi E\u011fitim\u2026 - Av. Deniz Can K\u0131z\u0131l<\/title>\n<meta name=\"robots\" content=\"index, follow, max-snippet:-1, max-image-preview:large, max-video-preview:-1\" \/>\n<link rel=\"canonical\" href=\"https:\/\/denizcankizil.tr\/de\/haberler\/gundem\/itsoda-urge-projesi-egitim\/\" \/>\n<meta property=\"og:locale\" content=\"de_DE\" \/>\n<meta property=\"og:type\" content=\"article\" \/>\n<meta property=\"og:title\" content=\"\u0130TSO\u2019da URGE Projesi E\u011fitim\u2026\" \/>\n<meta property=\"og:description\" content=\"T\u00fcrkiye\u2019nin en \u00f6nemli filtre \u00fcretim merkezi olan B\u00f6lgede \u2018Filtre Sekt\u00f6r\u00fc \u0130\u00e7in Ye\u015fil Kimya Uygulamalar\u0131 E\u011fitimi\u2019 \u0130skenderun Ticaret ve Sanayi Odas\u0131\u2019nda ger\u00e7ekle\u015ftirildi. E\u011fitmen Do\u00e7. Dr. G\u00f6khan Ceyhan y\u00f6netimindeki e\u011fitime, URGE Projesine ba\u015fvuruda bulunan firmalar\u0131n ilgili personelleri kat\u0131l\u0131m sa\u011flad\u0131. E\u011fitimde; kat\u0131l\u0131mc\u0131lara s\u00fcrd\u00fcr\u00fclebilir kimyasal s\u00fcre\u00e7ler, \u00e7evre mevzuatlar\u0131 ve ye\u015fil kimya uygulamalar\u0131n\u0131 kapsayan, Do\u011fal Hammaddeler ve Kaynaklar, Ye\u015fil Kimya E\u011fitimi, LCA ve \u00c7\u00f6z\u00fcmler ile \u00c7evre Mevzuatlar\u0131 konu ba\u015fl\u0131klar\u0131nda kapsaml\u0131 bir i\u00e7erik sunuldu. \u200bHatay\u2019\u0131n \u0130skenderun il\u00e7esinde Ticaret ve Sanayi Odas\u0131 olarak ba\u015fvurusu yap\u0131lan \u201cFiltre ve Yan Sanayisi \u0130hracat Tak\u0131m\u0131 Projesi\u201d UR-GE \u00e7al\u0131\u015fmalar\u0131 kapsam\u0131nda e\u011fitim semineri d\u00fczenlendi.\u00a0 \u200bHaberin Al\u0131nt\u0131land\u0131\u011f\u0131 Kaynak: www.iskenderun.org\" \/>\n<meta property=\"og:url\" content=\"https:\/\/denizcankizil.tr\/de\/haberler\/gundem\/itsoda-urge-projesi-egitim\/\" \/>\n<meta property=\"og:site_name\" content=\"Av. Deniz Can K\u0131z\u0131l\" \/>\n<meta property=\"article:published_time\" content=\"2024-12-28T10:42:37+00:00\" \/>\n<meta name=\"twitter:card\" content=\"summary_large_image\" \/>\n<meta name=\"twitter:label1\" content=\"Gesch\u00e4tzte Lesezeit\" \/>\n\t<meta name=\"twitter:data1\" content=\"1\u00a0Minute\" \/>\n<script type=\"application\/ld+json\" class=\"yoast-schema-graph\">{\"@context\":\"https:\/\/schema.org\",\"@graph\":[{\"@type\":\"Article\",\"@id\":\"https:\/\/denizcankizil.tr\/de\/haberler\/gundem\/itsoda-urge-projesi-egitim\/#article\",\"isPartOf\":{\"@id\":\"https:\/\/denizcankizil.tr\/de\/haberler\/gundem\/itsoda-urge-projesi-egitim\/\"},\"author\":{\"name\":\"\",\"@id\":\"\"},\"headline\":\"\u0130TSO\u2019da URGE Projesi E\u011fitim\u2026\",\"datePublished\":\"2024-12-28T10:42:37+00:00\",\"mainEntityOfPage\":{\"@id\":\"https:\/\/denizcankizil.tr\/de\/haberler\/gundem\/itsoda-urge-projesi-egitim\/\"},\"wordCount\":151,\"commentCount\":0,\"publisher\":{\"@id\":\"https:\/\/denizcankizil.tr\/de\/#organization\"},\"articleSection\":[\"G\u00fcndem\",\"Uncategorized\"],\"inLanguage\":\"de\",\"potentialAction\":[{\"@type\":\"CommentAction\",\"name\":\"Comment\",\"target\":[\"https:\/\/denizcankizil.tr\/de\/haberler\/gundem\/itsoda-urge-projesi-egitim\/#respond\"]}]},{\"@type\":\"WebPage\",\"@id\":\"https:\/\/denizcankizil.tr\/de\/haberler\/gundem\/itsoda-urge-projesi-egitim\/\",\"url\":\"https:\/\/denizcankizil.tr\/de\/haberler\/gundem\/itsoda-urge-projesi-egitim\/\",\"name\":\"\u0130TSO\u2019da URGE Projesi E\u011fitim\u2026 - Av. Deniz Can K\u0131z\u0131l\",\"isPartOf\":{\"@id\":\"https:\/\/denizcankizil.tr\/de\/#website\"},\"datePublished\":\"2024-12-28T10:42:37+00:00\",\"breadcrumb\":{\"@id\":\"https:\/\/denizcankizil.tr\/de\/haberler\/gundem\/itsoda-urge-projesi-egitim\/#breadcrumb\"},\"inLanguage\":\"de\",\"potentialAction\":[{\"@type\":\"ReadAction\",\"target\":[\"https:\/\/denizcankizil.tr\/de\/haberler\/gundem\/itsoda-urge-projesi-egitim\/\"]}]},{\"@type\":\"BreadcrumbList\",\"@id\":\"https:\/\/denizcankizil.tr\/de\/haberler\/gundem\/itsoda-urge-projesi-egitim\/#breadcrumb\",\"itemListElement\":[{\"@type\":\"ListItem\",\"position\":1,\"name\":\"Home\",\"item\":\"https:\/\/denizcankizil.tr\/de\/\"},{\"@type\":\"ListItem\",\"position\":2,\"name\":\"\u0130TSO\u2019da URGE Projesi E\u011fitim\u2026\"}]},{\"@type\":\"WebSite\",\"@id\":\"https:\/\/denizcankizil.tr\/de\/#website\",\"url\":\"https:\/\/denizcankizil.tr\/de\/\",\"name\":\"Av. Deniz Can K\u0131z\u0131l\",\"description\":\"Avukat Deniz Can K\u0131z\u0131l Antalya Barosu\",\"publisher\":{\"@id\":\"https:\/\/denizcankizil.tr\/de\/#organization\"},\"potentialAction\":[{\"@type\":\"SearchAction\",\"target\":{\"@type\":\"EntryPoint\",\"urlTemplate\":\"https:\/\/denizcankizil.tr\/de\/?s={search_term_string}\"},\"query-input\":{\"@type\":\"PropertyValueSpecification\",\"valueRequired\":true,\"valueName\":\"search_term_string\"}}],\"inLanguage\":\"de\"},{\"@type\":\"Organization\",\"@id\":\"https:\/\/denizcankizil.tr\/de\/#organization\",\"name\":\"Av. Deniz Can K\u0131z\u0131l\",\"url\":\"https:\/\/denizcankizil.tr\/de\/\",\"logo\":{\"@type\":\"ImageObject\",\"inLanguage\":\"de\",\"@id\":\"https:\/\/denizcankizil.tr\/de\/#\/schema\/logo\/image\/\",\"url\":\"https:\/\/denizcankizil.tr\/wp-content\/uploads\/2024\/10\/siyah-logo-svg.svg\",\"contentUrl\":\"https:\/\/denizcankizil.tr\/wp-content\/uploads\/2024\/10\/siyah-logo-svg.svg\",\"width\":1080,\"height\":1080,\"caption\":\"Av. Deniz Can K\u0131z\u0131l\"},\"image\":{\"@id\":\"https:\/\/denizcankizil.tr\/de\/#\/schema\/logo\/image\/\"}}]}<\/script>\n<!-- \/ Yoast SEO Premium plugin. -->","yoast_head_json":{"title":"\u0130TSO\u2019da URGE Projesi E\u011fitim\u2026 - Av. Deniz Can K\u0131z\u0131l","robots":{"index":"index","follow":"follow","max-snippet":"max-snippet:-1","max-image-preview":"max-image-preview:large","max-video-preview":"max-video-preview:-1"},"canonical":"https:\/\/denizcankizil.tr\/de\/haberler\/gundem\/itsoda-urge-projesi-egitim\/","og_locale":"de_DE","og_type":"article","og_title":"\u0130TSO\u2019da URGE Projesi E\u011fitim\u2026","og_description":"T\u00fcrkiye\u2019nin en \u00f6nemli filtre \u00fcretim merkezi olan B\u00f6lgede \u2018Filtre Sekt\u00f6r\u00fc \u0130\u00e7in Ye\u015fil Kimya Uygulamalar\u0131 E\u011fitimi\u2019 \u0130skenderun Ticaret ve Sanayi Odas\u0131\u2019nda ger\u00e7ekle\u015ftirildi. E\u011fitmen Do\u00e7. Dr. G\u00f6khan Ceyhan y\u00f6netimindeki e\u011fitime, URGE Projesine ba\u015fvuruda bulunan firmalar\u0131n ilgili personelleri kat\u0131l\u0131m sa\u011flad\u0131. E\u011fitimde; kat\u0131l\u0131mc\u0131lara s\u00fcrd\u00fcr\u00fclebilir kimyasal s\u00fcre\u00e7ler, \u00e7evre mevzuatlar\u0131 ve ye\u015fil kimya uygulamalar\u0131n\u0131 kapsayan, Do\u011fal Hammaddeler ve Kaynaklar, Ye\u015fil Kimya E\u011fitimi, LCA ve \u00c7\u00f6z\u00fcmler ile \u00c7evre Mevzuatlar\u0131 konu ba\u015fl\u0131klar\u0131nda kapsaml\u0131 bir i\u00e7erik sunuldu. \u200bHatay\u2019\u0131n \u0130skenderun il\u00e7esinde Ticaret ve Sanayi Odas\u0131 olarak ba\u015fvurusu yap\u0131lan \u201cFiltre ve Yan Sanayisi \u0130hracat Tak\u0131m\u0131 Projesi\u201d UR-GE \u00e7al\u0131\u015fmalar\u0131 kapsam\u0131nda e\u011fitim semineri d\u00fczenlendi.\u00a0 \u200bHaberin Al\u0131nt\u0131land\u0131\u011f\u0131 Kaynak: www.iskenderun.org","og_url":"https:\/\/denizcankizil.tr\/de\/haberler\/gundem\/itsoda-urge-projesi-egitim\/","og_site_name":"Av. Deniz Can K\u0131z\u0131l","article_published_time":"2024-12-28T10:42:37+00:00","twitter_card":"summary_large_image","twitter_misc":{"Gesch\u00e4tzte Lesezeit":"1\u00a0Minute"},"schema":{"@context":"https:\/\/schema.org","@graph":[{"@type":"Article","@id":"https:\/\/denizcankizil.tr\/de\/haberler\/gundem\/itsoda-urge-projesi-egitim\/#article","isPartOf":{"@id":"https:\/\/denizcankizil.tr\/de\/haberler\/gundem\/itsoda-urge-projesi-egitim\/"},"author":{"name":"","@id":""},"headline":"\u0130TSO\u2019da URGE Projesi E\u011fitim\u2026","datePublished":"2024-12-28T10:42:37+00:00","mainEntityOfPage":{"@id":"https:\/\/denizcankizil.tr\/de\/haberler\/gundem\/itsoda-urge-projesi-egitim\/"},"wordCount":151,"commentCount":0,"publisher":{"@id":"https:\/\/denizcankizil.tr\/de\/#organization"},"articleSection":["G\u00fcndem","Uncategorized"],"inLanguage":"de","potentialAction":[{"@type":"CommentAction","name":"Comment","target":["https:\/\/denizcankizil.tr\/de\/haberler\/gundem\/itsoda-urge-projesi-egitim\/#respond"]}]},{"@type":"WebPage","@id":"https:\/\/denizcankizil.tr\/de\/haberler\/gundem\/itsoda-urge-projesi-egitim\/","url":"https:\/\/denizcankizil.tr\/de\/haberler\/gundem\/itsoda-urge-projesi-egitim\/","name":"\u0130TSO\u2019da URGE Projesi E\u011fitim\u2026 - Av. Deniz Can K\u0131z\u0131l","isPartOf":{"@id":"https:\/\/denizcankizil.tr\/de\/#website"},"datePublished":"2024-12-28T10:42:37+00:00","breadcrumb":{"@id":"https:\/\/denizcankizil.tr\/de\/haberler\/gundem\/itsoda-urge-projesi-egitim\/#breadcrumb"},"inLanguage":"de","potentialAction":[{"@type":"ReadAction","target":["https:\/\/denizcankizil.tr\/de\/haberler\/gundem\/itsoda-urge-projesi-egitim\/"]}]},{"@type":"BreadcrumbList","@id":"https:\/\/denizcankizil.tr\/de\/haberler\/gundem\/itsoda-urge-projesi-egitim\/#breadcrumb","itemListElement":[{"@type":"ListItem","position":1,"name":"Home","item":"https:\/\/denizcankizil.tr\/de\/"},{"@type":"ListItem","position":2,"name":"\u0130TSO\u2019da URGE Projesi E\u011fitim\u2026"}]},{"@type":"WebSite","@id":"https:\/\/denizcankizil.tr\/de\/#website","url":"https:\/\/denizcankizil.tr\/de\/","name":"Av. Deniz Can K\u0131z\u0131l","description":"Avukat Deniz Can K\u0131z\u0131l Antalya Barosu","publisher":{"@id":"https:\/\/denizcankizil.tr\/de\/#organization"},"potentialAction":[{"@type":"SearchAction","target":{"@type":"EntryPoint","urlTemplate":"https:\/\/denizcankizil.tr\/de\/?s={search_term_string}"},"query-input":{"@type":"PropertyValueSpecification","valueRequired":true,"valueName":"search_term_string"}}],"inLanguage":"de"},{"@type":"Organization","@id":"https:\/\/denizcankizil.tr\/de\/#organization","name":"Av. Deniz Can K\u0131z\u0131l","url":"https:\/\/denizcankizil.tr\/de\/","logo":{"@type":"ImageObject","inLanguage":"de","@id":"https:\/\/denizcankizil.tr\/de\/#\/schema\/logo\/image\/","url":"https:\/\/denizcankizil.tr\/wp-content\/uploads\/2024\/10\/siyah-logo-svg.svg","contentUrl":"https:\/\/denizcankizil.tr\/wp-content\/uploads\/2024\/10\/siyah-logo-svg.svg","width":1080,"height":1080,"caption":"Av. Deniz Can K\u0131z\u0131l"},"image":{"@id":"https:\/\/denizcankizil.tr\/de\/#\/schema\/logo\/image\/"}}]}},"_links":{"self":[{"href":"https:\/\/denizcankizil.tr\/de\/wp-json\/wp\/v2\/posts\/22688","targetHints":{"allow":["GET"]}}],"collection":[{"href":"https:\/\/denizcankizil.tr\/de\/wp-json\/wp\/v2\/posts"}],"about":[{"href":"https:\/\/denizcankizil.tr\/de\/wp-json\/wp\/v2\/types\/post"}],"replies":[{"embeddable":true,"href":"https:\/\/denizcankizil.tr\/de\/wp-json\/wp\/v2\/comments?post=22688"}],"version-history":[{"count":0,"href":"https:\/\/denizcankizil.tr\/de\/wp-json\/wp\/v2\/posts\/22688\/revisions"}],"wp:attachment":[{"href":"https:\/\/denizcankizil.tr\/de\/wp-json\/wp\/v2\/media?parent=22688"}],"wp:term":[{"taxonomy":"category","embeddable":true,"href":"https:\/\/denizcankizil.tr\/de\/wp-json\/wp\/v2\/categories?post=22688"},{"taxonomy":"post_tag","embeddable":true,"href":"https:\/\/denizcankizil.tr\/de\/wp-json\/wp\/v2\/tags?post=22688"}],"curies":[{"name":"wp","href":"https:\/\/api.w.org\/{rel}","templated":true}]}}