{"id":22594,"date":"2024-12-27T21:41:27","date_gmt":"2024-12-27T18:41:27","guid":{"rendered":"https:\/\/denizcankizil.tr\/uncategorized-tr\/vali-sahin-acili-aileyi-teselli-etti-otomobili-denizden-cikarilan-genc-kayip\/"},"modified":"2024-12-27T21:41:27","modified_gmt":"2024-12-27T18:41:27","slug":"vali-sahin-acili-aileyi-teselli-etti-otomobili-denizden-cikarilan-genc-kayip","status":"publish","type":"post","link":"https:\/\/denizcankizil.tr\/de\/haberler\/gundem\/vali-sahin-acili-aileyi-teselli-etti-otomobili-denizden-cikarilan-genc-kayip\/","title":{"rendered":"Vali \u015eahin ac\u0131l\u0131 aileyi teselli etti! Otomobili denizden \u00e7\u0131kar\u0131lan gen\u00e7 kay\u0131p\u2026"},"content":{"rendered":"<p>Antalya\u2019n\u0131n Muratpa\u015fa il\u00e7esindeki falezlere gelen Engin \u015e. burada bir s\u00fcre bekledikten sonra direksiyonunda oldu\u011fu arac\u0131 h\u0131zla falezlerden denize do\u011fru s\u00fcrd\u00fc. \u0130ki g\u00fcn s\u00fcren arama \u00e7al\u0131\u015fmalar\u0131n\u0131n ard\u0131ndan ara\u00e7 bulundu ve oldu\u011fu yeren \u00e7\u0131kar\u0131ld\u0131. Olay\u0131n ard\u0131ndan kazan\u0131n ya\u015fand\u0131\u011f\u0131 b\u00f6lgeye gelen Antalya Valisi Hulusi \u015eahin, \u00e7al\u0131\u015fmalar hakk\u0131nda bilgi ald\u0131. Ard\u0131ndan gencin ailesi ile g\u00f6r\u00fc\u015fen Vali \u015eahin, aileye yap\u0131lan \u00e7al\u0131\u015fmalarla alakal\u0131 bilgiler verdi.\u00a0<\/p>\n<p>FALEZLERDEN DEN\u0130ZE U\u00c7TU\u00a0<\/p>\n<p>Antalya&#8217;n\u0131n Muratpa\u015fa il\u00e7esine ba\u011fl\u0131 \u015eirinyal\u0131 Mahallesi Eski Lara Caddesi&#8217;nde bulunan Mobil Halk Plaj\u0131&#8217;na yak\u0131n bir noktada bir ki\u015finin arac\u0131 ile birlikte denize d\u00fc\u015ft\u00fc\u011f\u00fc ihbar\u0131 ekipleri alarma ge\u00e7irmi\u015fti. \u0130hbar \u00fczerine b\u00f6lgeye gelen ekipler arama \u00e7al\u0131\u015fmalar\u0131na ba\u015flad\u0131. ilk olarak d\u00fc\u015fen arac\u0131n tampon ve ara\u00e7 plakas\u0131na ula\u015f\u0131l\u0131rken yap\u0131lan plaka sorgusunun ard\u0131ndan arac\u0131n Engin \u015e.&#8217;ye ait oldu\u011fu belirlendi.\u00a0<\/p>\n<p>ARA\u00c7 BULUNDU\u011eU YERDEN \u00c7IKARILDI\u00a0<\/p>\n<p>Bug\u00fcn ise sabah\u0131n ilk \u0131\u015f\u0131klar\u0131yla beraber ba\u015flayan arama \u00e7al\u0131\u015fmalar\u0131nda Antalya Emniyet M\u00fcd\u00fcrl\u00fc\u011f\u00fc Deniz Liman \u015eube M\u00fcd\u00fcrl\u00fc\u011f\u00fc dalg\u0131\u00e7lar\u0131 taraf\u0131ndan arac\u0131n yeri tespit edildi ve ara\u00e7 suyun i\u00e7inden \u00e7\u0131kar\u0131ld\u0131. Antalya Yat Liman\u0131&#8217;nda bulunan Antalya Emniyet M\u00fcd\u00fcrl\u00fc\u011f\u00fc Deniz liman \u015eube M\u00fcd\u00fcrl\u00fc\u011f\u00fc&#8217;ne getirilen ve hurdaya d\u00f6nen ara\u00e7ta Olay Yeri \u0130nceleme ekipleri \u00e7al\u0131\u015fma yapt\u0131.\u00a0<\/p>\n<p>S\u00dcR\u00dcC\u00dcYE DA\u0130R H\u0130\u00c7B\u0130R \u0130Z YOK\u00a0<\/p>\n<p>Ara\u00e7ta Engin \u015e.&#8217;ye ait herhangi bir iz bulunmazken Deniz Polisi ve Sahil G\u00fcvenlik dalg\u0131\u00e7lar\u0131 b\u00f6lgede arama \u00e7al\u0131\u015fmalar\u0131n\u0131 s\u00fcrd\u00fcrd\u00fc. Falezlerin dip noktas\u0131 ve su alt\u0131nda g\u00fcn boyu s\u00fcren arama \u00e7al\u0131\u015fmalar\u0131nda dalg\u0131\u00e7lar Engin \u015e.&#8217;ye ait herhangi bir emareye rastlayamazken havan\u0131n kararmas\u0131 ile birlikte arama \u00e7al\u0131\u015fmalar\u0131 sonland\u0131r\u0131ld\u0131. \u00a0<\/p>\n<p>VAL\u0130 \u015eAH\u0130N B\u00d6LGEYE GELD\u0130\u00a0<\/p>\n<p>Antalya Valisi Hulusi \u015eahin de ak\u015fam saatlerinde \u0130l Emniyet M\u00fcd\u00fcr\u00fc \u0130lker Arslan ile birlikte olay yerine gelerek \u00e7al\u0131\u015fmalar hakk\u0131nda g\u00f6revlilerden bilgi ald\u0131. Vali \u015eahin, Engin \u015e.&#8217;nin olay yerinde bulunan ve \u00e7al\u0131\u015fmalar\u0131 takip eden ailesini de bilgilendirdi.\u00a0<\/p>\n<p>\u00a0 \u00a0 \u00a0 \u00a0 \u00a0 \u00a0 \u00a0 \u00a0 \u00a0 \u00a0 \u00a0 \u00a0 \u00a0 \u00a0 \u00a0 \u00a0<br \/>\n\u00a0<\/p>\n<p>\u200bAntalya Valisi Hulusi \u015eahin, \u00f6nceki g\u00fcn (25 Aral\u0131k) falezlerden denize s\u00fcrd\u00fc\u011f\u00fc otomobiline ula\u015f\u0131lan genci arama \u00e7al\u0131\u015fmalar\u0131n\u0131n s\u00fcrd\u00fc\u011f\u00fc b\u00f6lgeye gitti. \u00c7al\u0131\u015fmalar hakk\u0131nda bilgi alan Vali \u015eahin, olay yerinde bekleyen ac\u0131l\u0131 aileyi teselli etti.\u00a0<\/p>\n<p>\u200bHaberin Al\u0131nt\u0131land\u0131\u011f\u0131 Kaynak: www.antalyakorfez.com<\/p>","protected":false},"excerpt":{"rendered":"<p>Antalya\u2019n\u0131n Muratpa\u015fa il\u00e7esindeki falezlere gelen Engin \u015e. burada bir s\u00fcre bekledikten sonra direksiyonunda oldu\u011fu arac\u0131 h\u0131zla falezlerden denize do\u011fru s\u00fcrd\u00fc. \u0130ki g\u00fcn s\u00fcren arama \u00e7al\u0131\u015fmalar\u0131n\u0131n ard\u0131ndan ara\u00e7 bulundu ve oldu\u011fu yeren \u00e7\u0131kar\u0131ld\u0131. Olay\u0131n ard\u0131ndan kazan\u0131n ya\u015fand\u0131\u011f\u0131 b\u00f6lgeye gelen Antalya Valisi Hulusi \u015eahin, \u00e7al\u0131\u015fmalar hakk\u0131nda bilgi ald\u0131. Ard\u0131ndan gencin ailesi ile g\u00f6r\u00fc\u015fen Vali \u015eahin, aileye yap\u0131lan \u00e7al\u0131\u015fmalarla alakal\u0131 bilgiler verdi.\u00a0 FALEZLERDEN DEN\u0130ZE U\u00c7TU\u00a0 Antalya&#8217;n\u0131n Muratpa\u015fa il\u00e7esine ba\u011fl\u0131 \u015eirinyal\u0131 Mahallesi Eski Lara Caddesi&#8217;nde bulunan Mobil Halk Plaj\u0131&#8217;na yak\u0131n bir noktada bir ki\u015finin arac\u0131 ile birlikte denize d\u00fc\u015ft\u00fc\u011f\u00fc ihbar\u0131 ekipleri alarma ge\u00e7irmi\u015fti. \u0130hbar \u00fczerine b\u00f6lgeye gelen ekipler arama \u00e7al\u0131\u015fmalar\u0131na ba\u015flad\u0131. ilk olarak d\u00fc\u015fen arac\u0131n tampon ve ara\u00e7 plakas\u0131na ula\u015f\u0131l\u0131rken yap\u0131lan plaka sorgusunun ard\u0131ndan arac\u0131n Engin \u015e.&#8217;ye ait oldu\u011fu belirlendi.\u00a0 ARA\u00c7 BULUNDU\u011eU YERDEN \u00c7IKARILDI\u00a0 Bug\u00fcn ise sabah\u0131n ilk \u0131\u015f\u0131klar\u0131yla beraber ba\u015flayan arama \u00e7al\u0131\u015fmalar\u0131nda Antalya Emniyet M\u00fcd\u00fcrl\u00fc\u011f\u00fc Deniz Liman \u015eube M\u00fcd\u00fcrl\u00fc\u011f\u00fc dalg\u0131\u00e7lar\u0131 taraf\u0131ndan arac\u0131n yeri tespit edildi ve ara\u00e7 suyun i\u00e7inden \u00e7\u0131kar\u0131ld\u0131. Antalya Yat Liman\u0131&#8217;nda bulunan Antalya Emniyet M\u00fcd\u00fcrl\u00fc\u011f\u00fc Deniz liman \u015eube M\u00fcd\u00fcrl\u00fc\u011f\u00fc&#8217;ne getirilen ve hurdaya d\u00f6nen ara\u00e7ta Olay Yeri \u0130nceleme ekipleri \u00e7al\u0131\u015fma yapt\u0131.\u00a0 S\u00dcR\u00dcC\u00dcYE DA\u0130R H\u0130\u00c7B\u0130R \u0130Z YOK\u00a0 Ara\u00e7ta Engin \u015e.&#8217;ye ait herhangi bir iz bulunmazken Deniz Polisi ve Sahil G\u00fcvenlik dalg\u0131\u00e7lar\u0131 b\u00f6lgede arama \u00e7al\u0131\u015fmalar\u0131n\u0131 s\u00fcrd\u00fcrd\u00fc. Falezlerin dip noktas\u0131 ve su alt\u0131nda g\u00fcn boyu &hellip;<\/p>","protected":false},"author":0,"featured_media":0,"comment_status":"open","ping_status":"open","sticky":false,"template":"","format":"standard","meta":{"_acf_changed":false,"footnotes":""},"categories":[24,535],"tags":[],"class_list":["post-22594","post","type-post","status-publish","format-standard","has-post-thumbnail","hentry","category-gundem","category-uncategorized-tr"],"acf":[],"yoast_head":"<!-- This site is optimized with the Yoast SEO Premium plugin v26.6 (Yoast SEO v27.1.1) - https:\/\/yoast.com\/product\/yoast-seo-premium-wordpress\/ -->\n<title>Vali \u015eahin ac\u0131l\u0131 aileyi teselli etti! Otomobili denizden \u00e7\u0131kar\u0131lan gen\u00e7 kay\u0131p\u2026 - Av. Deniz Can K\u0131z\u0131l<\/title>\n<meta name=\"robots\" content=\"index, follow, max-snippet:-1, max-image-preview:large, max-video-preview:-1\" \/>\n<link rel=\"canonical\" href=\"https:\/\/denizcankizil.tr\/de\/haberler\/gundem\/vali-sahin-acili-aileyi-teselli-etti-otomobili-denizden-cikarilan-genc-kayip\/\" \/>\n<meta property=\"og:locale\" content=\"de_DE\" \/>\n<meta property=\"og:type\" content=\"article\" \/>\n<meta property=\"og:title\" content=\"Vali \u015eahin ac\u0131l\u0131 aileyi teselli etti! Otomobili denizden \u00e7\u0131kar\u0131lan gen\u00e7 kay\u0131p\u2026\" \/>\n<meta property=\"og:description\" content=\"Antalya\u2019n\u0131n Muratpa\u015fa il\u00e7esindeki falezlere gelen Engin \u015e. burada bir s\u00fcre bekledikten sonra direksiyonunda oldu\u011fu arac\u0131 h\u0131zla falezlerden denize do\u011fru s\u00fcrd\u00fc. \u0130ki g\u00fcn s\u00fcren arama \u00e7al\u0131\u015fmalar\u0131n\u0131n ard\u0131ndan ara\u00e7 bulundu ve oldu\u011fu yeren \u00e7\u0131kar\u0131ld\u0131. Olay\u0131n ard\u0131ndan kazan\u0131n ya\u015fand\u0131\u011f\u0131 b\u00f6lgeye gelen Antalya Valisi Hulusi \u015eahin, \u00e7al\u0131\u015fmalar hakk\u0131nda bilgi ald\u0131. Ard\u0131ndan gencin ailesi ile g\u00f6r\u00fc\u015fen Vali \u015eahin, aileye yap\u0131lan \u00e7al\u0131\u015fmalarla alakal\u0131 bilgiler verdi.\u00a0 FALEZLERDEN DEN\u0130ZE U\u00c7TU\u00a0 Antalya&#8217;n\u0131n Muratpa\u015fa il\u00e7esine ba\u011fl\u0131 \u015eirinyal\u0131 Mahallesi Eski Lara Caddesi&#8217;nde bulunan Mobil Halk Plaj\u0131&#8217;na yak\u0131n bir noktada bir ki\u015finin arac\u0131 ile birlikte denize d\u00fc\u015ft\u00fc\u011f\u00fc ihbar\u0131 ekipleri alarma ge\u00e7irmi\u015fti. \u0130hbar \u00fczerine b\u00f6lgeye gelen ekipler arama \u00e7al\u0131\u015fmalar\u0131na ba\u015flad\u0131. ilk olarak d\u00fc\u015fen arac\u0131n tampon ve ara\u00e7 plakas\u0131na ula\u015f\u0131l\u0131rken yap\u0131lan plaka sorgusunun ard\u0131ndan arac\u0131n Engin \u015e.&#8217;ye ait oldu\u011fu belirlendi.\u00a0 ARA\u00c7 BULUNDU\u011eU YERDEN \u00c7IKARILDI\u00a0 Bug\u00fcn ise sabah\u0131n ilk \u0131\u015f\u0131klar\u0131yla beraber ba\u015flayan arama \u00e7al\u0131\u015fmalar\u0131nda Antalya Emniyet M\u00fcd\u00fcrl\u00fc\u011f\u00fc Deniz Liman \u015eube M\u00fcd\u00fcrl\u00fc\u011f\u00fc dalg\u0131\u00e7lar\u0131 taraf\u0131ndan arac\u0131n yeri tespit edildi ve ara\u00e7 suyun i\u00e7inden \u00e7\u0131kar\u0131ld\u0131. Antalya Yat Liman\u0131&#8217;nda bulunan Antalya Emniyet M\u00fcd\u00fcrl\u00fc\u011f\u00fc Deniz liman \u015eube M\u00fcd\u00fcrl\u00fc\u011f\u00fc&#8217;ne getirilen ve hurdaya d\u00f6nen ara\u00e7ta Olay Yeri \u0130nceleme ekipleri \u00e7al\u0131\u015fma yapt\u0131.\u00a0 S\u00dcR\u00dcC\u00dcYE DA\u0130R H\u0130\u00c7B\u0130R \u0130Z YOK\u00a0 Ara\u00e7ta Engin \u015e.&#8217;ye ait herhangi bir iz bulunmazken Deniz Polisi ve Sahil G\u00fcvenlik dalg\u0131\u00e7lar\u0131 b\u00f6lgede arama \u00e7al\u0131\u015fmalar\u0131n\u0131 s\u00fcrd\u00fcrd\u00fc. Falezlerin dip noktas\u0131 ve su alt\u0131nda g\u00fcn boyu &hellip;\" \/>\n<meta property=\"og:url\" content=\"https:\/\/denizcankizil.tr\/de\/haberler\/gundem\/vali-sahin-acili-aileyi-teselli-etti-otomobili-denizden-cikarilan-genc-kayip\/\" \/>\n<meta property=\"og:site_name\" content=\"Av. Deniz Can K\u0131z\u0131l\" \/>\n<meta property=\"article:published_time\" content=\"2024-12-27T18:41:27+00:00\" \/>\n<meta name=\"twitter:card\" content=\"summary_large_image\" \/>\n<meta name=\"twitter:label1\" content=\"Gesch\u00e4tzte Lesezeit\" \/>\n\t<meta name=\"twitter:data1\" content=\"2\u00a0Minuten\" \/>\n<script type=\"application\/ld+json\" class=\"yoast-schema-graph\">{\"@context\":\"https:\/\/schema.org\",\"@graph\":[{\"@type\":\"Article\",\"@id\":\"https:\/\/denizcankizil.tr\/en\/haberler\/gundem\/vali-sahin-acili-aileyi-teselli-etti-otomobili-denizden-cikarilan-genc-kayip\/#article\",\"isPartOf\":{\"@id\":\"https:\/\/denizcankizil.tr\/en\/haberler\/gundem\/vali-sahin-acili-aileyi-teselli-etti-otomobili-denizden-cikarilan-genc-kayip\/\"},\"author\":{\"name\":\"\",\"@id\":\"\"},\"headline\":\"Vali \u015eahin ac\u0131l\u0131 aileyi teselli etti! Otomobili denizden \u00e7\u0131kar\u0131lan gen\u00e7 kay\u0131p\u2026\",\"datePublished\":\"2024-12-27T18:41:27+00:00\",\"mainEntityOfPage\":{\"@id\":\"https:\/\/denizcankizil.tr\/en\/haberler\/gundem\/vali-sahin-acili-aileyi-teselli-etti-otomobili-denizden-cikarilan-genc-kayip\/\"},\"wordCount\":436,\"commentCount\":0,\"publisher\":{\"@id\":\"https:\/\/denizcankizil.tr\/de\/#organization\"},\"articleSection\":[\"G\u00fcndem\",\"Uncategorized\"],\"inLanguage\":\"de\",\"potentialAction\":[{\"@type\":\"CommentAction\",\"name\":\"Comment\",\"target\":[\"https:\/\/denizcankizil.tr\/en\/haberler\/gundem\/vali-sahin-acili-aileyi-teselli-etti-otomobili-denizden-cikarilan-genc-kayip\/#respond\"]}]},{\"@type\":\"WebPage\",\"@id\":\"https:\/\/denizcankizil.tr\/en\/haberler\/gundem\/vali-sahin-acili-aileyi-teselli-etti-otomobili-denizden-cikarilan-genc-kayip\/\",\"url\":\"https:\/\/denizcankizil.tr\/en\/haberler\/gundem\/vali-sahin-acili-aileyi-teselli-etti-otomobili-denizden-cikarilan-genc-kayip\/\",\"name\":\"Vali \u015eahin ac\u0131l\u0131 aileyi teselli etti! Otomobili denizden \u00e7\u0131kar\u0131lan gen\u00e7 kay\u0131p\u2026 - Av. Deniz Can K\u0131z\u0131l\",\"isPartOf\":{\"@id\":\"https:\/\/denizcankizil.tr\/de\/#website\"},\"datePublished\":\"2024-12-27T18:41:27+00:00\",\"breadcrumb\":{\"@id\":\"https:\/\/denizcankizil.tr\/en\/haberler\/gundem\/vali-sahin-acili-aileyi-teselli-etti-otomobili-denizden-cikarilan-genc-kayip\/#breadcrumb\"},\"inLanguage\":\"de\",\"potentialAction\":[{\"@type\":\"ReadAction\",\"target\":[\"https:\/\/denizcankizil.tr\/en\/haberler\/gundem\/vali-sahin-acili-aileyi-teselli-etti-otomobili-denizden-cikarilan-genc-kayip\/\"]}]},{\"@type\":\"BreadcrumbList\",\"@id\":\"https:\/\/denizcankizil.tr\/en\/haberler\/gundem\/vali-sahin-acili-aileyi-teselli-etti-otomobili-denizden-cikarilan-genc-kayip\/#breadcrumb\",\"itemListElement\":[{\"@type\":\"ListItem\",\"position\":1,\"name\":\"Home\",\"item\":\"https:\/\/denizcankizil.tr\/de\/\"},{\"@type\":\"ListItem\",\"position\":2,\"name\":\"Vali \u015eahin ac\u0131l\u0131 aileyi teselli etti! Otomobili denizden \u00e7\u0131kar\u0131lan gen\u00e7 kay\u0131p\u2026\"}]},{\"@type\":\"WebSite\",\"@id\":\"https:\/\/denizcankizil.tr\/de\/#website\",\"url\":\"https:\/\/denizcankizil.tr\/de\/\",\"name\":\"Av. Deniz Can K\u0131z\u0131l\",\"description\":\"Avukat Deniz Can K\u0131z\u0131l Antalya Barosu\",\"publisher\":{\"@id\":\"https:\/\/denizcankizil.tr\/de\/#organization\"},\"potentialAction\":[{\"@type\":\"SearchAction\",\"target\":{\"@type\":\"EntryPoint\",\"urlTemplate\":\"https:\/\/denizcankizil.tr\/de\/?s={search_term_string}\"},\"query-input\":{\"@type\":\"PropertyValueSpecification\",\"valueRequired\":true,\"valueName\":\"search_term_string\"}}],\"inLanguage\":\"de\"},{\"@type\":\"Organization\",\"@id\":\"https:\/\/denizcankizil.tr\/de\/#organization\",\"name\":\"Av. Deniz Can K\u0131z\u0131l\",\"url\":\"https:\/\/denizcankizil.tr\/de\/\",\"logo\":{\"@type\":\"ImageObject\",\"inLanguage\":\"de\",\"@id\":\"https:\/\/denizcankizil.tr\/de\/#\/schema\/logo\/image\/\",\"url\":\"https:\/\/denizcankizil.tr\/wp-content\/uploads\/2024\/10\/siyah-logo-svg.svg\",\"contentUrl\":\"https:\/\/denizcankizil.tr\/wp-content\/uploads\/2024\/10\/siyah-logo-svg.svg\",\"width\":1080,\"height\":1080,\"caption\":\"Av. Deniz Can K\u0131z\u0131l\"},\"image\":{\"@id\":\"https:\/\/denizcankizil.tr\/de\/#\/schema\/logo\/image\/\"}}]}<\/script>\n<!-- \/ Yoast SEO Premium plugin. -->","yoast_head_json":{"title":"Vali \u015eahin ac\u0131l\u0131 aileyi teselli etti! Otomobili denizden \u00e7\u0131kar\u0131lan gen\u00e7 kay\u0131p\u2026 - Av. Deniz Can K\u0131z\u0131l","robots":{"index":"index","follow":"follow","max-snippet":"max-snippet:-1","max-image-preview":"max-image-preview:large","max-video-preview":"max-video-preview:-1"},"canonical":"https:\/\/denizcankizil.tr\/de\/haberler\/gundem\/vali-sahin-acili-aileyi-teselli-etti-otomobili-denizden-cikarilan-genc-kayip\/","og_locale":"de_DE","og_type":"article","og_title":"Vali \u015eahin ac\u0131l\u0131 aileyi teselli etti! Otomobili denizden \u00e7\u0131kar\u0131lan gen\u00e7 kay\u0131p\u2026","og_description":"Antalya\u2019n\u0131n Muratpa\u015fa il\u00e7esindeki falezlere gelen Engin \u015e. burada bir s\u00fcre bekledikten sonra direksiyonunda oldu\u011fu arac\u0131 h\u0131zla falezlerden denize do\u011fru s\u00fcrd\u00fc. \u0130ki g\u00fcn s\u00fcren arama \u00e7al\u0131\u015fmalar\u0131n\u0131n ard\u0131ndan ara\u00e7 bulundu ve oldu\u011fu yeren \u00e7\u0131kar\u0131ld\u0131. Olay\u0131n ard\u0131ndan kazan\u0131n ya\u015fand\u0131\u011f\u0131 b\u00f6lgeye gelen Antalya Valisi Hulusi \u015eahin, \u00e7al\u0131\u015fmalar hakk\u0131nda bilgi ald\u0131. Ard\u0131ndan gencin ailesi ile g\u00f6r\u00fc\u015fen Vali \u015eahin, aileye yap\u0131lan \u00e7al\u0131\u015fmalarla alakal\u0131 bilgiler verdi.\u00a0 FALEZLERDEN DEN\u0130ZE U\u00c7TU\u00a0 Antalya&#8217;n\u0131n Muratpa\u015fa il\u00e7esine ba\u011fl\u0131 \u015eirinyal\u0131 Mahallesi Eski Lara Caddesi&#8217;nde bulunan Mobil Halk Plaj\u0131&#8217;na yak\u0131n bir noktada bir ki\u015finin arac\u0131 ile birlikte denize d\u00fc\u015ft\u00fc\u011f\u00fc ihbar\u0131 ekipleri alarma ge\u00e7irmi\u015fti. \u0130hbar \u00fczerine b\u00f6lgeye gelen ekipler arama \u00e7al\u0131\u015fmalar\u0131na ba\u015flad\u0131. ilk olarak d\u00fc\u015fen arac\u0131n tampon ve ara\u00e7 plakas\u0131na ula\u015f\u0131l\u0131rken yap\u0131lan plaka sorgusunun ard\u0131ndan arac\u0131n Engin \u015e.&#8217;ye ait oldu\u011fu belirlendi.\u00a0 ARA\u00c7 BULUNDU\u011eU YERDEN \u00c7IKARILDI\u00a0 Bug\u00fcn ise sabah\u0131n ilk \u0131\u015f\u0131klar\u0131yla beraber ba\u015flayan arama \u00e7al\u0131\u015fmalar\u0131nda Antalya Emniyet M\u00fcd\u00fcrl\u00fc\u011f\u00fc Deniz Liman \u015eube M\u00fcd\u00fcrl\u00fc\u011f\u00fc dalg\u0131\u00e7lar\u0131 taraf\u0131ndan arac\u0131n yeri tespit edildi ve ara\u00e7 suyun i\u00e7inden \u00e7\u0131kar\u0131ld\u0131. Antalya Yat Liman\u0131&#8217;nda bulunan Antalya Emniyet M\u00fcd\u00fcrl\u00fc\u011f\u00fc Deniz liman \u015eube M\u00fcd\u00fcrl\u00fc\u011f\u00fc&#8217;ne getirilen ve hurdaya d\u00f6nen ara\u00e7ta Olay Yeri \u0130nceleme ekipleri \u00e7al\u0131\u015fma yapt\u0131.\u00a0 S\u00dcR\u00dcC\u00dcYE DA\u0130R H\u0130\u00c7B\u0130R \u0130Z YOK\u00a0 Ara\u00e7ta Engin \u015e.&#8217;ye ait herhangi bir iz bulunmazken Deniz Polisi ve Sahil G\u00fcvenlik dalg\u0131\u00e7lar\u0131 b\u00f6lgede arama \u00e7al\u0131\u015fmalar\u0131n\u0131 s\u00fcrd\u00fcrd\u00fc. Falezlerin dip noktas\u0131 ve su alt\u0131nda g\u00fcn boyu &hellip;","og_url":"https:\/\/denizcankizil.tr\/de\/haberler\/gundem\/vali-sahin-acili-aileyi-teselli-etti-otomobili-denizden-cikarilan-genc-kayip\/","og_site_name":"Av. Deniz Can K\u0131z\u0131l","article_published_time":"2024-12-27T18:41:27+00:00","twitter_card":"summary_large_image","twitter_misc":{"Gesch\u00e4tzte Lesezeit":"2\u00a0Minuten"},"schema":{"@context":"https:\/\/schema.org","@graph":[{"@type":"Article","@id":"https:\/\/denizcankizil.tr\/en\/haberler\/gundem\/vali-sahin-acili-aileyi-teselli-etti-otomobili-denizden-cikarilan-genc-kayip\/#article","isPartOf":{"@id":"https:\/\/denizcankizil.tr\/en\/haberler\/gundem\/vali-sahin-acili-aileyi-teselli-etti-otomobili-denizden-cikarilan-genc-kayip\/"},"author":{"name":"","@id":""},"headline":"Vali \u015eahin ac\u0131l\u0131 aileyi teselli etti! Otomobili denizden \u00e7\u0131kar\u0131lan gen\u00e7 kay\u0131p\u2026","datePublished":"2024-12-27T18:41:27+00:00","mainEntityOfPage":{"@id":"https:\/\/denizcankizil.tr\/en\/haberler\/gundem\/vali-sahin-acili-aileyi-teselli-etti-otomobili-denizden-cikarilan-genc-kayip\/"},"wordCount":436,"commentCount":0,"publisher":{"@id":"https:\/\/denizcankizil.tr\/de\/#organization"},"articleSection":["G\u00fcndem","Uncategorized"],"inLanguage":"de","potentialAction":[{"@type":"CommentAction","name":"Comment","target":["https:\/\/denizcankizil.tr\/en\/haberler\/gundem\/vali-sahin-acili-aileyi-teselli-etti-otomobili-denizden-cikarilan-genc-kayip\/#respond"]}]},{"@type":"WebPage","@id":"https:\/\/denizcankizil.tr\/en\/haberler\/gundem\/vali-sahin-acili-aileyi-teselli-etti-otomobili-denizden-cikarilan-genc-kayip\/","url":"https:\/\/denizcankizil.tr\/en\/haberler\/gundem\/vali-sahin-acili-aileyi-teselli-etti-otomobili-denizden-cikarilan-genc-kayip\/","name":"Vali \u015eahin ac\u0131l\u0131 aileyi teselli etti! Otomobili denizden \u00e7\u0131kar\u0131lan gen\u00e7 kay\u0131p\u2026 - Av. Deniz Can K\u0131z\u0131l","isPartOf":{"@id":"https:\/\/denizcankizil.tr\/de\/#website"},"datePublished":"2024-12-27T18:41:27+00:00","breadcrumb":{"@id":"https:\/\/denizcankizil.tr\/en\/haberler\/gundem\/vali-sahin-acili-aileyi-teselli-etti-otomobili-denizden-cikarilan-genc-kayip\/#breadcrumb"},"inLanguage":"de","potentialAction":[{"@type":"ReadAction","target":["https:\/\/denizcankizil.tr\/en\/haberler\/gundem\/vali-sahin-acili-aileyi-teselli-etti-otomobili-denizden-cikarilan-genc-kayip\/"]}]},{"@type":"BreadcrumbList","@id":"https:\/\/denizcankizil.tr\/en\/haberler\/gundem\/vali-sahin-acili-aileyi-teselli-etti-otomobili-denizden-cikarilan-genc-kayip\/#breadcrumb","itemListElement":[{"@type":"ListItem","position":1,"name":"Home","item":"https:\/\/denizcankizil.tr\/de\/"},{"@type":"ListItem","position":2,"name":"Vali \u015eahin ac\u0131l\u0131 aileyi teselli etti! Otomobili denizden \u00e7\u0131kar\u0131lan gen\u00e7 kay\u0131p\u2026"}]},{"@type":"WebSite","@id":"https:\/\/denizcankizil.tr\/de\/#website","url":"https:\/\/denizcankizil.tr\/de\/","name":"Av. Deniz Can K\u0131z\u0131l","description":"Avukat Deniz Can K\u0131z\u0131l Antalya Barosu","publisher":{"@id":"https:\/\/denizcankizil.tr\/de\/#organization"},"potentialAction":[{"@type":"SearchAction","target":{"@type":"EntryPoint","urlTemplate":"https:\/\/denizcankizil.tr\/de\/?s={search_term_string}"},"query-input":{"@type":"PropertyValueSpecification","valueRequired":true,"valueName":"search_term_string"}}],"inLanguage":"de"},{"@type":"Organization","@id":"https:\/\/denizcankizil.tr\/de\/#organization","name":"Av. Deniz Can K\u0131z\u0131l","url":"https:\/\/denizcankizil.tr\/de\/","logo":{"@type":"ImageObject","inLanguage":"de","@id":"https:\/\/denizcankizil.tr\/de\/#\/schema\/logo\/image\/","url":"https:\/\/denizcankizil.tr\/wp-content\/uploads\/2024\/10\/siyah-logo-svg.svg","contentUrl":"https:\/\/denizcankizil.tr\/wp-content\/uploads\/2024\/10\/siyah-logo-svg.svg","width":1080,"height":1080,"caption":"Av. Deniz Can K\u0131z\u0131l"},"image":{"@id":"https:\/\/denizcankizil.tr\/de\/#\/schema\/logo\/image\/"}}]}},"_links":{"self":[{"href":"https:\/\/denizcankizil.tr\/de\/wp-json\/wp\/v2\/posts\/22594","targetHints":{"allow":["GET"]}}],"collection":[{"href":"https:\/\/denizcankizil.tr\/de\/wp-json\/wp\/v2\/posts"}],"about":[{"href":"https:\/\/denizcankizil.tr\/de\/wp-json\/wp\/v2\/types\/post"}],"replies":[{"embeddable":true,"href":"https:\/\/denizcankizil.tr\/de\/wp-json\/wp\/v2\/comments?post=22594"}],"version-history":[{"count":0,"href":"https:\/\/denizcankizil.tr\/de\/wp-json\/wp\/v2\/posts\/22594\/revisions"}],"wp:attachment":[{"href":"https:\/\/denizcankizil.tr\/de\/wp-json\/wp\/v2\/media?parent=22594"}],"wp:term":[{"taxonomy":"category","embeddable":true,"href":"https:\/\/denizcankizil.tr\/de\/wp-json\/wp\/v2\/categories?post=22594"},{"taxonomy":"post_tag","embeddable":true,"href":"https:\/\/denizcankizil.tr\/de\/wp-json\/wp\/v2\/tags?post=22594"}],"curies":[{"name":"wp","href":"https:\/\/api.w.org\/{rel}","templated":true}]}}