{"id":22520,"date":"2024-12-27T13:41:57","date_gmt":"2024-12-27T10:41:57","guid":{"rendered":"https:\/\/denizcankizil.tr\/uncategorized-tr\/mevlevi-tinilari-ile-mevlananin-aski-gonullere-dokundu\/"},"modified":"2024-12-27T13:41:57","modified_gmt":"2024-12-27T10:41:57","slug":"mevlevi-tinilari-ile-mevlananin-aski-gonullere-dokundu","status":"publish","type":"post","link":"https:\/\/denizcankizil.tr\/de\/haberler\/gundem\/mevlevi-tinilari-ile-mevlananin-aski-gonullere-dokundu\/","title":{"rendered":"Mevlevi t\u0131n\u0131lar\u0131 ile Mevlana\u2019n\u0131n a\u015fk\u0131 g\u00f6n\u00fcllere dokundu"},"content":{"rendered":"<p>Sakarya B\u00fcy\u00fck\u015fehir Belediyesi, Hz. Mevl\u00e2naCelaleddin-i Rumi\u2019nin 751. Vuslat Y\u0131ld\u00f6n\u00fcm\u00fc i\u00e7in d\u00fczenledi\u011fi Alim ve Arif Mevl\u00e2na program\u0131, mest eden bir bulu\u015fmaya sahne oldu. Prof. Dr. Sezai K\u00fc\u00e7\u00fck, Mevlana\u2019n\u0131n Kur\u2019an ve s\u00fcnnetle \u015fekillenen hayat\u0131n\u0131, \u0130slam\u2019a bak\u0131\u015f\u0131n\u0131 ve ilah\u0131 a\u015fk\u0131n\u0131 anlatt\u0131. Dr. Abdullah Uysal ve B\u00fcy\u00fck\u015fehir Belediyesi Kent Orkestras\u0131\u2019n\u0131n musiki sunumlar\u0131 kat\u0131l\u0131mc\u0131lar\u0131 mest etti.SAKARYA (\u0130GFA) &#8211;\u00a0Sakarya B\u00fcy\u00fck\u015fehir Belediyesi, Hz. Mevl\u00e2naCelaleddin-i Rumi\u2019nin 751. Vuslat Y\u0131ld\u00f6n\u00fcm\u00fc dolay\u0131s\u0131yla \u201cAlim ve Arif Mevl\u00e2na\u201d isimli programa ev sahipli\u011fi yapt\u0131.<br \/>\nZiya Ta\u015fkent Konser Salonu\u2019nda Prof. Dr. SezaiK\u00fc\u00e7\u00fck\u2019\u00fcnkonu\u015fmac\u0131 oldu\u011fu programa Dr. Abdullah Uysal ve B\u00fcy\u00fck\u015fehir Kent Orkestras musiki ve sunumlar\u0131yla e\u015flik etti.<br \/>\nM\u00fcr\u015fid-i K\u00e2mil: Mevl\u00e2na<br \/>\nMevlevi musikisinin b\u00fcy\u00fcleyici t\u0131n\u0131lar\u0131, kat\u0131l\u0131mc\u0131lar\u0131 adeta manevi bir yolculu\u011fa \u00e7\u0131kard\u0131.Programa K\u00fclt\u00fcr ve Sosyal \u0130\u015fler Dairesi Ba\u015fkan\u0131 Alpay \u015eirin, Hizmet-\u0130\u015f Sendikas\u0131 Sakarya \u015eube Ba\u015fkan\u0131 Mesut G\u00f6kdemir ve \u00e7ok say\u0131da sanatsever kat\u0131ld\u0131.<br \/>\nKonu\u015fmas\u0131nda Hz. Mevlana\u2019n\u0131n hayat\u0131ndan ve \u00f6\u011fretilerinden bahseden Prof. Dr. Sezai K\u00fc\u00e7\u00fck \u201cmaneviyat rehberi vem\u00fcr\u015fid-i k\u00e2mil\u201d oldu\u011funu vurgulad\u0131.<\/p>\n<p>\u200bSakarya B\u00fcy\u00fck\u015fehir Belediyesi, Hz. Mevl\u00e2naCelaleddin-i Rumi\u2019nin 751. Vuslat Y\u0131ld\u00f6n\u00fcm\u00fc i\u00e7in d\u00fczenledi\u011fi Alim ve Arif Mevl\u00e2na program\u0131, mest eden bir bulu\u015fmaya sahne oldu. Prof. Dr. Sezai K\u00fc\u00e7\u00fck, Mevlana\u2019n\u0131n Kur\u2019an ve s\u00fcnnetle \u015fekillenen hayat\u0131n\u0131, \u0130slam\u2019a bak\u0131\u015f\u0131n\u0131 ve ilah\u0131 a\u015fk\u0131n\u0131 anlatt\u0131. Dr. Abdullah Uysal ve B\u00fcy\u00fck\u015fehir Belediyesi Kent Orkestras\u0131\u2019n\u0131n musiki sunumlar\u0131 kat\u0131l\u0131mc\u0131lar\u0131 mest etti.SAKARYA (\u0130GFA) &#8211;\u00a0Sakarya B\u00fcy\u00fck\u015fehir Belediyesi, Hz. Mevl\u00e2naCelaleddin-i Rumi\u2019nin 751. Vuslat Y\u0131ld\u00f6n\u00fcm\u00fc dolay\u0131s\u0131yla \u201cAlim ve Arif Mevl\u00e2na\u201d isimli programa ev sahipli\u011fi yapt\u0131.<br \/>\nZiya Ta\u015fkent Konser Salonu\u2019nda Prof. Dr. SezaiK\u00fc\u00e7\u00fck\u2019\u00fcnkonu\u015fmac\u0131 oldu\u011fu programa Dr. Abdullah Uysal ve B\u00fcy\u00fck\u015fehir Kent Orkestras musiki ve sunumlar\u0131yla e\u015flik etti.<br \/>\nM\u00fcr\u015fid-i K\u00e2mil: Mevl\u00e2na<br \/>\nMevlevi musikisinin b\u00fcy\u00fcleyici t\u0131n\u0131lar\u0131, kat\u0131l\u0131mc\u0131lar\u0131 adeta manevi bir yolculu\u011fa \u00e7\u0131kard\u0131.Programa K\u00fclt\u00fcr ve Sosyal \u0130\u015fler Dairesi Ba\u015fkan\u0131 Alpay \u015eirin, Hizmet-\u0130\u015f Sendikas\u0131 Sakarya \u015eube Ba\u015fkan\u0131 Mesut G\u00f6kdemir ve \u00e7ok say\u0131da sanatsever kat\u0131ld\u0131.<br \/>\nKonu\u015fmas\u0131nda Hz. Mevlana\u2019n\u0131n hayat\u0131ndan ve \u00f6\u011fretilerinden bahseden Prof. Dr. Sezai K\u00fc\u00e7\u00fck \u201cmaneviyat rehberi vem\u00fcr\u015fid-i k\u00e2mil\u201d oldu\u011funu vurgulad\u0131.\u00a0<\/p>\n<p>\u200bHaberin Al\u0131nt\u0131land\u0131\u011f\u0131 Kaynak: www.iskenderun.org<\/p>","protected":false},"excerpt":{"rendered":"<p>Sakarya B\u00fcy\u00fck\u015fehir Belediyesi, Hz. Mevl\u00e2naCelaleddin-i Rumi\u2019nin 751. Vuslat Y\u0131ld\u00f6n\u00fcm\u00fc i\u00e7in d\u00fczenledi\u011fi Alim ve Arif Mevl\u00e2na program\u0131, mest eden bir bulu\u015fmaya sahne oldu. Prof. Dr. Sezai K\u00fc\u00e7\u00fck, Mevlana\u2019n\u0131n Kur\u2019an ve s\u00fcnnetle \u015fekillenen hayat\u0131n\u0131, \u0130slam\u2019a bak\u0131\u015f\u0131n\u0131 ve ilah\u0131 a\u015fk\u0131n\u0131 anlatt\u0131. Dr. Abdullah Uysal ve B\u00fcy\u00fck\u015fehir Belediyesi Kent Orkestras\u0131\u2019n\u0131n musiki sunumlar\u0131 kat\u0131l\u0131mc\u0131lar\u0131 mest etti.SAKARYA (\u0130GFA) &#8211;\u00a0Sakarya B\u00fcy\u00fck\u015fehir Belediyesi, Hz. Mevl\u00e2naCelaleddin-i Rumi\u2019nin 751. Vuslat Y\u0131ld\u00f6n\u00fcm\u00fc dolay\u0131s\u0131yla \u201cAlim ve Arif Mevl\u00e2na\u201d isimli programa ev sahipli\u011fi yapt\u0131. Ziya Ta\u015fkent Konser Salonu\u2019nda Prof. Dr. SezaiK\u00fc\u00e7\u00fck\u2019\u00fcnkonu\u015fmac\u0131 oldu\u011fu programa Dr. Abdullah Uysal ve B\u00fcy\u00fck\u015fehir Kent Orkestras musiki ve sunumlar\u0131yla e\u015flik etti. M\u00fcr\u015fid-i K\u00e2mil: Mevl\u00e2na Mevlevi musikisinin b\u00fcy\u00fcleyici t\u0131n\u0131lar\u0131, kat\u0131l\u0131mc\u0131lar\u0131 adeta manevi bir yolculu\u011fa \u00e7\u0131kard\u0131.Programa K\u00fclt\u00fcr ve Sosyal \u0130\u015fler Dairesi Ba\u015fkan\u0131 Alpay \u015eirin, Hizmet-\u0130\u015f Sendikas\u0131 Sakarya \u015eube Ba\u015fkan\u0131 Mesut G\u00f6kdemir ve \u00e7ok say\u0131da sanatsever kat\u0131ld\u0131. Konu\u015fmas\u0131nda Hz. Mevlana\u2019n\u0131n hayat\u0131ndan ve \u00f6\u011fretilerinden bahseden Prof. Dr. Sezai K\u00fc\u00e7\u00fck \u201cmaneviyat rehberi vem\u00fcr\u015fid-i k\u00e2mil\u201d oldu\u011funu vurgulad\u0131. \u200bSakarya B\u00fcy\u00fck\u015fehir Belediyesi, Hz. Mevl\u00e2naCelaleddin-i Rumi\u2019nin 751. Vuslat Y\u0131ld\u00f6n\u00fcm\u00fc i\u00e7in d\u00fczenledi\u011fi Alim ve Arif Mevl\u00e2na program\u0131, mest eden bir bulu\u015fmaya sahne oldu. Prof. Dr. Sezai K\u00fc\u00e7\u00fck, Mevlana\u2019n\u0131n Kur\u2019an ve s\u00fcnnetle \u015fekillenen hayat\u0131n\u0131, \u0130slam\u2019a bak\u0131\u015f\u0131n\u0131 ve ilah\u0131 a\u015fk\u0131n\u0131 anlatt\u0131. Dr. Abdullah Uysal ve B\u00fcy\u00fck\u015fehir Belediyesi Kent Orkestras\u0131\u2019n\u0131n musiki sunumlar\u0131 kat\u0131l\u0131mc\u0131lar\u0131 mest etti.SAKARYA (\u0130GFA) &#8211;\u00a0Sakarya B\u00fcy\u00fck\u015fehir Belediyesi, Hz. Mevl\u00e2naCelaleddin-i Rumi\u2019nin &hellip;<\/p>","protected":false},"author":0,"featured_media":0,"comment_status":"open","ping_status":"open","sticky":false,"template":"","format":"standard","meta":{"_acf_changed":false,"footnotes":""},"categories":[24,535],"tags":[],"class_list":["post-22520","post","type-post","status-publish","format-standard","has-post-thumbnail","hentry","category-gundem","category-uncategorized-tr"],"acf":[],"yoast_head":"<!-- This site is optimized with the Yoast SEO Premium plugin v26.6 (Yoast SEO v27.1.1) - https:\/\/yoast.com\/product\/yoast-seo-premium-wordpress\/ -->\n<title>Mevlevi t\u0131n\u0131lar\u0131 ile Mevlana\u2019n\u0131n a\u015fk\u0131 g\u00f6n\u00fcllere dokundu - Av. Deniz Can K\u0131z\u0131l<\/title>\n<meta name=\"robots\" content=\"index, follow, max-snippet:-1, max-image-preview:large, max-video-preview:-1\" \/>\n<link rel=\"canonical\" href=\"https:\/\/denizcankizil.tr\/de\/haberler\/gundem\/mevlevi-tinilari-ile-mevlananin-aski-gonullere-dokundu\/\" \/>\n<meta property=\"og:locale\" content=\"de_DE\" \/>\n<meta property=\"og:type\" content=\"article\" \/>\n<meta property=\"og:title\" content=\"Mevlevi t\u0131n\u0131lar\u0131 ile Mevlana\u2019n\u0131n a\u015fk\u0131 g\u00f6n\u00fcllere dokundu\" \/>\n<meta property=\"og:description\" content=\"Sakarya B\u00fcy\u00fck\u015fehir Belediyesi, Hz. Mevl\u00e2naCelaleddin-i Rumi\u2019nin 751. Vuslat Y\u0131ld\u00f6n\u00fcm\u00fc i\u00e7in d\u00fczenledi\u011fi Alim ve Arif Mevl\u00e2na program\u0131, mest eden bir bulu\u015fmaya sahne oldu. Prof. Dr. Sezai K\u00fc\u00e7\u00fck, Mevlana\u2019n\u0131n Kur\u2019an ve s\u00fcnnetle \u015fekillenen hayat\u0131n\u0131, \u0130slam\u2019a bak\u0131\u015f\u0131n\u0131 ve ilah\u0131 a\u015fk\u0131n\u0131 anlatt\u0131. Dr. Abdullah Uysal ve B\u00fcy\u00fck\u015fehir Belediyesi Kent Orkestras\u0131\u2019n\u0131n musiki sunumlar\u0131 kat\u0131l\u0131mc\u0131lar\u0131 mest etti.SAKARYA (\u0130GFA) &#8211;\u00a0Sakarya B\u00fcy\u00fck\u015fehir Belediyesi, Hz. Mevl\u00e2naCelaleddin-i Rumi\u2019nin 751. Vuslat Y\u0131ld\u00f6n\u00fcm\u00fc dolay\u0131s\u0131yla \u201cAlim ve Arif Mevl\u00e2na\u201d isimli programa ev sahipli\u011fi yapt\u0131. Ziya Ta\u015fkent Konser Salonu\u2019nda Prof. Dr. SezaiK\u00fc\u00e7\u00fck\u2019\u00fcnkonu\u015fmac\u0131 oldu\u011fu programa Dr. Abdullah Uysal ve B\u00fcy\u00fck\u015fehir Kent Orkestras musiki ve sunumlar\u0131yla e\u015flik etti. M\u00fcr\u015fid-i K\u00e2mil: Mevl\u00e2na Mevlevi musikisinin b\u00fcy\u00fcleyici t\u0131n\u0131lar\u0131, kat\u0131l\u0131mc\u0131lar\u0131 adeta manevi bir yolculu\u011fa \u00e7\u0131kard\u0131.Programa K\u00fclt\u00fcr ve Sosyal \u0130\u015fler Dairesi Ba\u015fkan\u0131 Alpay \u015eirin, Hizmet-\u0130\u015f Sendikas\u0131 Sakarya \u015eube Ba\u015fkan\u0131 Mesut G\u00f6kdemir ve \u00e7ok say\u0131da sanatsever kat\u0131ld\u0131. Konu\u015fmas\u0131nda Hz. Mevlana\u2019n\u0131n hayat\u0131ndan ve \u00f6\u011fretilerinden bahseden Prof. Dr. Sezai K\u00fc\u00e7\u00fck \u201cmaneviyat rehberi vem\u00fcr\u015fid-i k\u00e2mil\u201d oldu\u011funu vurgulad\u0131. \u200bSakarya B\u00fcy\u00fck\u015fehir Belediyesi, Hz. Mevl\u00e2naCelaleddin-i Rumi\u2019nin 751. Vuslat Y\u0131ld\u00f6n\u00fcm\u00fc i\u00e7in d\u00fczenledi\u011fi Alim ve Arif Mevl\u00e2na program\u0131, mest eden bir bulu\u015fmaya sahne oldu. Prof. Dr. Sezai K\u00fc\u00e7\u00fck, Mevlana\u2019n\u0131n Kur\u2019an ve s\u00fcnnetle \u015fekillenen hayat\u0131n\u0131, \u0130slam\u2019a bak\u0131\u015f\u0131n\u0131 ve ilah\u0131 a\u015fk\u0131n\u0131 anlatt\u0131. Dr. Abdullah Uysal ve B\u00fcy\u00fck\u015fehir Belediyesi Kent Orkestras\u0131\u2019n\u0131n musiki sunumlar\u0131 kat\u0131l\u0131mc\u0131lar\u0131 mest etti.SAKARYA (\u0130GFA) &#8211;\u00a0Sakarya B\u00fcy\u00fck\u015fehir Belediyesi, Hz. Mevl\u00e2naCelaleddin-i Rumi\u2019nin &hellip;\" \/>\n<meta property=\"og:url\" content=\"https:\/\/denizcankizil.tr\/de\/haberler\/gundem\/mevlevi-tinilari-ile-mevlananin-aski-gonullere-dokundu\/\" \/>\n<meta property=\"og:site_name\" content=\"Av. Deniz Can K\u0131z\u0131l\" \/>\n<meta property=\"article:published_time\" content=\"2024-12-27T10:41:57+00:00\" \/>\n<meta name=\"twitter:card\" content=\"summary_large_image\" \/>\n<meta name=\"twitter:label1\" content=\"Gesch\u00e4tzte Lesezeit\" \/>\n\t<meta name=\"twitter:data1\" content=\"2\u00a0Minuten\" \/>\n<script type=\"application\/ld+json\" class=\"yoast-schema-graph\">{\"@context\":\"https:\/\/schema.org\",\"@graph\":[{\"@type\":\"Article\",\"@id\":\"https:\/\/denizcankizil.tr\/de\/haberler\/gundem\/mevlevi-tinilari-ile-mevlananin-aski-gonullere-dokundu\/#article\",\"isPartOf\":{\"@id\":\"https:\/\/denizcankizil.tr\/de\/haberler\/gundem\/mevlevi-tinilari-ile-mevlananin-aski-gonullere-dokundu\/\"},\"author\":{\"name\":\"\",\"@id\":\"\"},\"headline\":\"Mevlevi t\u0131n\u0131lar\u0131 ile Mevlana\u2019n\u0131n a\u015fk\u0131 g\u00f6n\u00fcllere dokundu\",\"datePublished\":\"2024-12-27T10:41:57+00:00\",\"mainEntityOfPage\":{\"@id\":\"https:\/\/denizcankizil.tr\/de\/haberler\/gundem\/mevlevi-tinilari-ile-mevlananin-aski-gonullere-dokundu\/\"},\"wordCount\":474,\"commentCount\":0,\"publisher\":{\"@id\":\"https:\/\/denizcankizil.tr\/#organization\"},\"articleSection\":[\"G\u00fcndem\",\"Uncategorized\"],\"inLanguage\":\"de\",\"potentialAction\":[{\"@type\":\"CommentAction\",\"name\":\"Comment\",\"target\":[\"https:\/\/denizcankizil.tr\/de\/haberler\/gundem\/mevlevi-tinilari-ile-mevlananin-aski-gonullere-dokundu\/#respond\"]}]},{\"@type\":\"WebPage\",\"@id\":\"https:\/\/denizcankizil.tr\/de\/haberler\/gundem\/mevlevi-tinilari-ile-mevlananin-aski-gonullere-dokundu\/\",\"url\":\"https:\/\/denizcankizil.tr\/de\/haberler\/gundem\/mevlevi-tinilari-ile-mevlananin-aski-gonullere-dokundu\/\",\"name\":\"Mevlevi t\u0131n\u0131lar\u0131 ile Mevlana\u2019n\u0131n a\u015fk\u0131 g\u00f6n\u00fcllere dokundu - Av. Deniz Can K\u0131z\u0131l\",\"isPartOf\":{\"@id\":\"https:\/\/denizcankizil.tr\/#website\"},\"datePublished\":\"2024-12-27T10:41:57+00:00\",\"breadcrumb\":{\"@id\":\"https:\/\/denizcankizil.tr\/de\/haberler\/gundem\/mevlevi-tinilari-ile-mevlananin-aski-gonullere-dokundu\/#breadcrumb\"},\"inLanguage\":\"de\",\"potentialAction\":[{\"@type\":\"ReadAction\",\"target\":[\"https:\/\/denizcankizil.tr\/de\/haberler\/gundem\/mevlevi-tinilari-ile-mevlananin-aski-gonullere-dokundu\/\"]}]},{\"@type\":\"BreadcrumbList\",\"@id\":\"https:\/\/denizcankizil.tr\/de\/haberler\/gundem\/mevlevi-tinilari-ile-mevlananin-aski-gonullere-dokundu\/#breadcrumb\",\"itemListElement\":[{\"@type\":\"ListItem\",\"position\":1,\"name\":\"Home\",\"item\":\"https:\/\/denizcankizil.tr\/de\/\"},{\"@type\":\"ListItem\",\"position\":2,\"name\":\"Mevlevi t\u0131n\u0131lar\u0131 ile Mevlana\u2019n\u0131n a\u015fk\u0131 g\u00f6n\u00fcllere dokundu\"}]},{\"@type\":\"WebSite\",\"@id\":\"https:\/\/denizcankizil.tr\/#website\",\"url\":\"https:\/\/denizcankizil.tr\/\",\"name\":\"Av. Deniz Can K\u0131z\u0131l\",\"description\":\"Avukat Deniz Can K\u0131z\u0131l Antalya Barosu\",\"publisher\":{\"@id\":\"https:\/\/denizcankizil.tr\/#organization\"},\"potentialAction\":[{\"@type\":\"SearchAction\",\"target\":{\"@type\":\"EntryPoint\",\"urlTemplate\":\"https:\/\/denizcankizil.tr\/?s={search_term_string}\"},\"query-input\":{\"@type\":\"PropertyValueSpecification\",\"valueRequired\":true,\"valueName\":\"search_term_string\"}}],\"inLanguage\":\"de\"},{\"@type\":\"Organization\",\"@id\":\"https:\/\/denizcankizil.tr\/#organization\",\"name\":\"Av. Deniz Can K\u0131z\u0131l\",\"url\":\"https:\/\/denizcankizil.tr\/\",\"logo\":{\"@type\":\"ImageObject\",\"inLanguage\":\"de\",\"@id\":\"https:\/\/denizcankizil.tr\/#\/schema\/logo\/image\/\",\"url\":\"https:\/\/denizcankizil.tr\/wp-content\/uploads\/2024\/10\/siyah-logo-svg.svg\",\"contentUrl\":\"https:\/\/denizcankizil.tr\/wp-content\/uploads\/2024\/10\/siyah-logo-svg.svg\",\"width\":1080,\"height\":1080,\"caption\":\"Av. Deniz Can K\u0131z\u0131l\"},\"image\":{\"@id\":\"https:\/\/denizcankizil.tr\/#\/schema\/logo\/image\/\"}}]}<\/script>\n<!-- \/ Yoast SEO Premium plugin. -->","yoast_head_json":{"title":"Mevlevi t\u0131n\u0131lar\u0131 ile Mevlana\u2019n\u0131n a\u015fk\u0131 g\u00f6n\u00fcllere dokundu - Av. Deniz Can K\u0131z\u0131l","robots":{"index":"index","follow":"follow","max-snippet":"max-snippet:-1","max-image-preview":"max-image-preview:large","max-video-preview":"max-video-preview:-1"},"canonical":"https:\/\/denizcankizil.tr\/de\/haberler\/gundem\/mevlevi-tinilari-ile-mevlananin-aski-gonullere-dokundu\/","og_locale":"de_DE","og_type":"article","og_title":"Mevlevi t\u0131n\u0131lar\u0131 ile Mevlana\u2019n\u0131n a\u015fk\u0131 g\u00f6n\u00fcllere dokundu","og_description":"Sakarya B\u00fcy\u00fck\u015fehir Belediyesi, Hz. Mevl\u00e2naCelaleddin-i Rumi\u2019nin 751. Vuslat Y\u0131ld\u00f6n\u00fcm\u00fc i\u00e7in d\u00fczenledi\u011fi Alim ve Arif Mevl\u00e2na program\u0131, mest eden bir bulu\u015fmaya sahne oldu. Prof. Dr. Sezai K\u00fc\u00e7\u00fck, Mevlana\u2019n\u0131n Kur\u2019an ve s\u00fcnnetle \u015fekillenen hayat\u0131n\u0131, \u0130slam\u2019a bak\u0131\u015f\u0131n\u0131 ve ilah\u0131 a\u015fk\u0131n\u0131 anlatt\u0131. Dr. Abdullah Uysal ve B\u00fcy\u00fck\u015fehir Belediyesi Kent Orkestras\u0131\u2019n\u0131n musiki sunumlar\u0131 kat\u0131l\u0131mc\u0131lar\u0131 mest etti.SAKARYA (\u0130GFA) &#8211;\u00a0Sakarya B\u00fcy\u00fck\u015fehir Belediyesi, Hz. Mevl\u00e2naCelaleddin-i Rumi\u2019nin 751. Vuslat Y\u0131ld\u00f6n\u00fcm\u00fc dolay\u0131s\u0131yla \u201cAlim ve Arif Mevl\u00e2na\u201d isimli programa ev sahipli\u011fi yapt\u0131. Ziya Ta\u015fkent Konser Salonu\u2019nda Prof. Dr. SezaiK\u00fc\u00e7\u00fck\u2019\u00fcnkonu\u015fmac\u0131 oldu\u011fu programa Dr. Abdullah Uysal ve B\u00fcy\u00fck\u015fehir Kent Orkestras musiki ve sunumlar\u0131yla e\u015flik etti. M\u00fcr\u015fid-i K\u00e2mil: Mevl\u00e2na Mevlevi musikisinin b\u00fcy\u00fcleyici t\u0131n\u0131lar\u0131, kat\u0131l\u0131mc\u0131lar\u0131 adeta manevi bir yolculu\u011fa \u00e7\u0131kard\u0131.Programa K\u00fclt\u00fcr ve Sosyal \u0130\u015fler Dairesi Ba\u015fkan\u0131 Alpay \u015eirin, Hizmet-\u0130\u015f Sendikas\u0131 Sakarya \u015eube Ba\u015fkan\u0131 Mesut G\u00f6kdemir ve \u00e7ok say\u0131da sanatsever kat\u0131ld\u0131. Konu\u015fmas\u0131nda Hz. Mevlana\u2019n\u0131n hayat\u0131ndan ve \u00f6\u011fretilerinden bahseden Prof. Dr. Sezai K\u00fc\u00e7\u00fck \u201cmaneviyat rehberi vem\u00fcr\u015fid-i k\u00e2mil\u201d oldu\u011funu vurgulad\u0131. \u200bSakarya B\u00fcy\u00fck\u015fehir Belediyesi, Hz. Mevl\u00e2naCelaleddin-i Rumi\u2019nin 751. Vuslat Y\u0131ld\u00f6n\u00fcm\u00fc i\u00e7in d\u00fczenledi\u011fi Alim ve Arif Mevl\u00e2na program\u0131, mest eden bir bulu\u015fmaya sahne oldu. Prof. Dr. Sezai K\u00fc\u00e7\u00fck, Mevlana\u2019n\u0131n Kur\u2019an ve s\u00fcnnetle \u015fekillenen hayat\u0131n\u0131, \u0130slam\u2019a bak\u0131\u015f\u0131n\u0131 ve ilah\u0131 a\u015fk\u0131n\u0131 anlatt\u0131. Dr. Abdullah Uysal ve B\u00fcy\u00fck\u015fehir Belediyesi Kent Orkestras\u0131\u2019n\u0131n musiki sunumlar\u0131 kat\u0131l\u0131mc\u0131lar\u0131 mest etti.SAKARYA (\u0130GFA) &#8211;\u00a0Sakarya B\u00fcy\u00fck\u015fehir Belediyesi, Hz. Mevl\u00e2naCelaleddin-i Rumi\u2019nin &hellip;","og_url":"https:\/\/denizcankizil.tr\/de\/haberler\/gundem\/mevlevi-tinilari-ile-mevlananin-aski-gonullere-dokundu\/","og_site_name":"Av. Deniz Can K\u0131z\u0131l","article_published_time":"2024-12-27T10:41:57+00:00","twitter_card":"summary_large_image","twitter_misc":{"Gesch\u00e4tzte Lesezeit":"2\u00a0Minuten"},"schema":{"@context":"https:\/\/schema.org","@graph":[{"@type":"Article","@id":"https:\/\/denizcankizil.tr\/de\/haberler\/gundem\/mevlevi-tinilari-ile-mevlananin-aski-gonullere-dokundu\/#article","isPartOf":{"@id":"https:\/\/denizcankizil.tr\/de\/haberler\/gundem\/mevlevi-tinilari-ile-mevlananin-aski-gonullere-dokundu\/"},"author":{"name":"","@id":""},"headline":"Mevlevi t\u0131n\u0131lar\u0131 ile Mevlana\u2019n\u0131n a\u015fk\u0131 g\u00f6n\u00fcllere dokundu","datePublished":"2024-12-27T10:41:57+00:00","mainEntityOfPage":{"@id":"https:\/\/denizcankizil.tr\/de\/haberler\/gundem\/mevlevi-tinilari-ile-mevlananin-aski-gonullere-dokundu\/"},"wordCount":474,"commentCount":0,"publisher":{"@id":"https:\/\/denizcankizil.tr\/#organization"},"articleSection":["G\u00fcndem","Uncategorized"],"inLanguage":"de","potentialAction":[{"@type":"CommentAction","name":"Comment","target":["https:\/\/denizcankizil.tr\/de\/haberler\/gundem\/mevlevi-tinilari-ile-mevlananin-aski-gonullere-dokundu\/#respond"]}]},{"@type":"WebPage","@id":"https:\/\/denizcankizil.tr\/de\/haberler\/gundem\/mevlevi-tinilari-ile-mevlananin-aski-gonullere-dokundu\/","url":"https:\/\/denizcankizil.tr\/de\/haberler\/gundem\/mevlevi-tinilari-ile-mevlananin-aski-gonullere-dokundu\/","name":"Mevlevi t\u0131n\u0131lar\u0131 ile Mevlana\u2019n\u0131n a\u015fk\u0131 g\u00f6n\u00fcllere dokundu - Av. Deniz Can K\u0131z\u0131l","isPartOf":{"@id":"https:\/\/denizcankizil.tr\/#website"},"datePublished":"2024-12-27T10:41:57+00:00","breadcrumb":{"@id":"https:\/\/denizcankizil.tr\/de\/haberler\/gundem\/mevlevi-tinilari-ile-mevlananin-aski-gonullere-dokundu\/#breadcrumb"},"inLanguage":"de","potentialAction":[{"@type":"ReadAction","target":["https:\/\/denizcankizil.tr\/de\/haberler\/gundem\/mevlevi-tinilari-ile-mevlananin-aski-gonullere-dokundu\/"]}]},{"@type":"BreadcrumbList","@id":"https:\/\/denizcankizil.tr\/de\/haberler\/gundem\/mevlevi-tinilari-ile-mevlananin-aski-gonullere-dokundu\/#breadcrumb","itemListElement":[{"@type":"ListItem","position":1,"name":"Home","item":"https:\/\/denizcankizil.tr\/de\/"},{"@type":"ListItem","position":2,"name":"Mevlevi t\u0131n\u0131lar\u0131 ile Mevlana\u2019n\u0131n a\u015fk\u0131 g\u00f6n\u00fcllere dokundu"}]},{"@type":"WebSite","@id":"https:\/\/denizcankizil.tr\/#website","url":"https:\/\/denizcankizil.tr\/","name":"Av. Deniz Can K\u0131z\u0131l","description":"Avukat Deniz Can K\u0131z\u0131l Antalya Barosu","publisher":{"@id":"https:\/\/denizcankizil.tr\/#organization"},"potentialAction":[{"@type":"SearchAction","target":{"@type":"EntryPoint","urlTemplate":"https:\/\/denizcankizil.tr\/?s={search_term_string}"},"query-input":{"@type":"PropertyValueSpecification","valueRequired":true,"valueName":"search_term_string"}}],"inLanguage":"de"},{"@type":"Organization","@id":"https:\/\/denizcankizil.tr\/#organization","name":"Av. Deniz Can K\u0131z\u0131l","url":"https:\/\/denizcankizil.tr\/","logo":{"@type":"ImageObject","inLanguage":"de","@id":"https:\/\/denizcankizil.tr\/#\/schema\/logo\/image\/","url":"https:\/\/denizcankizil.tr\/wp-content\/uploads\/2024\/10\/siyah-logo-svg.svg","contentUrl":"https:\/\/denizcankizil.tr\/wp-content\/uploads\/2024\/10\/siyah-logo-svg.svg","width":1080,"height":1080,"caption":"Av. Deniz Can K\u0131z\u0131l"},"image":{"@id":"https:\/\/denizcankizil.tr\/#\/schema\/logo\/image\/"}}]}},"_links":{"self":[{"href":"https:\/\/denizcankizil.tr\/de\/wp-json\/wp\/v2\/posts\/22520","targetHints":{"allow":["GET"]}}],"collection":[{"href":"https:\/\/denizcankizil.tr\/de\/wp-json\/wp\/v2\/posts"}],"about":[{"href":"https:\/\/denizcankizil.tr\/de\/wp-json\/wp\/v2\/types\/post"}],"replies":[{"embeddable":true,"href":"https:\/\/denizcankizil.tr\/de\/wp-json\/wp\/v2\/comments?post=22520"}],"version-history":[{"count":0,"href":"https:\/\/denizcankizil.tr\/de\/wp-json\/wp\/v2\/posts\/22520\/revisions"}],"wp:attachment":[{"href":"https:\/\/denizcankizil.tr\/de\/wp-json\/wp\/v2\/media?parent=22520"}],"wp:term":[{"taxonomy":"category","embeddable":true,"href":"https:\/\/denizcankizil.tr\/de\/wp-json\/wp\/v2\/categories?post=22520"},{"taxonomy":"post_tag","embeddable":true,"href":"https:\/\/denizcankizil.tr\/de\/wp-json\/wp\/v2\/tags?post=22520"}],"curies":[{"name":"wp","href":"https:\/\/api.w.org\/{rel}","templated":true}]}}