{"id":22354,"date":"2024-12-26T13:42:11","date_gmt":"2024-12-26T10:42:11","guid":{"rendered":"https:\/\/denizcankizil.tr\/uncategorized-tr\/temizlik-isleri-personeline-yalin-temelleri-egitimi-verildi\/"},"modified":"2024-12-26T13:42:11","modified_gmt":"2024-12-26T10:42:11","slug":"temizlik-isleri-personeline-yalin-temelleri-egitimi-verildi","status":"publish","type":"post","link":"https:\/\/denizcankizil.tr\/de\/haberler\/gundem\/temizlik-isleri-personeline-yalin-temelleri-egitimi-verildi\/","title":{"rendered":"Temizlik \u0130\u015fleri Personeline Yal\u0131n Temelleri E\u011fitimi Verildi"},"content":{"rendered":"<p>\u0130neg\u00f6l Belediyesi\u2019nin yal\u0131n belediyecilik faaliyetleri kapsam\u0131nda ba\u015flatt\u0131\u011f\u0131 \u201cYal\u0131n Temelleri E\u011fitimi\u201d bug\u00fcn Temizlik \u0130\u015fleri M\u00fcd\u00fcrl\u00fc\u011f\u00fc personeline y\u00f6nelik ger\u00e7ekle\u015ftirildi. E\u011fitime Ba\u015fkan Alper Taban da kat\u0131larak personellerle bir araya geldi.<\/p>\n<p>\u200b\u0130neg\u00f6l Belediyesi\u2019nin yal\u0131n belediyecilik faaliyetleri kapsam\u0131nda ba\u015flatt\u0131\u011f\u0131 \u201cYal\u0131n Temelleri E\u011fitimi\u201d bug\u00fcn Temizlik \u0130\u015fleri M\u00fcd\u00fcrl\u00fc\u011f\u00fc personeline y\u00f6nelik ger\u00e7ekle\u015ftirildi. E\u011fitime Ba\u015fkan Alper Taban da kat\u0131larak personellerle bir araya geldi.\u00a0<\/p>\n<p>\u200bHaberin Al\u0131nt\u0131land\u0131\u011f\u0131 Kaynak: www.iskenderun.org<\/p>","protected":false},"excerpt":{"rendered":"<p>\u0130neg\u00f6l Belediyesi\u2019nin yal\u0131n belediyecilik faaliyetleri kapsam\u0131nda ba\u015flatt\u0131\u011f\u0131 \u201cYal\u0131n Temelleri E\u011fitimi\u201d bug\u00fcn Temizlik \u0130\u015fleri M\u00fcd\u00fcrl\u00fc\u011f\u00fc personeline y\u00f6nelik ger\u00e7ekle\u015ftirildi. E\u011fitime Ba\u015fkan Alper Taban da kat\u0131larak personellerle bir araya geldi. \u200b\u0130neg\u00f6l Belediyesi\u2019nin yal\u0131n belediyecilik faaliyetleri kapsam\u0131nda ba\u015flatt\u0131\u011f\u0131 \u201cYal\u0131n Temelleri E\u011fitimi\u201d bug\u00fcn Temizlik \u0130\u015fleri M\u00fcd\u00fcrl\u00fc\u011f\u00fc personeline y\u00f6nelik ger\u00e7ekle\u015ftirildi. E\u011fitime Ba\u015fkan Alper Taban da kat\u0131larak personellerle bir araya geldi.\u00a0 \u200bHaberin Al\u0131nt\u0131land\u0131\u011f\u0131 Kaynak: www.iskenderun.org<\/p>","protected":false},"author":0,"featured_media":0,"comment_status":"open","ping_status":"open","sticky":false,"template":"","format":"standard","meta":{"_acf_changed":false,"footnotes":""},"categories":[24,535],"tags":[],"class_list":["post-22354","post","type-post","status-publish","format-standard","has-post-thumbnail","hentry","category-gundem","category-uncategorized-tr"],"acf":[],"yoast_head":"<!-- This site is optimized with the Yoast SEO Premium plugin v26.6 (Yoast SEO v27.1.1) - https:\/\/yoast.com\/product\/yoast-seo-premium-wordpress\/ -->\n<title>Temizlik \u0130\u015fleri Personeline Yal\u0131n Temelleri E\u011fitimi Verildi - Av. Deniz Can K\u0131z\u0131l<\/title>\n<meta name=\"robots\" content=\"index, follow, max-snippet:-1, max-image-preview:large, max-video-preview:-1\" \/>\n<link rel=\"canonical\" href=\"https:\/\/denizcankizil.tr\/de\/haberler\/gundem\/temizlik-isleri-personeline-yalin-temelleri-egitimi-verildi\/\" \/>\n<meta property=\"og:locale\" content=\"de_DE\" \/>\n<meta property=\"og:type\" content=\"article\" \/>\n<meta property=\"og:title\" content=\"Temizlik \u0130\u015fleri Personeline Yal\u0131n Temelleri E\u011fitimi Verildi\" \/>\n<meta property=\"og:description\" content=\"\u0130neg\u00f6l Belediyesi\u2019nin yal\u0131n belediyecilik faaliyetleri kapsam\u0131nda ba\u015flatt\u0131\u011f\u0131 \u201cYal\u0131n Temelleri E\u011fitimi\u201d bug\u00fcn Temizlik \u0130\u015fleri M\u00fcd\u00fcrl\u00fc\u011f\u00fc personeline y\u00f6nelik ger\u00e7ekle\u015ftirildi. E\u011fitime Ba\u015fkan Alper Taban da kat\u0131larak personellerle bir araya geldi. \u200b\u0130neg\u00f6l Belediyesi\u2019nin yal\u0131n belediyecilik faaliyetleri kapsam\u0131nda ba\u015flatt\u0131\u011f\u0131 \u201cYal\u0131n Temelleri E\u011fitimi\u201d bug\u00fcn Temizlik \u0130\u015fleri M\u00fcd\u00fcrl\u00fc\u011f\u00fc personeline y\u00f6nelik ger\u00e7ekle\u015ftirildi. E\u011fitime Ba\u015fkan Alper Taban da kat\u0131larak personellerle bir araya geldi.\u00a0 \u200bHaberin Al\u0131nt\u0131land\u0131\u011f\u0131 Kaynak: www.iskenderun.org\" \/>\n<meta property=\"og:url\" content=\"https:\/\/denizcankizil.tr\/de\/haberler\/gundem\/temizlik-isleri-personeline-yalin-temelleri-egitimi-verildi\/\" \/>\n<meta property=\"og:site_name\" content=\"Av. Deniz Can K\u0131z\u0131l\" \/>\n<meta property=\"article:published_time\" content=\"2024-12-26T10:42:11+00:00\" \/>\n<meta name=\"twitter:card\" content=\"summary_large_image\" \/>\n<script type=\"application\/ld+json\" class=\"yoast-schema-graph\">{\"@context\":\"https:\/\/schema.org\",\"@graph\":[{\"@type\":\"Article\",\"@id\":\"https:\/\/denizcankizil.tr\/ru\/haberler\/gundem\/temizlik-isleri-personeline-yalin-temelleri-egitimi-verildi\/#article\",\"isPartOf\":{\"@id\":\"https:\/\/denizcankizil.tr\/ru\/haberler\/gundem\/temizlik-isleri-personeline-yalin-temelleri-egitimi-verildi\/\"},\"author\":{\"name\":\"\",\"@id\":\"\"},\"headline\":\"Temizlik \u0130\u015fleri Personeline Yal\u0131n Temelleri E\u011fitimi Verildi\",\"datePublished\":\"2024-12-26T10:42:11+00:00\",\"mainEntityOfPage\":{\"@id\":\"https:\/\/denizcankizil.tr\/ru\/haberler\/gundem\/temizlik-isleri-personeline-yalin-temelleri-egitimi-verildi\/\"},\"wordCount\":103,\"commentCount\":0,\"publisher\":{\"@id\":\"https:\/\/denizcankizil.tr\/de\/#organization\"},\"articleSection\":[\"G\u00fcndem\",\"Uncategorized\"],\"inLanguage\":\"de\",\"potentialAction\":[{\"@type\":\"CommentAction\",\"name\":\"Comment\",\"target\":[\"https:\/\/denizcankizil.tr\/ru\/haberler\/gundem\/temizlik-isleri-personeline-yalin-temelleri-egitimi-verildi\/#respond\"]}]},{\"@type\":\"WebPage\",\"@id\":\"https:\/\/denizcankizil.tr\/ru\/haberler\/gundem\/temizlik-isleri-personeline-yalin-temelleri-egitimi-verildi\/\",\"url\":\"https:\/\/denizcankizil.tr\/ru\/haberler\/gundem\/temizlik-isleri-personeline-yalin-temelleri-egitimi-verildi\/\",\"name\":\"Temizlik \u0130\u015fleri Personeline Yal\u0131n Temelleri E\u011fitimi Verildi - Av. Deniz Can K\u0131z\u0131l\",\"isPartOf\":{\"@id\":\"https:\/\/denizcankizil.tr\/de\/#website\"},\"datePublished\":\"2024-12-26T10:42:11+00:00\",\"breadcrumb\":{\"@id\":\"https:\/\/denizcankizil.tr\/ru\/haberler\/gundem\/temizlik-isleri-personeline-yalin-temelleri-egitimi-verildi\/#breadcrumb\"},\"inLanguage\":\"de\",\"potentialAction\":[{\"@type\":\"ReadAction\",\"target\":[\"https:\/\/denizcankizil.tr\/ru\/haberler\/gundem\/temizlik-isleri-personeline-yalin-temelleri-egitimi-verildi\/\"]}]},{\"@type\":\"BreadcrumbList\",\"@id\":\"https:\/\/denizcankizil.tr\/ru\/haberler\/gundem\/temizlik-isleri-personeline-yalin-temelleri-egitimi-verildi\/#breadcrumb\",\"itemListElement\":[{\"@type\":\"ListItem\",\"position\":1,\"name\":\"Home\",\"item\":\"https:\/\/denizcankizil.tr\/de\/\"},{\"@type\":\"ListItem\",\"position\":2,\"name\":\"Temizlik \u0130\u015fleri Personeline Yal\u0131n Temelleri E\u011fitimi Verildi\"}]},{\"@type\":\"WebSite\",\"@id\":\"https:\/\/denizcankizil.tr\/de\/#website\",\"url\":\"https:\/\/denizcankizil.tr\/de\/\",\"name\":\"Av. Deniz Can K\u0131z\u0131l\",\"description\":\"Avukat Deniz Can K\u0131z\u0131l Antalya Barosu\",\"publisher\":{\"@id\":\"https:\/\/denizcankizil.tr\/de\/#organization\"},\"potentialAction\":[{\"@type\":\"SearchAction\",\"target\":{\"@type\":\"EntryPoint\",\"urlTemplate\":\"https:\/\/denizcankizil.tr\/de\/?s={search_term_string}\"},\"query-input\":{\"@type\":\"PropertyValueSpecification\",\"valueRequired\":true,\"valueName\":\"search_term_string\"}}],\"inLanguage\":\"de\"},{\"@type\":\"Organization\",\"@id\":\"https:\/\/denizcankizil.tr\/de\/#organization\",\"name\":\"Av. Deniz Can K\u0131z\u0131l\",\"url\":\"https:\/\/denizcankizil.tr\/de\/\",\"logo\":{\"@type\":\"ImageObject\",\"inLanguage\":\"de\",\"@id\":\"https:\/\/denizcankizil.tr\/de\/#\/schema\/logo\/image\/\",\"url\":\"https:\/\/denizcankizil.tr\/wp-content\/uploads\/2024\/10\/siyah-logo-svg.svg\",\"contentUrl\":\"https:\/\/denizcankizil.tr\/wp-content\/uploads\/2024\/10\/siyah-logo-svg.svg\",\"width\":1080,\"height\":1080,\"caption\":\"Av. Deniz Can K\u0131z\u0131l\"},\"image\":{\"@id\":\"https:\/\/denizcankizil.tr\/de\/#\/schema\/logo\/image\/\"}}]}<\/script>\n<!-- \/ Yoast SEO Premium plugin. -->","yoast_head_json":{"title":"Temizlik \u0130\u015fleri Personeline Yal\u0131n Temelleri E\u011fitimi Verildi - Av. Deniz Can K\u0131z\u0131l","robots":{"index":"index","follow":"follow","max-snippet":"max-snippet:-1","max-image-preview":"max-image-preview:large","max-video-preview":"max-video-preview:-1"},"canonical":"https:\/\/denizcankizil.tr\/de\/haberler\/gundem\/temizlik-isleri-personeline-yalin-temelleri-egitimi-verildi\/","og_locale":"de_DE","og_type":"article","og_title":"Temizlik \u0130\u015fleri Personeline Yal\u0131n Temelleri E\u011fitimi Verildi","og_description":"\u0130neg\u00f6l Belediyesi\u2019nin yal\u0131n belediyecilik faaliyetleri kapsam\u0131nda ba\u015flatt\u0131\u011f\u0131 \u201cYal\u0131n Temelleri E\u011fitimi\u201d bug\u00fcn Temizlik \u0130\u015fleri M\u00fcd\u00fcrl\u00fc\u011f\u00fc personeline y\u00f6nelik ger\u00e7ekle\u015ftirildi. E\u011fitime Ba\u015fkan Alper Taban da kat\u0131larak personellerle bir araya geldi. \u200b\u0130neg\u00f6l Belediyesi\u2019nin yal\u0131n belediyecilik faaliyetleri kapsam\u0131nda ba\u015flatt\u0131\u011f\u0131 \u201cYal\u0131n Temelleri E\u011fitimi\u201d bug\u00fcn Temizlik \u0130\u015fleri M\u00fcd\u00fcrl\u00fc\u011f\u00fc personeline y\u00f6nelik ger\u00e7ekle\u015ftirildi. E\u011fitime Ba\u015fkan Alper Taban da kat\u0131larak personellerle bir araya geldi.\u00a0 \u200bHaberin Al\u0131nt\u0131land\u0131\u011f\u0131 Kaynak: www.iskenderun.org","og_url":"https:\/\/denizcankizil.tr\/de\/haberler\/gundem\/temizlik-isleri-personeline-yalin-temelleri-egitimi-verildi\/","og_site_name":"Av. Deniz Can K\u0131z\u0131l","article_published_time":"2024-12-26T10:42:11+00:00","twitter_card":"summary_large_image","schema":{"@context":"https:\/\/schema.org","@graph":[{"@type":"Article","@id":"https:\/\/denizcankizil.tr\/ru\/haberler\/gundem\/temizlik-isleri-personeline-yalin-temelleri-egitimi-verildi\/#article","isPartOf":{"@id":"https:\/\/denizcankizil.tr\/ru\/haberler\/gundem\/temizlik-isleri-personeline-yalin-temelleri-egitimi-verildi\/"},"author":{"name":"","@id":""},"headline":"Temizlik \u0130\u015fleri Personeline Yal\u0131n Temelleri E\u011fitimi Verildi","datePublished":"2024-12-26T10:42:11+00:00","mainEntityOfPage":{"@id":"https:\/\/denizcankizil.tr\/ru\/haberler\/gundem\/temizlik-isleri-personeline-yalin-temelleri-egitimi-verildi\/"},"wordCount":103,"commentCount":0,"publisher":{"@id":"https:\/\/denizcankizil.tr\/de\/#organization"},"articleSection":["G\u00fcndem","Uncategorized"],"inLanguage":"de","potentialAction":[{"@type":"CommentAction","name":"Comment","target":["https:\/\/denizcankizil.tr\/ru\/haberler\/gundem\/temizlik-isleri-personeline-yalin-temelleri-egitimi-verildi\/#respond"]}]},{"@type":"WebPage","@id":"https:\/\/denizcankizil.tr\/ru\/haberler\/gundem\/temizlik-isleri-personeline-yalin-temelleri-egitimi-verildi\/","url":"https:\/\/denizcankizil.tr\/ru\/haberler\/gundem\/temizlik-isleri-personeline-yalin-temelleri-egitimi-verildi\/","name":"Temizlik \u0130\u015fleri Personeline Yal\u0131n Temelleri E\u011fitimi Verildi - Av. Deniz Can K\u0131z\u0131l","isPartOf":{"@id":"https:\/\/denizcankizil.tr\/de\/#website"},"datePublished":"2024-12-26T10:42:11+00:00","breadcrumb":{"@id":"https:\/\/denizcankizil.tr\/ru\/haberler\/gundem\/temizlik-isleri-personeline-yalin-temelleri-egitimi-verildi\/#breadcrumb"},"inLanguage":"de","potentialAction":[{"@type":"ReadAction","target":["https:\/\/denizcankizil.tr\/ru\/haberler\/gundem\/temizlik-isleri-personeline-yalin-temelleri-egitimi-verildi\/"]}]},{"@type":"BreadcrumbList","@id":"https:\/\/denizcankizil.tr\/ru\/haberler\/gundem\/temizlik-isleri-personeline-yalin-temelleri-egitimi-verildi\/#breadcrumb","itemListElement":[{"@type":"ListItem","position":1,"name":"Home","item":"https:\/\/denizcankizil.tr\/de\/"},{"@type":"ListItem","position":2,"name":"Temizlik \u0130\u015fleri Personeline Yal\u0131n Temelleri E\u011fitimi Verildi"}]},{"@type":"WebSite","@id":"https:\/\/denizcankizil.tr\/de\/#website","url":"https:\/\/denizcankizil.tr\/de\/","name":"Av. Deniz Can K\u0131z\u0131l","description":"Avukat Deniz Can K\u0131z\u0131l Antalya Barosu","publisher":{"@id":"https:\/\/denizcankizil.tr\/de\/#organization"},"potentialAction":[{"@type":"SearchAction","target":{"@type":"EntryPoint","urlTemplate":"https:\/\/denizcankizil.tr\/de\/?s={search_term_string}"},"query-input":{"@type":"PropertyValueSpecification","valueRequired":true,"valueName":"search_term_string"}}],"inLanguage":"de"},{"@type":"Organization","@id":"https:\/\/denizcankizil.tr\/de\/#organization","name":"Av. Deniz Can K\u0131z\u0131l","url":"https:\/\/denizcankizil.tr\/de\/","logo":{"@type":"ImageObject","inLanguage":"de","@id":"https:\/\/denizcankizil.tr\/de\/#\/schema\/logo\/image\/","url":"https:\/\/denizcankizil.tr\/wp-content\/uploads\/2024\/10\/siyah-logo-svg.svg","contentUrl":"https:\/\/denizcankizil.tr\/wp-content\/uploads\/2024\/10\/siyah-logo-svg.svg","width":1080,"height":1080,"caption":"Av. Deniz Can K\u0131z\u0131l"},"image":{"@id":"https:\/\/denizcankizil.tr\/de\/#\/schema\/logo\/image\/"}}]}},"_links":{"self":[{"href":"https:\/\/denizcankizil.tr\/de\/wp-json\/wp\/v2\/posts\/22354","targetHints":{"allow":["GET"]}}],"collection":[{"href":"https:\/\/denizcankizil.tr\/de\/wp-json\/wp\/v2\/posts"}],"about":[{"href":"https:\/\/denizcankizil.tr\/de\/wp-json\/wp\/v2\/types\/post"}],"replies":[{"embeddable":true,"href":"https:\/\/denizcankizil.tr\/de\/wp-json\/wp\/v2\/comments?post=22354"}],"version-history":[{"count":0,"href":"https:\/\/denizcankizil.tr\/de\/wp-json\/wp\/v2\/posts\/22354\/revisions"}],"wp:attachment":[{"href":"https:\/\/denizcankizil.tr\/de\/wp-json\/wp\/v2\/media?parent=22354"}],"wp:term":[{"taxonomy":"category","embeddable":true,"href":"https:\/\/denizcankizil.tr\/de\/wp-json\/wp\/v2\/categories?post=22354"},{"taxonomy":"post_tag","embeddable":true,"href":"https:\/\/denizcankizil.tr\/de\/wp-json\/wp\/v2\/tags?post=22354"}],"curies":[{"name":"wp","href":"https:\/\/api.w.org\/{rel}","templated":true}]}}