{"id":22254,"date":"2024-12-25T21:41:13","date_gmt":"2024-12-25T18:41:13","guid":{"rendered":"https:\/\/denizcankizil.tr\/uncategorized-tr\/rtuk-baskani-sahinden-dikkat-ceken-narin-guran-aciklamasi-yaptirim-uygulanacak\/"},"modified":"2024-12-25T21:41:13","modified_gmt":"2024-12-25T18:41:13","slug":"rtuk-baskani-sahinden-dikkat-ceken-narin-guran-aciklamasi-yaptirim-uygulanacak","status":"publish","type":"post","link":"https:\/\/denizcankizil.tr\/de\/haberler\/gundem\/rtuk-baskani-sahinden-dikkat-ceken-narin-guran-aciklamasi-yaptirim-uygulanacak\/","title":{"rendered":"RT\u00dcK Ba\u015fkan\u0131 \u015eahin&#8217;den dikkat \u00e7eken Narin G\u00fcran a\u00e7\u0131klamas\u0131: \u201cYapt\u0131r\u0131m uygulanacak\u201d"},"content":{"rendered":"<p>Radyo ve Televizyon \u00dcst Kurulu (RT\u00dcK) Ba\u015fkan\u0131 Ebubekir \u015eahin, 26 Aral\u0131k \u00c7ar\u015famba g\u00fcn\u00fc (yar\u0131n) g\u00f6r\u00fclecek olan Narin G\u00fcran cinayetinin ikinci duru\u015fmas\u0131na ili\u015fkin a\u00e7\u0131klamalarda bulundu. \u015eahin sosyal medya \u00fczerinden yapt\u0131\u011f\u0131 a\u00e7\u0131klamada, &#8220;Yasam\u0131zda ve t\u00fcm yay\u0131nc\u0131lar\u0131m\u0131z\u0131n imza vererek onaylad\u0131\u011f\u0131 g\u00f6rsel i\u015fitsel medya etik ilkeleri sarihtir. \u0130lkelere riayet etmeyen sorumsuz yay\u0131nc\u0131lar hakk\u0131nda gerekli yasal yapt\u0131r\u0131mlar uygulanacakt\u0131r&#8221; ifadesini kulland\u0131.<\/p>\n<p>NAR\u0130N G\u00dcRAN DAVASI YARIN G\u00d6R\u00dcLECEK<\/p>\n<p>Radyo ve Televizyon \u00dcst Kurulu (RT\u00dcK) Ba\u015fkan\u0131 Ebubekir \u015eahin, sosyal medya hesab\u0131ndan yapt\u0131\u011f\u0131 payla\u015f\u0131mda, Diyarbak\u0131r&#8217;da 8 ya\u015f\u0131ndaki Narin G\u00fcran&#8217;\u0131n \u00f6ld\u00fcr\u00fclmesine ili\u015fkin davan\u0131n yar\u0131n yeni bir duru\u015fmas\u0131n\u0131n ger\u00e7ekle\u015ftirilece\u011fini hat\u0131rlatt\u0131.<\/p>\n<p>\u201cYASAL YAPTIRIMLAR UYGULANACAKTIR\u201d<\/p>\n<p>Duru\u015fma s\u0131ras\u0131nda ve sonras\u0131nda medyadan sorumluluk ve duyarl\u0131l\u0131k beklediklerini vurgulayan \u015eahin, &#8220;\u0130lk soru\u015fturma a\u015famas\u0131nda maalesef yay\u0131nc\u0131l\u0131k ilkelerini zorlayan medyam\u0131z\u0131, bu kez azami dikkatli olmaya \u0131srarla davet ediyorum. Amac\u0131m\u0131z ger\u00e7eklerin ortaya \u00e7\u0131kmas\u0131d\u0131r. Dosyaya giren gizlilik kapsam\u0131ndaki delillerin if\u015fa edilmesi gibi sonucu akamete u\u011fratacak tutumlardan ka\u00e7\u0131n\u0131lmas\u0131 \u015fartt\u0131r. Yasam\u0131zda ve t\u00fcm yay\u0131nc\u0131lar\u0131m\u0131z\u0131n imza vererek onaylad\u0131\u011f\u0131 g\u00f6rsel i\u015fitsel medya etik ilkeleri sarihtir. Bu ilkelere riayet etmeyen sorumsuz yay\u0131nc\u0131lar hakk\u0131nda gerekli yasal yapt\u0131r\u0131mlar uygulanacakt\u0131r. \u00d6nemle hat\u0131rlat\u0131r, ilkeli habercilerimize te\u015fekk\u00fcr eder, ba\u015far\u0131lar dilerim\u201d dedi.<\/p>\n<p>\u200bRT\u00dcK Ba\u015fkan\u0131 Ba\u015fkan\u0131 Ebubekir \u015eahin, 26 Aral\u0131k \u00c7ar\u015famba g\u00fcn\u00fc (yar\u0131n) g\u00f6r\u00fclecek olan Narin G\u00fcran davas\u0131 hakk\u0131nda a\u00e7\u0131klamalarda bulundu. \u015eahin, \u201c\u0130lkelere riayet etmeyen sorumsuz yay\u0131nc\u0131lar hakk\u0131nda gerekli yasal yapt\u0131r\u0131mlar uygulanacakt\u0131r\u201d dedi.\u00a0<\/p>\n<p>\u200bHaberin Al\u0131nt\u0131land\u0131\u011f\u0131 Kaynak: www.antalyakorfez.com<\/p>","protected":false},"excerpt":{"rendered":"<p>Radyo ve Televizyon \u00dcst Kurulu (RT\u00dcK) Ba\u015fkan\u0131 Ebubekir \u015eahin, 26 Aral\u0131k \u00c7ar\u015famba g\u00fcn\u00fc (yar\u0131n) g\u00f6r\u00fclecek olan Narin G\u00fcran cinayetinin ikinci duru\u015fmas\u0131na ili\u015fkin a\u00e7\u0131klamalarda bulundu. \u015eahin sosyal medya \u00fczerinden yapt\u0131\u011f\u0131 a\u00e7\u0131klamada, &#8220;Yasam\u0131zda ve t\u00fcm yay\u0131nc\u0131lar\u0131m\u0131z\u0131n imza vererek onaylad\u0131\u011f\u0131 g\u00f6rsel i\u015fitsel medya etik ilkeleri sarihtir. \u0130lkelere riayet etmeyen sorumsuz yay\u0131nc\u0131lar hakk\u0131nda gerekli yasal yapt\u0131r\u0131mlar uygulanacakt\u0131r&#8221; ifadesini kulland\u0131. NAR\u0130N G\u00dcRAN DAVASI YARIN G\u00d6R\u00dcLECEK Radyo ve Televizyon \u00dcst Kurulu (RT\u00dcK) Ba\u015fkan\u0131 Ebubekir \u015eahin, sosyal medya hesab\u0131ndan yapt\u0131\u011f\u0131 payla\u015f\u0131mda, Diyarbak\u0131r&#8217;da 8 ya\u015f\u0131ndaki Narin G\u00fcran&#8217;\u0131n \u00f6ld\u00fcr\u00fclmesine ili\u015fkin davan\u0131n yar\u0131n yeni bir duru\u015fmas\u0131n\u0131n ger\u00e7ekle\u015ftirilece\u011fini hat\u0131rlatt\u0131. \u201cYASAL YAPTIRIMLAR UYGULANACAKTIR\u201d Duru\u015fma s\u0131ras\u0131nda ve sonras\u0131nda medyadan sorumluluk ve duyarl\u0131l\u0131k beklediklerini vurgulayan \u015eahin, &#8220;\u0130lk soru\u015fturma a\u015famas\u0131nda maalesef yay\u0131nc\u0131l\u0131k ilkelerini zorlayan medyam\u0131z\u0131, bu kez azami dikkatli olmaya \u0131srarla davet ediyorum. Amac\u0131m\u0131z ger\u00e7eklerin ortaya \u00e7\u0131kmas\u0131d\u0131r. Dosyaya giren gizlilik kapsam\u0131ndaki delillerin if\u015fa edilmesi gibi sonucu akamete u\u011fratacak tutumlardan ka\u00e7\u0131n\u0131lmas\u0131 \u015fartt\u0131r. Yasam\u0131zda ve t\u00fcm yay\u0131nc\u0131lar\u0131m\u0131z\u0131n imza vererek onaylad\u0131\u011f\u0131 g\u00f6rsel i\u015fitsel medya etik ilkeleri sarihtir. Bu ilkelere riayet etmeyen sorumsuz yay\u0131nc\u0131lar hakk\u0131nda gerekli yasal yapt\u0131r\u0131mlar uygulanacakt\u0131r. \u00d6nemle hat\u0131rlat\u0131r, ilkeli habercilerimize te\u015fekk\u00fcr eder, ba\u015far\u0131lar dilerim\u201d dedi. \u200bRT\u00dcK Ba\u015fkan\u0131 Ba\u015fkan\u0131 Ebubekir \u015eahin, 26 Aral\u0131k \u00c7ar\u015famba g\u00fcn\u00fc (yar\u0131n) g\u00f6r\u00fclecek olan Narin G\u00fcran davas\u0131 hakk\u0131nda a\u00e7\u0131klamalarda bulundu. \u015eahin, \u201c\u0130lkelere riayet etmeyen sorumsuz yay\u0131nc\u0131lar hakk\u0131nda gerekli yasal yapt\u0131r\u0131mlar uygulanacakt\u0131r\u201d dedi.\u00a0 \u200bHaberin &hellip;<\/p>","protected":false},"author":0,"featured_media":0,"comment_status":"open","ping_status":"open","sticky":false,"template":"","format":"standard","meta":{"_acf_changed":false,"footnotes":""},"categories":[24,535],"tags":[],"class_list":["post-22254","post","type-post","status-publish","format-standard","has-post-thumbnail","hentry","category-gundem","category-uncategorized-tr"],"acf":[],"yoast_head":"<!-- This site is optimized with the Yoast SEO Premium plugin v26.6 (Yoast SEO v27.1.1) - https:\/\/yoast.com\/product\/yoast-seo-premium-wordpress\/ -->\n<title>RT\u00dcK Ba\u015fkan\u0131 \u015eahin&#039;den dikkat \u00e7eken Narin G\u00fcran a\u00e7\u0131klamas\u0131: \u201cYapt\u0131r\u0131m uygulanacak\u201d - Av. Deniz Can K\u0131z\u0131l<\/title>\n<meta name=\"robots\" content=\"index, follow, max-snippet:-1, max-image-preview:large, max-video-preview:-1\" \/>\n<link rel=\"canonical\" href=\"https:\/\/denizcankizil.tr\/de\/haberler\/gundem\/rtuk-baskani-sahinden-dikkat-ceken-narin-guran-aciklamasi-yaptirim-uygulanacak\/\" \/>\n<meta property=\"og:locale\" content=\"de_DE\" \/>\n<meta property=\"og:type\" content=\"article\" \/>\n<meta property=\"og:title\" content=\"RT\u00dcK Ba\u015fkan\u0131 \u015eahin&#039;den dikkat \u00e7eken Narin G\u00fcran a\u00e7\u0131klamas\u0131: \u201cYapt\u0131r\u0131m uygulanacak\u201d\" \/>\n<meta property=\"og:description\" content=\"Radyo ve Televizyon \u00dcst Kurulu (RT\u00dcK) Ba\u015fkan\u0131 Ebubekir \u015eahin, 26 Aral\u0131k \u00c7ar\u015famba g\u00fcn\u00fc (yar\u0131n) g\u00f6r\u00fclecek olan Narin G\u00fcran cinayetinin ikinci duru\u015fmas\u0131na ili\u015fkin a\u00e7\u0131klamalarda bulundu. \u015eahin sosyal medya \u00fczerinden yapt\u0131\u011f\u0131 a\u00e7\u0131klamada, &#8220;Yasam\u0131zda ve t\u00fcm yay\u0131nc\u0131lar\u0131m\u0131z\u0131n imza vererek onaylad\u0131\u011f\u0131 g\u00f6rsel i\u015fitsel medya etik ilkeleri sarihtir. \u0130lkelere riayet etmeyen sorumsuz yay\u0131nc\u0131lar hakk\u0131nda gerekli yasal yapt\u0131r\u0131mlar uygulanacakt\u0131r&#8221; ifadesini kulland\u0131. NAR\u0130N G\u00dcRAN DAVASI YARIN G\u00d6R\u00dcLECEK Radyo ve Televizyon \u00dcst Kurulu (RT\u00dcK) Ba\u015fkan\u0131 Ebubekir \u015eahin, sosyal medya hesab\u0131ndan yapt\u0131\u011f\u0131 payla\u015f\u0131mda, Diyarbak\u0131r&#8217;da 8 ya\u015f\u0131ndaki Narin G\u00fcran&#8217;\u0131n \u00f6ld\u00fcr\u00fclmesine ili\u015fkin davan\u0131n yar\u0131n yeni bir duru\u015fmas\u0131n\u0131n ger\u00e7ekle\u015ftirilece\u011fini hat\u0131rlatt\u0131. \u201cYASAL YAPTIRIMLAR UYGULANACAKTIR\u201d Duru\u015fma s\u0131ras\u0131nda ve sonras\u0131nda medyadan sorumluluk ve duyarl\u0131l\u0131k beklediklerini vurgulayan \u015eahin, &#8220;\u0130lk soru\u015fturma a\u015famas\u0131nda maalesef yay\u0131nc\u0131l\u0131k ilkelerini zorlayan medyam\u0131z\u0131, bu kez azami dikkatli olmaya \u0131srarla davet ediyorum. Amac\u0131m\u0131z ger\u00e7eklerin ortaya \u00e7\u0131kmas\u0131d\u0131r. Dosyaya giren gizlilik kapsam\u0131ndaki delillerin if\u015fa edilmesi gibi sonucu akamete u\u011fratacak tutumlardan ka\u00e7\u0131n\u0131lmas\u0131 \u015fartt\u0131r. Yasam\u0131zda ve t\u00fcm yay\u0131nc\u0131lar\u0131m\u0131z\u0131n imza vererek onaylad\u0131\u011f\u0131 g\u00f6rsel i\u015fitsel medya etik ilkeleri sarihtir. Bu ilkelere riayet etmeyen sorumsuz yay\u0131nc\u0131lar hakk\u0131nda gerekli yasal yapt\u0131r\u0131mlar uygulanacakt\u0131r. \u00d6nemle hat\u0131rlat\u0131r, ilkeli habercilerimize te\u015fekk\u00fcr eder, ba\u015far\u0131lar dilerim\u201d dedi. \u200bRT\u00dcK Ba\u015fkan\u0131 Ba\u015fkan\u0131 Ebubekir \u015eahin, 26 Aral\u0131k \u00c7ar\u015famba g\u00fcn\u00fc (yar\u0131n) g\u00f6r\u00fclecek olan Narin G\u00fcran davas\u0131 hakk\u0131nda a\u00e7\u0131klamalarda bulundu. \u015eahin, \u201c\u0130lkelere riayet etmeyen sorumsuz yay\u0131nc\u0131lar hakk\u0131nda gerekli yasal yapt\u0131r\u0131mlar uygulanacakt\u0131r\u201d dedi.\u00a0 \u200bHaberin &hellip;\" \/>\n<meta property=\"og:url\" content=\"https:\/\/denizcankizil.tr\/de\/haberler\/gundem\/rtuk-baskani-sahinden-dikkat-ceken-narin-guran-aciklamasi-yaptirim-uygulanacak\/\" \/>\n<meta property=\"og:site_name\" content=\"Av. Deniz Can K\u0131z\u0131l\" \/>\n<meta property=\"article:published_time\" content=\"2024-12-25T18:41:13+00:00\" \/>\n<meta name=\"twitter:card\" content=\"summary_large_image\" \/>\n<meta name=\"twitter:label1\" content=\"Gesch\u00e4tzte Lesezeit\" \/>\n\t<meta name=\"twitter:data1\" content=\"2\u00a0Minuten\" \/>\n<script type=\"application\/ld+json\" class=\"yoast-schema-graph\">{\"@context\":\"https:\/\/schema.org\",\"@graph\":[{\"@type\":\"Article\",\"@id\":\"https:\/\/denizcankizil.tr\/de\/haberler\/gundem\/rtuk-baskani-sahinden-dikkat-ceken-narin-guran-aciklamasi-yaptirim-uygulanacak\/#article\",\"isPartOf\":{\"@id\":\"https:\/\/denizcankizil.tr\/de\/haberler\/gundem\/rtuk-baskani-sahinden-dikkat-ceken-narin-guran-aciklamasi-yaptirim-uygulanacak\/\"},\"author\":{\"name\":\"\",\"@id\":\"\"},\"headline\":\"RT\u00dcK Ba\u015fkan\u0131 \u015eahin&#8217;den dikkat \u00e7eken Narin G\u00fcran a\u00e7\u0131klamas\u0131: \u201cYapt\u0131r\u0131m uygulanacak\u201d\",\"datePublished\":\"2024-12-25T18:41:13+00:00\",\"mainEntityOfPage\":{\"@id\":\"https:\/\/denizcankizil.tr\/de\/haberler\/gundem\/rtuk-baskani-sahinden-dikkat-ceken-narin-guran-aciklamasi-yaptirim-uygulanacak\/\"},\"wordCount\":338,\"commentCount\":0,\"publisher\":{\"@id\":\"https:\/\/denizcankizil.tr\/de\/#organization\"},\"articleSection\":[\"G\u00fcndem\",\"Uncategorized\"],\"inLanguage\":\"de\",\"potentialAction\":[{\"@type\":\"CommentAction\",\"name\":\"Comment\",\"target\":[\"https:\/\/denizcankizil.tr\/de\/haberler\/gundem\/rtuk-baskani-sahinden-dikkat-ceken-narin-guran-aciklamasi-yaptirim-uygulanacak\/#respond\"]}]},{\"@type\":\"WebPage\",\"@id\":\"https:\/\/denizcankizil.tr\/de\/haberler\/gundem\/rtuk-baskani-sahinden-dikkat-ceken-narin-guran-aciklamasi-yaptirim-uygulanacak\/\",\"url\":\"https:\/\/denizcankizil.tr\/de\/haberler\/gundem\/rtuk-baskani-sahinden-dikkat-ceken-narin-guran-aciklamasi-yaptirim-uygulanacak\/\",\"name\":\"RT\u00dcK Ba\u015fkan\u0131 \u015eahin'den dikkat \u00e7eken Narin G\u00fcran a\u00e7\u0131klamas\u0131: \u201cYapt\u0131r\u0131m uygulanacak\u201d - Av. Deniz Can K\u0131z\u0131l\",\"isPartOf\":{\"@id\":\"https:\/\/denizcankizil.tr\/de\/#website\"},\"datePublished\":\"2024-12-25T18:41:13+00:00\",\"breadcrumb\":{\"@id\":\"https:\/\/denizcankizil.tr\/de\/haberler\/gundem\/rtuk-baskani-sahinden-dikkat-ceken-narin-guran-aciklamasi-yaptirim-uygulanacak\/#breadcrumb\"},\"inLanguage\":\"de\",\"potentialAction\":[{\"@type\":\"ReadAction\",\"target\":[\"https:\/\/denizcankizil.tr\/de\/haberler\/gundem\/rtuk-baskani-sahinden-dikkat-ceken-narin-guran-aciklamasi-yaptirim-uygulanacak\/\"]}]},{\"@type\":\"BreadcrumbList\",\"@id\":\"https:\/\/denizcankizil.tr\/de\/haberler\/gundem\/rtuk-baskani-sahinden-dikkat-ceken-narin-guran-aciklamasi-yaptirim-uygulanacak\/#breadcrumb\",\"itemListElement\":[{\"@type\":\"ListItem\",\"position\":1,\"name\":\"Home\",\"item\":\"https:\/\/denizcankizil.tr\/de\/\"},{\"@type\":\"ListItem\",\"position\":2,\"name\":\"RT\u00dcK Ba\u015fkan\u0131 \u015eahin&#8217;den dikkat \u00e7eken Narin G\u00fcran a\u00e7\u0131klamas\u0131: \u201cYapt\u0131r\u0131m uygulanacak\u201d\"}]},{\"@type\":\"WebSite\",\"@id\":\"https:\/\/denizcankizil.tr\/de\/#website\",\"url\":\"https:\/\/denizcankizil.tr\/de\/\",\"name\":\"Av. Deniz Can K\u0131z\u0131l\",\"description\":\"Avukat Deniz Can K\u0131z\u0131l Antalya Barosu\",\"publisher\":{\"@id\":\"https:\/\/denizcankizil.tr\/de\/#organization\"},\"potentialAction\":[{\"@type\":\"SearchAction\",\"target\":{\"@type\":\"EntryPoint\",\"urlTemplate\":\"https:\/\/denizcankizil.tr\/de\/?s={search_term_string}\"},\"query-input\":{\"@type\":\"PropertyValueSpecification\",\"valueRequired\":true,\"valueName\":\"search_term_string\"}}],\"inLanguage\":\"de\"},{\"@type\":\"Organization\",\"@id\":\"https:\/\/denizcankizil.tr\/de\/#organization\",\"name\":\"Av. Deniz Can K\u0131z\u0131l\",\"url\":\"https:\/\/denizcankizil.tr\/de\/\",\"logo\":{\"@type\":\"ImageObject\",\"inLanguage\":\"de\",\"@id\":\"https:\/\/denizcankizil.tr\/de\/#\/schema\/logo\/image\/\",\"url\":\"https:\/\/denizcankizil.tr\/wp-content\/uploads\/2024\/10\/siyah-logo-svg.svg\",\"contentUrl\":\"https:\/\/denizcankizil.tr\/wp-content\/uploads\/2024\/10\/siyah-logo-svg.svg\",\"width\":1080,\"height\":1080,\"caption\":\"Av. Deniz Can K\u0131z\u0131l\"},\"image\":{\"@id\":\"https:\/\/denizcankizil.tr\/de\/#\/schema\/logo\/image\/\"}}]}<\/script>\n<!-- \/ Yoast SEO Premium plugin. -->","yoast_head_json":{"title":"RT\u00dcK Ba\u015fkan\u0131 \u015eahin'den dikkat \u00e7eken Narin G\u00fcran a\u00e7\u0131klamas\u0131: \u201cYapt\u0131r\u0131m uygulanacak\u201d - Av. Deniz Can K\u0131z\u0131l","robots":{"index":"index","follow":"follow","max-snippet":"max-snippet:-1","max-image-preview":"max-image-preview:large","max-video-preview":"max-video-preview:-1"},"canonical":"https:\/\/denizcankizil.tr\/de\/haberler\/gundem\/rtuk-baskani-sahinden-dikkat-ceken-narin-guran-aciklamasi-yaptirim-uygulanacak\/","og_locale":"de_DE","og_type":"article","og_title":"RT\u00dcK Ba\u015fkan\u0131 \u015eahin'den dikkat \u00e7eken Narin G\u00fcran a\u00e7\u0131klamas\u0131: \u201cYapt\u0131r\u0131m uygulanacak\u201d","og_description":"Radyo ve Televizyon \u00dcst Kurulu (RT\u00dcK) Ba\u015fkan\u0131 Ebubekir \u015eahin, 26 Aral\u0131k \u00c7ar\u015famba g\u00fcn\u00fc (yar\u0131n) g\u00f6r\u00fclecek olan Narin G\u00fcran cinayetinin ikinci duru\u015fmas\u0131na ili\u015fkin a\u00e7\u0131klamalarda bulundu. \u015eahin sosyal medya \u00fczerinden yapt\u0131\u011f\u0131 a\u00e7\u0131klamada, &#8220;Yasam\u0131zda ve t\u00fcm yay\u0131nc\u0131lar\u0131m\u0131z\u0131n imza vererek onaylad\u0131\u011f\u0131 g\u00f6rsel i\u015fitsel medya etik ilkeleri sarihtir. \u0130lkelere riayet etmeyen sorumsuz yay\u0131nc\u0131lar hakk\u0131nda gerekli yasal yapt\u0131r\u0131mlar uygulanacakt\u0131r&#8221; ifadesini kulland\u0131. NAR\u0130N G\u00dcRAN DAVASI YARIN G\u00d6R\u00dcLECEK Radyo ve Televizyon \u00dcst Kurulu (RT\u00dcK) Ba\u015fkan\u0131 Ebubekir \u015eahin, sosyal medya hesab\u0131ndan yapt\u0131\u011f\u0131 payla\u015f\u0131mda, Diyarbak\u0131r&#8217;da 8 ya\u015f\u0131ndaki Narin G\u00fcran&#8217;\u0131n \u00f6ld\u00fcr\u00fclmesine ili\u015fkin davan\u0131n yar\u0131n yeni bir duru\u015fmas\u0131n\u0131n ger\u00e7ekle\u015ftirilece\u011fini hat\u0131rlatt\u0131. \u201cYASAL YAPTIRIMLAR UYGULANACAKTIR\u201d Duru\u015fma s\u0131ras\u0131nda ve sonras\u0131nda medyadan sorumluluk ve duyarl\u0131l\u0131k beklediklerini vurgulayan \u015eahin, &#8220;\u0130lk soru\u015fturma a\u015famas\u0131nda maalesef yay\u0131nc\u0131l\u0131k ilkelerini zorlayan medyam\u0131z\u0131, bu kez azami dikkatli olmaya \u0131srarla davet ediyorum. Amac\u0131m\u0131z ger\u00e7eklerin ortaya \u00e7\u0131kmas\u0131d\u0131r. Dosyaya giren gizlilik kapsam\u0131ndaki delillerin if\u015fa edilmesi gibi sonucu akamete u\u011fratacak tutumlardan ka\u00e7\u0131n\u0131lmas\u0131 \u015fartt\u0131r. Yasam\u0131zda ve t\u00fcm yay\u0131nc\u0131lar\u0131m\u0131z\u0131n imza vererek onaylad\u0131\u011f\u0131 g\u00f6rsel i\u015fitsel medya etik ilkeleri sarihtir. Bu ilkelere riayet etmeyen sorumsuz yay\u0131nc\u0131lar hakk\u0131nda gerekli yasal yapt\u0131r\u0131mlar uygulanacakt\u0131r. \u00d6nemle hat\u0131rlat\u0131r, ilkeli habercilerimize te\u015fekk\u00fcr eder, ba\u015far\u0131lar dilerim\u201d dedi. \u200bRT\u00dcK Ba\u015fkan\u0131 Ba\u015fkan\u0131 Ebubekir \u015eahin, 26 Aral\u0131k \u00c7ar\u015famba g\u00fcn\u00fc (yar\u0131n) g\u00f6r\u00fclecek olan Narin G\u00fcran davas\u0131 hakk\u0131nda a\u00e7\u0131klamalarda bulundu. \u015eahin, \u201c\u0130lkelere riayet etmeyen sorumsuz yay\u0131nc\u0131lar hakk\u0131nda gerekli yasal yapt\u0131r\u0131mlar uygulanacakt\u0131r\u201d dedi.\u00a0 \u200bHaberin &hellip;","og_url":"https:\/\/denizcankizil.tr\/de\/haberler\/gundem\/rtuk-baskani-sahinden-dikkat-ceken-narin-guran-aciklamasi-yaptirim-uygulanacak\/","og_site_name":"Av. Deniz Can K\u0131z\u0131l","article_published_time":"2024-12-25T18:41:13+00:00","twitter_card":"summary_large_image","twitter_misc":{"Gesch\u00e4tzte Lesezeit":"2\u00a0Minuten"},"schema":{"@context":"https:\/\/schema.org","@graph":[{"@type":"Article","@id":"https:\/\/denizcankizil.tr\/de\/haberler\/gundem\/rtuk-baskani-sahinden-dikkat-ceken-narin-guran-aciklamasi-yaptirim-uygulanacak\/#article","isPartOf":{"@id":"https:\/\/denizcankizil.tr\/de\/haberler\/gundem\/rtuk-baskani-sahinden-dikkat-ceken-narin-guran-aciklamasi-yaptirim-uygulanacak\/"},"author":{"name":"","@id":""},"headline":"RT\u00dcK Ba\u015fkan\u0131 \u015eahin&#8217;den dikkat \u00e7eken Narin G\u00fcran a\u00e7\u0131klamas\u0131: \u201cYapt\u0131r\u0131m uygulanacak\u201d","datePublished":"2024-12-25T18:41:13+00:00","mainEntityOfPage":{"@id":"https:\/\/denizcankizil.tr\/de\/haberler\/gundem\/rtuk-baskani-sahinden-dikkat-ceken-narin-guran-aciklamasi-yaptirim-uygulanacak\/"},"wordCount":338,"commentCount":0,"publisher":{"@id":"https:\/\/denizcankizil.tr\/de\/#organization"},"articleSection":["G\u00fcndem","Uncategorized"],"inLanguage":"de","potentialAction":[{"@type":"CommentAction","name":"Comment","target":["https:\/\/denizcankizil.tr\/de\/haberler\/gundem\/rtuk-baskani-sahinden-dikkat-ceken-narin-guran-aciklamasi-yaptirim-uygulanacak\/#respond"]}]},{"@type":"WebPage","@id":"https:\/\/denizcankizil.tr\/de\/haberler\/gundem\/rtuk-baskani-sahinden-dikkat-ceken-narin-guran-aciklamasi-yaptirim-uygulanacak\/","url":"https:\/\/denizcankizil.tr\/de\/haberler\/gundem\/rtuk-baskani-sahinden-dikkat-ceken-narin-guran-aciklamasi-yaptirim-uygulanacak\/","name":"RT\u00dcK Ba\u015fkan\u0131 \u015eahin'den dikkat \u00e7eken Narin G\u00fcran a\u00e7\u0131klamas\u0131: \u201cYapt\u0131r\u0131m uygulanacak\u201d - Av. Deniz Can K\u0131z\u0131l","isPartOf":{"@id":"https:\/\/denizcankizil.tr\/de\/#website"},"datePublished":"2024-12-25T18:41:13+00:00","breadcrumb":{"@id":"https:\/\/denizcankizil.tr\/de\/haberler\/gundem\/rtuk-baskani-sahinden-dikkat-ceken-narin-guran-aciklamasi-yaptirim-uygulanacak\/#breadcrumb"},"inLanguage":"de","potentialAction":[{"@type":"ReadAction","target":["https:\/\/denizcankizil.tr\/de\/haberler\/gundem\/rtuk-baskani-sahinden-dikkat-ceken-narin-guran-aciklamasi-yaptirim-uygulanacak\/"]}]},{"@type":"BreadcrumbList","@id":"https:\/\/denizcankizil.tr\/de\/haberler\/gundem\/rtuk-baskani-sahinden-dikkat-ceken-narin-guran-aciklamasi-yaptirim-uygulanacak\/#breadcrumb","itemListElement":[{"@type":"ListItem","position":1,"name":"Home","item":"https:\/\/denizcankizil.tr\/de\/"},{"@type":"ListItem","position":2,"name":"RT\u00dcK Ba\u015fkan\u0131 \u015eahin&#8217;den dikkat \u00e7eken Narin G\u00fcran a\u00e7\u0131klamas\u0131: \u201cYapt\u0131r\u0131m uygulanacak\u201d"}]},{"@type":"WebSite","@id":"https:\/\/denizcankizil.tr\/de\/#website","url":"https:\/\/denizcankizil.tr\/de\/","name":"Av. Deniz Can K\u0131z\u0131l","description":"Avukat Deniz Can K\u0131z\u0131l Antalya Barosu","publisher":{"@id":"https:\/\/denizcankizil.tr\/de\/#organization"},"potentialAction":[{"@type":"SearchAction","target":{"@type":"EntryPoint","urlTemplate":"https:\/\/denizcankizil.tr\/de\/?s={search_term_string}"},"query-input":{"@type":"PropertyValueSpecification","valueRequired":true,"valueName":"search_term_string"}}],"inLanguage":"de"},{"@type":"Organization","@id":"https:\/\/denizcankizil.tr\/de\/#organization","name":"Av. Deniz Can K\u0131z\u0131l","url":"https:\/\/denizcankizil.tr\/de\/","logo":{"@type":"ImageObject","inLanguage":"de","@id":"https:\/\/denizcankizil.tr\/de\/#\/schema\/logo\/image\/","url":"https:\/\/denizcankizil.tr\/wp-content\/uploads\/2024\/10\/siyah-logo-svg.svg","contentUrl":"https:\/\/denizcankizil.tr\/wp-content\/uploads\/2024\/10\/siyah-logo-svg.svg","width":1080,"height":1080,"caption":"Av. Deniz Can K\u0131z\u0131l"},"image":{"@id":"https:\/\/denizcankizil.tr\/de\/#\/schema\/logo\/image\/"}}]}},"_links":{"self":[{"href":"https:\/\/denizcankizil.tr\/de\/wp-json\/wp\/v2\/posts\/22254","targetHints":{"allow":["GET"]}}],"collection":[{"href":"https:\/\/denizcankizil.tr\/de\/wp-json\/wp\/v2\/posts"}],"about":[{"href":"https:\/\/denizcankizil.tr\/de\/wp-json\/wp\/v2\/types\/post"}],"replies":[{"embeddable":true,"href":"https:\/\/denizcankizil.tr\/de\/wp-json\/wp\/v2\/comments?post=22254"}],"version-history":[{"count":0,"href":"https:\/\/denizcankizil.tr\/de\/wp-json\/wp\/v2\/posts\/22254\/revisions"}],"wp:attachment":[{"href":"https:\/\/denizcankizil.tr\/de\/wp-json\/wp\/v2\/media?parent=22254"}],"wp:term":[{"taxonomy":"category","embeddable":true,"href":"https:\/\/denizcankizil.tr\/de\/wp-json\/wp\/v2\/categories?post=22254"},{"taxonomy":"post_tag","embeddable":true,"href":"https:\/\/denizcankizil.tr\/de\/wp-json\/wp\/v2\/tags?post=22254"}],"curies":[{"name":"wp","href":"https:\/\/api.w.org\/{rel}","templated":true}]}}