{"id":21916,"date":"2024-12-23T17:41:42","date_gmt":"2024-12-23T14:41:42","guid":{"rendered":"https:\/\/denizcankizil.tr\/uncategorized-tr\/nissan-honda-ve-mitsubishi-motors-isbirligine-yonelik-mutabakat-zapti-imzaladi\/"},"modified":"2024-12-23T17:41:42","modified_gmt":"2024-12-23T14:41:42","slug":"nissan-honda-ve-mitsubishi-motors-isbirligine-yonelik-mutabakat-zapti-imzaladi","status":"publish","type":"post","link":"https:\/\/denizcankizil.tr\/de\/haberler\/gundem\/nissan-honda-ve-mitsubishi-motors-isbirligine-yonelik-mutabakat-zapti-imzaladi\/","title":{"rendered":"Nissan, Honda ve Mitsubishi Motors i\u015fbirli\u011fine y\u00f6nelik mutabakat zapt\u0131 imzalad\u0131"},"content":{"rendered":"<p>Nissan ve Honda, 1 A\u011fustos&#8217;ta imzalanan zeka ve elektrifikasyon odakl\u0131 stratejik bir ortakl\u0131\u011f\u0131n ba\u015flat\u0131lmas\u0131na ili\u015fkin Mutabakat Zapt\u0131&#8217;nda belirlenen \u00e7er\u00e7eveye dayal\u0131 olarak g\u00f6r\u00fc\u015fmelere devam etmek \u00fczere temel bir anla\u015fmaya vard\u0131.<\/p>\n<p>\u200bNissan ve Honda, 1 A\u011fustos&#8217;ta imzalanan zeka ve elektrifikasyon odakl\u0131 stratejik bir ortakl\u0131\u011f\u0131n ba\u015flat\u0131lmas\u0131na ili\u015fkin Mutabakat Zapt\u0131&#8217;nda belirlenen \u00e7er\u00e7eveye dayal\u0131 olarak g\u00f6r\u00fc\u015fmelere devam etmek \u00fczere temel bir anla\u015fmaya vard\u0131.\u00a0<\/p>\n<p>\u200bHaberin Al\u0131nt\u0131land\u0131\u011f\u0131 Kaynak: www.iskenderun.org<\/p>","protected":false},"excerpt":{"rendered":"<p>Nissan ve Honda, 1 A\u011fustos&#8217;ta imzalanan zeka ve elektrifikasyon odakl\u0131 stratejik bir ortakl\u0131\u011f\u0131n ba\u015flat\u0131lmas\u0131na ili\u015fkin Mutabakat Zapt\u0131&#8217;nda belirlenen \u00e7er\u00e7eveye dayal\u0131 olarak g\u00f6r\u00fc\u015fmelere devam etmek \u00fczere temel bir anla\u015fmaya vard\u0131. \u200bNissan ve Honda, 1 A\u011fustos&#8217;ta imzalanan zeka ve elektrifikasyon odakl\u0131 stratejik bir ortakl\u0131\u011f\u0131n ba\u015flat\u0131lmas\u0131na ili\u015fkin Mutabakat Zapt\u0131&#8217;nda belirlenen \u00e7er\u00e7eveye dayal\u0131 olarak g\u00f6r\u00fc\u015fmelere devam etmek \u00fczere temel bir anla\u015fmaya vard\u0131.\u00a0 \u200bHaberin Al\u0131nt\u0131land\u0131\u011f\u0131 Kaynak: www.iskenderun.org<\/p>","protected":false},"author":0,"featured_media":0,"comment_status":"open","ping_status":"open","sticky":false,"template":"","format":"standard","meta":{"_acf_changed":false,"footnotes":""},"categories":[24,535],"tags":[],"class_list":["post-21916","post","type-post","status-publish","format-standard","has-post-thumbnail","hentry","category-gundem","category-uncategorized-tr"],"acf":[],"yoast_head":"<!-- This site is optimized with the Yoast SEO Premium plugin v26.6 (Yoast SEO v27.1.1) - https:\/\/yoast.com\/product\/yoast-seo-premium-wordpress\/ -->\n<title>Nissan, Honda ve Mitsubishi Motors i\u015fbirli\u011fine y\u00f6nelik mutabakat zapt\u0131 imzalad\u0131 - Av. Deniz Can K\u0131z\u0131l<\/title>\n<meta name=\"robots\" content=\"index, follow, max-snippet:-1, max-image-preview:large, max-video-preview:-1\" \/>\n<link rel=\"canonical\" href=\"https:\/\/denizcankizil.tr\/de\/haberler\/gundem\/nissan-honda-ve-mitsubishi-motors-isbirligine-yonelik-mutabakat-zapti-imzaladi\/\" \/>\n<meta property=\"og:locale\" content=\"de_DE\" \/>\n<meta property=\"og:type\" content=\"article\" \/>\n<meta property=\"og:title\" content=\"Nissan, Honda ve Mitsubishi Motors i\u015fbirli\u011fine y\u00f6nelik mutabakat zapt\u0131 imzalad\u0131\" \/>\n<meta property=\"og:description\" content=\"Nissan ve Honda, 1 A\u011fustos&#8217;ta imzalanan zeka ve elektrifikasyon odakl\u0131 stratejik bir ortakl\u0131\u011f\u0131n ba\u015flat\u0131lmas\u0131na ili\u015fkin Mutabakat Zapt\u0131&#8217;nda belirlenen \u00e7er\u00e7eveye dayal\u0131 olarak g\u00f6r\u00fc\u015fmelere devam etmek \u00fczere temel bir anla\u015fmaya vard\u0131. \u200bNissan ve Honda, 1 A\u011fustos&#8217;ta imzalanan zeka ve elektrifikasyon odakl\u0131 stratejik bir ortakl\u0131\u011f\u0131n ba\u015flat\u0131lmas\u0131na ili\u015fkin Mutabakat Zapt\u0131&#8217;nda belirlenen \u00e7er\u00e7eveye dayal\u0131 olarak g\u00f6r\u00fc\u015fmelere devam etmek \u00fczere temel bir anla\u015fmaya vard\u0131.\u00a0 \u200bHaberin Al\u0131nt\u0131land\u0131\u011f\u0131 Kaynak: www.iskenderun.org\" \/>\n<meta property=\"og:url\" content=\"https:\/\/denizcankizil.tr\/de\/haberler\/gundem\/nissan-honda-ve-mitsubishi-motors-isbirligine-yonelik-mutabakat-zapti-imzaladi\/\" \/>\n<meta property=\"og:site_name\" content=\"Av. Deniz Can K\u0131z\u0131l\" \/>\n<meta property=\"article:published_time\" content=\"2024-12-23T14:41:42+00:00\" \/>\n<meta name=\"twitter:card\" content=\"summary_large_image\" \/>\n<script type=\"application\/ld+json\" class=\"yoast-schema-graph\">{\"@context\":\"https:\/\/schema.org\",\"@graph\":[{\"@type\":\"Article\",\"@id\":\"https:\/\/denizcankizil.tr\/ru\/haberler\/gundem\/nissan-honda-ve-mitsubishi-motors-isbirligine-yonelik-mutabakat-zapti-imzaladi\/#article\",\"isPartOf\":{\"@id\":\"https:\/\/denizcankizil.tr\/ru\/haberler\/gundem\/nissan-honda-ve-mitsubishi-motors-isbirligine-yonelik-mutabakat-zapti-imzaladi\/\"},\"author\":{\"name\":\"\",\"@id\":\"\"},\"headline\":\"Nissan, Honda ve Mitsubishi Motors i\u015fbirli\u011fine y\u00f6nelik mutabakat zapt\u0131 imzalad\u0131\",\"datePublished\":\"2024-12-23T14:41:42+00:00\",\"mainEntityOfPage\":{\"@id\":\"https:\/\/denizcankizil.tr\/ru\/haberler\/gundem\/nissan-honda-ve-mitsubishi-motors-isbirligine-yonelik-mutabakat-zapti-imzaladi\/\"},\"wordCount\":101,\"commentCount\":0,\"publisher\":{\"@id\":\"https:\/\/denizcankizil.tr\/de\/#organization\"},\"articleSection\":[\"G\u00fcndem\",\"Uncategorized\"],\"inLanguage\":\"de\",\"potentialAction\":[{\"@type\":\"CommentAction\",\"name\":\"Comment\",\"target\":[\"https:\/\/denizcankizil.tr\/ru\/haberler\/gundem\/nissan-honda-ve-mitsubishi-motors-isbirligine-yonelik-mutabakat-zapti-imzaladi\/#respond\"]}]},{\"@type\":\"WebPage\",\"@id\":\"https:\/\/denizcankizil.tr\/ru\/haberler\/gundem\/nissan-honda-ve-mitsubishi-motors-isbirligine-yonelik-mutabakat-zapti-imzaladi\/\",\"url\":\"https:\/\/denizcankizil.tr\/ru\/haberler\/gundem\/nissan-honda-ve-mitsubishi-motors-isbirligine-yonelik-mutabakat-zapti-imzaladi\/\",\"name\":\"Nissan, Honda ve Mitsubishi Motors i\u015fbirli\u011fine y\u00f6nelik mutabakat zapt\u0131 imzalad\u0131 - Av. Deniz Can K\u0131z\u0131l\",\"isPartOf\":{\"@id\":\"https:\/\/denizcankizil.tr\/de\/#website\"},\"datePublished\":\"2024-12-23T14:41:42+00:00\",\"breadcrumb\":{\"@id\":\"https:\/\/denizcankizil.tr\/ru\/haberler\/gundem\/nissan-honda-ve-mitsubishi-motors-isbirligine-yonelik-mutabakat-zapti-imzaladi\/#breadcrumb\"},\"inLanguage\":\"de\",\"potentialAction\":[{\"@type\":\"ReadAction\",\"target\":[\"https:\/\/denizcankizil.tr\/ru\/haberler\/gundem\/nissan-honda-ve-mitsubishi-motors-isbirligine-yonelik-mutabakat-zapti-imzaladi\/\"]}]},{\"@type\":\"BreadcrumbList\",\"@id\":\"https:\/\/denizcankizil.tr\/ru\/haberler\/gundem\/nissan-honda-ve-mitsubishi-motors-isbirligine-yonelik-mutabakat-zapti-imzaladi\/#breadcrumb\",\"itemListElement\":[{\"@type\":\"ListItem\",\"position\":1,\"name\":\"Home\",\"item\":\"https:\/\/denizcankizil.tr\/de\/\"},{\"@type\":\"ListItem\",\"position\":2,\"name\":\"Nissan, Honda ve Mitsubishi Motors i\u015fbirli\u011fine y\u00f6nelik mutabakat zapt\u0131 imzalad\u0131\"}]},{\"@type\":\"WebSite\",\"@id\":\"https:\/\/denizcankizil.tr\/de\/#website\",\"url\":\"https:\/\/denizcankizil.tr\/de\/\",\"name\":\"Av. Deniz Can K\u0131z\u0131l\",\"description\":\"Avukat Deniz Can K\u0131z\u0131l Antalya Barosu\",\"publisher\":{\"@id\":\"https:\/\/denizcankizil.tr\/de\/#organization\"},\"potentialAction\":[{\"@type\":\"SearchAction\",\"target\":{\"@type\":\"EntryPoint\",\"urlTemplate\":\"https:\/\/denizcankizil.tr\/de\/?s={search_term_string}\"},\"query-input\":{\"@type\":\"PropertyValueSpecification\",\"valueRequired\":true,\"valueName\":\"search_term_string\"}}],\"inLanguage\":\"de\"},{\"@type\":\"Organization\",\"@id\":\"https:\/\/denizcankizil.tr\/de\/#organization\",\"name\":\"Av. Deniz Can K\u0131z\u0131l\",\"url\":\"https:\/\/denizcankizil.tr\/de\/\",\"logo\":{\"@type\":\"ImageObject\",\"inLanguage\":\"de\",\"@id\":\"https:\/\/denizcankizil.tr\/de\/#\/schema\/logo\/image\/\",\"url\":\"https:\/\/denizcankizil.tr\/wp-content\/uploads\/2024\/10\/siyah-logo-svg.svg\",\"contentUrl\":\"https:\/\/denizcankizil.tr\/wp-content\/uploads\/2024\/10\/siyah-logo-svg.svg\",\"width\":1080,\"height\":1080,\"caption\":\"Av. Deniz Can K\u0131z\u0131l\"},\"image\":{\"@id\":\"https:\/\/denizcankizil.tr\/de\/#\/schema\/logo\/image\/\"}}]}<\/script>\n<!-- \/ Yoast SEO Premium plugin. -->","yoast_head_json":{"title":"Nissan, Honda ve Mitsubishi Motors i\u015fbirli\u011fine y\u00f6nelik mutabakat zapt\u0131 imzalad\u0131 - Av. Deniz Can K\u0131z\u0131l","robots":{"index":"index","follow":"follow","max-snippet":"max-snippet:-1","max-image-preview":"max-image-preview:large","max-video-preview":"max-video-preview:-1"},"canonical":"https:\/\/denizcankizil.tr\/de\/haberler\/gundem\/nissan-honda-ve-mitsubishi-motors-isbirligine-yonelik-mutabakat-zapti-imzaladi\/","og_locale":"de_DE","og_type":"article","og_title":"Nissan, Honda ve Mitsubishi Motors i\u015fbirli\u011fine y\u00f6nelik mutabakat zapt\u0131 imzalad\u0131","og_description":"Nissan ve Honda, 1 A\u011fustos&#8217;ta imzalanan zeka ve elektrifikasyon odakl\u0131 stratejik bir ortakl\u0131\u011f\u0131n ba\u015flat\u0131lmas\u0131na ili\u015fkin Mutabakat Zapt\u0131&#8217;nda belirlenen \u00e7er\u00e7eveye dayal\u0131 olarak g\u00f6r\u00fc\u015fmelere devam etmek \u00fczere temel bir anla\u015fmaya vard\u0131. \u200bNissan ve Honda, 1 A\u011fustos&#8217;ta imzalanan zeka ve elektrifikasyon odakl\u0131 stratejik bir ortakl\u0131\u011f\u0131n ba\u015flat\u0131lmas\u0131na ili\u015fkin Mutabakat Zapt\u0131&#8217;nda belirlenen \u00e7er\u00e7eveye dayal\u0131 olarak g\u00f6r\u00fc\u015fmelere devam etmek \u00fczere temel bir anla\u015fmaya vard\u0131.\u00a0 \u200bHaberin Al\u0131nt\u0131land\u0131\u011f\u0131 Kaynak: www.iskenderun.org","og_url":"https:\/\/denizcankizil.tr\/de\/haberler\/gundem\/nissan-honda-ve-mitsubishi-motors-isbirligine-yonelik-mutabakat-zapti-imzaladi\/","og_site_name":"Av. Deniz Can K\u0131z\u0131l","article_published_time":"2024-12-23T14:41:42+00:00","twitter_card":"summary_large_image","schema":{"@context":"https:\/\/schema.org","@graph":[{"@type":"Article","@id":"https:\/\/denizcankizil.tr\/ru\/haberler\/gundem\/nissan-honda-ve-mitsubishi-motors-isbirligine-yonelik-mutabakat-zapti-imzaladi\/#article","isPartOf":{"@id":"https:\/\/denizcankizil.tr\/ru\/haberler\/gundem\/nissan-honda-ve-mitsubishi-motors-isbirligine-yonelik-mutabakat-zapti-imzaladi\/"},"author":{"name":"","@id":""},"headline":"Nissan, Honda ve Mitsubishi Motors i\u015fbirli\u011fine y\u00f6nelik mutabakat zapt\u0131 imzalad\u0131","datePublished":"2024-12-23T14:41:42+00:00","mainEntityOfPage":{"@id":"https:\/\/denizcankizil.tr\/ru\/haberler\/gundem\/nissan-honda-ve-mitsubishi-motors-isbirligine-yonelik-mutabakat-zapti-imzaladi\/"},"wordCount":101,"commentCount":0,"publisher":{"@id":"https:\/\/denizcankizil.tr\/de\/#organization"},"articleSection":["G\u00fcndem","Uncategorized"],"inLanguage":"de","potentialAction":[{"@type":"CommentAction","name":"Comment","target":["https:\/\/denizcankizil.tr\/ru\/haberler\/gundem\/nissan-honda-ve-mitsubishi-motors-isbirligine-yonelik-mutabakat-zapti-imzaladi\/#respond"]}]},{"@type":"WebPage","@id":"https:\/\/denizcankizil.tr\/ru\/haberler\/gundem\/nissan-honda-ve-mitsubishi-motors-isbirligine-yonelik-mutabakat-zapti-imzaladi\/","url":"https:\/\/denizcankizil.tr\/ru\/haberler\/gundem\/nissan-honda-ve-mitsubishi-motors-isbirligine-yonelik-mutabakat-zapti-imzaladi\/","name":"Nissan, Honda ve Mitsubishi Motors i\u015fbirli\u011fine y\u00f6nelik mutabakat zapt\u0131 imzalad\u0131 - Av. Deniz Can K\u0131z\u0131l","isPartOf":{"@id":"https:\/\/denizcankizil.tr\/de\/#website"},"datePublished":"2024-12-23T14:41:42+00:00","breadcrumb":{"@id":"https:\/\/denizcankizil.tr\/ru\/haberler\/gundem\/nissan-honda-ve-mitsubishi-motors-isbirligine-yonelik-mutabakat-zapti-imzaladi\/#breadcrumb"},"inLanguage":"de","potentialAction":[{"@type":"ReadAction","target":["https:\/\/denizcankizil.tr\/ru\/haberler\/gundem\/nissan-honda-ve-mitsubishi-motors-isbirligine-yonelik-mutabakat-zapti-imzaladi\/"]}]},{"@type":"BreadcrumbList","@id":"https:\/\/denizcankizil.tr\/ru\/haberler\/gundem\/nissan-honda-ve-mitsubishi-motors-isbirligine-yonelik-mutabakat-zapti-imzaladi\/#breadcrumb","itemListElement":[{"@type":"ListItem","position":1,"name":"Home","item":"https:\/\/denizcankizil.tr\/de\/"},{"@type":"ListItem","position":2,"name":"Nissan, Honda ve Mitsubishi Motors i\u015fbirli\u011fine y\u00f6nelik mutabakat zapt\u0131 imzalad\u0131"}]},{"@type":"WebSite","@id":"https:\/\/denizcankizil.tr\/de\/#website","url":"https:\/\/denizcankizil.tr\/de\/","name":"Av. Deniz Can K\u0131z\u0131l","description":"Avukat Deniz Can K\u0131z\u0131l Antalya Barosu","publisher":{"@id":"https:\/\/denizcankizil.tr\/de\/#organization"},"potentialAction":[{"@type":"SearchAction","target":{"@type":"EntryPoint","urlTemplate":"https:\/\/denizcankizil.tr\/de\/?s={search_term_string}"},"query-input":{"@type":"PropertyValueSpecification","valueRequired":true,"valueName":"search_term_string"}}],"inLanguage":"de"},{"@type":"Organization","@id":"https:\/\/denizcankizil.tr\/de\/#organization","name":"Av. Deniz Can K\u0131z\u0131l","url":"https:\/\/denizcankizil.tr\/de\/","logo":{"@type":"ImageObject","inLanguage":"de","@id":"https:\/\/denizcankizil.tr\/de\/#\/schema\/logo\/image\/","url":"https:\/\/denizcankizil.tr\/wp-content\/uploads\/2024\/10\/siyah-logo-svg.svg","contentUrl":"https:\/\/denizcankizil.tr\/wp-content\/uploads\/2024\/10\/siyah-logo-svg.svg","width":1080,"height":1080,"caption":"Av. Deniz Can K\u0131z\u0131l"},"image":{"@id":"https:\/\/denizcankizil.tr\/de\/#\/schema\/logo\/image\/"}}]}},"_links":{"self":[{"href":"https:\/\/denizcankizil.tr\/de\/wp-json\/wp\/v2\/posts\/21916","targetHints":{"allow":["GET"]}}],"collection":[{"href":"https:\/\/denizcankizil.tr\/de\/wp-json\/wp\/v2\/posts"}],"about":[{"href":"https:\/\/denizcankizil.tr\/de\/wp-json\/wp\/v2\/types\/post"}],"replies":[{"embeddable":true,"href":"https:\/\/denizcankizil.tr\/de\/wp-json\/wp\/v2\/comments?post=21916"}],"version-history":[{"count":0,"href":"https:\/\/denizcankizil.tr\/de\/wp-json\/wp\/v2\/posts\/21916\/revisions"}],"wp:attachment":[{"href":"https:\/\/denizcankizil.tr\/de\/wp-json\/wp\/v2\/media?parent=21916"}],"wp:term":[{"taxonomy":"category","embeddable":true,"href":"https:\/\/denizcankizil.tr\/de\/wp-json\/wp\/v2\/categories?post=21916"},{"taxonomy":"post_tag","embeddable":true,"href":"https:\/\/denizcankizil.tr\/de\/wp-json\/wp\/v2\/tags?post=21916"}],"curies":[{"name":"wp","href":"https:\/\/api.w.org\/{rel}","templated":true}]}}