{"id":21886,"date":"2024-12-23T15:41:40","date_gmt":"2024-12-23T12:41:40","guid":{"rendered":"https:\/\/denizcankizil.tr\/uncategorized-tr\/yesil-sertifikali-bina-sifir-atikta-oncu-oldu\/"},"modified":"2024-12-23T15:41:40","modified_gmt":"2024-12-23T12:41:40","slug":"yesil-sertifikali-bina-sifir-atikta-oncu-oldu","status":"publish","type":"post","link":"https:\/\/denizcankizil.tr\/de\/haberler\/gundem\/yesil-sertifikali-bina-sifir-atikta-oncu-oldu\/","title":{"rendered":"Ye\u015fil sertifikal\u0131 bina &#8216;s\u0131f\u0131r at\u0131kta&#8217; \u00f6nc\u00fc oldu"},"content":{"rendered":"<p>\u00c7evre, \u015eehircilik ve \u0130klim De\u011fi\u015fikli\u011fi Bakanl\u0131\u011f\u0131, Cumhurba\u015fkan\u0131 Recep Tayyip Erdo\u011fan&#8217;\u0131n e\u015fi Emine Erdo\u011fan\u2019\u0131n himayelerinde 2017\u2019de ba\u015flat\u0131lan s\u0131f\u0131r at\u0131k uygulamalar\u0131 ve ye\u015fil sertifikal\u0131 binas\u0131yla \u00f6rnek te\u015fkil ediyor.ANKARA (\u0130GFA) &#8211; \u00c7evre, \u015eehircilik ve \u0130klim De\u011fi\u015fikli\u011fi Bakanl\u0131\u011f\u0131, S\u0131f\u0131r At\u0131k uygulamas\u0131n\u0131 ye\u015fil sertifikal\u0131 ana hizmet binas\u0131nda ba\u015far\u0131yla s\u00fcrd\u00fcr\u00fcyor.\u00a0<br \/>\n\u00c7evre Y\u00f6netimi Genel M\u00fcd\u00fcr Yard\u0131mc\u0131s\u0131 Haluk \u015eahin Yazg\u0131, bu uygulamalar\u0131n yaln\u0131zca Bakanl\u0131kla s\u0131n\u0131rl\u0131 kalmay\u0131p T\u00fcrkiye genelinde yayg\u0131nla\u015ft\u0131rmak i\u00e7in pilot illerde \u00e7al\u0131\u015fmalara ba\u015flad\u0131klar\u0131n\u0131 s\u00f6yledi.<br \/>\nBakanl\u0131\u011f\u0131n resmi internet sitesinde yer alan habere g\u00f6re, personelin bir g\u00fcn boyunca \u00e7\u0131kard\u0131\u011f\u0131 evsel at\u0131klar\u0131 cinslerine g\u00f6re ay\u0131rd\u0131klar\u0131n\u0131 belirten Yazg\u0131, \u201cBinan\u0131n her kat\u0131nda \u00fc\u00e7 farkl\u0131 b\u00f6l\u00fcmde bu at\u0131klar\u0131 de\u011ferlendiriyoruz. Birincisi, \u00e7ay ocaklar\u0131nda \u00e7ay ve kahve posalar\u0131n\u0131 de\u011ferlendirdi\u011fimiz ve sonunda komposta d\u00f6n\u00fc\u015fecek olan bir \u00fcnite mevcut. Ayn\u0131 zamanda koridorlarda alt\u0131 b\u00f6l\u00fcmden olu\u015fan toplama \u00fcniteleri var. Ambalaj at\u0131klar\u0131, ka\u011f\u0131tlar, cam, organik ve geri d\u00f6n\u00fc\u015ft\u00fcr\u00fclemeyen at\u0131klar olmak \u00fczere farkl\u0131 b\u00f6l\u00fcmlerde personelimizin g\u00fcn i\u00e7inde t\u00fcketti\u011fi at\u0131klar\u0131 ayr\u0131\u015ft\u0131r\u0131yoruz&#8221; dedi.<\/p>\n<p>\u201cORGAN\u0130K ATIKLAR G\u00dcBRE OLARAK BAH\u00c7ELERDE KULLANILIYOR\u201d<br \/>\nAt\u0131k pillerin de \u00f6zel olarak ayr\u0131\u015ft\u0131r\u0131ld\u0131\u011f\u0131n\u0131 belirten Yazg\u0131, yemekhanede de hem yeme\u011fin haz\u0131rl\u0131k a\u015famas\u0131nda hem de yemek sonras\u0131 at\u0131klar\u0131 ay\u0131rd\u0131klar\u0131n\u0131 ve depolama alanlar\u0131na getirdiklerini kaydetti. Depolama alanlar\u0131nda hangi cins at\u0131klar\u0131n al\u0131naca\u011f\u0131na yaz\u0131l\u0131 tabela oldu\u011funu ifade ederek, \u201cG\u00fcn boyunca \u00e7\u0131kan at\u0131klar\u0131 tart\u0131p de\u011ferlendirerek orada depoluyoruz. Ard\u0131ndan haftan\u0131n belli g\u00fcnlerinde lisansl\u0131 at\u0131k geri d\u00f6n\u00fc\u015f\u00fcm firmalar\u0131 taraf\u0131ndan toplanan at\u0131klar, geri d\u00f6n\u00fc\u015f\u00fcme u\u011fruyor. Bununla beraber kompost \u00fcnitemiz var. Kompost \u00fcnitemiz de de\u011ferlendirdi\u011fimiz organik at\u0131klar\u0131, do\u011fal g\u00fcbre olarak bah\u00e7elerimizde kullan\u0131yoruz\u201d diye konu\u015ftu.<br \/>\n\u201cSIFIR ATIK B\u0130R YA\u015eAM B\u0130\u00c7\u0130M\u0130\u201d<br \/>\nS\u0131f\u0131r at\u0131k uygulamalar\u0131n\u0131n sadece bina ile s\u0131n\u0131rl\u0131 olmad\u0131\u011f\u0131n\u0131 vurgulayan Yazg\u0131, s\u0131f\u0131r at\u0131k felsefesinin bir ya\u015fam bi\u00e7imi oldu\u011funu s\u00f6yledi. Yazg\u0131, \u201cBu evlerimizde ba\u015flayan bir ayr\u0131m. Evlerimizden getirdi\u011fimiz ambalaj at\u0131klar\u0131n\u0131 Bakanl\u0131\u011f\u0131m\u0131zdaki depozito makinesinde de\u011ferlendiriyoruz. Bu makineden kazand\u0131\u011f\u0131m\u0131z puanlar\u0131 burada kullanabiliyoruz\u201d \u015feklinde konu\u015ftu<\/p>\n<p>\u200b\u00c7evre, \u015eehircilik ve \u0130klim De\u011fi\u015fikli\u011fi Bakanl\u0131\u011f\u0131, Cumhurba\u015fkan\u0131 Recep Tayyip Erdo\u011fan&#8217;\u0131n e\u015fi Emine Erdo\u011fan\u2019\u0131n himayelerinde 2017\u2019de ba\u015flat\u0131lan s\u0131f\u0131r at\u0131k uygulamalar\u0131 ve ye\u015fil sertifikal\u0131 binas\u0131yla \u00f6rnek te\u015fkil ediyor.ANKARA (\u0130GFA) &#8211; \u00c7evre, \u015eehircilik ve \u0130klim De\u011fi\u015fikli\u011fi Bakanl\u0131\u011f\u0131, S\u0131f\u0131r At\u0131k uygulamas\u0131n\u0131 ye\u015fil sertifikal\u0131 ana hizmet binas\u0131nda ba\u015far\u0131yla s\u00fcrd\u00fcr\u00fcyor.\u00a0<br \/>\n\u00c7evre Y\u00f6netimi Genel M\u00fcd\u00fcr Yard\u0131mc\u0131s\u0131 Haluk \u015eahin Yazg\u0131, bu uygulamalar\u0131n yaln\u0131zca Bakanl\u0131kla s\u0131n\u0131rl\u0131 kalmay\u0131p T\u00fcrkiye genelinde yayg\u0131nla\u015ft\u0131rmak i\u00e7in pilot illerde \u00e7al\u0131\u015fmalara ba\u015flad\u0131klar\u0131n\u0131 s\u00f6yledi.<br \/>\nBakanl\u0131\u011f\u0131n resmi internet sitesinde yer alan habere g\u00f6re, personelin bir g\u00fcn boyunca \u00e7\u0131kard\u0131\u011f\u0131 evsel at\u0131klar\u0131 cinslerine g\u00f6re ay\u0131rd\u0131klar\u0131n\u0131 belirten Yazg\u0131, \u201cBinan\u0131n her kat\u0131nda \u00fc\u00e7 farkl\u0131 b\u00f6l\u00fcmde bu at\u0131klar\u0131 de\u011ferlendiriyoruz. Birincisi, \u00e7ay ocaklar\u0131nda \u00e7ay ve kahve posalar\u0131n\u0131 de\u011ferlendirdi\u011fimiz ve sonunda komposta d\u00f6n\u00fc\u015fecek olan bir \u00fcnite mevcut. Ayn\u0131 zamanda koridorlarda alt\u0131 b\u00f6l\u00fcmden olu\u015fan toplama \u00fcniteleri var. Ambalaj at\u0131klar\u0131, ka\u011f\u0131tlar, cam, organik ve geri d\u00f6n\u00fc\u015ft\u00fcr\u00fclemeyen at\u0131klar olmak \u00fczere farkl\u0131 b\u00f6l\u00fcmlerde personelimizin g\u00fcn i\u00e7inde t\u00fcketti\u011fi at\u0131klar\u0131 ayr\u0131\u015ft\u0131r\u0131yoruz&#8221; dedi.<\/p>\n<p>\u201cORGAN\u0130K ATIKLAR G\u00dcBRE OLARAK BAH\u00c7ELERDE KULLANILIYOR\u201d<br \/>\nAt\u0131k pillerin de \u00f6zel olarak ayr\u0131\u015ft\u0131r\u0131ld\u0131\u011f\u0131n\u0131 belirten Yazg\u0131, yemekhanede de hem yeme\u011fin haz\u0131rl\u0131k a\u015famas\u0131nda hem de yemek sonras\u0131 at\u0131klar\u0131 ay\u0131rd\u0131klar\u0131n\u0131 ve depolama alanlar\u0131na getirdiklerini kaydetti. Depolama alanlar\u0131nda hangi cins at\u0131klar\u0131n al\u0131naca\u011f\u0131na yaz\u0131l\u0131 tabela oldu\u011funu ifade ederek, \u201cG\u00fcn boyunca \u00e7\u0131kan at\u0131klar\u0131 tart\u0131p de\u011ferlendirerek orada depoluyoruz. Ard\u0131ndan haftan\u0131n belli g\u00fcnlerinde lisansl\u0131 at\u0131k geri d\u00f6n\u00fc\u015f\u00fcm firmalar\u0131 taraf\u0131ndan toplanan at\u0131klar, geri d\u00f6n\u00fc\u015f\u00fcme u\u011fruyor. Bununla beraber kompost \u00fcnitemiz var. Kompost \u00fcnitemiz de de\u011ferlendirdi\u011fimiz organik at\u0131klar\u0131, do\u011fal g\u00fcbre olarak bah\u00e7elerimizde kullan\u0131yoruz\u201d diye konu\u015ftu.<br \/>\n\u201cSIFIR ATIK B\u0130R YA\u015eAM B\u0130\u00c7\u0130M\u0130\u201d<br \/>\nS\u0131f\u0131r at\u0131k uygulamalar\u0131n\u0131n sadece bina ile s\u0131n\u0131rl\u0131 olmad\u0131\u011f\u0131n\u0131 vurgulayan Yazg\u0131, s\u0131f\u0131r at\u0131k felsefesinin bir ya\u015fam bi\u00e7imi oldu\u011funu s\u00f6yledi. Yazg\u0131, \u201cBu evlerimizde ba\u015flayan bir ayr\u0131m. Evlerimizden getirdi\u011fimiz ambalaj at\u0131klar\u0131n\u0131 Bakanl\u0131\u011f\u0131m\u0131zdaki depozito makinesinde de\u011ferlendiriyoruz. Bu makineden kazand\u0131\u011f\u0131m\u0131z puanlar\u0131 burada kullanabiliyoruz\u201d \u015feklinde konu\u015ftu\u00a0<\/p>\n<p>\u200bHaberin Al\u0131nt\u0131land\u0131\u011f\u0131 Kaynak: www.iskenderun.org<\/p>","protected":false},"excerpt":{"rendered":"<p>\u00c7evre, \u015eehircilik ve \u0130klim De\u011fi\u015fikli\u011fi Bakanl\u0131\u011f\u0131, Cumhurba\u015fkan\u0131 Recep Tayyip Erdo\u011fan&#8217;\u0131n e\u015fi Emine Erdo\u011fan\u2019\u0131n himayelerinde 2017\u2019de ba\u015flat\u0131lan s\u0131f\u0131r at\u0131k uygulamalar\u0131 ve ye\u015fil sertifikal\u0131 binas\u0131yla \u00f6rnek te\u015fkil ediyor.ANKARA (\u0130GFA) &#8211; \u00c7evre, \u015eehircilik ve \u0130klim De\u011fi\u015fikli\u011fi Bakanl\u0131\u011f\u0131, S\u0131f\u0131r At\u0131k uygulamas\u0131n\u0131 ye\u015fil sertifikal\u0131 ana hizmet binas\u0131nda ba\u015far\u0131yla s\u00fcrd\u00fcr\u00fcyor.\u00a0 \u00c7evre Y\u00f6netimi Genel M\u00fcd\u00fcr Yard\u0131mc\u0131s\u0131 Haluk \u015eahin Yazg\u0131, bu uygulamalar\u0131n yaln\u0131zca Bakanl\u0131kla s\u0131n\u0131rl\u0131 kalmay\u0131p T\u00fcrkiye genelinde yayg\u0131nla\u015ft\u0131rmak i\u00e7in pilot illerde \u00e7al\u0131\u015fmalara ba\u015flad\u0131klar\u0131n\u0131 s\u00f6yledi. Bakanl\u0131\u011f\u0131n resmi internet sitesinde yer alan habere g\u00f6re, personelin bir g\u00fcn boyunca \u00e7\u0131kard\u0131\u011f\u0131 evsel at\u0131klar\u0131 cinslerine g\u00f6re ay\u0131rd\u0131klar\u0131n\u0131 belirten Yazg\u0131, \u201cBinan\u0131n her kat\u0131nda \u00fc\u00e7 farkl\u0131 b\u00f6l\u00fcmde bu at\u0131klar\u0131 de\u011ferlendiriyoruz. Birincisi, \u00e7ay ocaklar\u0131nda \u00e7ay ve kahve posalar\u0131n\u0131 de\u011ferlendirdi\u011fimiz ve sonunda komposta d\u00f6n\u00fc\u015fecek olan bir \u00fcnite mevcut. Ayn\u0131 zamanda koridorlarda alt\u0131 b\u00f6l\u00fcmden olu\u015fan toplama \u00fcniteleri var. Ambalaj at\u0131klar\u0131, ka\u011f\u0131tlar, cam, organik ve geri d\u00f6n\u00fc\u015ft\u00fcr\u00fclemeyen at\u0131klar olmak \u00fczere farkl\u0131 b\u00f6l\u00fcmlerde personelimizin g\u00fcn i\u00e7inde t\u00fcketti\u011fi at\u0131klar\u0131 ayr\u0131\u015ft\u0131r\u0131yoruz&#8221; dedi. \u201cORGAN\u0130K ATIKLAR G\u00dcBRE OLARAK BAH\u00c7ELERDE KULLANILIYOR\u201d At\u0131k pillerin de \u00f6zel olarak ayr\u0131\u015ft\u0131r\u0131ld\u0131\u011f\u0131n\u0131 belirten Yazg\u0131, yemekhanede de hem yeme\u011fin haz\u0131rl\u0131k a\u015famas\u0131nda hem de yemek sonras\u0131 at\u0131klar\u0131 ay\u0131rd\u0131klar\u0131n\u0131 ve depolama alanlar\u0131na getirdiklerini kaydetti. Depolama alanlar\u0131nda hangi cins at\u0131klar\u0131n al\u0131naca\u011f\u0131na yaz\u0131l\u0131 tabela oldu\u011funu ifade ederek, \u201cG\u00fcn boyunca \u00e7\u0131kan at\u0131klar\u0131 tart\u0131p de\u011ferlendirerek orada depoluyoruz. Ard\u0131ndan haftan\u0131n belli g\u00fcnlerinde lisansl\u0131 at\u0131k geri d\u00f6n\u00fc\u015f\u00fcm firmalar\u0131 &hellip;<\/p>","protected":false},"author":0,"featured_media":0,"comment_status":"open","ping_status":"open","sticky":false,"template":"","format":"standard","meta":{"_acf_changed":false,"footnotes":""},"categories":[24,535],"tags":[],"class_list":["post-21886","post","type-post","status-publish","format-standard","has-post-thumbnail","hentry","category-gundem","category-uncategorized-tr"],"acf":[],"yoast_head":"<!-- This site is optimized with the Yoast SEO Premium plugin v26.6 (Yoast SEO v27.1.1) - https:\/\/yoast.com\/product\/yoast-seo-premium-wordpress\/ -->\n<title>Ye\u015fil sertifikal\u0131 bina &#039;s\u0131f\u0131r at\u0131kta&#039; \u00f6nc\u00fc oldu - Av. Deniz Can K\u0131z\u0131l<\/title>\n<meta name=\"robots\" content=\"index, follow, max-snippet:-1, max-image-preview:large, max-video-preview:-1\" \/>\n<link rel=\"canonical\" href=\"https:\/\/denizcankizil.tr\/de\/haberler\/gundem\/yesil-sertifikali-bina-sifir-atikta-oncu-oldu\/\" \/>\n<meta property=\"og:locale\" content=\"de_DE\" \/>\n<meta property=\"og:type\" content=\"article\" \/>\n<meta property=\"og:title\" content=\"Ye\u015fil sertifikal\u0131 bina &#039;s\u0131f\u0131r at\u0131kta&#039; \u00f6nc\u00fc oldu\" \/>\n<meta property=\"og:description\" content=\"\u00c7evre, \u015eehircilik ve \u0130klim De\u011fi\u015fikli\u011fi Bakanl\u0131\u011f\u0131, Cumhurba\u015fkan\u0131 Recep Tayyip Erdo\u011fan&#8217;\u0131n e\u015fi Emine Erdo\u011fan\u2019\u0131n himayelerinde 2017\u2019de ba\u015flat\u0131lan s\u0131f\u0131r at\u0131k uygulamalar\u0131 ve ye\u015fil sertifikal\u0131 binas\u0131yla \u00f6rnek te\u015fkil ediyor.ANKARA (\u0130GFA) &#8211; \u00c7evre, \u015eehircilik ve \u0130klim De\u011fi\u015fikli\u011fi Bakanl\u0131\u011f\u0131, S\u0131f\u0131r At\u0131k uygulamas\u0131n\u0131 ye\u015fil sertifikal\u0131 ana hizmet binas\u0131nda ba\u015far\u0131yla s\u00fcrd\u00fcr\u00fcyor.\u00a0 \u00c7evre Y\u00f6netimi Genel M\u00fcd\u00fcr Yard\u0131mc\u0131s\u0131 Haluk \u015eahin Yazg\u0131, bu uygulamalar\u0131n yaln\u0131zca Bakanl\u0131kla s\u0131n\u0131rl\u0131 kalmay\u0131p T\u00fcrkiye genelinde yayg\u0131nla\u015ft\u0131rmak i\u00e7in pilot illerde \u00e7al\u0131\u015fmalara ba\u015flad\u0131klar\u0131n\u0131 s\u00f6yledi. Bakanl\u0131\u011f\u0131n resmi internet sitesinde yer alan habere g\u00f6re, personelin bir g\u00fcn boyunca \u00e7\u0131kard\u0131\u011f\u0131 evsel at\u0131klar\u0131 cinslerine g\u00f6re ay\u0131rd\u0131klar\u0131n\u0131 belirten Yazg\u0131, \u201cBinan\u0131n her kat\u0131nda \u00fc\u00e7 farkl\u0131 b\u00f6l\u00fcmde bu at\u0131klar\u0131 de\u011ferlendiriyoruz. Birincisi, \u00e7ay ocaklar\u0131nda \u00e7ay ve kahve posalar\u0131n\u0131 de\u011ferlendirdi\u011fimiz ve sonunda komposta d\u00f6n\u00fc\u015fecek olan bir \u00fcnite mevcut. Ayn\u0131 zamanda koridorlarda alt\u0131 b\u00f6l\u00fcmden olu\u015fan toplama \u00fcniteleri var. Ambalaj at\u0131klar\u0131, ka\u011f\u0131tlar, cam, organik ve geri d\u00f6n\u00fc\u015ft\u00fcr\u00fclemeyen at\u0131klar olmak \u00fczere farkl\u0131 b\u00f6l\u00fcmlerde personelimizin g\u00fcn i\u00e7inde t\u00fcketti\u011fi at\u0131klar\u0131 ayr\u0131\u015ft\u0131r\u0131yoruz&#8221; dedi. \u201cORGAN\u0130K ATIKLAR G\u00dcBRE OLARAK BAH\u00c7ELERDE KULLANILIYOR\u201d At\u0131k pillerin de \u00f6zel olarak ayr\u0131\u015ft\u0131r\u0131ld\u0131\u011f\u0131n\u0131 belirten Yazg\u0131, yemekhanede de hem yeme\u011fin haz\u0131rl\u0131k a\u015famas\u0131nda hem de yemek sonras\u0131 at\u0131klar\u0131 ay\u0131rd\u0131klar\u0131n\u0131 ve depolama alanlar\u0131na getirdiklerini kaydetti. Depolama alanlar\u0131nda hangi cins at\u0131klar\u0131n al\u0131naca\u011f\u0131na yaz\u0131l\u0131 tabela oldu\u011funu ifade ederek, \u201cG\u00fcn boyunca \u00e7\u0131kan at\u0131klar\u0131 tart\u0131p de\u011ferlendirerek orada depoluyoruz. Ard\u0131ndan haftan\u0131n belli g\u00fcnlerinde lisansl\u0131 at\u0131k geri d\u00f6n\u00fc\u015f\u00fcm firmalar\u0131 &hellip;\" \/>\n<meta property=\"og:url\" content=\"https:\/\/denizcankizil.tr\/de\/haberler\/gundem\/yesil-sertifikali-bina-sifir-atikta-oncu-oldu\/\" \/>\n<meta property=\"og:site_name\" content=\"Av. Deniz Can K\u0131z\u0131l\" \/>\n<meta property=\"article:published_time\" content=\"2024-12-23T12:41:40+00:00\" \/>\n<meta name=\"twitter:card\" content=\"summary_large_image\" \/>\n<meta name=\"twitter:label1\" content=\"Gesch\u00e4tzte Lesezeit\" \/>\n\t<meta name=\"twitter:data1\" content=\"4\u00a0Minuten\" \/>\n<script type=\"application\/ld+json\" class=\"yoast-schema-graph\">{\"@context\":\"https:\/\/schema.org\",\"@graph\":[{\"@type\":\"Article\",\"@id\":\"https:\/\/denizcankizil.tr\/de\/haberler\/gundem\/yesil-sertifikali-bina-sifir-atikta-oncu-oldu\/#article\",\"isPartOf\":{\"@id\":\"https:\/\/denizcankizil.tr\/de\/haberler\/gundem\/yesil-sertifikali-bina-sifir-atikta-oncu-oldu\/\"},\"author\":{\"name\":\"\",\"@id\":\"\"},\"headline\":\"Ye\u015fil sertifikal\u0131 bina &#8216;s\u0131f\u0131r at\u0131kta&#8217; \u00f6nc\u00fc oldu\",\"datePublished\":\"2024-12-23T12:41:40+00:00\",\"mainEntityOfPage\":{\"@id\":\"https:\/\/denizcankizil.tr\/de\/haberler\/gundem\/yesil-sertifikali-bina-sifir-atikta-oncu-oldu\/\"},\"wordCount\":895,\"commentCount\":0,\"publisher\":{\"@id\":\"https:\/\/denizcankizil.tr\/#organization\"},\"articleSection\":[\"G\u00fcndem\",\"Uncategorized\"],\"inLanguage\":\"de\",\"potentialAction\":[{\"@type\":\"CommentAction\",\"name\":\"Comment\",\"target\":[\"https:\/\/denizcankizil.tr\/de\/haberler\/gundem\/yesil-sertifikali-bina-sifir-atikta-oncu-oldu\/#respond\"]}]},{\"@type\":\"WebPage\",\"@id\":\"https:\/\/denizcankizil.tr\/de\/haberler\/gundem\/yesil-sertifikali-bina-sifir-atikta-oncu-oldu\/\",\"url\":\"https:\/\/denizcankizil.tr\/de\/haberler\/gundem\/yesil-sertifikali-bina-sifir-atikta-oncu-oldu\/\",\"name\":\"Ye\u015fil sertifikal\u0131 bina 's\u0131f\u0131r at\u0131kta' \u00f6nc\u00fc oldu - Av. Deniz Can K\u0131z\u0131l\",\"isPartOf\":{\"@id\":\"https:\/\/denizcankizil.tr\/#website\"},\"datePublished\":\"2024-12-23T12:41:40+00:00\",\"breadcrumb\":{\"@id\":\"https:\/\/denizcankizil.tr\/de\/haberler\/gundem\/yesil-sertifikali-bina-sifir-atikta-oncu-oldu\/#breadcrumb\"},\"inLanguage\":\"de\",\"potentialAction\":[{\"@type\":\"ReadAction\",\"target\":[\"https:\/\/denizcankizil.tr\/de\/haberler\/gundem\/yesil-sertifikali-bina-sifir-atikta-oncu-oldu\/\"]}]},{\"@type\":\"BreadcrumbList\",\"@id\":\"https:\/\/denizcankizil.tr\/de\/haberler\/gundem\/yesil-sertifikali-bina-sifir-atikta-oncu-oldu\/#breadcrumb\",\"itemListElement\":[{\"@type\":\"ListItem\",\"position\":1,\"name\":\"Home\",\"item\":\"https:\/\/denizcankizil.tr\/de\/\"},{\"@type\":\"ListItem\",\"position\":2,\"name\":\"Ye\u015fil sertifikal\u0131 bina &#8216;s\u0131f\u0131r at\u0131kta&#8217; \u00f6nc\u00fc oldu\"}]},{\"@type\":\"WebSite\",\"@id\":\"https:\/\/denizcankizil.tr\/#website\",\"url\":\"https:\/\/denizcankizil.tr\/\",\"name\":\"Av. Deniz Can K\u0131z\u0131l\",\"description\":\"Avukat Deniz Can K\u0131z\u0131l Antalya Barosu\",\"publisher\":{\"@id\":\"https:\/\/denizcankizil.tr\/#organization\"},\"potentialAction\":[{\"@type\":\"SearchAction\",\"target\":{\"@type\":\"EntryPoint\",\"urlTemplate\":\"https:\/\/denizcankizil.tr\/?s={search_term_string}\"},\"query-input\":{\"@type\":\"PropertyValueSpecification\",\"valueRequired\":true,\"valueName\":\"search_term_string\"}}],\"inLanguage\":\"de\"},{\"@type\":\"Organization\",\"@id\":\"https:\/\/denizcankizil.tr\/#organization\",\"name\":\"Av. Deniz Can K\u0131z\u0131l\",\"url\":\"https:\/\/denizcankizil.tr\/\",\"logo\":{\"@type\":\"ImageObject\",\"inLanguage\":\"de\",\"@id\":\"https:\/\/denizcankizil.tr\/#\/schema\/logo\/image\/\",\"url\":\"https:\/\/denizcankizil.tr\/wp-content\/uploads\/2024\/10\/siyah-logo-svg.svg\",\"contentUrl\":\"https:\/\/denizcankizil.tr\/wp-content\/uploads\/2024\/10\/siyah-logo-svg.svg\",\"width\":1080,\"height\":1080,\"caption\":\"Av. Deniz Can K\u0131z\u0131l\"},\"image\":{\"@id\":\"https:\/\/denizcankizil.tr\/#\/schema\/logo\/image\/\"}}]}<\/script>\n<!-- \/ Yoast SEO Premium plugin. -->","yoast_head_json":{"title":"Ye\u015fil sertifikal\u0131 bina 's\u0131f\u0131r at\u0131kta' \u00f6nc\u00fc oldu - Av. Deniz Can K\u0131z\u0131l","robots":{"index":"index","follow":"follow","max-snippet":"max-snippet:-1","max-image-preview":"max-image-preview:large","max-video-preview":"max-video-preview:-1"},"canonical":"https:\/\/denizcankizil.tr\/de\/haberler\/gundem\/yesil-sertifikali-bina-sifir-atikta-oncu-oldu\/","og_locale":"de_DE","og_type":"article","og_title":"Ye\u015fil sertifikal\u0131 bina 's\u0131f\u0131r at\u0131kta' \u00f6nc\u00fc oldu","og_description":"\u00c7evre, \u015eehircilik ve \u0130klim De\u011fi\u015fikli\u011fi Bakanl\u0131\u011f\u0131, Cumhurba\u015fkan\u0131 Recep Tayyip Erdo\u011fan&#8217;\u0131n e\u015fi Emine Erdo\u011fan\u2019\u0131n himayelerinde 2017\u2019de ba\u015flat\u0131lan s\u0131f\u0131r at\u0131k uygulamalar\u0131 ve ye\u015fil sertifikal\u0131 binas\u0131yla \u00f6rnek te\u015fkil ediyor.ANKARA (\u0130GFA) &#8211; \u00c7evre, \u015eehircilik ve \u0130klim De\u011fi\u015fikli\u011fi Bakanl\u0131\u011f\u0131, S\u0131f\u0131r At\u0131k uygulamas\u0131n\u0131 ye\u015fil sertifikal\u0131 ana hizmet binas\u0131nda ba\u015far\u0131yla s\u00fcrd\u00fcr\u00fcyor.\u00a0 \u00c7evre Y\u00f6netimi Genel M\u00fcd\u00fcr Yard\u0131mc\u0131s\u0131 Haluk \u015eahin Yazg\u0131, bu uygulamalar\u0131n yaln\u0131zca Bakanl\u0131kla s\u0131n\u0131rl\u0131 kalmay\u0131p T\u00fcrkiye genelinde yayg\u0131nla\u015ft\u0131rmak i\u00e7in pilot illerde \u00e7al\u0131\u015fmalara ba\u015flad\u0131klar\u0131n\u0131 s\u00f6yledi. Bakanl\u0131\u011f\u0131n resmi internet sitesinde yer alan habere g\u00f6re, personelin bir g\u00fcn boyunca \u00e7\u0131kard\u0131\u011f\u0131 evsel at\u0131klar\u0131 cinslerine g\u00f6re ay\u0131rd\u0131klar\u0131n\u0131 belirten Yazg\u0131, \u201cBinan\u0131n her kat\u0131nda \u00fc\u00e7 farkl\u0131 b\u00f6l\u00fcmde bu at\u0131klar\u0131 de\u011ferlendiriyoruz. Birincisi, \u00e7ay ocaklar\u0131nda \u00e7ay ve kahve posalar\u0131n\u0131 de\u011ferlendirdi\u011fimiz ve sonunda komposta d\u00f6n\u00fc\u015fecek olan bir \u00fcnite mevcut. Ayn\u0131 zamanda koridorlarda alt\u0131 b\u00f6l\u00fcmden olu\u015fan toplama \u00fcniteleri var. Ambalaj at\u0131klar\u0131, ka\u011f\u0131tlar, cam, organik ve geri d\u00f6n\u00fc\u015ft\u00fcr\u00fclemeyen at\u0131klar olmak \u00fczere farkl\u0131 b\u00f6l\u00fcmlerde personelimizin g\u00fcn i\u00e7inde t\u00fcketti\u011fi at\u0131klar\u0131 ayr\u0131\u015ft\u0131r\u0131yoruz&#8221; dedi. \u201cORGAN\u0130K ATIKLAR G\u00dcBRE OLARAK BAH\u00c7ELERDE KULLANILIYOR\u201d At\u0131k pillerin de \u00f6zel olarak ayr\u0131\u015ft\u0131r\u0131ld\u0131\u011f\u0131n\u0131 belirten Yazg\u0131, yemekhanede de hem yeme\u011fin haz\u0131rl\u0131k a\u015famas\u0131nda hem de yemek sonras\u0131 at\u0131klar\u0131 ay\u0131rd\u0131klar\u0131n\u0131 ve depolama alanlar\u0131na getirdiklerini kaydetti. Depolama alanlar\u0131nda hangi cins at\u0131klar\u0131n al\u0131naca\u011f\u0131na yaz\u0131l\u0131 tabela oldu\u011funu ifade ederek, \u201cG\u00fcn boyunca \u00e7\u0131kan at\u0131klar\u0131 tart\u0131p de\u011ferlendirerek orada depoluyoruz. Ard\u0131ndan haftan\u0131n belli g\u00fcnlerinde lisansl\u0131 at\u0131k geri d\u00f6n\u00fc\u015f\u00fcm firmalar\u0131 &hellip;","og_url":"https:\/\/denizcankizil.tr\/de\/haberler\/gundem\/yesil-sertifikali-bina-sifir-atikta-oncu-oldu\/","og_site_name":"Av. Deniz Can K\u0131z\u0131l","article_published_time":"2024-12-23T12:41:40+00:00","twitter_card":"summary_large_image","twitter_misc":{"Gesch\u00e4tzte Lesezeit":"4\u00a0Minuten"},"schema":{"@context":"https:\/\/schema.org","@graph":[{"@type":"Article","@id":"https:\/\/denizcankizil.tr\/de\/haberler\/gundem\/yesil-sertifikali-bina-sifir-atikta-oncu-oldu\/#article","isPartOf":{"@id":"https:\/\/denizcankizil.tr\/de\/haberler\/gundem\/yesil-sertifikali-bina-sifir-atikta-oncu-oldu\/"},"author":{"name":"","@id":""},"headline":"Ye\u015fil sertifikal\u0131 bina &#8216;s\u0131f\u0131r at\u0131kta&#8217; \u00f6nc\u00fc oldu","datePublished":"2024-12-23T12:41:40+00:00","mainEntityOfPage":{"@id":"https:\/\/denizcankizil.tr\/de\/haberler\/gundem\/yesil-sertifikali-bina-sifir-atikta-oncu-oldu\/"},"wordCount":895,"commentCount":0,"publisher":{"@id":"https:\/\/denizcankizil.tr\/#organization"},"articleSection":["G\u00fcndem","Uncategorized"],"inLanguage":"de","potentialAction":[{"@type":"CommentAction","name":"Comment","target":["https:\/\/denizcankizil.tr\/de\/haberler\/gundem\/yesil-sertifikali-bina-sifir-atikta-oncu-oldu\/#respond"]}]},{"@type":"WebPage","@id":"https:\/\/denizcankizil.tr\/de\/haberler\/gundem\/yesil-sertifikali-bina-sifir-atikta-oncu-oldu\/","url":"https:\/\/denizcankizil.tr\/de\/haberler\/gundem\/yesil-sertifikali-bina-sifir-atikta-oncu-oldu\/","name":"Ye\u015fil sertifikal\u0131 bina 's\u0131f\u0131r at\u0131kta' \u00f6nc\u00fc oldu - Av. Deniz Can K\u0131z\u0131l","isPartOf":{"@id":"https:\/\/denizcankizil.tr\/#website"},"datePublished":"2024-12-23T12:41:40+00:00","breadcrumb":{"@id":"https:\/\/denizcankizil.tr\/de\/haberler\/gundem\/yesil-sertifikali-bina-sifir-atikta-oncu-oldu\/#breadcrumb"},"inLanguage":"de","potentialAction":[{"@type":"ReadAction","target":["https:\/\/denizcankizil.tr\/de\/haberler\/gundem\/yesil-sertifikali-bina-sifir-atikta-oncu-oldu\/"]}]},{"@type":"BreadcrumbList","@id":"https:\/\/denizcankizil.tr\/de\/haberler\/gundem\/yesil-sertifikali-bina-sifir-atikta-oncu-oldu\/#breadcrumb","itemListElement":[{"@type":"ListItem","position":1,"name":"Home","item":"https:\/\/denizcankizil.tr\/de\/"},{"@type":"ListItem","position":2,"name":"Ye\u015fil sertifikal\u0131 bina &#8216;s\u0131f\u0131r at\u0131kta&#8217; \u00f6nc\u00fc oldu"}]},{"@type":"WebSite","@id":"https:\/\/denizcankizil.tr\/#website","url":"https:\/\/denizcankizil.tr\/","name":"Av. Deniz Can K\u0131z\u0131l","description":"Avukat Deniz Can K\u0131z\u0131l Antalya Barosu","publisher":{"@id":"https:\/\/denizcankizil.tr\/#organization"},"potentialAction":[{"@type":"SearchAction","target":{"@type":"EntryPoint","urlTemplate":"https:\/\/denizcankizil.tr\/?s={search_term_string}"},"query-input":{"@type":"PropertyValueSpecification","valueRequired":true,"valueName":"search_term_string"}}],"inLanguage":"de"},{"@type":"Organization","@id":"https:\/\/denizcankizil.tr\/#organization","name":"Av. Deniz Can K\u0131z\u0131l","url":"https:\/\/denizcankizil.tr\/","logo":{"@type":"ImageObject","inLanguage":"de","@id":"https:\/\/denizcankizil.tr\/#\/schema\/logo\/image\/","url":"https:\/\/denizcankizil.tr\/wp-content\/uploads\/2024\/10\/siyah-logo-svg.svg","contentUrl":"https:\/\/denizcankizil.tr\/wp-content\/uploads\/2024\/10\/siyah-logo-svg.svg","width":1080,"height":1080,"caption":"Av. Deniz Can K\u0131z\u0131l"},"image":{"@id":"https:\/\/denizcankizil.tr\/#\/schema\/logo\/image\/"}}]}},"_links":{"self":[{"href":"https:\/\/denizcankizil.tr\/de\/wp-json\/wp\/v2\/posts\/21886","targetHints":{"allow":["GET"]}}],"collection":[{"href":"https:\/\/denizcankizil.tr\/de\/wp-json\/wp\/v2\/posts"}],"about":[{"href":"https:\/\/denizcankizil.tr\/de\/wp-json\/wp\/v2\/types\/post"}],"replies":[{"embeddable":true,"href":"https:\/\/denizcankizil.tr\/de\/wp-json\/wp\/v2\/comments?post=21886"}],"version-history":[{"count":0,"href":"https:\/\/denizcankizil.tr\/de\/wp-json\/wp\/v2\/posts\/21886\/revisions"}],"wp:attachment":[{"href":"https:\/\/denizcankizil.tr\/de\/wp-json\/wp\/v2\/media?parent=21886"}],"wp:term":[{"taxonomy":"category","embeddable":true,"href":"https:\/\/denizcankizil.tr\/de\/wp-json\/wp\/v2\/categories?post=21886"},{"taxonomy":"post_tag","embeddable":true,"href":"https:\/\/denizcankizil.tr\/de\/wp-json\/wp\/v2\/tags?post=21886"}],"curies":[{"name":"wp","href":"https:\/\/api.w.org\/{rel}","templated":true}]}}