{"id":21600,"date":"2024-12-21T10:41:34","date_gmt":"2024-12-21T07:41:34","guid":{"rendered":"https:\/\/denizcankizil.tr\/uncategorized-tr\/sgk-antalya-il-muduru-mehmet-tanriover-hizmet-odakli-bir-anlayis-sergileyecegiz\/"},"modified":"2024-12-21T10:41:34","modified_gmt":"2024-12-21T07:41:34","slug":"sgk-antalya-il-muduru-mehmet-tanriover-hizmet-odakli-bir-anlayis-sergileyecegiz","status":"publish","type":"post","link":"https:\/\/denizcankizil.tr\/de\/haberler\/gundem\/sgk-antalya-il-muduru-mehmet-tanriover-hizmet-odakli-bir-anlayis-sergileyecegiz\/","title":{"rendered":"SGK Antalya \u0130l M\u00fcd\u00fcr\u00fc Mehmet Tanr\u0131\u00f6ver: Hizmet odakl\u0131 bir anlay\u0131\u015f sergileyece\u011fiz"},"content":{"rendered":"<p>Bir s\u00fcre \u00f6nce Antalya Sosyal G\u00fcvenlik Kurumu \u0130l M\u00fcd\u00fcrl\u00fc\u011f\u00fc\u2019ne atanan Mehmet Tanr\u0131\u00f6ver, Ak Parti, Muratpa\u015fa \u0130l\u00e7e Ba\u015fkanl\u0131\u011f\u0131n\u0131 ziyaret etti. Ziyarette Muratpa\u015fa \u0130l\u00e7e Ba\u015fkan\u0131 Tuncay Hayta ile \u00e7al\u0131\u015fmalar hakk\u0131nda sohbet eden SGK Antalya \u0130l M\u00fcd\u00fcr\u00fc Mehmet Tanr\u0131\u00f6ver, \u015fehrin tamam\u0131nda vatanda\u015flar\u0131 h\u0131zl\u0131 bir \u015fekilde hizmet vereceklerini anlatt\u0131.\u00a0<\/p>\n<p>AL\u0130 DURU\u2019NUN YER\u0130NE ATANMI\u015eTI<\/p>\n<p>Bir s\u00fcre \u00f6nce g\u00f6revden al\u0131nan SGK Antalya \u0130l M\u00fcd\u00fcr\u00fc Ali Duru\u2019nun yerine Sosyal G\u00fcvenlik Kurumu\u2019nda \u0130\u00e7 Kontrol Daire Ba\u015fkan\u0131 olarak g\u00f6rev yapan Mehmet Tanr\u0131\u00f6ver getirildi. Ataman\u0131n ard\u0131ndan \u00e7al\u0131\u015fmalar\u0131na h\u0131zl\u0131 bir \u015fekilde ba\u015flayan Tanr\u0131\u00f6ver, Antalya\u2019n\u0131n tamam\u0131nda SGK\u2019y\u0131 ilgilendiren t\u00fcm i\u015flemlerin k\u0131sa s\u00fcre i\u00e7erisinde tamamlanaca\u011f\u0131n\u0131 a\u00e7\u0131klad\u0131. Ak Parti Muratpa\u015fa \u0130l\u00e7e Ba\u015fkan\u0131 Tuncay Hayta\u2019ya iade-i ziyarette bulunan Tanr\u0131\u00f6ver, SGK\u2019n\u0131n Antalya\u2019da 19 il\u00e7enin tamam\u0131nda i\u015flevini en iyi \u015fekilde yerine getireceklerini anlatt\u0131.\u00a0<\/p>\n<p>BA\u015eARILAR D\u0130LED\u0130<\/p>\n<p>Sohbet havas\u0131nda ge\u00e7en iade-i ziyarette konu\u015fan Ak Parti Muratpa\u015fa \u0130l\u00e7e Ba\u015fkan\u0131 Tuncay Hayta ise SGK \u0130l M\u00fcd\u00fcr\u00fc Mehmet Tanr\u0131\u00f6ver\u2019e \u00e7al\u0131\u015fmalar\u0131nda ba\u015far\u0131lar diledi. Hayta, \u201cSGK Antalya \u0130l M\u00fcd\u00fcrl\u00fc\u011f\u00fcne atanan Mehmet Tanr\u0131\u00f6ver\u2019e ve t\u00fcm SGK personellerine \u00e7al\u0131\u015fmalar\u0131nda ba\u015far\u0131 ve kolayl\u0131klar diliyorum\u201d diye konu\u015ftu.<\/p>\n<p>\u00a0<\/p>\n<p>\u200bAntalya\u2019da SGK \u0130l M\u00fcd\u00fcr\u00fc Mehmet Tanr\u0131\u00f6ver, Ak Parti Muratpa\u015fa \u0130l\u00e7e Ba\u015fkan\u0131 Tuncay Hayta\u2019ya iade-i ziyarette bulundu. Tanr\u0131\u00f6ver ziyarette yapt\u0131\u011f\u0131 konu\u015fmas\u0131nda, \u201cHizmet odakl\u0131 bir anlay\u0131\u015fla Antalya\u2019da \u00e7al\u0131\u015fmalar\u0131m\u0131z\u0131 s\u00fcrd\u00fcrece\u011fiz\u201d dedi\u00a0<\/p>\n<p>\u200bHaberin Al\u0131nt\u0131land\u0131\u011f\u0131 Kaynak: www.antalyakorfez.com<\/p>","protected":false},"excerpt":{"rendered":"<p>Bir s\u00fcre \u00f6nce Antalya Sosyal G\u00fcvenlik Kurumu \u0130l M\u00fcd\u00fcrl\u00fc\u011f\u00fc\u2019ne atanan Mehmet Tanr\u0131\u00f6ver, Ak Parti, Muratpa\u015fa \u0130l\u00e7e Ba\u015fkanl\u0131\u011f\u0131n\u0131 ziyaret etti. Ziyarette Muratpa\u015fa \u0130l\u00e7e Ba\u015fkan\u0131 Tuncay Hayta ile \u00e7al\u0131\u015fmalar hakk\u0131nda sohbet eden SGK Antalya \u0130l M\u00fcd\u00fcr\u00fc Mehmet Tanr\u0131\u00f6ver, \u015fehrin tamam\u0131nda vatanda\u015flar\u0131 h\u0131zl\u0131 bir \u015fekilde hizmet vereceklerini anlatt\u0131.\u00a0 AL\u0130 DURU\u2019NUN YER\u0130NE ATANMI\u015eTI Bir s\u00fcre \u00f6nce g\u00f6revden al\u0131nan SGK Antalya \u0130l M\u00fcd\u00fcr\u00fc Ali Duru\u2019nun yerine Sosyal G\u00fcvenlik Kurumu\u2019nda \u0130\u00e7 Kontrol Daire Ba\u015fkan\u0131 olarak g\u00f6rev yapan Mehmet Tanr\u0131\u00f6ver getirildi. Ataman\u0131n ard\u0131ndan \u00e7al\u0131\u015fmalar\u0131na h\u0131zl\u0131 bir \u015fekilde ba\u015flayan Tanr\u0131\u00f6ver, Antalya\u2019n\u0131n tamam\u0131nda SGK\u2019y\u0131 ilgilendiren t\u00fcm i\u015flemlerin k\u0131sa s\u00fcre i\u00e7erisinde tamamlanaca\u011f\u0131n\u0131 a\u00e7\u0131klad\u0131. Ak Parti Muratpa\u015fa \u0130l\u00e7e Ba\u015fkan\u0131 Tuncay Hayta\u2019ya iade-i ziyarette bulunan Tanr\u0131\u00f6ver, SGK\u2019n\u0131n Antalya\u2019da 19 il\u00e7enin tamam\u0131nda i\u015flevini en iyi \u015fekilde yerine getireceklerini anlatt\u0131.\u00a0 BA\u015eARILAR D\u0130LED\u0130 Sohbet havas\u0131nda ge\u00e7en iade-i ziyarette konu\u015fan Ak Parti Muratpa\u015fa \u0130l\u00e7e Ba\u015fkan\u0131 Tuncay Hayta ise SGK \u0130l M\u00fcd\u00fcr\u00fc Mehmet Tanr\u0131\u00f6ver\u2019e \u00e7al\u0131\u015fmalar\u0131nda ba\u015far\u0131lar diledi. Hayta, \u201cSGK Antalya \u0130l M\u00fcd\u00fcrl\u00fc\u011f\u00fcne atanan Mehmet Tanr\u0131\u00f6ver\u2019e ve t\u00fcm SGK personellerine \u00e7al\u0131\u015fmalar\u0131nda ba\u015far\u0131 ve kolayl\u0131klar diliyorum\u201d diye konu\u015ftu. \u00a0 \u200bAntalya\u2019da SGK \u0130l M\u00fcd\u00fcr\u00fc Mehmet Tanr\u0131\u00f6ver, Ak Parti Muratpa\u015fa \u0130l\u00e7e Ba\u015fkan\u0131 Tuncay Hayta\u2019ya iade-i ziyarette bulundu. Tanr\u0131\u00f6ver ziyarette yapt\u0131\u011f\u0131 konu\u015fmas\u0131nda, \u201cHizmet odakl\u0131 bir anlay\u0131\u015fla Antalya\u2019da \u00e7al\u0131\u015fmalar\u0131m\u0131z\u0131 s\u00fcrd\u00fcrece\u011fiz\u201d dedi\u00a0 \u200bHaberin Al\u0131nt\u0131land\u0131\u011f\u0131 Kaynak: www.antalyakorfez.com<\/p>","protected":false},"author":0,"featured_media":0,"comment_status":"open","ping_status":"open","sticky":false,"template":"","format":"standard","meta":{"_acf_changed":false,"footnotes":""},"categories":[24,535],"tags":[],"class_list":["post-21600","post","type-post","status-publish","format-standard","has-post-thumbnail","hentry","category-gundem","category-uncategorized-tr"],"acf":[],"yoast_head":"<!-- This site is optimized with the Yoast SEO Premium plugin v26.6 (Yoast SEO v27.1.1) - https:\/\/yoast.com\/product\/yoast-seo-premium-wordpress\/ -->\n<title>SGK Antalya \u0130l M\u00fcd\u00fcr\u00fc Mehmet Tanr\u0131\u00f6ver: Hizmet odakl\u0131 bir anlay\u0131\u015f sergileyece\u011fiz - Av. Deniz Can K\u0131z\u0131l<\/title>\n<meta name=\"robots\" content=\"index, follow, max-snippet:-1, max-image-preview:large, max-video-preview:-1\" \/>\n<link rel=\"canonical\" href=\"https:\/\/denizcankizil.tr\/de\/haberler\/gundem\/sgk-antalya-il-muduru-mehmet-tanriover-hizmet-odakli-bir-anlayis-sergileyecegiz\/\" \/>\n<meta property=\"og:locale\" content=\"de_DE\" \/>\n<meta property=\"og:type\" content=\"article\" \/>\n<meta property=\"og:title\" content=\"SGK Antalya \u0130l M\u00fcd\u00fcr\u00fc Mehmet Tanr\u0131\u00f6ver: Hizmet odakl\u0131 bir anlay\u0131\u015f sergileyece\u011fiz\" \/>\n<meta property=\"og:description\" content=\"Bir s\u00fcre \u00f6nce Antalya Sosyal G\u00fcvenlik Kurumu \u0130l M\u00fcd\u00fcrl\u00fc\u011f\u00fc\u2019ne atanan Mehmet Tanr\u0131\u00f6ver, Ak Parti, Muratpa\u015fa \u0130l\u00e7e Ba\u015fkanl\u0131\u011f\u0131n\u0131 ziyaret etti. Ziyarette Muratpa\u015fa \u0130l\u00e7e Ba\u015fkan\u0131 Tuncay Hayta ile \u00e7al\u0131\u015fmalar hakk\u0131nda sohbet eden SGK Antalya \u0130l M\u00fcd\u00fcr\u00fc Mehmet Tanr\u0131\u00f6ver, \u015fehrin tamam\u0131nda vatanda\u015flar\u0131 h\u0131zl\u0131 bir \u015fekilde hizmet vereceklerini anlatt\u0131.\u00a0 AL\u0130 DURU\u2019NUN YER\u0130NE ATANMI\u015eTI Bir s\u00fcre \u00f6nce g\u00f6revden al\u0131nan SGK Antalya \u0130l M\u00fcd\u00fcr\u00fc Ali Duru\u2019nun yerine Sosyal G\u00fcvenlik Kurumu\u2019nda \u0130\u00e7 Kontrol Daire Ba\u015fkan\u0131 olarak g\u00f6rev yapan Mehmet Tanr\u0131\u00f6ver getirildi. Ataman\u0131n ard\u0131ndan \u00e7al\u0131\u015fmalar\u0131na h\u0131zl\u0131 bir \u015fekilde ba\u015flayan Tanr\u0131\u00f6ver, Antalya\u2019n\u0131n tamam\u0131nda SGK\u2019y\u0131 ilgilendiren t\u00fcm i\u015flemlerin k\u0131sa s\u00fcre i\u00e7erisinde tamamlanaca\u011f\u0131n\u0131 a\u00e7\u0131klad\u0131. Ak Parti Muratpa\u015fa \u0130l\u00e7e Ba\u015fkan\u0131 Tuncay Hayta\u2019ya iade-i ziyarette bulunan Tanr\u0131\u00f6ver, SGK\u2019n\u0131n Antalya\u2019da 19 il\u00e7enin tamam\u0131nda i\u015flevini en iyi \u015fekilde yerine getireceklerini anlatt\u0131.\u00a0 BA\u015eARILAR D\u0130LED\u0130 Sohbet havas\u0131nda ge\u00e7en iade-i ziyarette konu\u015fan Ak Parti Muratpa\u015fa \u0130l\u00e7e Ba\u015fkan\u0131 Tuncay Hayta ise SGK \u0130l M\u00fcd\u00fcr\u00fc Mehmet Tanr\u0131\u00f6ver\u2019e \u00e7al\u0131\u015fmalar\u0131nda ba\u015far\u0131lar diledi. Hayta, \u201cSGK Antalya \u0130l M\u00fcd\u00fcrl\u00fc\u011f\u00fcne atanan Mehmet Tanr\u0131\u00f6ver\u2019e ve t\u00fcm SGK personellerine \u00e7al\u0131\u015fmalar\u0131nda ba\u015far\u0131 ve kolayl\u0131klar diliyorum\u201d diye konu\u015ftu. \u00a0 \u200bAntalya\u2019da SGK \u0130l M\u00fcd\u00fcr\u00fc Mehmet Tanr\u0131\u00f6ver, Ak Parti Muratpa\u015fa \u0130l\u00e7e Ba\u015fkan\u0131 Tuncay Hayta\u2019ya iade-i ziyarette bulundu. Tanr\u0131\u00f6ver ziyarette yapt\u0131\u011f\u0131 konu\u015fmas\u0131nda, \u201cHizmet odakl\u0131 bir anlay\u0131\u015fla Antalya\u2019da \u00e7al\u0131\u015fmalar\u0131m\u0131z\u0131 s\u00fcrd\u00fcrece\u011fiz\u201d dedi\u00a0 \u200bHaberin Al\u0131nt\u0131land\u0131\u011f\u0131 Kaynak: www.antalyakorfez.com\" \/>\n<meta property=\"og:url\" content=\"https:\/\/denizcankizil.tr\/de\/haberler\/gundem\/sgk-antalya-il-muduru-mehmet-tanriover-hizmet-odakli-bir-anlayis-sergileyecegiz\/\" \/>\n<meta property=\"og:site_name\" content=\"Av. Deniz Can K\u0131z\u0131l\" \/>\n<meta property=\"article:published_time\" content=\"2024-12-21T07:41:34+00:00\" \/>\n<meta name=\"twitter:card\" content=\"summary_large_image\" \/>\n<meta name=\"twitter:label1\" content=\"Gesch\u00e4tzte Lesezeit\" \/>\n\t<meta name=\"twitter:data1\" content=\"2\u00a0Minuten\" \/>\n<script type=\"application\/ld+json\" class=\"yoast-schema-graph\">{\"@context\":\"https:\/\/schema.org\",\"@graph\":[{\"@type\":\"Article\",\"@id\":\"https:\/\/denizcankizil.tr\/de\/haberler\/gundem\/sgk-antalya-il-muduru-mehmet-tanriover-hizmet-odakli-bir-anlayis-sergileyecegiz\/#article\",\"isPartOf\":{\"@id\":\"https:\/\/denizcankizil.tr\/de\/haberler\/gundem\/sgk-antalya-il-muduru-mehmet-tanriover-hizmet-odakli-bir-anlayis-sergileyecegiz\/\"},\"author\":{\"name\":\"\",\"@id\":\"\"},\"headline\":\"SGK Antalya \u0130l M\u00fcd\u00fcr\u00fc Mehmet Tanr\u0131\u00f6ver: Hizmet odakl\u0131 bir anlay\u0131\u015f sergileyece\u011fiz\",\"datePublished\":\"2024-12-21T07:41:34+00:00\",\"mainEntityOfPage\":{\"@id\":\"https:\/\/denizcankizil.tr\/de\/haberler\/gundem\/sgk-antalya-il-muduru-mehmet-tanriover-hizmet-odakli-bir-anlayis-sergileyecegiz\/\"},\"wordCount\":318,\"commentCount\":0,\"publisher\":{\"@id\":\"https:\/\/denizcankizil.tr\/#organization\"},\"articleSection\":[\"G\u00fcndem\",\"Uncategorized\"],\"inLanguage\":\"de\",\"potentialAction\":[{\"@type\":\"CommentAction\",\"name\":\"Comment\",\"target\":[\"https:\/\/denizcankizil.tr\/de\/haberler\/gundem\/sgk-antalya-il-muduru-mehmet-tanriover-hizmet-odakli-bir-anlayis-sergileyecegiz\/#respond\"]}]},{\"@type\":\"WebPage\",\"@id\":\"https:\/\/denizcankizil.tr\/de\/haberler\/gundem\/sgk-antalya-il-muduru-mehmet-tanriover-hizmet-odakli-bir-anlayis-sergileyecegiz\/\",\"url\":\"https:\/\/denizcankizil.tr\/de\/haberler\/gundem\/sgk-antalya-il-muduru-mehmet-tanriover-hizmet-odakli-bir-anlayis-sergileyecegiz\/\",\"name\":\"SGK Antalya \u0130l M\u00fcd\u00fcr\u00fc Mehmet Tanr\u0131\u00f6ver: Hizmet odakl\u0131 bir anlay\u0131\u015f sergileyece\u011fiz - Av. Deniz Can K\u0131z\u0131l\",\"isPartOf\":{\"@id\":\"https:\/\/denizcankizil.tr\/#website\"},\"datePublished\":\"2024-12-21T07:41:34+00:00\",\"breadcrumb\":{\"@id\":\"https:\/\/denizcankizil.tr\/de\/haberler\/gundem\/sgk-antalya-il-muduru-mehmet-tanriover-hizmet-odakli-bir-anlayis-sergileyecegiz\/#breadcrumb\"},\"inLanguage\":\"de\",\"potentialAction\":[{\"@type\":\"ReadAction\",\"target\":[\"https:\/\/denizcankizil.tr\/de\/haberler\/gundem\/sgk-antalya-il-muduru-mehmet-tanriover-hizmet-odakli-bir-anlayis-sergileyecegiz\/\"]}]},{\"@type\":\"BreadcrumbList\",\"@id\":\"https:\/\/denizcankizil.tr\/de\/haberler\/gundem\/sgk-antalya-il-muduru-mehmet-tanriover-hizmet-odakli-bir-anlayis-sergileyecegiz\/#breadcrumb\",\"itemListElement\":[{\"@type\":\"ListItem\",\"position\":1,\"name\":\"Home\",\"item\":\"https:\/\/denizcankizil.tr\/de\/\"},{\"@type\":\"ListItem\",\"position\":2,\"name\":\"SGK Antalya \u0130l M\u00fcd\u00fcr\u00fc Mehmet Tanr\u0131\u00f6ver: Hizmet odakl\u0131 bir anlay\u0131\u015f sergileyece\u011fiz\"}]},{\"@type\":\"WebSite\",\"@id\":\"https:\/\/denizcankizil.tr\/#website\",\"url\":\"https:\/\/denizcankizil.tr\/\",\"name\":\"Av. Deniz Can K\u0131z\u0131l\",\"description\":\"Avukat Deniz Can K\u0131z\u0131l Antalya Barosu\",\"publisher\":{\"@id\":\"https:\/\/denizcankizil.tr\/#organization\"},\"potentialAction\":[{\"@type\":\"SearchAction\",\"target\":{\"@type\":\"EntryPoint\",\"urlTemplate\":\"https:\/\/denizcankizil.tr\/?s={search_term_string}\"},\"query-input\":{\"@type\":\"PropertyValueSpecification\",\"valueRequired\":true,\"valueName\":\"search_term_string\"}}],\"inLanguage\":\"de\"},{\"@type\":\"Organization\",\"@id\":\"https:\/\/denizcankizil.tr\/#organization\",\"name\":\"Av. Deniz Can K\u0131z\u0131l\",\"url\":\"https:\/\/denizcankizil.tr\/\",\"logo\":{\"@type\":\"ImageObject\",\"inLanguage\":\"de\",\"@id\":\"https:\/\/denizcankizil.tr\/#\/schema\/logo\/image\/\",\"url\":\"https:\/\/denizcankizil.tr\/wp-content\/uploads\/2024\/10\/siyah-logo-svg.svg\",\"contentUrl\":\"https:\/\/denizcankizil.tr\/wp-content\/uploads\/2024\/10\/siyah-logo-svg.svg\",\"width\":1080,\"height\":1080,\"caption\":\"Av. Deniz Can K\u0131z\u0131l\"},\"image\":{\"@id\":\"https:\/\/denizcankizil.tr\/#\/schema\/logo\/image\/\"}}]}<\/script>\n<!-- \/ Yoast SEO Premium plugin. -->","yoast_head_json":{"title":"SGK Antalya \u0130l M\u00fcd\u00fcr\u00fc Mehmet Tanr\u0131\u00f6ver: Hizmet odakl\u0131 bir anlay\u0131\u015f sergileyece\u011fiz - Av. Deniz Can K\u0131z\u0131l","robots":{"index":"index","follow":"follow","max-snippet":"max-snippet:-1","max-image-preview":"max-image-preview:large","max-video-preview":"max-video-preview:-1"},"canonical":"https:\/\/denizcankizil.tr\/de\/haberler\/gundem\/sgk-antalya-il-muduru-mehmet-tanriover-hizmet-odakli-bir-anlayis-sergileyecegiz\/","og_locale":"de_DE","og_type":"article","og_title":"SGK Antalya \u0130l M\u00fcd\u00fcr\u00fc Mehmet Tanr\u0131\u00f6ver: Hizmet odakl\u0131 bir anlay\u0131\u015f sergileyece\u011fiz","og_description":"Bir s\u00fcre \u00f6nce Antalya Sosyal G\u00fcvenlik Kurumu \u0130l M\u00fcd\u00fcrl\u00fc\u011f\u00fc\u2019ne atanan Mehmet Tanr\u0131\u00f6ver, Ak Parti, Muratpa\u015fa \u0130l\u00e7e Ba\u015fkanl\u0131\u011f\u0131n\u0131 ziyaret etti. Ziyarette Muratpa\u015fa \u0130l\u00e7e Ba\u015fkan\u0131 Tuncay Hayta ile \u00e7al\u0131\u015fmalar hakk\u0131nda sohbet eden SGK Antalya \u0130l M\u00fcd\u00fcr\u00fc Mehmet Tanr\u0131\u00f6ver, \u015fehrin tamam\u0131nda vatanda\u015flar\u0131 h\u0131zl\u0131 bir \u015fekilde hizmet vereceklerini anlatt\u0131.\u00a0 AL\u0130 DURU\u2019NUN YER\u0130NE ATANMI\u015eTI Bir s\u00fcre \u00f6nce g\u00f6revden al\u0131nan SGK Antalya \u0130l M\u00fcd\u00fcr\u00fc Ali Duru\u2019nun yerine Sosyal G\u00fcvenlik Kurumu\u2019nda \u0130\u00e7 Kontrol Daire Ba\u015fkan\u0131 olarak g\u00f6rev yapan Mehmet Tanr\u0131\u00f6ver getirildi. Ataman\u0131n ard\u0131ndan \u00e7al\u0131\u015fmalar\u0131na h\u0131zl\u0131 bir \u015fekilde ba\u015flayan Tanr\u0131\u00f6ver, Antalya\u2019n\u0131n tamam\u0131nda SGK\u2019y\u0131 ilgilendiren t\u00fcm i\u015flemlerin k\u0131sa s\u00fcre i\u00e7erisinde tamamlanaca\u011f\u0131n\u0131 a\u00e7\u0131klad\u0131. Ak Parti Muratpa\u015fa \u0130l\u00e7e Ba\u015fkan\u0131 Tuncay Hayta\u2019ya iade-i ziyarette bulunan Tanr\u0131\u00f6ver, SGK\u2019n\u0131n Antalya\u2019da 19 il\u00e7enin tamam\u0131nda i\u015flevini en iyi \u015fekilde yerine getireceklerini anlatt\u0131.\u00a0 BA\u015eARILAR D\u0130LED\u0130 Sohbet havas\u0131nda ge\u00e7en iade-i ziyarette konu\u015fan Ak Parti Muratpa\u015fa \u0130l\u00e7e Ba\u015fkan\u0131 Tuncay Hayta ise SGK \u0130l M\u00fcd\u00fcr\u00fc Mehmet Tanr\u0131\u00f6ver\u2019e \u00e7al\u0131\u015fmalar\u0131nda ba\u015far\u0131lar diledi. Hayta, \u201cSGK Antalya \u0130l M\u00fcd\u00fcrl\u00fc\u011f\u00fcne atanan Mehmet Tanr\u0131\u00f6ver\u2019e ve t\u00fcm SGK personellerine \u00e7al\u0131\u015fmalar\u0131nda ba\u015far\u0131 ve kolayl\u0131klar diliyorum\u201d diye konu\u015ftu. \u00a0 \u200bAntalya\u2019da SGK \u0130l M\u00fcd\u00fcr\u00fc Mehmet Tanr\u0131\u00f6ver, Ak Parti Muratpa\u015fa \u0130l\u00e7e Ba\u015fkan\u0131 Tuncay Hayta\u2019ya iade-i ziyarette bulundu. Tanr\u0131\u00f6ver ziyarette yapt\u0131\u011f\u0131 konu\u015fmas\u0131nda, \u201cHizmet odakl\u0131 bir anlay\u0131\u015fla Antalya\u2019da \u00e7al\u0131\u015fmalar\u0131m\u0131z\u0131 s\u00fcrd\u00fcrece\u011fiz\u201d dedi\u00a0 \u200bHaberin Al\u0131nt\u0131land\u0131\u011f\u0131 Kaynak: www.antalyakorfez.com","og_url":"https:\/\/denizcankizil.tr\/de\/haberler\/gundem\/sgk-antalya-il-muduru-mehmet-tanriover-hizmet-odakli-bir-anlayis-sergileyecegiz\/","og_site_name":"Av. Deniz Can K\u0131z\u0131l","article_published_time":"2024-12-21T07:41:34+00:00","twitter_card":"summary_large_image","twitter_misc":{"Gesch\u00e4tzte Lesezeit":"2\u00a0Minuten"},"schema":{"@context":"https:\/\/schema.org","@graph":[{"@type":"Article","@id":"https:\/\/denizcankizil.tr\/de\/haberler\/gundem\/sgk-antalya-il-muduru-mehmet-tanriover-hizmet-odakli-bir-anlayis-sergileyecegiz\/#article","isPartOf":{"@id":"https:\/\/denizcankizil.tr\/de\/haberler\/gundem\/sgk-antalya-il-muduru-mehmet-tanriover-hizmet-odakli-bir-anlayis-sergileyecegiz\/"},"author":{"name":"","@id":""},"headline":"SGK Antalya \u0130l M\u00fcd\u00fcr\u00fc Mehmet Tanr\u0131\u00f6ver: Hizmet odakl\u0131 bir anlay\u0131\u015f sergileyece\u011fiz","datePublished":"2024-12-21T07:41:34+00:00","mainEntityOfPage":{"@id":"https:\/\/denizcankizil.tr\/de\/haberler\/gundem\/sgk-antalya-il-muduru-mehmet-tanriover-hizmet-odakli-bir-anlayis-sergileyecegiz\/"},"wordCount":318,"commentCount":0,"publisher":{"@id":"https:\/\/denizcankizil.tr\/#organization"},"articleSection":["G\u00fcndem","Uncategorized"],"inLanguage":"de","potentialAction":[{"@type":"CommentAction","name":"Comment","target":["https:\/\/denizcankizil.tr\/de\/haberler\/gundem\/sgk-antalya-il-muduru-mehmet-tanriover-hizmet-odakli-bir-anlayis-sergileyecegiz\/#respond"]}]},{"@type":"WebPage","@id":"https:\/\/denizcankizil.tr\/de\/haberler\/gundem\/sgk-antalya-il-muduru-mehmet-tanriover-hizmet-odakli-bir-anlayis-sergileyecegiz\/","url":"https:\/\/denizcankizil.tr\/de\/haberler\/gundem\/sgk-antalya-il-muduru-mehmet-tanriover-hizmet-odakli-bir-anlayis-sergileyecegiz\/","name":"SGK Antalya \u0130l M\u00fcd\u00fcr\u00fc Mehmet Tanr\u0131\u00f6ver: Hizmet odakl\u0131 bir anlay\u0131\u015f sergileyece\u011fiz - Av. Deniz Can K\u0131z\u0131l","isPartOf":{"@id":"https:\/\/denizcankizil.tr\/#website"},"datePublished":"2024-12-21T07:41:34+00:00","breadcrumb":{"@id":"https:\/\/denizcankizil.tr\/de\/haberler\/gundem\/sgk-antalya-il-muduru-mehmet-tanriover-hizmet-odakli-bir-anlayis-sergileyecegiz\/#breadcrumb"},"inLanguage":"de","potentialAction":[{"@type":"ReadAction","target":["https:\/\/denizcankizil.tr\/de\/haberler\/gundem\/sgk-antalya-il-muduru-mehmet-tanriover-hizmet-odakli-bir-anlayis-sergileyecegiz\/"]}]},{"@type":"BreadcrumbList","@id":"https:\/\/denizcankizil.tr\/de\/haberler\/gundem\/sgk-antalya-il-muduru-mehmet-tanriover-hizmet-odakli-bir-anlayis-sergileyecegiz\/#breadcrumb","itemListElement":[{"@type":"ListItem","position":1,"name":"Home","item":"https:\/\/denizcankizil.tr\/de\/"},{"@type":"ListItem","position":2,"name":"SGK Antalya \u0130l M\u00fcd\u00fcr\u00fc Mehmet Tanr\u0131\u00f6ver: Hizmet odakl\u0131 bir anlay\u0131\u015f sergileyece\u011fiz"}]},{"@type":"WebSite","@id":"https:\/\/denizcankizil.tr\/#website","url":"https:\/\/denizcankizil.tr\/","name":"Av. Deniz Can K\u0131z\u0131l","description":"Avukat Deniz Can K\u0131z\u0131l Antalya Barosu","publisher":{"@id":"https:\/\/denizcankizil.tr\/#organization"},"potentialAction":[{"@type":"SearchAction","target":{"@type":"EntryPoint","urlTemplate":"https:\/\/denizcankizil.tr\/?s={search_term_string}"},"query-input":{"@type":"PropertyValueSpecification","valueRequired":true,"valueName":"search_term_string"}}],"inLanguage":"de"},{"@type":"Organization","@id":"https:\/\/denizcankizil.tr\/#organization","name":"Av. Deniz Can K\u0131z\u0131l","url":"https:\/\/denizcankizil.tr\/","logo":{"@type":"ImageObject","inLanguage":"de","@id":"https:\/\/denizcankizil.tr\/#\/schema\/logo\/image\/","url":"https:\/\/denizcankizil.tr\/wp-content\/uploads\/2024\/10\/siyah-logo-svg.svg","contentUrl":"https:\/\/denizcankizil.tr\/wp-content\/uploads\/2024\/10\/siyah-logo-svg.svg","width":1080,"height":1080,"caption":"Av. Deniz Can K\u0131z\u0131l"},"image":{"@id":"https:\/\/denizcankizil.tr\/#\/schema\/logo\/image\/"}}]}},"_links":{"self":[{"href":"https:\/\/denizcankizil.tr\/de\/wp-json\/wp\/v2\/posts\/21600","targetHints":{"allow":["GET"]}}],"collection":[{"href":"https:\/\/denizcankizil.tr\/de\/wp-json\/wp\/v2\/posts"}],"about":[{"href":"https:\/\/denizcankizil.tr\/de\/wp-json\/wp\/v2\/types\/post"}],"replies":[{"embeddable":true,"href":"https:\/\/denizcankizil.tr\/de\/wp-json\/wp\/v2\/comments?post=21600"}],"version-history":[{"count":0,"href":"https:\/\/denizcankizil.tr\/de\/wp-json\/wp\/v2\/posts\/21600\/revisions"}],"wp:attachment":[{"href":"https:\/\/denizcankizil.tr\/de\/wp-json\/wp\/v2\/media?parent=21600"}],"wp:term":[{"taxonomy":"category","embeddable":true,"href":"https:\/\/denizcankizil.tr\/de\/wp-json\/wp\/v2\/categories?post=21600"},{"taxonomy":"post_tag","embeddable":true,"href":"https:\/\/denizcankizil.tr\/de\/wp-json\/wp\/v2\/tags?post=21600"}],"curies":[{"name":"wp","href":"https:\/\/api.w.org\/{rel}","templated":true}]}}