{"id":21342,"date":"2024-12-19T09:42:48","date_gmt":"2024-12-19T06:42:48","guid":{"rendered":"https:\/\/denizcankizil.tr\/uncategorized-tr\/yurt-genelinde-bugun-hava-nasil-olacak-2\/"},"modified":"2024-12-19T09:42:48","modified_gmt":"2024-12-19T06:42:48","slug":"yurt-genelinde-bugun-hava-nasil-olacak-2","status":"publish","type":"post","link":"https:\/\/denizcankizil.tr\/de\/haberler\/gundem\/yurt-genelinde-bugun-hava-nasil-olacak-2\/","title":{"rendered":"Yurt genelinde bug\u00fcn hava nas\u0131l olacak?"},"content":{"rendered":"<p>Meteoroloji  19 Aral\u0131k Per\u015fembe g\u00fcn\u00fc raporunu yay\u0131mlad\u0131. Hava s\u0131cakl\u0131klar\u0131n\u0131n i\u00e7 ve bat\u0131 kesimlerde mevsim normallerinin 3 ila 5 derece \u00fczerinde, di\u011fer yerlerde mevsim normalleri civar\u0131nda seyretmesi bekleniyor. Bug\u00fcnk\u00fc raporda Do\u011fu kesimler i\u00e7in buzlanma, don ve \u00e7\u0131\u011f tehlikesi uyar\u0131lar\u0131 yine var.ANKARA (\u0130GFA) &#8211; Meteoroloji Genel M\u00fcd\u00fcrl\u00fc\u011f\u00fc taraf\u0131ndan yap\u0131lan son tahminlere g\u00f6re T\u00fcrkiye genelinin par\u00e7al\u0131 bulutlu, sabah saatlerinde Artvin \u00e7evrelerinin ya\u011fmurlu, Ardahan \u00e7evrelerinin kar ya\u011f\u0131\u015fl\u0131 ge\u00e7ece\u011fi tahmin ediliyor. Sabah ve gece saatlerinde Marmara ile i\u00e7 ve do\u011fu kesimlerde pus ve yer yer sis bekleniyor.<\/p>\n<p>R\u00fczgar\u0131n genellikle g\u00fcneyli, kuzeydo\u011fu kesimlerde bat\u0131 ve kuzeybat\u0131l\u0131 y\u00f6nlerden hafif, ara s\u0131ra orta kuvvette esmesi beklenirken, uyar\u0131lar ise \u00f6zellikle do\u011fu kesimler i\u00e7in geldi.<\/p>\n<p>Meteoroloji&#8217;nin g\u00fcnl\u00fck hava tahmin raporunda sabah ve gece saatlerinde do\u011fu kesimlerde buzlanma ve don olay\u0131 beklendi\u011finden ya\u015fanabilecek olumsuz \u015fartlara kar\u015f\u0131 dikkatli ve tedbirli olunmas\u0131 istendi.<br \/>\nRaporda ayr\u0131ca, Do\u011fu Karadeniz\u2019in i\u00e7 kesimlerinin y\u00fcksekleri ile Do\u011fu Anadolu&#8217;nun do\u011fusunun dik ve e\u011fimli yama\u00e7lar\u0131nda \u00e7\u0131\u011f tehlikesi bulundu\u011fundan ya\u015fanabilecek olumsuz \u015fartlara kar\u015f\u0131 dikkatli ve tedbirli olunmas\u0131 konusunda vatanda\u015flar uyar\u0131ld\u0131.<\/p>\n<p>\u200bMeteoroloji  19 Aral\u0131k Per\u015fembe g\u00fcn\u00fc raporunu yay\u0131mlad\u0131. Hava s\u0131cakl\u0131klar\u0131n\u0131n i\u00e7 ve bat\u0131 kesimlerde mevsim normallerinin 3 ila 5 derece \u00fczerinde, di\u011fer yerlerde mevsim normalleri civar\u0131nda seyretmesi bekleniyor. Bug\u00fcnk\u00fc raporda Do\u011fu kesimler i\u00e7in buzlanma, don ve \u00e7\u0131\u011f tehlikesi uyar\u0131lar\u0131 yine var.ANKARA (\u0130GFA) &#8211; Meteoroloji Genel M\u00fcd\u00fcrl\u00fc\u011f\u00fc taraf\u0131ndan yap\u0131lan son tahminlere g\u00f6re T\u00fcrkiye genelinin par\u00e7al\u0131 bulutlu, sabah saatlerinde Artvin \u00e7evrelerinin ya\u011fmurlu, Ardahan \u00e7evrelerinin kar ya\u011f\u0131\u015fl\u0131 ge\u00e7ece\u011fi tahmin ediliyor. Sabah ve gece saatlerinde Marmara ile i\u00e7 ve do\u011fu kesimlerde pus ve yer yer sis bekleniyor.<\/p>\n<p>R\u00fczgar\u0131n genellikle g\u00fcneyli, kuzeydo\u011fu kesimlerde bat\u0131 ve kuzeybat\u0131l\u0131 y\u00f6nlerden hafif, ara s\u0131ra orta kuvvette esmesi beklenirken, uyar\u0131lar ise \u00f6zellikle do\u011fu kesimler i\u00e7in geldi.<\/p>\n<p>Meteoroloji&#8217;nin g\u00fcnl\u00fck hava tahmin raporunda sabah ve gece saatlerinde do\u011fu kesimlerde buzlanma ve don olay\u0131 beklendi\u011finden ya\u015fanabilecek olumsuz \u015fartlara kar\u015f\u0131 dikkatli ve tedbirli olunmas\u0131 istendi.<br \/>\nRaporda ayr\u0131ca, Do\u011fu Karadeniz\u2019in i\u00e7 kesimlerinin y\u00fcksekleri ile Do\u011fu Anadolu&#8217;nun do\u011fusunun dik ve e\u011fimli yama\u00e7lar\u0131nda \u00e7\u0131\u011f tehlikesi bulundu\u011fundan ya\u015fanabilecek olumsuz \u015fartlara kar\u015f\u0131 dikkatli ve tedbirli olunmas\u0131 konusunda vatanda\u015flar uyar\u0131ld\u0131.\u00a0<\/p>\n<p>\u200bHaberin Al\u0131nt\u0131land\u0131\u011f\u0131 Kaynak: www.iskenderun.org<\/p>","protected":false},"excerpt":{"rendered":"<p>Meteoroloji 19 Aral\u0131k Per\u015fembe g\u00fcn\u00fc raporunu yay\u0131mlad\u0131. Hava s\u0131cakl\u0131klar\u0131n\u0131n i\u00e7 ve bat\u0131 kesimlerde mevsim normallerinin 3 ila 5 derece \u00fczerinde, di\u011fer yerlerde mevsim normalleri civar\u0131nda seyretmesi bekleniyor. Bug\u00fcnk\u00fc raporda Do\u011fu kesimler i\u00e7in buzlanma, don ve \u00e7\u0131\u011f tehlikesi uyar\u0131lar\u0131 yine var.ANKARA (\u0130GFA) &#8211; Meteoroloji Genel M\u00fcd\u00fcrl\u00fc\u011f\u00fc taraf\u0131ndan yap\u0131lan son tahminlere g\u00f6re T\u00fcrkiye genelinin par\u00e7al\u0131 bulutlu, sabah saatlerinde Artvin \u00e7evrelerinin ya\u011fmurlu, Ardahan \u00e7evrelerinin kar ya\u011f\u0131\u015fl\u0131 ge\u00e7ece\u011fi tahmin ediliyor. Sabah ve gece saatlerinde Marmara ile i\u00e7 ve do\u011fu kesimlerde pus ve yer yer sis bekleniyor. R\u00fczgar\u0131n genellikle g\u00fcneyli, kuzeydo\u011fu kesimlerde bat\u0131 ve kuzeybat\u0131l\u0131 y\u00f6nlerden hafif, ara s\u0131ra orta kuvvette esmesi beklenirken, uyar\u0131lar ise \u00f6zellikle do\u011fu kesimler i\u00e7in geldi. Meteoroloji&#8217;nin g\u00fcnl\u00fck hava tahmin raporunda sabah ve gece saatlerinde do\u011fu kesimlerde buzlanma ve don olay\u0131 beklendi\u011finden ya\u015fanabilecek olumsuz \u015fartlara kar\u015f\u0131 dikkatli ve tedbirli olunmas\u0131 istendi. Raporda ayr\u0131ca, Do\u011fu Karadeniz\u2019in i\u00e7 kesimlerinin y\u00fcksekleri ile Do\u011fu Anadolu&#8217;nun do\u011fusunun dik ve e\u011fimli yama\u00e7lar\u0131nda \u00e7\u0131\u011f tehlikesi bulundu\u011fundan ya\u015fanabilecek olumsuz \u015fartlara kar\u015f\u0131 dikkatli ve tedbirli olunmas\u0131 konusunda vatanda\u015flar uyar\u0131ld\u0131. \u200bMeteoroloji 19 Aral\u0131k Per\u015fembe g\u00fcn\u00fc raporunu yay\u0131mlad\u0131. Hava s\u0131cakl\u0131klar\u0131n\u0131n i\u00e7 ve bat\u0131 kesimlerde mevsim normallerinin 3 ila 5 derece \u00fczerinde, di\u011fer yerlerde mevsim normalleri civar\u0131nda seyretmesi bekleniyor. Bug\u00fcnk\u00fc raporda Do\u011fu kesimler i\u00e7in buzlanma, don ve \u00e7\u0131\u011f tehlikesi uyar\u0131lar\u0131 yine var.ANKARA (\u0130GFA) &hellip;<\/p>","protected":false},"author":0,"featured_media":0,"comment_status":"open","ping_status":"open","sticky":false,"template":"","format":"standard","meta":{"_acf_changed":false,"footnotes":""},"categories":[24,535],"tags":[],"class_list":["post-21342","post","type-post","status-publish","format-standard","has-post-thumbnail","hentry","category-gundem","category-uncategorized-tr"],"acf":[],"yoast_head":"<!-- This site is optimized with the Yoast SEO Premium plugin v26.6 (Yoast SEO v27.1.1) - https:\/\/yoast.com\/product\/yoast-seo-premium-wordpress\/ -->\n<title>Yurt genelinde bug\u00fcn hava nas\u0131l olacak? - Av. Deniz Can K\u0131z\u0131l<\/title>\n<meta name=\"robots\" content=\"index, follow, max-snippet:-1, max-image-preview:large, max-video-preview:-1\" \/>\n<link rel=\"canonical\" href=\"https:\/\/denizcankizil.tr\/de\/haberler\/gundem\/yurt-genelinde-bugun-hava-nasil-olacak-2\/\" \/>\n<meta property=\"og:locale\" content=\"de_DE\" \/>\n<meta property=\"og:type\" content=\"article\" \/>\n<meta property=\"og:title\" content=\"Yurt genelinde bug\u00fcn hava nas\u0131l olacak?\" \/>\n<meta property=\"og:description\" content=\"Meteoroloji 19 Aral\u0131k Per\u015fembe g\u00fcn\u00fc raporunu yay\u0131mlad\u0131. Hava s\u0131cakl\u0131klar\u0131n\u0131n i\u00e7 ve bat\u0131 kesimlerde mevsim normallerinin 3 ila 5 derece \u00fczerinde, di\u011fer yerlerde mevsim normalleri civar\u0131nda seyretmesi bekleniyor. Bug\u00fcnk\u00fc raporda Do\u011fu kesimler i\u00e7in buzlanma, don ve \u00e7\u0131\u011f tehlikesi uyar\u0131lar\u0131 yine var.ANKARA (\u0130GFA) &#8211; Meteoroloji Genel M\u00fcd\u00fcrl\u00fc\u011f\u00fc taraf\u0131ndan yap\u0131lan son tahminlere g\u00f6re T\u00fcrkiye genelinin par\u00e7al\u0131 bulutlu, sabah saatlerinde Artvin \u00e7evrelerinin ya\u011fmurlu, Ardahan \u00e7evrelerinin kar ya\u011f\u0131\u015fl\u0131 ge\u00e7ece\u011fi tahmin ediliyor. Sabah ve gece saatlerinde Marmara ile i\u00e7 ve do\u011fu kesimlerde pus ve yer yer sis bekleniyor. R\u00fczgar\u0131n genellikle g\u00fcneyli, kuzeydo\u011fu kesimlerde bat\u0131 ve kuzeybat\u0131l\u0131 y\u00f6nlerden hafif, ara s\u0131ra orta kuvvette esmesi beklenirken, uyar\u0131lar ise \u00f6zellikle do\u011fu kesimler i\u00e7in geldi. Meteoroloji&#8217;nin g\u00fcnl\u00fck hava tahmin raporunda sabah ve gece saatlerinde do\u011fu kesimlerde buzlanma ve don olay\u0131 beklendi\u011finden ya\u015fanabilecek olumsuz \u015fartlara kar\u015f\u0131 dikkatli ve tedbirli olunmas\u0131 istendi. Raporda ayr\u0131ca, Do\u011fu Karadeniz\u2019in i\u00e7 kesimlerinin y\u00fcksekleri ile Do\u011fu Anadolu&#8217;nun do\u011fusunun dik ve e\u011fimli yama\u00e7lar\u0131nda \u00e7\u0131\u011f tehlikesi bulundu\u011fundan ya\u015fanabilecek olumsuz \u015fartlara kar\u015f\u0131 dikkatli ve tedbirli olunmas\u0131 konusunda vatanda\u015flar uyar\u0131ld\u0131. \u200bMeteoroloji 19 Aral\u0131k Per\u015fembe g\u00fcn\u00fc raporunu yay\u0131mlad\u0131. Hava s\u0131cakl\u0131klar\u0131n\u0131n i\u00e7 ve bat\u0131 kesimlerde mevsim normallerinin 3 ila 5 derece \u00fczerinde, di\u011fer yerlerde mevsim normalleri civar\u0131nda seyretmesi bekleniyor. Bug\u00fcnk\u00fc raporda Do\u011fu kesimler i\u00e7in buzlanma, don ve \u00e7\u0131\u011f tehlikesi uyar\u0131lar\u0131 yine var.ANKARA (\u0130GFA) &hellip;\" \/>\n<meta property=\"og:url\" content=\"https:\/\/denizcankizil.tr\/de\/haberler\/gundem\/yurt-genelinde-bugun-hava-nasil-olacak-2\/\" \/>\n<meta property=\"og:site_name\" content=\"Av. Deniz Can K\u0131z\u0131l\" \/>\n<meta property=\"article:published_time\" content=\"2024-12-19T06:42:48+00:00\" \/>\n<meta name=\"twitter:card\" content=\"summary_large_image\" \/>\n<meta name=\"twitter:label1\" content=\"Gesch\u00e4tzte Lesezeit\" \/>\n\t<meta name=\"twitter:data1\" content=\"2\u00a0Minuten\" \/>\n<script type=\"application\/ld+json\" class=\"yoast-schema-graph\">{\"@context\":\"https:\/\/schema.org\",\"@graph\":[{\"@type\":\"Article\",\"@id\":\"https:\/\/denizcankizil.tr\/de\/haberler\/gundem\/yurt-genelinde-bugun-hava-nasil-olacak-2\/#article\",\"isPartOf\":{\"@id\":\"https:\/\/denizcankizil.tr\/de\/haberler\/gundem\/yurt-genelinde-bugun-hava-nasil-olacak-2\/\"},\"author\":{\"name\":\"\",\"@id\":\"\"},\"headline\":\"Yurt genelinde bug\u00fcn hava nas\u0131l olacak?\",\"datePublished\":\"2024-12-19T06:42:48+00:00\",\"mainEntityOfPage\":{\"@id\":\"https:\/\/denizcankizil.tr\/de\/haberler\/gundem\/yurt-genelinde-bugun-hava-nasil-olacak-2\/\"},\"wordCount\":438,\"commentCount\":0,\"publisher\":{\"@id\":\"https:\/\/denizcankizil.tr\/#organization\"},\"articleSection\":[\"G\u00fcndem\",\"Uncategorized\"],\"inLanguage\":\"de\",\"potentialAction\":[{\"@type\":\"CommentAction\",\"name\":\"Comment\",\"target\":[\"https:\/\/denizcankizil.tr\/de\/haberler\/gundem\/yurt-genelinde-bugun-hava-nasil-olacak-2\/#respond\"]}]},{\"@type\":\"WebPage\",\"@id\":\"https:\/\/denizcankizil.tr\/de\/haberler\/gundem\/yurt-genelinde-bugun-hava-nasil-olacak-2\/\",\"url\":\"https:\/\/denizcankizil.tr\/de\/haberler\/gundem\/yurt-genelinde-bugun-hava-nasil-olacak-2\/\",\"name\":\"Yurt genelinde bug\u00fcn hava nas\u0131l olacak? - Av. Deniz Can K\u0131z\u0131l\",\"isPartOf\":{\"@id\":\"https:\/\/denizcankizil.tr\/#website\"},\"datePublished\":\"2024-12-19T06:42:48+00:00\",\"breadcrumb\":{\"@id\":\"https:\/\/denizcankizil.tr\/de\/haberler\/gundem\/yurt-genelinde-bugun-hava-nasil-olacak-2\/#breadcrumb\"},\"inLanguage\":\"de\",\"potentialAction\":[{\"@type\":\"ReadAction\",\"target\":[\"https:\/\/denizcankizil.tr\/de\/haberler\/gundem\/yurt-genelinde-bugun-hava-nasil-olacak-2\/\"]}]},{\"@type\":\"BreadcrumbList\",\"@id\":\"https:\/\/denizcankizil.tr\/de\/haberler\/gundem\/yurt-genelinde-bugun-hava-nasil-olacak-2\/#breadcrumb\",\"itemListElement\":[{\"@type\":\"ListItem\",\"position\":1,\"name\":\"Home\",\"item\":\"https:\/\/denizcankizil.tr\/uk\/\"},{\"@type\":\"ListItem\",\"position\":2,\"name\":\"Yurt genelinde bug\u00fcn hava nas\u0131l olacak?\"}]},{\"@type\":\"WebSite\",\"@id\":\"https:\/\/denizcankizil.tr\/#website\",\"url\":\"https:\/\/denizcankizil.tr\/\",\"name\":\"Av. Deniz Can K\u0131z\u0131l\",\"description\":\"Avukat Deniz Can K\u0131z\u0131l Antalya Barosu\",\"publisher\":{\"@id\":\"https:\/\/denizcankizil.tr\/#organization\"},\"potentialAction\":[{\"@type\":\"SearchAction\",\"target\":{\"@type\":\"EntryPoint\",\"urlTemplate\":\"https:\/\/denizcankizil.tr\/?s={search_term_string}\"},\"query-input\":{\"@type\":\"PropertyValueSpecification\",\"valueRequired\":true,\"valueName\":\"search_term_string\"}}],\"inLanguage\":\"de\"},{\"@type\":\"Organization\",\"@id\":\"https:\/\/denizcankizil.tr\/#organization\",\"name\":\"Av. Deniz Can K\u0131z\u0131l\",\"url\":\"https:\/\/denizcankizil.tr\/\",\"logo\":{\"@type\":\"ImageObject\",\"inLanguage\":\"de\",\"@id\":\"https:\/\/denizcankizil.tr\/#\/schema\/logo\/image\/\",\"url\":\"https:\/\/denizcankizil.tr\/wp-content\/uploads\/2024\/10\/siyah-logo-svg.svg\",\"contentUrl\":\"https:\/\/denizcankizil.tr\/wp-content\/uploads\/2024\/10\/siyah-logo-svg.svg\",\"width\":1080,\"height\":1080,\"caption\":\"Av. Deniz Can K\u0131z\u0131l\"},\"image\":{\"@id\":\"https:\/\/denizcankizil.tr\/#\/schema\/logo\/image\/\"}}]}<\/script>\n<!-- \/ Yoast SEO Premium plugin. -->","yoast_head_json":{"title":"Yurt genelinde bug\u00fcn hava nas\u0131l olacak? - Av. Deniz Can K\u0131z\u0131l","robots":{"index":"index","follow":"follow","max-snippet":"max-snippet:-1","max-image-preview":"max-image-preview:large","max-video-preview":"max-video-preview:-1"},"canonical":"https:\/\/denizcankizil.tr\/de\/haberler\/gundem\/yurt-genelinde-bugun-hava-nasil-olacak-2\/","og_locale":"de_DE","og_type":"article","og_title":"Yurt genelinde bug\u00fcn hava nas\u0131l olacak?","og_description":"Meteoroloji 19 Aral\u0131k Per\u015fembe g\u00fcn\u00fc raporunu yay\u0131mlad\u0131. Hava s\u0131cakl\u0131klar\u0131n\u0131n i\u00e7 ve bat\u0131 kesimlerde mevsim normallerinin 3 ila 5 derece \u00fczerinde, di\u011fer yerlerde mevsim normalleri civar\u0131nda seyretmesi bekleniyor. Bug\u00fcnk\u00fc raporda Do\u011fu kesimler i\u00e7in buzlanma, don ve \u00e7\u0131\u011f tehlikesi uyar\u0131lar\u0131 yine var.ANKARA (\u0130GFA) &#8211; Meteoroloji Genel M\u00fcd\u00fcrl\u00fc\u011f\u00fc taraf\u0131ndan yap\u0131lan son tahminlere g\u00f6re T\u00fcrkiye genelinin par\u00e7al\u0131 bulutlu, sabah saatlerinde Artvin \u00e7evrelerinin ya\u011fmurlu, Ardahan \u00e7evrelerinin kar ya\u011f\u0131\u015fl\u0131 ge\u00e7ece\u011fi tahmin ediliyor. Sabah ve gece saatlerinde Marmara ile i\u00e7 ve do\u011fu kesimlerde pus ve yer yer sis bekleniyor. R\u00fczgar\u0131n genellikle g\u00fcneyli, kuzeydo\u011fu kesimlerde bat\u0131 ve kuzeybat\u0131l\u0131 y\u00f6nlerden hafif, ara s\u0131ra orta kuvvette esmesi beklenirken, uyar\u0131lar ise \u00f6zellikle do\u011fu kesimler i\u00e7in geldi. Meteoroloji&#8217;nin g\u00fcnl\u00fck hava tahmin raporunda sabah ve gece saatlerinde do\u011fu kesimlerde buzlanma ve don olay\u0131 beklendi\u011finden ya\u015fanabilecek olumsuz \u015fartlara kar\u015f\u0131 dikkatli ve tedbirli olunmas\u0131 istendi. Raporda ayr\u0131ca, Do\u011fu Karadeniz\u2019in i\u00e7 kesimlerinin y\u00fcksekleri ile Do\u011fu Anadolu&#8217;nun do\u011fusunun dik ve e\u011fimli yama\u00e7lar\u0131nda \u00e7\u0131\u011f tehlikesi bulundu\u011fundan ya\u015fanabilecek olumsuz \u015fartlara kar\u015f\u0131 dikkatli ve tedbirli olunmas\u0131 konusunda vatanda\u015flar uyar\u0131ld\u0131. \u200bMeteoroloji 19 Aral\u0131k Per\u015fembe g\u00fcn\u00fc raporunu yay\u0131mlad\u0131. Hava s\u0131cakl\u0131klar\u0131n\u0131n i\u00e7 ve bat\u0131 kesimlerde mevsim normallerinin 3 ila 5 derece \u00fczerinde, di\u011fer yerlerde mevsim normalleri civar\u0131nda seyretmesi bekleniyor. Bug\u00fcnk\u00fc raporda Do\u011fu kesimler i\u00e7in buzlanma, don ve \u00e7\u0131\u011f tehlikesi uyar\u0131lar\u0131 yine var.ANKARA (\u0130GFA) &hellip;","og_url":"https:\/\/denizcankizil.tr\/de\/haberler\/gundem\/yurt-genelinde-bugun-hava-nasil-olacak-2\/","og_site_name":"Av. Deniz Can K\u0131z\u0131l","article_published_time":"2024-12-19T06:42:48+00:00","twitter_card":"summary_large_image","twitter_misc":{"Gesch\u00e4tzte Lesezeit":"2\u00a0Minuten"},"schema":{"@context":"https:\/\/schema.org","@graph":[{"@type":"Article","@id":"https:\/\/denizcankizil.tr\/de\/haberler\/gundem\/yurt-genelinde-bugun-hava-nasil-olacak-2\/#article","isPartOf":{"@id":"https:\/\/denizcankizil.tr\/de\/haberler\/gundem\/yurt-genelinde-bugun-hava-nasil-olacak-2\/"},"author":{"name":"","@id":""},"headline":"Yurt genelinde bug\u00fcn hava nas\u0131l olacak?","datePublished":"2024-12-19T06:42:48+00:00","mainEntityOfPage":{"@id":"https:\/\/denizcankizil.tr\/de\/haberler\/gundem\/yurt-genelinde-bugun-hava-nasil-olacak-2\/"},"wordCount":438,"commentCount":0,"publisher":{"@id":"https:\/\/denizcankizil.tr\/#organization"},"articleSection":["G\u00fcndem","Uncategorized"],"inLanguage":"de","potentialAction":[{"@type":"CommentAction","name":"Comment","target":["https:\/\/denizcankizil.tr\/de\/haberler\/gundem\/yurt-genelinde-bugun-hava-nasil-olacak-2\/#respond"]}]},{"@type":"WebPage","@id":"https:\/\/denizcankizil.tr\/de\/haberler\/gundem\/yurt-genelinde-bugun-hava-nasil-olacak-2\/","url":"https:\/\/denizcankizil.tr\/de\/haberler\/gundem\/yurt-genelinde-bugun-hava-nasil-olacak-2\/","name":"Yurt genelinde bug\u00fcn hava nas\u0131l olacak? - Av. Deniz Can K\u0131z\u0131l","isPartOf":{"@id":"https:\/\/denizcankizil.tr\/#website"},"datePublished":"2024-12-19T06:42:48+00:00","breadcrumb":{"@id":"https:\/\/denizcankizil.tr\/de\/haberler\/gundem\/yurt-genelinde-bugun-hava-nasil-olacak-2\/#breadcrumb"},"inLanguage":"de","potentialAction":[{"@type":"ReadAction","target":["https:\/\/denizcankizil.tr\/de\/haberler\/gundem\/yurt-genelinde-bugun-hava-nasil-olacak-2\/"]}]},{"@type":"BreadcrumbList","@id":"https:\/\/denizcankizil.tr\/de\/haberler\/gundem\/yurt-genelinde-bugun-hava-nasil-olacak-2\/#breadcrumb","itemListElement":[{"@type":"ListItem","position":1,"name":"Home","item":"https:\/\/denizcankizil.tr\/uk\/"},{"@type":"ListItem","position":2,"name":"Yurt genelinde bug\u00fcn hava nas\u0131l olacak?"}]},{"@type":"WebSite","@id":"https:\/\/denizcankizil.tr\/#website","url":"https:\/\/denizcankizil.tr\/","name":"Av. Deniz Can K\u0131z\u0131l","description":"Avukat Deniz Can K\u0131z\u0131l Antalya Barosu","publisher":{"@id":"https:\/\/denizcankizil.tr\/#organization"},"potentialAction":[{"@type":"SearchAction","target":{"@type":"EntryPoint","urlTemplate":"https:\/\/denizcankizil.tr\/?s={search_term_string}"},"query-input":{"@type":"PropertyValueSpecification","valueRequired":true,"valueName":"search_term_string"}}],"inLanguage":"de"},{"@type":"Organization","@id":"https:\/\/denizcankizil.tr\/#organization","name":"Av. Deniz Can K\u0131z\u0131l","url":"https:\/\/denizcankizil.tr\/","logo":{"@type":"ImageObject","inLanguage":"de","@id":"https:\/\/denizcankizil.tr\/#\/schema\/logo\/image\/","url":"https:\/\/denizcankizil.tr\/wp-content\/uploads\/2024\/10\/siyah-logo-svg.svg","contentUrl":"https:\/\/denizcankizil.tr\/wp-content\/uploads\/2024\/10\/siyah-logo-svg.svg","width":1080,"height":1080,"caption":"Av. Deniz Can K\u0131z\u0131l"},"image":{"@id":"https:\/\/denizcankizil.tr\/#\/schema\/logo\/image\/"}}]}},"_links":{"self":[{"href":"https:\/\/denizcankizil.tr\/de\/wp-json\/wp\/v2\/posts\/21342","targetHints":{"allow":["GET"]}}],"collection":[{"href":"https:\/\/denizcankizil.tr\/de\/wp-json\/wp\/v2\/posts"}],"about":[{"href":"https:\/\/denizcankizil.tr\/de\/wp-json\/wp\/v2\/types\/post"}],"replies":[{"embeddable":true,"href":"https:\/\/denizcankizil.tr\/de\/wp-json\/wp\/v2\/comments?post=21342"}],"version-history":[{"count":0,"href":"https:\/\/denizcankizil.tr\/de\/wp-json\/wp\/v2\/posts\/21342\/revisions"}],"wp:attachment":[{"href":"https:\/\/denizcankizil.tr\/de\/wp-json\/wp\/v2\/media?parent=21342"}],"wp:term":[{"taxonomy":"category","embeddable":true,"href":"https:\/\/denizcankizil.tr\/de\/wp-json\/wp\/v2\/categories?post=21342"},{"taxonomy":"post_tag","embeddable":true,"href":"https:\/\/denizcankizil.tr\/de\/wp-json\/wp\/v2\/tags?post=21342"}],"curies":[{"name":"wp","href":"https:\/\/api.w.org\/{rel}","templated":true}]}}