{"id":20868,"date":"2024-12-15T18:41:21","date_gmt":"2024-12-15T15:41:21","guid":{"rendered":"https:\/\/denizcankizil.tr\/uncategorized-tr\/manavgat-belediyesinden-dikkat-ceken-zabita-alimi\/"},"modified":"2024-12-15T18:41:21","modified_gmt":"2024-12-15T15:41:21","slug":"manavgat-belediyesinden-dikkat-ceken-zabita-alimi","status":"publish","type":"post","link":"https:\/\/denizcankizil.tr\/de\/haberler\/gundem\/manavgat-belediyesinden-dikkat-ceken-zabita-alimi\/","title":{"rendered":"Manavgat Belediyesi\u2019nden dikkat \u00e7eken zab\u0131ta al\u0131m\u0131"},"content":{"rendered":"<p>Antalya Manavgat Belediyesi ge\u00e7ti\u011fimiz g\u00fcnlerde zab\u0131ta al\u0131m\u0131 i\u00e7in a\u00e7t\u0131\u011f\u0131 ilan, sosyal medyada g\u00fcndem oldu. \u00a0Belediye i\u00e7in al\u0131nacak zab\u0131talar i\u00e7in istenen b\u00f6l\u00fcmler olduk\u00e7a dikkat \u00e7ekti.\u00a0<\/p>\n<p>D\u0130KKAT \u00c7EKEN ZABITA ALIMI\u00a0<\/p>\n<p>Manavgat Belediyesi taraf\u0131ndan a\u00e7\u0131lan bu ilandaki al\u0131m \u015fartlar\u0131 ise olduk\u00e7a ilgin. Zab\u0131ta al\u0131m\u0131 i\u00e7in istenen \u015fartlar, 65-75 aras\u0131 KPSS puan\u0131, \u00e7evre m\u00fchendisi, G\u0131da M\u00fchendisi ve Harita ve kadastro gibi b\u00f6l\u00fcmlerden mezun olma \u015fart\u0131 sitendi. Bunun \u00fczerine pek \u00e7ok vatanda\u015flar bu duruma tepki g\u00f6sterdi.\u00a0<\/p>\n<p>VATANDA\u015eLAR TEPK\u0130 G\u00d6STERD\u0130\u00a0<\/p>\n<p>Sosyal medya \u00fczerinden tepkilerini g\u00f6steren vatanda\u015flar, s\u00f6z konusu ilan\u0131n yap\u0131ld\u0131\u011f\u0131 payla\u015f\u0131m\u0131 adeta yoruma ya\u011fmuruna tuttu. Baz\u0131 vatanda\u015flar \u201cBu b\u00f6l\u00fcmler ile zab\u0131ta al\u0131m\u0131n\u0131n ne alaka oldu\u011funu\u201d sordu. Pek \u00e7ok vatanda\u015f, bu al\u0131mlarda torpil d\u00f6nd\u00fc\u011f\u00fcn\u00fc iddia etti. S\u00f6z konusu payla\u015f\u0131m\u0131n alt\u0131na gelen yorumlar ise \u015f\u00f6yle:<\/p>\n<p>\u00a0<\/p>\n<p>\u200bAntalya Manavgat Belediyesi ge\u00e7ti\u011fimiz g\u00fcnlerde belediye i\u00e7in al\u0131nacak zab\u0131ta i\u015f\u00e7ileri i\u00e7in istenen kriterleri a\u00e7\u0131klad\u0131. Yay\u0131nlanan ilanda m\u00fchendislik ve teknikerlik b\u00f6l\u00fcmlerinden mezuniyet \u015fart\u0131 aranmas\u0131 sosyal medyada g\u00fcndem oldu\u00a0<\/p>\n<p>\u200bHaberin Al\u0131nt\u0131land\u0131\u011f\u0131 Kaynak: www.antalyakorfez.com<\/p>","protected":false},"excerpt":{"rendered":"<p>Antalya Manavgat Belediyesi ge\u00e7ti\u011fimiz g\u00fcnlerde zab\u0131ta al\u0131m\u0131 i\u00e7in a\u00e7t\u0131\u011f\u0131 ilan, sosyal medyada g\u00fcndem oldu. \u00a0Belediye i\u00e7in al\u0131nacak zab\u0131talar i\u00e7in istenen b\u00f6l\u00fcmler olduk\u00e7a dikkat \u00e7ekti.\u00a0 D\u0130KKAT \u00c7EKEN ZABITA ALIMI\u00a0 Manavgat Belediyesi taraf\u0131ndan a\u00e7\u0131lan bu ilandaki al\u0131m \u015fartlar\u0131 ise olduk\u00e7a ilgin. Zab\u0131ta al\u0131m\u0131 i\u00e7in istenen \u015fartlar, 65-75 aras\u0131 KPSS puan\u0131, \u00e7evre m\u00fchendisi, G\u0131da M\u00fchendisi ve Harita ve kadastro gibi b\u00f6l\u00fcmlerden mezun olma \u015fart\u0131 sitendi. Bunun \u00fczerine pek \u00e7ok vatanda\u015flar bu duruma tepki g\u00f6sterdi.\u00a0 VATANDA\u015eLAR TEPK\u0130 G\u00d6STERD\u0130\u00a0 Sosyal medya \u00fczerinden tepkilerini g\u00f6steren vatanda\u015flar, s\u00f6z konusu ilan\u0131n yap\u0131ld\u0131\u011f\u0131 payla\u015f\u0131m\u0131 adeta yoruma ya\u011fmuruna tuttu. Baz\u0131 vatanda\u015flar \u201cBu b\u00f6l\u00fcmler ile zab\u0131ta al\u0131m\u0131n\u0131n ne alaka oldu\u011funu\u201d sordu. Pek \u00e7ok vatanda\u015f, bu al\u0131mlarda torpil d\u00f6nd\u00fc\u011f\u00fcn\u00fc iddia etti. S\u00f6z konusu payla\u015f\u0131m\u0131n alt\u0131na gelen yorumlar ise \u015f\u00f6yle: \u00a0 \u200bAntalya Manavgat Belediyesi ge\u00e7ti\u011fimiz g\u00fcnlerde belediye i\u00e7in al\u0131nacak zab\u0131ta i\u015f\u00e7ileri i\u00e7in istenen kriterleri a\u00e7\u0131klad\u0131. Yay\u0131nlanan ilanda m\u00fchendislik ve teknikerlik b\u00f6l\u00fcmlerinden mezuniyet \u015fart\u0131 aranmas\u0131 sosyal medyada g\u00fcndem oldu\u00a0 \u200bHaberin Al\u0131nt\u0131land\u0131\u011f\u0131 Kaynak: www.antalyakorfez.com<\/p>","protected":false},"author":0,"featured_media":0,"comment_status":"open","ping_status":"open","sticky":false,"template":"","format":"standard","meta":{"_acf_changed":false,"footnotes":""},"categories":[24,535],"tags":[],"class_list":["post-20868","post","type-post","status-publish","format-standard","has-post-thumbnail","hentry","category-gundem","category-uncategorized-tr"],"acf":[],"yoast_head":"<!-- This site is optimized with the Yoast SEO Premium plugin v26.6 (Yoast SEO v27.1.1) - https:\/\/yoast.com\/product\/yoast-seo-premium-wordpress\/ -->\n<title>Manavgat Belediyesi\u2019nden dikkat \u00e7eken zab\u0131ta al\u0131m\u0131 - Av. Deniz Can K\u0131z\u0131l<\/title>\n<meta name=\"robots\" content=\"index, follow, max-snippet:-1, max-image-preview:large, max-video-preview:-1\" \/>\n<link rel=\"canonical\" href=\"https:\/\/denizcankizil.tr\/de\/haberler\/gundem\/manavgat-belediyesinden-dikkat-ceken-zabita-alimi\/\" \/>\n<meta property=\"og:locale\" content=\"de_DE\" \/>\n<meta property=\"og:type\" content=\"article\" \/>\n<meta property=\"og:title\" content=\"Manavgat Belediyesi\u2019nden dikkat \u00e7eken zab\u0131ta al\u0131m\u0131\" \/>\n<meta property=\"og:description\" content=\"Antalya Manavgat Belediyesi ge\u00e7ti\u011fimiz g\u00fcnlerde zab\u0131ta al\u0131m\u0131 i\u00e7in a\u00e7t\u0131\u011f\u0131 ilan, sosyal medyada g\u00fcndem oldu. \u00a0Belediye i\u00e7in al\u0131nacak zab\u0131talar i\u00e7in istenen b\u00f6l\u00fcmler olduk\u00e7a dikkat \u00e7ekti.\u00a0 D\u0130KKAT \u00c7EKEN ZABITA ALIMI\u00a0 Manavgat Belediyesi taraf\u0131ndan a\u00e7\u0131lan bu ilandaki al\u0131m \u015fartlar\u0131 ise olduk\u00e7a ilgin. Zab\u0131ta al\u0131m\u0131 i\u00e7in istenen \u015fartlar, 65-75 aras\u0131 KPSS puan\u0131, \u00e7evre m\u00fchendisi, G\u0131da M\u00fchendisi ve Harita ve kadastro gibi b\u00f6l\u00fcmlerden mezun olma \u015fart\u0131 sitendi. Bunun \u00fczerine pek \u00e7ok vatanda\u015flar bu duruma tepki g\u00f6sterdi.\u00a0 VATANDA\u015eLAR TEPK\u0130 G\u00d6STERD\u0130\u00a0 Sosyal medya \u00fczerinden tepkilerini g\u00f6steren vatanda\u015flar, s\u00f6z konusu ilan\u0131n yap\u0131ld\u0131\u011f\u0131 payla\u015f\u0131m\u0131 adeta yoruma ya\u011fmuruna tuttu. Baz\u0131 vatanda\u015flar \u201cBu b\u00f6l\u00fcmler ile zab\u0131ta al\u0131m\u0131n\u0131n ne alaka oldu\u011funu\u201d sordu. Pek \u00e7ok vatanda\u015f, bu al\u0131mlarda torpil d\u00f6nd\u00fc\u011f\u00fcn\u00fc iddia etti. S\u00f6z konusu payla\u015f\u0131m\u0131n alt\u0131na gelen yorumlar ise \u015f\u00f6yle: \u00a0 \u200bAntalya Manavgat Belediyesi ge\u00e7ti\u011fimiz g\u00fcnlerde belediye i\u00e7in al\u0131nacak zab\u0131ta i\u015f\u00e7ileri i\u00e7in istenen kriterleri a\u00e7\u0131klad\u0131. Yay\u0131nlanan ilanda m\u00fchendislik ve teknikerlik b\u00f6l\u00fcmlerinden mezuniyet \u015fart\u0131 aranmas\u0131 sosyal medyada g\u00fcndem oldu\u00a0 \u200bHaberin Al\u0131nt\u0131land\u0131\u011f\u0131 Kaynak: www.antalyakorfez.com\" \/>\n<meta property=\"og:url\" content=\"https:\/\/denizcankizil.tr\/de\/haberler\/gundem\/manavgat-belediyesinden-dikkat-ceken-zabita-alimi\/\" \/>\n<meta property=\"og:site_name\" content=\"Av. Deniz Can K\u0131z\u0131l\" \/>\n<meta property=\"article:published_time\" content=\"2024-12-15T15:41:21+00:00\" \/>\n<meta name=\"twitter:card\" content=\"summary_large_image\" \/>\n<meta name=\"twitter:label1\" content=\"Gesch\u00e4tzte Lesezeit\" \/>\n\t<meta name=\"twitter:data1\" content=\"1\u00a0Minute\" \/>\n<script type=\"application\/ld+json\" class=\"yoast-schema-graph\">{\"@context\":\"https:\/\/schema.org\",\"@graph\":[{\"@type\":\"Article\",\"@id\":\"https:\/\/denizcankizil.tr\/de\/haberler\/gundem\/manavgat-belediyesinden-dikkat-ceken-zabita-alimi\/#article\",\"isPartOf\":{\"@id\":\"https:\/\/denizcankizil.tr\/de\/haberler\/gundem\/manavgat-belediyesinden-dikkat-ceken-zabita-alimi\/\"},\"author\":{\"name\":\"\",\"@id\":\"\"},\"headline\":\"Manavgat Belediyesi\u2019nden dikkat \u00e7eken zab\u0131ta al\u0131m\u0131\",\"datePublished\":\"2024-12-15T15:41:21+00:00\",\"mainEntityOfPage\":{\"@id\":\"https:\/\/denizcankizil.tr\/de\/haberler\/gundem\/manavgat-belediyesinden-dikkat-ceken-zabita-alimi\/\"},\"wordCount\":229,\"commentCount\":0,\"publisher\":{\"@id\":\"https:\/\/denizcankizil.tr\/#organization\"},\"articleSection\":[\"G\u00fcndem\",\"Uncategorized\"],\"inLanguage\":\"de\",\"potentialAction\":[{\"@type\":\"CommentAction\",\"name\":\"Comment\",\"target\":[\"https:\/\/denizcankizil.tr\/de\/haberler\/gundem\/manavgat-belediyesinden-dikkat-ceken-zabita-alimi\/#respond\"]}]},{\"@type\":\"WebPage\",\"@id\":\"https:\/\/denizcankizil.tr\/de\/haberler\/gundem\/manavgat-belediyesinden-dikkat-ceken-zabita-alimi\/\",\"url\":\"https:\/\/denizcankizil.tr\/de\/haberler\/gundem\/manavgat-belediyesinden-dikkat-ceken-zabita-alimi\/\",\"name\":\"Manavgat Belediyesi\u2019nden dikkat \u00e7eken zab\u0131ta al\u0131m\u0131 - Av. Deniz Can K\u0131z\u0131l\",\"isPartOf\":{\"@id\":\"https:\/\/denizcankizil.tr\/#website\"},\"datePublished\":\"2024-12-15T15:41:21+00:00\",\"breadcrumb\":{\"@id\":\"https:\/\/denizcankizil.tr\/de\/haberler\/gundem\/manavgat-belediyesinden-dikkat-ceken-zabita-alimi\/#breadcrumb\"},\"inLanguage\":\"de\",\"potentialAction\":[{\"@type\":\"ReadAction\",\"target\":[\"https:\/\/denizcankizil.tr\/de\/haberler\/gundem\/manavgat-belediyesinden-dikkat-ceken-zabita-alimi\/\"]}]},{\"@type\":\"BreadcrumbList\",\"@id\":\"https:\/\/denizcankizil.tr\/de\/haberler\/gundem\/manavgat-belediyesinden-dikkat-ceken-zabita-alimi\/#breadcrumb\",\"itemListElement\":[{\"@type\":\"ListItem\",\"position\":1,\"name\":\"Home\",\"item\":\"https:\/\/denizcankizil.tr\/uk\/\"},{\"@type\":\"ListItem\",\"position\":2,\"name\":\"Manavgat Belediyesi\u2019nden dikkat \u00e7eken zab\u0131ta al\u0131m\u0131\"}]},{\"@type\":\"WebSite\",\"@id\":\"https:\/\/denizcankizil.tr\/#website\",\"url\":\"https:\/\/denizcankizil.tr\/\",\"name\":\"Av. Deniz Can K\u0131z\u0131l\",\"description\":\"Avukat Deniz Can K\u0131z\u0131l Antalya Barosu\",\"publisher\":{\"@id\":\"https:\/\/denizcankizil.tr\/#organization\"},\"potentialAction\":[{\"@type\":\"SearchAction\",\"target\":{\"@type\":\"EntryPoint\",\"urlTemplate\":\"https:\/\/denizcankizil.tr\/?s={search_term_string}\"},\"query-input\":{\"@type\":\"PropertyValueSpecification\",\"valueRequired\":true,\"valueName\":\"search_term_string\"}}],\"inLanguage\":\"de\"},{\"@type\":\"Organization\",\"@id\":\"https:\/\/denizcankizil.tr\/#organization\",\"name\":\"Av. Deniz Can K\u0131z\u0131l\",\"url\":\"https:\/\/denizcankizil.tr\/\",\"logo\":{\"@type\":\"ImageObject\",\"inLanguage\":\"de\",\"@id\":\"https:\/\/denizcankizil.tr\/#\/schema\/logo\/image\/\",\"url\":\"https:\/\/denizcankizil.tr\/wp-content\/uploads\/2024\/10\/siyah-logo-svg.svg\",\"contentUrl\":\"https:\/\/denizcankizil.tr\/wp-content\/uploads\/2024\/10\/siyah-logo-svg.svg\",\"width\":1080,\"height\":1080,\"caption\":\"Av. Deniz Can K\u0131z\u0131l\"},\"image\":{\"@id\":\"https:\/\/denizcankizil.tr\/#\/schema\/logo\/image\/\"}}]}<\/script>\n<!-- \/ Yoast SEO Premium plugin. -->","yoast_head_json":{"title":"Manavgat Belediyesi\u2019nden dikkat \u00e7eken zab\u0131ta al\u0131m\u0131 - Av. Deniz Can K\u0131z\u0131l","robots":{"index":"index","follow":"follow","max-snippet":"max-snippet:-1","max-image-preview":"max-image-preview:large","max-video-preview":"max-video-preview:-1"},"canonical":"https:\/\/denizcankizil.tr\/de\/haberler\/gundem\/manavgat-belediyesinden-dikkat-ceken-zabita-alimi\/","og_locale":"de_DE","og_type":"article","og_title":"Manavgat Belediyesi\u2019nden dikkat \u00e7eken zab\u0131ta al\u0131m\u0131","og_description":"Antalya Manavgat Belediyesi ge\u00e7ti\u011fimiz g\u00fcnlerde zab\u0131ta al\u0131m\u0131 i\u00e7in a\u00e7t\u0131\u011f\u0131 ilan, sosyal medyada g\u00fcndem oldu. \u00a0Belediye i\u00e7in al\u0131nacak zab\u0131talar i\u00e7in istenen b\u00f6l\u00fcmler olduk\u00e7a dikkat \u00e7ekti.\u00a0 D\u0130KKAT \u00c7EKEN ZABITA ALIMI\u00a0 Manavgat Belediyesi taraf\u0131ndan a\u00e7\u0131lan bu ilandaki al\u0131m \u015fartlar\u0131 ise olduk\u00e7a ilgin. Zab\u0131ta al\u0131m\u0131 i\u00e7in istenen \u015fartlar, 65-75 aras\u0131 KPSS puan\u0131, \u00e7evre m\u00fchendisi, G\u0131da M\u00fchendisi ve Harita ve kadastro gibi b\u00f6l\u00fcmlerden mezun olma \u015fart\u0131 sitendi. Bunun \u00fczerine pek \u00e7ok vatanda\u015flar bu duruma tepki g\u00f6sterdi.\u00a0 VATANDA\u015eLAR TEPK\u0130 G\u00d6STERD\u0130\u00a0 Sosyal medya \u00fczerinden tepkilerini g\u00f6steren vatanda\u015flar, s\u00f6z konusu ilan\u0131n yap\u0131ld\u0131\u011f\u0131 payla\u015f\u0131m\u0131 adeta yoruma ya\u011fmuruna tuttu. Baz\u0131 vatanda\u015flar \u201cBu b\u00f6l\u00fcmler ile zab\u0131ta al\u0131m\u0131n\u0131n ne alaka oldu\u011funu\u201d sordu. Pek \u00e7ok vatanda\u015f, bu al\u0131mlarda torpil d\u00f6nd\u00fc\u011f\u00fcn\u00fc iddia etti. S\u00f6z konusu payla\u015f\u0131m\u0131n alt\u0131na gelen yorumlar ise \u015f\u00f6yle: \u00a0 \u200bAntalya Manavgat Belediyesi ge\u00e7ti\u011fimiz g\u00fcnlerde belediye i\u00e7in al\u0131nacak zab\u0131ta i\u015f\u00e7ileri i\u00e7in istenen kriterleri a\u00e7\u0131klad\u0131. Yay\u0131nlanan ilanda m\u00fchendislik ve teknikerlik b\u00f6l\u00fcmlerinden mezuniyet \u015fart\u0131 aranmas\u0131 sosyal medyada g\u00fcndem oldu\u00a0 \u200bHaberin Al\u0131nt\u0131land\u0131\u011f\u0131 Kaynak: www.antalyakorfez.com","og_url":"https:\/\/denizcankizil.tr\/de\/haberler\/gundem\/manavgat-belediyesinden-dikkat-ceken-zabita-alimi\/","og_site_name":"Av. Deniz Can K\u0131z\u0131l","article_published_time":"2024-12-15T15:41:21+00:00","twitter_card":"summary_large_image","twitter_misc":{"Gesch\u00e4tzte Lesezeit":"1\u00a0Minute"},"schema":{"@context":"https:\/\/schema.org","@graph":[{"@type":"Article","@id":"https:\/\/denizcankizil.tr\/de\/haberler\/gundem\/manavgat-belediyesinden-dikkat-ceken-zabita-alimi\/#article","isPartOf":{"@id":"https:\/\/denizcankizil.tr\/de\/haberler\/gundem\/manavgat-belediyesinden-dikkat-ceken-zabita-alimi\/"},"author":{"name":"","@id":""},"headline":"Manavgat Belediyesi\u2019nden dikkat \u00e7eken zab\u0131ta al\u0131m\u0131","datePublished":"2024-12-15T15:41:21+00:00","mainEntityOfPage":{"@id":"https:\/\/denizcankizil.tr\/de\/haberler\/gundem\/manavgat-belediyesinden-dikkat-ceken-zabita-alimi\/"},"wordCount":229,"commentCount":0,"publisher":{"@id":"https:\/\/denizcankizil.tr\/#organization"},"articleSection":["G\u00fcndem","Uncategorized"],"inLanguage":"de","potentialAction":[{"@type":"CommentAction","name":"Comment","target":["https:\/\/denizcankizil.tr\/de\/haberler\/gundem\/manavgat-belediyesinden-dikkat-ceken-zabita-alimi\/#respond"]}]},{"@type":"WebPage","@id":"https:\/\/denizcankizil.tr\/de\/haberler\/gundem\/manavgat-belediyesinden-dikkat-ceken-zabita-alimi\/","url":"https:\/\/denizcankizil.tr\/de\/haberler\/gundem\/manavgat-belediyesinden-dikkat-ceken-zabita-alimi\/","name":"Manavgat Belediyesi\u2019nden dikkat \u00e7eken zab\u0131ta al\u0131m\u0131 - Av. Deniz Can K\u0131z\u0131l","isPartOf":{"@id":"https:\/\/denizcankizil.tr\/#website"},"datePublished":"2024-12-15T15:41:21+00:00","breadcrumb":{"@id":"https:\/\/denizcankizil.tr\/de\/haberler\/gundem\/manavgat-belediyesinden-dikkat-ceken-zabita-alimi\/#breadcrumb"},"inLanguage":"de","potentialAction":[{"@type":"ReadAction","target":["https:\/\/denizcankizil.tr\/de\/haberler\/gundem\/manavgat-belediyesinden-dikkat-ceken-zabita-alimi\/"]}]},{"@type":"BreadcrumbList","@id":"https:\/\/denizcankizil.tr\/de\/haberler\/gundem\/manavgat-belediyesinden-dikkat-ceken-zabita-alimi\/#breadcrumb","itemListElement":[{"@type":"ListItem","position":1,"name":"Home","item":"https:\/\/denizcankizil.tr\/uk\/"},{"@type":"ListItem","position":2,"name":"Manavgat Belediyesi\u2019nden dikkat \u00e7eken zab\u0131ta al\u0131m\u0131"}]},{"@type":"WebSite","@id":"https:\/\/denizcankizil.tr\/#website","url":"https:\/\/denizcankizil.tr\/","name":"Av. Deniz Can K\u0131z\u0131l","description":"Avukat Deniz Can K\u0131z\u0131l Antalya Barosu","publisher":{"@id":"https:\/\/denizcankizil.tr\/#organization"},"potentialAction":[{"@type":"SearchAction","target":{"@type":"EntryPoint","urlTemplate":"https:\/\/denizcankizil.tr\/?s={search_term_string}"},"query-input":{"@type":"PropertyValueSpecification","valueRequired":true,"valueName":"search_term_string"}}],"inLanguage":"de"},{"@type":"Organization","@id":"https:\/\/denizcankizil.tr\/#organization","name":"Av. Deniz Can K\u0131z\u0131l","url":"https:\/\/denizcankizil.tr\/","logo":{"@type":"ImageObject","inLanguage":"de","@id":"https:\/\/denizcankizil.tr\/#\/schema\/logo\/image\/","url":"https:\/\/denizcankizil.tr\/wp-content\/uploads\/2024\/10\/siyah-logo-svg.svg","contentUrl":"https:\/\/denizcankizil.tr\/wp-content\/uploads\/2024\/10\/siyah-logo-svg.svg","width":1080,"height":1080,"caption":"Av. Deniz Can K\u0131z\u0131l"},"image":{"@id":"https:\/\/denizcankizil.tr\/#\/schema\/logo\/image\/"}}]}},"_links":{"self":[{"href":"https:\/\/denizcankizil.tr\/de\/wp-json\/wp\/v2\/posts\/20868","targetHints":{"allow":["GET"]}}],"collection":[{"href":"https:\/\/denizcankizil.tr\/de\/wp-json\/wp\/v2\/posts"}],"about":[{"href":"https:\/\/denizcankizil.tr\/de\/wp-json\/wp\/v2\/types\/post"}],"replies":[{"embeddable":true,"href":"https:\/\/denizcankizil.tr\/de\/wp-json\/wp\/v2\/comments?post=20868"}],"version-history":[{"count":0,"href":"https:\/\/denizcankizil.tr\/de\/wp-json\/wp\/v2\/posts\/20868\/revisions"}],"wp:attachment":[{"href":"https:\/\/denizcankizil.tr\/de\/wp-json\/wp\/v2\/media?parent=20868"}],"wp:term":[{"taxonomy":"category","embeddable":true,"href":"https:\/\/denizcankizil.tr\/de\/wp-json\/wp\/v2\/categories?post=20868"},{"taxonomy":"post_tag","embeddable":true,"href":"https:\/\/denizcankizil.tr\/de\/wp-json\/wp\/v2\/tags?post=20868"}],"curies":[{"name":"wp","href":"https:\/\/api.w.org\/{rel}","templated":true}]}}