{"id":20653,"date":"2024-12-13T19:41:25","date_gmt":"2024-12-13T16:41:25","guid":{"rendered":"https:\/\/denizcankizil.tr\/uncategorized-tr\/chpli-ari-trafik-sigortasi-karmasasini-meclise-tasidi\/"},"modified":"2024-12-13T19:41:25","modified_gmt":"2024-12-13T16:41:25","slug":"chpli-ari-trafik-sigortasi-karmasasini-meclise-tasidi","status":"publish","type":"post","link":"https:\/\/denizcankizil.tr\/de\/haberler\/gundem\/chpli-ari-trafik-sigortasi-karmasasini-meclise-tasidi\/","title":{"rendered":"CHP\u2019li Ar\u0131, trafik sigortas\u0131 karma\u015fas\u0131n\u0131 meclise ta\u015f\u0131d\u0131"},"content":{"rendered":"<p>\u0130kinci el ara\u00e7lar\u0131n sat\u0131\u015f i\u015flemlerinden sonra trafik sigortas\u0131 yapt\u0131r\u0131lmas\u0131 i\u00e7in verilen 15 g\u00fcnl\u00fck s\u00fcre 5 Mart 2024 tarih ve 32480 say\u0131l\u0131 Resmi Gazete\u2019de yay\u0131nlanarak kald\u0131r\u0131lm\u0131\u015ft\u0131. Ayn\u0131 g\u00fcn i\u00e7erisinde sigorta yap\u0131lmas\u0131 herkes i\u00e7in zorunlu hale getirilmesine tepki g\u00f6steren CHP Antalya Milletvekili Cavit Ar\u0131, \u00a0Ticaret Bakan\u0131 \u00d6mer Bolat\u2019a cevaplamas\u0131 istemiyle soru \u00f6nergesi vererek, konuyu TBMM g\u00fcndemine ta\u015f\u0131d\u0131.<\/p>\n<p>TRAF\u0130K S\u0130GORTASI \u0130\u00c7\u0130N 15 G\u00dcNL\u00dcK S\u00dcRE \u0130PTAL ED\u0130LD\u0130\u00a0<\/p>\n<p>Trafik sigortas\u0131 yapt\u0131r\u0131lmas\u0131 i\u00e7in 15 g\u00fcnl\u00fck s\u00fcrenin kald\u0131r\u0131lmas\u0131na tepki g\u00f6steren CHP\u2019li Ar\u0131, \u201c94. maddesinin \u00fc\u00e7\u00fcnc\u00fc ve d\u00f6rd\u00fcnc\u00fc f\u0131kralar\u0131n\u0131n, Ara\u00e7 sahibinin \u00fczerinde hukuki ve fiili olarak denetim ve kontrol imkan\u0131na sahip olmad\u0131\u011f\u0131 ki\u015filerin fiillerinde sorumlu tutulmas\u0131n\u0131n bir zorunluluk oldu\u011fu anlam\u0131na gelmeyece\u011fi, bu ba\u011flamda arac\u0131n devri suretiyle ara\u00e7 \u00fczerindeki her t\u00fcrl\u00fc kontrol ve denetim yetkisini yitirmi\u015f bulunan sigortal\u0131n\u0131n art\u0131k i\u015fleten s\u0131fat\u0131 kalmad\u0131\u011f\u0131 halde s\u00f6zle\u015fmesinin sigorta \u015firketince feshedilmesi halinde dahi fesih tarihinden itibaren 15 g\u00fcn boyunca, yani i\u015fletenin 3\u2019nc\u00fc ki\u015filere vermi\u015f oldu\u011fu zararlarda sorumlu tutulmas\u0131na sebep olan kanun d\u00fczenlemesinin do\u011fru olmad\u0131\u011f\u0131 gerek\u00e7esiyle iptaline karar verilmi\u015ftir\u201d dedi.\u00a0<\/p>\n<p>\u0130K\u0130NC\u0130 EL ARA\u00c7 ALANLAR MA\u011eDUR OLACAK\u00a0<\/p>\n<p>15 g\u00fcnl\u00fck s\u00fcrenin kald\u0131r\u0131lmas\u0131n\u0131n ikici el ara\u00e7 alan vatanda\u015flar i\u00e7in b\u00fcy\u00fck bir k\u00fclfet olu\u015fturaca\u011f\u0131na de\u011finen Ar\u0131, \u201cBu iptal karar\u0131 arac\u0131n mevcut sigortal\u0131 sahibi taraf\u0131ndan yap\u0131lan sat\u0131\u015ftan sonra 15 g\u00fcn ge\u00e7erlili\u011finin iptali hakk\u0131ndad\u0131r. Ancak bir arac\u0131n sigorta yapt\u0131rma sorumlulu\u011fu yani malike aittir. Yeni ara\u00e7 sahibi sigortay\u0131 yapt\u0131racakt\u0131r. Bu sebeplerle ara\u00e7 ikinci el sat\u0131\u015f i\u015fleminin yap\u0131lma a\u015famas\u0131nda zorunlu trafik sigorta istenilmesi arac\u0131 devredecek olan malik a\u00e7\u0131s\u0131ndan bir k\u00fclfet olu\u015fturaca\u011f\u0131 \u00e7ok a\u00e7\u0131kt\u0131r. Bu sebeple, \u00f6zellikle yetki belgeli galerici esnaf\u0131m\u0131za bu konuda muafiyet tan\u0131nmas\u0131 ve noter i\u015flemlerinde sigorta sorgulamas\u0131 yap\u0131lmamas\u0131 galerici esnaflar\u0131m\u0131z a\u00e7\u0131s\u0131ndan b\u00fcy\u00fck \u00f6nem ta\u015f\u0131maktad\u0131r\u201d diye konu\u015ftu.\u00a0<\/p>\n<p>NASIL TELAF\u0130 EDECEKS\u0130N\u0130Z?<\/p>\n<p>Ticaret Bakan\u0131 \u00d6mer Bolat\u2019a cevaplamas\u0131 istemiyle soru \u00f6nergesi veren Ar\u0131, \u201cAra\u00e7lar\u0131n Sat\u0131\u015f, Devir ve Tescil Hizmetlerinin Y\u00fcr\u00fct\u00fclmesi Hakk\u0131nda Y\u00f6netmelik gere\u011fi 2&#8217;nci el ara\u00e7 al\u0131c\u0131lar\u0131n\u0131n sat\u0131\u015f i\u015fleminden \u00f6nce, ge\u00e7erli bir trafik sigortas\u0131 yapt\u0131rmalar\u0131 zorunlu\u011fu konusunda, \u00a0yetki belgeli galerici esnaf\u0131m\u0131za bu konuda muafiyet tan\u0131nmas\u0131 ve noter i\u015flemlerinde sigorta sorgulamas\u0131 yap\u0131lmamas\u0131 i\u00e7in ivedi olarak biz d\u00fczenleme yapacak m\u0131s\u0131n\u0131z ve yapmay\u0131 d\u00fc\u015f\u00fcn\u00fcyor musunuz? Trafi\u011fe \u00e7\u0131kmayan, sat\u0131\u015f i\u00e7in vitrine konmu\u015f arac\u0131n sigortalama yap\u0131lmas\u0131n\u0131n talep edilmesi, meslek olarak yetki belgesi alm\u0131\u015f ve vergisini \u00f6deyen esnaf\u0131m\u0131za olu\u015fturaca\u011f\u0131 y\u00fck\u00fc nas\u0131l telafi edeceksiniz?\u201d ifadelerini kulland\u0131.\u00a0<\/p>\n<p>\u00a0<br \/>\n\u00a0<\/p>\n<p>\u200bCHP Antalya Milletvekili Cavit Ar\u0131, 5 Mart 2024 tarihinde \u00e7\u0131kar\u0131lan kanun ile ikinci el ara\u00e7 alan vatanda\u015flar\u0131n, trafik sigortas\u0131n\u0131 yapt\u0131rmas\u0131 i\u00e7in tan\u0131nan 15 g\u00fcnl\u00fck s\u00fcrenin kald\u0131r\u0131lmas\u0131na tepki g\u00f6stererek, konuyu Meclise ta\u015f\u0131d\u0131\u00a0<\/p>\n<p>\u200bHaberin Al\u0131nt\u0131land\u0131\u011f\u0131 Kaynak: www.antalyakorfez.com<\/p>","protected":false},"excerpt":{"rendered":"<p>\u0130kinci el ara\u00e7lar\u0131n sat\u0131\u015f i\u015flemlerinden sonra trafik sigortas\u0131 yapt\u0131r\u0131lmas\u0131 i\u00e7in verilen 15 g\u00fcnl\u00fck s\u00fcre 5 Mart 2024 tarih ve 32480 say\u0131l\u0131 Resmi Gazete\u2019de yay\u0131nlanarak kald\u0131r\u0131lm\u0131\u015ft\u0131. Ayn\u0131 g\u00fcn i\u00e7erisinde sigorta yap\u0131lmas\u0131 herkes i\u00e7in zorunlu hale getirilmesine tepki g\u00f6steren CHP Antalya Milletvekili Cavit Ar\u0131, \u00a0Ticaret Bakan\u0131 \u00d6mer Bolat\u2019a cevaplamas\u0131 istemiyle soru \u00f6nergesi vererek, konuyu TBMM g\u00fcndemine ta\u015f\u0131d\u0131. TRAF\u0130K S\u0130GORTASI \u0130\u00c7\u0130N 15 G\u00dcNL\u00dcK S\u00dcRE \u0130PTAL ED\u0130LD\u0130\u00a0 Trafik sigortas\u0131 yapt\u0131r\u0131lmas\u0131 i\u00e7in 15 g\u00fcnl\u00fck s\u00fcrenin kald\u0131r\u0131lmas\u0131na tepki g\u00f6steren CHP\u2019li Ar\u0131, \u201c94. maddesinin \u00fc\u00e7\u00fcnc\u00fc ve d\u00f6rd\u00fcnc\u00fc f\u0131kralar\u0131n\u0131n, Ara\u00e7 sahibinin \u00fczerinde hukuki ve fiili olarak denetim ve kontrol imkan\u0131na sahip olmad\u0131\u011f\u0131 ki\u015filerin fiillerinde sorumlu tutulmas\u0131n\u0131n bir zorunluluk oldu\u011fu anlam\u0131na gelmeyece\u011fi, bu ba\u011flamda arac\u0131n devri suretiyle ara\u00e7 \u00fczerindeki her t\u00fcrl\u00fc kontrol ve denetim yetkisini yitirmi\u015f bulunan sigortal\u0131n\u0131n art\u0131k i\u015fleten s\u0131fat\u0131 kalmad\u0131\u011f\u0131 halde s\u00f6zle\u015fmesinin sigorta \u015firketince feshedilmesi halinde dahi fesih tarihinden itibaren 15 g\u00fcn boyunca, yani i\u015fletenin 3\u2019nc\u00fc ki\u015filere vermi\u015f oldu\u011fu zararlarda sorumlu tutulmas\u0131na sebep olan kanun d\u00fczenlemesinin do\u011fru olmad\u0131\u011f\u0131 gerek\u00e7esiyle iptaline karar verilmi\u015ftir\u201d dedi.\u00a0 \u0130K\u0130NC\u0130 EL ARA\u00c7 ALANLAR MA\u011eDUR OLACAK\u00a0 15 g\u00fcnl\u00fck s\u00fcrenin kald\u0131r\u0131lmas\u0131n\u0131n ikici el ara\u00e7 alan vatanda\u015flar i\u00e7in b\u00fcy\u00fck bir k\u00fclfet olu\u015fturaca\u011f\u0131na de\u011finen Ar\u0131, \u201cBu iptal karar\u0131 arac\u0131n mevcut sigortal\u0131 sahibi taraf\u0131ndan yap\u0131lan sat\u0131\u015ftan sonra 15 g\u00fcn ge\u00e7erlili\u011finin iptali hakk\u0131ndad\u0131r. Ancak bir arac\u0131n sigorta yapt\u0131rma sorumlulu\u011fu &hellip;<\/p>","protected":false},"author":0,"featured_media":0,"comment_status":"open","ping_status":"open","sticky":false,"template":"","format":"standard","meta":{"_acf_changed":false,"footnotes":""},"categories":[24,535],"tags":[],"class_list":["post-20653","post","type-post","status-publish","format-standard","has-post-thumbnail","hentry","category-gundem","category-uncategorized-tr"],"acf":[],"yoast_head":"<!-- This site is optimized with the Yoast SEO Premium plugin v26.6 (Yoast SEO v27.1.1) - https:\/\/yoast.com\/product\/yoast-seo-premium-wordpress\/ -->\n<title>CHP\u2019li Ar\u0131, trafik sigortas\u0131 karma\u015fas\u0131n\u0131 meclise ta\u015f\u0131d\u0131 - Av. Deniz Can K\u0131z\u0131l<\/title>\n<meta name=\"robots\" content=\"index, follow, max-snippet:-1, max-image-preview:large, max-video-preview:-1\" \/>\n<link rel=\"canonical\" href=\"https:\/\/denizcankizil.tr\/de\/haberler\/gundem\/chpli-ari-trafik-sigortasi-karmasasini-meclise-tasidi\/\" \/>\n<meta property=\"og:locale\" content=\"de_DE\" \/>\n<meta property=\"og:type\" content=\"article\" \/>\n<meta property=\"og:title\" content=\"CHP\u2019li Ar\u0131, trafik sigortas\u0131 karma\u015fas\u0131n\u0131 meclise ta\u015f\u0131d\u0131\" \/>\n<meta property=\"og:description\" content=\"\u0130kinci el ara\u00e7lar\u0131n sat\u0131\u015f i\u015flemlerinden sonra trafik sigortas\u0131 yapt\u0131r\u0131lmas\u0131 i\u00e7in verilen 15 g\u00fcnl\u00fck s\u00fcre 5 Mart 2024 tarih ve 32480 say\u0131l\u0131 Resmi Gazete\u2019de yay\u0131nlanarak kald\u0131r\u0131lm\u0131\u015ft\u0131. Ayn\u0131 g\u00fcn i\u00e7erisinde sigorta yap\u0131lmas\u0131 herkes i\u00e7in zorunlu hale getirilmesine tepki g\u00f6steren CHP Antalya Milletvekili Cavit Ar\u0131, \u00a0Ticaret Bakan\u0131 \u00d6mer Bolat\u2019a cevaplamas\u0131 istemiyle soru \u00f6nergesi vererek, konuyu TBMM g\u00fcndemine ta\u015f\u0131d\u0131. TRAF\u0130K S\u0130GORTASI \u0130\u00c7\u0130N 15 G\u00dcNL\u00dcK S\u00dcRE \u0130PTAL ED\u0130LD\u0130\u00a0 Trafik sigortas\u0131 yapt\u0131r\u0131lmas\u0131 i\u00e7in 15 g\u00fcnl\u00fck s\u00fcrenin kald\u0131r\u0131lmas\u0131na tepki g\u00f6steren CHP\u2019li Ar\u0131, \u201c94. maddesinin \u00fc\u00e7\u00fcnc\u00fc ve d\u00f6rd\u00fcnc\u00fc f\u0131kralar\u0131n\u0131n, Ara\u00e7 sahibinin \u00fczerinde hukuki ve fiili olarak denetim ve kontrol imkan\u0131na sahip olmad\u0131\u011f\u0131 ki\u015filerin fiillerinde sorumlu tutulmas\u0131n\u0131n bir zorunluluk oldu\u011fu anlam\u0131na gelmeyece\u011fi, bu ba\u011flamda arac\u0131n devri suretiyle ara\u00e7 \u00fczerindeki her t\u00fcrl\u00fc kontrol ve denetim yetkisini yitirmi\u015f bulunan sigortal\u0131n\u0131n art\u0131k i\u015fleten s\u0131fat\u0131 kalmad\u0131\u011f\u0131 halde s\u00f6zle\u015fmesinin sigorta \u015firketince feshedilmesi halinde dahi fesih tarihinden itibaren 15 g\u00fcn boyunca, yani i\u015fletenin 3\u2019nc\u00fc ki\u015filere vermi\u015f oldu\u011fu zararlarda sorumlu tutulmas\u0131na sebep olan kanun d\u00fczenlemesinin do\u011fru olmad\u0131\u011f\u0131 gerek\u00e7esiyle iptaline karar verilmi\u015ftir\u201d dedi.\u00a0 \u0130K\u0130NC\u0130 EL ARA\u00c7 ALANLAR MA\u011eDUR OLACAK\u00a0 15 g\u00fcnl\u00fck s\u00fcrenin kald\u0131r\u0131lmas\u0131n\u0131n ikici el ara\u00e7 alan vatanda\u015flar i\u00e7in b\u00fcy\u00fck bir k\u00fclfet olu\u015fturaca\u011f\u0131na de\u011finen Ar\u0131, \u201cBu iptal karar\u0131 arac\u0131n mevcut sigortal\u0131 sahibi taraf\u0131ndan yap\u0131lan sat\u0131\u015ftan sonra 15 g\u00fcn ge\u00e7erlili\u011finin iptali hakk\u0131ndad\u0131r. Ancak bir arac\u0131n sigorta yapt\u0131rma sorumlulu\u011fu &hellip;\" \/>\n<meta property=\"og:url\" content=\"https:\/\/denizcankizil.tr\/de\/haberler\/gundem\/chpli-ari-trafik-sigortasi-karmasasini-meclise-tasidi\/\" \/>\n<meta property=\"og:site_name\" content=\"Av. Deniz Can K\u0131z\u0131l\" \/>\n<meta property=\"article:published_time\" content=\"2024-12-13T16:41:25+00:00\" \/>\n<meta name=\"twitter:card\" content=\"summary_large_image\" \/>\n<meta name=\"twitter:label1\" content=\"Gesch\u00e4tzte Lesezeit\" \/>\n\t<meta name=\"twitter:data1\" content=\"3\u00a0Minuten\" \/>\n<script type=\"application\/ld+json\" class=\"yoast-schema-graph\">{\"@context\":\"https:\/\/schema.org\",\"@graph\":[{\"@type\":\"Article\",\"@id\":\"https:\/\/denizcankizil.tr\/de\/haberler\/gundem\/chpli-ari-trafik-sigortasi-karmasasini-meclise-tasidi\/#article\",\"isPartOf\":{\"@id\":\"https:\/\/denizcankizil.tr\/de\/haberler\/gundem\/chpli-ari-trafik-sigortasi-karmasasini-meclise-tasidi\/\"},\"author\":{\"name\":\"\",\"@id\":\"\"},\"headline\":\"CHP\u2019li Ar\u0131, trafik sigortas\u0131 karma\u015fas\u0131n\u0131 meclise ta\u015f\u0131d\u0131\",\"datePublished\":\"2024-12-13T16:41:25+00:00\",\"mainEntityOfPage\":{\"@id\":\"https:\/\/denizcankizil.tr\/de\/haberler\/gundem\/chpli-ari-trafik-sigortasi-karmasasini-meclise-tasidi\/\"},\"wordCount\":565,\"commentCount\":0,\"publisher\":{\"@id\":\"https:\/\/denizcankizil.tr\/#organization\"},\"articleSection\":[\"G\u00fcndem\",\"Uncategorized\"],\"inLanguage\":\"de\",\"potentialAction\":[{\"@type\":\"CommentAction\",\"name\":\"Comment\",\"target\":[\"https:\/\/denizcankizil.tr\/de\/haberler\/gundem\/chpli-ari-trafik-sigortasi-karmasasini-meclise-tasidi\/#respond\"]}]},{\"@type\":\"WebPage\",\"@id\":\"https:\/\/denizcankizil.tr\/de\/haberler\/gundem\/chpli-ari-trafik-sigortasi-karmasasini-meclise-tasidi\/\",\"url\":\"https:\/\/denizcankizil.tr\/de\/haberler\/gundem\/chpli-ari-trafik-sigortasi-karmasasini-meclise-tasidi\/\",\"name\":\"CHP\u2019li Ar\u0131, trafik sigortas\u0131 karma\u015fas\u0131n\u0131 meclise ta\u015f\u0131d\u0131 - Av. Deniz Can K\u0131z\u0131l\",\"isPartOf\":{\"@id\":\"https:\/\/denizcankizil.tr\/#website\"},\"datePublished\":\"2024-12-13T16:41:25+00:00\",\"breadcrumb\":{\"@id\":\"https:\/\/denizcankizil.tr\/de\/haberler\/gundem\/chpli-ari-trafik-sigortasi-karmasasini-meclise-tasidi\/#breadcrumb\"},\"inLanguage\":\"de\",\"potentialAction\":[{\"@type\":\"ReadAction\",\"target\":[\"https:\/\/denizcankizil.tr\/de\/haberler\/gundem\/chpli-ari-trafik-sigortasi-karmasasini-meclise-tasidi\/\"]}]},{\"@type\":\"BreadcrumbList\",\"@id\":\"https:\/\/denizcankizil.tr\/de\/haberler\/gundem\/chpli-ari-trafik-sigortasi-karmasasini-meclise-tasidi\/#breadcrumb\",\"itemListElement\":[{\"@type\":\"ListItem\",\"position\":1,\"name\":\"Home\",\"item\":\"https:\/\/denizcankizil.tr\/de\/\"},{\"@type\":\"ListItem\",\"position\":2,\"name\":\"CHP\u2019li Ar\u0131, trafik sigortas\u0131 karma\u015fas\u0131n\u0131 meclise ta\u015f\u0131d\u0131\"}]},{\"@type\":\"WebSite\",\"@id\":\"https:\/\/denizcankizil.tr\/#website\",\"url\":\"https:\/\/denizcankizil.tr\/\",\"name\":\"Av. Deniz Can K\u0131z\u0131l\",\"description\":\"Avukat Deniz Can K\u0131z\u0131l Antalya Barosu\",\"publisher\":{\"@id\":\"https:\/\/denizcankizil.tr\/#organization\"},\"potentialAction\":[{\"@type\":\"SearchAction\",\"target\":{\"@type\":\"EntryPoint\",\"urlTemplate\":\"https:\/\/denizcankizil.tr\/?s={search_term_string}\"},\"query-input\":{\"@type\":\"PropertyValueSpecification\",\"valueRequired\":true,\"valueName\":\"search_term_string\"}}],\"inLanguage\":\"de\"},{\"@type\":\"Organization\",\"@id\":\"https:\/\/denizcankizil.tr\/#organization\",\"name\":\"Av. Deniz Can K\u0131z\u0131l\",\"url\":\"https:\/\/denizcankizil.tr\/\",\"logo\":{\"@type\":\"ImageObject\",\"inLanguage\":\"de\",\"@id\":\"https:\/\/denizcankizil.tr\/#\/schema\/logo\/image\/\",\"url\":\"https:\/\/denizcankizil.tr\/wp-content\/uploads\/2024\/10\/siyah-logo-svg.svg\",\"contentUrl\":\"https:\/\/denizcankizil.tr\/wp-content\/uploads\/2024\/10\/siyah-logo-svg.svg\",\"width\":1080,\"height\":1080,\"caption\":\"Av. Deniz Can K\u0131z\u0131l\"},\"image\":{\"@id\":\"https:\/\/denizcankizil.tr\/#\/schema\/logo\/image\/\"}}]}<\/script>\n<!-- \/ Yoast SEO Premium plugin. -->","yoast_head_json":{"title":"CHP\u2019li Ar\u0131, trafik sigortas\u0131 karma\u015fas\u0131n\u0131 meclise ta\u015f\u0131d\u0131 - Av. Deniz Can K\u0131z\u0131l","robots":{"index":"index","follow":"follow","max-snippet":"max-snippet:-1","max-image-preview":"max-image-preview:large","max-video-preview":"max-video-preview:-1"},"canonical":"https:\/\/denizcankizil.tr\/de\/haberler\/gundem\/chpli-ari-trafik-sigortasi-karmasasini-meclise-tasidi\/","og_locale":"de_DE","og_type":"article","og_title":"CHP\u2019li Ar\u0131, trafik sigortas\u0131 karma\u015fas\u0131n\u0131 meclise ta\u015f\u0131d\u0131","og_description":"\u0130kinci el ara\u00e7lar\u0131n sat\u0131\u015f i\u015flemlerinden sonra trafik sigortas\u0131 yapt\u0131r\u0131lmas\u0131 i\u00e7in verilen 15 g\u00fcnl\u00fck s\u00fcre 5 Mart 2024 tarih ve 32480 say\u0131l\u0131 Resmi Gazete\u2019de yay\u0131nlanarak kald\u0131r\u0131lm\u0131\u015ft\u0131. Ayn\u0131 g\u00fcn i\u00e7erisinde sigorta yap\u0131lmas\u0131 herkes i\u00e7in zorunlu hale getirilmesine tepki g\u00f6steren CHP Antalya Milletvekili Cavit Ar\u0131, \u00a0Ticaret Bakan\u0131 \u00d6mer Bolat\u2019a cevaplamas\u0131 istemiyle soru \u00f6nergesi vererek, konuyu TBMM g\u00fcndemine ta\u015f\u0131d\u0131. TRAF\u0130K S\u0130GORTASI \u0130\u00c7\u0130N 15 G\u00dcNL\u00dcK S\u00dcRE \u0130PTAL ED\u0130LD\u0130\u00a0 Trafik sigortas\u0131 yapt\u0131r\u0131lmas\u0131 i\u00e7in 15 g\u00fcnl\u00fck s\u00fcrenin kald\u0131r\u0131lmas\u0131na tepki g\u00f6steren CHP\u2019li Ar\u0131, \u201c94. maddesinin \u00fc\u00e7\u00fcnc\u00fc ve d\u00f6rd\u00fcnc\u00fc f\u0131kralar\u0131n\u0131n, Ara\u00e7 sahibinin \u00fczerinde hukuki ve fiili olarak denetim ve kontrol imkan\u0131na sahip olmad\u0131\u011f\u0131 ki\u015filerin fiillerinde sorumlu tutulmas\u0131n\u0131n bir zorunluluk oldu\u011fu anlam\u0131na gelmeyece\u011fi, bu ba\u011flamda arac\u0131n devri suretiyle ara\u00e7 \u00fczerindeki her t\u00fcrl\u00fc kontrol ve denetim yetkisini yitirmi\u015f bulunan sigortal\u0131n\u0131n art\u0131k i\u015fleten s\u0131fat\u0131 kalmad\u0131\u011f\u0131 halde s\u00f6zle\u015fmesinin sigorta \u015firketince feshedilmesi halinde dahi fesih tarihinden itibaren 15 g\u00fcn boyunca, yani i\u015fletenin 3\u2019nc\u00fc ki\u015filere vermi\u015f oldu\u011fu zararlarda sorumlu tutulmas\u0131na sebep olan kanun d\u00fczenlemesinin do\u011fru olmad\u0131\u011f\u0131 gerek\u00e7esiyle iptaline karar verilmi\u015ftir\u201d dedi.\u00a0 \u0130K\u0130NC\u0130 EL ARA\u00c7 ALANLAR MA\u011eDUR OLACAK\u00a0 15 g\u00fcnl\u00fck s\u00fcrenin kald\u0131r\u0131lmas\u0131n\u0131n ikici el ara\u00e7 alan vatanda\u015flar i\u00e7in b\u00fcy\u00fck bir k\u00fclfet olu\u015fturaca\u011f\u0131na de\u011finen Ar\u0131, \u201cBu iptal karar\u0131 arac\u0131n mevcut sigortal\u0131 sahibi taraf\u0131ndan yap\u0131lan sat\u0131\u015ftan sonra 15 g\u00fcn ge\u00e7erlili\u011finin iptali hakk\u0131ndad\u0131r. Ancak bir arac\u0131n sigorta yapt\u0131rma sorumlulu\u011fu &hellip;","og_url":"https:\/\/denizcankizil.tr\/de\/haberler\/gundem\/chpli-ari-trafik-sigortasi-karmasasini-meclise-tasidi\/","og_site_name":"Av. Deniz Can K\u0131z\u0131l","article_published_time":"2024-12-13T16:41:25+00:00","twitter_card":"summary_large_image","twitter_misc":{"Gesch\u00e4tzte Lesezeit":"3\u00a0Minuten"},"schema":{"@context":"https:\/\/schema.org","@graph":[{"@type":"Article","@id":"https:\/\/denizcankizil.tr\/de\/haberler\/gundem\/chpli-ari-trafik-sigortasi-karmasasini-meclise-tasidi\/#article","isPartOf":{"@id":"https:\/\/denizcankizil.tr\/de\/haberler\/gundem\/chpli-ari-trafik-sigortasi-karmasasini-meclise-tasidi\/"},"author":{"name":"","@id":""},"headline":"CHP\u2019li Ar\u0131, trafik sigortas\u0131 karma\u015fas\u0131n\u0131 meclise ta\u015f\u0131d\u0131","datePublished":"2024-12-13T16:41:25+00:00","mainEntityOfPage":{"@id":"https:\/\/denizcankizil.tr\/de\/haberler\/gundem\/chpli-ari-trafik-sigortasi-karmasasini-meclise-tasidi\/"},"wordCount":565,"commentCount":0,"publisher":{"@id":"https:\/\/denizcankizil.tr\/#organization"},"articleSection":["G\u00fcndem","Uncategorized"],"inLanguage":"de","potentialAction":[{"@type":"CommentAction","name":"Comment","target":["https:\/\/denizcankizil.tr\/de\/haberler\/gundem\/chpli-ari-trafik-sigortasi-karmasasini-meclise-tasidi\/#respond"]}]},{"@type":"WebPage","@id":"https:\/\/denizcankizil.tr\/de\/haberler\/gundem\/chpli-ari-trafik-sigortasi-karmasasini-meclise-tasidi\/","url":"https:\/\/denizcankizil.tr\/de\/haberler\/gundem\/chpli-ari-trafik-sigortasi-karmasasini-meclise-tasidi\/","name":"CHP\u2019li Ar\u0131, trafik sigortas\u0131 karma\u015fas\u0131n\u0131 meclise ta\u015f\u0131d\u0131 - Av. Deniz Can K\u0131z\u0131l","isPartOf":{"@id":"https:\/\/denizcankizil.tr\/#website"},"datePublished":"2024-12-13T16:41:25+00:00","breadcrumb":{"@id":"https:\/\/denizcankizil.tr\/de\/haberler\/gundem\/chpli-ari-trafik-sigortasi-karmasasini-meclise-tasidi\/#breadcrumb"},"inLanguage":"de","potentialAction":[{"@type":"ReadAction","target":["https:\/\/denizcankizil.tr\/de\/haberler\/gundem\/chpli-ari-trafik-sigortasi-karmasasini-meclise-tasidi\/"]}]},{"@type":"BreadcrumbList","@id":"https:\/\/denizcankizil.tr\/de\/haberler\/gundem\/chpli-ari-trafik-sigortasi-karmasasini-meclise-tasidi\/#breadcrumb","itemListElement":[{"@type":"ListItem","position":1,"name":"Home","item":"https:\/\/denizcankizil.tr\/de\/"},{"@type":"ListItem","position":2,"name":"CHP\u2019li Ar\u0131, trafik sigortas\u0131 karma\u015fas\u0131n\u0131 meclise ta\u015f\u0131d\u0131"}]},{"@type":"WebSite","@id":"https:\/\/denizcankizil.tr\/#website","url":"https:\/\/denizcankizil.tr\/","name":"Av. Deniz Can K\u0131z\u0131l","description":"Avukat Deniz Can K\u0131z\u0131l Antalya Barosu","publisher":{"@id":"https:\/\/denizcankizil.tr\/#organization"},"potentialAction":[{"@type":"SearchAction","target":{"@type":"EntryPoint","urlTemplate":"https:\/\/denizcankizil.tr\/?s={search_term_string}"},"query-input":{"@type":"PropertyValueSpecification","valueRequired":true,"valueName":"search_term_string"}}],"inLanguage":"de"},{"@type":"Organization","@id":"https:\/\/denizcankizil.tr\/#organization","name":"Av. Deniz Can K\u0131z\u0131l","url":"https:\/\/denizcankizil.tr\/","logo":{"@type":"ImageObject","inLanguage":"de","@id":"https:\/\/denizcankizil.tr\/#\/schema\/logo\/image\/","url":"https:\/\/denizcankizil.tr\/wp-content\/uploads\/2024\/10\/siyah-logo-svg.svg","contentUrl":"https:\/\/denizcankizil.tr\/wp-content\/uploads\/2024\/10\/siyah-logo-svg.svg","width":1080,"height":1080,"caption":"Av. Deniz Can K\u0131z\u0131l"},"image":{"@id":"https:\/\/denizcankizil.tr\/#\/schema\/logo\/image\/"}}]}},"_links":{"self":[{"href":"https:\/\/denizcankizil.tr\/de\/wp-json\/wp\/v2\/posts\/20653","targetHints":{"allow":["GET"]}}],"collection":[{"href":"https:\/\/denizcankizil.tr\/de\/wp-json\/wp\/v2\/posts"}],"about":[{"href":"https:\/\/denizcankizil.tr\/de\/wp-json\/wp\/v2\/types\/post"}],"replies":[{"embeddable":true,"href":"https:\/\/denizcankizil.tr\/de\/wp-json\/wp\/v2\/comments?post=20653"}],"version-history":[{"count":0,"href":"https:\/\/denizcankizil.tr\/de\/wp-json\/wp\/v2\/posts\/20653\/revisions"}],"wp:attachment":[{"href":"https:\/\/denizcankizil.tr\/de\/wp-json\/wp\/v2\/media?parent=20653"}],"wp:term":[{"taxonomy":"category","embeddable":true,"href":"https:\/\/denizcankizil.tr\/de\/wp-json\/wp\/v2\/categories?post=20653"},{"taxonomy":"post_tag","embeddable":true,"href":"https:\/\/denizcankizil.tr\/de\/wp-json\/wp\/v2\/tags?post=20653"}],"curies":[{"name":"wp","href":"https:\/\/api.w.org\/{rel}","templated":true}]}}