{"id":20170,"date":"2024-12-10T23:13:00","date_gmt":"2024-12-10T20:13:00","guid":{"rendered":"https:\/\/denizcankizil.tr\/uncategorized-tr\/hakim-ve-savcilar-poliklinik-muayenelerinde-oncelik-sirasina-alindi\/"},"modified":"2024-12-10T23:13:00","modified_gmt":"2024-12-10T20:13:00","slug":"hakim-ve-savcilar-poliklinik-muayenelerinde-oncelik-sirasina-alindi","status":"publish","type":"post","link":"https:\/\/denizcankizil.tr\/de\/hukukihaber\/hakim-ve-savcilar-poliklinik-muayenelerinde-oncelik-sirasina-alindi\/","title":{"rendered":"Hakim ve savc\u0131lar poliklinik muayenelerinde \u00f6ncelik s\u0131ras\u0131na al\u0131nd\u0131"},"content":{"rendered":"<p>Yarg\u0131da Birlik Derne\u011fi yapt\u0131\u011f\u0131 a\u00e7\u0131klamada, Sa\u011fl\u0131k Bakanl\u0131\u011f\u0131 Hukuk Hizmetleri Genel M\u00fcd\u00fcrl\u00fc\u011f\u00fc&#8217;n\u00fcn 2024\/11 say\u0131l\u0131 genelgesiyle &#8220;Hakimler ve Cumhuriyet Savc\u0131lar\u0131&#8221;n\u0131n sa\u011fl\u0131k kurum ve kurulu\u015flar\u0131nda poliklinik muayenelerinde \u00f6ncelik s\u0131ras\u0131 alacak gruplar aras\u0131na dahil edildi\u011fini duyurdu.<\/p>\n<p>2010 y\u0131l\u0131nda eski Sa\u011fl\u0131k Bakan\u0131 Recep Akda\u011f, 81 ile g\u00f6nderdi\u011fi genelgeyle, hakim ve savc\u0131lara sa\u011fl\u0131k kurulu\u015flar\u0131nda sa\u011flanan \u00f6nceli\u011fin Anayasan\u0131n e\u015fitlik ilkesine ayk\u0131r\u0131 oldu\u011funu ifade ederek ayn\u0131 y\u00f6ndeki uygulamay\u0131 kald\u0131rm\u0131\u015ft\u0131.<\/p>\n<p>Sa\u011fl\u0131k Bakanl\u0131\u011f\u0131 Hukuk Hizmetleri Genel M\u00fcd\u00fcrl\u00fc\u011f\u00fc&#8217;n\u00fcn 2024\/11 say\u0131l\u0131 Poliklinik Hizmetlerinde \u00d6ncelik S\u0131ras\u0131 alacak gruplar a\u015fa\u011fadaki gibidir;<\/p>\n<p>1. Acil vakalar (Ani geli\u015fen hastal\u0131k, kaza, yaralanma ve benzeri durumlar ile ivedilikle t\u0131bbi m\u00fcdahale yap\u0131lmas\u0131 gerekti\u011fine hekim taraf\u0131ndan karar verilen vakalar),<\/p>\n<p>2. Engelli hastalar,<\/p>\n<p>3. Hamileler,<\/p>\n<p>4. 65 ya\u015f \u00fcst\u00fc hastalar,<\/p>\n<p>5. Yedi ya\u015f\u0131ndan k\u00fc\u00e7\u00fck \u00e7ocuklar,<\/p>\n<p>6. Harp ve vazife \u015fehitlerinin dul ve yetimleri ile mal\u00fcl ve gaziler ile aileleri,<\/p>\n<p>7. 669 say\u0131l\u0131 Kanun H\u00fckm\u00fcnde Kararname(KHK) kapsam\u0131nda T\u00fcrk Silahl\u0131 Kuvvetlerinden Sa\u011fl\u0131k Bakanl\u0131\u011f\u0131na devredilen sa\u011fl\u0131k kurulu\u015flar\u0131nda ge\u00e7erli olmak \u00fczere \u00f6ncelikli olarak garnizon d\u0131\u015f\u0131ndan sevkle gelenler, hizmetteki Silahl\u0131 Kuvvetleri (TSK), Jandarma Genel komutanl\u0131\u011f\u0131 (JGK) ve Sahil G\u00fcvenlik Komutanl\u0131\u011f\u0131 (SGK) personeli ve bakmakla y\u00fck\u00fcml\u00fc oldu\u011fu ki\u015filer ile emekli TSK; J.Gn.K.l\u0131\u011f\u0131 ve S.G.K.l\u0131\u011f\u0131 personeli ve bakmakla y\u00fck\u00fcml\u00fc oldu\u011fu ki\u015filer,<\/p>\n<p>8. 5395 say\u0131l\u0131 \u00c7ocuk Koruma Kanunu kapsam\u0131nda koruyucu ve destekleyici tedbir karar\u0131 alan \u00e7ocuklar,<\/p>\n<p>9. 6284 s\u0131y\u0131l\u0131 Ailenin Korunmas\u0131 ve Kad\u0131na Kar\u015f\u0131 \u015eiddetin \u00d6nlenmesine Dair Kanun kapsam\u0131nda hakk\u0131nda koruyucu tedbir karar\u0131 olan ya da kad\u0131n konuk evinden hizmet alan kad\u0131n ve beraberindeki \u00e7ocuklar,<\/p>\n<p>10. Hakim ve Cumhuriyet Savc\u0131lar\u0131,<\/p>\n<p>\u200bSa\u011fl\u0131k Bakanl\u0131\u011f\u0131 Hukuk Hizmetleri Genel M\u00fcd\u00fcrl\u00fc\u011f\u00fc&#8217;n\u00fcn 2024\/11 say\u0131l\u0131 genelgesiyle hakimler ile Cumhuriyet savc\u0131lar\u0131 sa\u011fl\u0131k kurumlar\u0131n\u0131n poliklinik muayenelerinde \u00f6ncelik s\u0131ras\u0131 alacak gruplar aras\u0131na dahil edildi.\u00a0Hukuki Haber<\/p>","protected":false},"excerpt":{"rendered":"<p>Yarg\u0131da Birlik Derne\u011fi yapt\u0131\u011f\u0131 a\u00e7\u0131klamada, Sa\u011fl\u0131k Bakanl\u0131\u011f\u0131 Hukuk Hizmetleri Genel M\u00fcd\u00fcrl\u00fc\u011f\u00fc&#8217;n\u00fcn 2024\/11 say\u0131l\u0131 genelgesiyle &#8220;Hakimler ve Cumhuriyet Savc\u0131lar\u0131&#8221;n\u0131n sa\u011fl\u0131k kurum ve kurulu\u015flar\u0131nda poliklinik muayenelerinde \u00f6ncelik s\u0131ras\u0131 alacak gruplar aras\u0131na dahil edildi\u011fini duyurdu. 2010 y\u0131l\u0131nda eski Sa\u011fl\u0131k Bakan\u0131 Recep Akda\u011f, 81 ile g\u00f6nderdi\u011fi genelgeyle, hakim ve savc\u0131lara sa\u011fl\u0131k kurulu\u015flar\u0131nda sa\u011flanan \u00f6nceli\u011fin Anayasan\u0131n e\u015fitlik ilkesine ayk\u0131r\u0131 oldu\u011funu ifade ederek ayn\u0131 y\u00f6ndeki uygulamay\u0131 kald\u0131rm\u0131\u015ft\u0131. Sa\u011fl\u0131k Bakanl\u0131\u011f\u0131 Hukuk Hizmetleri Genel M\u00fcd\u00fcrl\u00fc\u011f\u00fc&#8217;n\u00fcn 2024\/11 say\u0131l\u0131 Poliklinik Hizmetlerinde \u00d6ncelik S\u0131ras\u0131 alacak gruplar a\u015fa\u011fadaki gibidir; 1. Acil vakalar (Ani geli\u015fen hastal\u0131k, kaza, yaralanma ve benzeri durumlar ile ivedilikle t\u0131bbi m\u00fcdahale yap\u0131lmas\u0131 gerekti\u011fine hekim taraf\u0131ndan karar verilen vakalar), 2. Engelli hastalar, 3. Hamileler, 4. 65 ya\u015f \u00fcst\u00fc hastalar, 5. Yedi ya\u015f\u0131ndan k\u00fc\u00e7\u00fck \u00e7ocuklar, 6. Harp ve vazife \u015fehitlerinin dul ve yetimleri ile mal\u00fcl ve gaziler ile aileleri, 7. 669 say\u0131l\u0131 Kanun H\u00fckm\u00fcnde Kararname(KHK) kapsam\u0131nda T\u00fcrk Silahl\u0131 Kuvvetlerinden Sa\u011fl\u0131k Bakanl\u0131\u011f\u0131na devredilen sa\u011fl\u0131k kurulu\u015flar\u0131nda ge\u00e7erli olmak \u00fczere \u00f6ncelikli olarak garnizon d\u0131\u015f\u0131ndan sevkle gelenler, hizmetteki Silahl\u0131 Kuvvetleri (TSK), Jandarma Genel komutanl\u0131\u011f\u0131 (JGK) ve Sahil G\u00fcvenlik Komutanl\u0131\u011f\u0131 (SGK) personeli ve bakmakla y\u00fck\u00fcml\u00fc oldu\u011fu ki\u015filer ile emekli TSK; J.Gn.K.l\u0131\u011f\u0131 ve S.G.K.l\u0131\u011f\u0131 personeli ve bakmakla y\u00fck\u00fcml\u00fc oldu\u011fu ki\u015filer, 8. 5395 say\u0131l\u0131 \u00c7ocuk Koruma Kanunu kapsam\u0131nda koruyucu ve destekleyici tedbir karar\u0131 alan \u00e7ocuklar, 9. 6284 s\u0131y\u0131l\u0131 &hellip;<\/p>","protected":false},"author":0,"featured_media":0,"comment_status":"open","ping_status":"open","sticky":false,"template":"","format":"standard","meta":{"_acf_changed":false,"footnotes":""},"categories":[27,535],"tags":[],"class_list":["post-20170","post","type-post","status-publish","format-standard","has-post-thumbnail","hentry","category-hukukihaber","category-uncategorized-tr"],"acf":[],"yoast_head":"<!-- This site is optimized with the Yoast SEO Premium plugin v26.6 (Yoast SEO v27.1.1) - https:\/\/yoast.com\/product\/yoast-seo-premium-wordpress\/ -->\n<title>Hakim ve savc\u0131lar poliklinik muayenelerinde \u00f6ncelik s\u0131ras\u0131na al\u0131nd\u0131 - Av. Deniz Can K\u0131z\u0131l<\/title>\n<meta name=\"robots\" content=\"index, follow, max-snippet:-1, max-image-preview:large, max-video-preview:-1\" \/>\n<link rel=\"canonical\" href=\"https:\/\/denizcankizil.tr\/de\/hukukihaber\/hakim-ve-savcilar-poliklinik-muayenelerinde-oncelik-sirasina-alindi\/\" \/>\n<meta property=\"og:locale\" content=\"de_DE\" \/>\n<meta property=\"og:type\" content=\"article\" \/>\n<meta property=\"og:title\" content=\"Hakim ve savc\u0131lar poliklinik muayenelerinde \u00f6ncelik s\u0131ras\u0131na al\u0131nd\u0131\" \/>\n<meta property=\"og:description\" content=\"Yarg\u0131da Birlik Derne\u011fi yapt\u0131\u011f\u0131 a\u00e7\u0131klamada, Sa\u011fl\u0131k Bakanl\u0131\u011f\u0131 Hukuk Hizmetleri Genel M\u00fcd\u00fcrl\u00fc\u011f\u00fc&#8217;n\u00fcn 2024\/11 say\u0131l\u0131 genelgesiyle &#8220;Hakimler ve Cumhuriyet Savc\u0131lar\u0131&#8221;n\u0131n sa\u011fl\u0131k kurum ve kurulu\u015flar\u0131nda poliklinik muayenelerinde \u00f6ncelik s\u0131ras\u0131 alacak gruplar aras\u0131na dahil edildi\u011fini duyurdu. 2010 y\u0131l\u0131nda eski Sa\u011fl\u0131k Bakan\u0131 Recep Akda\u011f, 81 ile g\u00f6nderdi\u011fi genelgeyle, hakim ve savc\u0131lara sa\u011fl\u0131k kurulu\u015flar\u0131nda sa\u011flanan \u00f6nceli\u011fin Anayasan\u0131n e\u015fitlik ilkesine ayk\u0131r\u0131 oldu\u011funu ifade ederek ayn\u0131 y\u00f6ndeki uygulamay\u0131 kald\u0131rm\u0131\u015ft\u0131. Sa\u011fl\u0131k Bakanl\u0131\u011f\u0131 Hukuk Hizmetleri Genel M\u00fcd\u00fcrl\u00fc\u011f\u00fc&#8217;n\u00fcn 2024\/11 say\u0131l\u0131 Poliklinik Hizmetlerinde \u00d6ncelik S\u0131ras\u0131 alacak gruplar a\u015fa\u011fadaki gibidir; 1. Acil vakalar (Ani geli\u015fen hastal\u0131k, kaza, yaralanma ve benzeri durumlar ile ivedilikle t\u0131bbi m\u00fcdahale yap\u0131lmas\u0131 gerekti\u011fine hekim taraf\u0131ndan karar verilen vakalar), 2. Engelli hastalar, 3. Hamileler, 4. 65 ya\u015f \u00fcst\u00fc hastalar, 5. Yedi ya\u015f\u0131ndan k\u00fc\u00e7\u00fck \u00e7ocuklar, 6. Harp ve vazife \u015fehitlerinin dul ve yetimleri ile mal\u00fcl ve gaziler ile aileleri, 7. 669 say\u0131l\u0131 Kanun H\u00fckm\u00fcnde Kararname(KHK) kapsam\u0131nda T\u00fcrk Silahl\u0131 Kuvvetlerinden Sa\u011fl\u0131k Bakanl\u0131\u011f\u0131na devredilen sa\u011fl\u0131k kurulu\u015flar\u0131nda ge\u00e7erli olmak \u00fczere \u00f6ncelikli olarak garnizon d\u0131\u015f\u0131ndan sevkle gelenler, hizmetteki Silahl\u0131 Kuvvetleri (TSK), Jandarma Genel komutanl\u0131\u011f\u0131 (JGK) ve Sahil G\u00fcvenlik Komutanl\u0131\u011f\u0131 (SGK) personeli ve bakmakla y\u00fck\u00fcml\u00fc oldu\u011fu ki\u015filer ile emekli TSK; J.Gn.K.l\u0131\u011f\u0131 ve S.G.K.l\u0131\u011f\u0131 personeli ve bakmakla y\u00fck\u00fcml\u00fc oldu\u011fu ki\u015filer, 8. 5395 say\u0131l\u0131 \u00c7ocuk Koruma Kanunu kapsam\u0131nda koruyucu ve destekleyici tedbir karar\u0131 alan \u00e7ocuklar, 9. 6284 s\u0131y\u0131l\u0131 &hellip;\" \/>\n<meta property=\"og:url\" content=\"https:\/\/denizcankizil.tr\/de\/hukukihaber\/hakim-ve-savcilar-poliklinik-muayenelerinde-oncelik-sirasina-alindi\/\" \/>\n<meta property=\"og:site_name\" content=\"Av. Deniz Can K\u0131z\u0131l\" \/>\n<meta property=\"article:published_time\" content=\"2024-12-10T20:13:00+00:00\" \/>\n<meta name=\"twitter:card\" content=\"summary_large_image\" \/>\n<meta name=\"twitter:label1\" content=\"Gesch\u00e4tzte Lesezeit\" \/>\n\t<meta name=\"twitter:data1\" content=\"2\u00a0Minuten\" \/>\n<script type=\"application\/ld+json\" class=\"yoast-schema-graph\">{\"@context\":\"https:\/\/schema.org\",\"@graph\":[{\"@type\":\"Article\",\"@id\":\"https:\/\/denizcankizil.tr\/ru\/hukukihaber\/hakim-ve-savcilar-poliklinik-muayenelerinde-oncelik-sirasina-alindi\/#article\",\"isPartOf\":{\"@id\":\"https:\/\/denizcankizil.tr\/ru\/hukukihaber\/hakim-ve-savcilar-poliklinik-muayenelerinde-oncelik-sirasina-alindi\/\"},\"author\":{\"name\":\"\",\"@id\":\"\"},\"headline\":\"Hakim ve savc\u0131lar poliklinik muayenelerinde \u00f6ncelik s\u0131ras\u0131na al\u0131nd\u0131\",\"datePublished\":\"2024-12-10T20:13:00+00:00\",\"mainEntityOfPage\":{\"@id\":\"https:\/\/denizcankizil.tr\/ru\/hukukihaber\/hakim-ve-savcilar-poliklinik-muayenelerinde-oncelik-sirasina-alindi\/\"},\"wordCount\":364,\"commentCount\":0,\"publisher\":{\"@id\":\"https:\/\/denizcankizil.tr\/#organization\"},\"articleSection\":[\"Hukuki Haberler\",\"Uncategorized\"],\"inLanguage\":\"de\",\"potentialAction\":[{\"@type\":\"CommentAction\",\"name\":\"Comment\",\"target\":[\"https:\/\/denizcankizil.tr\/ru\/hukukihaber\/hakim-ve-savcilar-poliklinik-muayenelerinde-oncelik-sirasina-alindi\/#respond\"]}]},{\"@type\":\"WebPage\",\"@id\":\"https:\/\/denizcankizil.tr\/ru\/hukukihaber\/hakim-ve-savcilar-poliklinik-muayenelerinde-oncelik-sirasina-alindi\/\",\"url\":\"https:\/\/denizcankizil.tr\/ru\/hukukihaber\/hakim-ve-savcilar-poliklinik-muayenelerinde-oncelik-sirasina-alindi\/\",\"name\":\"Hakim ve savc\u0131lar poliklinik muayenelerinde \u00f6ncelik s\u0131ras\u0131na al\u0131nd\u0131 - Av. Deniz Can K\u0131z\u0131l\",\"isPartOf\":{\"@id\":\"https:\/\/denizcankizil.tr\/#website\"},\"datePublished\":\"2024-12-10T20:13:00+00:00\",\"breadcrumb\":{\"@id\":\"https:\/\/denizcankizil.tr\/ru\/hukukihaber\/hakim-ve-savcilar-poliklinik-muayenelerinde-oncelik-sirasina-alindi\/#breadcrumb\"},\"inLanguage\":\"de\",\"potentialAction\":[{\"@type\":\"ReadAction\",\"target\":[\"https:\/\/denizcankizil.tr\/ru\/hukukihaber\/hakim-ve-savcilar-poliklinik-muayenelerinde-oncelik-sirasina-alindi\/\"]}]},{\"@type\":\"BreadcrumbList\",\"@id\":\"https:\/\/denizcankizil.tr\/ru\/hukukihaber\/hakim-ve-savcilar-poliklinik-muayenelerinde-oncelik-sirasina-alindi\/#breadcrumb\",\"itemListElement\":[{\"@type\":\"ListItem\",\"position\":1,\"name\":\"Home\",\"item\":\"https:\/\/denizcankizil.tr\/de\/\"},{\"@type\":\"ListItem\",\"position\":2,\"name\":\"Hakim ve savc\u0131lar poliklinik muayenelerinde \u00f6ncelik s\u0131ras\u0131na al\u0131nd\u0131\"}]},{\"@type\":\"WebSite\",\"@id\":\"https:\/\/denizcankizil.tr\/#website\",\"url\":\"https:\/\/denizcankizil.tr\/\",\"name\":\"Av. Deniz Can K\u0131z\u0131l\",\"description\":\"Avukat Deniz Can K\u0131z\u0131l Antalya Barosu\",\"publisher\":{\"@id\":\"https:\/\/denizcankizil.tr\/#organization\"},\"potentialAction\":[{\"@type\":\"SearchAction\",\"target\":{\"@type\":\"EntryPoint\",\"urlTemplate\":\"https:\/\/denizcankizil.tr\/?s={search_term_string}\"},\"query-input\":{\"@type\":\"PropertyValueSpecification\",\"valueRequired\":true,\"valueName\":\"search_term_string\"}}],\"inLanguage\":\"de\"},{\"@type\":\"Organization\",\"@id\":\"https:\/\/denizcankizil.tr\/#organization\",\"name\":\"Av. Deniz Can K\u0131z\u0131l\",\"url\":\"https:\/\/denizcankizil.tr\/\",\"logo\":{\"@type\":\"ImageObject\",\"inLanguage\":\"de\",\"@id\":\"https:\/\/denizcankizil.tr\/#\/schema\/logo\/image\/\",\"url\":\"https:\/\/denizcankizil.tr\/wp-content\/uploads\/2024\/10\/siyah-logo-svg.svg\",\"contentUrl\":\"https:\/\/denizcankizil.tr\/wp-content\/uploads\/2024\/10\/siyah-logo-svg.svg\",\"width\":1080,\"height\":1080,\"caption\":\"Av. Deniz Can K\u0131z\u0131l\"},\"image\":{\"@id\":\"https:\/\/denizcankizil.tr\/#\/schema\/logo\/image\/\"}}]}<\/script>\n<!-- \/ Yoast SEO Premium plugin. -->","yoast_head_json":{"title":"Hakim ve savc\u0131lar poliklinik muayenelerinde \u00f6ncelik s\u0131ras\u0131na al\u0131nd\u0131 - Av. Deniz Can K\u0131z\u0131l","robots":{"index":"index","follow":"follow","max-snippet":"max-snippet:-1","max-image-preview":"max-image-preview:large","max-video-preview":"max-video-preview:-1"},"canonical":"https:\/\/denizcankizil.tr\/de\/hukukihaber\/hakim-ve-savcilar-poliklinik-muayenelerinde-oncelik-sirasina-alindi\/","og_locale":"de_DE","og_type":"article","og_title":"Hakim ve savc\u0131lar poliklinik muayenelerinde \u00f6ncelik s\u0131ras\u0131na al\u0131nd\u0131","og_description":"Yarg\u0131da Birlik Derne\u011fi yapt\u0131\u011f\u0131 a\u00e7\u0131klamada, Sa\u011fl\u0131k Bakanl\u0131\u011f\u0131 Hukuk Hizmetleri Genel M\u00fcd\u00fcrl\u00fc\u011f\u00fc&#8217;n\u00fcn 2024\/11 say\u0131l\u0131 genelgesiyle &#8220;Hakimler ve Cumhuriyet Savc\u0131lar\u0131&#8221;n\u0131n sa\u011fl\u0131k kurum ve kurulu\u015flar\u0131nda poliklinik muayenelerinde \u00f6ncelik s\u0131ras\u0131 alacak gruplar aras\u0131na dahil edildi\u011fini duyurdu. 2010 y\u0131l\u0131nda eski Sa\u011fl\u0131k Bakan\u0131 Recep Akda\u011f, 81 ile g\u00f6nderdi\u011fi genelgeyle, hakim ve savc\u0131lara sa\u011fl\u0131k kurulu\u015flar\u0131nda sa\u011flanan \u00f6nceli\u011fin Anayasan\u0131n e\u015fitlik ilkesine ayk\u0131r\u0131 oldu\u011funu ifade ederek ayn\u0131 y\u00f6ndeki uygulamay\u0131 kald\u0131rm\u0131\u015ft\u0131. Sa\u011fl\u0131k Bakanl\u0131\u011f\u0131 Hukuk Hizmetleri Genel M\u00fcd\u00fcrl\u00fc\u011f\u00fc&#8217;n\u00fcn 2024\/11 say\u0131l\u0131 Poliklinik Hizmetlerinde \u00d6ncelik S\u0131ras\u0131 alacak gruplar a\u015fa\u011fadaki gibidir; 1. Acil vakalar (Ani geli\u015fen hastal\u0131k, kaza, yaralanma ve benzeri durumlar ile ivedilikle t\u0131bbi m\u00fcdahale yap\u0131lmas\u0131 gerekti\u011fine hekim taraf\u0131ndan karar verilen vakalar), 2. Engelli hastalar, 3. Hamileler, 4. 65 ya\u015f \u00fcst\u00fc hastalar, 5. Yedi ya\u015f\u0131ndan k\u00fc\u00e7\u00fck \u00e7ocuklar, 6. Harp ve vazife \u015fehitlerinin dul ve yetimleri ile mal\u00fcl ve gaziler ile aileleri, 7. 669 say\u0131l\u0131 Kanun H\u00fckm\u00fcnde Kararname(KHK) kapsam\u0131nda T\u00fcrk Silahl\u0131 Kuvvetlerinden Sa\u011fl\u0131k Bakanl\u0131\u011f\u0131na devredilen sa\u011fl\u0131k kurulu\u015flar\u0131nda ge\u00e7erli olmak \u00fczere \u00f6ncelikli olarak garnizon d\u0131\u015f\u0131ndan sevkle gelenler, hizmetteki Silahl\u0131 Kuvvetleri (TSK), Jandarma Genel komutanl\u0131\u011f\u0131 (JGK) ve Sahil G\u00fcvenlik Komutanl\u0131\u011f\u0131 (SGK) personeli ve bakmakla y\u00fck\u00fcml\u00fc oldu\u011fu ki\u015filer ile emekli TSK; J.Gn.K.l\u0131\u011f\u0131 ve S.G.K.l\u0131\u011f\u0131 personeli ve bakmakla y\u00fck\u00fcml\u00fc oldu\u011fu ki\u015filer, 8. 5395 say\u0131l\u0131 \u00c7ocuk Koruma Kanunu kapsam\u0131nda koruyucu ve destekleyici tedbir karar\u0131 alan \u00e7ocuklar, 9. 6284 s\u0131y\u0131l\u0131 &hellip;","og_url":"https:\/\/denizcankizil.tr\/de\/hukukihaber\/hakim-ve-savcilar-poliklinik-muayenelerinde-oncelik-sirasina-alindi\/","og_site_name":"Av. Deniz Can K\u0131z\u0131l","article_published_time":"2024-12-10T20:13:00+00:00","twitter_card":"summary_large_image","twitter_misc":{"Gesch\u00e4tzte Lesezeit":"2\u00a0Minuten"},"schema":{"@context":"https:\/\/schema.org","@graph":[{"@type":"Article","@id":"https:\/\/denizcankizil.tr\/ru\/hukukihaber\/hakim-ve-savcilar-poliklinik-muayenelerinde-oncelik-sirasina-alindi\/#article","isPartOf":{"@id":"https:\/\/denizcankizil.tr\/ru\/hukukihaber\/hakim-ve-savcilar-poliklinik-muayenelerinde-oncelik-sirasina-alindi\/"},"author":{"name":"","@id":""},"headline":"Hakim ve savc\u0131lar poliklinik muayenelerinde \u00f6ncelik s\u0131ras\u0131na al\u0131nd\u0131","datePublished":"2024-12-10T20:13:00+00:00","mainEntityOfPage":{"@id":"https:\/\/denizcankizil.tr\/ru\/hukukihaber\/hakim-ve-savcilar-poliklinik-muayenelerinde-oncelik-sirasina-alindi\/"},"wordCount":364,"commentCount":0,"publisher":{"@id":"https:\/\/denizcankizil.tr\/#organization"},"articleSection":["Hukuki Haberler","Uncategorized"],"inLanguage":"de","potentialAction":[{"@type":"CommentAction","name":"Comment","target":["https:\/\/denizcankizil.tr\/ru\/hukukihaber\/hakim-ve-savcilar-poliklinik-muayenelerinde-oncelik-sirasina-alindi\/#respond"]}]},{"@type":"WebPage","@id":"https:\/\/denizcankizil.tr\/ru\/hukukihaber\/hakim-ve-savcilar-poliklinik-muayenelerinde-oncelik-sirasina-alindi\/","url":"https:\/\/denizcankizil.tr\/ru\/hukukihaber\/hakim-ve-savcilar-poliklinik-muayenelerinde-oncelik-sirasina-alindi\/","name":"Hakim ve savc\u0131lar poliklinik muayenelerinde \u00f6ncelik s\u0131ras\u0131na al\u0131nd\u0131 - Av. Deniz Can K\u0131z\u0131l","isPartOf":{"@id":"https:\/\/denizcankizil.tr\/#website"},"datePublished":"2024-12-10T20:13:00+00:00","breadcrumb":{"@id":"https:\/\/denizcankizil.tr\/ru\/hukukihaber\/hakim-ve-savcilar-poliklinik-muayenelerinde-oncelik-sirasina-alindi\/#breadcrumb"},"inLanguage":"de","potentialAction":[{"@type":"ReadAction","target":["https:\/\/denizcankizil.tr\/ru\/hukukihaber\/hakim-ve-savcilar-poliklinik-muayenelerinde-oncelik-sirasina-alindi\/"]}]},{"@type":"BreadcrumbList","@id":"https:\/\/denizcankizil.tr\/ru\/hukukihaber\/hakim-ve-savcilar-poliklinik-muayenelerinde-oncelik-sirasina-alindi\/#breadcrumb","itemListElement":[{"@type":"ListItem","position":1,"name":"Home","item":"https:\/\/denizcankizil.tr\/de\/"},{"@type":"ListItem","position":2,"name":"Hakim ve savc\u0131lar poliklinik muayenelerinde \u00f6ncelik s\u0131ras\u0131na al\u0131nd\u0131"}]},{"@type":"WebSite","@id":"https:\/\/denizcankizil.tr\/#website","url":"https:\/\/denizcankizil.tr\/","name":"Av. Deniz Can K\u0131z\u0131l","description":"Avukat Deniz Can K\u0131z\u0131l Antalya Barosu","publisher":{"@id":"https:\/\/denizcankizil.tr\/#organization"},"potentialAction":[{"@type":"SearchAction","target":{"@type":"EntryPoint","urlTemplate":"https:\/\/denizcankizil.tr\/?s={search_term_string}"},"query-input":{"@type":"PropertyValueSpecification","valueRequired":true,"valueName":"search_term_string"}}],"inLanguage":"de"},{"@type":"Organization","@id":"https:\/\/denizcankizil.tr\/#organization","name":"Av. Deniz Can K\u0131z\u0131l","url":"https:\/\/denizcankizil.tr\/","logo":{"@type":"ImageObject","inLanguage":"de","@id":"https:\/\/denizcankizil.tr\/#\/schema\/logo\/image\/","url":"https:\/\/denizcankizil.tr\/wp-content\/uploads\/2024\/10\/siyah-logo-svg.svg","contentUrl":"https:\/\/denizcankizil.tr\/wp-content\/uploads\/2024\/10\/siyah-logo-svg.svg","width":1080,"height":1080,"caption":"Av. Deniz Can K\u0131z\u0131l"},"image":{"@id":"https:\/\/denizcankizil.tr\/#\/schema\/logo\/image\/"}}]}},"_links":{"self":[{"href":"https:\/\/denizcankizil.tr\/de\/wp-json\/wp\/v2\/posts\/20170","targetHints":{"allow":["GET"]}}],"collection":[{"href":"https:\/\/denizcankizil.tr\/de\/wp-json\/wp\/v2\/posts"}],"about":[{"href":"https:\/\/denizcankizil.tr\/de\/wp-json\/wp\/v2\/types\/post"}],"replies":[{"embeddable":true,"href":"https:\/\/denizcankizil.tr\/de\/wp-json\/wp\/v2\/comments?post=20170"}],"version-history":[{"count":0,"href":"https:\/\/denizcankizil.tr\/de\/wp-json\/wp\/v2\/posts\/20170\/revisions"}],"wp:attachment":[{"href":"https:\/\/denizcankizil.tr\/de\/wp-json\/wp\/v2\/media?parent=20170"}],"wp:term":[{"taxonomy":"category","embeddable":true,"href":"https:\/\/denizcankizil.tr\/de\/wp-json\/wp\/v2\/categories?post=20170"},{"taxonomy":"post_tag","embeddable":true,"href":"https:\/\/denizcankizil.tr\/de\/wp-json\/wp\/v2\/tags?post=20170"}],"curies":[{"name":"wp","href":"https:\/\/api.w.org\/{rel}","templated":true}]}}