{"id":19814,"date":"2024-12-08T15:41:26","date_gmt":"2024-12-08T12:41:26","guid":{"rendered":"https:\/\/denizcankizil.tr\/uncategorized-tr\/antalyada-suriyeliler-esad-rejiminin-cokusunu-kutladi\/"},"modified":"2024-12-08T15:41:26","modified_gmt":"2024-12-08T12:41:26","slug":"antalyada-suriyeliler-esad-rejiminin-cokusunu-kutladi","status":"publish","type":"post","link":"https:\/\/denizcankizil.tr\/de\/haberler\/gundem\/antalyada-suriyeliler-esad-rejiminin-cokusunu-kutladi\/","title":{"rendered":"Antalya&#8217;da Suriyeliler, Esad rejiminin \u00e7\u00f6k\u00fc\u015f\u00fcn\u00fc kutlad\u0131"},"content":{"rendered":"<p>Suriye&#8217;de 61 y\u0131ll\u0131k Bass Rejimi&#8217;nin devrilmesini Antalya&#8217;da ya\u015fayan Suriye vatanda\u015flar\u0131 g\u00f6ky\u00fcz\u00fcne beyaz g\u00fcvercin salarak ve baklava da\u011f\u0131tarak kutlad\u0131.<\/p>\n<p>SABAH SAATLER\u0130NDE ESED REJ\u0130M\u0130 SON BULDU\u00a0<\/p>\n<p>Suriye&#8217;nin kuzeyinde 27 Kas\u0131m&#8217;da ba\u015flayan \u00e7at\u0131\u015fmalarda bug\u00fcn erken saatlerde Rejim muhalifi silahl\u0131 gruplar\u0131n ba\u015fkente hakim olmaya ba\u015flamas\u0131yla Esad rejimi ba\u015fkentin t\u00fcm kontrol\u00fcn\u00fc kaybetti. Be\u015far Esad&#8217;\u0131n \u015eam&#8217;\u0131 terk etmesi ile birlikte 61 y\u0131ll\u0131k Baas rejimi bu sabah itibar\u0131yla son buldu.<\/p>\n<p>BAYRAKLARLA SOKAKTA KUTLADILAR<\/p>\n<p>Rejim askerlerinin hapishanelerde tuttu\u011fu ki\u015filer serbest b\u0131rak\u0131larak hapishaneler bo\u015falt\u0131ld\u0131. Muhalif gruplar\u0131n yurt d\u0131\u015f\u0131nda bulunan Suriyelilere &#8220;Suriye Art\u0131k \u00d6zg\u00fcr, \u00dclkenize D\u00f6nebilirsiniz&#8221; \u00e7a\u011fr\u0131s\u0131nda bulunmas\u0131n\u0131n ard\u0131ndan Antalya&#8217;daki Suriyeliler 61 y\u0131ll\u0131k Baas Rejimi&#8217;nin \u00e7\u00f6k\u00fc\u015f\u00fcn\u00fc co\u015fkuyla kutlad\u0131. Ellerinde Suriye, T\u00fcrkiye ve Filistin bayraklar\u0131 ile sokaklara ak\u0131n eden ve \u00f6zg\u00fcrl\u00fck sloganlar\u0131 atan Suriye vatanda\u015flar\u0131 zaferi g\u00f6ky\u00fcz\u00fcne beyaz g\u00fcvercin b\u0131rakarak ve baklava da\u011f\u0131tarak kutlad\u0131.<\/p>\n<p>ORASI ARTIK B\u0130Z\u0130M \u00dcLKEM\u0130Z VE GER\u0130 D\u00d6NECE\u011e\u0130Z\u00a0<\/p>\n<p>11 y\u0131ld\u0131r T\u00fcrkiye&#8217;de oldu\u011funu ve birka\u00e7 ay i\u00e7erisinde \u00fclkelerine geri d\u00f6neceklerini belirten Ahmet Abd\u00fcl isimli Suriye vatanda\u015f\u0131, \u201c\u015eu an biz \u00e7ok mutluyuz. 11 senedir T\u00fcrkiye&#8217;de ya\u015f\u0131yorum. Allah&#8217;a \u015f\u00fck\u00fcrler olsun memlekete geri d\u00f6nmeyi d\u00fc\u015f\u00fcn\u00fcyorum. 1-2 ay i\u00e7erisinde toparlan\u0131p gidece\u011fiz. T\u00fcm T\u00fcrkiye halk\u0131na ve Recep Tayyip Erdo\u011fan&#8217;a te\u015fekk\u00fcr ediyorum, bize iyi bakt\u0131lar\u201d dedi. Y\u0131llard\u0131r bug\u00fcn\u00fc beklediklerini s\u00f6yleyen Mahmut El-H\u00fcseyin ise \u201cY\u0131llard\u0131r bug\u00fcn\u00fcn bekliyoruz. Esad bizi mahvetti. Art\u0131k yeter dedik, \u00e7ok \u015f\u00fck\u00fcr Suriye&#8217;de kazand\u0131k. T\u00fcrkiye&#8217;ye \u00e7ok te\u015fekk\u00fcr ediyoruz. Allah raz\u0131 olsun. B\u00fct\u00fcn T\u00fcrkiye&#8217;ye \u015fimdiye kadarki emekleri i\u00e7in te\u015fekk\u00fcr ediyoruz. Oras\u0131 art\u0131k bizim \u00fclkemiz ve geri d\u00f6nece\u011fiz\u201d\u00a0<br \/>\n\u00a0 \u00a0 \u00a0 \u00a0 \u00a0 \u00a0 \u00a0 \u00a0 \u00a0 \u00a0 \u00a0 \u00a0<\/p>\n<p>\u200bSuriye&#8217;de 61 y\u0131ll\u0131k Bass Rejimi, Devlet Ba\u015fkan\u0131 Be\u015far Esad&#8217;\u0131n ba\u015fkent \u015eam&#8217;\u0131 terk etmesi ile son buldu. Antalya&#8217;da ya\u015fayan Suriyeliler, rejim muhaliflerinin \u00fclkede kontrol\u00fc ele almas\u0131n\u0131 g\u00f6k y\u00fcz\u00fcne beyaz g\u00fcvercin b\u0131rakarak kutlad\u0131. Suriyeli s\u0131\u011f\u0131nmac\u0131lar geri d\u00f6n\u00fc\u015f mesaj\u0131 verdi\u00a0<\/p>\n<p>\u200bHaberin Al\u0131nt\u0131land\u0131\u011f\u0131 Kaynak: www.antalyakorfez.com<\/p>","protected":false},"excerpt":{"rendered":"<p>Suriye&#8217;de 61 y\u0131ll\u0131k Bass Rejimi&#8217;nin devrilmesini Antalya&#8217;da ya\u015fayan Suriye vatanda\u015flar\u0131 g\u00f6ky\u00fcz\u00fcne beyaz g\u00fcvercin salarak ve baklava da\u011f\u0131tarak kutlad\u0131. SABAH SAATLER\u0130NDE ESED REJ\u0130M\u0130 SON BULDU\u00a0 Suriye&#8217;nin kuzeyinde 27 Kas\u0131m&#8217;da ba\u015flayan \u00e7at\u0131\u015fmalarda bug\u00fcn erken saatlerde Rejim muhalifi silahl\u0131 gruplar\u0131n ba\u015fkente hakim olmaya ba\u015flamas\u0131yla Esad rejimi ba\u015fkentin t\u00fcm kontrol\u00fcn\u00fc kaybetti. Be\u015far Esad&#8217;\u0131n \u015eam&#8217;\u0131 terk etmesi ile birlikte 61 y\u0131ll\u0131k Baas rejimi bu sabah itibar\u0131yla son buldu. BAYRAKLARLA SOKAKTA KUTLADILAR Rejim askerlerinin hapishanelerde tuttu\u011fu ki\u015filer serbest b\u0131rak\u0131larak hapishaneler bo\u015falt\u0131ld\u0131. Muhalif gruplar\u0131n yurt d\u0131\u015f\u0131nda bulunan Suriyelilere &#8220;Suriye Art\u0131k \u00d6zg\u00fcr, \u00dclkenize D\u00f6nebilirsiniz&#8221; \u00e7a\u011fr\u0131s\u0131nda bulunmas\u0131n\u0131n ard\u0131ndan Antalya&#8217;daki Suriyeliler 61 y\u0131ll\u0131k Baas Rejimi&#8217;nin \u00e7\u00f6k\u00fc\u015f\u00fcn\u00fc co\u015fkuyla kutlad\u0131. Ellerinde Suriye, T\u00fcrkiye ve Filistin bayraklar\u0131 ile sokaklara ak\u0131n eden ve \u00f6zg\u00fcrl\u00fck sloganlar\u0131 atan Suriye vatanda\u015flar\u0131 zaferi g\u00f6ky\u00fcz\u00fcne beyaz g\u00fcvercin b\u0131rakarak ve baklava da\u011f\u0131tarak kutlad\u0131. ORASI ARTIK B\u0130Z\u0130M \u00dcLKEM\u0130Z VE GER\u0130 D\u00d6NECE\u011e\u0130Z\u00a0 11 y\u0131ld\u0131r T\u00fcrkiye&#8217;de oldu\u011funu ve birka\u00e7 ay i\u00e7erisinde \u00fclkelerine geri d\u00f6neceklerini belirten Ahmet Abd\u00fcl isimli Suriye vatanda\u015f\u0131, \u201c\u015eu an biz \u00e7ok mutluyuz. 11 senedir T\u00fcrkiye&#8217;de ya\u015f\u0131yorum. Allah&#8217;a \u015f\u00fck\u00fcrler olsun memlekete geri d\u00f6nmeyi d\u00fc\u015f\u00fcn\u00fcyorum. 1-2 ay i\u00e7erisinde toparlan\u0131p gidece\u011fiz. T\u00fcm T\u00fcrkiye halk\u0131na ve Recep Tayyip Erdo\u011fan&#8217;a te\u015fekk\u00fcr ediyorum, bize iyi bakt\u0131lar\u201d dedi. Y\u0131llard\u0131r bug\u00fcn\u00fc beklediklerini s\u00f6yleyen Mahmut El-H\u00fcseyin ise \u201cY\u0131llard\u0131r bug\u00fcn\u00fcn bekliyoruz. Esad bizi mahvetti. Art\u0131k yeter dedik, \u00e7ok \u015f\u00fck\u00fcr Suriye&#8217;de &hellip;<\/p>","protected":false},"author":0,"featured_media":0,"comment_status":"open","ping_status":"open","sticky":false,"template":"","format":"standard","meta":{"_acf_changed":false,"footnotes":""},"categories":[24,535],"tags":[],"class_list":["post-19814","post","type-post","status-publish","format-standard","has-post-thumbnail","hentry","category-gundem","category-uncategorized-tr"],"acf":[],"yoast_head":"<!-- This site is optimized with the Yoast SEO Premium plugin v26.6 (Yoast SEO v27.1.1) - https:\/\/yoast.com\/product\/yoast-seo-premium-wordpress\/ -->\n<title>Antalya&#039;da Suriyeliler, Esad rejiminin \u00e7\u00f6k\u00fc\u015f\u00fcn\u00fc kutlad\u0131 - Av. Deniz Can K\u0131z\u0131l<\/title>\n<meta name=\"robots\" content=\"index, follow, max-snippet:-1, max-image-preview:large, max-video-preview:-1\" \/>\n<link rel=\"canonical\" href=\"https:\/\/denizcankizil.tr\/de\/haberler\/gundem\/antalyada-suriyeliler-esad-rejiminin-cokusunu-kutladi\/\" \/>\n<meta property=\"og:locale\" content=\"de_DE\" \/>\n<meta property=\"og:type\" content=\"article\" \/>\n<meta property=\"og:title\" content=\"Antalya&#039;da Suriyeliler, Esad rejiminin \u00e7\u00f6k\u00fc\u015f\u00fcn\u00fc kutlad\u0131\" \/>\n<meta property=\"og:description\" content=\"Suriye&#8217;de 61 y\u0131ll\u0131k Bass Rejimi&#8217;nin devrilmesini Antalya&#8217;da ya\u015fayan Suriye vatanda\u015flar\u0131 g\u00f6ky\u00fcz\u00fcne beyaz g\u00fcvercin salarak ve baklava da\u011f\u0131tarak kutlad\u0131. SABAH SAATLER\u0130NDE ESED REJ\u0130M\u0130 SON BULDU\u00a0 Suriye&#8217;nin kuzeyinde 27 Kas\u0131m&#8217;da ba\u015flayan \u00e7at\u0131\u015fmalarda bug\u00fcn erken saatlerde Rejim muhalifi silahl\u0131 gruplar\u0131n ba\u015fkente hakim olmaya ba\u015flamas\u0131yla Esad rejimi ba\u015fkentin t\u00fcm kontrol\u00fcn\u00fc kaybetti. Be\u015far Esad&#8217;\u0131n \u015eam&#8217;\u0131 terk etmesi ile birlikte 61 y\u0131ll\u0131k Baas rejimi bu sabah itibar\u0131yla son buldu. BAYRAKLARLA SOKAKTA KUTLADILAR Rejim askerlerinin hapishanelerde tuttu\u011fu ki\u015filer serbest b\u0131rak\u0131larak hapishaneler bo\u015falt\u0131ld\u0131. Muhalif gruplar\u0131n yurt d\u0131\u015f\u0131nda bulunan Suriyelilere &#8220;Suriye Art\u0131k \u00d6zg\u00fcr, \u00dclkenize D\u00f6nebilirsiniz&#8221; \u00e7a\u011fr\u0131s\u0131nda bulunmas\u0131n\u0131n ard\u0131ndan Antalya&#8217;daki Suriyeliler 61 y\u0131ll\u0131k Baas Rejimi&#8217;nin \u00e7\u00f6k\u00fc\u015f\u00fcn\u00fc co\u015fkuyla kutlad\u0131. Ellerinde Suriye, T\u00fcrkiye ve Filistin bayraklar\u0131 ile sokaklara ak\u0131n eden ve \u00f6zg\u00fcrl\u00fck sloganlar\u0131 atan Suriye vatanda\u015flar\u0131 zaferi g\u00f6ky\u00fcz\u00fcne beyaz g\u00fcvercin b\u0131rakarak ve baklava da\u011f\u0131tarak kutlad\u0131. ORASI ARTIK B\u0130Z\u0130M \u00dcLKEM\u0130Z VE GER\u0130 D\u00d6NECE\u011e\u0130Z\u00a0 11 y\u0131ld\u0131r T\u00fcrkiye&#8217;de oldu\u011funu ve birka\u00e7 ay i\u00e7erisinde \u00fclkelerine geri d\u00f6neceklerini belirten Ahmet Abd\u00fcl isimli Suriye vatanda\u015f\u0131, \u201c\u015eu an biz \u00e7ok mutluyuz. 11 senedir T\u00fcrkiye&#8217;de ya\u015f\u0131yorum. Allah&#8217;a \u015f\u00fck\u00fcrler olsun memlekete geri d\u00f6nmeyi d\u00fc\u015f\u00fcn\u00fcyorum. 1-2 ay i\u00e7erisinde toparlan\u0131p gidece\u011fiz. T\u00fcm T\u00fcrkiye halk\u0131na ve Recep Tayyip Erdo\u011fan&#8217;a te\u015fekk\u00fcr ediyorum, bize iyi bakt\u0131lar\u201d dedi. Y\u0131llard\u0131r bug\u00fcn\u00fc beklediklerini s\u00f6yleyen Mahmut El-H\u00fcseyin ise \u201cY\u0131llard\u0131r bug\u00fcn\u00fcn bekliyoruz. Esad bizi mahvetti. Art\u0131k yeter dedik, \u00e7ok \u015f\u00fck\u00fcr Suriye&#8217;de &hellip;\" \/>\n<meta property=\"og:url\" content=\"https:\/\/denizcankizil.tr\/de\/haberler\/gundem\/antalyada-suriyeliler-esad-rejiminin-cokusunu-kutladi\/\" \/>\n<meta property=\"og:site_name\" content=\"Av. Deniz Can K\u0131z\u0131l\" \/>\n<meta property=\"article:published_time\" content=\"2024-12-08T12:41:26+00:00\" \/>\n<meta name=\"twitter:card\" content=\"summary_large_image\" \/>\n<meta name=\"twitter:label1\" content=\"Gesch\u00e4tzte Lesezeit\" \/>\n\t<meta name=\"twitter:data1\" content=\"2\u00a0Minuten\" \/>\n<script type=\"application\/ld+json\" class=\"yoast-schema-graph\">{\"@context\":\"https:\/\/schema.org\",\"@graph\":[{\"@type\":\"Article\",\"@id\":\"https:\/\/denizcankizil.tr\/ru\/haberler\/gundem\/antalyada-suriyeliler-esad-rejiminin-cokusunu-kutladi\/#article\",\"isPartOf\":{\"@id\":\"https:\/\/denizcankizil.tr\/ru\/haberler\/gundem\/antalyada-suriyeliler-esad-rejiminin-cokusunu-kutladi\/\"},\"author\":{\"name\":\"\",\"@id\":\"\"},\"headline\":\"Antalya&#8217;da Suriyeliler, Esad rejiminin \u00e7\u00f6k\u00fc\u015f\u00fcn\u00fc kutlad\u0131\",\"datePublished\":\"2024-12-08T12:41:26+00:00\",\"mainEntityOfPage\":{\"@id\":\"https:\/\/denizcankizil.tr\/ru\/haberler\/gundem\/antalyada-suriyeliler-esad-rejiminin-cokusunu-kutladi\/\"},\"wordCount\":412,\"commentCount\":0,\"publisher\":{\"@id\":\"https:\/\/denizcankizil.tr\/de\/#organization\"},\"articleSection\":[\"G\u00fcndem\",\"Uncategorized\"],\"inLanguage\":\"de\",\"potentialAction\":[{\"@type\":\"CommentAction\",\"name\":\"Comment\",\"target\":[\"https:\/\/denizcankizil.tr\/ru\/haberler\/gundem\/antalyada-suriyeliler-esad-rejiminin-cokusunu-kutladi\/#respond\"]}]},{\"@type\":\"WebPage\",\"@id\":\"https:\/\/denizcankizil.tr\/ru\/haberler\/gundem\/antalyada-suriyeliler-esad-rejiminin-cokusunu-kutladi\/\",\"url\":\"https:\/\/denizcankizil.tr\/ru\/haberler\/gundem\/antalyada-suriyeliler-esad-rejiminin-cokusunu-kutladi\/\",\"name\":\"Antalya'da Suriyeliler, Esad rejiminin \u00e7\u00f6k\u00fc\u015f\u00fcn\u00fc kutlad\u0131 - Av. Deniz Can K\u0131z\u0131l\",\"isPartOf\":{\"@id\":\"https:\/\/denizcankizil.tr\/de\/#website\"},\"datePublished\":\"2024-12-08T12:41:26+00:00\",\"breadcrumb\":{\"@id\":\"https:\/\/denizcankizil.tr\/ru\/haberler\/gundem\/antalyada-suriyeliler-esad-rejiminin-cokusunu-kutladi\/#breadcrumb\"},\"inLanguage\":\"de\",\"potentialAction\":[{\"@type\":\"ReadAction\",\"target\":[\"https:\/\/denizcankizil.tr\/ru\/haberler\/gundem\/antalyada-suriyeliler-esad-rejiminin-cokusunu-kutladi\/\"]}]},{\"@type\":\"BreadcrumbList\",\"@id\":\"https:\/\/denizcankizil.tr\/ru\/haberler\/gundem\/antalyada-suriyeliler-esad-rejiminin-cokusunu-kutladi\/#breadcrumb\",\"itemListElement\":[{\"@type\":\"ListItem\",\"position\":1,\"name\":\"Home\",\"item\":\"https:\/\/denizcankizil.tr\/de\/\"},{\"@type\":\"ListItem\",\"position\":2,\"name\":\"Antalya&#8217;da Suriyeliler, Esad rejiminin \u00e7\u00f6k\u00fc\u015f\u00fcn\u00fc kutlad\u0131\"}]},{\"@type\":\"WebSite\",\"@id\":\"https:\/\/denizcankizil.tr\/de\/#website\",\"url\":\"https:\/\/denizcankizil.tr\/de\/\",\"name\":\"Av. Deniz Can K\u0131z\u0131l\",\"description\":\"Avukat Deniz Can K\u0131z\u0131l Antalya Barosu\",\"publisher\":{\"@id\":\"https:\/\/denizcankizil.tr\/de\/#organization\"},\"potentialAction\":[{\"@type\":\"SearchAction\",\"target\":{\"@type\":\"EntryPoint\",\"urlTemplate\":\"https:\/\/denizcankizil.tr\/de\/?s={search_term_string}\"},\"query-input\":{\"@type\":\"PropertyValueSpecification\",\"valueRequired\":true,\"valueName\":\"search_term_string\"}}],\"inLanguage\":\"de\"},{\"@type\":\"Organization\",\"@id\":\"https:\/\/denizcankizil.tr\/de\/#organization\",\"name\":\"Av. Deniz Can K\u0131z\u0131l\",\"url\":\"https:\/\/denizcankizil.tr\/de\/\",\"logo\":{\"@type\":\"ImageObject\",\"inLanguage\":\"de\",\"@id\":\"https:\/\/denizcankizil.tr\/de\/#\/schema\/logo\/image\/\",\"url\":\"https:\/\/denizcankizil.tr\/wp-content\/uploads\/2024\/10\/siyah-logo-svg.svg\",\"contentUrl\":\"https:\/\/denizcankizil.tr\/wp-content\/uploads\/2024\/10\/siyah-logo-svg.svg\",\"width\":1080,\"height\":1080,\"caption\":\"Av. Deniz Can K\u0131z\u0131l\"},\"image\":{\"@id\":\"https:\/\/denizcankizil.tr\/de\/#\/schema\/logo\/image\/\"}}]}<\/script>\n<!-- \/ Yoast SEO Premium plugin. -->","yoast_head_json":{"title":"Antalya'da Suriyeliler, Esad rejiminin \u00e7\u00f6k\u00fc\u015f\u00fcn\u00fc kutlad\u0131 - Av. Deniz Can K\u0131z\u0131l","robots":{"index":"index","follow":"follow","max-snippet":"max-snippet:-1","max-image-preview":"max-image-preview:large","max-video-preview":"max-video-preview:-1"},"canonical":"https:\/\/denizcankizil.tr\/de\/haberler\/gundem\/antalyada-suriyeliler-esad-rejiminin-cokusunu-kutladi\/","og_locale":"de_DE","og_type":"article","og_title":"Antalya'da Suriyeliler, Esad rejiminin \u00e7\u00f6k\u00fc\u015f\u00fcn\u00fc kutlad\u0131","og_description":"Suriye&#8217;de 61 y\u0131ll\u0131k Bass Rejimi&#8217;nin devrilmesini Antalya&#8217;da ya\u015fayan Suriye vatanda\u015flar\u0131 g\u00f6ky\u00fcz\u00fcne beyaz g\u00fcvercin salarak ve baklava da\u011f\u0131tarak kutlad\u0131. SABAH SAATLER\u0130NDE ESED REJ\u0130M\u0130 SON BULDU\u00a0 Suriye&#8217;nin kuzeyinde 27 Kas\u0131m&#8217;da ba\u015flayan \u00e7at\u0131\u015fmalarda bug\u00fcn erken saatlerde Rejim muhalifi silahl\u0131 gruplar\u0131n ba\u015fkente hakim olmaya ba\u015flamas\u0131yla Esad rejimi ba\u015fkentin t\u00fcm kontrol\u00fcn\u00fc kaybetti. Be\u015far Esad&#8217;\u0131n \u015eam&#8217;\u0131 terk etmesi ile birlikte 61 y\u0131ll\u0131k Baas rejimi bu sabah itibar\u0131yla son buldu. BAYRAKLARLA SOKAKTA KUTLADILAR Rejim askerlerinin hapishanelerde tuttu\u011fu ki\u015filer serbest b\u0131rak\u0131larak hapishaneler bo\u015falt\u0131ld\u0131. Muhalif gruplar\u0131n yurt d\u0131\u015f\u0131nda bulunan Suriyelilere &#8220;Suriye Art\u0131k \u00d6zg\u00fcr, \u00dclkenize D\u00f6nebilirsiniz&#8221; \u00e7a\u011fr\u0131s\u0131nda bulunmas\u0131n\u0131n ard\u0131ndan Antalya&#8217;daki Suriyeliler 61 y\u0131ll\u0131k Baas Rejimi&#8217;nin \u00e7\u00f6k\u00fc\u015f\u00fcn\u00fc co\u015fkuyla kutlad\u0131. Ellerinde Suriye, T\u00fcrkiye ve Filistin bayraklar\u0131 ile sokaklara ak\u0131n eden ve \u00f6zg\u00fcrl\u00fck sloganlar\u0131 atan Suriye vatanda\u015flar\u0131 zaferi g\u00f6ky\u00fcz\u00fcne beyaz g\u00fcvercin b\u0131rakarak ve baklava da\u011f\u0131tarak kutlad\u0131. ORASI ARTIK B\u0130Z\u0130M \u00dcLKEM\u0130Z VE GER\u0130 D\u00d6NECE\u011e\u0130Z\u00a0 11 y\u0131ld\u0131r T\u00fcrkiye&#8217;de oldu\u011funu ve birka\u00e7 ay i\u00e7erisinde \u00fclkelerine geri d\u00f6neceklerini belirten Ahmet Abd\u00fcl isimli Suriye vatanda\u015f\u0131, \u201c\u015eu an biz \u00e7ok mutluyuz. 11 senedir T\u00fcrkiye&#8217;de ya\u015f\u0131yorum. Allah&#8217;a \u015f\u00fck\u00fcrler olsun memlekete geri d\u00f6nmeyi d\u00fc\u015f\u00fcn\u00fcyorum. 1-2 ay i\u00e7erisinde toparlan\u0131p gidece\u011fiz. T\u00fcm T\u00fcrkiye halk\u0131na ve Recep Tayyip Erdo\u011fan&#8217;a te\u015fekk\u00fcr ediyorum, bize iyi bakt\u0131lar\u201d dedi. Y\u0131llard\u0131r bug\u00fcn\u00fc beklediklerini s\u00f6yleyen Mahmut El-H\u00fcseyin ise \u201cY\u0131llard\u0131r bug\u00fcn\u00fcn bekliyoruz. Esad bizi mahvetti. Art\u0131k yeter dedik, \u00e7ok \u015f\u00fck\u00fcr Suriye&#8217;de &hellip;","og_url":"https:\/\/denizcankizil.tr\/de\/haberler\/gundem\/antalyada-suriyeliler-esad-rejiminin-cokusunu-kutladi\/","og_site_name":"Av. Deniz Can K\u0131z\u0131l","article_published_time":"2024-12-08T12:41:26+00:00","twitter_card":"summary_large_image","twitter_misc":{"Gesch\u00e4tzte Lesezeit":"2\u00a0Minuten"},"schema":{"@context":"https:\/\/schema.org","@graph":[{"@type":"Article","@id":"https:\/\/denizcankizil.tr\/ru\/haberler\/gundem\/antalyada-suriyeliler-esad-rejiminin-cokusunu-kutladi\/#article","isPartOf":{"@id":"https:\/\/denizcankizil.tr\/ru\/haberler\/gundem\/antalyada-suriyeliler-esad-rejiminin-cokusunu-kutladi\/"},"author":{"name":"","@id":""},"headline":"Antalya&#8217;da Suriyeliler, Esad rejiminin \u00e7\u00f6k\u00fc\u015f\u00fcn\u00fc kutlad\u0131","datePublished":"2024-12-08T12:41:26+00:00","mainEntityOfPage":{"@id":"https:\/\/denizcankizil.tr\/ru\/haberler\/gundem\/antalyada-suriyeliler-esad-rejiminin-cokusunu-kutladi\/"},"wordCount":412,"commentCount":0,"publisher":{"@id":"https:\/\/denizcankizil.tr\/de\/#organization"},"articleSection":["G\u00fcndem","Uncategorized"],"inLanguage":"de","potentialAction":[{"@type":"CommentAction","name":"Comment","target":["https:\/\/denizcankizil.tr\/ru\/haberler\/gundem\/antalyada-suriyeliler-esad-rejiminin-cokusunu-kutladi\/#respond"]}]},{"@type":"WebPage","@id":"https:\/\/denizcankizil.tr\/ru\/haberler\/gundem\/antalyada-suriyeliler-esad-rejiminin-cokusunu-kutladi\/","url":"https:\/\/denizcankizil.tr\/ru\/haberler\/gundem\/antalyada-suriyeliler-esad-rejiminin-cokusunu-kutladi\/","name":"Antalya'da Suriyeliler, Esad rejiminin \u00e7\u00f6k\u00fc\u015f\u00fcn\u00fc kutlad\u0131 - Av. Deniz Can K\u0131z\u0131l","isPartOf":{"@id":"https:\/\/denizcankizil.tr\/de\/#website"},"datePublished":"2024-12-08T12:41:26+00:00","breadcrumb":{"@id":"https:\/\/denizcankizil.tr\/ru\/haberler\/gundem\/antalyada-suriyeliler-esad-rejiminin-cokusunu-kutladi\/#breadcrumb"},"inLanguage":"de","potentialAction":[{"@type":"ReadAction","target":["https:\/\/denizcankizil.tr\/ru\/haberler\/gundem\/antalyada-suriyeliler-esad-rejiminin-cokusunu-kutladi\/"]}]},{"@type":"BreadcrumbList","@id":"https:\/\/denizcankizil.tr\/ru\/haberler\/gundem\/antalyada-suriyeliler-esad-rejiminin-cokusunu-kutladi\/#breadcrumb","itemListElement":[{"@type":"ListItem","position":1,"name":"Home","item":"https:\/\/denizcankizil.tr\/de\/"},{"@type":"ListItem","position":2,"name":"Antalya&#8217;da Suriyeliler, Esad rejiminin \u00e7\u00f6k\u00fc\u015f\u00fcn\u00fc kutlad\u0131"}]},{"@type":"WebSite","@id":"https:\/\/denizcankizil.tr\/de\/#website","url":"https:\/\/denizcankizil.tr\/de\/","name":"Av. Deniz Can K\u0131z\u0131l","description":"Avukat Deniz Can K\u0131z\u0131l Antalya Barosu","publisher":{"@id":"https:\/\/denizcankizil.tr\/de\/#organization"},"potentialAction":[{"@type":"SearchAction","target":{"@type":"EntryPoint","urlTemplate":"https:\/\/denizcankizil.tr\/de\/?s={search_term_string}"},"query-input":{"@type":"PropertyValueSpecification","valueRequired":true,"valueName":"search_term_string"}}],"inLanguage":"de"},{"@type":"Organization","@id":"https:\/\/denizcankizil.tr\/de\/#organization","name":"Av. Deniz Can K\u0131z\u0131l","url":"https:\/\/denizcankizil.tr\/de\/","logo":{"@type":"ImageObject","inLanguage":"de","@id":"https:\/\/denizcankizil.tr\/de\/#\/schema\/logo\/image\/","url":"https:\/\/denizcankizil.tr\/wp-content\/uploads\/2024\/10\/siyah-logo-svg.svg","contentUrl":"https:\/\/denizcankizil.tr\/wp-content\/uploads\/2024\/10\/siyah-logo-svg.svg","width":1080,"height":1080,"caption":"Av. Deniz Can K\u0131z\u0131l"},"image":{"@id":"https:\/\/denizcankizil.tr\/de\/#\/schema\/logo\/image\/"}}]}},"_links":{"self":[{"href":"https:\/\/denizcankizil.tr\/de\/wp-json\/wp\/v2\/posts\/19814","targetHints":{"allow":["GET"]}}],"collection":[{"href":"https:\/\/denizcankizil.tr\/de\/wp-json\/wp\/v2\/posts"}],"about":[{"href":"https:\/\/denizcankizil.tr\/de\/wp-json\/wp\/v2\/types\/post"}],"replies":[{"embeddable":true,"href":"https:\/\/denizcankizil.tr\/de\/wp-json\/wp\/v2\/comments?post=19814"}],"version-history":[{"count":0,"href":"https:\/\/denizcankizil.tr\/de\/wp-json\/wp\/v2\/posts\/19814\/revisions"}],"wp:attachment":[{"href":"https:\/\/denizcankizil.tr\/de\/wp-json\/wp\/v2\/media?parent=19814"}],"wp:term":[{"taxonomy":"category","embeddable":true,"href":"https:\/\/denizcankizil.tr\/de\/wp-json\/wp\/v2\/categories?post=19814"},{"taxonomy":"post_tag","embeddable":true,"href":"https:\/\/denizcankizil.tr\/de\/wp-json\/wp\/v2\/tags?post=19814"}],"curies":[{"name":"wp","href":"https:\/\/api.w.org\/{rel}","templated":true}]}}