{"id":19149,"date":"2024-12-04T15:41:51","date_gmt":"2024-12-04T12:41:51","guid":{"rendered":"https:\/\/denizcankizil.tr\/uncategorized-tr\/o-zorunluluk-kalkti-kayip-plaka-yenilemede-yeni-donem\/"},"modified":"2024-12-04T15:41:51","modified_gmt":"2024-12-04T12:41:51","slug":"o-zorunluluk-kalkti-kayip-plaka-yenilemede-yeni-donem","status":"publish","type":"post","link":"https:\/\/denizcankizil.tr\/de\/haberler\/gundem\/o-zorunluluk-kalkti-kayip-plaka-yenilemede-yeni-donem\/","title":{"rendered":"O zorunluluk kalkt\u0131! Kay\u0131p plaka yenilemede yeni d\u00f6nem"},"content":{"rendered":"<p>Kaybedilen ara\u00e7 plakalar\u0131nda yenileme i\u015flemleri art\u0131k noter yerine e-Devlet \u00fczerinden yap\u0131labilecek. Noterler taraf\u0131ndan yap\u0131lmayan her \u00e7e\u015fit sat\u0131\u015f ve devir i\u015flemleri ge\u00e7ersiz say\u0131lacak. Uygulama 5 Aral\u0131k itibariyle ba\u015fl\u0131yor.ANKARA (\u0130GFA) &#8211; Resmi Gazete&#8217;de &#8216;Ara\u00e7lar\u0131n Sat\u0131\u015f, Devir ve Tescil Hizmetlerinin Y\u00fcr\u00fct\u00fclmesi Hakk\u0131nda Y\u00f6netmelikte De\u011fi\u015fiklik Yap\u0131lmas\u0131na Dair Y\u00f6netmelik&#8217; ba\u015fl\u0131\u011f\u0131yla yay\u0131mlanan de\u011fi\u015fiklikle birlikte kay\u0131p tescil plakalar\u0131n\u0131n yenilenmesinde sistem de\u011fi\u015fikli\u011fine gidildi.<br \/>\nHat\u0131rlanaca\u011f\u0131 gibi halihaz\u0131rda uygulanan sistemde kay\u0131p plaka sahipleri, plakalar\u0131n\u0131 yeniden kullanmak i\u00e7in notere gidip plakan\u0131n kay\u0131p oldu\u011funu ve Trafik \u015eube M\u00fcd\u00fcrl\u00fc\u011f\u00fc&#8217;ndeki i\u015flemin tamamland\u0131\u011f\u0131n\u0131 beyan etmek zorundayd\u0131. Bu i\u015flemlerin ard\u0131ndan uygun g\u00f6r\u00fclmesi halinde plaka bas\u0131m ka\u011f\u0131d\u0131 al\u0131n\u0131r ve noter onayl\u0131 plaka bas\u0131m ka\u011f\u0131d\u0131yla birlikte en yak\u0131n \u015eof\u00f6rler Odas\u0131&#8217;na gidilerek yeni plaka \u00e7\u0131kartt\u0131r\u0131lmaktayd\u0131.<\/p>\n<p>Ara\u00e7lar\u0131n Sat\u0131\u015f, Devir ve Tescil Hizmetlerinin Y\u00fcr\u00fct\u00fclmesi Hakk\u0131nda Y\u00f6netmelikte De\u011fi\u015fiklik Yap\u0131lmas\u0131na Dair Y\u00f6netmelik\u00a0 kapsam\u0131nda, kaybedilen bir tescil plakas\u0131n\u0131n yeniden bas\u0131m\u0131 i\u00e7in plaka bas\u0131m talep belgesi olu\u015fturulmas\u0131, ileti\u015fim bilgilerinin g\u00fcncellenmesi ve araca ait \u00f6zet tescil bilgileri raporu olu\u015fturulmas\u0131 i\u015flemleri e-Devlet \u00fczerinden yap\u0131labilecek.<br \/>\nAdalet ve \u0130\u00e7i\u015fleri bakanl\u0131klar\u0131n\u0131n birlikte y\u00fcr\u00fctece\u011fi y\u00f6netmelik de\u011fi\u015fikli\u011fine dair y\u00f6netmeli\u011fin detaylar\u0131na ula\u015fmak i\u00e7in t\u0131klayabilirsiniz.<\/p>\n<p>\u200bKaybedilen ara\u00e7 plakalar\u0131nda yenileme i\u015flemleri art\u0131k noter yerine e-Devlet \u00fczerinden yap\u0131labilecek. Noterler taraf\u0131ndan yap\u0131lmayan her \u00e7e\u015fit sat\u0131\u015f ve devir i\u015flemleri ge\u00e7ersiz say\u0131lacak. Uygulama 5 Aral\u0131k itibariyle ba\u015fl\u0131yor.ANKARA (\u0130GFA) &#8211; Resmi Gazete&#8217;de &#8216;Ara\u00e7lar\u0131n Sat\u0131\u015f, Devir ve Tescil Hizmetlerinin Y\u00fcr\u00fct\u00fclmesi Hakk\u0131nda Y\u00f6netmelikte De\u011fi\u015fiklik Yap\u0131lmas\u0131na Dair Y\u00f6netmelik&#8217; ba\u015fl\u0131\u011f\u0131yla yay\u0131mlanan de\u011fi\u015fiklikle birlikte kay\u0131p tescil plakalar\u0131n\u0131n yenilenmesinde sistem de\u011fi\u015fikli\u011fine gidildi.<br \/>\nHat\u0131rlanaca\u011f\u0131 gibi halihaz\u0131rda uygulanan sistemde kay\u0131p plaka sahipleri, plakalar\u0131n\u0131 yeniden kullanmak i\u00e7in notere gidip plakan\u0131n kay\u0131p oldu\u011funu ve Trafik \u015eube M\u00fcd\u00fcrl\u00fc\u011f\u00fc&#8217;ndeki i\u015flemin tamamland\u0131\u011f\u0131n\u0131 beyan etmek zorundayd\u0131. Bu i\u015flemlerin ard\u0131ndan uygun g\u00f6r\u00fclmesi halinde plaka bas\u0131m ka\u011f\u0131d\u0131 al\u0131n\u0131r ve noter onayl\u0131 plaka bas\u0131m ka\u011f\u0131d\u0131yla birlikte en yak\u0131n \u015eof\u00f6rler Odas\u0131&#8217;na gidilerek yeni plaka \u00e7\u0131kartt\u0131r\u0131lmaktayd\u0131.<\/p>\n<p>Ara\u00e7lar\u0131n Sat\u0131\u015f, Devir ve Tescil Hizmetlerinin Y\u00fcr\u00fct\u00fclmesi Hakk\u0131nda Y\u00f6netmelikte De\u011fi\u015fiklik Yap\u0131lmas\u0131na Dair Y\u00f6netmelik\u00a0 kapsam\u0131nda, kaybedilen bir tescil plakas\u0131n\u0131n yeniden bas\u0131m\u0131 i\u00e7in plaka bas\u0131m talep belgesi olu\u015fturulmas\u0131, ileti\u015fim bilgilerinin g\u00fcncellenmesi ve araca ait \u00f6zet tescil bilgileri raporu olu\u015fturulmas\u0131 i\u015flemleri e-Devlet \u00fczerinden yap\u0131labilecek.<br \/>\nAdalet ve \u0130\u00e7i\u015fleri bakanl\u0131klar\u0131n\u0131n birlikte y\u00fcr\u00fctece\u011fi y\u00f6netmelik de\u011fi\u015fikli\u011fine dair y\u00f6netmeli\u011fin detaylar\u0131na ula\u015fmak i\u00e7in t\u0131klayabilirsiniz.\u00a0<\/p>\n<p>\u200bHaberin Al\u0131nt\u0131land\u0131\u011f\u0131 Kaynak: www.iskenderun.org<\/p>","protected":false},"excerpt":{"rendered":"<p>Kaybedilen ara\u00e7 plakalar\u0131nda yenileme i\u015flemleri art\u0131k noter yerine e-Devlet \u00fczerinden yap\u0131labilecek. Noterler taraf\u0131ndan yap\u0131lmayan her \u00e7e\u015fit sat\u0131\u015f ve devir i\u015flemleri ge\u00e7ersiz say\u0131lacak. Uygulama 5 Aral\u0131k itibariyle ba\u015fl\u0131yor.ANKARA (\u0130GFA) &#8211; Resmi Gazete&#8217;de &#8216;Ara\u00e7lar\u0131n Sat\u0131\u015f, Devir ve Tescil Hizmetlerinin Y\u00fcr\u00fct\u00fclmesi Hakk\u0131nda Y\u00f6netmelikte De\u011fi\u015fiklik Yap\u0131lmas\u0131na Dair Y\u00f6netmelik&#8217; ba\u015fl\u0131\u011f\u0131yla yay\u0131mlanan de\u011fi\u015fiklikle birlikte kay\u0131p tescil plakalar\u0131n\u0131n yenilenmesinde sistem de\u011fi\u015fikli\u011fine gidildi. Hat\u0131rlanaca\u011f\u0131 gibi halihaz\u0131rda uygulanan sistemde kay\u0131p plaka sahipleri, plakalar\u0131n\u0131 yeniden kullanmak i\u00e7in notere gidip plakan\u0131n kay\u0131p oldu\u011funu ve Trafik \u015eube M\u00fcd\u00fcrl\u00fc\u011f\u00fc&#8217;ndeki i\u015flemin tamamland\u0131\u011f\u0131n\u0131 beyan etmek zorundayd\u0131. Bu i\u015flemlerin ard\u0131ndan uygun g\u00f6r\u00fclmesi halinde plaka bas\u0131m ka\u011f\u0131d\u0131 al\u0131n\u0131r ve noter onayl\u0131 plaka bas\u0131m ka\u011f\u0131d\u0131yla birlikte en yak\u0131n \u015eof\u00f6rler Odas\u0131&#8217;na gidilerek yeni plaka \u00e7\u0131kartt\u0131r\u0131lmaktayd\u0131. Ara\u00e7lar\u0131n Sat\u0131\u015f, Devir ve Tescil Hizmetlerinin Y\u00fcr\u00fct\u00fclmesi Hakk\u0131nda Y\u00f6netmelikte De\u011fi\u015fiklik Yap\u0131lmas\u0131na Dair Y\u00f6netmelik\u00a0 kapsam\u0131nda, kaybedilen bir tescil plakas\u0131n\u0131n yeniden bas\u0131m\u0131 i\u00e7in plaka bas\u0131m talep belgesi olu\u015fturulmas\u0131, ileti\u015fim bilgilerinin g\u00fcncellenmesi ve araca ait \u00f6zet tescil bilgileri raporu olu\u015fturulmas\u0131 i\u015flemleri e-Devlet \u00fczerinden yap\u0131labilecek. Adalet ve \u0130\u00e7i\u015fleri bakanl\u0131klar\u0131n\u0131n birlikte y\u00fcr\u00fctece\u011fi y\u00f6netmelik de\u011fi\u015fikli\u011fine dair y\u00f6netmeli\u011fin detaylar\u0131na ula\u015fmak i\u00e7in t\u0131klayabilirsiniz. \u200bKaybedilen ara\u00e7 plakalar\u0131nda yenileme i\u015flemleri art\u0131k noter yerine e-Devlet \u00fczerinden yap\u0131labilecek. Noterler taraf\u0131ndan yap\u0131lmayan her \u00e7e\u015fit sat\u0131\u015f ve devir i\u015flemleri ge\u00e7ersiz say\u0131lacak. Uygulama 5 Aral\u0131k itibariyle ba\u015fl\u0131yor.ANKARA (\u0130GFA) &#8211; Resmi Gazete&#8217;de &#8216;Ara\u00e7lar\u0131n Sat\u0131\u015f, Devir ve Tescil Hizmetlerinin Y\u00fcr\u00fct\u00fclmesi Hakk\u0131nda &hellip;<\/p>","protected":false},"author":0,"featured_media":0,"comment_status":"open","ping_status":"open","sticky":false,"template":"","format":"standard","meta":{"_acf_changed":false,"footnotes":""},"categories":[24,535],"tags":[],"class_list":["post-19149","post","type-post","status-publish","format-standard","has-post-thumbnail","hentry","category-gundem","category-uncategorized-tr"],"acf":[],"yoast_head":"<!-- This site is optimized with the Yoast SEO Premium plugin v26.6 (Yoast SEO v27.1.1) - https:\/\/yoast.com\/product\/yoast-seo-premium-wordpress\/ -->\n<title>O zorunluluk kalkt\u0131! Kay\u0131p plaka yenilemede yeni d\u00f6nem - Av. Deniz Can K\u0131z\u0131l<\/title>\n<meta name=\"robots\" content=\"index, follow, max-snippet:-1, max-image-preview:large, max-video-preview:-1\" \/>\n<link rel=\"canonical\" href=\"http:\/\/denizcankizil.tr\/de\/haberler\/gundem\/o-zorunluluk-kalkti-kayip-plaka-yenilemede-yeni-donem\/\" \/>\n<meta property=\"og:locale\" content=\"de_DE\" \/>\n<meta property=\"og:type\" content=\"article\" \/>\n<meta property=\"og:title\" content=\"O zorunluluk kalkt\u0131! Kay\u0131p plaka yenilemede yeni d\u00f6nem\" \/>\n<meta property=\"og:description\" content=\"Kaybedilen ara\u00e7 plakalar\u0131nda yenileme i\u015flemleri art\u0131k noter yerine e-Devlet \u00fczerinden yap\u0131labilecek. Noterler taraf\u0131ndan yap\u0131lmayan her \u00e7e\u015fit sat\u0131\u015f ve devir i\u015flemleri ge\u00e7ersiz say\u0131lacak. Uygulama 5 Aral\u0131k itibariyle ba\u015fl\u0131yor.ANKARA (\u0130GFA) &#8211; Resmi Gazete&#8217;de &#8216;Ara\u00e7lar\u0131n Sat\u0131\u015f, Devir ve Tescil Hizmetlerinin Y\u00fcr\u00fct\u00fclmesi Hakk\u0131nda Y\u00f6netmelikte De\u011fi\u015fiklik Yap\u0131lmas\u0131na Dair Y\u00f6netmelik&#8217; ba\u015fl\u0131\u011f\u0131yla yay\u0131mlanan de\u011fi\u015fiklikle birlikte kay\u0131p tescil plakalar\u0131n\u0131n yenilenmesinde sistem de\u011fi\u015fikli\u011fine gidildi. Hat\u0131rlanaca\u011f\u0131 gibi halihaz\u0131rda uygulanan sistemde kay\u0131p plaka sahipleri, plakalar\u0131n\u0131 yeniden kullanmak i\u00e7in notere gidip plakan\u0131n kay\u0131p oldu\u011funu ve Trafik \u015eube M\u00fcd\u00fcrl\u00fc\u011f\u00fc&#8217;ndeki i\u015flemin tamamland\u0131\u011f\u0131n\u0131 beyan etmek zorundayd\u0131. Bu i\u015flemlerin ard\u0131ndan uygun g\u00f6r\u00fclmesi halinde plaka bas\u0131m ka\u011f\u0131d\u0131 al\u0131n\u0131r ve noter onayl\u0131 plaka bas\u0131m ka\u011f\u0131d\u0131yla birlikte en yak\u0131n \u015eof\u00f6rler Odas\u0131&#8217;na gidilerek yeni plaka \u00e7\u0131kartt\u0131r\u0131lmaktayd\u0131. Ara\u00e7lar\u0131n Sat\u0131\u015f, Devir ve Tescil Hizmetlerinin Y\u00fcr\u00fct\u00fclmesi Hakk\u0131nda Y\u00f6netmelikte De\u011fi\u015fiklik Yap\u0131lmas\u0131na Dair Y\u00f6netmelik\u00a0 kapsam\u0131nda, kaybedilen bir tescil plakas\u0131n\u0131n yeniden bas\u0131m\u0131 i\u00e7in plaka bas\u0131m talep belgesi olu\u015fturulmas\u0131, ileti\u015fim bilgilerinin g\u00fcncellenmesi ve araca ait \u00f6zet tescil bilgileri raporu olu\u015fturulmas\u0131 i\u015flemleri e-Devlet \u00fczerinden yap\u0131labilecek. Adalet ve \u0130\u00e7i\u015fleri bakanl\u0131klar\u0131n\u0131n birlikte y\u00fcr\u00fctece\u011fi y\u00f6netmelik de\u011fi\u015fikli\u011fine dair y\u00f6netmeli\u011fin detaylar\u0131na ula\u015fmak i\u00e7in t\u0131klayabilirsiniz. \u200bKaybedilen ara\u00e7 plakalar\u0131nda yenileme i\u015flemleri art\u0131k noter yerine e-Devlet \u00fczerinden yap\u0131labilecek. Noterler taraf\u0131ndan yap\u0131lmayan her \u00e7e\u015fit sat\u0131\u015f ve devir i\u015flemleri ge\u00e7ersiz say\u0131lacak. Uygulama 5 Aral\u0131k itibariyle ba\u015fl\u0131yor.ANKARA (\u0130GFA) &#8211; Resmi Gazete&#8217;de &#8216;Ara\u00e7lar\u0131n Sat\u0131\u015f, Devir ve Tescil Hizmetlerinin Y\u00fcr\u00fct\u00fclmesi Hakk\u0131nda &hellip;\" \/>\n<meta property=\"og:url\" content=\"http:\/\/denizcankizil.tr\/de\/haberler\/gundem\/o-zorunluluk-kalkti-kayip-plaka-yenilemede-yeni-donem\/\" \/>\n<meta property=\"og:site_name\" content=\"Av. Deniz Can K\u0131z\u0131l\" \/>\n<meta property=\"article:published_time\" content=\"2024-12-04T12:41:51+00:00\" \/>\n<meta name=\"twitter:card\" content=\"summary_large_image\" \/>\n<meta name=\"twitter:label1\" content=\"Gesch\u00e4tzte Lesezeit\" \/>\n\t<meta name=\"twitter:data1\" content=\"3\u00a0Minuten\" \/>\n<script type=\"application\/ld+json\" class=\"yoast-schema-graph\">{\"@context\":\"https:\/\/schema.org\",\"@graph\":[{\"@type\":\"Article\",\"@id\":\"http:\/\/denizcankizil.tr\/ru\/haberler\/gundem\/o-zorunluluk-kalkti-kayip-plaka-yenilemede-yeni-donem\/#article\",\"isPartOf\":{\"@id\":\"http:\/\/denizcankizil.tr\/ru\/haberler\/gundem\/o-zorunluluk-kalkti-kayip-plaka-yenilemede-yeni-donem\/\"},\"author\":{\"name\":\"\",\"@id\":\"\"},\"headline\":\"O zorunluluk kalkt\u0131! Kay\u0131p plaka yenilemede yeni d\u00f6nem\",\"datePublished\":\"2024-12-04T12:41:51+00:00\",\"mainEntityOfPage\":{\"@id\":\"http:\/\/denizcankizil.tr\/ru\/haberler\/gundem\/o-zorunluluk-kalkti-kayip-plaka-yenilemede-yeni-donem\/\"},\"wordCount\":554,\"commentCount\":0,\"publisher\":{\"@id\":\"https:\/\/denizcankizil.tr\/de\/#organization\"},\"articleSection\":[\"G\u00fcndem\",\"Uncategorized\"],\"inLanguage\":\"de\",\"potentialAction\":[{\"@type\":\"CommentAction\",\"name\":\"Comment\",\"target\":[\"http:\/\/denizcankizil.tr\/ru\/haberler\/gundem\/o-zorunluluk-kalkti-kayip-plaka-yenilemede-yeni-donem\/#respond\"]}]},{\"@type\":\"WebPage\",\"@id\":\"http:\/\/denizcankizil.tr\/ru\/haberler\/gundem\/o-zorunluluk-kalkti-kayip-plaka-yenilemede-yeni-donem\/\",\"url\":\"http:\/\/denizcankizil.tr\/ru\/haberler\/gundem\/o-zorunluluk-kalkti-kayip-plaka-yenilemede-yeni-donem\/\",\"name\":\"O zorunluluk kalkt\u0131! Kay\u0131p plaka yenilemede yeni d\u00f6nem - Av. Deniz Can K\u0131z\u0131l\",\"isPartOf\":{\"@id\":\"https:\/\/denizcankizil.tr\/de\/#website\"},\"datePublished\":\"2024-12-04T12:41:51+00:00\",\"breadcrumb\":{\"@id\":\"http:\/\/denizcankizil.tr\/ru\/haberler\/gundem\/o-zorunluluk-kalkti-kayip-plaka-yenilemede-yeni-donem\/#breadcrumb\"},\"inLanguage\":\"de\",\"potentialAction\":[{\"@type\":\"ReadAction\",\"target\":[\"http:\/\/denizcankizil.tr\/ru\/haberler\/gundem\/o-zorunluluk-kalkti-kayip-plaka-yenilemede-yeni-donem\/\"]}]},{\"@type\":\"BreadcrumbList\",\"@id\":\"http:\/\/denizcankizil.tr\/ru\/haberler\/gundem\/o-zorunluluk-kalkti-kayip-plaka-yenilemede-yeni-donem\/#breadcrumb\",\"itemListElement\":[{\"@type\":\"ListItem\",\"position\":1,\"name\":\"Home\",\"item\":\"https:\/\/denizcankizil.tr\/de\/\"},{\"@type\":\"ListItem\",\"position\":2,\"name\":\"O zorunluluk kalkt\u0131! Kay\u0131p plaka yenilemede yeni d\u00f6nem\"}]},{\"@type\":\"WebSite\",\"@id\":\"https:\/\/denizcankizil.tr\/de\/#website\",\"url\":\"https:\/\/denizcankizil.tr\/de\/\",\"name\":\"Av. Deniz Can K\u0131z\u0131l\",\"description\":\"Avukat Deniz Can K\u0131z\u0131l Antalya Barosu\",\"publisher\":{\"@id\":\"https:\/\/denizcankizil.tr\/de\/#organization\"},\"potentialAction\":[{\"@type\":\"SearchAction\",\"target\":{\"@type\":\"EntryPoint\",\"urlTemplate\":\"https:\/\/denizcankizil.tr\/de\/?s={search_term_string}\"},\"query-input\":{\"@type\":\"PropertyValueSpecification\",\"valueRequired\":true,\"valueName\":\"search_term_string\"}}],\"inLanguage\":\"de\"},{\"@type\":\"Organization\",\"@id\":\"https:\/\/denizcankizil.tr\/de\/#organization\",\"name\":\"Av. Deniz Can K\u0131z\u0131l\",\"url\":\"https:\/\/denizcankizil.tr\/de\/\",\"logo\":{\"@type\":\"ImageObject\",\"inLanguage\":\"de\",\"@id\":\"https:\/\/denizcankizil.tr\/de\/#\/schema\/logo\/image\/\",\"url\":\"https:\/\/denizcankizil.tr\/wp-content\/uploads\/2024\/10\/siyah-logo-svg.svg\",\"contentUrl\":\"https:\/\/denizcankizil.tr\/wp-content\/uploads\/2024\/10\/siyah-logo-svg.svg\",\"width\":1080,\"height\":1080,\"caption\":\"Av. Deniz Can K\u0131z\u0131l\"},\"image\":{\"@id\":\"https:\/\/denizcankizil.tr\/de\/#\/schema\/logo\/image\/\"}}]}<\/script>\n<!-- \/ Yoast SEO Premium plugin. -->","yoast_head_json":{"title":"O zorunluluk kalkt\u0131! Kay\u0131p plaka yenilemede yeni d\u00f6nem - Av. Deniz Can K\u0131z\u0131l","robots":{"index":"index","follow":"follow","max-snippet":"max-snippet:-1","max-image-preview":"max-image-preview:large","max-video-preview":"max-video-preview:-1"},"canonical":"http:\/\/denizcankizil.tr\/de\/haberler\/gundem\/o-zorunluluk-kalkti-kayip-plaka-yenilemede-yeni-donem\/","og_locale":"de_DE","og_type":"article","og_title":"O zorunluluk kalkt\u0131! Kay\u0131p plaka yenilemede yeni d\u00f6nem","og_description":"Kaybedilen ara\u00e7 plakalar\u0131nda yenileme i\u015flemleri art\u0131k noter yerine e-Devlet \u00fczerinden yap\u0131labilecek. Noterler taraf\u0131ndan yap\u0131lmayan her \u00e7e\u015fit sat\u0131\u015f ve devir i\u015flemleri ge\u00e7ersiz say\u0131lacak. Uygulama 5 Aral\u0131k itibariyle ba\u015fl\u0131yor.ANKARA (\u0130GFA) &#8211; Resmi Gazete&#8217;de &#8216;Ara\u00e7lar\u0131n Sat\u0131\u015f, Devir ve Tescil Hizmetlerinin Y\u00fcr\u00fct\u00fclmesi Hakk\u0131nda Y\u00f6netmelikte De\u011fi\u015fiklik Yap\u0131lmas\u0131na Dair Y\u00f6netmelik&#8217; ba\u015fl\u0131\u011f\u0131yla yay\u0131mlanan de\u011fi\u015fiklikle birlikte kay\u0131p tescil plakalar\u0131n\u0131n yenilenmesinde sistem de\u011fi\u015fikli\u011fine gidildi. Hat\u0131rlanaca\u011f\u0131 gibi halihaz\u0131rda uygulanan sistemde kay\u0131p plaka sahipleri, plakalar\u0131n\u0131 yeniden kullanmak i\u00e7in notere gidip plakan\u0131n kay\u0131p oldu\u011funu ve Trafik \u015eube M\u00fcd\u00fcrl\u00fc\u011f\u00fc&#8217;ndeki i\u015flemin tamamland\u0131\u011f\u0131n\u0131 beyan etmek zorundayd\u0131. Bu i\u015flemlerin ard\u0131ndan uygun g\u00f6r\u00fclmesi halinde plaka bas\u0131m ka\u011f\u0131d\u0131 al\u0131n\u0131r ve noter onayl\u0131 plaka bas\u0131m ka\u011f\u0131d\u0131yla birlikte en yak\u0131n \u015eof\u00f6rler Odas\u0131&#8217;na gidilerek yeni plaka \u00e7\u0131kartt\u0131r\u0131lmaktayd\u0131. Ara\u00e7lar\u0131n Sat\u0131\u015f, Devir ve Tescil Hizmetlerinin Y\u00fcr\u00fct\u00fclmesi Hakk\u0131nda Y\u00f6netmelikte De\u011fi\u015fiklik Yap\u0131lmas\u0131na Dair Y\u00f6netmelik\u00a0 kapsam\u0131nda, kaybedilen bir tescil plakas\u0131n\u0131n yeniden bas\u0131m\u0131 i\u00e7in plaka bas\u0131m talep belgesi olu\u015fturulmas\u0131, ileti\u015fim bilgilerinin g\u00fcncellenmesi ve araca ait \u00f6zet tescil bilgileri raporu olu\u015fturulmas\u0131 i\u015flemleri e-Devlet \u00fczerinden yap\u0131labilecek. Adalet ve \u0130\u00e7i\u015fleri bakanl\u0131klar\u0131n\u0131n birlikte y\u00fcr\u00fctece\u011fi y\u00f6netmelik de\u011fi\u015fikli\u011fine dair y\u00f6netmeli\u011fin detaylar\u0131na ula\u015fmak i\u00e7in t\u0131klayabilirsiniz. \u200bKaybedilen ara\u00e7 plakalar\u0131nda yenileme i\u015flemleri art\u0131k noter yerine e-Devlet \u00fczerinden yap\u0131labilecek. Noterler taraf\u0131ndan yap\u0131lmayan her \u00e7e\u015fit sat\u0131\u015f ve devir i\u015flemleri ge\u00e7ersiz say\u0131lacak. Uygulama 5 Aral\u0131k itibariyle ba\u015fl\u0131yor.ANKARA (\u0130GFA) &#8211; Resmi Gazete&#8217;de &#8216;Ara\u00e7lar\u0131n Sat\u0131\u015f, Devir ve Tescil Hizmetlerinin Y\u00fcr\u00fct\u00fclmesi Hakk\u0131nda &hellip;","og_url":"http:\/\/denizcankizil.tr\/de\/haberler\/gundem\/o-zorunluluk-kalkti-kayip-plaka-yenilemede-yeni-donem\/","og_site_name":"Av. Deniz Can K\u0131z\u0131l","article_published_time":"2024-12-04T12:41:51+00:00","twitter_card":"summary_large_image","twitter_misc":{"Gesch\u00e4tzte Lesezeit":"3\u00a0Minuten"},"schema":{"@context":"https:\/\/schema.org","@graph":[{"@type":"Article","@id":"http:\/\/denizcankizil.tr\/ru\/haberler\/gundem\/o-zorunluluk-kalkti-kayip-plaka-yenilemede-yeni-donem\/#article","isPartOf":{"@id":"http:\/\/denizcankizil.tr\/ru\/haberler\/gundem\/o-zorunluluk-kalkti-kayip-plaka-yenilemede-yeni-donem\/"},"author":{"name":"","@id":""},"headline":"O zorunluluk kalkt\u0131! Kay\u0131p plaka yenilemede yeni d\u00f6nem","datePublished":"2024-12-04T12:41:51+00:00","mainEntityOfPage":{"@id":"http:\/\/denizcankizil.tr\/ru\/haberler\/gundem\/o-zorunluluk-kalkti-kayip-plaka-yenilemede-yeni-donem\/"},"wordCount":554,"commentCount":0,"publisher":{"@id":"https:\/\/denizcankizil.tr\/de\/#organization"},"articleSection":["G\u00fcndem","Uncategorized"],"inLanguage":"de","potentialAction":[{"@type":"CommentAction","name":"Comment","target":["http:\/\/denizcankizil.tr\/ru\/haberler\/gundem\/o-zorunluluk-kalkti-kayip-plaka-yenilemede-yeni-donem\/#respond"]}]},{"@type":"WebPage","@id":"http:\/\/denizcankizil.tr\/ru\/haberler\/gundem\/o-zorunluluk-kalkti-kayip-plaka-yenilemede-yeni-donem\/","url":"http:\/\/denizcankizil.tr\/ru\/haberler\/gundem\/o-zorunluluk-kalkti-kayip-plaka-yenilemede-yeni-donem\/","name":"O zorunluluk kalkt\u0131! Kay\u0131p plaka yenilemede yeni d\u00f6nem - Av. Deniz Can K\u0131z\u0131l","isPartOf":{"@id":"https:\/\/denizcankizil.tr\/de\/#website"},"datePublished":"2024-12-04T12:41:51+00:00","breadcrumb":{"@id":"http:\/\/denizcankizil.tr\/ru\/haberler\/gundem\/o-zorunluluk-kalkti-kayip-plaka-yenilemede-yeni-donem\/#breadcrumb"},"inLanguage":"de","potentialAction":[{"@type":"ReadAction","target":["http:\/\/denizcankizil.tr\/ru\/haberler\/gundem\/o-zorunluluk-kalkti-kayip-plaka-yenilemede-yeni-donem\/"]}]},{"@type":"BreadcrumbList","@id":"http:\/\/denizcankizil.tr\/ru\/haberler\/gundem\/o-zorunluluk-kalkti-kayip-plaka-yenilemede-yeni-donem\/#breadcrumb","itemListElement":[{"@type":"ListItem","position":1,"name":"Home","item":"https:\/\/denizcankizil.tr\/de\/"},{"@type":"ListItem","position":2,"name":"O zorunluluk kalkt\u0131! Kay\u0131p plaka yenilemede yeni d\u00f6nem"}]},{"@type":"WebSite","@id":"https:\/\/denizcankizil.tr\/de\/#website","url":"https:\/\/denizcankizil.tr\/de\/","name":"Av. Deniz Can K\u0131z\u0131l","description":"Avukat Deniz Can K\u0131z\u0131l Antalya Barosu","publisher":{"@id":"https:\/\/denizcankizil.tr\/de\/#organization"},"potentialAction":[{"@type":"SearchAction","target":{"@type":"EntryPoint","urlTemplate":"https:\/\/denizcankizil.tr\/de\/?s={search_term_string}"},"query-input":{"@type":"PropertyValueSpecification","valueRequired":true,"valueName":"search_term_string"}}],"inLanguage":"de"},{"@type":"Organization","@id":"https:\/\/denizcankizil.tr\/de\/#organization","name":"Av. Deniz Can K\u0131z\u0131l","url":"https:\/\/denizcankizil.tr\/de\/","logo":{"@type":"ImageObject","inLanguage":"de","@id":"https:\/\/denizcankizil.tr\/de\/#\/schema\/logo\/image\/","url":"https:\/\/denizcankizil.tr\/wp-content\/uploads\/2024\/10\/siyah-logo-svg.svg","contentUrl":"https:\/\/denizcankizil.tr\/wp-content\/uploads\/2024\/10\/siyah-logo-svg.svg","width":1080,"height":1080,"caption":"Av. Deniz Can K\u0131z\u0131l"},"image":{"@id":"https:\/\/denizcankizil.tr\/de\/#\/schema\/logo\/image\/"}}]}},"_links":{"self":[{"href":"https:\/\/denizcankizil.tr\/de\/wp-json\/wp\/v2\/posts\/19149","targetHints":{"allow":["GET"]}}],"collection":[{"href":"https:\/\/denizcankizil.tr\/de\/wp-json\/wp\/v2\/posts"}],"about":[{"href":"https:\/\/denizcankizil.tr\/de\/wp-json\/wp\/v2\/types\/post"}],"replies":[{"embeddable":true,"href":"https:\/\/denizcankizil.tr\/de\/wp-json\/wp\/v2\/comments?post=19149"}],"version-history":[{"count":0,"href":"https:\/\/denizcankizil.tr\/de\/wp-json\/wp\/v2\/posts\/19149\/revisions"}],"wp:attachment":[{"href":"https:\/\/denizcankizil.tr\/de\/wp-json\/wp\/v2\/media?parent=19149"}],"wp:term":[{"taxonomy":"category","embeddable":true,"href":"https:\/\/denizcankizil.tr\/de\/wp-json\/wp\/v2\/categories?post=19149"},{"taxonomy":"post_tag","embeddable":true,"href":"https:\/\/denizcankizil.tr\/de\/wp-json\/wp\/v2\/tags?post=19149"}],"curies":[{"name":"wp","href":"https:\/\/api.w.org\/{rel}","templated":true}]}}