{"id":18910,"date":"2024-12-03T13:41:19","date_gmt":"2024-12-03T10:41:19","guid":{"rendered":"https:\/\/denizcankizil.tr\/uncategorized-tr\/antalyada-israil-protesto-edildi\/"},"modified":"2024-12-03T13:41:19","modified_gmt":"2024-12-03T10:41:19","slug":"antalyada-israil-protesto-edildi","status":"publish","type":"post","link":"https:\/\/denizcankizil.tr\/de\/haberler\/gundem\/antalyada-israil-protesto-edildi\/","title":{"rendered":"Antalya\u2019da \u0130srail protesto edildi"},"content":{"rendered":"<p>Direni\u015f \u00c7ad\u0131r\u0131 Antalya Grubu\u2019nun \u0130srail\u2019e y\u00f6nelik protestolar\u0131 aral\u0131ks\u0131z s\u00fcr\u00fcyor. Grup \u00fcyeleri Attolos Heykeli \u00f6n\u00fcnde ger\u00e7ekle\u015ftirdi\u011fi bas\u0131n a\u00e7\u0131klamas\u0131nda, Filistin\u2019e y\u00f6nelik sald\u0131r\u0131lara derhal son verilmesi \u00e7a\u011fr\u0131s\u0131nda bulundu. Filistin\u2019de soyk\u0131r\u0131m\u0131n ya\u015fand\u0131\u011f\u0131na dikkat \u00e7eken grup \u00fcyeleri Gazze\u2019nin yak\u0131l\u0131p y\u0131k\u0131ld\u0131\u011f\u0131n\u0131 ifade ettiler.\u00a0<\/p>\n<p>\u0130SRA\u0130L SALDIRILARI 422. G\u00dcN\u00dcNDE DE PROTESTO ED\u0130LD\u0130<\/p>\n<p>Antalya\u2019da \u0130srail\u2019in Filistin\u2019e y\u00f6nelik sald\u0131r\u0131lar\u0131 bir kez daha protesto edildi. Direni\u015f \u00c7ad\u0131r\u0131 Antalya Grubu\u2019nun Attolos Heykeli \u00f6n\u00fcnde d\u00fczenledi\u011fi bas\u0131n a\u00e7\u0131klamas\u0131nda; \u201c7 Ekim 2023 tarihinde ba\u015flayan ve \u0130sraillilere a\u011f\u0131r bir hezimet ya\u015fatan Aksa Tufan\u0131 Operasyonu\u2019nun 422. g\u00fcn\u00fcndeyiz. Gazzeli m\u00fccahitlere sahada yan\u0131t veremeyen Siyonist \u0130srail ve destek\u00e7isi ABD, sivillere kar\u015f\u0131 soyk\u0131r\u0131m ger\u00e7ekle\u015ftirmeyi se\u00e7ti. Gazze\u2019yi yak\u0131p y\u0131kt\u0131lar. Vicdan ad\u0131na, hukuk ad\u0131na, insaniyet ad\u0131na ne varsa ayaklar alt\u0131na ald\u0131lar. Gazze\u2019de yapt\u0131klar\u0131 yetmezmi\u015f gibi \u0130srail ve ABD, soyk\u0131r\u0131m \u00e7emberine L\u00fcbnan\u2019\u0131 da dahil etmi\u015fti. Fakat L\u00fcbnan halk\u0131 ve \u0130slami Direni\u015f Hareketi Hizbullah, \u0130srail\u2019e hak etti\u011fi dilden konu\u015farak Siyonistleri ate\u015fkes imzalamak mecburiyetinde b\u0131rakt\u0131. Bu s\u00fcre\u00e7te L\u00fcbnan halk\u0131 3 bin 823 \u015fehit 15 bin 859 yaral\u0131 vererek, Filistin\u2019e olan sadakatlerini g\u00f6sterdi\u201d denildi.\u00a0<\/p>\n<p>TEK YOL D\u0130REN\u0130\u015e<\/p>\n<p>2 milyondan fazla insan\u0131n zorlu hava ko\u015fullar\u0131nda hayat m\u00fccadelesi verdi\u011fini vurgulayan grup, a\u00e7\u0131klamas\u0131nda \u201cSiyonist-emperyalist cepheyle m\u00fccadelenin tek yolunun direni\u015f oldu\u011funu kan\u0131tlad\u0131lar. Gelinen noktada Gazze\u2019deki insani durum felaket boyutundad\u0131r. Yerlerinden edilmi\u015f 2 milyondan fazla Filistinli, zorlu hava ve hayat ko\u015fullar\u0131 alt\u0131nda, ge\u00e7ici \u00e7ad\u0131rlarda hayata tutunmaya \u00e7al\u0131\u015f\u0131yor. \u00c7\u00fcnk\u00fc \u0130srail, Gazzelilerin s\u0131\u011f\u0131nd\u0131\u011f\u0131 okullar\u0131n neredeyse tamam\u0131n\u0131 y\u0131kt\u0131\u201cK\u0131\u015f mevsimi, durumu daha da vahim bir evreye ta\u015f\u0131maktad\u0131r. Gazzeli \u00e7ocuklar\u0131n %30\u2019u \u015fiddetli yetersiz beslenme sorunuyla y\u00fczle\u015fmektedir. 2 bin 500 \u00e7ocu\u011fun \u00e7ok acil t\u0131bbi tahliyeye ihtiyac\u0131 vard\u0131r. Maalesef bu rakamlar felaket tablosunun k\u00fc\u00e7\u00fck bir k\u0131sm\u0131d\u0131r. Soruyoruz: Tablo ortadayken, \u0130slam \u00fcmmeti ve \u00fclkeleri \u0130srail\u2019e bask\u0131y\u0131 art\u0131rmak i\u00e7in neyi beklemektedir? T\u00fcrkiye\u2019deki siyasi iktidar, \u0130srail\u2019i k\u00f6\u015feye s\u0131k\u0131\u015ft\u0131rmak ve Gazze\u2019de geri ad\u0131m atmas\u0131n\u0131 sa\u011flamak amac\u0131yla harekete ge\u00e7mek i\u00e7in daha ne olmas\u0131n\u0131 beklemektedir?\u201d ifadeleri kullan\u0131ld\u0131.\u00a0<\/p>\n<p>T\u00dcRK\u0130YE-\u0130SRA\u0130L T\u0130CARET\u0130 KES\u0130LMED\u0130\u00a0<\/p>\n<p>T\u00fcrkiye ile \u0130srail aras\u0131nda ticaretin hala durulmad\u0131\u011f\u0131na dikkat \u00e7eken direni\u015f grubu, \u201c\u201cK\u0131ymetli dostlar, T\u00fcrkiye 2 May\u0131s 2024 tarihinde \u0130srail\u2019le ticareti durdurma karar\u0131 ald\u0131. Bu kararla \u0130srail\u2019i ate\u015fkese zorlaman\u0131n ama\u00e7land\u0131\u011f\u0131 s\u00f6ylendi. Fakat eldeki veriler, T\u00fcrkiye-\u0130srail aras\u0131ndaki ticaretin tamamen durdurulmad\u0131\u011f\u0131n\u0131 g\u00f6steriyor. T\u00fcrkiye\u2019den, Filistin\u2019e diye \u00e7\u0131kan mallar\u0131n \u0130srailli t\u00fcccarlar\u0131n eline ge\u00e7ti\u011fi bir s\u0131r de\u011fil. Bir\u00e7ok gazete bu durumu haberle\u015ftirdi. Ayr\u0131ca dolayl\u0131 yollarla da bu ticaretin s\u00fcrd\u00fc\u011f\u00fc ac\u0131 bir ger\u00e7ek olarak ortada duruyor. T\u00fcm bunlardan siyasi iktidar\u0131n haberinin olmamas\u0131 m\u00fcmk\u00fcn de\u011fildir. O halde, \u0130srail\u2019i k\u00f6\u015feye s\u0131k\u0131\u015ft\u0131rmak amac\u0131yla ald\u0131klar\u0131 kararlar\u0131 tam anlam\u0131yla uygulamak i\u00e7in neyi beklemektedirler? Ticareti durdurma karar\u0131n\u0131n \u00fczerinden neredeyse 7 ay ge\u00e7ti ve bu kadar s\u00fcre ge\u00e7mesine ra\u011fmen bu ticaret hala devam edebiliyorsa burada ana sorumlu siyasi iktidard\u0131r. Ticaret ad\u0131 alt\u0131nda yap\u0131lan bu i\u015f birli\u011fine \u00e7e\u015fitli hilelerle g\u00f6z yumulmasa bu ticaret s\u00fcrebilir mi? Filistin\u2019deki durumun bu kadar a\u011f\u0131rla\u015ft\u0131\u011f\u0131 bir evrede, T\u00fcrkiye halk\u0131 olarak hala bu tart\u0131\u015fmalar\u0131 yap\u0131yor olmaktan bizler utan\u0131yoruz, sizler utanm\u0131yor musunuz?\u201d a\u00e7\u0131klamalar\u0131nda bulundu.\u00a0<\/p>\n<p>\u00a0<\/p>\n<p>\u200b\u0130srail\u2019in Filistin\u2019e y\u00f6nelik sald\u0131r\u0131lar\u0131 Antalya\u2019da protesto edildi. Attolos Heykeli \u00f6n\u00fcnde bir araya gelen Direni\u015f \u00c7ad\u0131r\u0131 Antalya Grubu, Gazze\u2019de devam eden insanl\u0131k dram\u0131n\u0131n sonland\u0131r\u0131lmas\u0131n\u0131 talep etti\u00a0<\/p>\n<p>\u200bHaberin Al\u0131nt\u0131land\u0131\u011f\u0131 Kaynak: www.antalyakorfez.com<\/p>","protected":false},"excerpt":{"rendered":"<p>Direni\u015f \u00c7ad\u0131r\u0131 Antalya Grubu\u2019nun \u0130srail\u2019e y\u00f6nelik protestolar\u0131 aral\u0131ks\u0131z s\u00fcr\u00fcyor. Grup \u00fcyeleri Attolos Heykeli \u00f6n\u00fcnde ger\u00e7ekle\u015ftirdi\u011fi bas\u0131n a\u00e7\u0131klamas\u0131nda, Filistin\u2019e y\u00f6nelik sald\u0131r\u0131lara derhal son verilmesi \u00e7a\u011fr\u0131s\u0131nda bulundu. Filistin\u2019de soyk\u0131r\u0131m\u0131n ya\u015fand\u0131\u011f\u0131na dikkat \u00e7eken grup \u00fcyeleri Gazze\u2019nin yak\u0131l\u0131p y\u0131k\u0131ld\u0131\u011f\u0131n\u0131 ifade ettiler.\u00a0 \u0130SRA\u0130L SALDIRILARI 422. G\u00dcN\u00dcNDE DE PROTESTO ED\u0130LD\u0130 Antalya\u2019da \u0130srail\u2019in Filistin\u2019e y\u00f6nelik sald\u0131r\u0131lar\u0131 bir kez daha protesto edildi. Direni\u015f \u00c7ad\u0131r\u0131 Antalya Grubu\u2019nun Attolos Heykeli \u00f6n\u00fcnde d\u00fczenledi\u011fi bas\u0131n a\u00e7\u0131klamas\u0131nda; \u201c7 Ekim 2023 tarihinde ba\u015flayan ve \u0130sraillilere a\u011f\u0131r bir hezimet ya\u015fatan Aksa Tufan\u0131 Operasyonu\u2019nun 422. g\u00fcn\u00fcndeyiz. Gazzeli m\u00fccahitlere sahada yan\u0131t veremeyen Siyonist \u0130srail ve destek\u00e7isi ABD, sivillere kar\u015f\u0131 soyk\u0131r\u0131m ger\u00e7ekle\u015ftirmeyi se\u00e7ti. Gazze\u2019yi yak\u0131p y\u0131kt\u0131lar. Vicdan ad\u0131na, hukuk ad\u0131na, insaniyet ad\u0131na ne varsa ayaklar alt\u0131na ald\u0131lar. Gazze\u2019de yapt\u0131klar\u0131 yetmezmi\u015f gibi \u0130srail ve ABD, soyk\u0131r\u0131m \u00e7emberine L\u00fcbnan\u2019\u0131 da dahil etmi\u015fti. Fakat L\u00fcbnan halk\u0131 ve \u0130slami Direni\u015f Hareketi Hizbullah, \u0130srail\u2019e hak etti\u011fi dilden konu\u015farak Siyonistleri ate\u015fkes imzalamak mecburiyetinde b\u0131rakt\u0131. Bu s\u00fcre\u00e7te L\u00fcbnan halk\u0131 3 bin 823 \u015fehit 15 bin 859 yaral\u0131 vererek, Filistin\u2019e olan sadakatlerini g\u00f6sterdi\u201d denildi.\u00a0 TEK YOL D\u0130REN\u0130\u015e 2 milyondan fazla insan\u0131n zorlu hava ko\u015fullar\u0131nda hayat m\u00fccadelesi verdi\u011fini vurgulayan grup, a\u00e7\u0131klamas\u0131nda \u201cSiyonist-emperyalist cepheyle m\u00fccadelenin tek yolunun direni\u015f oldu\u011funu kan\u0131tlad\u0131lar. Gelinen noktada Gazze\u2019deki insani durum felaket boyutundad\u0131r. Yerlerinden edilmi\u015f 2 milyondan fazla Filistinli, zorlu hava ve hayat ko\u015fullar\u0131 &hellip;<\/p>","protected":false},"author":0,"featured_media":0,"comment_status":"open","ping_status":"open","sticky":false,"template":"","format":"standard","meta":{"_acf_changed":false,"footnotes":""},"categories":[24,535],"tags":[],"class_list":["post-18910","post","type-post","status-publish","format-standard","has-post-thumbnail","hentry","category-gundem","category-uncategorized-tr"],"acf":[],"yoast_head":"<!-- This site is optimized with the Yoast SEO Premium plugin v26.6 (Yoast SEO v27.1.1) - https:\/\/yoast.com\/product\/yoast-seo-premium-wordpress\/ -->\n<title>Antalya\u2019da \u0130srail protesto edildi - Av. Deniz Can K\u0131z\u0131l<\/title>\n<meta name=\"robots\" content=\"index, follow, max-snippet:-1, max-image-preview:large, max-video-preview:-1\" \/>\n<link rel=\"canonical\" href=\"https:\/\/denizcankizil.tr\/de\/haberler\/gundem\/antalyada-israil-protesto-edildi\/\" \/>\n<meta property=\"og:locale\" content=\"de_DE\" \/>\n<meta property=\"og:type\" content=\"article\" \/>\n<meta property=\"og:title\" content=\"Antalya\u2019da \u0130srail protesto edildi\" \/>\n<meta property=\"og:description\" content=\"Direni\u015f \u00c7ad\u0131r\u0131 Antalya Grubu\u2019nun \u0130srail\u2019e y\u00f6nelik protestolar\u0131 aral\u0131ks\u0131z s\u00fcr\u00fcyor. Grup \u00fcyeleri Attolos Heykeli \u00f6n\u00fcnde ger\u00e7ekle\u015ftirdi\u011fi bas\u0131n a\u00e7\u0131klamas\u0131nda, Filistin\u2019e y\u00f6nelik sald\u0131r\u0131lara derhal son verilmesi \u00e7a\u011fr\u0131s\u0131nda bulundu. Filistin\u2019de soyk\u0131r\u0131m\u0131n ya\u015fand\u0131\u011f\u0131na dikkat \u00e7eken grup \u00fcyeleri Gazze\u2019nin yak\u0131l\u0131p y\u0131k\u0131ld\u0131\u011f\u0131n\u0131 ifade ettiler.\u00a0 \u0130SRA\u0130L SALDIRILARI 422. G\u00dcN\u00dcNDE DE PROTESTO ED\u0130LD\u0130 Antalya\u2019da \u0130srail\u2019in Filistin\u2019e y\u00f6nelik sald\u0131r\u0131lar\u0131 bir kez daha protesto edildi. Direni\u015f \u00c7ad\u0131r\u0131 Antalya Grubu\u2019nun Attolos Heykeli \u00f6n\u00fcnde d\u00fczenledi\u011fi bas\u0131n a\u00e7\u0131klamas\u0131nda; \u201c7 Ekim 2023 tarihinde ba\u015flayan ve \u0130sraillilere a\u011f\u0131r bir hezimet ya\u015fatan Aksa Tufan\u0131 Operasyonu\u2019nun 422. g\u00fcn\u00fcndeyiz. Gazzeli m\u00fccahitlere sahada yan\u0131t veremeyen Siyonist \u0130srail ve destek\u00e7isi ABD, sivillere kar\u015f\u0131 soyk\u0131r\u0131m ger\u00e7ekle\u015ftirmeyi se\u00e7ti. Gazze\u2019yi yak\u0131p y\u0131kt\u0131lar. Vicdan ad\u0131na, hukuk ad\u0131na, insaniyet ad\u0131na ne varsa ayaklar alt\u0131na ald\u0131lar. Gazze\u2019de yapt\u0131klar\u0131 yetmezmi\u015f gibi \u0130srail ve ABD, soyk\u0131r\u0131m \u00e7emberine L\u00fcbnan\u2019\u0131 da dahil etmi\u015fti. Fakat L\u00fcbnan halk\u0131 ve \u0130slami Direni\u015f Hareketi Hizbullah, \u0130srail\u2019e hak etti\u011fi dilden konu\u015farak Siyonistleri ate\u015fkes imzalamak mecburiyetinde b\u0131rakt\u0131. Bu s\u00fcre\u00e7te L\u00fcbnan halk\u0131 3 bin 823 \u015fehit 15 bin 859 yaral\u0131 vererek, Filistin\u2019e olan sadakatlerini g\u00f6sterdi\u201d denildi.\u00a0 TEK YOL D\u0130REN\u0130\u015e 2 milyondan fazla insan\u0131n zorlu hava ko\u015fullar\u0131nda hayat m\u00fccadelesi verdi\u011fini vurgulayan grup, a\u00e7\u0131klamas\u0131nda \u201cSiyonist-emperyalist cepheyle m\u00fccadelenin tek yolunun direni\u015f oldu\u011funu kan\u0131tlad\u0131lar. Gelinen noktada Gazze\u2019deki insani durum felaket boyutundad\u0131r. Yerlerinden edilmi\u015f 2 milyondan fazla Filistinli, zorlu hava ve hayat ko\u015fullar\u0131 &hellip;\" \/>\n<meta property=\"og:url\" content=\"https:\/\/denizcankizil.tr\/de\/haberler\/gundem\/antalyada-israil-protesto-edildi\/\" \/>\n<meta property=\"og:site_name\" content=\"Av. Deniz Can K\u0131z\u0131l\" \/>\n<meta property=\"article:published_time\" content=\"2024-12-03T10:41:19+00:00\" \/>\n<meta name=\"twitter:card\" content=\"summary_large_image\" \/>\n<meta name=\"twitter:label1\" content=\"Gesch\u00e4tzte Lesezeit\" \/>\n\t<meta name=\"twitter:data1\" content=\"3\u00a0Minuten\" \/>\n<script type=\"application\/ld+json\" class=\"yoast-schema-graph\">{\"@context\":\"https:\/\/schema.org\",\"@graph\":[{\"@type\":\"Article\",\"@id\":\"https:\/\/denizcankizil.tr\/de\/haberler\/gundem\/antalyada-israil-protesto-edildi\/#article\",\"isPartOf\":{\"@id\":\"https:\/\/denizcankizil.tr\/de\/haberler\/gundem\/antalyada-israil-protesto-edildi\/\"},\"author\":{\"name\":\"\",\"@id\":\"\"},\"headline\":\"Antalya\u2019da \u0130srail protesto edildi\",\"datePublished\":\"2024-12-03T10:41:19+00:00\",\"mainEntityOfPage\":{\"@id\":\"https:\/\/denizcankizil.tr\/de\/haberler\/gundem\/antalyada-israil-protesto-edildi\/\"},\"wordCount\":699,\"commentCount\":0,\"publisher\":{\"@id\":\"https:\/\/denizcankizil.tr\/#organization\"},\"articleSection\":[\"G\u00fcndem\",\"Uncategorized\"],\"inLanguage\":\"de\",\"potentialAction\":[{\"@type\":\"CommentAction\",\"name\":\"Comment\",\"target\":[\"https:\/\/denizcankizil.tr\/de\/haberler\/gundem\/antalyada-israil-protesto-edildi\/#respond\"]}]},{\"@type\":\"WebPage\",\"@id\":\"https:\/\/denizcankizil.tr\/de\/haberler\/gundem\/antalyada-israil-protesto-edildi\/\",\"url\":\"https:\/\/denizcankizil.tr\/de\/haberler\/gundem\/antalyada-israil-protesto-edildi\/\",\"name\":\"Antalya\u2019da \u0130srail protesto edildi - Av. Deniz Can K\u0131z\u0131l\",\"isPartOf\":{\"@id\":\"https:\/\/denizcankizil.tr\/#website\"},\"datePublished\":\"2024-12-03T10:41:19+00:00\",\"breadcrumb\":{\"@id\":\"https:\/\/denizcankizil.tr\/de\/haberler\/gundem\/antalyada-israil-protesto-edildi\/#breadcrumb\"},\"inLanguage\":\"de\",\"potentialAction\":[{\"@type\":\"ReadAction\",\"target\":[\"https:\/\/denizcankizil.tr\/de\/haberler\/gundem\/antalyada-israil-protesto-edildi\/\"]}]},{\"@type\":\"BreadcrumbList\",\"@id\":\"https:\/\/denizcankizil.tr\/de\/haberler\/gundem\/antalyada-israil-protesto-edildi\/#breadcrumb\",\"itemListElement\":[{\"@type\":\"ListItem\",\"position\":1,\"name\":\"Home\",\"item\":\"https:\/\/denizcankizil.tr\/de\/\"},{\"@type\":\"ListItem\",\"position\":2,\"name\":\"Antalya\u2019da \u0130srail protesto edildi\"}]},{\"@type\":\"WebSite\",\"@id\":\"https:\/\/denizcankizil.tr\/#website\",\"url\":\"https:\/\/denizcankizil.tr\/\",\"name\":\"Av. Deniz Can K\u0131z\u0131l\",\"description\":\"Avukat Deniz Can K\u0131z\u0131l Antalya Barosu\",\"publisher\":{\"@id\":\"https:\/\/denizcankizil.tr\/#organization\"},\"potentialAction\":[{\"@type\":\"SearchAction\",\"target\":{\"@type\":\"EntryPoint\",\"urlTemplate\":\"https:\/\/denizcankizil.tr\/?s={search_term_string}\"},\"query-input\":{\"@type\":\"PropertyValueSpecification\",\"valueRequired\":true,\"valueName\":\"search_term_string\"}}],\"inLanguage\":\"de\"},{\"@type\":\"Organization\",\"@id\":\"https:\/\/denizcankizil.tr\/#organization\",\"name\":\"Av. Deniz Can K\u0131z\u0131l\",\"url\":\"https:\/\/denizcankizil.tr\/\",\"logo\":{\"@type\":\"ImageObject\",\"inLanguage\":\"de\",\"@id\":\"https:\/\/denizcankizil.tr\/#\/schema\/logo\/image\/\",\"url\":\"https:\/\/denizcankizil.tr\/wp-content\/uploads\/2024\/10\/siyah-logo-svg.svg\",\"contentUrl\":\"https:\/\/denizcankizil.tr\/wp-content\/uploads\/2024\/10\/siyah-logo-svg.svg\",\"width\":1080,\"height\":1080,\"caption\":\"Av. Deniz Can K\u0131z\u0131l\"},\"image\":{\"@id\":\"https:\/\/denizcankizil.tr\/#\/schema\/logo\/image\/\"}}]}<\/script>\n<!-- \/ Yoast SEO Premium plugin. -->","yoast_head_json":{"title":"Antalya\u2019da \u0130srail protesto edildi - Av. Deniz Can K\u0131z\u0131l","robots":{"index":"index","follow":"follow","max-snippet":"max-snippet:-1","max-image-preview":"max-image-preview:large","max-video-preview":"max-video-preview:-1"},"canonical":"https:\/\/denizcankizil.tr\/de\/haberler\/gundem\/antalyada-israil-protesto-edildi\/","og_locale":"de_DE","og_type":"article","og_title":"Antalya\u2019da \u0130srail protesto edildi","og_description":"Direni\u015f \u00c7ad\u0131r\u0131 Antalya Grubu\u2019nun \u0130srail\u2019e y\u00f6nelik protestolar\u0131 aral\u0131ks\u0131z s\u00fcr\u00fcyor. Grup \u00fcyeleri Attolos Heykeli \u00f6n\u00fcnde ger\u00e7ekle\u015ftirdi\u011fi bas\u0131n a\u00e7\u0131klamas\u0131nda, Filistin\u2019e y\u00f6nelik sald\u0131r\u0131lara derhal son verilmesi \u00e7a\u011fr\u0131s\u0131nda bulundu. Filistin\u2019de soyk\u0131r\u0131m\u0131n ya\u015fand\u0131\u011f\u0131na dikkat \u00e7eken grup \u00fcyeleri Gazze\u2019nin yak\u0131l\u0131p y\u0131k\u0131ld\u0131\u011f\u0131n\u0131 ifade ettiler.\u00a0 \u0130SRA\u0130L SALDIRILARI 422. G\u00dcN\u00dcNDE DE PROTESTO ED\u0130LD\u0130 Antalya\u2019da \u0130srail\u2019in Filistin\u2019e y\u00f6nelik sald\u0131r\u0131lar\u0131 bir kez daha protesto edildi. Direni\u015f \u00c7ad\u0131r\u0131 Antalya Grubu\u2019nun Attolos Heykeli \u00f6n\u00fcnde d\u00fczenledi\u011fi bas\u0131n a\u00e7\u0131klamas\u0131nda; \u201c7 Ekim 2023 tarihinde ba\u015flayan ve \u0130sraillilere a\u011f\u0131r bir hezimet ya\u015fatan Aksa Tufan\u0131 Operasyonu\u2019nun 422. g\u00fcn\u00fcndeyiz. Gazzeli m\u00fccahitlere sahada yan\u0131t veremeyen Siyonist \u0130srail ve destek\u00e7isi ABD, sivillere kar\u015f\u0131 soyk\u0131r\u0131m ger\u00e7ekle\u015ftirmeyi se\u00e7ti. Gazze\u2019yi yak\u0131p y\u0131kt\u0131lar. Vicdan ad\u0131na, hukuk ad\u0131na, insaniyet ad\u0131na ne varsa ayaklar alt\u0131na ald\u0131lar. Gazze\u2019de yapt\u0131klar\u0131 yetmezmi\u015f gibi \u0130srail ve ABD, soyk\u0131r\u0131m \u00e7emberine L\u00fcbnan\u2019\u0131 da dahil etmi\u015fti. Fakat L\u00fcbnan halk\u0131 ve \u0130slami Direni\u015f Hareketi Hizbullah, \u0130srail\u2019e hak etti\u011fi dilden konu\u015farak Siyonistleri ate\u015fkes imzalamak mecburiyetinde b\u0131rakt\u0131. Bu s\u00fcre\u00e7te L\u00fcbnan halk\u0131 3 bin 823 \u015fehit 15 bin 859 yaral\u0131 vererek, Filistin\u2019e olan sadakatlerini g\u00f6sterdi\u201d denildi.\u00a0 TEK YOL D\u0130REN\u0130\u015e 2 milyondan fazla insan\u0131n zorlu hava ko\u015fullar\u0131nda hayat m\u00fccadelesi verdi\u011fini vurgulayan grup, a\u00e7\u0131klamas\u0131nda \u201cSiyonist-emperyalist cepheyle m\u00fccadelenin tek yolunun direni\u015f oldu\u011funu kan\u0131tlad\u0131lar. Gelinen noktada Gazze\u2019deki insani durum felaket boyutundad\u0131r. Yerlerinden edilmi\u015f 2 milyondan fazla Filistinli, zorlu hava ve hayat ko\u015fullar\u0131 &hellip;","og_url":"https:\/\/denizcankizil.tr\/de\/haberler\/gundem\/antalyada-israil-protesto-edildi\/","og_site_name":"Av. Deniz Can K\u0131z\u0131l","article_published_time":"2024-12-03T10:41:19+00:00","twitter_card":"summary_large_image","twitter_misc":{"Gesch\u00e4tzte Lesezeit":"3\u00a0Minuten"},"schema":{"@context":"https:\/\/schema.org","@graph":[{"@type":"Article","@id":"https:\/\/denizcankizil.tr\/de\/haberler\/gundem\/antalyada-israil-protesto-edildi\/#article","isPartOf":{"@id":"https:\/\/denizcankizil.tr\/de\/haberler\/gundem\/antalyada-israil-protesto-edildi\/"},"author":{"name":"","@id":""},"headline":"Antalya\u2019da \u0130srail protesto edildi","datePublished":"2024-12-03T10:41:19+00:00","mainEntityOfPage":{"@id":"https:\/\/denizcankizil.tr\/de\/haberler\/gundem\/antalyada-israil-protesto-edildi\/"},"wordCount":699,"commentCount":0,"publisher":{"@id":"https:\/\/denizcankizil.tr\/#organization"},"articleSection":["G\u00fcndem","Uncategorized"],"inLanguage":"de","potentialAction":[{"@type":"CommentAction","name":"Comment","target":["https:\/\/denizcankizil.tr\/de\/haberler\/gundem\/antalyada-israil-protesto-edildi\/#respond"]}]},{"@type":"WebPage","@id":"https:\/\/denizcankizil.tr\/de\/haberler\/gundem\/antalyada-israil-protesto-edildi\/","url":"https:\/\/denizcankizil.tr\/de\/haberler\/gundem\/antalyada-israil-protesto-edildi\/","name":"Antalya\u2019da \u0130srail protesto edildi - Av. Deniz Can K\u0131z\u0131l","isPartOf":{"@id":"https:\/\/denizcankizil.tr\/#website"},"datePublished":"2024-12-03T10:41:19+00:00","breadcrumb":{"@id":"https:\/\/denizcankizil.tr\/de\/haberler\/gundem\/antalyada-israil-protesto-edildi\/#breadcrumb"},"inLanguage":"de","potentialAction":[{"@type":"ReadAction","target":["https:\/\/denizcankizil.tr\/de\/haberler\/gundem\/antalyada-israil-protesto-edildi\/"]}]},{"@type":"BreadcrumbList","@id":"https:\/\/denizcankizil.tr\/de\/haberler\/gundem\/antalyada-israil-protesto-edildi\/#breadcrumb","itemListElement":[{"@type":"ListItem","position":1,"name":"Home","item":"https:\/\/denizcankizil.tr\/de\/"},{"@type":"ListItem","position":2,"name":"Antalya\u2019da \u0130srail protesto edildi"}]},{"@type":"WebSite","@id":"https:\/\/denizcankizil.tr\/#website","url":"https:\/\/denizcankizil.tr\/","name":"Av. Deniz Can K\u0131z\u0131l","description":"Avukat Deniz Can K\u0131z\u0131l Antalya Barosu","publisher":{"@id":"https:\/\/denizcankizil.tr\/#organization"},"potentialAction":[{"@type":"SearchAction","target":{"@type":"EntryPoint","urlTemplate":"https:\/\/denizcankizil.tr\/?s={search_term_string}"},"query-input":{"@type":"PropertyValueSpecification","valueRequired":true,"valueName":"search_term_string"}}],"inLanguage":"de"},{"@type":"Organization","@id":"https:\/\/denizcankizil.tr\/#organization","name":"Av. Deniz Can K\u0131z\u0131l","url":"https:\/\/denizcankizil.tr\/","logo":{"@type":"ImageObject","inLanguage":"de","@id":"https:\/\/denizcankizil.tr\/#\/schema\/logo\/image\/","url":"https:\/\/denizcankizil.tr\/wp-content\/uploads\/2024\/10\/siyah-logo-svg.svg","contentUrl":"https:\/\/denizcankizil.tr\/wp-content\/uploads\/2024\/10\/siyah-logo-svg.svg","width":1080,"height":1080,"caption":"Av. Deniz Can K\u0131z\u0131l"},"image":{"@id":"https:\/\/denizcankizil.tr\/#\/schema\/logo\/image\/"}}]}},"_links":{"self":[{"href":"https:\/\/denizcankizil.tr\/de\/wp-json\/wp\/v2\/posts\/18910","targetHints":{"allow":["GET"]}}],"collection":[{"href":"https:\/\/denizcankizil.tr\/de\/wp-json\/wp\/v2\/posts"}],"about":[{"href":"https:\/\/denizcankizil.tr\/de\/wp-json\/wp\/v2\/types\/post"}],"replies":[{"embeddable":true,"href":"https:\/\/denizcankizil.tr\/de\/wp-json\/wp\/v2\/comments?post=18910"}],"version-history":[{"count":0,"href":"https:\/\/denizcankizil.tr\/de\/wp-json\/wp\/v2\/posts\/18910\/revisions"}],"wp:attachment":[{"href":"https:\/\/denizcankizil.tr\/de\/wp-json\/wp\/v2\/media?parent=18910"}],"wp:term":[{"taxonomy":"category","embeddable":true,"href":"https:\/\/denizcankizil.tr\/de\/wp-json\/wp\/v2\/categories?post=18910"},{"taxonomy":"post_tag","embeddable":true,"href":"https:\/\/denizcankizil.tr\/de\/wp-json\/wp\/v2\/tags?post=18910"}],"curies":[{"name":"wp","href":"https:\/\/api.w.org\/{rel}","templated":true}]}}