{"id":18904,"date":"2024-12-03T12:41:31","date_gmt":"2024-12-03T09:41:31","guid":{"rendered":"https:\/\/denizcankizil.tr\/uncategorized-tr\/konyaalti-sahili-onlara-emanet-goz-actirmiyorlar\/"},"modified":"2024-12-03T12:41:31","modified_gmt":"2024-12-03T09:41:31","slug":"konyaalti-sahili-onlara-emanet-goz-actirmiyorlar","status":"publish","type":"post","link":"https:\/\/denizcankizil.tr\/de\/haberler\/gundem\/konyaalti-sahili-onlara-emanet-goz-actirmiyorlar\/","title":{"rendered":"Konyaalt\u0131 Sahili onlara emanet! G\u00f6z a\u00e7t\u0131rm\u0131yorlar"},"content":{"rendered":"<p>Her y\u0131l milyonlarca turist a\u011f\u0131rlayan turizmin ba\u015fkenti Antalya\u2019n\u0131n d\u00fcnyaca \u00fcnl\u00fc Konyaalt\u0131 Sahili&#8217;nde ya\u015fanabilecek asayi\u015f olaylar\u0131n\u0131n \u00f6n\u00fcne ge\u00e7mek i\u00e7in Antalya Emniyet M\u00fcd\u00fcrl\u00fc\u011f\u00fcn\u00fc b\u00fcnyesindeki \u00c7evik Kuvvet \u015eube M\u00fcd\u00fcrl\u00fc\u011f\u00fcne ba\u011fl\u0131 Atl\u0131 Polis Birli\u011fi yaz aylar\u0131nda oldu\u011fu gibi k\u0131\u015f aylar\u0131na asayi\u015fi sa\u011flamaya devam ediyor.<\/p>\n<p>\u00c7OCUKLARIN \u0130LG\u0130 ODA\u011eI OLDULAR<\/p>\n<p>G\u00fcn\u00fcn belirli saatlerinde sahil boyunca devriye g\u00f6revine \u00e7\u0131kan atl\u0131 polisler, \u00f6zellikle motorlu ta\u015f\u0131tlar\u0131n giremedi\u011fi yerlerde toplumsal olaylara m\u00fcdahale etmek i\u00e7in haz\u0131r bekliyor. Atl\u0131 Polis Birli\u011fi havalar\u0131n so\u011fumaya ba\u015flad\u0131\u011f\u0131 bug\u00fcnlerde, yaz aylar\u0131n\u0131 aratmayacak \u015fekilde asayi\u015f olaylar\u0131nda \u00f6nleyici g\u00f6revlerde bulunuyor. Di\u011fer taraftan polisler, yabanc\u0131lar\u0131n ve yerli halk\u0131n ilgi oda\u011f\u0131 oluyor. Atl\u0131 polislerle foto\u011fraf \u00e7ektiren \u00e7ocuklar atlar\u0131 seviyor.\u00a0<\/p>\n<p>\u00d6ZEL E\u011e\u0130T\u0130ML\u0130 ATLAR<\/p>\n<p>\u00d6zel e\u011fitimli polis atlar\u0131, e\u011fitimli polis binicileri ile birlikte g\u00f6rev yap\u0131yor. Devlet demirba\u015flar\u0131 i\u00e7erisinde yer alan polis atlar\u0131, \u00f6zel e\u011fitimlerden ge\u00e7erek g\u00f6reve \u00e7\u0131kabiliyor. E\u011fitimlerde ba\u015far\u0131s\u0131z olan atlar ise birlik i\u00e7inde binici e\u011fitimlerinde kullan\u0131l\u0131yor.<\/p>\n<p>KI\u015e AYLARINDA DA G\u00d6REV BA\u015eINDALAR<\/p>\n<p>Kimi zaman siyah, kimi zaman beyaz ve k\u0131rm\u0131z\u0131 \u00fcniforma giyen atl\u0131 polislere, \u00e7ocuklar\u0131n sevgisi ise g\u00f6r\u00fclmeye de\u011fer. Anne ve babas\u0131yla birlikte y\u00fcr\u00fcy\u00fc\u015fe \u00e7\u0131kan k\u00fc\u00e7\u00fck bir k\u0131z \u00e7ocu\u011funun atlara sar\u0131lma an\u0131 ise foto\u011fraf karelerine yans\u0131d\u0131. \u00c7ocu\u011fun sar\u0131lmas\u0131na boynunu b\u00fck\u00fcp yakla\u015farak cevap veren polis at\u0131 ise dakikalarca k\u0131p\u0131rdamadan bekledi.\u00a0<\/p>\n<p>\u00a0<\/p>\n<p>\u200bAntalya\u2019n\u0131n d\u00fcnyaca \u00fcnl\u00fc Konyaalt\u0131 Sahili\u2019nde tatilcilerin aras\u0131nda g\u00f6rev yapan atl\u0131 polisler, bir\u00e7ok asayi\u015f olay\u0131n\u0131n \u00f6n\u00fcne ge\u00e7erek su\u00e7lular\u0131n korkulu r\u00fcyas\u0131 oldu. K\u0131\u015f aylar\u0131na yakla\u015ft\u0131\u011f\u0131m\u0131z bug\u00fcnlerde ekipler, \u00f6zellikle \u00e7ocuklar\u0131n b\u00fcy\u00fck ilgisini \u00e7ekiyor\u00a0<\/p>\n<p>\u200bHaberin Al\u0131nt\u0131land\u0131\u011f\u0131 Kaynak: www.antalyakorfez.com<\/p>","protected":false},"excerpt":{"rendered":"<p>Her y\u0131l milyonlarca turist a\u011f\u0131rlayan turizmin ba\u015fkenti Antalya\u2019n\u0131n d\u00fcnyaca \u00fcnl\u00fc Konyaalt\u0131 Sahili&#8217;nde ya\u015fanabilecek asayi\u015f olaylar\u0131n\u0131n \u00f6n\u00fcne ge\u00e7mek i\u00e7in Antalya Emniyet M\u00fcd\u00fcrl\u00fc\u011f\u00fcn\u00fc b\u00fcnyesindeki \u00c7evik Kuvvet \u015eube M\u00fcd\u00fcrl\u00fc\u011f\u00fcne ba\u011fl\u0131 Atl\u0131 Polis Birli\u011fi yaz aylar\u0131nda oldu\u011fu gibi k\u0131\u015f aylar\u0131na asayi\u015fi sa\u011flamaya devam ediyor. \u00c7OCUKLARIN \u0130LG\u0130 ODA\u011eI OLDULAR G\u00fcn\u00fcn belirli saatlerinde sahil boyunca devriye g\u00f6revine \u00e7\u0131kan atl\u0131 polisler, \u00f6zellikle motorlu ta\u015f\u0131tlar\u0131n giremedi\u011fi yerlerde toplumsal olaylara m\u00fcdahale etmek i\u00e7in haz\u0131r bekliyor. Atl\u0131 Polis Birli\u011fi havalar\u0131n so\u011fumaya ba\u015flad\u0131\u011f\u0131 bug\u00fcnlerde, yaz aylar\u0131n\u0131 aratmayacak \u015fekilde asayi\u015f olaylar\u0131nda \u00f6nleyici g\u00f6revlerde bulunuyor. Di\u011fer taraftan polisler, yabanc\u0131lar\u0131n ve yerli halk\u0131n ilgi oda\u011f\u0131 oluyor. Atl\u0131 polislerle foto\u011fraf \u00e7ektiren \u00e7ocuklar atlar\u0131 seviyor.\u00a0 \u00d6ZEL E\u011e\u0130T\u0130ML\u0130 ATLAR \u00d6zel e\u011fitimli polis atlar\u0131, e\u011fitimli polis binicileri ile birlikte g\u00f6rev yap\u0131yor. Devlet demirba\u015flar\u0131 i\u00e7erisinde yer alan polis atlar\u0131, \u00f6zel e\u011fitimlerden ge\u00e7erek g\u00f6reve \u00e7\u0131kabiliyor. E\u011fitimlerde ba\u015far\u0131s\u0131z olan atlar ise birlik i\u00e7inde binici e\u011fitimlerinde kullan\u0131l\u0131yor. KI\u015e AYLARINDA DA G\u00d6REV BA\u015eINDALAR Kimi zaman siyah, kimi zaman beyaz ve k\u0131rm\u0131z\u0131 \u00fcniforma giyen atl\u0131 polislere, \u00e7ocuklar\u0131n sevgisi ise g\u00f6r\u00fclmeye de\u011fer. Anne ve babas\u0131yla birlikte y\u00fcr\u00fcy\u00fc\u015fe \u00e7\u0131kan k\u00fc\u00e7\u00fck bir k\u0131z \u00e7ocu\u011funun atlara sar\u0131lma an\u0131 ise foto\u011fraf karelerine yans\u0131d\u0131. \u00c7ocu\u011fun sar\u0131lmas\u0131na boynunu b\u00fck\u00fcp yakla\u015farak cevap veren polis at\u0131 ise dakikalarca k\u0131p\u0131rdamadan bekledi.\u00a0 \u00a0 \u200bAntalya\u2019n\u0131n d\u00fcnyaca \u00fcnl\u00fc Konyaalt\u0131 Sahili\u2019nde tatilcilerin aras\u0131nda g\u00f6rev yapan atl\u0131 polisler, bir\u00e7ok &hellip;<\/p>","protected":false},"author":0,"featured_media":0,"comment_status":"open","ping_status":"open","sticky":false,"template":"","format":"standard","meta":{"_acf_changed":false,"footnotes":""},"categories":[24,535],"tags":[],"class_list":["post-18904","post","type-post","status-publish","format-standard","has-post-thumbnail","hentry","category-gundem","category-uncategorized-tr"],"acf":[],"yoast_head":"<!-- This site is optimized with the Yoast SEO Premium plugin v26.6 (Yoast SEO v27.1.1) - https:\/\/yoast.com\/product\/yoast-seo-premium-wordpress\/ -->\n<title>Konyaalt\u0131 Sahili onlara emanet! G\u00f6z a\u00e7t\u0131rm\u0131yorlar - Av. Deniz Can K\u0131z\u0131l<\/title>\n<meta name=\"robots\" content=\"index, follow, max-snippet:-1, max-image-preview:large, max-video-preview:-1\" \/>\n<link rel=\"canonical\" href=\"https:\/\/denizcankizil.tr\/de\/haberler\/gundem\/konyaalti-sahili-onlara-emanet-goz-actirmiyorlar\/\" \/>\n<meta property=\"og:locale\" content=\"de_DE\" \/>\n<meta property=\"og:type\" content=\"article\" \/>\n<meta property=\"og:title\" content=\"Konyaalt\u0131 Sahili onlara emanet! G\u00f6z a\u00e7t\u0131rm\u0131yorlar\" \/>\n<meta property=\"og:description\" content=\"Her y\u0131l milyonlarca turist a\u011f\u0131rlayan turizmin ba\u015fkenti Antalya\u2019n\u0131n d\u00fcnyaca \u00fcnl\u00fc Konyaalt\u0131 Sahili&#8217;nde ya\u015fanabilecek asayi\u015f olaylar\u0131n\u0131n \u00f6n\u00fcne ge\u00e7mek i\u00e7in Antalya Emniyet M\u00fcd\u00fcrl\u00fc\u011f\u00fcn\u00fc b\u00fcnyesindeki \u00c7evik Kuvvet \u015eube M\u00fcd\u00fcrl\u00fc\u011f\u00fcne ba\u011fl\u0131 Atl\u0131 Polis Birli\u011fi yaz aylar\u0131nda oldu\u011fu gibi k\u0131\u015f aylar\u0131na asayi\u015fi sa\u011flamaya devam ediyor. \u00c7OCUKLARIN \u0130LG\u0130 ODA\u011eI OLDULAR G\u00fcn\u00fcn belirli saatlerinde sahil boyunca devriye g\u00f6revine \u00e7\u0131kan atl\u0131 polisler, \u00f6zellikle motorlu ta\u015f\u0131tlar\u0131n giremedi\u011fi yerlerde toplumsal olaylara m\u00fcdahale etmek i\u00e7in haz\u0131r bekliyor. Atl\u0131 Polis Birli\u011fi havalar\u0131n so\u011fumaya ba\u015flad\u0131\u011f\u0131 bug\u00fcnlerde, yaz aylar\u0131n\u0131 aratmayacak \u015fekilde asayi\u015f olaylar\u0131nda \u00f6nleyici g\u00f6revlerde bulunuyor. Di\u011fer taraftan polisler, yabanc\u0131lar\u0131n ve yerli halk\u0131n ilgi oda\u011f\u0131 oluyor. Atl\u0131 polislerle foto\u011fraf \u00e7ektiren \u00e7ocuklar atlar\u0131 seviyor.\u00a0 \u00d6ZEL E\u011e\u0130T\u0130ML\u0130 ATLAR \u00d6zel e\u011fitimli polis atlar\u0131, e\u011fitimli polis binicileri ile birlikte g\u00f6rev yap\u0131yor. Devlet demirba\u015flar\u0131 i\u00e7erisinde yer alan polis atlar\u0131, \u00f6zel e\u011fitimlerden ge\u00e7erek g\u00f6reve \u00e7\u0131kabiliyor. E\u011fitimlerde ba\u015far\u0131s\u0131z olan atlar ise birlik i\u00e7inde binici e\u011fitimlerinde kullan\u0131l\u0131yor. KI\u015e AYLARINDA DA G\u00d6REV BA\u015eINDALAR Kimi zaman siyah, kimi zaman beyaz ve k\u0131rm\u0131z\u0131 \u00fcniforma giyen atl\u0131 polislere, \u00e7ocuklar\u0131n sevgisi ise g\u00f6r\u00fclmeye de\u011fer. Anne ve babas\u0131yla birlikte y\u00fcr\u00fcy\u00fc\u015fe \u00e7\u0131kan k\u00fc\u00e7\u00fck bir k\u0131z \u00e7ocu\u011funun atlara sar\u0131lma an\u0131 ise foto\u011fraf karelerine yans\u0131d\u0131. \u00c7ocu\u011fun sar\u0131lmas\u0131na boynunu b\u00fck\u00fcp yakla\u015farak cevap veren polis at\u0131 ise dakikalarca k\u0131p\u0131rdamadan bekledi.\u00a0 \u00a0 \u200bAntalya\u2019n\u0131n d\u00fcnyaca \u00fcnl\u00fc Konyaalt\u0131 Sahili\u2019nde tatilcilerin aras\u0131nda g\u00f6rev yapan atl\u0131 polisler, bir\u00e7ok &hellip;\" \/>\n<meta property=\"og:url\" content=\"https:\/\/denizcankizil.tr\/de\/haberler\/gundem\/konyaalti-sahili-onlara-emanet-goz-actirmiyorlar\/\" \/>\n<meta property=\"og:site_name\" content=\"Av. Deniz Can K\u0131z\u0131l\" \/>\n<meta property=\"article:published_time\" content=\"2024-12-03T09:41:31+00:00\" \/>\n<meta name=\"twitter:card\" content=\"summary_large_image\" \/>\n<meta name=\"twitter:label1\" content=\"Gesch\u00e4tzte Lesezeit\" \/>\n\t<meta name=\"twitter:data1\" content=\"2\u00a0Minuten\" \/>\n<script type=\"application\/ld+json\" class=\"yoast-schema-graph\">{\"@context\":\"https:\/\/schema.org\",\"@graph\":[{\"@type\":\"Article\",\"@id\":\"https:\/\/denizcankizil.tr\/de\/haberler\/gundem\/konyaalti-sahili-onlara-emanet-goz-actirmiyorlar\/#article\",\"isPartOf\":{\"@id\":\"https:\/\/denizcankizil.tr\/de\/haberler\/gundem\/konyaalti-sahili-onlara-emanet-goz-actirmiyorlar\/\"},\"author\":{\"name\":\"\",\"@id\":\"\"},\"headline\":\"Konyaalt\u0131 Sahili onlara emanet! G\u00f6z a\u00e7t\u0131rm\u0131yorlar\",\"datePublished\":\"2024-12-03T09:41:31+00:00\",\"mainEntityOfPage\":{\"@id\":\"https:\/\/denizcankizil.tr\/de\/haberler\/gundem\/konyaalti-sahili-onlara-emanet-goz-actirmiyorlar\/\"},\"wordCount\":352,\"commentCount\":0,\"publisher\":{\"@id\":\"https:\/\/denizcankizil.tr\/#organization\"},\"articleSection\":[\"G\u00fcndem\",\"Uncategorized\"],\"inLanguage\":\"de\",\"potentialAction\":[{\"@type\":\"CommentAction\",\"name\":\"Comment\",\"target\":[\"https:\/\/denizcankizil.tr\/de\/haberler\/gundem\/konyaalti-sahili-onlara-emanet-goz-actirmiyorlar\/#respond\"]}]},{\"@type\":\"WebPage\",\"@id\":\"https:\/\/denizcankizil.tr\/de\/haberler\/gundem\/konyaalti-sahili-onlara-emanet-goz-actirmiyorlar\/\",\"url\":\"https:\/\/denizcankizil.tr\/de\/haberler\/gundem\/konyaalti-sahili-onlara-emanet-goz-actirmiyorlar\/\",\"name\":\"Konyaalt\u0131 Sahili onlara emanet! G\u00f6z a\u00e7t\u0131rm\u0131yorlar - Av. Deniz Can K\u0131z\u0131l\",\"isPartOf\":{\"@id\":\"https:\/\/denizcankizil.tr\/#website\"},\"datePublished\":\"2024-12-03T09:41:31+00:00\",\"breadcrumb\":{\"@id\":\"https:\/\/denizcankizil.tr\/de\/haberler\/gundem\/konyaalti-sahili-onlara-emanet-goz-actirmiyorlar\/#breadcrumb\"},\"inLanguage\":\"de\",\"potentialAction\":[{\"@type\":\"ReadAction\",\"target\":[\"https:\/\/denizcankizil.tr\/de\/haberler\/gundem\/konyaalti-sahili-onlara-emanet-goz-actirmiyorlar\/\"]}]},{\"@type\":\"BreadcrumbList\",\"@id\":\"https:\/\/denizcankizil.tr\/de\/haberler\/gundem\/konyaalti-sahili-onlara-emanet-goz-actirmiyorlar\/#breadcrumb\",\"itemListElement\":[{\"@type\":\"ListItem\",\"position\":1,\"name\":\"Home\",\"item\":\"https:\/\/denizcankizil.tr\/de\/\"},{\"@type\":\"ListItem\",\"position\":2,\"name\":\"Konyaalt\u0131 Sahili onlara emanet! G\u00f6z a\u00e7t\u0131rm\u0131yorlar\"}]},{\"@type\":\"WebSite\",\"@id\":\"https:\/\/denizcankizil.tr\/#website\",\"url\":\"https:\/\/denizcankizil.tr\/\",\"name\":\"Av. Deniz Can K\u0131z\u0131l\",\"description\":\"Avukat Deniz Can K\u0131z\u0131l Antalya Barosu\",\"publisher\":{\"@id\":\"https:\/\/denizcankizil.tr\/#organization\"},\"potentialAction\":[{\"@type\":\"SearchAction\",\"target\":{\"@type\":\"EntryPoint\",\"urlTemplate\":\"https:\/\/denizcankizil.tr\/?s={search_term_string}\"},\"query-input\":{\"@type\":\"PropertyValueSpecification\",\"valueRequired\":true,\"valueName\":\"search_term_string\"}}],\"inLanguage\":\"de\"},{\"@type\":\"Organization\",\"@id\":\"https:\/\/denizcankizil.tr\/#organization\",\"name\":\"Av. Deniz Can K\u0131z\u0131l\",\"url\":\"https:\/\/denizcankizil.tr\/\",\"logo\":{\"@type\":\"ImageObject\",\"inLanguage\":\"de\",\"@id\":\"https:\/\/denizcankizil.tr\/#\/schema\/logo\/image\/\",\"url\":\"https:\/\/denizcankizil.tr\/wp-content\/uploads\/2024\/10\/siyah-logo-svg.svg\",\"contentUrl\":\"https:\/\/denizcankizil.tr\/wp-content\/uploads\/2024\/10\/siyah-logo-svg.svg\",\"width\":1080,\"height\":1080,\"caption\":\"Av. Deniz Can K\u0131z\u0131l\"},\"image\":{\"@id\":\"https:\/\/denizcankizil.tr\/#\/schema\/logo\/image\/\"}}]}<\/script>\n<!-- \/ Yoast SEO Premium plugin. -->","yoast_head_json":{"title":"Konyaalt\u0131 Sahili onlara emanet! G\u00f6z a\u00e7t\u0131rm\u0131yorlar - Av. Deniz Can K\u0131z\u0131l","robots":{"index":"index","follow":"follow","max-snippet":"max-snippet:-1","max-image-preview":"max-image-preview:large","max-video-preview":"max-video-preview:-1"},"canonical":"https:\/\/denizcankizil.tr\/de\/haberler\/gundem\/konyaalti-sahili-onlara-emanet-goz-actirmiyorlar\/","og_locale":"de_DE","og_type":"article","og_title":"Konyaalt\u0131 Sahili onlara emanet! G\u00f6z a\u00e7t\u0131rm\u0131yorlar","og_description":"Her y\u0131l milyonlarca turist a\u011f\u0131rlayan turizmin ba\u015fkenti Antalya\u2019n\u0131n d\u00fcnyaca \u00fcnl\u00fc Konyaalt\u0131 Sahili&#8217;nde ya\u015fanabilecek asayi\u015f olaylar\u0131n\u0131n \u00f6n\u00fcne ge\u00e7mek i\u00e7in Antalya Emniyet M\u00fcd\u00fcrl\u00fc\u011f\u00fcn\u00fc b\u00fcnyesindeki \u00c7evik Kuvvet \u015eube M\u00fcd\u00fcrl\u00fc\u011f\u00fcne ba\u011fl\u0131 Atl\u0131 Polis Birli\u011fi yaz aylar\u0131nda oldu\u011fu gibi k\u0131\u015f aylar\u0131na asayi\u015fi sa\u011flamaya devam ediyor. \u00c7OCUKLARIN \u0130LG\u0130 ODA\u011eI OLDULAR G\u00fcn\u00fcn belirli saatlerinde sahil boyunca devriye g\u00f6revine \u00e7\u0131kan atl\u0131 polisler, \u00f6zellikle motorlu ta\u015f\u0131tlar\u0131n giremedi\u011fi yerlerde toplumsal olaylara m\u00fcdahale etmek i\u00e7in haz\u0131r bekliyor. Atl\u0131 Polis Birli\u011fi havalar\u0131n so\u011fumaya ba\u015flad\u0131\u011f\u0131 bug\u00fcnlerde, yaz aylar\u0131n\u0131 aratmayacak \u015fekilde asayi\u015f olaylar\u0131nda \u00f6nleyici g\u00f6revlerde bulunuyor. Di\u011fer taraftan polisler, yabanc\u0131lar\u0131n ve yerli halk\u0131n ilgi oda\u011f\u0131 oluyor. Atl\u0131 polislerle foto\u011fraf \u00e7ektiren \u00e7ocuklar atlar\u0131 seviyor.\u00a0 \u00d6ZEL E\u011e\u0130T\u0130ML\u0130 ATLAR \u00d6zel e\u011fitimli polis atlar\u0131, e\u011fitimli polis binicileri ile birlikte g\u00f6rev yap\u0131yor. Devlet demirba\u015flar\u0131 i\u00e7erisinde yer alan polis atlar\u0131, \u00f6zel e\u011fitimlerden ge\u00e7erek g\u00f6reve \u00e7\u0131kabiliyor. E\u011fitimlerde ba\u015far\u0131s\u0131z olan atlar ise birlik i\u00e7inde binici e\u011fitimlerinde kullan\u0131l\u0131yor. KI\u015e AYLARINDA DA G\u00d6REV BA\u015eINDALAR Kimi zaman siyah, kimi zaman beyaz ve k\u0131rm\u0131z\u0131 \u00fcniforma giyen atl\u0131 polislere, \u00e7ocuklar\u0131n sevgisi ise g\u00f6r\u00fclmeye de\u011fer. Anne ve babas\u0131yla birlikte y\u00fcr\u00fcy\u00fc\u015fe \u00e7\u0131kan k\u00fc\u00e7\u00fck bir k\u0131z \u00e7ocu\u011funun atlara sar\u0131lma an\u0131 ise foto\u011fraf karelerine yans\u0131d\u0131. \u00c7ocu\u011fun sar\u0131lmas\u0131na boynunu b\u00fck\u00fcp yakla\u015farak cevap veren polis at\u0131 ise dakikalarca k\u0131p\u0131rdamadan bekledi.\u00a0 \u00a0 \u200bAntalya\u2019n\u0131n d\u00fcnyaca \u00fcnl\u00fc Konyaalt\u0131 Sahili\u2019nde tatilcilerin aras\u0131nda g\u00f6rev yapan atl\u0131 polisler, bir\u00e7ok &hellip;","og_url":"https:\/\/denizcankizil.tr\/de\/haberler\/gundem\/konyaalti-sahili-onlara-emanet-goz-actirmiyorlar\/","og_site_name":"Av. Deniz Can K\u0131z\u0131l","article_published_time":"2024-12-03T09:41:31+00:00","twitter_card":"summary_large_image","twitter_misc":{"Gesch\u00e4tzte Lesezeit":"2\u00a0Minuten"},"schema":{"@context":"https:\/\/schema.org","@graph":[{"@type":"Article","@id":"https:\/\/denizcankizil.tr\/de\/haberler\/gundem\/konyaalti-sahili-onlara-emanet-goz-actirmiyorlar\/#article","isPartOf":{"@id":"https:\/\/denizcankizil.tr\/de\/haberler\/gundem\/konyaalti-sahili-onlara-emanet-goz-actirmiyorlar\/"},"author":{"name":"","@id":""},"headline":"Konyaalt\u0131 Sahili onlara emanet! G\u00f6z a\u00e7t\u0131rm\u0131yorlar","datePublished":"2024-12-03T09:41:31+00:00","mainEntityOfPage":{"@id":"https:\/\/denizcankizil.tr\/de\/haberler\/gundem\/konyaalti-sahili-onlara-emanet-goz-actirmiyorlar\/"},"wordCount":352,"commentCount":0,"publisher":{"@id":"https:\/\/denizcankizil.tr\/#organization"},"articleSection":["G\u00fcndem","Uncategorized"],"inLanguage":"de","potentialAction":[{"@type":"CommentAction","name":"Comment","target":["https:\/\/denizcankizil.tr\/de\/haberler\/gundem\/konyaalti-sahili-onlara-emanet-goz-actirmiyorlar\/#respond"]}]},{"@type":"WebPage","@id":"https:\/\/denizcankizil.tr\/de\/haberler\/gundem\/konyaalti-sahili-onlara-emanet-goz-actirmiyorlar\/","url":"https:\/\/denizcankizil.tr\/de\/haberler\/gundem\/konyaalti-sahili-onlara-emanet-goz-actirmiyorlar\/","name":"Konyaalt\u0131 Sahili onlara emanet! G\u00f6z a\u00e7t\u0131rm\u0131yorlar - Av. Deniz Can K\u0131z\u0131l","isPartOf":{"@id":"https:\/\/denizcankizil.tr\/#website"},"datePublished":"2024-12-03T09:41:31+00:00","breadcrumb":{"@id":"https:\/\/denizcankizil.tr\/de\/haberler\/gundem\/konyaalti-sahili-onlara-emanet-goz-actirmiyorlar\/#breadcrumb"},"inLanguage":"de","potentialAction":[{"@type":"ReadAction","target":["https:\/\/denizcankizil.tr\/de\/haberler\/gundem\/konyaalti-sahili-onlara-emanet-goz-actirmiyorlar\/"]}]},{"@type":"BreadcrumbList","@id":"https:\/\/denizcankizil.tr\/de\/haberler\/gundem\/konyaalti-sahili-onlara-emanet-goz-actirmiyorlar\/#breadcrumb","itemListElement":[{"@type":"ListItem","position":1,"name":"Home","item":"https:\/\/denizcankizil.tr\/de\/"},{"@type":"ListItem","position":2,"name":"Konyaalt\u0131 Sahili onlara emanet! G\u00f6z a\u00e7t\u0131rm\u0131yorlar"}]},{"@type":"WebSite","@id":"https:\/\/denizcankizil.tr\/#website","url":"https:\/\/denizcankizil.tr\/","name":"Av. Deniz Can K\u0131z\u0131l","description":"Avukat Deniz Can K\u0131z\u0131l Antalya Barosu","publisher":{"@id":"https:\/\/denizcankizil.tr\/#organization"},"potentialAction":[{"@type":"SearchAction","target":{"@type":"EntryPoint","urlTemplate":"https:\/\/denizcankizil.tr\/?s={search_term_string}"},"query-input":{"@type":"PropertyValueSpecification","valueRequired":true,"valueName":"search_term_string"}}],"inLanguage":"de"},{"@type":"Organization","@id":"https:\/\/denizcankizil.tr\/#organization","name":"Av. Deniz Can K\u0131z\u0131l","url":"https:\/\/denizcankizil.tr\/","logo":{"@type":"ImageObject","inLanguage":"de","@id":"https:\/\/denizcankizil.tr\/#\/schema\/logo\/image\/","url":"https:\/\/denizcankizil.tr\/wp-content\/uploads\/2024\/10\/siyah-logo-svg.svg","contentUrl":"https:\/\/denizcankizil.tr\/wp-content\/uploads\/2024\/10\/siyah-logo-svg.svg","width":1080,"height":1080,"caption":"Av. Deniz Can K\u0131z\u0131l"},"image":{"@id":"https:\/\/denizcankizil.tr\/#\/schema\/logo\/image\/"}}]}},"_links":{"self":[{"href":"https:\/\/denizcankizil.tr\/de\/wp-json\/wp\/v2\/posts\/18904","targetHints":{"allow":["GET"]}}],"collection":[{"href":"https:\/\/denizcankizil.tr\/de\/wp-json\/wp\/v2\/posts"}],"about":[{"href":"https:\/\/denizcankizil.tr\/de\/wp-json\/wp\/v2\/types\/post"}],"replies":[{"embeddable":true,"href":"https:\/\/denizcankizil.tr\/de\/wp-json\/wp\/v2\/comments?post=18904"}],"version-history":[{"count":0,"href":"https:\/\/denizcankizil.tr\/de\/wp-json\/wp\/v2\/posts\/18904\/revisions"}],"wp:attachment":[{"href":"https:\/\/denizcankizil.tr\/de\/wp-json\/wp\/v2\/media?parent=18904"}],"wp:term":[{"taxonomy":"category","embeddable":true,"href":"https:\/\/denizcankizil.tr\/de\/wp-json\/wp\/v2\/categories?post=18904"},{"taxonomy":"post_tag","embeddable":true,"href":"https:\/\/denizcankizil.tr\/de\/wp-json\/wp\/v2\/tags?post=18904"}],"curies":[{"name":"wp","href":"https:\/\/api.w.org\/{rel}","templated":true}]}}