{"id":18776,"date":"2024-12-02T18:42:13","date_gmt":"2024-12-02T15:42:13","guid":{"rendered":"https:\/\/denizcankizil.tr\/uncategorized-tr\/emlakcilar-mucbir-sebebin-uzatilmasini-istiyor\/"},"modified":"2024-12-02T18:42:13","modified_gmt":"2024-12-02T15:42:13","slug":"emlakcilar-mucbir-sebebin-uzatilmasini-istiyor","status":"publish","type":"post","link":"https:\/\/denizcankizil.tr\/de\/haberler\/gundem\/emlakcilar-mucbir-sebebin-uzatilmasini-istiyor\/","title":{"rendered":"Emlak\u00e7\u0131lar M\u00fccbir Sebebin Uzat\u0131lmas\u0131n\u0131 \u0130stiyor"},"content":{"rendered":"<p>\u0130skenderun Gazeteciler Cemiyeti Ba\u015fkan\u0131 Diyap Atar ve gazeteciler taraf\u0131ndan kar\u015f\u0131lanan heyet, ge\u00e7ti\u011fimiz aylarda kongresini ger\u00e7ekle\u015ftiren \u0130GC y\u00f6netimini tebrik etti. \u0130GC Ba\u015fkan\u0131 Diyap Atar&#8217;da ziyaretlerinden dolay\u0131 \u0130skenderun Emlak\u00e7\u0131lar Derne\u011fi Ba\u015fkan\u0131 M\u00fcntecep Bekta\u015fl\u0131 ve y\u00f6netimine te\u015fekk\u00fcr ederek \u00e7al\u0131\u015fmalar\u0131nda ba\u015far\u0131lar diledi.<\/p>\n<p>Bekta\u015fl\u0131, &#8220;2011 y\u0131l\u0131nda Van depremi sonras\u0131nda 5 y\u0131l boyunca m\u00fccbir sebep ilan edilmi\u015ftir. Benzer bir uygulama Hatay&#8217;da da yap\u0131lmal\u0131. Deprem b\u00f6lgesi i\u00e7in yaln\u0131zca m\u00fccbir sebebin uzat\u0131lmas\u0131 da yeterli de\u011fildir. B\u00f6lgede kal\u0131c\u0131 ve etkili desteklere ihtiya\u00e7 duyulmaktad\u0131r. Aksi halde b\u00f6lgede toparlanma s\u00fcreci daha da uzayacakt\u0131r. K\u00fc\u00e7\u00fck \u00f6l\u00e7ekli esnaf\u0131n ayakta kalabilmesi i\u00e7in m\u00fccbir sebebin uzat\u0131lmas\u0131 elzemdir&#8221; diye konu\u015ftu.<\/p>\n<p>\u200b\u0130skenderun Emlak\u00e7\u0131lar Derne\u011fi Ba\u015fkan\u0131 M\u00fcntecep Bekta\u015fl\u0131 ve y\u00f6netim kurulu \u00fcyeleri, \u0130skenderun Gazeteciler Cemiyeti&#8217;ni ziyaret ederek yeni y\u00f6netime hay\u0131rl\u0131 olsun dileklerinde bulundular.\u00a0<\/p>\n<p>\u200bHaberin Al\u0131nt\u0131land\u0131\u011f\u0131 Kaynak: www.iskenderun.org<\/p>","protected":false},"excerpt":{"rendered":"<p>\u0130skenderun Gazeteciler Cemiyeti Ba\u015fkan\u0131 Diyap Atar ve gazeteciler taraf\u0131ndan kar\u015f\u0131lanan heyet, ge\u00e7ti\u011fimiz aylarda kongresini ger\u00e7ekle\u015ftiren \u0130GC y\u00f6netimini tebrik etti. \u0130GC Ba\u015fkan\u0131 Diyap Atar&#8217;da ziyaretlerinden dolay\u0131 \u0130skenderun Emlak\u00e7\u0131lar Derne\u011fi Ba\u015fkan\u0131 M\u00fcntecep Bekta\u015fl\u0131 ve y\u00f6netimine te\u015fekk\u00fcr ederek \u00e7al\u0131\u015fmalar\u0131nda ba\u015far\u0131lar diledi. Bekta\u015fl\u0131, &#8220;2011 y\u0131l\u0131nda Van depremi sonras\u0131nda 5 y\u0131l boyunca m\u00fccbir sebep ilan edilmi\u015ftir. Benzer bir uygulama Hatay&#8217;da da yap\u0131lmal\u0131. Deprem b\u00f6lgesi i\u00e7in yaln\u0131zca m\u00fccbir sebebin uzat\u0131lmas\u0131 da yeterli de\u011fildir. B\u00f6lgede kal\u0131c\u0131 ve etkili desteklere ihtiya\u00e7 duyulmaktad\u0131r. Aksi halde b\u00f6lgede toparlanma s\u00fcreci daha da uzayacakt\u0131r. K\u00fc\u00e7\u00fck \u00f6l\u00e7ekli esnaf\u0131n ayakta kalabilmesi i\u00e7in m\u00fccbir sebebin uzat\u0131lmas\u0131 elzemdir&#8221; diye konu\u015ftu. \u200b\u0130skenderun Emlak\u00e7\u0131lar Derne\u011fi Ba\u015fkan\u0131 M\u00fcntecep Bekta\u015fl\u0131 ve y\u00f6netim kurulu \u00fcyeleri, \u0130skenderun Gazeteciler Cemiyeti&#8217;ni ziyaret ederek yeni y\u00f6netime hay\u0131rl\u0131 olsun dileklerinde bulundular.\u00a0 \u200bHaberin Al\u0131nt\u0131land\u0131\u011f\u0131 Kaynak: www.iskenderun.org<\/p>","protected":false},"author":0,"featured_media":0,"comment_status":"open","ping_status":"open","sticky":false,"template":"","format":"standard","meta":{"_acf_changed":false,"footnotes":""},"categories":[24,535],"tags":[],"class_list":["post-18776","post","type-post","status-publish","format-standard","has-post-thumbnail","hentry","category-gundem","category-uncategorized-tr"],"acf":[],"yoast_head":"<!-- This site is optimized with the Yoast SEO Premium plugin v26.6 (Yoast SEO v27.1.1) - https:\/\/yoast.com\/product\/yoast-seo-premium-wordpress\/ -->\n<title>Emlak\u00e7\u0131lar M\u00fccbir Sebebin Uzat\u0131lmas\u0131n\u0131 \u0130stiyor - Av. Deniz Can K\u0131z\u0131l<\/title>\n<meta name=\"robots\" content=\"index, follow, max-snippet:-1, max-image-preview:large, max-video-preview:-1\" \/>\n<link rel=\"canonical\" href=\"https:\/\/denizcankizil.tr\/de\/haberler\/gundem\/emlakcilar-mucbir-sebebin-uzatilmasini-istiyor\/\" \/>\n<meta property=\"og:locale\" content=\"de_DE\" \/>\n<meta property=\"og:type\" content=\"article\" \/>\n<meta property=\"og:title\" content=\"Emlak\u00e7\u0131lar M\u00fccbir Sebebin Uzat\u0131lmas\u0131n\u0131 \u0130stiyor\" \/>\n<meta property=\"og:description\" content=\"\u0130skenderun Gazeteciler Cemiyeti Ba\u015fkan\u0131 Diyap Atar ve gazeteciler taraf\u0131ndan kar\u015f\u0131lanan heyet, ge\u00e7ti\u011fimiz aylarda kongresini ger\u00e7ekle\u015ftiren \u0130GC y\u00f6netimini tebrik etti. \u0130GC Ba\u015fkan\u0131 Diyap Atar&#8217;da ziyaretlerinden dolay\u0131 \u0130skenderun Emlak\u00e7\u0131lar Derne\u011fi Ba\u015fkan\u0131 M\u00fcntecep Bekta\u015fl\u0131 ve y\u00f6netimine te\u015fekk\u00fcr ederek \u00e7al\u0131\u015fmalar\u0131nda ba\u015far\u0131lar diledi. Bekta\u015fl\u0131, &#8220;2011 y\u0131l\u0131nda Van depremi sonras\u0131nda 5 y\u0131l boyunca m\u00fccbir sebep ilan edilmi\u015ftir. Benzer bir uygulama Hatay&#8217;da da yap\u0131lmal\u0131. Deprem b\u00f6lgesi i\u00e7in yaln\u0131zca m\u00fccbir sebebin uzat\u0131lmas\u0131 da yeterli de\u011fildir. B\u00f6lgede kal\u0131c\u0131 ve etkili desteklere ihtiya\u00e7 duyulmaktad\u0131r. Aksi halde b\u00f6lgede toparlanma s\u00fcreci daha da uzayacakt\u0131r. K\u00fc\u00e7\u00fck \u00f6l\u00e7ekli esnaf\u0131n ayakta kalabilmesi i\u00e7in m\u00fccbir sebebin uzat\u0131lmas\u0131 elzemdir&#8221; diye konu\u015ftu. \u200b\u0130skenderun Emlak\u00e7\u0131lar Derne\u011fi Ba\u015fkan\u0131 M\u00fcntecep Bekta\u015fl\u0131 ve y\u00f6netim kurulu \u00fcyeleri, \u0130skenderun Gazeteciler Cemiyeti&#8217;ni ziyaret ederek yeni y\u00f6netime hay\u0131rl\u0131 olsun dileklerinde bulundular.\u00a0 \u200bHaberin Al\u0131nt\u0131land\u0131\u011f\u0131 Kaynak: www.iskenderun.org\" \/>\n<meta property=\"og:url\" content=\"https:\/\/denizcankizil.tr\/de\/haberler\/gundem\/emlakcilar-mucbir-sebebin-uzatilmasini-istiyor\/\" \/>\n<meta property=\"og:site_name\" content=\"Av. Deniz Can K\u0131z\u0131l\" \/>\n<meta property=\"article:published_time\" content=\"2024-12-02T15:42:13+00:00\" \/>\n<meta name=\"twitter:card\" content=\"summary_large_image\" \/>\n<meta name=\"twitter:label1\" content=\"Gesch\u00e4tzte Lesezeit\" \/>\n\t<meta name=\"twitter:data1\" content=\"1\u00a0Minute\" \/>\n<script type=\"application\/ld+json\" class=\"yoast-schema-graph\">{\"@context\":\"https:\/\/schema.org\",\"@graph\":[{\"@type\":\"Article\",\"@id\":\"https:\/\/denizcankizil.tr\/de\/haberler\/gundem\/emlakcilar-mucbir-sebebin-uzatilmasini-istiyor\/#article\",\"isPartOf\":{\"@id\":\"https:\/\/denizcankizil.tr\/de\/haberler\/gundem\/emlakcilar-mucbir-sebebin-uzatilmasini-istiyor\/\"},\"author\":{\"name\":\"\",\"@id\":\"\"},\"headline\":\"Emlak\u00e7\u0131lar M\u00fccbir Sebebin Uzat\u0131lmas\u0131n\u0131 \u0130stiyor\",\"datePublished\":\"2024-12-02T15:42:13+00:00\",\"mainEntityOfPage\":{\"@id\":\"https:\/\/denizcankizil.tr\/de\/haberler\/gundem\/emlakcilar-mucbir-sebebin-uzatilmasini-istiyor\/\"},\"wordCount\":189,\"commentCount\":0,\"publisher\":{\"@id\":\"https:\/\/denizcankizil.tr\/de\/#organization\"},\"articleSection\":[\"G\u00fcndem\",\"Uncategorized\"],\"inLanguage\":\"de\",\"potentialAction\":[{\"@type\":\"CommentAction\",\"name\":\"Comment\",\"target\":[\"https:\/\/denizcankizil.tr\/de\/haberler\/gundem\/emlakcilar-mucbir-sebebin-uzatilmasini-istiyor\/#respond\"]}]},{\"@type\":\"WebPage\",\"@id\":\"https:\/\/denizcankizil.tr\/de\/haberler\/gundem\/emlakcilar-mucbir-sebebin-uzatilmasini-istiyor\/\",\"url\":\"https:\/\/denizcankizil.tr\/de\/haberler\/gundem\/emlakcilar-mucbir-sebebin-uzatilmasini-istiyor\/\",\"name\":\"Emlak\u00e7\u0131lar M\u00fccbir Sebebin Uzat\u0131lmas\u0131n\u0131 \u0130stiyor - Av. Deniz Can K\u0131z\u0131l\",\"isPartOf\":{\"@id\":\"https:\/\/denizcankizil.tr\/de\/#website\"},\"datePublished\":\"2024-12-02T15:42:13+00:00\",\"breadcrumb\":{\"@id\":\"https:\/\/denizcankizil.tr\/de\/haberler\/gundem\/emlakcilar-mucbir-sebebin-uzatilmasini-istiyor\/#breadcrumb\"},\"inLanguage\":\"de\",\"potentialAction\":[{\"@type\":\"ReadAction\",\"target\":[\"https:\/\/denizcankizil.tr\/de\/haberler\/gundem\/emlakcilar-mucbir-sebebin-uzatilmasini-istiyor\/\"]}]},{\"@type\":\"BreadcrumbList\",\"@id\":\"https:\/\/denizcankizil.tr\/de\/haberler\/gundem\/emlakcilar-mucbir-sebebin-uzatilmasini-istiyor\/#breadcrumb\",\"itemListElement\":[{\"@type\":\"ListItem\",\"position\":1,\"name\":\"Home\",\"item\":\"https:\/\/denizcankizil.tr\/de\/\"},{\"@type\":\"ListItem\",\"position\":2,\"name\":\"Emlak\u00e7\u0131lar M\u00fccbir Sebebin Uzat\u0131lmas\u0131n\u0131 \u0130stiyor\"}]},{\"@type\":\"WebSite\",\"@id\":\"https:\/\/denizcankizil.tr\/de\/#website\",\"url\":\"https:\/\/denizcankizil.tr\/de\/\",\"name\":\"Av. Deniz Can K\u0131z\u0131l\",\"description\":\"Avukat Deniz Can K\u0131z\u0131l Antalya Barosu\",\"publisher\":{\"@id\":\"https:\/\/denizcankizil.tr\/de\/#organization\"},\"potentialAction\":[{\"@type\":\"SearchAction\",\"target\":{\"@type\":\"EntryPoint\",\"urlTemplate\":\"https:\/\/denizcankizil.tr\/de\/?s={search_term_string}\"},\"query-input\":{\"@type\":\"PropertyValueSpecification\",\"valueRequired\":true,\"valueName\":\"search_term_string\"}}],\"inLanguage\":\"de\"},{\"@type\":\"Organization\",\"@id\":\"https:\/\/denizcankizil.tr\/de\/#organization\",\"name\":\"Av. Deniz Can K\u0131z\u0131l\",\"url\":\"https:\/\/denizcankizil.tr\/de\/\",\"logo\":{\"@type\":\"ImageObject\",\"inLanguage\":\"de\",\"@id\":\"https:\/\/denizcankizil.tr\/de\/#\/schema\/logo\/image\/\",\"url\":\"https:\/\/denizcankizil.tr\/wp-content\/uploads\/2024\/10\/siyah-logo-svg.svg\",\"contentUrl\":\"https:\/\/denizcankizil.tr\/wp-content\/uploads\/2024\/10\/siyah-logo-svg.svg\",\"width\":1080,\"height\":1080,\"caption\":\"Av. Deniz Can K\u0131z\u0131l\"},\"image\":{\"@id\":\"https:\/\/denizcankizil.tr\/de\/#\/schema\/logo\/image\/\"}}]}<\/script>\n<!-- \/ Yoast SEO Premium plugin. -->","yoast_head_json":{"title":"Emlak\u00e7\u0131lar M\u00fccbir Sebebin Uzat\u0131lmas\u0131n\u0131 \u0130stiyor - Av. Deniz Can K\u0131z\u0131l","robots":{"index":"index","follow":"follow","max-snippet":"max-snippet:-1","max-image-preview":"max-image-preview:large","max-video-preview":"max-video-preview:-1"},"canonical":"https:\/\/denizcankizil.tr\/de\/haberler\/gundem\/emlakcilar-mucbir-sebebin-uzatilmasini-istiyor\/","og_locale":"de_DE","og_type":"article","og_title":"Emlak\u00e7\u0131lar M\u00fccbir Sebebin Uzat\u0131lmas\u0131n\u0131 \u0130stiyor","og_description":"\u0130skenderun Gazeteciler Cemiyeti Ba\u015fkan\u0131 Diyap Atar ve gazeteciler taraf\u0131ndan kar\u015f\u0131lanan heyet, ge\u00e7ti\u011fimiz aylarda kongresini ger\u00e7ekle\u015ftiren \u0130GC y\u00f6netimini tebrik etti. \u0130GC Ba\u015fkan\u0131 Diyap Atar&#8217;da ziyaretlerinden dolay\u0131 \u0130skenderun Emlak\u00e7\u0131lar Derne\u011fi Ba\u015fkan\u0131 M\u00fcntecep Bekta\u015fl\u0131 ve y\u00f6netimine te\u015fekk\u00fcr ederek \u00e7al\u0131\u015fmalar\u0131nda ba\u015far\u0131lar diledi. Bekta\u015fl\u0131, &#8220;2011 y\u0131l\u0131nda Van depremi sonras\u0131nda 5 y\u0131l boyunca m\u00fccbir sebep ilan edilmi\u015ftir. Benzer bir uygulama Hatay&#8217;da da yap\u0131lmal\u0131. Deprem b\u00f6lgesi i\u00e7in yaln\u0131zca m\u00fccbir sebebin uzat\u0131lmas\u0131 da yeterli de\u011fildir. B\u00f6lgede kal\u0131c\u0131 ve etkili desteklere ihtiya\u00e7 duyulmaktad\u0131r. Aksi halde b\u00f6lgede toparlanma s\u00fcreci daha da uzayacakt\u0131r. K\u00fc\u00e7\u00fck \u00f6l\u00e7ekli esnaf\u0131n ayakta kalabilmesi i\u00e7in m\u00fccbir sebebin uzat\u0131lmas\u0131 elzemdir&#8221; diye konu\u015ftu. \u200b\u0130skenderun Emlak\u00e7\u0131lar Derne\u011fi Ba\u015fkan\u0131 M\u00fcntecep Bekta\u015fl\u0131 ve y\u00f6netim kurulu \u00fcyeleri, \u0130skenderun Gazeteciler Cemiyeti&#8217;ni ziyaret ederek yeni y\u00f6netime hay\u0131rl\u0131 olsun dileklerinde bulundular.\u00a0 \u200bHaberin Al\u0131nt\u0131land\u0131\u011f\u0131 Kaynak: www.iskenderun.org","og_url":"https:\/\/denizcankizil.tr\/de\/haberler\/gundem\/emlakcilar-mucbir-sebebin-uzatilmasini-istiyor\/","og_site_name":"Av. Deniz Can K\u0131z\u0131l","article_published_time":"2024-12-02T15:42:13+00:00","twitter_card":"summary_large_image","twitter_misc":{"Gesch\u00e4tzte Lesezeit":"1\u00a0Minute"},"schema":{"@context":"https:\/\/schema.org","@graph":[{"@type":"Article","@id":"https:\/\/denizcankizil.tr\/de\/haberler\/gundem\/emlakcilar-mucbir-sebebin-uzatilmasini-istiyor\/#article","isPartOf":{"@id":"https:\/\/denizcankizil.tr\/de\/haberler\/gundem\/emlakcilar-mucbir-sebebin-uzatilmasini-istiyor\/"},"author":{"name":"","@id":""},"headline":"Emlak\u00e7\u0131lar M\u00fccbir Sebebin Uzat\u0131lmas\u0131n\u0131 \u0130stiyor","datePublished":"2024-12-02T15:42:13+00:00","mainEntityOfPage":{"@id":"https:\/\/denizcankizil.tr\/de\/haberler\/gundem\/emlakcilar-mucbir-sebebin-uzatilmasini-istiyor\/"},"wordCount":189,"commentCount":0,"publisher":{"@id":"https:\/\/denizcankizil.tr\/de\/#organization"},"articleSection":["G\u00fcndem","Uncategorized"],"inLanguage":"de","potentialAction":[{"@type":"CommentAction","name":"Comment","target":["https:\/\/denizcankizil.tr\/de\/haberler\/gundem\/emlakcilar-mucbir-sebebin-uzatilmasini-istiyor\/#respond"]}]},{"@type":"WebPage","@id":"https:\/\/denizcankizil.tr\/de\/haberler\/gundem\/emlakcilar-mucbir-sebebin-uzatilmasini-istiyor\/","url":"https:\/\/denizcankizil.tr\/de\/haberler\/gundem\/emlakcilar-mucbir-sebebin-uzatilmasini-istiyor\/","name":"Emlak\u00e7\u0131lar M\u00fccbir Sebebin Uzat\u0131lmas\u0131n\u0131 \u0130stiyor - Av. Deniz Can K\u0131z\u0131l","isPartOf":{"@id":"https:\/\/denizcankizil.tr\/de\/#website"},"datePublished":"2024-12-02T15:42:13+00:00","breadcrumb":{"@id":"https:\/\/denizcankizil.tr\/de\/haberler\/gundem\/emlakcilar-mucbir-sebebin-uzatilmasini-istiyor\/#breadcrumb"},"inLanguage":"de","potentialAction":[{"@type":"ReadAction","target":["https:\/\/denizcankizil.tr\/de\/haberler\/gundem\/emlakcilar-mucbir-sebebin-uzatilmasini-istiyor\/"]}]},{"@type":"BreadcrumbList","@id":"https:\/\/denizcankizil.tr\/de\/haberler\/gundem\/emlakcilar-mucbir-sebebin-uzatilmasini-istiyor\/#breadcrumb","itemListElement":[{"@type":"ListItem","position":1,"name":"Home","item":"https:\/\/denizcankizil.tr\/de\/"},{"@type":"ListItem","position":2,"name":"Emlak\u00e7\u0131lar M\u00fccbir Sebebin Uzat\u0131lmas\u0131n\u0131 \u0130stiyor"}]},{"@type":"WebSite","@id":"https:\/\/denizcankizil.tr\/de\/#website","url":"https:\/\/denizcankizil.tr\/de\/","name":"Av. Deniz Can K\u0131z\u0131l","description":"Avukat Deniz Can K\u0131z\u0131l Antalya Barosu","publisher":{"@id":"https:\/\/denizcankizil.tr\/de\/#organization"},"potentialAction":[{"@type":"SearchAction","target":{"@type":"EntryPoint","urlTemplate":"https:\/\/denizcankizil.tr\/de\/?s={search_term_string}"},"query-input":{"@type":"PropertyValueSpecification","valueRequired":true,"valueName":"search_term_string"}}],"inLanguage":"de"},{"@type":"Organization","@id":"https:\/\/denizcankizil.tr\/de\/#organization","name":"Av. Deniz Can K\u0131z\u0131l","url":"https:\/\/denizcankizil.tr\/de\/","logo":{"@type":"ImageObject","inLanguage":"de","@id":"https:\/\/denizcankizil.tr\/de\/#\/schema\/logo\/image\/","url":"https:\/\/denizcankizil.tr\/wp-content\/uploads\/2024\/10\/siyah-logo-svg.svg","contentUrl":"https:\/\/denizcankizil.tr\/wp-content\/uploads\/2024\/10\/siyah-logo-svg.svg","width":1080,"height":1080,"caption":"Av. Deniz Can K\u0131z\u0131l"},"image":{"@id":"https:\/\/denizcankizil.tr\/de\/#\/schema\/logo\/image\/"}}]}},"_links":{"self":[{"href":"https:\/\/denizcankizil.tr\/de\/wp-json\/wp\/v2\/posts\/18776","targetHints":{"allow":["GET"]}}],"collection":[{"href":"https:\/\/denizcankizil.tr\/de\/wp-json\/wp\/v2\/posts"}],"about":[{"href":"https:\/\/denizcankizil.tr\/de\/wp-json\/wp\/v2\/types\/post"}],"replies":[{"embeddable":true,"href":"https:\/\/denizcankizil.tr\/de\/wp-json\/wp\/v2\/comments?post=18776"}],"version-history":[{"count":0,"href":"https:\/\/denizcankizil.tr\/de\/wp-json\/wp\/v2\/posts\/18776\/revisions"}],"wp:attachment":[{"href":"https:\/\/denizcankizil.tr\/de\/wp-json\/wp\/v2\/media?parent=18776"}],"wp:term":[{"taxonomy":"category","embeddable":true,"href":"https:\/\/denizcankizil.tr\/de\/wp-json\/wp\/v2\/categories?post=18776"},{"taxonomy":"post_tag","embeddable":true,"href":"https:\/\/denizcankizil.tr\/de\/wp-json\/wp\/v2\/tags?post=18776"}],"curies":[{"name":"wp","href":"https:\/\/api.w.org\/{rel}","templated":true}]}}