{"id":18742,"date":"2024-12-02T14:55:51","date_gmt":"2024-12-02T11:55:51","guid":{"rendered":"https:\/\/denizcankizil.tr\/uncategorized-tr\/somut-olaylar-baglaminda-manevi-unsurlarin-degerlendirilmesi\/"},"modified":"2024-12-04T00:05:21","modified_gmt":"2024-12-03T21:05:21","slug":"somut-olaylar-baglaminda-manevi-unsurlarin-degerlendirilmesi","status":"publish","type":"post","link":"https:\/\/denizcankizil.tr\/de\/koseyazilari\/degerlendirme\/somut-olaylar-baglaminda-manevi-unsurlarin-degerlendirilmesi\/","title":{"rendered":"Somut Olaylar Ba\u011flam\u0131nda Manevi Unsurlar\u0131n De\u011ferlendirilmesi"},"content":{"rendered":"<p> <strong>Somut\u200d Olaylar Ba\u011flam\u0131nda\u200b Manevi Unsurlar\u0131n De\u011ferlendirilmesi<\/strong><\/p>\n<p>Hukuk, yaln\u0131zca \u200bsomut olaylar\u0131n maddi unsurlar\u0131n\u0131 de\u011fil, ayn\u0131 zamanda bu olaylar\u0131n arka \u2063plan\u0131nda yatan manevi unsurlar\u0131 da dikkate alarak adaletin tesis edilmesine katk\u0131da bulunur. \u2064Manevi unsurlar, <a href=\"https:\/\/denizcankizil.tr\/de\/seo\/konyaalti-ve-muratpasada-bosanma-ve-nafaka-hukuku\/\" title=\"Konyaalt\u0131 ve Muratpa\u015fa&#039;da Bo\u015fanma ve Nafaka Hukuku\">bireylerin duygusal<\/a>,\u200c psikolojik ve sosyal durumlar\u0131n\u0131 etkileyen,\u2064 hukukun uygulanmas\u0131nda \u00f6nemli bir rol \u2064oynayan fakt\u00f6rlerdir. Bu\u200c ba\u011flamda, somut \u200dolaylar \u00fczerinden manevi unsurlar\u0131n de\u011ferlendirilmesi, hukukun \u200binsan odakl\u0131\u2062 bir\u2064 yakla\u015f\u0131m benimsemesi a\u00e7\u0131s\u0131ndan kritik \u200cbir\u2062 \u00f6neme sahiptir. <\/p>\n<p>Bu makalede, somut olaylar \u00e7er\u00e7evesinde manevi unsurlar\u0131n nas\u0131l ele al\u0131nd\u0131\u011f\u0131, \u2063yarg\u0131 s\u00fcre\u00e7lerinde\u2064 bu unsurlar\u0131n etkisi ve\u200d hukukun manevi\u200d boyutunun \u00f6nemi \u00fczerinde durulacakt\u0131r.\u200d Ayr\u0131ca, Yarg\u0131tay i\u00e7tihatlar\u0131\u2064 \u0131\u015f\u0131\u011f\u0131nda manevi unsurlar\u0131n\u2064 hukuki de\u011ferlendirilmesi \u2062ve uygulamadaki\u200b yans\u0131malar\u0131 incelenecek, somut olaylar \u00fczerinden \u00f6rneklerle\u2063 bu unsurlar\u0131n hukuki s\u00fcre\u00e7lerdeki yeri ve \u00f6nemi ortaya konulacakt\u0131r. B\u00f6ylece, hukukun sadece maddi \u200bde\u011fil, manevi\u200d boyutunun da g\u00f6z\u200d \u00f6n\u00fcnde bulundurulmas\u0131n\u0131n gereklili\u011fi vurgulanacakt\u0131r.<br \/><img decoding=\"async\" class=\"kimage_class lazyload\" data-src=\"https:\/\/denizcankizil.tr\/wp-content\/uploads\/2024\/10\/YhAY-253D.jpg\" alt=\"Somut \u2064Olaylar Ba\u011flam\u0131nda Manevi Unsurlar\u0131n Tan\u0131m\u0131 ve \u00d6nemi\" src=\"data:image\/svg+xml;base64,PHN2ZyB3aWR0aD0iMSIgaGVpZ2h0PSIxIiB4bWxucz0iaHR0cDovL3d3dy53My5vcmcvMjAwMC9zdmciPjwvc3ZnPg==\"><\/p>\n<h2 id=\"somut-olaylar-baglaminda-manevi-unsurlarin-tanimi-ve-onemi\">Somut Olaylar\u200c Ba\u011flam\u0131nda Manevi Unsurlar\u0131n Tan\u0131m\u0131 ve \u00d6nemi<\/h2>\n<p><strong>Somut olaylar ba\u011flam\u0131nda manevi unsurlar, hukukun uygulanmas\u0131nda \u00f6nemli \u200cbir \u200byer tutmaktad\u0131r.<\/strong> Bu\u2063 unsurlar, \u200bbireylerin ya\u015fad\u0131\u011f\u0131 olaylar\u0131n duygusal \u200dve psikolojik etkilerini ifade ederken,\u200c ayn\u0131 \u200czamanda\u200b hukuki de\u011ferlendirmelerde de dikkate al\u0131nmas\u0131\u2064 gereken unsurlar aras\u0131nda \u2063yer al\u0131r. Manevi \u2064unsurlar, yaln\u0131zca\u2062 maddi zararlar\u0131n tazmini ile s\u0131n\u0131rl\u0131 kalmay\u0131p, ma\u011fdurun ya\u015fad\u0131\u011f\u0131 ac\u0131, \u0131st\u0131rap ve kay\u0131plar\u0131n \u200cda g\u00f6z \u00f6n\u00fcnde bulundurulmas\u0131n\u0131 gerektirir.<\/p>\n<p><strong>Manevi unsurlar\u0131n \u200dtan\u0131m\u0131, hukuki s\u00fcre\u00e7lerdeki rol\u00fc a\u00e7\u0131s\u0131ndan olduk\u00e7a kritiktir.<\/strong> Bu unsurlar, bireylerin ya\u015fad\u0131\u011f\u0131 \u200colaylar\u0131n ruhsal etkilerini ve toplumsal alg\u0131lar\u0131n\u0131 yans\u0131t\u0131r. \u00d6rne\u011fin, \u200dbir \u200chaks\u0131z\u2062 fiil sonucunda ma\u011fdurun\u200d ya\u015fad\u0131\u011f\u0131 \u200bpsikolojik \u200btravma, manevi tazminat\u2064 taleplerinin temelini olu\u015fturabilir. Bu ba\u011flamda, manevi unsurlar\u0131n de\u011ferlendirilmesi, \u2064hukukun adalet anlay\u0131\u015f\u0131n\u0131 peki\u015ftiren bir unsur \u200dolarak \u2062\u00f6ne \u00e7\u0131kar.<\/p>\n<ul>\n<li><strong>Manevi unsurlar\u0131n \u00f6nemi:<\/strong> \u200b Bireylerin ya\u015fad\u0131\u011f\u0131 duygusal\u200b zararlar\u0131n tazmini, hukukun temel \u2063ilkelerinden biridir.<\/li>\n<li><strong>Hukuki\u2063 s\u00fcre\u00e7lerde dikkate al\u0131nmas\u0131 gereken unsurlar:<\/strong> Manevi zararlar, maddi zararlarla birlikte\u2062 de\u011ferlendirilmelidir.<\/li>\n<li><strong>Toplumsal adaletin sa\u011flanmas\u0131:<\/strong> Manevi unsurlar\u0131n g\u00f6z \u00f6n\u00fcnde bulundurulmas\u0131, toplumsal adaletin tesisine katk\u0131\u2064 sa\u011flar.<\/li>\n<\/ul>\n<p><strong>Sonu\u00e7 olarak,\u2062 somut olaylar ba\u011flam\u0131nda manevi unsurlar\u0131n \u2064de\u011ferlendirilmesi, hukukun i\u015fleyi\u015finde \u00f6nemli bir yere\u200d sahiptir.<\/strong> Bu\u2063 unsurlar, \u200dbireylerin ya\u015fad\u0131\u011f\u0131 \u200colaylar\u0131n sadece maddi boyutunu de\u011fil, ayn\u0131 zamanda ruhsal ve duygusal etkilerini de\u200c kapsayarak, \u2063<a href=\"https:\/\/denizcankizil.tr\/de\/seo\/kemerde-unlu-ceza-avukatlarinin-rolu-ve-onemi\/\" title=\"Kemer&#039;de \u00dcnl\u00fc Ceza Avukatlar\u0131n\u0131n Rol\u00fc ve \u00d6nemi\">adaletin sa\u011flanmas\u0131na katk\u0131da bulunur<\/a>. Manevi unsurlar\u0131n dikkate al\u0131nmas\u0131,\u200d hukukun insan \u200bodakl\u0131 bir yakla\u015f\u0131m benimsemesini sa\u011flar.<\/p>\n<p><img decoding=\"async\" class=\"kimage_class lazyload\" data-src=\"https:\/\/denizcankizil.tr\/wp-content\/uploads\/2024\/10\/2B6So-253D.jpg\" alt=\"Manevi Unsurlar\u0131n Hukuki De\u011ferlendirilmesi\" src=\"data:image\/svg+xml;base64,PHN2ZyB3aWR0aD0iMSIgaGVpZ2h0PSIxIiB4bWxucz0iaHR0cDovL3d3dy53My5vcmcvMjAwMC9zdmciPjwvc3ZnPg==\"><\/p>\n<h2 id=\"manevi-unsurlarin-hukuki-degerlendirilmesi\">Manevi Unsurlar\u0131n \u2063Hukuki De\u011ferlendirilmesi<\/h2>\n<p>Manevi unsurlar, \u200chukukun \u00e7e\u015fitli alanlar\u0131nda \u00f6nemli bir yere\u200b sahiptir. \u2062Bu unsurlar, bireylerin psikolojik ve duygusal durumlar\u0131n\u0131 etkileyen, dolay\u0131s\u0131yla hukuki sonu\u00e7lar do\u011furabilen \u200bunsurlard\u0131r. \u00d6zellikle, manevi zararlar\u0131n tazmini,\u200d ceza hukuku \u2063ve medeni\u2064 hukuk\u200b gibi \u200calanlarda s\u0131k\u00e7a kar\u015f\u0131la\u015f\u0131lan bir durumdur.\u200d , somut olaylar\u0131n \u00f6zelliklerine \u200dg\u00f6re de\u011fi\u015fiklik g\u00f6stermektedir.<\/p>\n<p>Somut \u200colaylar ba\u011flam\u0131nda manevi unsurlar\u0131n\u200d de\u011ferlendirilmesinde dikkate al\u0131nmas\u0131 gereken baz\u0131 temel\u200b noktalar \u015funlard\u0131r:<\/p>\n<ul>\n<li><strong>Manevi Zarar\u0131n Tan\u0131m\u0131:<\/strong> Manevi zarar, bir ki\u015finin ruhsal durumunu\u2063 olumsuz etkileyen \u200bolaylar sonucunda ortaya \u00e7\u0131kan duygusal \u2062ac\u0131 ve \u0131st\u0131rapt\u0131r.<\/li>\n<li><strong>Olay\u0131n \u00d6zellikleri:<\/strong> \u2063Manevi\u2064 unsurlar\u0131n de\u011ferlendirilmesinde olay\u0131n niteli\u011fi, taraflar\u0131n ili\u015fkisi \u2064ve olay\u0131n meydana geldi\u011fi ko\u015fullar \u00f6nemlidir.<\/li>\n<li><strong>Hukuki Dayanaklar:<\/strong> Manevi zararlar\u0131n tazmini, \u200dT\u00fcrk \u2064Bor\u00e7lar\u200b Kanunu ve ilgili mevzuatlar \u2063\u00e7er\u00e7evesinde ele al\u0131nmaktad\u0131r.<\/li>\n<li><strong>Yarg\u0131tay \u0130\u00e7tihatlar\u0131:<\/strong> nde Yarg\u0131tay \u2062kararlar\u0131, emsal te\u015fkil \u200beden \u00f6nemli kaynaklard\u0131r.<\/li>\n<\/ul>\n<p>Sonu\u00e7 \u200colarak, , somut olaylar\u0131n \u00f6zelliklerine ba\u011fl\u0131 olarak de\u011fi\u015fiklik g\u00f6stermekte\u2064 ve bu unsurlar\u0131n tazmini, \u2063<a href=\"https:\/\/denizcankizil.tr\/de\/koseyazilari\/degerlendirme\/vasiyetnamenin-iptali-davasi-hukuki-surec-ve-degerlendirme\/\" title=\"Vasiyetnamenin \u0130ptali Davas\u0131: Hukuki S\u00fcre\u00e7 ve De\u011ferlendirme\">hukukun temel ilkeleri do\u011frultusunda<\/a> ele \u2063al\u0131nmaktad\u0131r. Bu ba\u011flamda,\u200b her bir olay\u0131n kendine \u00f6zg\u00fc ko\u015fullar\u0131 \u2064dikkate al\u0131narak, adaletin sa\u011flanmas\u0131 hedeflenmektedir.<\/p>\n<h2 id=\"somut-olaylarda-manevi-zararin-tespiti\">Somut Olaylarda Manevi Zarar\u0131n Tespiti<\/h2>\n<p>, hukukun \u2062\u00f6nemli bir alan\u0131n\u0131 olu\u015fturmaktad\u0131r. Manevi zarar,\u2064 bir \u200dki\u015finin ruhsal durumunu olumsuz etkileyen, \u2062psikolojik \u200bac\u0131 ve \u0131st\u0131rap gibi unsurlar\u0131 i\u00e7ermektedir. Bu t\u00fcr zararlar\u0131n tespiti, genellikle olay\u0131n niteli\u011fine, ma\u011fdurun ya\u015fad\u0131\u011f\u0131 duygusal durumlara ve\u200d olay\u0131n\u200d sonu\u00e7lar\u0131na ba\u011fl\u0131 olarak\u200d de\u011fi\u015fiklik g\u00f6stermektedir.<\/p>\n<p>Manevi zararlar\u0131n de\u011ferlendirilmesinde dikkate al\u0131nmas\u0131 gereken baz\u0131 unsurlar \u015funlard\u0131r:<\/p>\n<ul>\n<li><strong>Olay\u0131n niteli\u011fi:<\/strong> Olay\u0131n ciddiyeti\u2062 ve ma\u011fdur \u00fczerindeki \u200cetkisi, manevi zarar\u0131n boyutunu belirlemede \u00f6nemli bir rol\u200b oynamaktad\u0131r.<\/li>\n<li><strong>Ma\u011fdurun\u2064 durumu:<\/strong> Ma\u011fdurun \u2064psikolojik durumu, ya\u015fad\u0131\u011f\u0131 \u2064travman\u0131n derinli\u011fi ve olaydan \u200bsonraki ruhsal\u2062 durumu, manevi zarar\u0131n tespitinde g\u00f6z \u00f6n\u00fcnde bulundurulmal\u0131d\u0131r.<\/li>\n<li><strong>Toplumsal ve k\u00fclt\u00fcrel fakt\u00f6rler:<\/strong> Manevi zararlar\u0131n\u2064 de\u011ferlendirilmesinde, toplumun de\u011fer yarg\u0131lar\u0131 ve k\u00fclt\u00fcrel normlar\u0131 da etkili olmaktad\u0131r.<\/li>\n<\/ul>\n<p>Sonu\u00e7 olarak,\u2062 somut\u200c olaylarda manevi zararlar\u0131n tespiti, \u00e7ok boyutlu bir de\u011ferlendirme s\u00fcrecini gerektirmektedir. Bu s\u00fcre\u00e7te, hukukun temel ilkeleri do\u011frultusunda, ma\u011fdurun ya\u015fad\u0131\u011f\u0131 \u200cduygusal\u2064 ac\u0131\u200d ve \u0131st\u0131raplar\u0131n adil bir \u015fekilde tespit edilmesi hedeflenmektedir.\u200c Manevi zararlar\u0131n\u200b tespiti, <a href=\"https:\/\/denizcankizil.tr\/de\/seo\/antalyada-en-iyi-bosanma-avukatini-secerken-dikkat-edilmesi-gerekenler\/\" title=\"Antalya&#039;da En \u0130yi Bo\u015fanma Avukat\u0131n\u0131 Se\u00e7erken Dikkat Edilmesi Gerekenler\">sadece hukuki bir gereklilik de\u011fil<\/a>, ayn\u0131 zamanda ma\u011fdurun ya\u015fad\u0131\u011f\u0131 travman\u0131n anla\u015f\u0131lmas\u0131 a\u00e7\u0131s\u0131ndan da\u2064 b\u00fcy\u00fck bir \u00f6neme sahiptir.<\/p>\n<p><img decoding=\"async\" class=\"kimage_class lazyload\" data-src=\"https:\/\/denizcankizil.tr\/wp-content\/uploads\/2024\/10\/4382-antalyada-ticaret-hukuku-avukatlarinin-yetki-alanlari.jpg\" alt=\"Manevi Unsurlar\u0131n Tazminat Davalar\u0131ndaki Rol\u00fc\" src=\"data:image\/svg+xml;base64,PHN2ZyB3aWR0aD0iMSIgaGVpZ2h0PSIxIiB4bWxucz0iaHR0cDovL3d3dy53My5vcmcvMjAwMC9zdmciPjwvc3ZnPg==\"><\/p>\n<h2 id=\"manevi-unsurlarin-tazminat-davalarindaki-rolu\">Manevi Unsurlar\u0131n Tazminat\u2064 Davalar\u0131ndaki Rol\u00fc<\/h2>\n<p>Manevi \u200dunsurlar,\u2062 tazminat davalar\u0131nda \u00f6nemli bir yer tutmaktad\u0131r. Bu unsurlar, bir \u200cki\u015finin ya\u015fad\u0131\u011f\u0131 duygusal ac\u0131, \u0131st\u0131rap ve \u200bpsikolojik etkiler gibi soyut zararlar\u0131 ifade eder. Tazminat taleplerinde manevi \u2064unsurlar\u0131n de\u011ferlendirilmesi, somut olaylar\u0131n \u00f6zelliklerine ba\u011fl\u0131 olarak de\u011fi\u015fiklik g\u00f6stermektedir. Bu\u200b ba\u011flamda, manevi\u200d tazminat\u0131n belirlenmesinde dikkate al\u0131nmas\u0131 gereken \u2062baz\u0131 unsurlar\u200b \u015funlard\u0131r:<\/p>\n<ul>\n<li><strong>Olay\u0131n niteli\u011fi:<\/strong> Ya\u015fanan olay\u0131n ciddiyeti \u2063ve etkileri, manevi tazminat\u0131n miktar\u0131n\u0131 etkileyen \u00f6nemli bir fakt\u00f6rd\u00fcr.<\/li>\n<li><strong>Ma\u011fdurun \u2062durumu:<\/strong> Ma\u011fdurun psikolojik durumu\u2064 ve olaydan sonra ya\u015fad\u0131\u011f\u0131 de\u011fi\u015fimler, manevi tazminat\u0131n\u200d belirlenmesinde g\u00f6z \u00f6n\u00fcnde bulundurulmal\u0131d\u0131r.<\/li>\n<li><strong>Failin kusuru:<\/strong> \u2063Olayda failin kusur oran\u0131,\u2064 manevi tazminat\u0131n miktar\u0131n\u0131 etkileyen\u2063 bir di\u011fer \u00f6nemli unsurdur.<\/li>\n<li><strong>Toplumsal de\u011ferler:<\/strong> Manevi tazminat\u0131n belirlenmesinde,\u200b toplumun genel de\u011fer yarg\u0131lar\u0131 ve normlar\u0131 da dikkate al\u0131nmal\u0131d\u0131r.<\/li>\n<\/ul>\n<p>Manevi tazminat\u2064 talepleri,\u200c yaln\u0131zca maddi kay\u0131plar\u0131n telafisi de\u011fil, ayn\u0131\u2064 zamanda ma\u011fdurun ya\u015fad\u0131\u011f\u0131 duygusal ve psikolojik zararlar\u0131n da\u2062 giderilmesi amac\u0131 \u200bta\u015f\u0131r. \u200bBu nedenle, mahkemeler somut olaylar\u0131n \u00f6zelliklerini \u200bdikkate alarak, n\u00fc titizlikle de\u011ferlendirmektedir. Sonu\u00e7 olarak, manevi unsurlar\u0131n tazminat \u2062davalar\u0131ndaki yeri, adaletin sa\u011flanmas\u0131 a\u00e7\u0131s\u0131ndan\u200c kritik bir \u00f6neme\u2063 sahiptir.<\/p>\n<p><img decoding=\"async\" class=\"kimage_class lazyload\" data-src=\"https:\/\/denizcankizil.tr\/wp-content\/uploads\/2024\/10\/2JauI-253D.jpg\" alt=\"Yarg\u0131tay Kararlar\u0131 I\u015f\u0131\u011f\u0131nda Manevi\u200c Unsurlar\u0131n Uygulamas\u0131\" src=\"data:image\/svg+xml;base64,PHN2ZyB3aWR0aD0iMSIgaGVpZ2h0PSIxIiB4bWxucz0iaHR0cDovL3d3dy53My5vcmcvMjAwMC9zdmciPjwvc3ZnPg==\"><\/p>\n<h2 id=\"yargitay-kararlari-isiginda-manevi-unsurlarin-uygulamasi\">Yarg\u0131tay Kararlar\u0131 I\u015f\u0131\u011f\u0131nda Manevi Unsurlar\u0131n Uygulamas\u0131<\/h2>\n<p>Manevi unsurlar, hukukun \u00e7e\u015fitli alanlar\u0131nda \u00f6nemli bir yere sahiptir.\u200b Yarg\u0131tay kararlar\u0131, bu unsurlar\u0131n somut olaylar ba\u011flam\u0131nda \u2062nas\u0131l de\u011ferlendirilece\u011fine dair\u2064 \u00f6nemli ipu\u00e7lar\u0131 sunmaktad\u0131r. Manevi \u2064unsurlar, genellikle ki\u015filik haklar\u0131, \u200bonur, sayg\u0131nl\u0131k gibi \u2063kavramlarla ili\u015fkilendirilirken, \u200cbu\u2063 unsurlar\u0131n ihlali \u200bdurumunda ortaya\u2063 \u00e7\u0131kan \u2063sonu\u00e7lar da hukuki\u2063 a\u00e7\u0131dan dikkate al\u0131nmal\u0131d\u0131r.<\/p>\n<p>Yarg\u0131tay, manevi unsurlar\u0131n de\u011ferlendirilmesinde \u2064a\u015fa\u011f\u0131daki\u2064 kriterleri g\u00f6z \u00f6n\u00fcnde\u200b bulundurmaktad\u0131r:<\/p>\n<ul>\n<li><strong>Olay\u0131n \u200bniteli\u011fi:<\/strong> \u200c Somut olay\u0131n \u00f6zellikleri, manevi\u200d zarar\u0131n\u2062 boyutunu etkileyen \u00f6nemli bir fakt\u00f6rd\u00fcr.<\/li>\n<li><strong>\u0130hlalin a\u011f\u0131rl\u0131\u011f\u0131:<\/strong> Ki\u015filik\u200d haklar\u0131na yap\u0131lan sald\u0131r\u0131n\u0131n \u200dciddiyeti, \u2063manevi\u200d tazminat\u2064 taleplerinin belirlenmesinde belirleyici\u2064 bir\u2063 rol oynamaktad\u0131r.<\/li>\n<li><strong>Failin kast\u0131:<\/strong> \u0130hlalin kas\u0131tl\u0131\u2063 m\u0131\u200b yoksa taksirli\u2062 mi oldu\u011fu, manevi unsurlar\u0131n de\u011ferlendirilmesinde \u00f6nemli \u200bbir unsurdur.<\/li>\n<\/ul>\n<p>Bu\u200c ba\u011flamda, Yarg\u0131tay i\u00e7tihatlar\u0131, \u200cmanevi unsurlar\u0131n somut \u200bolaylar \u00e7er\u00e7evesinde nas\u0131l ele al\u0131nmas\u0131 gerekti\u011fine dair \u00f6nemli bir rehberlik sa\u011flamaktad\u0131r. Manevi zararlar\u0131n tazmini, yaln\u0131zca maddi \u2063kay\u0131plar\u0131n \u200dgiderilmesi de\u011fil, ayn\u0131 zamanda \u200cbireyin ruhsal durumunun da g\u00f6z \u00f6n\u00fcnde bulundurulmas\u0131 gerekti\u011fini ortaya koymaktad\u0131r. Bu nedenle, manevi unsurlar\u0131n \u2064hukuki\u2064 de\u011ferlendirilmesi, her\u2063 bir olay\u0131n kendine \u00f6zg\u00fc \u200cko\u015fullar\u0131 dikkate \u200cal\u0131narak yap\u0131lmal\u0131d\u0131r.<\/p>\n<p><img decoding=\"async\" class=\"kimage_class lazyload\" data-src=\"https:\/\/denizcankizil.tr\/wp-content\/uploads\/2024\/10\/4698-d180d0bed0bbd18c-d0b0d0b4d0b2d0bed0bad0b0d182d0b0-d0b2-d0b4d0b5d0bbd0b0d185-d0be-d0b3d180d0b0d0b6d0b4d0b0d0bdd181d182d0b2d0b5-d0b8-d0b8.jpg\" alt=\"Somut Olaylar ve Manevi \u2063Unsurlar Aras\u0131ndaki \u0130li\u015fki Analizi\" src=\"data:image\/svg+xml;base64,PHN2ZyB3aWR0aD0iMSIgaGVpZ2h0PSIxIiB4bWxucz0iaHR0cDovL3d3dy53My5vcmcvMjAwMC9zdmciPjwvc3ZnPg==\"><\/p>\n<h2 id=\"somut-olaylar-ve-manevi-unsurlar-arasindaki-iliski-analizi\">Somut Olaylar ve Manevi\u2064 Unsurlar Aras\u0131ndaki \u0130li\u015fki Analizi<\/h2>\n<p>Somut olaylar, \u2063hukukun uygulama alan\u0131nda \u00f6nemli bir yer tutarken, \u200cbu olaylar\u0131n manevi unsurlarla olan\u200b ili\u015fkisi de\u2063 dikkate de\u011fer bir \u2063konudur. Manevi unsurlar, bireylerin duygusal \u200bve\u2064 psikolojik durumlar\u0131n\u0131 etkileyen,\u2064 toplumsal normlar ve de\u011ferlerle \u015fekillenen unsurlard\u0131r. Bu ba\u011flamda, somut olaylar\u0131n de\u011ferlendirilmesinde manevi unsurlar\u0131n rol\u00fc, hukukun \u200cadalet anlay\u0131\u015f\u0131n\u0131 derinle\u015ftirmekte\u2062 ve bireylerin haklar\u0131n\u0131n korunmas\u0131nda \u00f6nemli\u2064 bir etken olu\u015fturmaktad\u0131r.<\/p>\n<p>Somut olaylar \u200bile manevi \u2064unsurlar aras\u0131ndaki\u2062 ili\u015fkiyi analiz ederken, a\u015fa\u011f\u0131daki noktalar\u200d g\u00f6z\u2064 \u00f6n\u00fcnde bulundurulmal\u0131d\u0131r:<\/p>\n<ul>\n<li><strong>Manevi Zarar\u0131n Tan\u0131m\u0131:<\/strong> Somut\u200c olaylar sonucunda bireylerin ya\u015fad\u0131\u011f\u0131 \u200dmanevi zararlar,\u200b hukuki s\u00fcre\u00e7lerde dikkate al\u0131nmal\u0131d\u0131r.<\/li>\n<li><strong>Hukuki De\u011ferlendirme:<\/strong> Manevi unsurlar\u0131n somut \u2063olaylar \u00fczerindeki\u2063 etkisi, mahkemelerin karar verme s\u00fcre\u00e7lerinde \u00f6nemli bir rol \u2062oynamaktad\u0131r.<\/li>\n<li><strong>Toplumsal \u2062Normlar:<\/strong> Manevi unsurlar, toplumsal normlar \u2062ve\u2063 de\u011ferlerle \u015fekillendi\u011fi i\u00e7in, hukuki de\u011ferlendirmelerde bu \u2063unsurlar\u0131n g\u00f6z \u00f6n\u00fcnde bulundurulmas\u0131 gerekmektedir.<\/li>\n<\/ul>\n<p>Sonu\u00e7 olarak, somut \u2062olaylar ba\u011flam\u0131nda manevi\u200d unsurlar\u0131n de\u011ferlendirilmesi, hukukun adalet anlay\u0131\u015f\u0131n\u0131 g\u00fc\u00e7lendirmekte \u2064ve bireylerin haklar\u0131n\u0131n daha etkin\u200c bir \u2064\u015fekilde\u2064 korunmas\u0131na olanak tan\u0131maktad\u0131r. Bu nedenle,\u200b hukuki\u2063 s\u00fcre\u00e7lerde manevi unsurlar\u0131n dikkate al\u0131nmas\u0131,\u200b adaletin sa\u011flanmas\u0131 \u200da\u00e7\u0131s\u0131ndan kritik bir \u00f6neme sahiptir.<\/p>\n<p>Sonu\u00e7\u200c olarak, somut olaylar ba\u011flam\u0131nda manevi unsurlar\u0131n\u200c de\u011ferlendirilmesi, hukukun dinamik yap\u0131s\u0131 i\u00e7inde \u00f6nemli bir yer tutmaktad\u0131r.\u200d Manevi unsurlar,\u2064 bireylerin ya\u015fad\u0131\u011f\u0131 olaylar\u0131n hukuki\u2063 sonu\u00e7lar\u0131n\u0131 etkileyen, duygusal ve psikolojik boyutlar\u0131\u200c i\u00e7eren unsurlar olarak kar\u015f\u0131m\u0131za \u00e7\u0131kmaktad\u0131r. \u200cBu unsurlar\u0131n dikkate al\u0131nmas\u0131, adaletin \u2064sa\u011flanmas\u0131 ve bireylerin haklar\u0131n\u0131n korunmas\u0131 a\u00e7\u0131s\u0131ndan kritik bir \u2064\u00f6neme sahiptir. <\/p>\n<p>Hukuk sistemimizde manevi\u2064 unsurlar\u0131n yeterince yer bulmas\u0131, yaln\u0131zca\u200b hukukun kat\u0131 kurallar\u0131na ba\u011fl\u0131 kalmakla kalmay\u0131p, ayn\u0131 zamanda bireylerin ya\u015fam deneyimlerini ve duygusal durumlar\u0131n\u0131 da g\u00f6z \u00f6n\u00fcnde bulundurarak \u200ddaha adil bir yakla\u015f\u0131m geli\u015ftirilmesini gerektirmektedir.\u2062 Bu \u2064ba\u011flamda, yarg\u0131 organlar\u0131n\u0131n ve hukuk uygulay\u0131c\u0131lar\u0131n\u0131n, somut olaylar\u0131n manevi boyutlar\u0131n\u0131\u2062 dikkate alarak daha kapsaml\u0131 ve insani bir de\u011ferlendirme yapmalar\u0131, hukukun evrensel ilkeleriyle uyumlu bir \u015fekilde adaletin tesisine katk\u0131 sa\u011flayacakt\u0131r. <\/p>\n<p>Sonu\u00e7 olarak, \u2063manevi unsurlar\u0131n hukuki de\u011ferlendirmelerde g\u00f6z \u00f6n\u00fcnde bulundurulmas\u0131, sadece bireylerin haklar\u0131n\u0131 korumakla kalmay\u0131p, ayn\u0131 zamanda toplumsal bar\u0131\u015f ve \u2063huzurun sa\u011flanmas\u0131na da \u00f6nemli bir katk\u0131 sunmaktad\u0131r. Bu nedenle, hukuk alan\u0131nda yap\u0131lacak \u00e7al\u0131\u015fmalar\u0131n, manevi unsurlar\u0131n daha etkin \u200bbir \u015fekilde ele al\u0131nmas\u0131n\u0131 sa\u011flamas\u0131, \u2062gelecekteki hukuki uygulamalar a\u00e7\u0131s\u0131ndan b\u00fcy\u00fck bir \u00f6nem\u2063 ta\u015f\u0131maktad\u0131r. <\/p>","protected":false},"excerpt":{"rendered":"<p>Somut olaylar ba\u011flam\u0131nda manevi unsurlar\u0131n de\u011ferlendirilmesi, hukukun sosyal ger\u00e7ekliklerle etkile\u015fimini ortaya koyar. Bu ba\u011flamda, manevi zararlar\u0131n tazmini, bireylerin psikolojik durumlar\u0131 ve toplumsal normlar g\u00f6z \u00f6n\u00fcnde bulundurularak ele al\u0131nmal\u0131d\u0131r.<\/p>","protected":false},"author":4,"featured_media":18743,"comment_status":"open","ping_status":"open","sticky":false,"template":"","format":"standard","meta":{"_acf_changed":false,"footnotes":""},"categories":[22],"tags":[],"class_list":["post-18742","post","type-post","status-publish","format-standard","has-post-thumbnail","hentry","category-degerlendirme"],"acf":[],"yoast_head":"<!-- This site is optimized with the Yoast SEO Premium plugin v26.6 (Yoast SEO v27.1.1) - https:\/\/yoast.com\/product\/yoast-seo-premium-wordpress\/ -->\n<title>Somut Olaylar Ba\u011flam\u0131nda Manevi Unsurlar\u0131n De\u011ferlendirilmesi - Av. Deniz Can K\u0131z\u0131l<\/title>\n<meta name=\"robots\" content=\"index, follow, max-snippet:-1, max-image-preview:large, max-video-preview:-1\" \/>\n<link rel=\"canonical\" href=\"https:\/\/denizcankizil.tr\/de\/koseyazilari\/degerlendirme\/somut-olaylar-baglaminda-manevi-unsurlarin-degerlendirilmesi\/\" \/>\n<meta property=\"og:locale\" content=\"de_DE\" \/>\n<meta property=\"og:type\" content=\"article\" \/>\n<meta property=\"og:title\" content=\"Somut Olaylar Ba\u011flam\u0131nda Manevi Unsurlar\u0131n De\u011ferlendirilmesi\" \/>\n<meta property=\"og:description\" content=\"Somut olaylar ba\u011flam\u0131nda manevi unsurlar\u0131n de\u011ferlendirilmesi, hukukun sosyal ger\u00e7ekliklerle etkile\u015fimini ortaya koyar. Bu ba\u011flamda, manevi zararlar\u0131n tazmini, bireylerin psikolojik durumlar\u0131 ve toplumsal normlar g\u00f6z \u00f6n\u00fcnde bulundurularak ele al\u0131nmal\u0131d\u0131r.\" \/>\n<meta property=\"og:url\" content=\"https:\/\/denizcankizil.tr\/de\/koseyazilari\/degerlendirme\/somut-olaylar-baglaminda-manevi-unsurlarin-degerlendirilmesi\/\" \/>\n<meta property=\"og:site_name\" content=\"Av. Deniz Can K\u0131z\u0131l\" \/>\n<meta property=\"article:published_time\" content=\"2024-12-02T11:55:51+00:00\" \/>\n<meta property=\"article:modified_time\" content=\"2024-12-03T21:05:21+00:00\" \/>\n<meta property=\"og:image\" content=\"https:\/\/denizcankizil.tr\/wp-content\/uploads\/2024\/12\/18742-somut-olaylar-baglaminda-manevi-unsurlarin-degerlendirilmesi.jpg\" \/>\n\t<meta property=\"og:image:width\" content=\"800\" \/>\n\t<meta property=\"og:image:height\" content=\"800\" \/>\n\t<meta property=\"og:image:type\" content=\"image\/jpeg\" \/>\n<meta name=\"author\" content=\"Av. Deniz Can K\u0131z\u0131l\" \/>\n<meta name=\"twitter:card\" content=\"summary_large_image\" \/>\n<meta name=\"twitter:label1\" content=\"Verfasst von\" \/>\n\t<meta name=\"twitter:data1\" content=\"Av. Deniz Can K\u0131z\u0131l\" \/>\n\t<meta name=\"twitter:label2\" content=\"Gesch\u00e4tzte Lesezeit\" \/>\n\t<meta name=\"twitter:data2\" content=\"9\u00a0Minuten\" \/>\n<script type=\"application\/ld+json\" class=\"yoast-schema-graph\">{\"@context\":\"https:\/\/schema.org\",\"@graph\":[{\"@type\":\"Article\",\"@id\":\"https:\/\/denizcankizil.tr\/de\/koseyazilari\/degerlendirme\/somut-olaylar-baglaminda-manevi-unsurlarin-degerlendirilmesi\/#article\",\"isPartOf\":{\"@id\":\"https:\/\/denizcankizil.tr\/de\/koseyazilari\/degerlendirme\/somut-olaylar-baglaminda-manevi-unsurlarin-degerlendirilmesi\/\"},\"author\":{\"name\":\"Av. Deniz Can K\u0131z\u0131l\",\"@id\":\"https:\/\/denizcankizil.tr\/#\/schema\/person\/5dc1b22991bd7ac833867c10afc9b0ff\"},\"headline\":\"Somut Olaylar Ba\u011flam\u0131nda Manevi Unsurlar\u0131n De\u011ferlendirilmesi\",\"datePublished\":\"2024-12-02T11:55:51+00:00\",\"dateModified\":\"2024-12-03T21:05:21+00:00\",\"mainEntityOfPage\":{\"@id\":\"https:\/\/denizcankizil.tr\/de\/koseyazilari\/degerlendirme\/somut-olaylar-baglaminda-manevi-unsurlarin-degerlendirilmesi\/\"},\"wordCount\":1792,\"commentCount\":0,\"publisher\":{\"@id\":\"https:\/\/denizcankizil.tr\/#organization\"},\"image\":{\"@id\":\"https:\/\/denizcankizil.tr\/de\/koseyazilari\/degerlendirme\/somut-olaylar-baglaminda-manevi-unsurlarin-degerlendirilmesi\/#primaryimage\"},\"thumbnailUrl\":\"https:\/\/denizcankizil.tr\/wp-content\/uploads\/2024\/12\/18742-somut-olaylar-baglaminda-manevi-unsurlarin-degerlendirilmesi.jpg\",\"articleSection\":[\"De\u011ferlendirme\"],\"inLanguage\":\"de\",\"potentialAction\":[{\"@type\":\"CommentAction\",\"name\":\"Comment\",\"target\":[\"https:\/\/denizcankizil.tr\/de\/koseyazilari\/degerlendirme\/somut-olaylar-baglaminda-manevi-unsurlarin-degerlendirilmesi\/#respond\"]}]},{\"@type\":\"WebPage\",\"@id\":\"https:\/\/denizcankizil.tr\/de\/koseyazilari\/degerlendirme\/somut-olaylar-baglaminda-manevi-unsurlarin-degerlendirilmesi\/\",\"url\":\"https:\/\/denizcankizil.tr\/de\/koseyazilari\/degerlendirme\/somut-olaylar-baglaminda-manevi-unsurlarin-degerlendirilmesi\/\",\"name\":\"Somut Olaylar Ba\u011flam\u0131nda Manevi Unsurlar\u0131n De\u011ferlendirilmesi - Av. Deniz Can K\u0131z\u0131l\",\"isPartOf\":{\"@id\":\"https:\/\/denizcankizil.tr\/#website\"},\"primaryImageOfPage\":{\"@id\":\"https:\/\/denizcankizil.tr\/de\/koseyazilari\/degerlendirme\/somut-olaylar-baglaminda-manevi-unsurlarin-degerlendirilmesi\/#primaryimage\"},\"image\":{\"@id\":\"https:\/\/denizcankizil.tr\/de\/koseyazilari\/degerlendirme\/somut-olaylar-baglaminda-manevi-unsurlarin-degerlendirilmesi\/#primaryimage\"},\"thumbnailUrl\":\"https:\/\/denizcankizil.tr\/wp-content\/uploads\/2024\/12\/18742-somut-olaylar-baglaminda-manevi-unsurlarin-degerlendirilmesi.jpg\",\"datePublished\":\"2024-12-02T11:55:51+00:00\",\"dateModified\":\"2024-12-03T21:05:21+00:00\",\"breadcrumb\":{\"@id\":\"https:\/\/denizcankizil.tr\/de\/koseyazilari\/degerlendirme\/somut-olaylar-baglaminda-manevi-unsurlarin-degerlendirilmesi\/#breadcrumb\"},\"inLanguage\":\"de\",\"potentialAction\":[{\"@type\":\"ReadAction\",\"target\":[\"https:\/\/denizcankizil.tr\/de\/koseyazilari\/degerlendirme\/somut-olaylar-baglaminda-manevi-unsurlarin-degerlendirilmesi\/\"]}]},{\"@type\":\"ImageObject\",\"inLanguage\":\"de\",\"@id\":\"https:\/\/denizcankizil.tr\/de\/koseyazilari\/degerlendirme\/somut-olaylar-baglaminda-manevi-unsurlarin-degerlendirilmesi\/#primaryimage\",\"url\":\"https:\/\/denizcankizil.tr\/wp-content\/uploads\/2024\/12\/18742-somut-olaylar-baglaminda-manevi-unsurlarin-degerlendirilmesi.jpg\",\"contentUrl\":\"https:\/\/denizcankizil.tr\/wp-content\/uploads\/2024\/12\/18742-somut-olaylar-baglaminda-manevi-unsurlarin-degerlendirilmesi.jpg\",\"width\":800,\"height\":800,\"caption\":\"Somut Olaylar Ba\u011flam\u0131nda Manevi Unsurlar\u0131n De\u011ferlendirilmesi\"},{\"@type\":\"BreadcrumbList\",\"@id\":\"https:\/\/denizcankizil.tr\/de\/koseyazilari\/degerlendirme\/somut-olaylar-baglaminda-manevi-unsurlarin-degerlendirilmesi\/#breadcrumb\",\"itemListElement\":[{\"@type\":\"ListItem\",\"position\":1,\"name\":\"Home\",\"item\":\"https:\/\/denizcankizil.tr\/uk\/\"},{\"@type\":\"ListItem\",\"position\":2,\"name\":\"Somut Olaylar Ba\u011flam\u0131nda Manevi Unsurlar\u0131n De\u011ferlendirilmesi\"}]},{\"@type\":\"WebSite\",\"@id\":\"https:\/\/denizcankizil.tr\/#website\",\"url\":\"https:\/\/denizcankizil.tr\/\",\"name\":\"Av. Deniz Can K\u0131z\u0131l\",\"description\":\"Avukat Deniz Can K\u0131z\u0131l Antalya Barosu\",\"publisher\":{\"@id\":\"https:\/\/denizcankizil.tr\/#organization\"},\"potentialAction\":[{\"@type\":\"SearchAction\",\"target\":{\"@type\":\"EntryPoint\",\"urlTemplate\":\"https:\/\/denizcankizil.tr\/?s={search_term_string}\"},\"query-input\":{\"@type\":\"PropertyValueSpecification\",\"valueRequired\":true,\"valueName\":\"search_term_string\"}}],\"inLanguage\":\"de\"},{\"@type\":\"Organization\",\"@id\":\"https:\/\/denizcankizil.tr\/#organization\",\"name\":\"Av. Deniz Can K\u0131z\u0131l\",\"url\":\"https:\/\/denizcankizil.tr\/\",\"logo\":{\"@type\":\"ImageObject\",\"inLanguage\":\"de\",\"@id\":\"https:\/\/denizcankizil.tr\/#\/schema\/logo\/image\/\",\"url\":\"https:\/\/denizcankizil.tr\/wp-content\/uploads\/2024\/10\/siyah-logo-svg.svg\",\"contentUrl\":\"https:\/\/denizcankizil.tr\/wp-content\/uploads\/2024\/10\/siyah-logo-svg.svg\",\"width\":1080,\"height\":1080,\"caption\":\"Av. Deniz Can K\u0131z\u0131l\"},\"image\":{\"@id\":\"https:\/\/denizcankizil.tr\/#\/schema\/logo\/image\/\"}},{\"@type\":\"Person\",\"@id\":\"https:\/\/denizcankizil.tr\/#\/schema\/person\/5dc1b22991bd7ac833867c10afc9b0ff\",\"name\":\"Av. Deniz Can K\u0131z\u0131l\",\"image\":{\"@type\":\"ImageObject\",\"inLanguage\":\"de\",\"@id\":\"https:\/\/denizcankizil.tr\/#\/schema\/person\/image\/\",\"url\":\"https:\/\/secure.gravatar.com\/avatar\/a0b128fb9855c79efc976d5640eedb31dc35ec297594d6016d2cf7c60e975bb6?s=96&d=mm&r=g\",\"contentUrl\":\"https:\/\/secure.gravatar.com\/avatar\/a0b128fb9855c79efc976d5640eedb31dc35ec297594d6016d2cf7c60e975bb6?s=96&d=mm&r=g\",\"caption\":\"Av. Deniz Can K\u0131z\u0131l\"},\"sameAs\":[\"http:\/\/www.denizcankizil.tr\"],\"url\":\"https:\/\/denizcankizil.tr\/de\/author\/denizcankizil\/\"}]}<\/script>\n<!-- \/ Yoast SEO Premium plugin. -->","yoast_head_json":{"title":"Somut Olaylar Ba\u011flam\u0131nda Manevi Unsurlar\u0131n De\u011ferlendirilmesi - Av. Deniz Can K\u0131z\u0131l","robots":{"index":"index","follow":"follow","max-snippet":"max-snippet:-1","max-image-preview":"max-image-preview:large","max-video-preview":"max-video-preview:-1"},"canonical":"https:\/\/denizcankizil.tr\/de\/koseyazilari\/degerlendirme\/somut-olaylar-baglaminda-manevi-unsurlarin-degerlendirilmesi\/","og_locale":"de_DE","og_type":"article","og_title":"Somut Olaylar Ba\u011flam\u0131nda Manevi Unsurlar\u0131n De\u011ferlendirilmesi","og_description":"Somut olaylar ba\u011flam\u0131nda manevi unsurlar\u0131n de\u011ferlendirilmesi, hukukun sosyal ger\u00e7ekliklerle etkile\u015fimini ortaya koyar. Bu ba\u011flamda, manevi zararlar\u0131n tazmini, bireylerin psikolojik durumlar\u0131 ve toplumsal normlar g\u00f6z \u00f6n\u00fcnde bulundurularak ele al\u0131nmal\u0131d\u0131r.","og_url":"https:\/\/denizcankizil.tr\/de\/koseyazilari\/degerlendirme\/somut-olaylar-baglaminda-manevi-unsurlarin-degerlendirilmesi\/","og_site_name":"Av. Deniz Can K\u0131z\u0131l","article_published_time":"2024-12-02T11:55:51+00:00","article_modified_time":"2024-12-03T21:05:21+00:00","og_image":[{"width":800,"height":800,"url":"https:\/\/denizcankizil.tr\/wp-content\/uploads\/2024\/12\/18742-somut-olaylar-baglaminda-manevi-unsurlarin-degerlendirilmesi.jpg","type":"image\/jpeg"}],"author":"Av. Deniz Can K\u0131z\u0131l","twitter_card":"summary_large_image","twitter_misc":{"Verfasst von":"Av. Deniz Can K\u0131z\u0131l","Gesch\u00e4tzte Lesezeit":"9\u00a0Minuten"},"schema":{"@context":"https:\/\/schema.org","@graph":[{"@type":"Article","@id":"https:\/\/denizcankizil.tr\/de\/koseyazilari\/degerlendirme\/somut-olaylar-baglaminda-manevi-unsurlarin-degerlendirilmesi\/#article","isPartOf":{"@id":"https:\/\/denizcankizil.tr\/de\/koseyazilari\/degerlendirme\/somut-olaylar-baglaminda-manevi-unsurlarin-degerlendirilmesi\/"},"author":{"name":"Av. Deniz Can K\u0131z\u0131l","@id":"https:\/\/denizcankizil.tr\/#\/schema\/person\/5dc1b22991bd7ac833867c10afc9b0ff"},"headline":"Somut Olaylar Ba\u011flam\u0131nda Manevi Unsurlar\u0131n De\u011ferlendirilmesi","datePublished":"2024-12-02T11:55:51+00:00","dateModified":"2024-12-03T21:05:21+00:00","mainEntityOfPage":{"@id":"https:\/\/denizcankizil.tr\/de\/koseyazilari\/degerlendirme\/somut-olaylar-baglaminda-manevi-unsurlarin-degerlendirilmesi\/"},"wordCount":1792,"commentCount":0,"publisher":{"@id":"https:\/\/denizcankizil.tr\/#organization"},"image":{"@id":"https:\/\/denizcankizil.tr\/de\/koseyazilari\/degerlendirme\/somut-olaylar-baglaminda-manevi-unsurlarin-degerlendirilmesi\/#primaryimage"},"thumbnailUrl":"https:\/\/denizcankizil.tr\/wp-content\/uploads\/2024\/12\/18742-somut-olaylar-baglaminda-manevi-unsurlarin-degerlendirilmesi.jpg","articleSection":["De\u011ferlendirme"],"inLanguage":"de","potentialAction":[{"@type":"CommentAction","name":"Comment","target":["https:\/\/denizcankizil.tr\/de\/koseyazilari\/degerlendirme\/somut-olaylar-baglaminda-manevi-unsurlarin-degerlendirilmesi\/#respond"]}]},{"@type":"WebPage","@id":"https:\/\/denizcankizil.tr\/de\/koseyazilari\/degerlendirme\/somut-olaylar-baglaminda-manevi-unsurlarin-degerlendirilmesi\/","url":"https:\/\/denizcankizil.tr\/de\/koseyazilari\/degerlendirme\/somut-olaylar-baglaminda-manevi-unsurlarin-degerlendirilmesi\/","name":"Somut Olaylar Ba\u011flam\u0131nda Manevi Unsurlar\u0131n De\u011ferlendirilmesi - Av. Deniz Can K\u0131z\u0131l","isPartOf":{"@id":"https:\/\/denizcankizil.tr\/#website"},"primaryImageOfPage":{"@id":"https:\/\/denizcankizil.tr\/de\/koseyazilari\/degerlendirme\/somut-olaylar-baglaminda-manevi-unsurlarin-degerlendirilmesi\/#primaryimage"},"image":{"@id":"https:\/\/denizcankizil.tr\/de\/koseyazilari\/degerlendirme\/somut-olaylar-baglaminda-manevi-unsurlarin-degerlendirilmesi\/#primaryimage"},"thumbnailUrl":"https:\/\/denizcankizil.tr\/wp-content\/uploads\/2024\/12\/18742-somut-olaylar-baglaminda-manevi-unsurlarin-degerlendirilmesi.jpg","datePublished":"2024-12-02T11:55:51+00:00","dateModified":"2024-12-03T21:05:21+00:00","breadcrumb":{"@id":"https:\/\/denizcankizil.tr\/de\/koseyazilari\/degerlendirme\/somut-olaylar-baglaminda-manevi-unsurlarin-degerlendirilmesi\/#breadcrumb"},"inLanguage":"de","potentialAction":[{"@type":"ReadAction","target":["https:\/\/denizcankizil.tr\/de\/koseyazilari\/degerlendirme\/somut-olaylar-baglaminda-manevi-unsurlarin-degerlendirilmesi\/"]}]},{"@type":"ImageObject","inLanguage":"de","@id":"https:\/\/denizcankizil.tr\/de\/koseyazilari\/degerlendirme\/somut-olaylar-baglaminda-manevi-unsurlarin-degerlendirilmesi\/#primaryimage","url":"https:\/\/denizcankizil.tr\/wp-content\/uploads\/2024\/12\/18742-somut-olaylar-baglaminda-manevi-unsurlarin-degerlendirilmesi.jpg","contentUrl":"https:\/\/denizcankizil.tr\/wp-content\/uploads\/2024\/12\/18742-somut-olaylar-baglaminda-manevi-unsurlarin-degerlendirilmesi.jpg","width":800,"height":800,"caption":"Somut Olaylar Ba\u011flam\u0131nda Manevi Unsurlar\u0131n De\u011ferlendirilmesi"},{"@type":"BreadcrumbList","@id":"https:\/\/denizcankizil.tr\/de\/koseyazilari\/degerlendirme\/somut-olaylar-baglaminda-manevi-unsurlarin-degerlendirilmesi\/#breadcrumb","itemListElement":[{"@type":"ListItem","position":1,"name":"Home","item":"https:\/\/denizcankizil.tr\/uk\/"},{"@type":"ListItem","position":2,"name":"Somut Olaylar Ba\u011flam\u0131nda Manevi Unsurlar\u0131n De\u011ferlendirilmesi"}]},{"@type":"WebSite","@id":"https:\/\/denizcankizil.tr\/#website","url":"https:\/\/denizcankizil.tr\/","name":"Av. Deniz Can K\u0131z\u0131l","description":"Avukat Deniz Can K\u0131z\u0131l Antalya Barosu","publisher":{"@id":"https:\/\/denizcankizil.tr\/#organization"},"potentialAction":[{"@type":"SearchAction","target":{"@type":"EntryPoint","urlTemplate":"https:\/\/denizcankizil.tr\/?s={search_term_string}"},"query-input":{"@type":"PropertyValueSpecification","valueRequired":true,"valueName":"search_term_string"}}],"inLanguage":"de"},{"@type":"Organization","@id":"https:\/\/denizcankizil.tr\/#organization","name":"Av. Deniz Can K\u0131z\u0131l","url":"https:\/\/denizcankizil.tr\/","logo":{"@type":"ImageObject","inLanguage":"de","@id":"https:\/\/denizcankizil.tr\/#\/schema\/logo\/image\/","url":"https:\/\/denizcankizil.tr\/wp-content\/uploads\/2024\/10\/siyah-logo-svg.svg","contentUrl":"https:\/\/denizcankizil.tr\/wp-content\/uploads\/2024\/10\/siyah-logo-svg.svg","width":1080,"height":1080,"caption":"Av. Deniz Can K\u0131z\u0131l"},"image":{"@id":"https:\/\/denizcankizil.tr\/#\/schema\/logo\/image\/"}},{"@type":"Person","@id":"https:\/\/denizcankizil.tr\/#\/schema\/person\/5dc1b22991bd7ac833867c10afc9b0ff","name":"Av. Deniz Can K\u0131z\u0131l","image":{"@type":"ImageObject","inLanguage":"de","@id":"https:\/\/denizcankizil.tr\/#\/schema\/person\/image\/","url":"https:\/\/secure.gravatar.com\/avatar\/a0b128fb9855c79efc976d5640eedb31dc35ec297594d6016d2cf7c60e975bb6?s=96&d=mm&r=g","contentUrl":"https:\/\/secure.gravatar.com\/avatar\/a0b128fb9855c79efc976d5640eedb31dc35ec297594d6016d2cf7c60e975bb6?s=96&d=mm&r=g","caption":"Av. Deniz Can K\u0131z\u0131l"},"sameAs":["http:\/\/www.denizcankizil.tr"],"url":"https:\/\/denizcankizil.tr\/de\/author\/denizcankizil\/"}]}},"_links":{"self":[{"href":"https:\/\/denizcankizil.tr\/de\/wp-json\/wp\/v2\/posts\/18742","targetHints":{"allow":["GET"]}}],"collection":[{"href":"https:\/\/denizcankizil.tr\/de\/wp-json\/wp\/v2\/posts"}],"about":[{"href":"https:\/\/denizcankizil.tr\/de\/wp-json\/wp\/v2\/types\/post"}],"author":[{"embeddable":true,"href":"https:\/\/denizcankizil.tr\/de\/wp-json\/wp\/v2\/users\/4"}],"replies":[{"embeddable":true,"href":"https:\/\/denizcankizil.tr\/de\/wp-json\/wp\/v2\/comments?post=18742"}],"version-history":[{"count":1,"href":"https:\/\/denizcankizil.tr\/de\/wp-json\/wp\/v2\/posts\/18742\/revisions"}],"predecessor-version":[{"id":19000,"href":"https:\/\/denizcankizil.tr\/de\/wp-json\/wp\/v2\/posts\/18742\/revisions\/19000"}],"wp:featuredmedia":[{"embeddable":true,"href":"https:\/\/denizcankizil.tr\/de\/wp-json\/wp\/v2\/media\/18743"}],"wp:attachment":[{"href":"https:\/\/denizcankizil.tr\/de\/wp-json\/wp\/v2\/media?parent=18742"}],"wp:term":[{"taxonomy":"category","embeddable":true,"href":"https:\/\/denizcankizil.tr\/de\/wp-json\/wp\/v2\/categories?post=18742"},{"taxonomy":"post_tag","embeddable":true,"href":"https:\/\/denizcankizil.tr\/de\/wp-json\/wp\/v2\/tags?post=18742"}],"curies":[{"name":"wp","href":"https:\/\/api.w.org\/{rel}","templated":true}]}}